{"id":62230,"date":"2023-10-13T01:53:37","date_gmt":"2023-10-13T08:53:37","guid":{"rendered":"https:\/\/fuentesfidedignas.com.mx\/?p=62230"},"modified":"2023-10-12T19:27:57","modified_gmt":"2023-10-13T02:27:57","slug":"video-banda-recrea-balacera-de-corrido-belico-en-fiesta-de-xv-anos-en-torreon","status":"publish","type":"post","link":"https:\/\/fuentesfidedignas.com.mx\/index.php\/2023\/10\/13\/video-banda-recrea-balacera-de-corrido-belico-en-fiesta-de-xv-anos-en-torreon\/","title":{"rendered":"VIDEO | Banda recrea &#8216;balacera&#8217; de corrido b\u00e9lico en fiesta de XV a\u00f1os en Torre\u00f3n"},"content":{"rendered":"\n<p><strong><em>Usando sus instrumentos como si de armas se trataran, esta agrupaci\u00f3n arm\u00f3 la &#8220;corredera&#8221; por todo el sal\u00f3n.<\/em><\/strong><\/p>\n\n\n\n<p>Los corridos b\u00e9licos son cada vez m\u00e1s populares y aceptados entre la sociedad, aunque entre las principales cr\u00edticas de sus detractores se encuentra principalmente el desacuerdo ante la apolog\u00eda a la violencia de sus letras, lo cierto es que sus fan\u00e1ticos son principalmente de las nuevas generaciones, que representan un p\u00fablico muy fiel a este subg\u00e9nero musical.<\/p>\n\n\n\n<p>Por esta raz\u00f3n no es de extra\u00f1ar que cada d\u00eda es m\u00e1s frecuente escucharlos en antros, fiestas y hasta bodas y quincea\u00f1eras, sobre todo al norte de M\u00e9xico.<\/p>\n\n\n\n<p>Tal es el caso de una fiesta de XV a\u00f1os en Torre\u00f3n, Coahuila, la cual llam\u00f3 la atenci\u00f3n a trav\u00e9s de TikTok, al difundirse un video donde al son de Movimiento Alterado, canci\u00f3n de Sanguinarios del M1 en conjunto con El Komander, un grupo musical escenific\u00f3 la balacera que da inicio a este famoso corrido.<\/p>\n\n\n\n<p>En el clip de escasos 24 segundos se puede ver a cerca de ocho j\u00f3venes con el saco que uniforma a la agrupaci\u00f3n musical usando sus instrumentos como si de armas se tratara, corriendo por el sal\u00f3n y resguard\u00e1ndose en la mesa principal, donde luce el nombre de la quincea\u00f1era.&nbsp;Incluso uno de ellos porta lo que simula ser un chaleco antibalas negro.<\/p>\n\n\n\n<p>El video ya cuenta con un centenar y medio de likes y entre los comentarios se puede leer que &#8220;ya est\u00e1n acostumbrados&#8221;, como referencia a la popularidad que ha adquirido este subg\u00e9nero musical.<\/p>\n\n\n\n<blockquote class=\"tiktok-embed\" cite=\"https:\/\/www.tiktok.com\/@kassandraruizr\/video\/7287364792942120198\" data-video-id=\"7287364792942120198\" style=\"max-width: 605px;min-width: 325px;\" > <section> <a target=\"_blank\" title=\"@kassandraruizr\" href=\"https:\/\/www.tiktok.com\/@kassandraruizr?refer=embed\" rel=\"noopener\">@kassandraruizr<\/a> <p><\/p> <a target=\"_blank\" title=\"\u266c sonido original - Kassandra Ruiz\" href=\"https:\/\/www.tiktok.com\/music\/sonido-original-7287364807983844102?refer=embed\" rel=\"noopener\">\u266c sonido original &#8211; Kassandra Ruiz<\/a> <\/section> <\/blockquote> <script async src=\"https:\/\/www.tiktok.com\/embed.js\"><\/script>\n\n\n\n<p><strong>\u00bfQu\u00e9 son los corridos b\u00e9licos?<\/strong><br>Aunque actualmente muchas canciones son consideradas con la etiqueta de &#8220;b\u00e9licas&#8221;, este t\u00e9rmino se ha utilizado por a\u00f1os en la escena musical del regional mexicano.<\/p>\n\n\n\n<p>Este subg\u00e9nero musical se deriva de los corridos tradicionales, destaca por tener letras expl\u00edcitas en alusi\u00f3n a l\u00edderes del narcotr\u00e1fico, sus lujosas fiestas, tiroteos, personalidades que van de la pobreza a la riqueza gracias a actividades il\u00edcitas, vinculadas principalmente con el trasiego de drogas.<\/p>\n\n\n\n<p>La principal caracter\u00edstica de los corridos b\u00e9licos es su fusi\u00f3n de g\u00e9neros, pues mezcla ritmos de los corridos tradiconales con banda y reggaet\u00f3n, surgiendo as\u00ed este subg\u00e9nero urbano en la m\u00fasica mexicana.<\/p>\n\n\n\n<p>Se diferencian de los corridos tumbados precisamente por centrarse m\u00e1s en hechos de violencia, mientras que las melod\u00edas de cantantes como Peso Pluma y Natanael Cano tienen un estilo m\u00e1s hiphopero, con rapeos y c\u00e1nticos.<\/p>\n","protected":false},"excerpt":{"rendered":"<p>Usando sus instrumentos como si de armas se trataran, esta agrupaci\u00f3n arm\u00f3 la &#8220;corredera&#8221; por todo el sal\u00f3n. Los corridos b\u00e9licos son cada vez m\u00e1s populares y aceptados entre la sociedad, aunque entre las principales cr\u00edticas de sus detractores se encuentra principalmente el desacuerdo ante la apolog\u00eda a la violencia de sus letras, lo cierto [&hellip;]<\/p>\n","protected":false},"author":9,"featured_media":62231,"comment_status":"open","ping_status":"open","sticky":false,"template":"","format":"standard","meta":{"tdm_status":"","tdm_grid_status":"","footnotes":""},"categories":[40],"tags":[],"class_list":{"0":"post-62230","1":"post","2":"type-post","3":"status-publish","4":"format-standard","5":"has-post-thumbnail","7":"category-las-asombrosas"},"yoast_head":"<!-- This site is optimized with the Yoast SEO plugin v27.4 - https:\/\/yoast.com\/product\/yoast-seo-wordpress\/ -->\n<title>VIDEO | Banda recrea &#039;balacera&#039; de corrido b\u00e9lico en fiesta de XV a\u00f1os en Torre\u00f3n - Fuentes Fidedignas<\/title>\n<meta name=\"robots\" content=\"index, follow, max-snippet:-1, max-image-preview:large, max-video-preview:-1\" \/>\n<link rel=\"canonical\" href=\"https:\/\/fuentesfidedignas.com.mx\/index.php\/2023\/10\/13\/video-banda-recrea-balacera-de-corrido-belico-en-fiesta-de-xv-anos-en-torreon\/\" \/>\n<meta property=\"og:locale\" content=\"es_MX\" \/>\n<meta property=\"og:type\" content=\"article\" \/>\n<meta property=\"og:title\" content=\"VIDEO | Banda recrea &#039;balacera&#039; de corrido b\u00e9lico en fiesta de XV a\u00f1os en Torre\u00f3n - Fuentes Fidedignas\" \/>\n<meta property=\"og:description\" content=\"Usando sus instrumentos como si de armas se trataran, esta agrupaci\u00f3n arm\u00f3 la &#8220;corredera&#8221; por todo el sal\u00f3n. Los corridos b\u00e9licos son cada vez m\u00e1s populares y aceptados entre la sociedad, aunque entre las principales cr\u00edticas de sus detractores se encuentra principalmente el desacuerdo ante la apolog\u00eda a la violencia de sus letras, lo cierto [&hellip;]\" \/>\n<meta property=\"og:url\" content=\"https:\/\/fuentesfidedignas.com.mx\/index.php\/2023\/10\/13\/video-banda-recrea-balacera-de-corrido-belico-en-fiesta-de-xv-anos-en-torreon\/\" \/>\n<meta property=\"og:site_name\" content=\"Fuentes Fidedignas\" \/>\n<meta property=\"article:publisher\" content=\"https:\/\/www.facebook.com\/Fuentes-Fidedignas-368234489921644\" \/>\n<meta property=\"article:published_time\" content=\"2023-10-13T08:53:37+00:00\" \/>\n<meta property=\"og:image\" content=\"https:\/\/fuentesfidedignas.com.mx\/wp-content\/uploads\/2023\/10\/BELICOS.jpg\" \/>\n\t<meta property=\"og:image:width\" content=\"936\" \/>\n\t<meta property=\"og:image:height\" content=\"527\" \/>\n\t<meta property=\"og:image:type\" content=\"image\/jpeg\" \/>\n<meta name=\"author\" content=\"Milenio\" \/>\n<meta name=\"twitter:card\" content=\"summary_large_image\" \/>\n<meta name=\"twitter:creator\" content=\"@fidedignas\" \/>\n<meta name=\"twitter:site\" content=\"@fidedignas\" \/>\n<meta name=\"twitter:label1\" content=\"Escrito por\" \/>\n\t<meta name=\"twitter:data1\" content=\"Milenio\" \/>\n\t<meta name=\"twitter:label2\" content=\"Tiempo de lectura\" \/>\n\t<meta name=\"twitter:data2\" content=\"2 minutos\" \/>\n<script type=\"application\/ld+json\" class=\"yoast-schema-graph\">{\"@context\":\"https:\\\/\\\/schema.org\",\"@graph\":[{\"@type\":\"Article\",\"@id\":\"https:\\\/\\\/fuentesfidedignas.com.mx\\\/index.php\\\/2023\\\/10\\\/13\\\/video-banda-recrea-balacera-de-corrido-belico-en-fiesta-de-xv-anos-en-torreon\\\/#article\",\"isPartOf\":{\"@id\":\"https:\\\/\\\/fuentesfidedignas.com.mx\\\/index.php\\\/2023\\\/10\\\/13\\\/video-banda-recrea-balacera-de-corrido-belico-en-fiesta-de-xv-anos-en-torreon\\\/\"},\"author\":{\"name\":\"Milenio\",\"@id\":\"https:\\\/\\\/fuentesfidedignas.com.mx\\\/#\\\/schema\\\/person\\\/47ec0135738f4b0c7495f06a77a2c976\"},\"headline\":\"VIDEO | Banda recrea &#8216;balacera&#8217; de corrido b\u00e9lico en fiesta de XV a\u00f1os en Torre\u00f3n\",\"datePublished\":\"2023-10-13T08:53:37+00:00\",\"mainEntityOfPage\":{\"@id\":\"https:\\\/\\\/fuentesfidedignas.com.mx\\\/index.php\\\/2023\\\/10\\\/13\\\/video-banda-recrea-balacera-de-corrido-belico-en-fiesta-de-xv-anos-en-torreon\\\/\"},\"wordCount\":466,\"commentCount\":0,\"publisher\":{\"@id\":\"https:\\\/\\\/fuentesfidedignas.com.mx\\\/#organization\"},\"image\":{\"@id\":\"https:\\\/\\\/fuentesfidedignas.com.mx\\\/index.php\\\/2023\\\/10\\\/13\\\/video-banda-recrea-balacera-de-corrido-belico-en-fiesta-de-xv-anos-en-torreon\\\/#primaryimage\"},\"thumbnailUrl\":\"https:\\\/\\\/fuentesfidedignas.com.mx\\\/wp-content\\\/uploads\\\/2023\\\/10\\\/BELICOS.jpg\",\"articleSection\":[\"LAS ASOMBROSAS\"],\"inLanguage\":\"es\",\"potentialAction\":[{\"@type\":\"CommentAction\",\"name\":\"Comment\",\"target\":[\"https:\\\/\\\/fuentesfidedignas.com.mx\\\/index.php\\\/2023\\\/10\\\/13\\\/video-banda-recrea-balacera-de-corrido-belico-en-fiesta-de-xv-anos-en-torreon\\\/#respond\"]}]},{\"@type\":\"WebPage\",\"@id\":\"https:\\\/\\\/fuentesfidedignas.com.mx\\\/index.php\\\/2023\\\/10\\\/13\\\/video-banda-recrea-balacera-de-corrido-belico-en-fiesta-de-xv-anos-en-torreon\\\/\",\"url\":\"https:\\\/\\\/fuentesfidedignas.com.mx\\\/index.php\\\/2023\\\/10\\\/13\\\/video-banda-recrea-balacera-de-corrido-belico-en-fiesta-de-xv-anos-en-torreon\\\/\",\"name\":\"VIDEO | Banda recrea 'balacera' de corrido b\u00e9lico en fiesta de XV a\u00f1os en Torre\u00f3n - Fuentes Fidedignas\",\"isPartOf\":{\"@id\":\"https:\\\/\\\/fuentesfidedignas.com.mx\\\/#website\"},\"primaryImageOfPage\":{\"@id\":\"https:\\\/\\\/fuentesfidedignas.com.mx\\\/index.php\\\/2023\\\/10\\\/13\\\/video-banda-recrea-balacera-de-corrido-belico-en-fiesta-de-xv-anos-en-torreon\\\/#primaryimage\"},\"image\":{\"@id\":\"https:\\\/\\\/fuentesfidedignas.com.mx\\\/index.php\\\/2023\\\/10\\\/13\\\/video-banda-recrea-balacera-de-corrido-belico-en-fiesta-de-xv-anos-en-torreon\\\/#primaryimage\"},\"thumbnailUrl\":\"https:\\\/\\\/fuentesfidedignas.com.mx\\\/wp-content\\\/uploads\\\/2023\\\/10\\\/BELICOS.jpg\",\"datePublished\":\"2023-10-13T08:53:37+00:00\",\"breadcrumb\":{\"@id\":\"https:\\\/\\\/fuentesfidedignas.com.mx\\\/index.php\\\/2023\\\/10\\\/13\\\/video-banda-recrea-balacera-de-corrido-belico-en-fiesta-de-xv-anos-en-torreon\\\/#breadcrumb\"},\"inLanguage\":\"es\",\"potentialAction\":[{\"@type\":\"ReadAction\",\"target\":[\"https:\\\/\\\/fuentesfidedignas.com.mx\\\/index.php\\\/2023\\\/10\\\/13\\\/video-banda-recrea-balacera-de-corrido-belico-en-fiesta-de-xv-anos-en-torreon\\\/\"]}]},{\"@type\":\"ImageObject\",\"inLanguage\":\"es\",\"@id\":\"https:\\\/\\\/fuentesfidedignas.com.mx\\\/index.php\\\/2023\\\/10\\\/13\\\/video-banda-recrea-balacera-de-corrido-belico-en-fiesta-de-xv-anos-en-torreon\\\/#primaryimage\",\"url\":\"https:\\\/\\\/fuentesfidedignas.com.mx\\\/wp-content\\\/uploads\\\/2023\\\/10\\\/BELICOS.jpg\",\"contentUrl\":\"https:\\\/\\\/fuentesfidedignas.com.mx\\\/wp-content\\\/uploads\\\/2023\\\/10\\\/BELICOS.jpg\",\"width\":936,\"height\":527},{\"@type\":\"BreadcrumbList\",\"@id\":\"https:\\\/\\\/fuentesfidedignas.com.mx\\\/index.php\\\/2023\\\/10\\\/13\\\/video-banda-recrea-balacera-de-corrido-belico-en-fiesta-de-xv-anos-en-torreon\\\/#breadcrumb\",\"itemListElement\":[{\"@type\":\"ListItem\",\"position\":1,\"name\":\"Inicio\",\"item\":\"https:\\\/\\\/fuentesfidedignas.com.mx\\\/\"},{\"@type\":\"ListItem\",\"position\":2,\"name\":\"VIDEO | Banda recrea &#8216;balacera&#8217; de corrido b\u00e9lico en fiesta de XV a\u00f1os en Torre\u00f3n\"}]},{\"@type\":\"WebSite\",\"@id\":\"https:\\\/\\\/fuentesfidedignas.com.mx\\\/#website\",\"url\":\"https:\\\/\\\/fuentesfidedignas.com.mx\\\/\",\"name\":\"Fuentes Fidedignas\",\"description\":\"Otro sitio realizado con WordPress\",\"publisher\":{\"@id\":\"https:\\\/\\\/fuentesfidedignas.com.mx\\\/#organization\"},\"potentialAction\":[{\"@type\":\"SearchAction\",\"target\":{\"@type\":\"EntryPoint\",\"urlTemplate\":\"https:\\\/\\\/fuentesfidedignas.com.mx\\\/?s={search_term_string}\"},\"query-input\":{\"@type\":\"PropertyValueSpecification\",\"valueRequired\":true,\"valueName\":\"search_term_string\"}}],\"inLanguage\":\"es\"},{\"@type\":\"Organization\",\"@id\":\"https:\\\/\\\/fuentesfidedignas.com.mx\\\/#organization\",\"name\":\"Fuentes Fidedignas\",\"url\":\"https:\\\/\\\/fuentesfidedignas.com.mx\\\/\",\"logo\":{\"@type\":\"ImageObject\",\"inLanguage\":\"es\",\"@id\":\"https:\\\/\\\/fuentesfidedignas.com.mx\\\/#\\\/schema\\\/logo\\\/image\\\/\",\"url\":\"https:\\\/\\\/fuentesfidedignas.com.mx\\\/wp-content\\\/uploads\\\/2021\\\/04\\\/logo-retina.png\",\"contentUrl\":\"https:\\\/\\\/fuentesfidedignas.com.mx\\\/wp-content\\\/uploads\\\/2021\\\/04\\\/logo-retina.png\",\"width\":280,\"height\":51,\"caption\":\"Fuentes Fidedignas\"},\"image\":{\"@id\":\"https:\\\/\\\/fuentesfidedignas.com.mx\\\/#\\\/schema\\\/logo\\\/image\\\/\"},\"sameAs\":[\"https:\\\/\\\/www.facebook.com\\\/Fuentes-Fidedignas-368234489921644\",\"https:\\\/\\\/x.com\\\/fidedignas\"]},{\"@type\":\"Person\",\"@id\":\"https:\\\/\\\/fuentesfidedignas.com.mx\\\/#\\\/schema\\\/person\\\/47ec0135738f4b0c7495f06a77a2c976\",\"name\":\"Milenio\",\"image\":{\"@type\":\"ImageObject\",\"inLanguage\":\"es\",\"@id\":\"https:\\\/\\\/secure.gravatar.com\\\/avatar\\\/acabf7b54753e51c2c76457954577c236b3b764789b19879565769739d1e4a75?s=96&d=mm&r=g\",\"url\":\"https:\\\/\\\/secure.gravatar.com\\\/avatar\\\/acabf7b54753e51c2c76457954577c236b3b764789b19879565769739d1e4a75?s=96&d=mm&r=g\",\"contentUrl\":\"https:\\\/\\\/secure.gravatar.com\\\/avatar\\\/acabf7b54753e51c2c76457954577c236b3b764789b19879565769739d1e4a75?s=96&d=mm&r=g\",\"caption\":\"Milenio\"},\"url\":\"https:\\\/\\\/fuentesfidedignas.com.mx\\\/index.php\\\/author\\\/milenio\\\/\"}]}<\/script>\n<!-- \/ Yoast SEO plugin. -->","yoast_head_json":{"title":"VIDEO | Banda recrea 'balacera' de corrido b\u00e9lico en fiesta de XV a\u00f1os en Torre\u00f3n - Fuentes Fidedignas","robots":{"index":"index","follow":"follow","max-snippet":"max-snippet:-1","max-image-preview":"max-image-preview:large","max-video-preview":"max-video-preview:-1"},"canonical":"https:\/\/fuentesfidedignas.com.mx\/index.php\/2023\/10\/13\/video-banda-recrea-balacera-de-corrido-belico-en-fiesta-de-xv-anos-en-torreon\/","og_locale":"es_MX","og_type":"article","og_title":"VIDEO | Banda recrea 'balacera' de corrido b\u00e9lico en fiesta de XV a\u00f1os en Torre\u00f3n - Fuentes Fidedignas","og_description":"Usando sus instrumentos como si de armas se trataran, esta agrupaci\u00f3n arm\u00f3 la &#8220;corredera&#8221; por todo el sal\u00f3n. Los corridos b\u00e9licos son cada vez m\u00e1s populares y aceptados entre la sociedad, aunque entre las principales cr\u00edticas de sus detractores se encuentra principalmente el desacuerdo ante la apolog\u00eda a la violencia de sus letras, lo cierto [&hellip;]","og_url":"https:\/\/fuentesfidedignas.com.mx\/index.php\/2023\/10\/13\/video-banda-recrea-balacera-de-corrido-belico-en-fiesta-de-xv-anos-en-torreon\/","og_site_name":"Fuentes Fidedignas","article_publisher":"https:\/\/www.facebook.com\/Fuentes-Fidedignas-368234489921644","article_published_time":"2023-10-13T08:53:37+00:00","og_image":[{"width":936,"height":527,"url":"https:\/\/fuentesfidedignas.com.mx\/wp-content\/uploads\/2023\/10\/BELICOS.jpg","type":"image\/jpeg"}],"author":"Milenio","twitter_card":"summary_large_image","twitter_creator":"@fidedignas","twitter_site":"@fidedignas","twitter_misc":{"Escrito por":"Milenio","Tiempo de lectura":"2 minutos"},"schema":{"@context":"https:\/\/schema.org","@graph":[{"@type":"Article","@id":"https:\/\/fuentesfidedignas.com.mx\/index.php\/2023\/10\/13\/video-banda-recrea-balacera-de-corrido-belico-en-fiesta-de-xv-anos-en-torreon\/#article","isPartOf":{"@id":"https:\/\/fuentesfidedignas.com.mx\/index.php\/2023\/10\/13\/video-banda-recrea-balacera-de-corrido-belico-en-fiesta-de-xv-anos-en-torreon\/"},"author":{"name":"Milenio","@id":"https:\/\/fuentesfidedignas.com.mx\/#\/schema\/person\/47ec0135738f4b0c7495f06a77a2c976"},"headline":"VIDEO | Banda recrea &#8216;balacera&#8217; de corrido b\u00e9lico en fiesta de XV a\u00f1os en Torre\u00f3n","datePublished":"2023-10-13T08:53:37+00:00","mainEntityOfPage":{"@id":"https:\/\/fuentesfidedignas.com.mx\/index.php\/2023\/10\/13\/video-banda-recrea-balacera-de-corrido-belico-en-fiesta-de-xv-anos-en-torreon\/"},"wordCount":466,"commentCount":0,"publisher":{"@id":"https:\/\/fuentesfidedignas.com.mx\/#organization"},"image":{"@id":"https:\/\/fuentesfidedignas.com.mx\/index.php\/2023\/10\/13\/video-banda-recrea-balacera-de-corrido-belico-en-fiesta-de-xv-anos-en-torreon\/#primaryimage"},"thumbnailUrl":"https:\/\/fuentesfidedignas.com.mx\/wp-content\/uploads\/2023\/10\/BELICOS.jpg","articleSection":["LAS ASOMBROSAS"],"inLanguage":"es","potentialAction":[{"@type":"CommentAction","name":"Comment","target":["https:\/\/fuentesfidedignas.com.mx\/index.php\/2023\/10\/13\/video-banda-recrea-balacera-de-corrido-belico-en-fiesta-de-xv-anos-en-torreon\/#respond"]}]},{"@type":"WebPage","@id":"https:\/\/fuentesfidedignas.com.mx\/index.php\/2023\/10\/13\/video-banda-recrea-balacera-de-corrido-belico-en-fiesta-de-xv-anos-en-torreon\/","url":"https:\/\/fuentesfidedignas.com.mx\/index.php\/2023\/10\/13\/video-banda-recrea-balacera-de-corrido-belico-en-fiesta-de-xv-anos-en-torreon\/","name":"VIDEO | Banda recrea 'balacera' de corrido b\u00e9lico en fiesta de XV a\u00f1os en Torre\u00f3n - Fuentes Fidedignas","isPartOf":{"@id":"https:\/\/fuentesfidedignas.com.mx\/#website"},"primaryImageOfPage":{"@id":"https:\/\/fuentesfidedignas.com.mx\/index.php\/2023\/10\/13\/video-banda-recrea-balacera-de-corrido-belico-en-fiesta-de-xv-anos-en-torreon\/#primaryimage"},"image":{"@id":"https:\/\/fuentesfidedignas.com.mx\/index.php\/2023\/10\/13\/video-banda-recrea-balacera-de-corrido-belico-en-fiesta-de-xv-anos-en-torreon\/#primaryimage"},"thumbnailUrl":"https:\/\/fuentesfidedignas.com.mx\/wp-content\/uploads\/2023\/10\/BELICOS.jpg","datePublished":"2023-10-13T08:53:37+00:00","breadcrumb":{"@id":"https:\/\/fuentesfidedignas.com.mx\/index.php\/2023\/10\/13\/video-banda-recrea-balacera-de-corrido-belico-en-fiesta-de-xv-anos-en-torreon\/#breadcrumb"},"inLanguage":"es","potentialAction":[{"@type":"ReadAction","target":["https:\/\/fuentesfidedignas.com.mx\/index.php\/2023\/10\/13\/video-banda-recrea-balacera-de-corrido-belico-en-fiesta-de-xv-anos-en-torreon\/"]}]},{"@type":"ImageObject","inLanguage":"es","@id":"https:\/\/fuentesfidedignas.com.mx\/index.php\/2023\/10\/13\/video-banda-recrea-balacera-de-corrido-belico-en-fiesta-de-xv-anos-en-torreon\/#primaryimage","url":"https:\/\/fuentesfidedignas.com.mx\/wp-content\/uploads\/2023\/10\/BELICOS.jpg","contentUrl":"https:\/\/fuentesfidedignas.com.mx\/wp-content\/uploads\/2023\/10\/BELICOS.jpg","width":936,"height":527},{"@type":"BreadcrumbList","@id":"https:\/\/fuentesfidedignas.com.mx\/index.php\/2023\/10\/13\/video-banda-recrea-balacera-de-corrido-belico-en-fiesta-de-xv-anos-en-torreon\/#breadcrumb","itemListElement":[{"@type":"ListItem","position":1,"name":"Inicio","item":"https:\/\/fuentesfidedignas.com.mx\/"},{"@type":"ListItem","position":2,"name":"VIDEO | Banda recrea &#8216;balacera&#8217; de corrido b\u00e9lico en fiesta de XV a\u00f1os en Torre\u00f3n"}]},{"@type":"WebSite","@id":"https:\/\/fuentesfidedignas.com.mx\/#website","url":"https:\/\/fuentesfidedignas.com.mx\/","name":"Fuentes Fidedignas","description":"Otro sitio realizado con WordPress","publisher":{"@id":"https:\/\/fuentesfidedignas.com.mx\/#organization"},"potentialAction":[{"@type":"SearchAction","target":{"@type":"EntryPoint","urlTemplate":"https:\/\/fuentesfidedignas.com.mx\/?s={search_term_string}"},"query-input":{"@type":"PropertyValueSpecification","valueRequired":true,"valueName":"search_term_string"}}],"inLanguage":"es"},{"@type":"Organization","@id":"https:\/\/fuentesfidedignas.com.mx\/#organization","name":"Fuentes Fidedignas","url":"https:\/\/fuentesfidedignas.com.mx\/","logo":{"@type":"ImageObject","inLanguage":"es","@id":"https:\/\/fuentesfidedignas.com.mx\/#\/schema\/logo\/image\/","url":"https:\/\/fuentesfidedignas.com.mx\/wp-content\/uploads\/2021\/04\/logo-retina.png","contentUrl":"https:\/\/fuentesfidedignas.com.mx\/wp-content\/uploads\/2021\/04\/logo-retina.png","width":280,"height":51,"caption":"Fuentes Fidedignas"},"image":{"@id":"https:\/\/fuentesfidedignas.com.mx\/#\/schema\/logo\/image\/"},"sameAs":["https:\/\/www.facebook.com\/Fuentes-Fidedignas-368234489921644","https:\/\/x.com\/fidedignas"]},{"@type":"Person","@id":"https:\/\/fuentesfidedignas.com.mx\/#\/schema\/person\/47ec0135738f4b0c7495f06a77a2c976","name":"Milenio","image":{"@type":"ImageObject","inLanguage":"es","@id":"https:\/\/secure.gravatar.com\/avatar\/acabf7b54753e51c2c76457954577c236b3b764789b19879565769739d1e4a75?s=96&d=mm&r=g","url":"https:\/\/secure.gravatar.com\/avatar\/acabf7b54753e51c2c76457954577c236b3b764789b19879565769739d1e4a75?s=96&d=mm&r=g","contentUrl":"https:\/\/secure.gravatar.com\/avatar\/acabf7b54753e51c2c76457954577c236b3b764789b19879565769739d1e4a75?s=96&d=mm&r=g","caption":"Milenio"},"url":"https:\/\/fuentesfidedignas.com.mx\/index.php\/author\/milenio\/"}]}},"_links":{"self":[{"href":"https:\/\/fuentesfidedignas.com.mx\/index.php\/wp-json\/wp\/v2\/posts\/62230","targetHints":{"allow":["GET"]}}],"collection":[{"href":"https:\/\/fuentesfidedignas.com.mx\/index.php\/wp-json\/wp\/v2\/posts"}],"about":[{"href":"https:\/\/fuentesfidedignas.com.mx\/index.php\/wp-json\/wp\/v2\/types\/post"}],"author":[{"embeddable":true,"href":"https:\/\/fuentesfidedignas.com.mx\/index.php\/wp-json\/wp\/v2\/users\/9"}],"replies":[{"embeddable":true,"href":"https:\/\/fuentesfidedignas.com.mx\/index.php\/wp-json\/wp\/v2\/comments?post=62230"}],"version-history":[{"count":1,"href":"https:\/\/fuentesfidedignas.com.mx\/index.php\/wp-json\/wp\/v2\/posts\/62230\/revisions"}],"predecessor-version":[{"id":62232,"href":"https:\/\/fuentesfidedignas.com.mx\/index.php\/wp-json\/wp\/v2\/posts\/62230\/revisions\/62232"}],"wp:featuredmedia":[{"embeddable":true,"href":"https:\/\/fuentesfidedignas.com.mx\/index.php\/wp-json\/wp\/v2\/media\/62231"}],"wp:attachment":[{"href":"https:\/\/fuentesfidedignas.com.mx\/index.php\/wp-json\/wp\/v2\/media?parent=62230"}],"wp:term":[{"taxonomy":"category","embeddable":true,"href":"https:\/\/fuentesfidedignas.com.mx\/index.php\/wp-json\/wp\/v2\/categories?post=62230"},{"taxonomy":"post_tag","embeddable":true,"href":"https:\/\/fuentesfidedignas.com.mx\/index.php\/wp-json\/wp\/v2\/tags?post=62230"}],"curies":[{"name":"wp","href":"https:\/\/api.w.org\/{rel}","templated":true}]}}