{"id":62183,"date":"2023-10-12T14:45:55","date_gmt":"2023-10-12T21:45:55","guid":{"rendered":"https:\/\/fuentesfidedignas.com.mx\/?p=62183"},"modified":"2023-10-12T14:48:34","modified_gmt":"2023-10-12T21:48:34","slug":"rocha-es-amigo-del-stase-y-nosotros-somos-sus-aliados-en-su-politica-social-michel-benitez","status":"publish","type":"post","link":"https:\/\/fuentesfidedignas.com.mx\/index.php\/2023\/10\/12\/rocha-es-amigo-del-stase-y-nosotros-somos-sus-aliados-en-su-politica-social-michel-benitez\/","title":{"rendered":"\u201cRocha es amigo del STASE y nosotros somos sus aliados en su pol\u00edtica social\u201d: Michel Ben\u00edtez"},"content":{"rendered":"\n<p><strong><em>El gobernador siempre ha respaldado a sus trabajadores, asegur\u00f3 el l\u00edder sindical<\/em><\/strong><\/p>\n\n\n\n<p>Culiac\u00e1n, Sin.- <strong>Michel Ben\u00edtez Uriarte<\/strong>, Secretario General del <strong>STASE<\/strong>, sostuvo en entrevista que la relaci\u00f3n con el gobernador<strong> Rub\u00e9n Rocha Moya<\/strong>, al encabezar junto con el Ejecutivo del Estado el Acto de Entrega de Reconocimientos, Est\u00edmulos Econ\u00f3micos y Medallas de oro al M\u00e9rito por 25 a\u00f1os de servicio con motivo del Festejo por el D\u00eda del Servidor P\u00fablico.<\/p>\n\n\n\n<p>\u201c<em>Somos aliados de la pol\u00edtica social emprendida por nuestro amigo el gobernador, y por eso tenemos muy claro que gran parte del m\u00e9rito de la mejora en diversos sectores, y en las metas cumplidas de esta administraci\u00f3n es de ustedes, de esta gran familia que es el Sindicato de Trabajadores al Servicio del Estado<\/em>\u201d, dijo dirigi\u00e9ndose a la base sindical.<\/p>\n\n\n\n<p>Durante su mensaje dijo que se dice f\u00e1cil, pero todos esos a\u00f1os en las filas del servicio p\u00fablico son a\u00f1os de esfuerzo y sacrificio, pero tambi\u00e9n de satisfacci\u00f3n por el deber cumplido.<\/p>\n\n\n\n<p>\u201c<strong>El reconocimiento a la antig\u00fcedad <\/strong>\u2013afirm\u00f3 el dirigente sindical<strong>&#8211; es un reconocimiento a la experiencia. Todas y todos los galardonados tienen el gran capital de la experiencia\u201d<\/strong>.<\/p>\n\n\n\n<p>\u201cEsa experiencia \u2013agreg\u00f3- recoge las etapas y las lecciones aprendidas que sirven de motivaci\u00f3n y gu\u00eda para todos los que tienen esta misma vocaci\u00f3n, de ver en todo, por el bienestar de nuestra gente\u201d.<\/p>\n\n\n\n<figure class=\"wp-block-image size-full\"><img decoding=\"async\" width=\"1024\" height=\"768\" src=\"https:\/\/fuentesfidedignas.com.mx\/wp-content\/uploads\/2023\/10\/WhatsApp-Image-2023-10-12-at-2.26.07-PM-1.jpeg\" alt=\"\" class=\"wp-image-62185\" srcset=\"https:\/\/fuentesfidedignas.com.mx\/wp-content\/uploads\/2023\/10\/WhatsApp-Image-2023-10-12-at-2.26.07-PM-1.jpeg 1024w, https:\/\/fuentesfidedignas.com.mx\/wp-content\/uploads\/2023\/10\/WhatsApp-Image-2023-10-12-at-2.26.07-PM-1-300x225.jpeg 300w, https:\/\/fuentesfidedignas.com.mx\/wp-content\/uploads\/2023\/10\/WhatsApp-Image-2023-10-12-at-2.26.07-PM-1-768x576.jpeg 768w, https:\/\/fuentesfidedignas.com.mx\/wp-content\/uploads\/2023\/10\/WhatsApp-Image-2023-10-12-at-2.26.07-PM-1-696x522.jpeg 696w, https:\/\/fuentesfidedignas.com.mx\/wp-content\/uploads\/2023\/10\/WhatsApp-Image-2023-10-12-at-2.26.07-PM-1-560x420.jpeg 560w, https:\/\/fuentesfidedignas.com.mx\/wp-content\/uploads\/2023\/10\/WhatsApp-Image-2023-10-12-at-2.26.07-PM-1-80x60.jpeg 80w, https:\/\/fuentesfidedignas.com.mx\/wp-content\/uploads\/2023\/10\/WhatsApp-Image-2023-10-12-at-2.26.07-PM-1-265x198.jpeg 265w\" sizes=\"(max-width: 1024px) 100vw, 1024px\" \/><\/figure>\n\n\n\n<p>Luego sostuvo que el trabajo del STASE con Gobierno del Estado es una gran labor de equipo, en la presente administraci\u00f3n. \u201cEn Sinaloa alcanzamos considerables avances y hay que decirlo: el gobernador Rub\u00e9n Rocha Moya est\u00e1 rebasando todas las metas\u201d, dijo.<\/p>\n\n\n\n<p>Puntualiz\u00f3 que es algo que da mucho gusto porque Sinaloa crece y mejoramos, avanzamos y mantenemos el liderazgo nacional en diversos rubros. <strong>\u201cSin embargo, es importante resaltar que, para alcanzar todos estos logros, siempre ha contado usted con el respaldo y compromiso de todos nosotros: las y los trabajadores\u201d.<\/strong><\/p>\n\n\n\n<p>Sostuvo que el capital m\u00e1s valioso del Gobierno del Estado son sus trabajadores, eje fundamental para lograr el \u00e9xito en la enorme responsabilidad que implica velar por el bienestar de los sinaloenses.<\/p>\n\n\n\n<p>\u201c<strong>El elemento humano es la piedra angular; es el rostro, el lado amable de las instituciones. Una instituci\u00f3n p\u00fablica es tan eficiente como lo es el personal que en ella labora\u201d<\/strong>, dijo.<\/p>\n\n\n\n<p>\u201cY en el caso del Gobierno del Estado de Sinaloa y el Sindicato de Trabajadores al Servicio del Estado \u2013a\u00f1adi\u00f3-, con profunda satisfacci\u00f3n puedo afirmar que caminamos de la mano y por un sendero de \u00e9xito gracias al talento, lealtad, compromiso y vocaci\u00f3n de servicio de sus trabajadores, gracias a ustedes tenemos grandes instituciones p\u00fablicas estatales, cuyo desempe\u00f1o es de alta calidad\u201d.<\/p>\n\n\n\n<p>Para concluir presumi\u00f3 que el doctor Rub\u00e9n Rocha Moya es un gobernador amigo del STASE, \u201c<strong>que siempre ha respaldado a sus trabajadores, y hoy, en otra muestra de este compromiso con ustedes, son las medallas y est\u00edmulos econ\u00f3micos que hoy entregamos a trabajadores por sus a\u00f1os de servicio<\/strong>\u201d.<\/p>\n","protected":false},"excerpt":{"rendered":"<p>El gobernador siempre ha respaldado a sus trabajadores, asegur\u00f3 el l\u00edder sindical Culiac\u00e1n, Sin.- Michel Ben\u00edtez Uriarte, Secretario General del STASE, sostuvo en entrevista que la relaci\u00f3n con el gobernador Rub\u00e9n Rocha Moya, al encabezar junto con el Ejecutivo del Estado el Acto de Entrega de Reconocimientos, Est\u00edmulos Econ\u00f3micos y Medallas de oro al M\u00e9rito [&hellip;]<\/p>\n","protected":false},"author":112,"featured_media":62184,"comment_status":"open","ping_status":"open","sticky":false,"template":"","format":"standard","meta":{"tdm_status":"","tdm_grid_status":"","footnotes":""},"categories":[37],"tags":[],"class_list":{"0":"post-62183","1":"post","2":"type-post","3":"status-publish","4":"format-standard","5":"has-post-thumbnail","7":"category-nota-principal"},"yoast_head":"<!-- This site is optimized with the Yoast SEO plugin v27.4 - https:\/\/yoast.com\/product\/yoast-seo-wordpress\/ -->\n<title>\u201cRocha es amigo del STASE y nosotros somos sus aliados en su pol\u00edtica social\u201d: Michel Ben\u00edtez - Fuentes Fidedignas<\/title>\n<meta name=\"robots\" content=\"index, follow, max-snippet:-1, max-image-preview:large, max-video-preview:-1\" \/>\n<link rel=\"canonical\" href=\"https:\/\/fuentesfidedignas.com.mx\/index.php\/2023\/10\/12\/rocha-es-amigo-del-stase-y-nosotros-somos-sus-aliados-en-su-politica-social-michel-benitez\/\" \/>\n<meta property=\"og:locale\" content=\"es_MX\" \/>\n<meta property=\"og:type\" content=\"article\" \/>\n<meta property=\"og:title\" content=\"\u201cRocha es amigo del STASE y nosotros somos sus aliados en su pol\u00edtica social\u201d: Michel Ben\u00edtez - Fuentes Fidedignas\" \/>\n<meta property=\"og:description\" content=\"El gobernador siempre ha respaldado a sus trabajadores, asegur\u00f3 el l\u00edder sindical Culiac\u00e1n, Sin.- Michel Ben\u00edtez Uriarte, Secretario General del STASE, sostuvo en entrevista que la relaci\u00f3n con el gobernador Rub\u00e9n Rocha Moya, al encabezar junto con el Ejecutivo del Estado el Acto de Entrega de Reconocimientos, Est\u00edmulos Econ\u00f3micos y Medallas de oro al M\u00e9rito [&hellip;]\" \/>\n<meta property=\"og:url\" content=\"https:\/\/fuentesfidedignas.com.mx\/index.php\/2023\/10\/12\/rocha-es-amigo-del-stase-y-nosotros-somos-sus-aliados-en-su-politica-social-michel-benitez\/\" \/>\n<meta property=\"og:site_name\" content=\"Fuentes Fidedignas\" \/>\n<meta property=\"article:publisher\" content=\"https:\/\/www.facebook.com\/Fuentes-Fidedignas-368234489921644\" \/>\n<meta property=\"article:published_time\" content=\"2023-10-12T21:45:55+00:00\" \/>\n<meta property=\"article:modified_time\" content=\"2023-10-12T21:48:34+00:00\" \/>\n<meta property=\"og:image\" content=\"https:\/\/fuentesfidedignas.com.mx\/wp-content\/uploads\/2023\/10\/WhatsApp-Image-2023-10-12-at-2.26.07-PM.jpeg\" \/>\n\t<meta property=\"og:image:width\" content=\"1024\" \/>\n\t<meta property=\"og:image:height\" content=\"768\" \/>\n\t<meta property=\"og:image:type\" content=\"image\/jpeg\" \/>\n<meta name=\"author\" content=\"Leonardo Gutierrez\" \/>\n<meta name=\"twitter:card\" content=\"summary_large_image\" \/>\n<meta name=\"twitter:creator\" content=\"@fidedignas\" \/>\n<meta name=\"twitter:site\" content=\"@fidedignas\" \/>\n<meta name=\"twitter:label1\" content=\"Escrito por\" \/>\n\t<meta name=\"twitter:data1\" content=\"Leonardo Gutierrez\" \/>\n\t<meta name=\"twitter:label2\" content=\"Tiempo de lectura\" \/>\n\t<meta name=\"twitter:data2\" content=\"3 minutos\" \/>\n<script type=\"application\/ld+json\" class=\"yoast-schema-graph\">{\"@context\":\"https:\\\/\\\/schema.org\",\"@graph\":[{\"@type\":\"Article\",\"@id\":\"https:\\\/\\\/fuentesfidedignas.com.mx\\\/index.php\\\/2023\\\/10\\\/12\\\/rocha-es-amigo-del-stase-y-nosotros-somos-sus-aliados-en-su-politica-social-michel-benitez\\\/#article\",\"isPartOf\":{\"@id\":\"https:\\\/\\\/fuentesfidedignas.com.mx\\\/index.php\\\/2023\\\/10\\\/12\\\/rocha-es-amigo-del-stase-y-nosotros-somos-sus-aliados-en-su-politica-social-michel-benitez\\\/\"},\"author\":{\"name\":\"Leonardo Gutierrez\",\"@id\":\"https:\\\/\\\/fuentesfidedignas.com.mx\\\/#\\\/schema\\\/person\\\/c77df25c00baae1d4fdc0340db6f364c\"},\"headline\":\"\u201cRocha es amigo del STASE y nosotros somos sus aliados en su pol\u00edtica social\u201d: Michel Ben\u00edtez\",\"datePublished\":\"2023-10-12T21:45:55+00:00\",\"dateModified\":\"2023-10-12T21:48:34+00:00\",\"mainEntityOfPage\":{\"@id\":\"https:\\\/\\\/fuentesfidedignas.com.mx\\\/index.php\\\/2023\\\/10\\\/12\\\/rocha-es-amigo-del-stase-y-nosotros-somos-sus-aliados-en-su-politica-social-michel-benitez\\\/\"},\"wordCount\":546,\"commentCount\":0,\"publisher\":{\"@id\":\"https:\\\/\\\/fuentesfidedignas.com.mx\\\/#organization\"},\"image\":{\"@id\":\"https:\\\/\\\/fuentesfidedignas.com.mx\\\/index.php\\\/2023\\\/10\\\/12\\\/rocha-es-amigo-del-stase-y-nosotros-somos-sus-aliados-en-su-politica-social-michel-benitez\\\/#primaryimage\"},\"thumbnailUrl\":\"https:\\\/\\\/fuentesfidedignas.com.mx\\\/wp-content\\\/uploads\\\/2023\\\/10\\\/WhatsApp-Image-2023-10-12-at-2.26.07-PM.jpeg\",\"articleSection\":[\"NOTA PRINCIPAL\"],\"inLanguage\":\"es\",\"potentialAction\":[{\"@type\":\"CommentAction\",\"name\":\"Comment\",\"target\":[\"https:\\\/\\\/fuentesfidedignas.com.mx\\\/index.php\\\/2023\\\/10\\\/12\\\/rocha-es-amigo-del-stase-y-nosotros-somos-sus-aliados-en-su-politica-social-michel-benitez\\\/#respond\"]}]},{\"@type\":\"WebPage\",\"@id\":\"https:\\\/\\\/fuentesfidedignas.com.mx\\\/index.php\\\/2023\\\/10\\\/12\\\/rocha-es-amigo-del-stase-y-nosotros-somos-sus-aliados-en-su-politica-social-michel-benitez\\\/\",\"url\":\"https:\\\/\\\/fuentesfidedignas.com.mx\\\/index.php\\\/2023\\\/10\\\/12\\\/rocha-es-amigo-del-stase-y-nosotros-somos-sus-aliados-en-su-politica-social-michel-benitez\\\/\",\"name\":\"\u201cRocha es amigo del STASE y nosotros somos sus aliados en su pol\u00edtica social\u201d: Michel Ben\u00edtez - Fuentes Fidedignas\",\"isPartOf\":{\"@id\":\"https:\\\/\\\/fuentesfidedignas.com.mx\\\/#website\"},\"primaryImageOfPage\":{\"@id\":\"https:\\\/\\\/fuentesfidedignas.com.mx\\\/index.php\\\/2023\\\/10\\\/12\\\/rocha-es-amigo-del-stase-y-nosotros-somos-sus-aliados-en-su-politica-social-michel-benitez\\\/#primaryimage\"},\"image\":{\"@id\":\"https:\\\/\\\/fuentesfidedignas.com.mx\\\/index.php\\\/2023\\\/10\\\/12\\\/rocha-es-amigo-del-stase-y-nosotros-somos-sus-aliados-en-su-politica-social-michel-benitez\\\/#primaryimage\"},\"thumbnailUrl\":\"https:\\\/\\\/fuentesfidedignas.com.mx\\\/wp-content\\\/uploads\\\/2023\\\/10\\\/WhatsApp-Image-2023-10-12-at-2.26.07-PM.jpeg\",\"datePublished\":\"2023-10-12T21:45:55+00:00\",\"dateModified\":\"2023-10-12T21:48:34+00:00\",\"breadcrumb\":{\"@id\":\"https:\\\/\\\/fuentesfidedignas.com.mx\\\/index.php\\\/2023\\\/10\\\/12\\\/rocha-es-amigo-del-stase-y-nosotros-somos-sus-aliados-en-su-politica-social-michel-benitez\\\/#breadcrumb\"},\"inLanguage\":\"es\",\"potentialAction\":[{\"@type\":\"ReadAction\",\"target\":[\"https:\\\/\\\/fuentesfidedignas.com.mx\\\/index.php\\\/2023\\\/10\\\/12\\\/rocha-es-amigo-del-stase-y-nosotros-somos-sus-aliados-en-su-politica-social-michel-benitez\\\/\"]}]},{\"@type\":\"ImageObject\",\"inLanguage\":\"es\",\"@id\":\"https:\\\/\\\/fuentesfidedignas.com.mx\\\/index.php\\\/2023\\\/10\\\/12\\\/rocha-es-amigo-del-stase-y-nosotros-somos-sus-aliados-en-su-politica-social-michel-benitez\\\/#primaryimage\",\"url\":\"https:\\\/\\\/fuentesfidedignas.com.mx\\\/wp-content\\\/uploads\\\/2023\\\/10\\\/WhatsApp-Image-2023-10-12-at-2.26.07-PM.jpeg\",\"contentUrl\":\"https:\\\/\\\/fuentesfidedignas.com.mx\\\/wp-content\\\/uploads\\\/2023\\\/10\\\/WhatsApp-Image-2023-10-12-at-2.26.07-PM.jpeg\",\"width\":1024,\"height\":768},{\"@type\":\"BreadcrumbList\",\"@id\":\"https:\\\/\\\/fuentesfidedignas.com.mx\\\/index.php\\\/2023\\\/10\\\/12\\\/rocha-es-amigo-del-stase-y-nosotros-somos-sus-aliados-en-su-politica-social-michel-benitez\\\/#breadcrumb\",\"itemListElement\":[{\"@type\":\"ListItem\",\"position\":1,\"name\":\"Inicio\",\"item\":\"https:\\\/\\\/fuentesfidedignas.com.mx\\\/\"},{\"@type\":\"ListItem\",\"position\":2,\"name\":\"\u201cRocha es amigo del STASE y nosotros somos sus aliados en su pol\u00edtica social\u201d: Michel Ben\u00edtez\"}]},{\"@type\":\"WebSite\",\"@id\":\"https:\\\/\\\/fuentesfidedignas.com.mx\\\/#website\",\"url\":\"https:\\\/\\\/fuentesfidedignas.com.mx\\\/\",\"name\":\"Fuentes Fidedignas\",\"description\":\"Otro sitio realizado con WordPress\",\"publisher\":{\"@id\":\"https:\\\/\\\/fuentesfidedignas.com.mx\\\/#organization\"},\"potentialAction\":[{\"@type\":\"SearchAction\",\"target\":{\"@type\":\"EntryPoint\",\"urlTemplate\":\"https:\\\/\\\/fuentesfidedignas.com.mx\\\/?s={search_term_string}\"},\"query-input\":{\"@type\":\"PropertyValueSpecification\",\"valueRequired\":true,\"valueName\":\"search_term_string\"}}],\"inLanguage\":\"es\"},{\"@type\":\"Organization\",\"@id\":\"https:\\\/\\\/fuentesfidedignas.com.mx\\\/#organization\",\"name\":\"Fuentes Fidedignas\",\"url\":\"https:\\\/\\\/fuentesfidedignas.com.mx\\\/\",\"logo\":{\"@type\":\"ImageObject\",\"inLanguage\":\"es\",\"@id\":\"https:\\\/\\\/fuentesfidedignas.com.mx\\\/#\\\/schema\\\/logo\\\/image\\\/\",\"url\":\"https:\\\/\\\/fuentesfidedignas.com.mx\\\/wp-content\\\/uploads\\\/2021\\\/04\\\/logo-retina.png\",\"contentUrl\":\"https:\\\/\\\/fuentesfidedignas.com.mx\\\/wp-content\\\/uploads\\\/2021\\\/04\\\/logo-retina.png\",\"width\":280,\"height\":51,\"caption\":\"Fuentes Fidedignas\"},\"image\":{\"@id\":\"https:\\\/\\\/fuentesfidedignas.com.mx\\\/#\\\/schema\\\/logo\\\/image\\\/\"},\"sameAs\":[\"https:\\\/\\\/www.facebook.com\\\/Fuentes-Fidedignas-368234489921644\",\"https:\\\/\\\/x.com\\\/fidedignas\"]},{\"@type\":\"Person\",\"@id\":\"https:\\\/\\\/fuentesfidedignas.com.mx\\\/#\\\/schema\\\/person\\\/c77df25c00baae1d4fdc0340db6f364c\",\"name\":\"Leonardo Gutierrez\",\"image\":{\"@type\":\"ImageObject\",\"inLanguage\":\"es\",\"@id\":\"https:\\\/\\\/secure.gravatar.com\\\/avatar\\\/17b13a7a986cc98ca4d7337340bcac5945cbae677961c354aefb3c7962c8cc1f?s=96&d=mm&r=g\",\"url\":\"https:\\\/\\\/secure.gravatar.com\\\/avatar\\\/17b13a7a986cc98ca4d7337340bcac5945cbae677961c354aefb3c7962c8cc1f?s=96&d=mm&r=g\",\"contentUrl\":\"https:\\\/\\\/secure.gravatar.com\\\/avatar\\\/17b13a7a986cc98ca4d7337340bcac5945cbae677961c354aefb3c7962c8cc1f?s=96&d=mm&r=g\",\"caption\":\"Leonardo Gutierrez\"},\"url\":\"https:\\\/\\\/fuentesfidedignas.com.mx\\\/index.php\\\/author\\\/leonardogut\\\/\"}]}<\/script>\n<!-- \/ Yoast SEO plugin. -->","yoast_head_json":{"title":"\u201cRocha es amigo del STASE y nosotros somos sus aliados en su pol\u00edtica social\u201d: Michel Ben\u00edtez - Fuentes Fidedignas","robots":{"index":"index","follow":"follow","max-snippet":"max-snippet:-1","max-image-preview":"max-image-preview:large","max-video-preview":"max-video-preview:-1"},"canonical":"https:\/\/fuentesfidedignas.com.mx\/index.php\/2023\/10\/12\/rocha-es-amigo-del-stase-y-nosotros-somos-sus-aliados-en-su-politica-social-michel-benitez\/","og_locale":"es_MX","og_type":"article","og_title":"\u201cRocha es amigo del STASE y nosotros somos sus aliados en su pol\u00edtica social\u201d: Michel Ben\u00edtez - Fuentes Fidedignas","og_description":"El gobernador siempre ha respaldado a sus trabajadores, asegur\u00f3 el l\u00edder sindical Culiac\u00e1n, Sin.- Michel Ben\u00edtez Uriarte, Secretario General del STASE, sostuvo en entrevista que la relaci\u00f3n con el gobernador Rub\u00e9n Rocha Moya, al encabezar junto con el Ejecutivo del Estado el Acto de Entrega de Reconocimientos, Est\u00edmulos Econ\u00f3micos y Medallas de oro al M\u00e9rito [&hellip;]","og_url":"https:\/\/fuentesfidedignas.com.mx\/index.php\/2023\/10\/12\/rocha-es-amigo-del-stase-y-nosotros-somos-sus-aliados-en-su-politica-social-michel-benitez\/","og_site_name":"Fuentes Fidedignas","article_publisher":"https:\/\/www.facebook.com\/Fuentes-Fidedignas-368234489921644","article_published_time":"2023-10-12T21:45:55+00:00","article_modified_time":"2023-10-12T21:48:34+00:00","og_image":[{"width":1024,"height":768,"url":"https:\/\/fuentesfidedignas.com.mx\/wp-content\/uploads\/2023\/10\/WhatsApp-Image-2023-10-12-at-2.26.07-PM.jpeg","type":"image\/jpeg"}],"author":"Leonardo Gutierrez","twitter_card":"summary_large_image","twitter_creator":"@fidedignas","twitter_site":"@fidedignas","twitter_misc":{"Escrito por":"Leonardo Gutierrez","Tiempo de lectura":"3 minutos"},"schema":{"@context":"https:\/\/schema.org","@graph":[{"@type":"Article","@id":"https:\/\/fuentesfidedignas.com.mx\/index.php\/2023\/10\/12\/rocha-es-amigo-del-stase-y-nosotros-somos-sus-aliados-en-su-politica-social-michel-benitez\/#article","isPartOf":{"@id":"https:\/\/fuentesfidedignas.com.mx\/index.php\/2023\/10\/12\/rocha-es-amigo-del-stase-y-nosotros-somos-sus-aliados-en-su-politica-social-michel-benitez\/"},"author":{"name":"Leonardo Gutierrez","@id":"https:\/\/fuentesfidedignas.com.mx\/#\/schema\/person\/c77df25c00baae1d4fdc0340db6f364c"},"headline":"\u201cRocha es amigo del STASE y nosotros somos sus aliados en su pol\u00edtica social\u201d: Michel Ben\u00edtez","datePublished":"2023-10-12T21:45:55+00:00","dateModified":"2023-10-12T21:48:34+00:00","mainEntityOfPage":{"@id":"https:\/\/fuentesfidedignas.com.mx\/index.php\/2023\/10\/12\/rocha-es-amigo-del-stase-y-nosotros-somos-sus-aliados-en-su-politica-social-michel-benitez\/"},"wordCount":546,"commentCount":0,"publisher":{"@id":"https:\/\/fuentesfidedignas.com.mx\/#organization"},"image":{"@id":"https:\/\/fuentesfidedignas.com.mx\/index.php\/2023\/10\/12\/rocha-es-amigo-del-stase-y-nosotros-somos-sus-aliados-en-su-politica-social-michel-benitez\/#primaryimage"},"thumbnailUrl":"https:\/\/fuentesfidedignas.com.mx\/wp-content\/uploads\/2023\/10\/WhatsApp-Image-2023-10-12-at-2.26.07-PM.jpeg","articleSection":["NOTA PRINCIPAL"],"inLanguage":"es","potentialAction":[{"@type":"CommentAction","name":"Comment","target":["https:\/\/fuentesfidedignas.com.mx\/index.php\/2023\/10\/12\/rocha-es-amigo-del-stase-y-nosotros-somos-sus-aliados-en-su-politica-social-michel-benitez\/#respond"]}]},{"@type":"WebPage","@id":"https:\/\/fuentesfidedignas.com.mx\/index.php\/2023\/10\/12\/rocha-es-amigo-del-stase-y-nosotros-somos-sus-aliados-en-su-politica-social-michel-benitez\/","url":"https:\/\/fuentesfidedignas.com.mx\/index.php\/2023\/10\/12\/rocha-es-amigo-del-stase-y-nosotros-somos-sus-aliados-en-su-politica-social-michel-benitez\/","name":"\u201cRocha es amigo del STASE y nosotros somos sus aliados en su pol\u00edtica social\u201d: Michel Ben\u00edtez - Fuentes Fidedignas","isPartOf":{"@id":"https:\/\/fuentesfidedignas.com.mx\/#website"},"primaryImageOfPage":{"@id":"https:\/\/fuentesfidedignas.com.mx\/index.php\/2023\/10\/12\/rocha-es-amigo-del-stase-y-nosotros-somos-sus-aliados-en-su-politica-social-michel-benitez\/#primaryimage"},"image":{"@id":"https:\/\/fuentesfidedignas.com.mx\/index.php\/2023\/10\/12\/rocha-es-amigo-del-stase-y-nosotros-somos-sus-aliados-en-su-politica-social-michel-benitez\/#primaryimage"},"thumbnailUrl":"https:\/\/fuentesfidedignas.com.mx\/wp-content\/uploads\/2023\/10\/WhatsApp-Image-2023-10-12-at-2.26.07-PM.jpeg","datePublished":"2023-10-12T21:45:55+00:00","dateModified":"2023-10-12T21:48:34+00:00","breadcrumb":{"@id":"https:\/\/fuentesfidedignas.com.mx\/index.php\/2023\/10\/12\/rocha-es-amigo-del-stase-y-nosotros-somos-sus-aliados-en-su-politica-social-michel-benitez\/#breadcrumb"},"inLanguage":"es","potentialAction":[{"@type":"ReadAction","target":["https:\/\/fuentesfidedignas.com.mx\/index.php\/2023\/10\/12\/rocha-es-amigo-del-stase-y-nosotros-somos-sus-aliados-en-su-politica-social-michel-benitez\/"]}]},{"@type":"ImageObject","inLanguage":"es","@id":"https:\/\/fuentesfidedignas.com.mx\/index.php\/2023\/10\/12\/rocha-es-amigo-del-stase-y-nosotros-somos-sus-aliados-en-su-politica-social-michel-benitez\/#primaryimage","url":"https:\/\/fuentesfidedignas.com.mx\/wp-content\/uploads\/2023\/10\/WhatsApp-Image-2023-10-12-at-2.26.07-PM.jpeg","contentUrl":"https:\/\/fuentesfidedignas.com.mx\/wp-content\/uploads\/2023\/10\/WhatsApp-Image-2023-10-12-at-2.26.07-PM.jpeg","width":1024,"height":768},{"@type":"BreadcrumbList","@id":"https:\/\/fuentesfidedignas.com.mx\/index.php\/2023\/10\/12\/rocha-es-amigo-del-stase-y-nosotros-somos-sus-aliados-en-su-politica-social-michel-benitez\/#breadcrumb","itemListElement":[{"@type":"ListItem","position":1,"name":"Inicio","item":"https:\/\/fuentesfidedignas.com.mx\/"},{"@type":"ListItem","position":2,"name":"\u201cRocha es amigo del STASE y nosotros somos sus aliados en su pol\u00edtica social\u201d: Michel Ben\u00edtez"}]},{"@type":"WebSite","@id":"https:\/\/fuentesfidedignas.com.mx\/#website","url":"https:\/\/fuentesfidedignas.com.mx\/","name":"Fuentes Fidedignas","description":"Otro sitio realizado con WordPress","publisher":{"@id":"https:\/\/fuentesfidedignas.com.mx\/#organization"},"potentialAction":[{"@type":"SearchAction","target":{"@type":"EntryPoint","urlTemplate":"https:\/\/fuentesfidedignas.com.mx\/?s={search_term_string}"},"query-input":{"@type":"PropertyValueSpecification","valueRequired":true,"valueName":"search_term_string"}}],"inLanguage":"es"},{"@type":"Organization","@id":"https:\/\/fuentesfidedignas.com.mx\/#organization","name":"Fuentes Fidedignas","url":"https:\/\/fuentesfidedignas.com.mx\/","logo":{"@type":"ImageObject","inLanguage":"es","@id":"https:\/\/fuentesfidedignas.com.mx\/#\/schema\/logo\/image\/","url":"https:\/\/fuentesfidedignas.com.mx\/wp-content\/uploads\/2021\/04\/logo-retina.png","contentUrl":"https:\/\/fuentesfidedignas.com.mx\/wp-content\/uploads\/2021\/04\/logo-retina.png","width":280,"height":51,"caption":"Fuentes Fidedignas"},"image":{"@id":"https:\/\/fuentesfidedignas.com.mx\/#\/schema\/logo\/image\/"},"sameAs":["https:\/\/www.facebook.com\/Fuentes-Fidedignas-368234489921644","https:\/\/x.com\/fidedignas"]},{"@type":"Person","@id":"https:\/\/fuentesfidedignas.com.mx\/#\/schema\/person\/c77df25c00baae1d4fdc0340db6f364c","name":"Leonardo Gutierrez","image":{"@type":"ImageObject","inLanguage":"es","@id":"https:\/\/secure.gravatar.com\/avatar\/17b13a7a986cc98ca4d7337340bcac5945cbae677961c354aefb3c7962c8cc1f?s=96&d=mm&r=g","url":"https:\/\/secure.gravatar.com\/avatar\/17b13a7a986cc98ca4d7337340bcac5945cbae677961c354aefb3c7962c8cc1f?s=96&d=mm&r=g","contentUrl":"https:\/\/secure.gravatar.com\/avatar\/17b13a7a986cc98ca4d7337340bcac5945cbae677961c354aefb3c7962c8cc1f?s=96&d=mm&r=g","caption":"Leonardo Gutierrez"},"url":"https:\/\/fuentesfidedignas.com.mx\/index.php\/author\/leonardogut\/"}]}},"_links":{"self":[{"href":"https:\/\/fuentesfidedignas.com.mx\/index.php\/wp-json\/wp\/v2\/posts\/62183","targetHints":{"allow":["GET"]}}],"collection":[{"href":"https:\/\/fuentesfidedignas.com.mx\/index.php\/wp-json\/wp\/v2\/posts"}],"about":[{"href":"https:\/\/fuentesfidedignas.com.mx\/index.php\/wp-json\/wp\/v2\/types\/post"}],"author":[{"embeddable":true,"href":"https:\/\/fuentesfidedignas.com.mx\/index.php\/wp-json\/wp\/v2\/users\/112"}],"replies":[{"embeddable":true,"href":"https:\/\/fuentesfidedignas.com.mx\/index.php\/wp-json\/wp\/v2\/comments?post=62183"}],"version-history":[{"count":2,"href":"https:\/\/fuentesfidedignas.com.mx\/index.php\/wp-json\/wp\/v2\/posts\/62183\/revisions"}],"predecessor-version":[{"id":62188,"href":"https:\/\/fuentesfidedignas.com.mx\/index.php\/wp-json\/wp\/v2\/posts\/62183\/revisions\/62188"}],"wp:featuredmedia":[{"embeddable":true,"href":"https:\/\/fuentesfidedignas.com.mx\/index.php\/wp-json\/wp\/v2\/media\/62184"}],"wp:attachment":[{"href":"https:\/\/fuentesfidedignas.com.mx\/index.php\/wp-json\/wp\/v2\/media?parent=62183"}],"wp:term":[{"taxonomy":"category","embeddable":true,"href":"https:\/\/fuentesfidedignas.com.mx\/index.php\/wp-json\/wp\/v2\/categories?post=62183"},{"taxonomy":"post_tag","embeddable":true,"href":"https:\/\/fuentesfidedignas.com.mx\/index.php\/wp-json\/wp\/v2\/tags?post=62183"}],"curies":[{"name":"wp","href":"https:\/\/api.w.org\/{rel}","templated":true}]}}