{"id":62155,"date":"2023-10-12T10:20:46","date_gmt":"2023-10-12T17:20:46","guid":{"rendered":"https:\/\/fuentesfidedignas.com.mx\/?p=62155"},"modified":"2023-10-12T13:21:40","modified_gmt":"2023-10-12T20:21:40","slug":"participa-ceaip-en-tercera-conferencia-nacional-de-datos-abiertos-2","status":"publish","type":"post","link":"https:\/\/fuentesfidedignas.com.mx\/index.php\/2023\/10\/12\/participa-ceaip-en-tercera-conferencia-nacional-de-datos-abiertos-2\/","title":{"rendered":"Participa CEAIP en Tercera Conferencia Nacional de Datos Abiertos"},"content":{"rendered":"\n<p><\/p>\n\n\n\n<p><em>Culiac\u00e1n, Sin<\/em>. La CEAIP llev\u00f3 a cabo hoy el Conversatorio \u201cBuenas pr\u00e1cticas en materia de Protecci\u00f3n de Datos Personales\u201d, como parte del evento \u201cDataCon 2023, Pol\u00edtica Nacional de Datos Abiertos, Una Ruta en Colectivo\u201d.<\/p>\n\n\n\n<p>Esta actividad forma parte de la Tercera Edici\u00f3n de la Conferencia Nacional de Datos Abiertos que organiza el INAI como parte integrante del Sistema Nacional de Transparencia y ha sido replicada por 8 organismos garantes locales en sus estados, as\u00ed como organizaciones de la sociedad civil.<\/p>\n\n\n\n<p>Los datos abiertos son informaci\u00f3n p\u00fablica procesada, reutilizada, ordenada y presentada en determinado formato a manera de que ofrezca un beneficio para las personas en su vida cotidiana.<\/p>\n\n\n\n\n\n<p>En el evento Jos\u00e9 Luis Moreno L\u00f3pez, Presidente de la Comisi\u00f3n Estatal para el Acceso a la Informaci\u00f3n P\u00fablica, confirm\u00f3 que hay mucho camino por recorrer en este tema, y, por lo tanto, debe colocarse en primer plano por parte de quienes representan las entidades p\u00fablicas.<\/p>\n\n\n\n<p>Invit\u00f3 a darle manejo y producci\u00f3n a la informaci\u00f3n p\u00fablica con la que cuentan las y los servidores p\u00fablicos de las instituciones, con el objeto de que adquiera utilidad para la sociedad y no solo quede como un trabajo administrativo, sino por el contrario que esos datos est\u00e9n al servicio de la sociedad.<\/p>\n\n\n\n<p>Karla Patricia Lares Gonz\u00e1lez, Directora de la Unidad de Transparencia de Ahome, en representaci\u00f3n del Alcalde Gerardo Vargas Landeros, afirm\u00f3 que los funcionarios tienen la obligaci\u00f3n de presentar resultados y actuar con responsabilidad, transparencia y una debida rendici\u00f3n de cuentas.<\/p>\n\n\n\n<p>Comunic\u00f3 que su Presidente municipal es un fiel convencido de que sin transparencia no hay gobierno y por lo tanto tienen el compromiso de cumplir con sus obligaciones de transparencia y trabajar bajo el respeto del organismo garante del Derecho de Acceso a la Informaci\u00f3n P\u00fablica, la CEAIP.<\/p>\n\n\n\n<p>Y aprovech\u00f3 para recalcar que en Ahome, la transparencia siempre va a tener las puertas abiertas.<\/p>\n\n\n\n<p>Luis Carlos Lara Damken, Director del Instituto Municipal de Planeaci\u00f3n de Ahome, present\u00f3 el \u201cSistema de Informaci\u00f3n Geogr\u00e1fica y Datos Abiertos del Municipio de Ahome\u201d, herramienta de creaci\u00f3n propia, ganadora del segundo lugar en la categor\u00eda municipal del Certamen Nacional en Transparencia 2022 organizado por el INAI.<\/p>\n\n\n\n<p>Se trata de una plataforma digital de georreferenciaci\u00f3n con 466 planos que ofrecen informaci\u00f3n territorial y geogr\u00e1fica de las 15 mil hect\u00e1reas de extensi\u00f3n con los que cuenta Ahome, sobre los usos de suelo industriales, \u00e1reas naturales, as\u00ed como la log\u00edstica y los servicios del municipio, misma que es de acceso libre, descargable y puede ser utilizada por las personas en su beneficio como insumo.<\/p>\n\n\n\n<p>La herramienta es de acceso p\u00fablico y puede ser consultada entrando a https:\/\/bit.ly\/3jtOgWa<\/p>\n\n\n\n<p>Por su parte la Comisionada de CEAIP, Liliana Margarita Campuzano Vega, se\u00f1al\u00f3 que la informaci\u00f3n que las instituciones p\u00fablicas registran en los formatos de Obligaciones de Transparencia en la PNT se pueden convertir en informaci\u00f3n de utilidad y el sistema presentado por el IMPLAN de Ahome es un ejemplo de c\u00f3mo la informaci\u00f3n proactiva obtenida a trav\u00e9s de los datos publicados, se traduce en informaci\u00f3n de inter\u00e9s para las personas.<\/p>\n\n\n\n<p>Invit\u00f3 a quienes integran las instituciones a hacer ejercicios de datos abiertos que mejoren la funci\u00f3n p\u00fablica y sean \u00fatiles para la poblaci\u00f3n.<\/p>\n\n\n\n<p>\u201cNos llevamos de tarea para pensar desde nuestras canchas, c\u00f3mo podemos hacer propuestas para mejorar nuestro servicio en la funci\u00f3n p\u00fablica; la tarea es llevar los datos a una finalidad de utilidad\u201d, dijo.<\/p>\n\n\n\n<p>Para tales efectos se\u00f1al\u00f3 que en CEAIP tienen las puertas abiertas para atender dudas y orientaci\u00f3n para implementaci\u00f3n de estos trabajos.<\/p>\n\n\n\n<p>En tanto que el Comisionado del organismo de transparencia Jos\u00e9 Alfredo Beltr\u00e1n Estrada, indic\u00f3 que en las entidades p\u00fablicas hay personas muy capaces y sus talentos pueden ser utilizados como agentes de cambio en la implementaci\u00f3n de este tipo de proyectos.<\/p>\n\n\n\n<p>Se pronunci\u00f3 a favor de que con la aplicaci\u00f3n de estas de iniciativas, en Sinaloa se pueda seguir contribuyendo a fortalecer la cultura de la transparencia.<\/p>\n\n\n\n<p>En el evento, el encargado de la Plataforma Nacional de Transparencia en Sinaloa, de CEAIP, Jes\u00fas Jaime Barraza, present\u00f3 a los asistentes, ejemplos de Datos Abiertos que implementa el organismo garante.<\/p>\n\n\n\n<p>La actividad fue moderada por No\u00e9 R\u00edos Ruiz, Titular de la Unidad de Gobierno Abierto de CEAIP.<\/p>\n\n\n\n<p>Presente la Subsecretaria de Transparencia y Contralor\u00eda Social Mayra Gisela Pe\u00f1uelas Acu\u00f1a, en representaci\u00f3n de la Secretaria de Transparencia y Rendici\u00f3n de Cuentas de Gobierno del Estado, Mar\u00eda Guadalupe Ram\u00edrez Zepeda y el Director de Pol\u00edticas de Transparencia y Gobierno Abierto de dicha Secretar\u00eda, Juan Salvador Rosas Macedo.<\/p>\n\n\n\n<p>Asistieron alrededor de 90 personas, entre titulares y servidoras y servidores p\u00fablicos de las Unidades de Transparencia de diferentes \u00e1reas del Poder Ejecutivo, Ayuntamientos de Ahome, Guasave, Mocorito, Culiac\u00e1n, Cosal\u00e1, Mazatl\u00e1n, Instituto Electoral del Estado de Sinaloa, Fiscal\u00eda General del Estado, Partido Morena, Tribunal de Justicia Administrativa y de los Institutos de Pensiones y para la Protecci\u00f3n de Personas Defensoras de Derechos Humanos y Periodistas.<\/p>\n","protected":false},"excerpt":{"rendered":"<p>Culiac\u00e1n, Sin. La CEAIP llev\u00f3 a cabo hoy el Conversatorio \u201cBuenas pr\u00e1cticas en materia de Protecci\u00f3n de Datos Personales\u201d, como parte del evento \u201cDataCon 2023, Pol\u00edtica Nacional de Datos Abiertos, Una Ruta en Colectivo\u201d. Esta actividad forma parte de la Tercera Edici\u00f3n de la Conferencia Nacional de Datos Abiertos que organiza el INAI como parte [&hellip;]<\/p>\n","protected":false},"author":4,"featured_media":62158,"comment_status":"open","ping_status":"open","sticky":false,"template":"","format":"standard","meta":{"tdm_status":"","tdm_grid_status":"","footnotes":""},"categories":[1],"tags":[],"class_list":{"0":"post-62155","1":"post","2":"type-post","3":"status-publish","4":"format-standard","5":"has-post-thumbnail","7":"category-sin-categoria"},"yoast_head":"<!-- This site is optimized with the Yoast SEO plugin v27.5 - https:\/\/yoast.com\/product\/yoast-seo-wordpress\/ -->\n<title>Participa CEAIP en Tercera Conferencia Nacional de Datos Abiertos - Fuentes Fidedignas<\/title>\n<meta name=\"robots\" content=\"index, follow, max-snippet:-1, max-image-preview:large, max-video-preview:-1\" \/>\n<link rel=\"canonical\" href=\"https:\/\/fuentesfidedignas.com.mx\/index.php\/2023\/10\/12\/participa-ceaip-en-tercera-conferencia-nacional-de-datos-abiertos-2\/\" \/>\n<meta property=\"og:locale\" content=\"es_MX\" \/>\n<meta property=\"og:type\" content=\"article\" \/>\n<meta property=\"og:title\" content=\"Participa CEAIP en Tercera Conferencia Nacional de Datos Abiertos - Fuentes Fidedignas\" \/>\n<meta property=\"og:description\" content=\"Culiac\u00e1n, Sin. La CEAIP llev\u00f3 a cabo hoy el Conversatorio \u201cBuenas pr\u00e1cticas en materia de Protecci\u00f3n de Datos Personales\u201d, como parte del evento \u201cDataCon 2023, Pol\u00edtica Nacional de Datos Abiertos, Una Ruta en Colectivo\u201d. Esta actividad forma parte de la Tercera Edici\u00f3n de la Conferencia Nacional de Datos Abiertos que organiza el INAI como parte [&hellip;]\" \/>\n<meta property=\"og:url\" content=\"https:\/\/fuentesfidedignas.com.mx\/index.php\/2023\/10\/12\/participa-ceaip-en-tercera-conferencia-nacional-de-datos-abiertos-2\/\" \/>\n<meta property=\"og:site_name\" content=\"Fuentes Fidedignas\" \/>\n<meta property=\"article:publisher\" content=\"https:\/\/www.facebook.com\/Fuentes-Fidedignas-368234489921644\" \/>\n<meta property=\"article:published_time\" content=\"2023-10-12T17:20:46+00:00\" \/>\n<meta property=\"article:modified_time\" content=\"2023-10-12T20:21:40+00:00\" \/>\n<meta property=\"og:image\" content=\"https:\/\/fuentesfidedignas.com.mx\/wp-content\/uploads\/2023\/10\/IMG-20231012-WA0007.jpg\" \/>\n\t<meta property=\"og:image:width\" content=\"1600\" \/>\n\t<meta property=\"og:image:height\" content=\"1200\" \/>\n\t<meta property=\"og:image:type\" content=\"image\/jpeg\" \/>\n<meta name=\"author\" content=\"Redacci\u00f3n\" \/>\n<meta name=\"twitter:card\" content=\"summary_large_image\" \/>\n<meta name=\"twitter:creator\" content=\"@fidedignas\" \/>\n<meta name=\"twitter:site\" content=\"@fidedignas\" \/>\n<meta name=\"twitter:label1\" content=\"Escrito por\" \/>\n\t<meta name=\"twitter:data1\" content=\"Redacci\u00f3n\" \/>\n\t<meta name=\"twitter:label2\" content=\"Tiempo de lectura\" \/>\n\t<meta name=\"twitter:data2\" content=\"4 minutos\" \/>\n<script type=\"application\/ld+json\" class=\"yoast-schema-graph\">{\"@context\":\"https:\\\/\\\/schema.org\",\"@graph\":[{\"@type\":\"Article\",\"@id\":\"https:\\\/\\\/fuentesfidedignas.com.mx\\\/index.php\\\/2023\\\/10\\\/12\\\/participa-ceaip-en-tercera-conferencia-nacional-de-datos-abiertos-2\\\/#article\",\"isPartOf\":{\"@id\":\"https:\\\/\\\/fuentesfidedignas.com.mx\\\/index.php\\\/2023\\\/10\\\/12\\\/participa-ceaip-en-tercera-conferencia-nacional-de-datos-abiertos-2\\\/\"},\"author\":{\"name\":\"Redacci\u00f3n\",\"@id\":\"https:\\\/\\\/fuentesfidedignas.com.mx\\\/#\\\/schema\\\/person\\\/331be9283d37198e2acd5750279085b0\"},\"headline\":\"Participa CEAIP en Tercera Conferencia Nacional de Datos Abiertos\",\"datePublished\":\"2023-10-12T17:20:46+00:00\",\"dateModified\":\"2023-10-12T20:21:40+00:00\",\"mainEntityOfPage\":{\"@id\":\"https:\\\/\\\/fuentesfidedignas.com.mx\\\/index.php\\\/2023\\\/10\\\/12\\\/participa-ceaip-en-tercera-conferencia-nacional-de-datos-abiertos-2\\\/\"},\"wordCount\":890,\"commentCount\":0,\"publisher\":{\"@id\":\"https:\\\/\\\/fuentesfidedignas.com.mx\\\/#organization\"},\"image\":{\"@id\":\"https:\\\/\\\/fuentesfidedignas.com.mx\\\/index.php\\\/2023\\\/10\\\/12\\\/participa-ceaip-en-tercera-conferencia-nacional-de-datos-abiertos-2\\\/#primaryimage\"},\"thumbnailUrl\":\"https:\\\/\\\/fuentesfidedignas.com.mx\\\/wp-content\\\/uploads\\\/2023\\\/10\\\/IMG-20231012-WA0007.jpg\",\"inLanguage\":\"es\",\"potentialAction\":[{\"@type\":\"CommentAction\",\"name\":\"Comment\",\"target\":[\"https:\\\/\\\/fuentesfidedignas.com.mx\\\/index.php\\\/2023\\\/10\\\/12\\\/participa-ceaip-en-tercera-conferencia-nacional-de-datos-abiertos-2\\\/#respond\"]}]},{\"@type\":\"WebPage\",\"@id\":\"https:\\\/\\\/fuentesfidedignas.com.mx\\\/index.php\\\/2023\\\/10\\\/12\\\/participa-ceaip-en-tercera-conferencia-nacional-de-datos-abiertos-2\\\/\",\"url\":\"https:\\\/\\\/fuentesfidedignas.com.mx\\\/index.php\\\/2023\\\/10\\\/12\\\/participa-ceaip-en-tercera-conferencia-nacional-de-datos-abiertos-2\\\/\",\"name\":\"Participa CEAIP en Tercera Conferencia Nacional de Datos Abiertos - Fuentes Fidedignas\",\"isPartOf\":{\"@id\":\"https:\\\/\\\/fuentesfidedignas.com.mx\\\/#website\"},\"primaryImageOfPage\":{\"@id\":\"https:\\\/\\\/fuentesfidedignas.com.mx\\\/index.php\\\/2023\\\/10\\\/12\\\/participa-ceaip-en-tercera-conferencia-nacional-de-datos-abiertos-2\\\/#primaryimage\"},\"image\":{\"@id\":\"https:\\\/\\\/fuentesfidedignas.com.mx\\\/index.php\\\/2023\\\/10\\\/12\\\/participa-ceaip-en-tercera-conferencia-nacional-de-datos-abiertos-2\\\/#primaryimage\"},\"thumbnailUrl\":\"https:\\\/\\\/fuentesfidedignas.com.mx\\\/wp-content\\\/uploads\\\/2023\\\/10\\\/IMG-20231012-WA0007.jpg\",\"datePublished\":\"2023-10-12T17:20:46+00:00\",\"dateModified\":\"2023-10-12T20:21:40+00:00\",\"breadcrumb\":{\"@id\":\"https:\\\/\\\/fuentesfidedignas.com.mx\\\/index.php\\\/2023\\\/10\\\/12\\\/participa-ceaip-en-tercera-conferencia-nacional-de-datos-abiertos-2\\\/#breadcrumb\"},\"inLanguage\":\"es\",\"potentialAction\":[{\"@type\":\"ReadAction\",\"target\":[\"https:\\\/\\\/fuentesfidedignas.com.mx\\\/index.php\\\/2023\\\/10\\\/12\\\/participa-ceaip-en-tercera-conferencia-nacional-de-datos-abiertos-2\\\/\"]}]},{\"@type\":\"ImageObject\",\"inLanguage\":\"es\",\"@id\":\"https:\\\/\\\/fuentesfidedignas.com.mx\\\/index.php\\\/2023\\\/10\\\/12\\\/participa-ceaip-en-tercera-conferencia-nacional-de-datos-abiertos-2\\\/#primaryimage\",\"url\":\"https:\\\/\\\/fuentesfidedignas.com.mx\\\/wp-content\\\/uploads\\\/2023\\\/10\\\/IMG-20231012-WA0007.jpg\",\"contentUrl\":\"https:\\\/\\\/fuentesfidedignas.com.mx\\\/wp-content\\\/uploads\\\/2023\\\/10\\\/IMG-20231012-WA0007.jpg\",\"width\":1600,\"height\":1200},{\"@type\":\"BreadcrumbList\",\"@id\":\"https:\\\/\\\/fuentesfidedignas.com.mx\\\/index.php\\\/2023\\\/10\\\/12\\\/participa-ceaip-en-tercera-conferencia-nacional-de-datos-abiertos-2\\\/#breadcrumb\",\"itemListElement\":[{\"@type\":\"ListItem\",\"position\":1,\"name\":\"Inicio\",\"item\":\"https:\\\/\\\/fuentesfidedignas.com.mx\\\/\"},{\"@type\":\"ListItem\",\"position\":2,\"name\":\"Participa CEAIP en Tercera Conferencia Nacional de Datos Abiertos\"}]},{\"@type\":\"WebSite\",\"@id\":\"https:\\\/\\\/fuentesfidedignas.com.mx\\\/#website\",\"url\":\"https:\\\/\\\/fuentesfidedignas.com.mx\\\/\",\"name\":\"Fuentes Fidedignas\",\"description\":\"Otro sitio realizado con WordPress\",\"publisher\":{\"@id\":\"https:\\\/\\\/fuentesfidedignas.com.mx\\\/#organization\"},\"potentialAction\":[{\"@type\":\"SearchAction\",\"target\":{\"@type\":\"EntryPoint\",\"urlTemplate\":\"https:\\\/\\\/fuentesfidedignas.com.mx\\\/?s={search_term_string}\"},\"query-input\":{\"@type\":\"PropertyValueSpecification\",\"valueRequired\":true,\"valueName\":\"search_term_string\"}}],\"inLanguage\":\"es\"},{\"@type\":\"Organization\",\"@id\":\"https:\\\/\\\/fuentesfidedignas.com.mx\\\/#organization\",\"name\":\"Fuentes Fidedignas\",\"url\":\"https:\\\/\\\/fuentesfidedignas.com.mx\\\/\",\"logo\":{\"@type\":\"ImageObject\",\"inLanguage\":\"es\",\"@id\":\"https:\\\/\\\/fuentesfidedignas.com.mx\\\/#\\\/schema\\\/logo\\\/image\\\/\",\"url\":\"https:\\\/\\\/fuentesfidedignas.com.mx\\\/wp-content\\\/uploads\\\/2021\\\/04\\\/logo-retina.png\",\"contentUrl\":\"https:\\\/\\\/fuentesfidedignas.com.mx\\\/wp-content\\\/uploads\\\/2021\\\/04\\\/logo-retina.png\",\"width\":280,\"height\":51,\"caption\":\"Fuentes Fidedignas\"},\"image\":{\"@id\":\"https:\\\/\\\/fuentesfidedignas.com.mx\\\/#\\\/schema\\\/logo\\\/image\\\/\"},\"sameAs\":[\"https:\\\/\\\/www.facebook.com\\\/Fuentes-Fidedignas-368234489921644\",\"https:\\\/\\\/x.com\\\/fidedignas\"]},{\"@type\":\"Person\",\"@id\":\"https:\\\/\\\/fuentesfidedignas.com.mx\\\/#\\\/schema\\\/person\\\/331be9283d37198e2acd5750279085b0\",\"name\":\"Redacci\u00f3n\",\"image\":{\"@type\":\"ImageObject\",\"inLanguage\":\"es\",\"@id\":\"https:\\\/\\\/secure.gravatar.com\\\/avatar\\\/f6d8782c11d12b2d4ad3fbb6931aeab5309937a4d6cd2fc9cfaa28a6396a5aec?s=96&d=mm&r=g\",\"url\":\"https:\\\/\\\/secure.gravatar.com\\\/avatar\\\/f6d8782c11d12b2d4ad3fbb6931aeab5309937a4d6cd2fc9cfaa28a6396a5aec?s=96&d=mm&r=g\",\"contentUrl\":\"https:\\\/\\\/secure.gravatar.com\\\/avatar\\\/f6d8782c11d12b2d4ad3fbb6931aeab5309937a4d6cd2fc9cfaa28a6396a5aec?s=96&d=mm&r=g\",\"caption\":\"Redacci\u00f3n\"},\"url\":\"https:\\\/\\\/fuentesfidedignas.com.mx\\\/index.php\\\/author\\\/redaccion\\\/\"}]}<\/script>\n<!-- \/ Yoast SEO plugin. -->","yoast_head_json":{"title":"Participa CEAIP en Tercera Conferencia Nacional de Datos Abiertos - Fuentes Fidedignas","robots":{"index":"index","follow":"follow","max-snippet":"max-snippet:-1","max-image-preview":"max-image-preview:large","max-video-preview":"max-video-preview:-1"},"canonical":"https:\/\/fuentesfidedignas.com.mx\/index.php\/2023\/10\/12\/participa-ceaip-en-tercera-conferencia-nacional-de-datos-abiertos-2\/","og_locale":"es_MX","og_type":"article","og_title":"Participa CEAIP en Tercera Conferencia Nacional de Datos Abiertos - Fuentes Fidedignas","og_description":"Culiac\u00e1n, Sin. La CEAIP llev\u00f3 a cabo hoy el Conversatorio \u201cBuenas pr\u00e1cticas en materia de Protecci\u00f3n de Datos Personales\u201d, como parte del evento \u201cDataCon 2023, Pol\u00edtica Nacional de Datos Abiertos, Una Ruta en Colectivo\u201d. Esta actividad forma parte de la Tercera Edici\u00f3n de la Conferencia Nacional de Datos Abiertos que organiza el INAI como parte [&hellip;]","og_url":"https:\/\/fuentesfidedignas.com.mx\/index.php\/2023\/10\/12\/participa-ceaip-en-tercera-conferencia-nacional-de-datos-abiertos-2\/","og_site_name":"Fuentes Fidedignas","article_publisher":"https:\/\/www.facebook.com\/Fuentes-Fidedignas-368234489921644","article_published_time":"2023-10-12T17:20:46+00:00","article_modified_time":"2023-10-12T20:21:40+00:00","og_image":[{"width":1600,"height":1200,"url":"https:\/\/fuentesfidedignas.com.mx\/wp-content\/uploads\/2023\/10\/IMG-20231012-WA0007.jpg","type":"image\/jpeg"}],"author":"Redacci\u00f3n","twitter_card":"summary_large_image","twitter_creator":"@fidedignas","twitter_site":"@fidedignas","twitter_misc":{"Escrito por":"Redacci\u00f3n","Tiempo de lectura":"4 minutos"},"schema":{"@context":"https:\/\/schema.org","@graph":[{"@type":"Article","@id":"https:\/\/fuentesfidedignas.com.mx\/index.php\/2023\/10\/12\/participa-ceaip-en-tercera-conferencia-nacional-de-datos-abiertos-2\/#article","isPartOf":{"@id":"https:\/\/fuentesfidedignas.com.mx\/index.php\/2023\/10\/12\/participa-ceaip-en-tercera-conferencia-nacional-de-datos-abiertos-2\/"},"author":{"name":"Redacci\u00f3n","@id":"https:\/\/fuentesfidedignas.com.mx\/#\/schema\/person\/331be9283d37198e2acd5750279085b0"},"headline":"Participa CEAIP en Tercera Conferencia Nacional de Datos Abiertos","datePublished":"2023-10-12T17:20:46+00:00","dateModified":"2023-10-12T20:21:40+00:00","mainEntityOfPage":{"@id":"https:\/\/fuentesfidedignas.com.mx\/index.php\/2023\/10\/12\/participa-ceaip-en-tercera-conferencia-nacional-de-datos-abiertos-2\/"},"wordCount":890,"commentCount":0,"publisher":{"@id":"https:\/\/fuentesfidedignas.com.mx\/#organization"},"image":{"@id":"https:\/\/fuentesfidedignas.com.mx\/index.php\/2023\/10\/12\/participa-ceaip-en-tercera-conferencia-nacional-de-datos-abiertos-2\/#primaryimage"},"thumbnailUrl":"https:\/\/fuentesfidedignas.com.mx\/wp-content\/uploads\/2023\/10\/IMG-20231012-WA0007.jpg","inLanguage":"es","potentialAction":[{"@type":"CommentAction","name":"Comment","target":["https:\/\/fuentesfidedignas.com.mx\/index.php\/2023\/10\/12\/participa-ceaip-en-tercera-conferencia-nacional-de-datos-abiertos-2\/#respond"]}]},{"@type":"WebPage","@id":"https:\/\/fuentesfidedignas.com.mx\/index.php\/2023\/10\/12\/participa-ceaip-en-tercera-conferencia-nacional-de-datos-abiertos-2\/","url":"https:\/\/fuentesfidedignas.com.mx\/index.php\/2023\/10\/12\/participa-ceaip-en-tercera-conferencia-nacional-de-datos-abiertos-2\/","name":"Participa CEAIP en Tercera Conferencia Nacional de Datos Abiertos - Fuentes Fidedignas","isPartOf":{"@id":"https:\/\/fuentesfidedignas.com.mx\/#website"},"primaryImageOfPage":{"@id":"https:\/\/fuentesfidedignas.com.mx\/index.php\/2023\/10\/12\/participa-ceaip-en-tercera-conferencia-nacional-de-datos-abiertos-2\/#primaryimage"},"image":{"@id":"https:\/\/fuentesfidedignas.com.mx\/index.php\/2023\/10\/12\/participa-ceaip-en-tercera-conferencia-nacional-de-datos-abiertos-2\/#primaryimage"},"thumbnailUrl":"https:\/\/fuentesfidedignas.com.mx\/wp-content\/uploads\/2023\/10\/IMG-20231012-WA0007.jpg","datePublished":"2023-10-12T17:20:46+00:00","dateModified":"2023-10-12T20:21:40+00:00","breadcrumb":{"@id":"https:\/\/fuentesfidedignas.com.mx\/index.php\/2023\/10\/12\/participa-ceaip-en-tercera-conferencia-nacional-de-datos-abiertos-2\/#breadcrumb"},"inLanguage":"es","potentialAction":[{"@type":"ReadAction","target":["https:\/\/fuentesfidedignas.com.mx\/index.php\/2023\/10\/12\/participa-ceaip-en-tercera-conferencia-nacional-de-datos-abiertos-2\/"]}]},{"@type":"ImageObject","inLanguage":"es","@id":"https:\/\/fuentesfidedignas.com.mx\/index.php\/2023\/10\/12\/participa-ceaip-en-tercera-conferencia-nacional-de-datos-abiertos-2\/#primaryimage","url":"https:\/\/fuentesfidedignas.com.mx\/wp-content\/uploads\/2023\/10\/IMG-20231012-WA0007.jpg","contentUrl":"https:\/\/fuentesfidedignas.com.mx\/wp-content\/uploads\/2023\/10\/IMG-20231012-WA0007.jpg","width":1600,"height":1200},{"@type":"BreadcrumbList","@id":"https:\/\/fuentesfidedignas.com.mx\/index.php\/2023\/10\/12\/participa-ceaip-en-tercera-conferencia-nacional-de-datos-abiertos-2\/#breadcrumb","itemListElement":[{"@type":"ListItem","position":1,"name":"Inicio","item":"https:\/\/fuentesfidedignas.com.mx\/"},{"@type":"ListItem","position":2,"name":"Participa CEAIP en Tercera Conferencia Nacional de Datos Abiertos"}]},{"@type":"WebSite","@id":"https:\/\/fuentesfidedignas.com.mx\/#website","url":"https:\/\/fuentesfidedignas.com.mx\/","name":"Fuentes Fidedignas","description":"Otro sitio realizado con WordPress","publisher":{"@id":"https:\/\/fuentesfidedignas.com.mx\/#organization"},"potentialAction":[{"@type":"SearchAction","target":{"@type":"EntryPoint","urlTemplate":"https:\/\/fuentesfidedignas.com.mx\/?s={search_term_string}"},"query-input":{"@type":"PropertyValueSpecification","valueRequired":true,"valueName":"search_term_string"}}],"inLanguage":"es"},{"@type":"Organization","@id":"https:\/\/fuentesfidedignas.com.mx\/#organization","name":"Fuentes Fidedignas","url":"https:\/\/fuentesfidedignas.com.mx\/","logo":{"@type":"ImageObject","inLanguage":"es","@id":"https:\/\/fuentesfidedignas.com.mx\/#\/schema\/logo\/image\/","url":"https:\/\/fuentesfidedignas.com.mx\/wp-content\/uploads\/2021\/04\/logo-retina.png","contentUrl":"https:\/\/fuentesfidedignas.com.mx\/wp-content\/uploads\/2021\/04\/logo-retina.png","width":280,"height":51,"caption":"Fuentes Fidedignas"},"image":{"@id":"https:\/\/fuentesfidedignas.com.mx\/#\/schema\/logo\/image\/"},"sameAs":["https:\/\/www.facebook.com\/Fuentes-Fidedignas-368234489921644","https:\/\/x.com\/fidedignas"]},{"@type":"Person","@id":"https:\/\/fuentesfidedignas.com.mx\/#\/schema\/person\/331be9283d37198e2acd5750279085b0","name":"Redacci\u00f3n","image":{"@type":"ImageObject","inLanguage":"es","@id":"https:\/\/secure.gravatar.com\/avatar\/f6d8782c11d12b2d4ad3fbb6931aeab5309937a4d6cd2fc9cfaa28a6396a5aec?s=96&d=mm&r=g","url":"https:\/\/secure.gravatar.com\/avatar\/f6d8782c11d12b2d4ad3fbb6931aeab5309937a4d6cd2fc9cfaa28a6396a5aec?s=96&d=mm&r=g","contentUrl":"https:\/\/secure.gravatar.com\/avatar\/f6d8782c11d12b2d4ad3fbb6931aeab5309937a4d6cd2fc9cfaa28a6396a5aec?s=96&d=mm&r=g","caption":"Redacci\u00f3n"},"url":"https:\/\/fuentesfidedignas.com.mx\/index.php\/author\/redaccion\/"}]}},"_links":{"self":[{"href":"https:\/\/fuentesfidedignas.com.mx\/index.php\/wp-json\/wp\/v2\/posts\/62155","targetHints":{"allow":["GET"]}}],"collection":[{"href":"https:\/\/fuentesfidedignas.com.mx\/index.php\/wp-json\/wp\/v2\/posts"}],"about":[{"href":"https:\/\/fuentesfidedignas.com.mx\/index.php\/wp-json\/wp\/v2\/types\/post"}],"author":[{"embeddable":true,"href":"https:\/\/fuentesfidedignas.com.mx\/index.php\/wp-json\/wp\/v2\/users\/4"}],"replies":[{"embeddable":true,"href":"https:\/\/fuentesfidedignas.com.mx\/index.php\/wp-json\/wp\/v2\/comments?post=62155"}],"version-history":[{"count":1,"href":"https:\/\/fuentesfidedignas.com.mx\/index.php\/wp-json\/wp\/v2\/posts\/62155\/revisions"}],"predecessor-version":[{"id":62157,"href":"https:\/\/fuentesfidedignas.com.mx\/index.php\/wp-json\/wp\/v2\/posts\/62155\/revisions\/62157"}],"wp:featuredmedia":[{"embeddable":true,"href":"https:\/\/fuentesfidedignas.com.mx\/index.php\/wp-json\/wp\/v2\/media\/62158"}],"wp:attachment":[{"href":"https:\/\/fuentesfidedignas.com.mx\/index.php\/wp-json\/wp\/v2\/media?parent=62155"}],"wp:term":[{"taxonomy":"category","embeddable":true,"href":"https:\/\/fuentesfidedignas.com.mx\/index.php\/wp-json\/wp\/v2\/categories?post=62155"},{"taxonomy":"post_tag","embeddable":true,"href":"https:\/\/fuentesfidedignas.com.mx\/index.php\/wp-json\/wp\/v2\/tags?post=62155"}],"curies":[{"name":"wp","href":"https:\/\/api.w.org\/{rel}","templated":true}]}}