{"id":62095,"date":"2023-10-11T16:38:23","date_gmt":"2023-10-11T23:38:23","guid":{"rendered":"https:\/\/fuentesfidedignas.com.mx\/?p=62095"},"modified":"2023-10-11T16:39:25","modified_gmt":"2023-10-11T23:39:25","slug":"continua-iees-capacitando-a-la-ciudadania-en-materia-electoral","status":"publish","type":"post","link":"https:\/\/fuentesfidedignas.com.mx\/index.php\/2023\/10\/11\/continua-iees-capacitando-a-la-ciudadania-en-materia-electoral\/","title":{"rendered":"Contin\u00faa IEES capacitando a la ciudadan\u00eda en materia electoral"},"content":{"rendered":"\n<p>Culiac\u00e1n, Sin. Con el objetivo de contribuir al desarrollo de la vida democr\u00e1tica y difundir la cultura c\u00edvica entre la ciudadan\u00eda, el Instituto Electoral del Estado de Sinaloa (IEES) llev\u00f3 a cabo en el municipio de Ahome, la Capacitaci\u00f3n y Actualizaci\u00f3n Electoral: \u201cDe cara al Proceso Electoral 2023-2024\u201d.<\/p>\n\n\n\n<p>El Consejero Electoral y Titular de la Comisi\u00f3n de Organizaci\u00f3n y Vigilancia Electoral, Mart\u00edn Gonz\u00e1lez Burgos, se\u00f1al\u00f3 que organizar espacios de informaci\u00f3n y reflexi\u00f3n en la que se impartan conocimientos b\u00e1sicos sobre materia electoral, representa una tarea que busca reforzar uno de los pilares fundamentales que promueve el IEES, que es la construcci\u00f3n de ciudadan\u00eda.<\/p>\n\n\n\n<figure class=\"wp-block-image size-large\"><img decoding=\"async\" width=\"1024\" height=\"589\" src=\"https:\/\/fuentesfidedignas.com.mx\/wp-content\/uploads\/2023\/10\/1000145586-1024x589.jpg\" alt=\"\" class=\"wp-image-62096\" srcset=\"https:\/\/fuentesfidedignas.com.mx\/wp-content\/uploads\/2023\/10\/1000145586-1024x589.jpg 1024w, https:\/\/fuentesfidedignas.com.mx\/wp-content\/uploads\/2023\/10\/1000145586-300x173.jpg 300w, https:\/\/fuentesfidedignas.com.mx\/wp-content\/uploads\/2023\/10\/1000145586-768x442.jpg 768w, https:\/\/fuentesfidedignas.com.mx\/wp-content\/uploads\/2023\/10\/1000145586-1536x884.jpg 1536w, https:\/\/fuentesfidedignas.com.mx\/wp-content\/uploads\/2023\/10\/1000145586-696x401.jpg 696w, https:\/\/fuentesfidedignas.com.mx\/wp-content\/uploads\/2023\/10\/1000145586-1068x615.jpg 1068w, https:\/\/fuentesfidedignas.com.mx\/wp-content\/uploads\/2023\/10\/1000145586-730x420.jpg 730w, https:\/\/fuentesfidedignas.com.mx\/wp-content\/uploads\/2023\/10\/1000145586.jpg 1550w\" sizes=\"(max-width: 1024px) 100vw, 1024px\" \/><\/figure>\n\n\n\n<p>En dicha capacitaci\u00f3n realizada en la ciudad de Los Mochis, se desarrollaron varios ejes tem\u00e1ticos. La Consejera Electoral y Titular de la Comisi\u00f3n de Innovaci\u00f3n Tecnol\u00f3gica, Marisol Quevedo Gonz\u00e1lez, expuso: Estructura del IEES; Derechos y obligaciones de la ciudadan\u00eda; y Preparaci\u00f3n de la elecci\u00f3n.<\/p>\n\n\n\n<p>La Consejera Electoral y Titular de la Comisi\u00f3n de Igualdad de G\u00e9nero y Derechos Humanos, Gloria Icela Garc\u00eda Cuadras, disert\u00f3: Igualdad, no discriminaci\u00f3n y paridad; y Violencia pol\u00edtica contra las mujeres en raz\u00f3n de g\u00e9nero. El Consejero Electoral, Mart\u00edn Gonz\u00e1lez Burgos, argument\u00f3: Sesiones de c\u00f3mputos; y Medios de impugnaci\u00f3n.<\/p>\n\n\n\n<p>La Asistente T\u00e9cnico de Secretar\u00eda, Mar\u00eda Manuela Rubio Cebreros, explic\u00f3: Partidos pol\u00edticos y candidaturas independientes; y Oficial\u00eda electoral. La coordinadora de Participaci\u00f3n Ciudadana del Servicio Profesional Electoral Nacional (SPEN), Isabel Georgina Garc\u00eda L\u00f3pez, argument\u00f3: Jornada Electoral; y Actos posteriores a la jornada electoral.<\/p>\n\n\n\n<p>La pr\u00f3xima capacitaci\u00f3n a la ciudadan\u00eda ser\u00e1 el jueves 12 de octubre, en Guasave, en el Sal\u00f3n &#8220;Los Candiles&#8221; del Hotel El Sembrador; y el viernes 13 de octubre, en Mazatl\u00e1n, en el Hotel Olas Altas. Todos los eventos est\u00e1n programados a las 10:00 horas. Anteriormente, el pasado 6 de octubre se realiz\u00f3 la primera jornada en la ciudad de Guam\u00fachil.<\/p>\n","protected":false},"excerpt":{"rendered":"<p>Culiac\u00e1n, Sin. Con el objetivo de contribuir al desarrollo de la vida democr\u00e1tica y difundir la cultura c\u00edvica entre la ciudadan\u00eda, el Instituto Electoral del Estado de Sinaloa (IEES) llev\u00f3 a cabo en el municipio de Ahome, la Capacitaci\u00f3n y Actualizaci\u00f3n Electoral: \u201cDe cara al Proceso Electoral 2023-2024\u201d. El Consejero Electoral y Titular de la [&hellip;]<\/p>\n","protected":false},"author":4,"featured_media":62098,"comment_status":"open","ping_status":"open","sticky":false,"template":"","format":"standard","meta":{"tdm_status":"","tdm_grid_status":"","footnotes":""},"categories":[38,1],"tags":[],"class_list":{"0":"post-62095","1":"post","2":"type-post","3":"status-publish","4":"format-standard","5":"has-post-thumbnail","7":"category-noticias-locales","8":"category-sin-categoria"},"yoast_head":"<!-- This site is optimized with the Yoast SEO plugin v27.5 - https:\/\/yoast.com\/product\/yoast-seo-wordpress\/ -->\n<title>Contin\u00faa IEES capacitando a la ciudadan\u00eda en materia electoral - Fuentes Fidedignas<\/title>\n<meta name=\"robots\" content=\"index, follow, max-snippet:-1, max-image-preview:large, max-video-preview:-1\" \/>\n<link rel=\"canonical\" href=\"https:\/\/fuentesfidedignas.com.mx\/index.php\/2023\/10\/11\/continua-iees-capacitando-a-la-ciudadania-en-materia-electoral\/\" \/>\n<meta property=\"og:locale\" content=\"es_MX\" \/>\n<meta property=\"og:type\" content=\"article\" \/>\n<meta property=\"og:title\" content=\"Contin\u00faa IEES capacitando a la ciudadan\u00eda en materia electoral - Fuentes Fidedignas\" \/>\n<meta property=\"og:description\" content=\"Culiac\u00e1n, Sin. Con el objetivo de contribuir al desarrollo de la vida democr\u00e1tica y difundir la cultura c\u00edvica entre la ciudadan\u00eda, el Instituto Electoral del Estado de Sinaloa (IEES) llev\u00f3 a cabo en el municipio de Ahome, la Capacitaci\u00f3n y Actualizaci\u00f3n Electoral: \u201cDe cara al Proceso Electoral 2023-2024\u201d. El Consejero Electoral y Titular de la [&hellip;]\" \/>\n<meta property=\"og:url\" content=\"https:\/\/fuentesfidedignas.com.mx\/index.php\/2023\/10\/11\/continua-iees-capacitando-a-la-ciudadania-en-materia-electoral\/\" \/>\n<meta property=\"og:site_name\" content=\"Fuentes Fidedignas\" \/>\n<meta property=\"article:publisher\" content=\"https:\/\/www.facebook.com\/Fuentes-Fidedignas-368234489921644\" \/>\n<meta property=\"article:published_time\" content=\"2023-10-11T23:38:23+00:00\" \/>\n<meta property=\"article:modified_time\" content=\"2023-10-11T23:39:25+00:00\" \/>\n<meta property=\"og:image\" content=\"https:\/\/fuentesfidedignas.com.mx\/wp-content\/uploads\/2023\/10\/Capacitacion-Los-Mochis-3.jpg\" \/>\n\t<meta property=\"og:image:width\" content=\"1600\" \/>\n\t<meta property=\"og:image:height\" content=\"1066\" \/>\n\t<meta property=\"og:image:type\" content=\"image\/jpeg\" \/>\n<meta name=\"author\" content=\"Redacci\u00f3n\" \/>\n<meta name=\"twitter:card\" content=\"summary_large_image\" \/>\n<meta name=\"twitter:creator\" content=\"@fidedignas\" \/>\n<meta name=\"twitter:site\" content=\"@fidedignas\" \/>\n<meta name=\"twitter:label1\" content=\"Escrito por\" \/>\n\t<meta name=\"twitter:data1\" content=\"Redacci\u00f3n\" \/>\n\t<meta name=\"twitter:label2\" content=\"Tiempo de lectura\" \/>\n\t<meta name=\"twitter:data2\" content=\"2 minutos\" \/>\n<script type=\"application\/ld+json\" class=\"yoast-schema-graph\">{\"@context\":\"https:\\\/\\\/schema.org\",\"@graph\":[{\"@type\":\"Article\",\"@id\":\"https:\\\/\\\/fuentesfidedignas.com.mx\\\/index.php\\\/2023\\\/10\\\/11\\\/continua-iees-capacitando-a-la-ciudadania-en-materia-electoral\\\/#article\",\"isPartOf\":{\"@id\":\"https:\\\/\\\/fuentesfidedignas.com.mx\\\/index.php\\\/2023\\\/10\\\/11\\\/continua-iees-capacitando-a-la-ciudadania-en-materia-electoral\\\/\"},\"author\":{\"name\":\"Redacci\u00f3n\",\"@id\":\"https:\\\/\\\/fuentesfidedignas.com.mx\\\/#\\\/schema\\\/person\\\/331be9283d37198e2acd5750279085b0\"},\"headline\":\"Contin\u00faa IEES capacitando a la ciudadan\u00eda en materia electoral\",\"datePublished\":\"2023-10-11T23:38:23+00:00\",\"dateModified\":\"2023-10-11T23:39:25+00:00\",\"mainEntityOfPage\":{\"@id\":\"https:\\\/\\\/fuentesfidedignas.com.mx\\\/index.php\\\/2023\\\/10\\\/11\\\/continua-iees-capacitando-a-la-ciudadania-en-materia-electoral\\\/\"},\"wordCount\":358,\"commentCount\":0,\"publisher\":{\"@id\":\"https:\\\/\\\/fuentesfidedignas.com.mx\\\/#organization\"},\"image\":{\"@id\":\"https:\\\/\\\/fuentesfidedignas.com.mx\\\/index.php\\\/2023\\\/10\\\/11\\\/continua-iees-capacitando-a-la-ciudadania-en-materia-electoral\\\/#primaryimage\"},\"thumbnailUrl\":\"https:\\\/\\\/fuentesfidedignas.com.mx\\\/wp-content\\\/uploads\\\/2023\\\/10\\\/Capacitacion-Los-Mochis-3.jpg\",\"articleSection\":[\"NOTICIAS LOCALES\"],\"inLanguage\":\"es\",\"potentialAction\":[{\"@type\":\"CommentAction\",\"name\":\"Comment\",\"target\":[\"https:\\\/\\\/fuentesfidedignas.com.mx\\\/index.php\\\/2023\\\/10\\\/11\\\/continua-iees-capacitando-a-la-ciudadania-en-materia-electoral\\\/#respond\"]}]},{\"@type\":\"WebPage\",\"@id\":\"https:\\\/\\\/fuentesfidedignas.com.mx\\\/index.php\\\/2023\\\/10\\\/11\\\/continua-iees-capacitando-a-la-ciudadania-en-materia-electoral\\\/\",\"url\":\"https:\\\/\\\/fuentesfidedignas.com.mx\\\/index.php\\\/2023\\\/10\\\/11\\\/continua-iees-capacitando-a-la-ciudadania-en-materia-electoral\\\/\",\"name\":\"Contin\u00faa IEES capacitando a la ciudadan\u00eda en materia electoral - Fuentes Fidedignas\",\"isPartOf\":{\"@id\":\"https:\\\/\\\/fuentesfidedignas.com.mx\\\/#website\"},\"primaryImageOfPage\":{\"@id\":\"https:\\\/\\\/fuentesfidedignas.com.mx\\\/index.php\\\/2023\\\/10\\\/11\\\/continua-iees-capacitando-a-la-ciudadania-en-materia-electoral\\\/#primaryimage\"},\"image\":{\"@id\":\"https:\\\/\\\/fuentesfidedignas.com.mx\\\/index.php\\\/2023\\\/10\\\/11\\\/continua-iees-capacitando-a-la-ciudadania-en-materia-electoral\\\/#primaryimage\"},\"thumbnailUrl\":\"https:\\\/\\\/fuentesfidedignas.com.mx\\\/wp-content\\\/uploads\\\/2023\\\/10\\\/Capacitacion-Los-Mochis-3.jpg\",\"datePublished\":\"2023-10-11T23:38:23+00:00\",\"dateModified\":\"2023-10-11T23:39:25+00:00\",\"breadcrumb\":{\"@id\":\"https:\\\/\\\/fuentesfidedignas.com.mx\\\/index.php\\\/2023\\\/10\\\/11\\\/continua-iees-capacitando-a-la-ciudadania-en-materia-electoral\\\/#breadcrumb\"},\"inLanguage\":\"es\",\"potentialAction\":[{\"@type\":\"ReadAction\",\"target\":[\"https:\\\/\\\/fuentesfidedignas.com.mx\\\/index.php\\\/2023\\\/10\\\/11\\\/continua-iees-capacitando-a-la-ciudadania-en-materia-electoral\\\/\"]}]},{\"@type\":\"ImageObject\",\"inLanguage\":\"es\",\"@id\":\"https:\\\/\\\/fuentesfidedignas.com.mx\\\/index.php\\\/2023\\\/10\\\/11\\\/continua-iees-capacitando-a-la-ciudadania-en-materia-electoral\\\/#primaryimage\",\"url\":\"https:\\\/\\\/fuentesfidedignas.com.mx\\\/wp-content\\\/uploads\\\/2023\\\/10\\\/Capacitacion-Los-Mochis-3.jpg\",\"contentUrl\":\"https:\\\/\\\/fuentesfidedignas.com.mx\\\/wp-content\\\/uploads\\\/2023\\\/10\\\/Capacitacion-Los-Mochis-3.jpg\",\"width\":1600,\"height\":1066},{\"@type\":\"BreadcrumbList\",\"@id\":\"https:\\\/\\\/fuentesfidedignas.com.mx\\\/index.php\\\/2023\\\/10\\\/11\\\/continua-iees-capacitando-a-la-ciudadania-en-materia-electoral\\\/#breadcrumb\",\"itemListElement\":[{\"@type\":\"ListItem\",\"position\":1,\"name\":\"Inicio\",\"item\":\"https:\\\/\\\/fuentesfidedignas.com.mx\\\/\"},{\"@type\":\"ListItem\",\"position\":2,\"name\":\"Contin\u00faa IEES capacitando a la ciudadan\u00eda en materia electoral\"}]},{\"@type\":\"WebSite\",\"@id\":\"https:\\\/\\\/fuentesfidedignas.com.mx\\\/#website\",\"url\":\"https:\\\/\\\/fuentesfidedignas.com.mx\\\/\",\"name\":\"Fuentes Fidedignas\",\"description\":\"Otro sitio realizado con WordPress\",\"publisher\":{\"@id\":\"https:\\\/\\\/fuentesfidedignas.com.mx\\\/#organization\"},\"potentialAction\":[{\"@type\":\"SearchAction\",\"target\":{\"@type\":\"EntryPoint\",\"urlTemplate\":\"https:\\\/\\\/fuentesfidedignas.com.mx\\\/?s={search_term_string}\"},\"query-input\":{\"@type\":\"PropertyValueSpecification\",\"valueRequired\":true,\"valueName\":\"search_term_string\"}}],\"inLanguage\":\"es\"},{\"@type\":\"Organization\",\"@id\":\"https:\\\/\\\/fuentesfidedignas.com.mx\\\/#organization\",\"name\":\"Fuentes Fidedignas\",\"url\":\"https:\\\/\\\/fuentesfidedignas.com.mx\\\/\",\"logo\":{\"@type\":\"ImageObject\",\"inLanguage\":\"es\",\"@id\":\"https:\\\/\\\/fuentesfidedignas.com.mx\\\/#\\\/schema\\\/logo\\\/image\\\/\",\"url\":\"https:\\\/\\\/fuentesfidedignas.com.mx\\\/wp-content\\\/uploads\\\/2021\\\/04\\\/logo-retina.png\",\"contentUrl\":\"https:\\\/\\\/fuentesfidedignas.com.mx\\\/wp-content\\\/uploads\\\/2021\\\/04\\\/logo-retina.png\",\"width\":280,\"height\":51,\"caption\":\"Fuentes Fidedignas\"},\"image\":{\"@id\":\"https:\\\/\\\/fuentesfidedignas.com.mx\\\/#\\\/schema\\\/logo\\\/image\\\/\"},\"sameAs\":[\"https:\\\/\\\/www.facebook.com\\\/Fuentes-Fidedignas-368234489921644\",\"https:\\\/\\\/x.com\\\/fidedignas\"]},{\"@type\":\"Person\",\"@id\":\"https:\\\/\\\/fuentesfidedignas.com.mx\\\/#\\\/schema\\\/person\\\/331be9283d37198e2acd5750279085b0\",\"name\":\"Redacci\u00f3n\",\"image\":{\"@type\":\"ImageObject\",\"inLanguage\":\"es\",\"@id\":\"https:\\\/\\\/secure.gravatar.com\\\/avatar\\\/f6d8782c11d12b2d4ad3fbb6931aeab5309937a4d6cd2fc9cfaa28a6396a5aec?s=96&d=mm&r=g\",\"url\":\"https:\\\/\\\/secure.gravatar.com\\\/avatar\\\/f6d8782c11d12b2d4ad3fbb6931aeab5309937a4d6cd2fc9cfaa28a6396a5aec?s=96&d=mm&r=g\",\"contentUrl\":\"https:\\\/\\\/secure.gravatar.com\\\/avatar\\\/f6d8782c11d12b2d4ad3fbb6931aeab5309937a4d6cd2fc9cfaa28a6396a5aec?s=96&d=mm&r=g\",\"caption\":\"Redacci\u00f3n\"},\"url\":\"https:\\\/\\\/fuentesfidedignas.com.mx\\\/index.php\\\/author\\\/redaccion\\\/\"}]}<\/script>\n<!-- \/ Yoast SEO plugin. -->","yoast_head_json":{"title":"Contin\u00faa IEES capacitando a la ciudadan\u00eda en materia electoral - Fuentes Fidedignas","robots":{"index":"index","follow":"follow","max-snippet":"max-snippet:-1","max-image-preview":"max-image-preview:large","max-video-preview":"max-video-preview:-1"},"canonical":"https:\/\/fuentesfidedignas.com.mx\/index.php\/2023\/10\/11\/continua-iees-capacitando-a-la-ciudadania-en-materia-electoral\/","og_locale":"es_MX","og_type":"article","og_title":"Contin\u00faa IEES capacitando a la ciudadan\u00eda en materia electoral - Fuentes Fidedignas","og_description":"Culiac\u00e1n, Sin. Con el objetivo de contribuir al desarrollo de la vida democr\u00e1tica y difundir la cultura c\u00edvica entre la ciudadan\u00eda, el Instituto Electoral del Estado de Sinaloa (IEES) llev\u00f3 a cabo en el municipio de Ahome, la Capacitaci\u00f3n y Actualizaci\u00f3n Electoral: \u201cDe cara al Proceso Electoral 2023-2024\u201d. El Consejero Electoral y Titular de la [&hellip;]","og_url":"https:\/\/fuentesfidedignas.com.mx\/index.php\/2023\/10\/11\/continua-iees-capacitando-a-la-ciudadania-en-materia-electoral\/","og_site_name":"Fuentes Fidedignas","article_publisher":"https:\/\/www.facebook.com\/Fuentes-Fidedignas-368234489921644","article_published_time":"2023-10-11T23:38:23+00:00","article_modified_time":"2023-10-11T23:39:25+00:00","og_image":[{"width":1600,"height":1066,"url":"https:\/\/fuentesfidedignas.com.mx\/wp-content\/uploads\/2023\/10\/Capacitacion-Los-Mochis-3.jpg","type":"image\/jpeg"}],"author":"Redacci\u00f3n","twitter_card":"summary_large_image","twitter_creator":"@fidedignas","twitter_site":"@fidedignas","twitter_misc":{"Escrito por":"Redacci\u00f3n","Tiempo de lectura":"2 minutos"},"schema":{"@context":"https:\/\/schema.org","@graph":[{"@type":"Article","@id":"https:\/\/fuentesfidedignas.com.mx\/index.php\/2023\/10\/11\/continua-iees-capacitando-a-la-ciudadania-en-materia-electoral\/#article","isPartOf":{"@id":"https:\/\/fuentesfidedignas.com.mx\/index.php\/2023\/10\/11\/continua-iees-capacitando-a-la-ciudadania-en-materia-electoral\/"},"author":{"name":"Redacci\u00f3n","@id":"https:\/\/fuentesfidedignas.com.mx\/#\/schema\/person\/331be9283d37198e2acd5750279085b0"},"headline":"Contin\u00faa IEES capacitando a la ciudadan\u00eda en materia electoral","datePublished":"2023-10-11T23:38:23+00:00","dateModified":"2023-10-11T23:39:25+00:00","mainEntityOfPage":{"@id":"https:\/\/fuentesfidedignas.com.mx\/index.php\/2023\/10\/11\/continua-iees-capacitando-a-la-ciudadania-en-materia-electoral\/"},"wordCount":358,"commentCount":0,"publisher":{"@id":"https:\/\/fuentesfidedignas.com.mx\/#organization"},"image":{"@id":"https:\/\/fuentesfidedignas.com.mx\/index.php\/2023\/10\/11\/continua-iees-capacitando-a-la-ciudadania-en-materia-electoral\/#primaryimage"},"thumbnailUrl":"https:\/\/fuentesfidedignas.com.mx\/wp-content\/uploads\/2023\/10\/Capacitacion-Los-Mochis-3.jpg","articleSection":["NOTICIAS LOCALES"],"inLanguage":"es","potentialAction":[{"@type":"CommentAction","name":"Comment","target":["https:\/\/fuentesfidedignas.com.mx\/index.php\/2023\/10\/11\/continua-iees-capacitando-a-la-ciudadania-en-materia-electoral\/#respond"]}]},{"@type":"WebPage","@id":"https:\/\/fuentesfidedignas.com.mx\/index.php\/2023\/10\/11\/continua-iees-capacitando-a-la-ciudadania-en-materia-electoral\/","url":"https:\/\/fuentesfidedignas.com.mx\/index.php\/2023\/10\/11\/continua-iees-capacitando-a-la-ciudadania-en-materia-electoral\/","name":"Contin\u00faa IEES capacitando a la ciudadan\u00eda en materia electoral - Fuentes Fidedignas","isPartOf":{"@id":"https:\/\/fuentesfidedignas.com.mx\/#website"},"primaryImageOfPage":{"@id":"https:\/\/fuentesfidedignas.com.mx\/index.php\/2023\/10\/11\/continua-iees-capacitando-a-la-ciudadania-en-materia-electoral\/#primaryimage"},"image":{"@id":"https:\/\/fuentesfidedignas.com.mx\/index.php\/2023\/10\/11\/continua-iees-capacitando-a-la-ciudadania-en-materia-electoral\/#primaryimage"},"thumbnailUrl":"https:\/\/fuentesfidedignas.com.mx\/wp-content\/uploads\/2023\/10\/Capacitacion-Los-Mochis-3.jpg","datePublished":"2023-10-11T23:38:23+00:00","dateModified":"2023-10-11T23:39:25+00:00","breadcrumb":{"@id":"https:\/\/fuentesfidedignas.com.mx\/index.php\/2023\/10\/11\/continua-iees-capacitando-a-la-ciudadania-en-materia-electoral\/#breadcrumb"},"inLanguage":"es","potentialAction":[{"@type":"ReadAction","target":["https:\/\/fuentesfidedignas.com.mx\/index.php\/2023\/10\/11\/continua-iees-capacitando-a-la-ciudadania-en-materia-electoral\/"]}]},{"@type":"ImageObject","inLanguage":"es","@id":"https:\/\/fuentesfidedignas.com.mx\/index.php\/2023\/10\/11\/continua-iees-capacitando-a-la-ciudadania-en-materia-electoral\/#primaryimage","url":"https:\/\/fuentesfidedignas.com.mx\/wp-content\/uploads\/2023\/10\/Capacitacion-Los-Mochis-3.jpg","contentUrl":"https:\/\/fuentesfidedignas.com.mx\/wp-content\/uploads\/2023\/10\/Capacitacion-Los-Mochis-3.jpg","width":1600,"height":1066},{"@type":"BreadcrumbList","@id":"https:\/\/fuentesfidedignas.com.mx\/index.php\/2023\/10\/11\/continua-iees-capacitando-a-la-ciudadania-en-materia-electoral\/#breadcrumb","itemListElement":[{"@type":"ListItem","position":1,"name":"Inicio","item":"https:\/\/fuentesfidedignas.com.mx\/"},{"@type":"ListItem","position":2,"name":"Contin\u00faa IEES capacitando a la ciudadan\u00eda en materia electoral"}]},{"@type":"WebSite","@id":"https:\/\/fuentesfidedignas.com.mx\/#website","url":"https:\/\/fuentesfidedignas.com.mx\/","name":"Fuentes Fidedignas","description":"Otro sitio realizado con WordPress","publisher":{"@id":"https:\/\/fuentesfidedignas.com.mx\/#organization"},"potentialAction":[{"@type":"SearchAction","target":{"@type":"EntryPoint","urlTemplate":"https:\/\/fuentesfidedignas.com.mx\/?s={search_term_string}"},"query-input":{"@type":"PropertyValueSpecification","valueRequired":true,"valueName":"search_term_string"}}],"inLanguage":"es"},{"@type":"Organization","@id":"https:\/\/fuentesfidedignas.com.mx\/#organization","name":"Fuentes Fidedignas","url":"https:\/\/fuentesfidedignas.com.mx\/","logo":{"@type":"ImageObject","inLanguage":"es","@id":"https:\/\/fuentesfidedignas.com.mx\/#\/schema\/logo\/image\/","url":"https:\/\/fuentesfidedignas.com.mx\/wp-content\/uploads\/2021\/04\/logo-retina.png","contentUrl":"https:\/\/fuentesfidedignas.com.mx\/wp-content\/uploads\/2021\/04\/logo-retina.png","width":280,"height":51,"caption":"Fuentes Fidedignas"},"image":{"@id":"https:\/\/fuentesfidedignas.com.mx\/#\/schema\/logo\/image\/"},"sameAs":["https:\/\/www.facebook.com\/Fuentes-Fidedignas-368234489921644","https:\/\/x.com\/fidedignas"]},{"@type":"Person","@id":"https:\/\/fuentesfidedignas.com.mx\/#\/schema\/person\/331be9283d37198e2acd5750279085b0","name":"Redacci\u00f3n","image":{"@type":"ImageObject","inLanguage":"es","@id":"https:\/\/secure.gravatar.com\/avatar\/f6d8782c11d12b2d4ad3fbb6931aeab5309937a4d6cd2fc9cfaa28a6396a5aec?s=96&d=mm&r=g","url":"https:\/\/secure.gravatar.com\/avatar\/f6d8782c11d12b2d4ad3fbb6931aeab5309937a4d6cd2fc9cfaa28a6396a5aec?s=96&d=mm&r=g","contentUrl":"https:\/\/secure.gravatar.com\/avatar\/f6d8782c11d12b2d4ad3fbb6931aeab5309937a4d6cd2fc9cfaa28a6396a5aec?s=96&d=mm&r=g","caption":"Redacci\u00f3n"},"url":"https:\/\/fuentesfidedignas.com.mx\/index.php\/author\/redaccion\/"}]}},"_links":{"self":[{"href":"https:\/\/fuentesfidedignas.com.mx\/index.php\/wp-json\/wp\/v2\/posts\/62095","targetHints":{"allow":["GET"]}}],"collection":[{"href":"https:\/\/fuentesfidedignas.com.mx\/index.php\/wp-json\/wp\/v2\/posts"}],"about":[{"href":"https:\/\/fuentesfidedignas.com.mx\/index.php\/wp-json\/wp\/v2\/types\/post"}],"author":[{"embeddable":true,"href":"https:\/\/fuentesfidedignas.com.mx\/index.php\/wp-json\/wp\/v2\/users\/4"}],"replies":[{"embeddable":true,"href":"https:\/\/fuentesfidedignas.com.mx\/index.php\/wp-json\/wp\/v2\/comments?post=62095"}],"version-history":[{"count":1,"href":"https:\/\/fuentesfidedignas.com.mx\/index.php\/wp-json\/wp\/v2\/posts\/62095\/revisions"}],"predecessor-version":[{"id":62097,"href":"https:\/\/fuentesfidedignas.com.mx\/index.php\/wp-json\/wp\/v2\/posts\/62095\/revisions\/62097"}],"wp:featuredmedia":[{"embeddable":true,"href":"https:\/\/fuentesfidedignas.com.mx\/index.php\/wp-json\/wp\/v2\/media\/62098"}],"wp:attachment":[{"href":"https:\/\/fuentesfidedignas.com.mx\/index.php\/wp-json\/wp\/v2\/media?parent=62095"}],"wp:term":[{"taxonomy":"category","embeddable":true,"href":"https:\/\/fuentesfidedignas.com.mx\/index.php\/wp-json\/wp\/v2\/categories?post=62095"},{"taxonomy":"post_tag","embeddable":true,"href":"https:\/\/fuentesfidedignas.com.mx\/index.php\/wp-json\/wp\/v2\/tags?post=62095"}],"curies":[{"name":"wp","href":"https:\/\/api.w.org\/{rel}","templated":true}]}}