{"id":62007,"date":"2023-10-11T09:12:49","date_gmt":"2023-10-11T16:12:49","guid":{"rendered":"https:\/\/fuentesfidedignas.com.mx\/?p=62007"},"modified":"2023-10-11T09:44:01","modified_gmt":"2023-10-11T16:44:01","slug":"tres-muertos-en-nayarit-y-guerrero-tras-doble-embate-de-ciclones-lidia-y-max","status":"publish","type":"post","link":"https:\/\/fuentesfidedignas.com.mx\/index.php\/2023\/10\/11\/tres-muertos-en-nayarit-y-guerrero-tras-doble-embate-de-ciclones-lidia-y-max\/","title":{"rendered":"Tres muertos en Nayarit y Guerrero tras doble embate de ciclones &#8216;Lidia&#8217; y &#8216;Max&#8217;"},"content":{"rendered":"\n<p><strong><em>Protecci\u00f3n Civil federal dio a conocer el saldo hasta el momento de afectaciones tras el doble embate de los ciclones Max y Lidia<\/em><\/strong><\/p>\n\n\n\n<p>Nayarit. <strong>Tres personas muertas<\/strong>\u00a0y cientos se refugiaron en albergues del occidente de M\u00e9xico tras el\u00a0<strong>doble embate<\/strong>\u00a0de los ciclones\u00a0<strong>Max<\/strong>\u00a0y\u00a0<strong>Lidia<\/strong>, que de manera sorpresiva entr\u00f3 al pa\u00eds como hurac\u00e1n categor\u00eda 4, seg\u00fan informaron este mi\u00e9rcoles las autoridades mexicanas.<\/p>\n\n\n\n<p><strong>Lidia<\/strong>, ahora como&nbsp;<a href=\"https:\/\/lopezdoriga.com\/nacional\/lidia-debilito-tierra-baja-presion-remanente\/\" target=\"_blank\" rel=\"noreferrer noopener\"><strong>baja presi\u00f3n remanente<\/strong><\/a>, dej\u00f3&nbsp;<strong>un muerto<\/strong>&nbsp;en el estado de&nbsp;<strong>Nayarit<\/strong>&nbsp;tras tocar tierra el mi\u00e9rcoles en Jalisco, expuso&nbsp;<strong>Laura Vel\u00e1zquez<\/strong>, coordinadora nacional de Protecci\u00f3n Civil, en la conferencia matutina del Gobierno.<\/p>\n\n\n\n<blockquote class=\"wp-block-quote is-layout-flow wp-block-quote-is-layout-flow\">\n<p>&#8220;Se han reportado dos lesionados en Autl\u00e1n de Navarro y otro en Cihuatl\u00e1n (ambos en Jalisco), y se han abierto 45 refugios y se tiene hasta el momento 171 personas refugiadas en estos albergues. Asimismo, se reporta un fallecido por ca\u00edda de \u00e1rbol en Bah\u00eda de Banderas, Nayarit\u201d, indic\u00f3 la funcionaria.<\/p>\n<\/blockquote>\n\n\n\n<p>Las v\u00edctimas de Lidia se suman a\u00a0<strong>dos muertos por Max<\/strong>, que se debilit\u00f3 tras tocar tierra como tormenta tropical el lunes en Guerrero, estado del sur del pa\u00eds, donde una persona muri\u00f3 tras caer en un socav\u00f3n en la carretera Acapulco-Zihuatanejo y otro hombre falleci\u00f3 arrastrado por la corriente en el municipio de T\u00e9cpan.<\/p>\n\n\n\n<figure class=\"wp-block-embed is-type-rich is-provider-twitter wp-block-embed-twitter\"><div class=\"wp-block-embed__wrapper\">\n<blockquote class=\"twitter-tweet\" data-width=\"550\" data-dnt=\"true\"><p lang=\"es\" dir=\"ltr\">Este d\u00eda, los remanentes de <a href=\"https:\/\/twitter.com\/hashtag\/Lidia?src=hash&amp;ref_src=twsrc%5Etfw\">#Lidia<\/a> propiciar\u00e1n <a href=\"https:\/\/twitter.com\/hashtag\/Lluvias?src=hash&amp;ref_src=twsrc%5Etfw\">#Lluvias<\/a> muy fuertes en <a href=\"https:\/\/twitter.com\/hashtag\/Colima?src=hash&amp;ref_src=twsrc%5Etfw\">#Colima<\/a>, <a href=\"https:\/\/twitter.com\/hashtag\/Jalisco?src=hash&amp;ref_src=twsrc%5Etfw\">#Jalisco<\/a>, <a href=\"https:\/\/twitter.com\/hashtag\/Sinaloa?src=hash&amp;ref_src=twsrc%5Etfw\">#Sinaloa<\/a>, <a href=\"https:\/\/twitter.com\/hashtag\/Michoac%C3%A1n?src=hash&amp;ref_src=twsrc%5Etfw\">#Michoac\u00e1n<\/a>, <a href=\"https:\/\/twitter.com\/hashtag\/Nayarit?src=hash&amp;ref_src=twsrc%5Etfw\">#Nayarit<\/a> y <a href=\"https:\/\/twitter.com\/hashtag\/Zacatecas?src=hash&amp;ref_src=twsrc%5Etfw\">#Zacatecas<\/a>.<br><br>Toda la informaci\u00f3n \u2b07\ufe0f<a href=\"https:\/\/t.co\/AtS9tPRk6r\">https:\/\/t.co\/AtS9tPRk6r<\/a> <a href=\"https:\/\/t.co\/tailZBkn7r\">pic.twitter.com\/tailZBkn7r<\/a><\/p>&mdash; CONAGUA Clima (@conagua_clima) <a href=\"https:\/\/twitter.com\/conagua_clima\/status\/1712102479893344557?ref_src=twsrc%5Etfw\">October 11, 2023<\/a><\/blockquote><script async src=\"https:\/\/platform.twitter.com\/widgets.js\" charset=\"utf-8\"><\/script>\n<\/div><\/figure>\n\n\n\n<p>Por el impacto de Lidia, la coordinadora de Protecci\u00f3n Civil enunci\u00f3 el despliegue de 32 mil 293 elementos de las Fuerzas Armadas, 741 veh\u00edculos, cuatro cocinas comunitarias, nueve aeronaves, 13 embarcaciones y 403 equipos especializados.<\/p>\n\n\n\n<p>La\u00a0<strong>Comisi\u00f3n Federal de Electricidad<\/strong>\u00a0(<strong>CFE<\/strong>), a\u00f1adi\u00f3 la funcionaria, ha recuperado el servicio el\u00e9ctrico en un 22 por ciento de las zonas afectadas.<\/p>\n\n\n\n<p>Los municipios con m\u00e1s lluvias fueron\u00a0<strong>Autl\u00e1n, Cihuatl\u00e1n, Tolim\u00e1n y Tomatl\u00e1n<\/strong>\u00a0en Jalisco, as\u00ed como\u00a0<strong>Comala<\/strong>\u00a0y\u00a0<strong>Armer\u00eda<\/strong>\u00a0en Colima, detall\u00f3 Vel\u00e1zquez.<\/p>\n\n\n\n<p>En los estados del Pac\u00edfico de M\u00e9xico hubo desbordamiento de r\u00edos, inundaciones de casas y fuertes lluvias en las costas.<\/p>\n\n\n\n<p>\u201cEl d\u00eda de hoy se llevar\u00e1 a cabo un recorrido en los municipios de Tomatl\u00e1n y Autl\u00e1n que han sido los m\u00e1s afectados para determinar cu\u00e1les son los da\u00f1os y detectar las necesidades de la poblaci\u00f3n y evidentemente detectar los da\u00f1os a la infraestructura y a la vivienda\u201d, report\u00f3 la funcionaria.<\/p>\n\n\n\n<h3 class=\"wp-block-heading\">Persisten las fuertes lluvias en M\u00e9xico<\/h3>\n\n\n\n<p>A pesar de la degradaci\u00f3n de Lidia, sus \u201cremanentes propiciar\u00e1n lluvias muy fuertes en Colima, Jalisco, Sinaloa, Michoac\u00e1n, Nayarit y Zacatecas\u201d, avis\u00f3 el S<strong>ervicio Meteorol\u00f3gico Nacional<\/strong>&nbsp;(<strong>SMN<\/strong>).<\/p>\n\n\n\n<blockquote class=\"wp-block-quote is-layout-flow wp-block-quote-is-layout-flow\">\n<p>&#8220;Se estima que las lluvias de mayor intensidad est\u00e9n acompa\u00f1adas de descargas el\u00e9ctricas, rachas fuertes de viento y posible ca\u00edda de granizo; podr\u00edan ocasionar encharcamientos, adem\u00e1s del incremento en los niveles de r\u00edos y arroyos, as\u00ed como deslaves e inundaciones en zonas bajas\u201d, advirti\u00f3 el SMN.<\/p>\n<\/blockquote>\n\n\n\n<p>Lidia y Max son el decimosegundo y decimotercer cicl\u00f3n con nombre de esta temporada en el Pac\u00edfico, donde tambi\u00e9n se han formado Adrian, Beatriz, Calvin, Dora, Eugene, Fernanda, Greg, Hilary, Irwin, Jova y Kenneth.<\/p>\n\n\n\n<p>De ellos, el m\u00e1s da\u00f1ino ha sido Hilary, que en agosto dej\u00f3 cuatro muertos en los estados de Baja California, Baja California Sur y Sinaloa.<\/p>\n\n\n\n<p>El Gobierno de M\u00e9xico pronostic\u00f3 en mayo la formaci\u00f3n de hasta 38 ciclones con nombre en la temporada de 2023, con cinco que azotar\u00edan al pa\u00eds.<\/p>\n","protected":false},"excerpt":{"rendered":"<p>Protecci\u00f3n Civil federal dio a conocer el saldo hasta el momento de afectaciones tras el doble embate de los ciclones Max y Lidia Nayarit. Tres personas muertas\u00a0y cientos se refugiaron en albergues del occidente de M\u00e9xico tras el\u00a0doble embate\u00a0de los ciclones\u00a0Max\u00a0y\u00a0Lidia, que de manera sorpresiva entr\u00f3 al pa\u00eds como hurac\u00e1n categor\u00eda 4, seg\u00fan informaron este [&hellip;]<\/p>\n","protected":false},"author":47,"featured_media":62025,"comment_status":"open","ping_status":"open","sticky":false,"template":"","format":"standard","meta":{"tdm_status":"","tdm_grid_status":"","footnotes":""},"categories":[39],"tags":[],"class_list":{"0":"post-62007","1":"post","2":"type-post","3":"status-publish","4":"format-standard","5":"has-post-thumbnail","7":"category-noticias-nacionales"},"yoast_head":"<!-- This site is optimized with the Yoast SEO plugin v27.5 - https:\/\/yoast.com\/product\/yoast-seo-wordpress\/ -->\n<title>Tres muertos en Nayarit y Guerrero tras doble embate de ciclones &#039;Lidia&#039; y &#039;Max&#039; - Fuentes Fidedignas<\/title>\n<meta name=\"robots\" content=\"index, follow, max-snippet:-1, max-image-preview:large, max-video-preview:-1\" \/>\n<link rel=\"canonical\" href=\"https:\/\/fuentesfidedignas.com.mx\/index.php\/2023\/10\/11\/tres-muertos-en-nayarit-y-guerrero-tras-doble-embate-de-ciclones-lidia-y-max\/\" \/>\n<meta property=\"og:locale\" content=\"es_MX\" \/>\n<meta property=\"og:type\" content=\"article\" \/>\n<meta property=\"og:title\" content=\"Tres muertos en Nayarit y Guerrero tras doble embate de ciclones &#039;Lidia&#039; y &#039;Max&#039; - Fuentes Fidedignas\" \/>\n<meta property=\"og:description\" content=\"Protecci\u00f3n Civil federal dio a conocer el saldo hasta el momento de afectaciones tras el doble embate de los ciclones Max y Lidia Nayarit. Tres personas muertas\u00a0y cientos se refugiaron en albergues del occidente de M\u00e9xico tras el\u00a0doble embate\u00a0de los ciclones\u00a0Max\u00a0y\u00a0Lidia, que de manera sorpresiva entr\u00f3 al pa\u00eds como hurac\u00e1n categor\u00eda 4, seg\u00fan informaron este [&hellip;]\" \/>\n<meta property=\"og:url\" content=\"https:\/\/fuentesfidedignas.com.mx\/index.php\/2023\/10\/11\/tres-muertos-en-nayarit-y-guerrero-tras-doble-embate-de-ciclones-lidia-y-max\/\" \/>\n<meta property=\"og:site_name\" content=\"Fuentes Fidedignas\" \/>\n<meta property=\"article:publisher\" content=\"https:\/\/www.facebook.com\/Fuentes-Fidedignas-368234489921644\" \/>\n<meta property=\"article:published_time\" content=\"2023-10-11T16:12:49+00:00\" \/>\n<meta property=\"article:modified_time\" content=\"2023-10-11T16:44:01+00:00\" \/>\n<meta property=\"og:image\" content=\"https:\/\/fuentesfidedignas.com.mx\/wp-content\/uploads\/2023\/10\/tecpan-guerrero-max-lidia.jpg\" \/>\n\t<meta property=\"og:image:width\" content=\"1024\" \/>\n\t<meta property=\"og:image:height\" content=\"683\" \/>\n\t<meta property=\"og:image:type\" content=\"image\/jpeg\" \/>\n<meta name=\"author\" content=\"L\u00f3pez D\u00f3riga\" \/>\n<meta name=\"twitter:card\" content=\"summary_large_image\" \/>\n<meta name=\"twitter:creator\" content=\"@fidedignas\" \/>\n<meta name=\"twitter:site\" content=\"@fidedignas\" \/>\n<meta name=\"twitter:label1\" content=\"Escrito por\" \/>\n\t<meta name=\"twitter:data1\" content=\"L\u00f3pez D\u00f3riga\" \/>\n\t<meta name=\"twitter:label2\" content=\"Tiempo de lectura\" \/>\n\t<meta name=\"twitter:data2\" content=\"2 minutos\" \/>\n<script type=\"application\/ld+json\" class=\"yoast-schema-graph\">{\"@context\":\"https:\\\/\\\/schema.org\",\"@graph\":[{\"@type\":\"Article\",\"@id\":\"https:\\\/\\\/fuentesfidedignas.com.mx\\\/index.php\\\/2023\\\/10\\\/11\\\/tres-muertos-en-nayarit-y-guerrero-tras-doble-embate-de-ciclones-lidia-y-max\\\/#article\",\"isPartOf\":{\"@id\":\"https:\\\/\\\/fuentesfidedignas.com.mx\\\/index.php\\\/2023\\\/10\\\/11\\\/tres-muertos-en-nayarit-y-guerrero-tras-doble-embate-de-ciclones-lidia-y-max\\\/\"},\"author\":{\"name\":\"L\u00f3pez D\u00f3riga\",\"@id\":\"https:\\\/\\\/fuentesfidedignas.com.mx\\\/#\\\/schema\\\/person\\\/67d852f0557c8509146a4b9ddebd543a\"},\"headline\":\"Tres muertos en Nayarit y Guerrero tras doble embate de ciclones &#8216;Lidia&#8217; y &#8216;Max&#8217;\",\"datePublished\":\"2023-10-11T16:12:49+00:00\",\"dateModified\":\"2023-10-11T16:44:01+00:00\",\"mainEntityOfPage\":{\"@id\":\"https:\\\/\\\/fuentesfidedignas.com.mx\\\/index.php\\\/2023\\\/10\\\/11\\\/tres-muertos-en-nayarit-y-guerrero-tras-doble-embate-de-ciclones-lidia-y-max\\\/\"},\"wordCount\":607,\"commentCount\":0,\"publisher\":{\"@id\":\"https:\\\/\\\/fuentesfidedignas.com.mx\\\/#organization\"},\"image\":{\"@id\":\"https:\\\/\\\/fuentesfidedignas.com.mx\\\/index.php\\\/2023\\\/10\\\/11\\\/tres-muertos-en-nayarit-y-guerrero-tras-doble-embate-de-ciclones-lidia-y-max\\\/#primaryimage\"},\"thumbnailUrl\":\"https:\\\/\\\/fuentesfidedignas.com.mx\\\/wp-content\\\/uploads\\\/2023\\\/10\\\/tecpan-guerrero-max-lidia.jpg\",\"articleSection\":[\"NOTICIAS NACIONALES\"],\"inLanguage\":\"es\",\"potentialAction\":[{\"@type\":\"CommentAction\",\"name\":\"Comment\",\"target\":[\"https:\\\/\\\/fuentesfidedignas.com.mx\\\/index.php\\\/2023\\\/10\\\/11\\\/tres-muertos-en-nayarit-y-guerrero-tras-doble-embate-de-ciclones-lidia-y-max\\\/#respond\"]}]},{\"@type\":\"WebPage\",\"@id\":\"https:\\\/\\\/fuentesfidedignas.com.mx\\\/index.php\\\/2023\\\/10\\\/11\\\/tres-muertos-en-nayarit-y-guerrero-tras-doble-embate-de-ciclones-lidia-y-max\\\/\",\"url\":\"https:\\\/\\\/fuentesfidedignas.com.mx\\\/index.php\\\/2023\\\/10\\\/11\\\/tres-muertos-en-nayarit-y-guerrero-tras-doble-embate-de-ciclones-lidia-y-max\\\/\",\"name\":\"Tres muertos en Nayarit y Guerrero tras doble embate de ciclones 'Lidia' y 'Max' - Fuentes Fidedignas\",\"isPartOf\":{\"@id\":\"https:\\\/\\\/fuentesfidedignas.com.mx\\\/#website\"},\"primaryImageOfPage\":{\"@id\":\"https:\\\/\\\/fuentesfidedignas.com.mx\\\/index.php\\\/2023\\\/10\\\/11\\\/tres-muertos-en-nayarit-y-guerrero-tras-doble-embate-de-ciclones-lidia-y-max\\\/#primaryimage\"},\"image\":{\"@id\":\"https:\\\/\\\/fuentesfidedignas.com.mx\\\/index.php\\\/2023\\\/10\\\/11\\\/tres-muertos-en-nayarit-y-guerrero-tras-doble-embate-de-ciclones-lidia-y-max\\\/#primaryimage\"},\"thumbnailUrl\":\"https:\\\/\\\/fuentesfidedignas.com.mx\\\/wp-content\\\/uploads\\\/2023\\\/10\\\/tecpan-guerrero-max-lidia.jpg\",\"datePublished\":\"2023-10-11T16:12:49+00:00\",\"dateModified\":\"2023-10-11T16:44:01+00:00\",\"breadcrumb\":{\"@id\":\"https:\\\/\\\/fuentesfidedignas.com.mx\\\/index.php\\\/2023\\\/10\\\/11\\\/tres-muertos-en-nayarit-y-guerrero-tras-doble-embate-de-ciclones-lidia-y-max\\\/#breadcrumb\"},\"inLanguage\":\"es\",\"potentialAction\":[{\"@type\":\"ReadAction\",\"target\":[\"https:\\\/\\\/fuentesfidedignas.com.mx\\\/index.php\\\/2023\\\/10\\\/11\\\/tres-muertos-en-nayarit-y-guerrero-tras-doble-embate-de-ciclones-lidia-y-max\\\/\"]}]},{\"@type\":\"ImageObject\",\"inLanguage\":\"es\",\"@id\":\"https:\\\/\\\/fuentesfidedignas.com.mx\\\/index.php\\\/2023\\\/10\\\/11\\\/tres-muertos-en-nayarit-y-guerrero-tras-doble-embate-de-ciclones-lidia-y-max\\\/#primaryimage\",\"url\":\"https:\\\/\\\/fuentesfidedignas.com.mx\\\/wp-content\\\/uploads\\\/2023\\\/10\\\/tecpan-guerrero-max-lidia.jpg\",\"contentUrl\":\"https:\\\/\\\/fuentesfidedignas.com.mx\\\/wp-content\\\/uploads\\\/2023\\\/10\\\/tecpan-guerrero-max-lidia.jpg\",\"width\":1024,\"height\":683},{\"@type\":\"BreadcrumbList\",\"@id\":\"https:\\\/\\\/fuentesfidedignas.com.mx\\\/index.php\\\/2023\\\/10\\\/11\\\/tres-muertos-en-nayarit-y-guerrero-tras-doble-embate-de-ciclones-lidia-y-max\\\/#breadcrumb\",\"itemListElement\":[{\"@type\":\"ListItem\",\"position\":1,\"name\":\"Inicio\",\"item\":\"https:\\\/\\\/fuentesfidedignas.com.mx\\\/\"},{\"@type\":\"ListItem\",\"position\":2,\"name\":\"Tres muertos en Nayarit y Guerrero tras doble embate de ciclones &#8216;Lidia&#8217; y &#8216;Max&#8217;\"}]},{\"@type\":\"WebSite\",\"@id\":\"https:\\\/\\\/fuentesfidedignas.com.mx\\\/#website\",\"url\":\"https:\\\/\\\/fuentesfidedignas.com.mx\\\/\",\"name\":\"Fuentes Fidedignas\",\"description\":\"Otro sitio realizado con WordPress\",\"publisher\":{\"@id\":\"https:\\\/\\\/fuentesfidedignas.com.mx\\\/#organization\"},\"potentialAction\":[{\"@type\":\"SearchAction\",\"target\":{\"@type\":\"EntryPoint\",\"urlTemplate\":\"https:\\\/\\\/fuentesfidedignas.com.mx\\\/?s={search_term_string}\"},\"query-input\":{\"@type\":\"PropertyValueSpecification\",\"valueRequired\":true,\"valueName\":\"search_term_string\"}}],\"inLanguage\":\"es\"},{\"@type\":\"Organization\",\"@id\":\"https:\\\/\\\/fuentesfidedignas.com.mx\\\/#organization\",\"name\":\"Fuentes Fidedignas\",\"url\":\"https:\\\/\\\/fuentesfidedignas.com.mx\\\/\",\"logo\":{\"@type\":\"ImageObject\",\"inLanguage\":\"es\",\"@id\":\"https:\\\/\\\/fuentesfidedignas.com.mx\\\/#\\\/schema\\\/logo\\\/image\\\/\",\"url\":\"https:\\\/\\\/fuentesfidedignas.com.mx\\\/wp-content\\\/uploads\\\/2021\\\/04\\\/logo-retina.png\",\"contentUrl\":\"https:\\\/\\\/fuentesfidedignas.com.mx\\\/wp-content\\\/uploads\\\/2021\\\/04\\\/logo-retina.png\",\"width\":280,\"height\":51,\"caption\":\"Fuentes Fidedignas\"},\"image\":{\"@id\":\"https:\\\/\\\/fuentesfidedignas.com.mx\\\/#\\\/schema\\\/logo\\\/image\\\/\"},\"sameAs\":[\"https:\\\/\\\/www.facebook.com\\\/Fuentes-Fidedignas-368234489921644\",\"https:\\\/\\\/x.com\\\/fidedignas\"]},{\"@type\":\"Person\",\"@id\":\"https:\\\/\\\/fuentesfidedignas.com.mx\\\/#\\\/schema\\\/person\\\/67d852f0557c8509146a4b9ddebd543a\",\"name\":\"L\u00f3pez D\u00f3riga\",\"image\":{\"@type\":\"ImageObject\",\"inLanguage\":\"es\",\"@id\":\"https:\\\/\\\/secure.gravatar.com\\\/avatar\\\/e525b06574ca18b33cded59dfe5778d6c823b9513154eff47da551b0551bdd1e?s=96&d=mm&r=g\",\"url\":\"https:\\\/\\\/secure.gravatar.com\\\/avatar\\\/e525b06574ca18b33cded59dfe5778d6c823b9513154eff47da551b0551bdd1e?s=96&d=mm&r=g\",\"contentUrl\":\"https:\\\/\\\/secure.gravatar.com\\\/avatar\\\/e525b06574ca18b33cded59dfe5778d6c823b9513154eff47da551b0551bdd1e?s=96&d=mm&r=g\",\"caption\":\"L\u00f3pez D\u00f3riga\"},\"url\":\"https:\\\/\\\/fuentesfidedignas.com.mx\\\/index.php\\\/author\\\/doriga\\\/\"}]}<\/script>\n<!-- \/ Yoast SEO plugin. -->","yoast_head_json":{"title":"Tres muertos en Nayarit y Guerrero tras doble embate de ciclones 'Lidia' y 'Max' - Fuentes Fidedignas","robots":{"index":"index","follow":"follow","max-snippet":"max-snippet:-1","max-image-preview":"max-image-preview:large","max-video-preview":"max-video-preview:-1"},"canonical":"https:\/\/fuentesfidedignas.com.mx\/index.php\/2023\/10\/11\/tres-muertos-en-nayarit-y-guerrero-tras-doble-embate-de-ciclones-lidia-y-max\/","og_locale":"es_MX","og_type":"article","og_title":"Tres muertos en Nayarit y Guerrero tras doble embate de ciclones 'Lidia' y 'Max' - Fuentes Fidedignas","og_description":"Protecci\u00f3n Civil federal dio a conocer el saldo hasta el momento de afectaciones tras el doble embate de los ciclones Max y Lidia Nayarit. Tres personas muertas\u00a0y cientos se refugiaron en albergues del occidente de M\u00e9xico tras el\u00a0doble embate\u00a0de los ciclones\u00a0Max\u00a0y\u00a0Lidia, que de manera sorpresiva entr\u00f3 al pa\u00eds como hurac\u00e1n categor\u00eda 4, seg\u00fan informaron este [&hellip;]","og_url":"https:\/\/fuentesfidedignas.com.mx\/index.php\/2023\/10\/11\/tres-muertos-en-nayarit-y-guerrero-tras-doble-embate-de-ciclones-lidia-y-max\/","og_site_name":"Fuentes Fidedignas","article_publisher":"https:\/\/www.facebook.com\/Fuentes-Fidedignas-368234489921644","article_published_time":"2023-10-11T16:12:49+00:00","article_modified_time":"2023-10-11T16:44:01+00:00","og_image":[{"width":1024,"height":683,"url":"https:\/\/fuentesfidedignas.com.mx\/wp-content\/uploads\/2023\/10\/tecpan-guerrero-max-lidia.jpg","type":"image\/jpeg"}],"author":"L\u00f3pez D\u00f3riga","twitter_card":"summary_large_image","twitter_creator":"@fidedignas","twitter_site":"@fidedignas","twitter_misc":{"Escrito por":"L\u00f3pez D\u00f3riga","Tiempo de lectura":"2 minutos"},"schema":{"@context":"https:\/\/schema.org","@graph":[{"@type":"Article","@id":"https:\/\/fuentesfidedignas.com.mx\/index.php\/2023\/10\/11\/tres-muertos-en-nayarit-y-guerrero-tras-doble-embate-de-ciclones-lidia-y-max\/#article","isPartOf":{"@id":"https:\/\/fuentesfidedignas.com.mx\/index.php\/2023\/10\/11\/tres-muertos-en-nayarit-y-guerrero-tras-doble-embate-de-ciclones-lidia-y-max\/"},"author":{"name":"L\u00f3pez D\u00f3riga","@id":"https:\/\/fuentesfidedignas.com.mx\/#\/schema\/person\/67d852f0557c8509146a4b9ddebd543a"},"headline":"Tres muertos en Nayarit y Guerrero tras doble embate de ciclones &#8216;Lidia&#8217; y &#8216;Max&#8217;","datePublished":"2023-10-11T16:12:49+00:00","dateModified":"2023-10-11T16:44:01+00:00","mainEntityOfPage":{"@id":"https:\/\/fuentesfidedignas.com.mx\/index.php\/2023\/10\/11\/tres-muertos-en-nayarit-y-guerrero-tras-doble-embate-de-ciclones-lidia-y-max\/"},"wordCount":607,"commentCount":0,"publisher":{"@id":"https:\/\/fuentesfidedignas.com.mx\/#organization"},"image":{"@id":"https:\/\/fuentesfidedignas.com.mx\/index.php\/2023\/10\/11\/tres-muertos-en-nayarit-y-guerrero-tras-doble-embate-de-ciclones-lidia-y-max\/#primaryimage"},"thumbnailUrl":"https:\/\/fuentesfidedignas.com.mx\/wp-content\/uploads\/2023\/10\/tecpan-guerrero-max-lidia.jpg","articleSection":["NOTICIAS NACIONALES"],"inLanguage":"es","potentialAction":[{"@type":"CommentAction","name":"Comment","target":["https:\/\/fuentesfidedignas.com.mx\/index.php\/2023\/10\/11\/tres-muertos-en-nayarit-y-guerrero-tras-doble-embate-de-ciclones-lidia-y-max\/#respond"]}]},{"@type":"WebPage","@id":"https:\/\/fuentesfidedignas.com.mx\/index.php\/2023\/10\/11\/tres-muertos-en-nayarit-y-guerrero-tras-doble-embate-de-ciclones-lidia-y-max\/","url":"https:\/\/fuentesfidedignas.com.mx\/index.php\/2023\/10\/11\/tres-muertos-en-nayarit-y-guerrero-tras-doble-embate-de-ciclones-lidia-y-max\/","name":"Tres muertos en Nayarit y Guerrero tras doble embate de ciclones 'Lidia' y 'Max' - Fuentes Fidedignas","isPartOf":{"@id":"https:\/\/fuentesfidedignas.com.mx\/#website"},"primaryImageOfPage":{"@id":"https:\/\/fuentesfidedignas.com.mx\/index.php\/2023\/10\/11\/tres-muertos-en-nayarit-y-guerrero-tras-doble-embate-de-ciclones-lidia-y-max\/#primaryimage"},"image":{"@id":"https:\/\/fuentesfidedignas.com.mx\/index.php\/2023\/10\/11\/tres-muertos-en-nayarit-y-guerrero-tras-doble-embate-de-ciclones-lidia-y-max\/#primaryimage"},"thumbnailUrl":"https:\/\/fuentesfidedignas.com.mx\/wp-content\/uploads\/2023\/10\/tecpan-guerrero-max-lidia.jpg","datePublished":"2023-10-11T16:12:49+00:00","dateModified":"2023-10-11T16:44:01+00:00","breadcrumb":{"@id":"https:\/\/fuentesfidedignas.com.mx\/index.php\/2023\/10\/11\/tres-muertos-en-nayarit-y-guerrero-tras-doble-embate-de-ciclones-lidia-y-max\/#breadcrumb"},"inLanguage":"es","potentialAction":[{"@type":"ReadAction","target":["https:\/\/fuentesfidedignas.com.mx\/index.php\/2023\/10\/11\/tres-muertos-en-nayarit-y-guerrero-tras-doble-embate-de-ciclones-lidia-y-max\/"]}]},{"@type":"ImageObject","inLanguage":"es","@id":"https:\/\/fuentesfidedignas.com.mx\/index.php\/2023\/10\/11\/tres-muertos-en-nayarit-y-guerrero-tras-doble-embate-de-ciclones-lidia-y-max\/#primaryimage","url":"https:\/\/fuentesfidedignas.com.mx\/wp-content\/uploads\/2023\/10\/tecpan-guerrero-max-lidia.jpg","contentUrl":"https:\/\/fuentesfidedignas.com.mx\/wp-content\/uploads\/2023\/10\/tecpan-guerrero-max-lidia.jpg","width":1024,"height":683},{"@type":"BreadcrumbList","@id":"https:\/\/fuentesfidedignas.com.mx\/index.php\/2023\/10\/11\/tres-muertos-en-nayarit-y-guerrero-tras-doble-embate-de-ciclones-lidia-y-max\/#breadcrumb","itemListElement":[{"@type":"ListItem","position":1,"name":"Inicio","item":"https:\/\/fuentesfidedignas.com.mx\/"},{"@type":"ListItem","position":2,"name":"Tres muertos en Nayarit y Guerrero tras doble embate de ciclones &#8216;Lidia&#8217; y &#8216;Max&#8217;"}]},{"@type":"WebSite","@id":"https:\/\/fuentesfidedignas.com.mx\/#website","url":"https:\/\/fuentesfidedignas.com.mx\/","name":"Fuentes Fidedignas","description":"Otro sitio realizado con WordPress","publisher":{"@id":"https:\/\/fuentesfidedignas.com.mx\/#organization"},"potentialAction":[{"@type":"SearchAction","target":{"@type":"EntryPoint","urlTemplate":"https:\/\/fuentesfidedignas.com.mx\/?s={search_term_string}"},"query-input":{"@type":"PropertyValueSpecification","valueRequired":true,"valueName":"search_term_string"}}],"inLanguage":"es"},{"@type":"Organization","@id":"https:\/\/fuentesfidedignas.com.mx\/#organization","name":"Fuentes Fidedignas","url":"https:\/\/fuentesfidedignas.com.mx\/","logo":{"@type":"ImageObject","inLanguage":"es","@id":"https:\/\/fuentesfidedignas.com.mx\/#\/schema\/logo\/image\/","url":"https:\/\/fuentesfidedignas.com.mx\/wp-content\/uploads\/2021\/04\/logo-retina.png","contentUrl":"https:\/\/fuentesfidedignas.com.mx\/wp-content\/uploads\/2021\/04\/logo-retina.png","width":280,"height":51,"caption":"Fuentes Fidedignas"},"image":{"@id":"https:\/\/fuentesfidedignas.com.mx\/#\/schema\/logo\/image\/"},"sameAs":["https:\/\/www.facebook.com\/Fuentes-Fidedignas-368234489921644","https:\/\/x.com\/fidedignas"]},{"@type":"Person","@id":"https:\/\/fuentesfidedignas.com.mx\/#\/schema\/person\/67d852f0557c8509146a4b9ddebd543a","name":"L\u00f3pez D\u00f3riga","image":{"@type":"ImageObject","inLanguage":"es","@id":"https:\/\/secure.gravatar.com\/avatar\/e525b06574ca18b33cded59dfe5778d6c823b9513154eff47da551b0551bdd1e?s=96&d=mm&r=g","url":"https:\/\/secure.gravatar.com\/avatar\/e525b06574ca18b33cded59dfe5778d6c823b9513154eff47da551b0551bdd1e?s=96&d=mm&r=g","contentUrl":"https:\/\/secure.gravatar.com\/avatar\/e525b06574ca18b33cded59dfe5778d6c823b9513154eff47da551b0551bdd1e?s=96&d=mm&r=g","caption":"L\u00f3pez D\u00f3riga"},"url":"https:\/\/fuentesfidedignas.com.mx\/index.php\/author\/doriga\/"}]}},"_links":{"self":[{"href":"https:\/\/fuentesfidedignas.com.mx\/index.php\/wp-json\/wp\/v2\/posts\/62007","targetHints":{"allow":["GET"]}}],"collection":[{"href":"https:\/\/fuentesfidedignas.com.mx\/index.php\/wp-json\/wp\/v2\/posts"}],"about":[{"href":"https:\/\/fuentesfidedignas.com.mx\/index.php\/wp-json\/wp\/v2\/types\/post"}],"author":[{"embeddable":true,"href":"https:\/\/fuentesfidedignas.com.mx\/index.php\/wp-json\/wp\/v2\/users\/47"}],"replies":[{"embeddable":true,"href":"https:\/\/fuentesfidedignas.com.mx\/index.php\/wp-json\/wp\/v2\/comments?post=62007"}],"version-history":[{"count":1,"href":"https:\/\/fuentesfidedignas.com.mx\/index.php\/wp-json\/wp\/v2\/posts\/62007\/revisions"}],"predecessor-version":[{"id":62024,"href":"https:\/\/fuentesfidedignas.com.mx\/index.php\/wp-json\/wp\/v2\/posts\/62007\/revisions\/62024"}],"wp:featuredmedia":[{"embeddable":true,"href":"https:\/\/fuentesfidedignas.com.mx\/index.php\/wp-json\/wp\/v2\/media\/62025"}],"wp:attachment":[{"href":"https:\/\/fuentesfidedignas.com.mx\/index.php\/wp-json\/wp\/v2\/media?parent=62007"}],"wp:term":[{"taxonomy":"category","embeddable":true,"href":"https:\/\/fuentesfidedignas.com.mx\/index.php\/wp-json\/wp\/v2\/categories?post=62007"},{"taxonomy":"post_tag","embeddable":true,"href":"https:\/\/fuentesfidedignas.com.mx\/index.php\/wp-json\/wp\/v2\/tags?post=62007"}],"curies":[{"name":"wp","href":"https:\/\/api.w.org\/{rel}","templated":true}]}}