{"id":6193,"date":"2021-06-29T07:44:03","date_gmt":"2021-06-29T14:44:03","guid":{"rendered":"https:\/\/fuentesfidedignas.com.mx\/?p=6193"},"modified":"2021-06-29T07:44:04","modified_gmt":"2021-06-29T14:44:04","slug":"violencia-desbordada-en-la-region-de-la-tribu-yaqui","status":"publish","type":"post","link":"https:\/\/fuentesfidedignas.com.mx\/index.php\/2021\/06\/29\/violencia-desbordada-en-la-region-de-la-tribu-yaqui\/","title":{"rendered":"Violencia desbordada en la regi\u00f3n de la tribu Yaqui"},"content":{"rendered":"\n<p><br><\/p>\n\n\n\n<p>Sonora. En la regi\u00f3n de la tribu yaqui, en Sonora, han desaparecido decenas de j\u00f3venes, crece la criminalizaci\u00f3n a los defensores del territorio y el agua en los medios de comunicaci\u00f3n y redes sociales, la violencia se ha desbordado y \u201cse vive un recrudecimiento de la represi\u00f3n\u201d, advirti\u00f3 Mario Luna, vocero de este pueblo. Esto ocurre en el contexto de sucesi\u00f3n del gobierno estatal y de la construcci\u00f3n del plan de justicia yaqui, se\u00f1al\u00f3.<\/p>\n\n\n\n<p>Adem\u00e1s, las autoridades buscan minimizar el asesinato de Tom\u00e1s Rojo y no quieren clasificar como forzada la desaparici\u00f3n por varios d\u00edas de su hermana, Lorena Valenzuela, agreg\u00f3.<\/p>\n\n\n\n<p>Aunque identificaron el cuerpo de Rojo, las autoridades no quieren llegar a las \u00faltimas consecuencias, lo cual \u201ccomplica la situaci\u00f3n de los que siguen trabajando en la tribu y la indefensi\u00f3n de su familia\u201d. La impunidad que impera hace que a los interesados en los megaproyectos \u201cse les haga f\u00e1cil desaparecer o chantajear a los que se oponen a los despojos con las megaobras\u201d, indic\u00f3 Luna.<\/p>\n\n\n\n<p>Explic\u00f3 que para el plan de justicia del pueblo yaqui se estableci\u00f3 una mesa en la que participa una parte de la tribu, pero \u201cno es culturalmente adecuada la forma en que se instala, hay un grueso de la poblaci\u00f3n que no est\u00e1 en la din\u00e1mica\u201d y aqu\u00ed \u201cinteract\u00faan los oficios de los funcionarios en turno con intereses que buscan desestabilizar a la tribu e incluso abortar que pueda haber un verdadero acuerdo. Preocupa que siguen las campa\u00f1as de desprestigio contra el pueblo\u201d.<\/p>\n\n\n\n<p>Agreg\u00f3 que sobre el agua, que en el desierto del noroeste del pa\u00eds es estrat\u00e9gica, hay incumplimiento de la sentencia de la Corte que prohibi\u00f3 la operaci\u00f3n del acueducto Independencia (construido para llevar l\u00edquido a Hermosillo), \u201cse estigmatiza a quienes seguimos hablando de esta megaobra\u201d.<\/p>\n\n\n\n<p>En conferencia de prensa virtual con Amnist\u00eda Internacional y Serapaz, dijo que en esto pesan los \u201cintereses de los acaparadores del agua porque a lo largo del r\u00edo Yaqui hay usuarios no contemplados y hacen uso del recurso. En este marco se gesta la impunidad en que desaparecen j\u00f3venes\u201d, se\u00f1al\u00f3 Luna, quien por su lucha por el agua fue detenido en 2013.<\/p>\n\n\n\n<p>Detall\u00f3 que a la radio comunitaria que operan, llegan m\u00faltiples quejas de familias acerca de la desaparici\u00f3n de j\u00f3venes con problemas de adicciones o que estaban en \u201clugares equivocados, como bailes\u201d. Todo esto se canaliza al Ministerio P\u00fablico, pero \u00e9ste \u201cse encuentra rebasado\u201d.<\/p>\n\n\n\n<p>Las organizaciones recordaron que durante junio han sido asesinados en Sonora los defensores del agua y el territorio Tom\u00e1s Rojo y Luis Urbano Dom\u00ednguez, ambos l\u00edderes de la tribu yaqui. Tambi\u00e9n los periodistas Sa\u00fal Tijerina en Coahuila, Enrique Garc\u00eda en estado de M\u00e9xico y Gustavo S\u00e1nchez Cabrera en Oaxaca, este \u00faltimo beneficiario del Mecanismo de Protecci\u00f3n para Personas Defensoras de Derechos Humanos y Periodistas.<\/p>\n","protected":false},"excerpt":{"rendered":"<p>Sonora. En la regi\u00f3n de la tribu yaqui, en Sonora, han desaparecido decenas de j\u00f3venes, crece la criminalizaci\u00f3n a los defensores del territorio y el agua en los medios de comunicaci\u00f3n y redes sociales, la violencia se ha desbordado y \u201cse vive un recrudecimiento de la represi\u00f3n\u201d, advirti\u00f3 Mario Luna, vocero de este pueblo. Esto [&hellip;]<\/p>\n","protected":false},"author":45,"featured_media":6194,"comment_status":"open","ping_status":"open","sticky":false,"template":"","format":"standard","meta":{"tdm_status":"","tdm_grid_status":"","footnotes":""},"categories":[39],"tags":[],"class_list":{"0":"post-6193","1":"post","2":"type-post","3":"status-publish","4":"format-standard","5":"has-post-thumbnail","7":"category-noticias-nacionales"},"yoast_head":"<!-- This site is optimized with the Yoast SEO plugin v27.4 - https:\/\/yoast.com\/product\/yoast-seo-wordpress\/ -->\n<title>Violencia desbordada en la regi\u00f3n de la tribu Yaqui - Fuentes Fidedignas<\/title>\n<meta name=\"robots\" content=\"index, follow, max-snippet:-1, max-image-preview:large, max-video-preview:-1\" \/>\n<link rel=\"canonical\" href=\"https:\/\/fuentesfidedignas.com.mx\/index.php\/2021\/06\/29\/violencia-desbordada-en-la-region-de-la-tribu-yaqui\/\" \/>\n<meta property=\"og:locale\" content=\"es_MX\" \/>\n<meta property=\"og:type\" content=\"article\" \/>\n<meta property=\"og:title\" content=\"Violencia desbordada en la regi\u00f3n de la tribu Yaqui - Fuentes Fidedignas\" \/>\n<meta property=\"og:description\" content=\"Sonora. En la regi\u00f3n de la tribu yaqui, en Sonora, han desaparecido decenas de j\u00f3venes, crece la criminalizaci\u00f3n a los defensores del territorio y el agua en los medios de comunicaci\u00f3n y redes sociales, la violencia se ha desbordado y \u201cse vive un recrudecimiento de la represi\u00f3n\u201d, advirti\u00f3 Mario Luna, vocero de este pueblo. Esto [&hellip;]\" \/>\n<meta property=\"og:url\" content=\"https:\/\/fuentesfidedignas.com.mx\/index.php\/2021\/06\/29\/violencia-desbordada-en-la-region-de-la-tribu-yaqui\/\" \/>\n<meta property=\"og:site_name\" content=\"Fuentes Fidedignas\" \/>\n<meta property=\"article:publisher\" content=\"https:\/\/www.facebook.com\/Fuentes-Fidedignas-368234489921644\" \/>\n<meta property=\"article:published_time\" content=\"2021-06-29T14:44:03+00:00\" \/>\n<meta property=\"article:modified_time\" content=\"2021-06-29T14:44:04+00:00\" \/>\n<meta property=\"og:image\" content=\"https:\/\/fuentesfidedignas.com.mx\/wp-content\/uploads\/2021\/06\/image_large-4.jpeg\" \/>\n\t<meta property=\"og:image:width\" content=\"1024\" \/>\n\t<meta property=\"og:image:height\" content=\"681\" \/>\n\t<meta property=\"og:image:type\" content=\"image\/jpeg\" \/>\n<meta name=\"author\" content=\"La Jornada\" \/>\n<meta name=\"twitter:card\" content=\"summary_large_image\" \/>\n<meta name=\"twitter:creator\" content=\"@fidedignas\" \/>\n<meta name=\"twitter:site\" content=\"@fidedignas\" \/>\n<meta name=\"twitter:label1\" content=\"Escrito por\" \/>\n\t<meta name=\"twitter:data1\" content=\"La Jornada\" \/>\n\t<meta name=\"twitter:label2\" content=\"Tiempo de lectura\" \/>\n\t<meta name=\"twitter:data2\" content=\"3 minutos\" \/>\n<script type=\"application\/ld+json\" class=\"yoast-schema-graph\">{\"@context\":\"https:\\\/\\\/schema.org\",\"@graph\":[{\"@type\":\"Article\",\"@id\":\"https:\\\/\\\/fuentesfidedignas.com.mx\\\/index.php\\\/2021\\\/06\\\/29\\\/violencia-desbordada-en-la-region-de-la-tribu-yaqui\\\/#article\",\"isPartOf\":{\"@id\":\"https:\\\/\\\/fuentesfidedignas.com.mx\\\/index.php\\\/2021\\\/06\\\/29\\\/violencia-desbordada-en-la-region-de-la-tribu-yaqui\\\/\"},\"author\":{\"name\":\"La Jornada\",\"@id\":\"https:\\\/\\\/fuentesfidedignas.com.mx\\\/#\\\/schema\\\/person\\\/87eacee4072e149fccc7de67f9634f35\"},\"headline\":\"Violencia desbordada en la regi\u00f3n de la tribu Yaqui\",\"datePublished\":\"2021-06-29T14:44:03+00:00\",\"dateModified\":\"2021-06-29T14:44:04+00:00\",\"mainEntityOfPage\":{\"@id\":\"https:\\\/\\\/fuentesfidedignas.com.mx\\\/index.php\\\/2021\\\/06\\\/29\\\/violencia-desbordada-en-la-region-de-la-tribu-yaqui\\\/\"},\"wordCount\":513,\"commentCount\":0,\"publisher\":{\"@id\":\"https:\\\/\\\/fuentesfidedignas.com.mx\\\/#organization\"},\"image\":{\"@id\":\"https:\\\/\\\/fuentesfidedignas.com.mx\\\/index.php\\\/2021\\\/06\\\/29\\\/violencia-desbordada-en-la-region-de-la-tribu-yaqui\\\/#primaryimage\"},\"thumbnailUrl\":\"https:\\\/\\\/fuentesfidedignas.com.mx\\\/wp-content\\\/uploads\\\/2021\\\/06\\\/image_large-4.jpeg\",\"articleSection\":[\"NOTICIAS NACIONALES\"],\"inLanguage\":\"es\",\"potentialAction\":[{\"@type\":\"CommentAction\",\"name\":\"Comment\",\"target\":[\"https:\\\/\\\/fuentesfidedignas.com.mx\\\/index.php\\\/2021\\\/06\\\/29\\\/violencia-desbordada-en-la-region-de-la-tribu-yaqui\\\/#respond\"]}]},{\"@type\":\"WebPage\",\"@id\":\"https:\\\/\\\/fuentesfidedignas.com.mx\\\/index.php\\\/2021\\\/06\\\/29\\\/violencia-desbordada-en-la-region-de-la-tribu-yaqui\\\/\",\"url\":\"https:\\\/\\\/fuentesfidedignas.com.mx\\\/index.php\\\/2021\\\/06\\\/29\\\/violencia-desbordada-en-la-region-de-la-tribu-yaqui\\\/\",\"name\":\"Violencia desbordada en la regi\u00f3n de la tribu Yaqui - Fuentes Fidedignas\",\"isPartOf\":{\"@id\":\"https:\\\/\\\/fuentesfidedignas.com.mx\\\/#website\"},\"primaryImageOfPage\":{\"@id\":\"https:\\\/\\\/fuentesfidedignas.com.mx\\\/index.php\\\/2021\\\/06\\\/29\\\/violencia-desbordada-en-la-region-de-la-tribu-yaqui\\\/#primaryimage\"},\"image\":{\"@id\":\"https:\\\/\\\/fuentesfidedignas.com.mx\\\/index.php\\\/2021\\\/06\\\/29\\\/violencia-desbordada-en-la-region-de-la-tribu-yaqui\\\/#primaryimage\"},\"thumbnailUrl\":\"https:\\\/\\\/fuentesfidedignas.com.mx\\\/wp-content\\\/uploads\\\/2021\\\/06\\\/image_large-4.jpeg\",\"datePublished\":\"2021-06-29T14:44:03+00:00\",\"dateModified\":\"2021-06-29T14:44:04+00:00\",\"breadcrumb\":{\"@id\":\"https:\\\/\\\/fuentesfidedignas.com.mx\\\/index.php\\\/2021\\\/06\\\/29\\\/violencia-desbordada-en-la-region-de-la-tribu-yaqui\\\/#breadcrumb\"},\"inLanguage\":\"es\",\"potentialAction\":[{\"@type\":\"ReadAction\",\"target\":[\"https:\\\/\\\/fuentesfidedignas.com.mx\\\/index.php\\\/2021\\\/06\\\/29\\\/violencia-desbordada-en-la-region-de-la-tribu-yaqui\\\/\"]}]},{\"@type\":\"ImageObject\",\"inLanguage\":\"es\",\"@id\":\"https:\\\/\\\/fuentesfidedignas.com.mx\\\/index.php\\\/2021\\\/06\\\/29\\\/violencia-desbordada-en-la-region-de-la-tribu-yaqui\\\/#primaryimage\",\"url\":\"https:\\\/\\\/fuentesfidedignas.com.mx\\\/wp-content\\\/uploads\\\/2021\\\/06\\\/image_large-4.jpeg\",\"contentUrl\":\"https:\\\/\\\/fuentesfidedignas.com.mx\\\/wp-content\\\/uploads\\\/2021\\\/06\\\/image_large-4.jpeg\",\"width\":1024,\"height\":681},{\"@type\":\"BreadcrumbList\",\"@id\":\"https:\\\/\\\/fuentesfidedignas.com.mx\\\/index.php\\\/2021\\\/06\\\/29\\\/violencia-desbordada-en-la-region-de-la-tribu-yaqui\\\/#breadcrumb\",\"itemListElement\":[{\"@type\":\"ListItem\",\"position\":1,\"name\":\"Inicio\",\"item\":\"https:\\\/\\\/fuentesfidedignas.com.mx\\\/\"},{\"@type\":\"ListItem\",\"position\":2,\"name\":\"Violencia desbordada en la regi\u00f3n de la tribu Yaqui\"}]},{\"@type\":\"WebSite\",\"@id\":\"https:\\\/\\\/fuentesfidedignas.com.mx\\\/#website\",\"url\":\"https:\\\/\\\/fuentesfidedignas.com.mx\\\/\",\"name\":\"Fuentes Fidedignas\",\"description\":\"Otro sitio realizado con WordPress\",\"publisher\":{\"@id\":\"https:\\\/\\\/fuentesfidedignas.com.mx\\\/#organization\"},\"potentialAction\":[{\"@type\":\"SearchAction\",\"target\":{\"@type\":\"EntryPoint\",\"urlTemplate\":\"https:\\\/\\\/fuentesfidedignas.com.mx\\\/?s={search_term_string}\"},\"query-input\":{\"@type\":\"PropertyValueSpecification\",\"valueRequired\":true,\"valueName\":\"search_term_string\"}}],\"inLanguage\":\"es\"},{\"@type\":\"Organization\",\"@id\":\"https:\\\/\\\/fuentesfidedignas.com.mx\\\/#organization\",\"name\":\"Fuentes Fidedignas\",\"url\":\"https:\\\/\\\/fuentesfidedignas.com.mx\\\/\",\"logo\":{\"@type\":\"ImageObject\",\"inLanguage\":\"es\",\"@id\":\"https:\\\/\\\/fuentesfidedignas.com.mx\\\/#\\\/schema\\\/logo\\\/image\\\/\",\"url\":\"https:\\\/\\\/fuentesfidedignas.com.mx\\\/wp-content\\\/uploads\\\/2021\\\/04\\\/logo-retina.png\",\"contentUrl\":\"https:\\\/\\\/fuentesfidedignas.com.mx\\\/wp-content\\\/uploads\\\/2021\\\/04\\\/logo-retina.png\",\"width\":280,\"height\":51,\"caption\":\"Fuentes Fidedignas\"},\"image\":{\"@id\":\"https:\\\/\\\/fuentesfidedignas.com.mx\\\/#\\\/schema\\\/logo\\\/image\\\/\"},\"sameAs\":[\"https:\\\/\\\/www.facebook.com\\\/Fuentes-Fidedignas-368234489921644\",\"https:\\\/\\\/x.com\\\/fidedignas\"]},{\"@type\":\"Person\",\"@id\":\"https:\\\/\\\/fuentesfidedignas.com.mx\\\/#\\\/schema\\\/person\\\/87eacee4072e149fccc7de67f9634f35\",\"name\":\"La Jornada\",\"image\":{\"@type\":\"ImageObject\",\"inLanguage\":\"es\",\"@id\":\"https:\\\/\\\/secure.gravatar.com\\\/avatar\\\/2b09f15a418e222775ffd645761e3fcecd1fb9d7a38a3ba858adf349aab82c7c?s=96&d=mm&r=g\",\"url\":\"https:\\\/\\\/secure.gravatar.com\\\/avatar\\\/2b09f15a418e222775ffd645761e3fcecd1fb9d7a38a3ba858adf349aab82c7c?s=96&d=mm&r=g\",\"contentUrl\":\"https:\\\/\\\/secure.gravatar.com\\\/avatar\\\/2b09f15a418e222775ffd645761e3fcecd1fb9d7a38a3ba858adf349aab82c7c?s=96&d=mm&r=g\",\"caption\":\"La Jornada\"},\"url\":\"https:\\\/\\\/fuentesfidedignas.com.mx\\\/index.php\\\/author\\\/jornada\\\/\"}]}<\/script>\n<!-- \/ Yoast SEO plugin. -->","yoast_head_json":{"title":"Violencia desbordada en la regi\u00f3n de la tribu Yaqui - Fuentes Fidedignas","robots":{"index":"index","follow":"follow","max-snippet":"max-snippet:-1","max-image-preview":"max-image-preview:large","max-video-preview":"max-video-preview:-1"},"canonical":"https:\/\/fuentesfidedignas.com.mx\/index.php\/2021\/06\/29\/violencia-desbordada-en-la-region-de-la-tribu-yaqui\/","og_locale":"es_MX","og_type":"article","og_title":"Violencia desbordada en la regi\u00f3n de la tribu Yaqui - Fuentes Fidedignas","og_description":"Sonora. En la regi\u00f3n de la tribu yaqui, en Sonora, han desaparecido decenas de j\u00f3venes, crece la criminalizaci\u00f3n a los defensores del territorio y el agua en los medios de comunicaci\u00f3n y redes sociales, la violencia se ha desbordado y \u201cse vive un recrudecimiento de la represi\u00f3n\u201d, advirti\u00f3 Mario Luna, vocero de este pueblo. Esto [&hellip;]","og_url":"https:\/\/fuentesfidedignas.com.mx\/index.php\/2021\/06\/29\/violencia-desbordada-en-la-region-de-la-tribu-yaqui\/","og_site_name":"Fuentes Fidedignas","article_publisher":"https:\/\/www.facebook.com\/Fuentes-Fidedignas-368234489921644","article_published_time":"2021-06-29T14:44:03+00:00","article_modified_time":"2021-06-29T14:44:04+00:00","og_image":[{"width":1024,"height":681,"url":"https:\/\/fuentesfidedignas.com.mx\/wp-content\/uploads\/2021\/06\/image_large-4.jpeg","type":"image\/jpeg"}],"author":"La Jornada","twitter_card":"summary_large_image","twitter_creator":"@fidedignas","twitter_site":"@fidedignas","twitter_misc":{"Escrito por":"La Jornada","Tiempo de lectura":"3 minutos"},"schema":{"@context":"https:\/\/schema.org","@graph":[{"@type":"Article","@id":"https:\/\/fuentesfidedignas.com.mx\/index.php\/2021\/06\/29\/violencia-desbordada-en-la-region-de-la-tribu-yaqui\/#article","isPartOf":{"@id":"https:\/\/fuentesfidedignas.com.mx\/index.php\/2021\/06\/29\/violencia-desbordada-en-la-region-de-la-tribu-yaqui\/"},"author":{"name":"La Jornada","@id":"https:\/\/fuentesfidedignas.com.mx\/#\/schema\/person\/87eacee4072e149fccc7de67f9634f35"},"headline":"Violencia desbordada en la regi\u00f3n de la tribu Yaqui","datePublished":"2021-06-29T14:44:03+00:00","dateModified":"2021-06-29T14:44:04+00:00","mainEntityOfPage":{"@id":"https:\/\/fuentesfidedignas.com.mx\/index.php\/2021\/06\/29\/violencia-desbordada-en-la-region-de-la-tribu-yaqui\/"},"wordCount":513,"commentCount":0,"publisher":{"@id":"https:\/\/fuentesfidedignas.com.mx\/#organization"},"image":{"@id":"https:\/\/fuentesfidedignas.com.mx\/index.php\/2021\/06\/29\/violencia-desbordada-en-la-region-de-la-tribu-yaqui\/#primaryimage"},"thumbnailUrl":"https:\/\/fuentesfidedignas.com.mx\/wp-content\/uploads\/2021\/06\/image_large-4.jpeg","articleSection":["NOTICIAS NACIONALES"],"inLanguage":"es","potentialAction":[{"@type":"CommentAction","name":"Comment","target":["https:\/\/fuentesfidedignas.com.mx\/index.php\/2021\/06\/29\/violencia-desbordada-en-la-region-de-la-tribu-yaqui\/#respond"]}]},{"@type":"WebPage","@id":"https:\/\/fuentesfidedignas.com.mx\/index.php\/2021\/06\/29\/violencia-desbordada-en-la-region-de-la-tribu-yaqui\/","url":"https:\/\/fuentesfidedignas.com.mx\/index.php\/2021\/06\/29\/violencia-desbordada-en-la-region-de-la-tribu-yaqui\/","name":"Violencia desbordada en la regi\u00f3n de la tribu Yaqui - Fuentes Fidedignas","isPartOf":{"@id":"https:\/\/fuentesfidedignas.com.mx\/#website"},"primaryImageOfPage":{"@id":"https:\/\/fuentesfidedignas.com.mx\/index.php\/2021\/06\/29\/violencia-desbordada-en-la-region-de-la-tribu-yaqui\/#primaryimage"},"image":{"@id":"https:\/\/fuentesfidedignas.com.mx\/index.php\/2021\/06\/29\/violencia-desbordada-en-la-region-de-la-tribu-yaqui\/#primaryimage"},"thumbnailUrl":"https:\/\/fuentesfidedignas.com.mx\/wp-content\/uploads\/2021\/06\/image_large-4.jpeg","datePublished":"2021-06-29T14:44:03+00:00","dateModified":"2021-06-29T14:44:04+00:00","breadcrumb":{"@id":"https:\/\/fuentesfidedignas.com.mx\/index.php\/2021\/06\/29\/violencia-desbordada-en-la-region-de-la-tribu-yaqui\/#breadcrumb"},"inLanguage":"es","potentialAction":[{"@type":"ReadAction","target":["https:\/\/fuentesfidedignas.com.mx\/index.php\/2021\/06\/29\/violencia-desbordada-en-la-region-de-la-tribu-yaqui\/"]}]},{"@type":"ImageObject","inLanguage":"es","@id":"https:\/\/fuentesfidedignas.com.mx\/index.php\/2021\/06\/29\/violencia-desbordada-en-la-region-de-la-tribu-yaqui\/#primaryimage","url":"https:\/\/fuentesfidedignas.com.mx\/wp-content\/uploads\/2021\/06\/image_large-4.jpeg","contentUrl":"https:\/\/fuentesfidedignas.com.mx\/wp-content\/uploads\/2021\/06\/image_large-4.jpeg","width":1024,"height":681},{"@type":"BreadcrumbList","@id":"https:\/\/fuentesfidedignas.com.mx\/index.php\/2021\/06\/29\/violencia-desbordada-en-la-region-de-la-tribu-yaqui\/#breadcrumb","itemListElement":[{"@type":"ListItem","position":1,"name":"Inicio","item":"https:\/\/fuentesfidedignas.com.mx\/"},{"@type":"ListItem","position":2,"name":"Violencia desbordada en la regi\u00f3n de la tribu Yaqui"}]},{"@type":"WebSite","@id":"https:\/\/fuentesfidedignas.com.mx\/#website","url":"https:\/\/fuentesfidedignas.com.mx\/","name":"Fuentes Fidedignas","description":"Otro sitio realizado con WordPress","publisher":{"@id":"https:\/\/fuentesfidedignas.com.mx\/#organization"},"potentialAction":[{"@type":"SearchAction","target":{"@type":"EntryPoint","urlTemplate":"https:\/\/fuentesfidedignas.com.mx\/?s={search_term_string}"},"query-input":{"@type":"PropertyValueSpecification","valueRequired":true,"valueName":"search_term_string"}}],"inLanguage":"es"},{"@type":"Organization","@id":"https:\/\/fuentesfidedignas.com.mx\/#organization","name":"Fuentes Fidedignas","url":"https:\/\/fuentesfidedignas.com.mx\/","logo":{"@type":"ImageObject","inLanguage":"es","@id":"https:\/\/fuentesfidedignas.com.mx\/#\/schema\/logo\/image\/","url":"https:\/\/fuentesfidedignas.com.mx\/wp-content\/uploads\/2021\/04\/logo-retina.png","contentUrl":"https:\/\/fuentesfidedignas.com.mx\/wp-content\/uploads\/2021\/04\/logo-retina.png","width":280,"height":51,"caption":"Fuentes Fidedignas"},"image":{"@id":"https:\/\/fuentesfidedignas.com.mx\/#\/schema\/logo\/image\/"},"sameAs":["https:\/\/www.facebook.com\/Fuentes-Fidedignas-368234489921644","https:\/\/x.com\/fidedignas"]},{"@type":"Person","@id":"https:\/\/fuentesfidedignas.com.mx\/#\/schema\/person\/87eacee4072e149fccc7de67f9634f35","name":"La Jornada","image":{"@type":"ImageObject","inLanguage":"es","@id":"https:\/\/secure.gravatar.com\/avatar\/2b09f15a418e222775ffd645761e3fcecd1fb9d7a38a3ba858adf349aab82c7c?s=96&d=mm&r=g","url":"https:\/\/secure.gravatar.com\/avatar\/2b09f15a418e222775ffd645761e3fcecd1fb9d7a38a3ba858adf349aab82c7c?s=96&d=mm&r=g","contentUrl":"https:\/\/secure.gravatar.com\/avatar\/2b09f15a418e222775ffd645761e3fcecd1fb9d7a38a3ba858adf349aab82c7c?s=96&d=mm&r=g","caption":"La Jornada"},"url":"https:\/\/fuentesfidedignas.com.mx\/index.php\/author\/jornada\/"}]}},"_links":{"self":[{"href":"https:\/\/fuentesfidedignas.com.mx\/index.php\/wp-json\/wp\/v2\/posts\/6193","targetHints":{"allow":["GET"]}}],"collection":[{"href":"https:\/\/fuentesfidedignas.com.mx\/index.php\/wp-json\/wp\/v2\/posts"}],"about":[{"href":"https:\/\/fuentesfidedignas.com.mx\/index.php\/wp-json\/wp\/v2\/types\/post"}],"author":[{"embeddable":true,"href":"https:\/\/fuentesfidedignas.com.mx\/index.php\/wp-json\/wp\/v2\/users\/45"}],"replies":[{"embeddable":true,"href":"https:\/\/fuentesfidedignas.com.mx\/index.php\/wp-json\/wp\/v2\/comments?post=6193"}],"version-history":[{"count":1,"href":"https:\/\/fuentesfidedignas.com.mx\/index.php\/wp-json\/wp\/v2\/posts\/6193\/revisions"}],"predecessor-version":[{"id":6195,"href":"https:\/\/fuentesfidedignas.com.mx\/index.php\/wp-json\/wp\/v2\/posts\/6193\/revisions\/6195"}],"wp:featuredmedia":[{"embeddable":true,"href":"https:\/\/fuentesfidedignas.com.mx\/index.php\/wp-json\/wp\/v2\/media\/6194"}],"wp:attachment":[{"href":"https:\/\/fuentesfidedignas.com.mx\/index.php\/wp-json\/wp\/v2\/media?parent=6193"}],"wp:term":[{"taxonomy":"category","embeddable":true,"href":"https:\/\/fuentesfidedignas.com.mx\/index.php\/wp-json\/wp\/v2\/categories?post=6193"},{"taxonomy":"post_tag","embeddable":true,"href":"https:\/\/fuentesfidedignas.com.mx\/index.php\/wp-json\/wp\/v2\/tags?post=6193"}],"curies":[{"name":"wp","href":"https:\/\/api.w.org\/{rel}","templated":true}]}}