{"id":6189,"date":"2021-06-29T07:09:16","date_gmt":"2021-06-29T14:09:16","guid":{"rendered":"https:\/\/fuentesfidedignas.com.mx\/?p=6189"},"modified":"2021-06-29T07:35:30","modified_gmt":"2021-06-29T14:35:30","slug":"el-gobierno-respetara-decision-de-la-corte-sobre-uso-ludico-de-la-mariguana-amlo","status":"publish","type":"post","link":"https:\/\/fuentesfidedignas.com.mx\/index.php\/2021\/06\/29\/el-gobierno-respetara-decision-de-la-corte-sobre-uso-ludico-de-la-mariguana-amlo\/","title":{"rendered":"Si consumo l\u00fadico de mariguana perjudica, se prohibir\u00e1: AMLO"},"content":{"rendered":"\n<p><strong><em> \u201cEl grave problema de drogadicci\u00f3n, para detener la violencia, entonces actuar\u00edamos\u201d, expres\u00f3 el mandatario en la conferencia ma\u00f1anera<\/em><\/strong><\/p>\n\n\n\n<p>Ciudad de M\u00e9xico. &#8211; El presidente Andr\u00e9s Manuel L\u00f3pez Obrador anunci\u00f3 que el gobierno federal respetar\u00e1 la resoluci\u00f3n de la Suprema Corte de Justicia de la Naci\u00f3n (SCJN), sobre la declaraci\u00f3n de inconstitucionalidad sobre la prohibici\u00f3n del uso l\u00fadico de la mariguana en M\u00e9xico.<\/p>\n\n\n\n<p>No obstante, dijo que van a evaluar los efectos de la medida aprobada por el Poder Judicial y si esto no ayuda al pa\u00eds para enfrentar \u201cel grave problema de drogadicci\u00f3n, para detener la violencia, entonces actuar\u00edamos\u201d, expres\u00f3 el mandatario en la conferencia ma\u00f1anera.<\/p>\n\n\n\n<p>Tambi\u00e9n, aclar\u00f3 que si esta medida no perjudica y puede evitar que haya violencia, el resultado se va a reflejar en la pr\u00e1ctica, \u201ctenemos tiempo y vamos a actuar\u201d, indic\u00f3.<\/p>\n\n\n\n<p>El titular del Ejecutivo federal explic\u00f3 que cuando lleg\u00f3 a la Presidencia de la Rep\u00fablica, el proceso de despenalizar el consumo de marihuana ya estaba avanzado, se hizo un ejercicio al interior de su gabinete y como no hubo consenso, se opt\u00f3 por esperar a que el Poder Judicial resolviera sobre el caso.<\/p>\n\n\n\n<p>\u201cImplica respetar la decisi\u00f3n que tom\u00f3 el Poder Judicial, pero al mismo tiempo significa recoger los sentimientos de la gente, los puntos de vista de todos y ver c\u00f3mo se va desenvolviendo y aplicando esta medida, qu\u00e9 efectos tendr\u00e1 esta medida en la pr\u00e1ctica, si perjudica, palanquear\u00edamos un cambio, enviar\u00eda yo de acuerdo a mis facultades una iniciativa de ley\u201d, adelant\u00f3 el mandatario.<\/p>\n\n\n\n<p>Al respecto, dijo que en breve se van a notar los efectos de la resoluci\u00f3n de la SCJN y dijo que lo mejor hubiera sido organizar foros para tener informaci\u00f3n de quienes est\u00e1 a favor y en contra de la despenalizaci\u00f3n y decidir a trav\u00e9s de una consulta popular.<\/p>\n\n\n\n<p>\u201cPor eso soy partidario de la democracia participativa y representativa, porque estos asuntos si se informara bien, se organizaran debates, escuchando todos los puntos de vista de especialistas, ciudadanos, j\u00f3venes, de todos, luego de escuchar a todos, se aplica una consulta y as\u00ed se decide, eso es mandar obedeciendo\u201d, indic\u00f3 el presidente L\u00f3pez Obrador.<\/p>\n\n\n\n<p>Y remat\u00f3:<\/p>\n\n\n\n<p>\u201cNo porque ya nos eligieron con la democracia representativa, podemos decidirlo todo, no. El pueblo siempre tiene que tener las riendas del poder en sus manos y para eso es la democracia participativa\u201d, asegur\u00f3.<\/p>\n","protected":false},"excerpt":{"rendered":"<p>\u201cEl grave problema de drogadicci\u00f3n, para detener la violencia, entonces actuar\u00edamos\u201d, expres\u00f3 el mandatario en la conferencia ma\u00f1anera Ciudad de M\u00e9xico. &#8211; El presidente Andr\u00e9s Manuel L\u00f3pez Obrador anunci\u00f3 que el gobierno federal respetar\u00e1 la resoluci\u00f3n de la Suprema Corte de Justicia de la Naci\u00f3n (SCJN), sobre la declaraci\u00f3n de inconstitucionalidad sobre la prohibici\u00f3n del [&hellip;]<\/p>\n","protected":false},"author":50,"featured_media":6190,"comment_status":"open","ping_status":"open","sticky":false,"template":"","format":"standard","meta":{"tdm_status":"","tdm_grid_status":"","footnotes":""},"categories":[39],"tags":[],"class_list":{"0":"post-6189","1":"post","2":"type-post","3":"status-publish","4":"format-standard","5":"has-post-thumbnail","7":"category-noticias-nacionales"},"yoast_head":"<!-- This site is optimized with the Yoast SEO plugin v27.5 - https:\/\/yoast.com\/product\/yoast-seo-wordpress\/ -->\n<title>Si consumo l\u00fadico de mariguana perjudica, se prohibir\u00e1: AMLO - Fuentes Fidedignas<\/title>\n<meta name=\"robots\" content=\"index, follow, max-snippet:-1, max-image-preview:large, max-video-preview:-1\" \/>\n<link rel=\"canonical\" href=\"https:\/\/fuentesfidedignas.com.mx\/index.php\/2021\/06\/29\/el-gobierno-respetara-decision-de-la-corte-sobre-uso-ludico-de-la-mariguana-amlo\/\" \/>\n<meta property=\"og:locale\" content=\"es_MX\" \/>\n<meta property=\"og:type\" content=\"article\" \/>\n<meta property=\"og:title\" content=\"Si consumo l\u00fadico de mariguana perjudica, se prohibir\u00e1: AMLO - Fuentes Fidedignas\" \/>\n<meta property=\"og:description\" content=\"\u201cEl grave problema de drogadicci\u00f3n, para detener la violencia, entonces actuar\u00edamos\u201d, expres\u00f3 el mandatario en la conferencia ma\u00f1anera Ciudad de M\u00e9xico. &#8211; El presidente Andr\u00e9s Manuel L\u00f3pez Obrador anunci\u00f3 que el gobierno federal respetar\u00e1 la resoluci\u00f3n de la Suprema Corte de Justicia de la Naci\u00f3n (SCJN), sobre la declaraci\u00f3n de inconstitucionalidad sobre la prohibici\u00f3n del [&hellip;]\" \/>\n<meta property=\"og:url\" content=\"https:\/\/fuentesfidedignas.com.mx\/index.php\/2021\/06\/29\/el-gobierno-respetara-decision-de-la-corte-sobre-uso-ludico-de-la-mariguana-amlo\/\" \/>\n<meta property=\"og:site_name\" content=\"Fuentes Fidedignas\" \/>\n<meta property=\"article:publisher\" content=\"https:\/\/www.facebook.com\/Fuentes-Fidedignas-368234489921644\" \/>\n<meta property=\"article:published_time\" content=\"2021-06-29T14:09:16+00:00\" \/>\n<meta property=\"article:modified_time\" content=\"2021-06-29T14:35:30+00:00\" \/>\n<meta property=\"og:image\" content=\"https:\/\/fuentesfidedignas.com.mx\/wp-content\/uploads\/2021\/06\/f608x342-137820_167543_15.jpg\" \/>\n\t<meta property=\"og:image:width\" content=\"608\" \/>\n\t<meta property=\"og:image:height\" content=\"342\" \/>\n\t<meta property=\"og:image:type\" content=\"image\/jpeg\" \/>\n<meta name=\"author\" content=\"Proceso\" \/>\n<meta name=\"twitter:card\" content=\"summary_large_image\" \/>\n<meta name=\"twitter:creator\" content=\"@fidedignas\" \/>\n<meta name=\"twitter:site\" content=\"@fidedignas\" \/>\n<meta name=\"twitter:label1\" content=\"Escrito por\" \/>\n\t<meta name=\"twitter:data1\" content=\"Proceso\" \/>\n\t<meta name=\"twitter:label2\" content=\"Tiempo de lectura\" \/>\n\t<meta name=\"twitter:data2\" content=\"2 minutos\" \/>\n<script type=\"application\/ld+json\" class=\"yoast-schema-graph\">{\"@context\":\"https:\\\/\\\/schema.org\",\"@graph\":[{\"@type\":\"Article\",\"@id\":\"https:\\\/\\\/fuentesfidedignas.com.mx\\\/index.php\\\/2021\\\/06\\\/29\\\/el-gobierno-respetara-decision-de-la-corte-sobre-uso-ludico-de-la-mariguana-amlo\\\/#article\",\"isPartOf\":{\"@id\":\"https:\\\/\\\/fuentesfidedignas.com.mx\\\/index.php\\\/2021\\\/06\\\/29\\\/el-gobierno-respetara-decision-de-la-corte-sobre-uso-ludico-de-la-mariguana-amlo\\\/\"},\"author\":{\"name\":\"Proceso\",\"@id\":\"https:\\\/\\\/fuentesfidedignas.com.mx\\\/#\\\/schema\\\/person\\\/eb72247ff123b3ce5e4cadc7f50ae372\"},\"headline\":\"Si consumo l\u00fadico de mariguana perjudica, se prohibir\u00e1: AMLO\",\"datePublished\":\"2021-06-29T14:09:16+00:00\",\"dateModified\":\"2021-06-29T14:35:30+00:00\",\"mainEntityOfPage\":{\"@id\":\"https:\\\/\\\/fuentesfidedignas.com.mx\\\/index.php\\\/2021\\\/06\\\/29\\\/el-gobierno-respetara-decision-de-la-corte-sobre-uso-ludico-de-la-mariguana-amlo\\\/\"},\"wordCount\":431,\"commentCount\":0,\"publisher\":{\"@id\":\"https:\\\/\\\/fuentesfidedignas.com.mx\\\/#organization\"},\"image\":{\"@id\":\"https:\\\/\\\/fuentesfidedignas.com.mx\\\/index.php\\\/2021\\\/06\\\/29\\\/el-gobierno-respetara-decision-de-la-corte-sobre-uso-ludico-de-la-mariguana-amlo\\\/#primaryimage\"},\"thumbnailUrl\":\"https:\\\/\\\/fuentesfidedignas.com.mx\\\/wp-content\\\/uploads\\\/2021\\\/06\\\/f608x342-137820_167543_15.jpg\",\"articleSection\":[\"NOTICIAS NACIONALES\"],\"inLanguage\":\"es\",\"potentialAction\":[{\"@type\":\"CommentAction\",\"name\":\"Comment\",\"target\":[\"https:\\\/\\\/fuentesfidedignas.com.mx\\\/index.php\\\/2021\\\/06\\\/29\\\/el-gobierno-respetara-decision-de-la-corte-sobre-uso-ludico-de-la-mariguana-amlo\\\/#respond\"]}]},{\"@type\":\"WebPage\",\"@id\":\"https:\\\/\\\/fuentesfidedignas.com.mx\\\/index.php\\\/2021\\\/06\\\/29\\\/el-gobierno-respetara-decision-de-la-corte-sobre-uso-ludico-de-la-mariguana-amlo\\\/\",\"url\":\"https:\\\/\\\/fuentesfidedignas.com.mx\\\/index.php\\\/2021\\\/06\\\/29\\\/el-gobierno-respetara-decision-de-la-corte-sobre-uso-ludico-de-la-mariguana-amlo\\\/\",\"name\":\"Si consumo l\u00fadico de mariguana perjudica, se prohibir\u00e1: AMLO - Fuentes Fidedignas\",\"isPartOf\":{\"@id\":\"https:\\\/\\\/fuentesfidedignas.com.mx\\\/#website\"},\"primaryImageOfPage\":{\"@id\":\"https:\\\/\\\/fuentesfidedignas.com.mx\\\/index.php\\\/2021\\\/06\\\/29\\\/el-gobierno-respetara-decision-de-la-corte-sobre-uso-ludico-de-la-mariguana-amlo\\\/#primaryimage\"},\"image\":{\"@id\":\"https:\\\/\\\/fuentesfidedignas.com.mx\\\/index.php\\\/2021\\\/06\\\/29\\\/el-gobierno-respetara-decision-de-la-corte-sobre-uso-ludico-de-la-mariguana-amlo\\\/#primaryimage\"},\"thumbnailUrl\":\"https:\\\/\\\/fuentesfidedignas.com.mx\\\/wp-content\\\/uploads\\\/2021\\\/06\\\/f608x342-137820_167543_15.jpg\",\"datePublished\":\"2021-06-29T14:09:16+00:00\",\"dateModified\":\"2021-06-29T14:35:30+00:00\",\"breadcrumb\":{\"@id\":\"https:\\\/\\\/fuentesfidedignas.com.mx\\\/index.php\\\/2021\\\/06\\\/29\\\/el-gobierno-respetara-decision-de-la-corte-sobre-uso-ludico-de-la-mariguana-amlo\\\/#breadcrumb\"},\"inLanguage\":\"es\",\"potentialAction\":[{\"@type\":\"ReadAction\",\"target\":[\"https:\\\/\\\/fuentesfidedignas.com.mx\\\/index.php\\\/2021\\\/06\\\/29\\\/el-gobierno-respetara-decision-de-la-corte-sobre-uso-ludico-de-la-mariguana-amlo\\\/\"]}]},{\"@type\":\"ImageObject\",\"inLanguage\":\"es\",\"@id\":\"https:\\\/\\\/fuentesfidedignas.com.mx\\\/index.php\\\/2021\\\/06\\\/29\\\/el-gobierno-respetara-decision-de-la-corte-sobre-uso-ludico-de-la-mariguana-amlo\\\/#primaryimage\",\"url\":\"https:\\\/\\\/fuentesfidedignas.com.mx\\\/wp-content\\\/uploads\\\/2021\\\/06\\\/f608x342-137820_167543_15.jpg\",\"contentUrl\":\"https:\\\/\\\/fuentesfidedignas.com.mx\\\/wp-content\\\/uploads\\\/2021\\\/06\\\/f608x342-137820_167543_15.jpg\",\"width\":608,\"height\":342},{\"@type\":\"BreadcrumbList\",\"@id\":\"https:\\\/\\\/fuentesfidedignas.com.mx\\\/index.php\\\/2021\\\/06\\\/29\\\/el-gobierno-respetara-decision-de-la-corte-sobre-uso-ludico-de-la-mariguana-amlo\\\/#breadcrumb\",\"itemListElement\":[{\"@type\":\"ListItem\",\"position\":1,\"name\":\"Inicio\",\"item\":\"https:\\\/\\\/fuentesfidedignas.com.mx\\\/\"},{\"@type\":\"ListItem\",\"position\":2,\"name\":\"Si consumo l\u00fadico de mariguana perjudica, se prohibir\u00e1: AMLO\"}]},{\"@type\":\"WebSite\",\"@id\":\"https:\\\/\\\/fuentesfidedignas.com.mx\\\/#website\",\"url\":\"https:\\\/\\\/fuentesfidedignas.com.mx\\\/\",\"name\":\"Fuentes Fidedignas\",\"description\":\"Otro sitio realizado con WordPress\",\"publisher\":{\"@id\":\"https:\\\/\\\/fuentesfidedignas.com.mx\\\/#organization\"},\"potentialAction\":[{\"@type\":\"SearchAction\",\"target\":{\"@type\":\"EntryPoint\",\"urlTemplate\":\"https:\\\/\\\/fuentesfidedignas.com.mx\\\/?s={search_term_string}\"},\"query-input\":{\"@type\":\"PropertyValueSpecification\",\"valueRequired\":true,\"valueName\":\"search_term_string\"}}],\"inLanguage\":\"es\"},{\"@type\":\"Organization\",\"@id\":\"https:\\\/\\\/fuentesfidedignas.com.mx\\\/#organization\",\"name\":\"Fuentes Fidedignas\",\"url\":\"https:\\\/\\\/fuentesfidedignas.com.mx\\\/\",\"logo\":{\"@type\":\"ImageObject\",\"inLanguage\":\"es\",\"@id\":\"https:\\\/\\\/fuentesfidedignas.com.mx\\\/#\\\/schema\\\/logo\\\/image\\\/\",\"url\":\"https:\\\/\\\/fuentesfidedignas.com.mx\\\/wp-content\\\/uploads\\\/2021\\\/04\\\/logo-retina.png\",\"contentUrl\":\"https:\\\/\\\/fuentesfidedignas.com.mx\\\/wp-content\\\/uploads\\\/2021\\\/04\\\/logo-retina.png\",\"width\":280,\"height\":51,\"caption\":\"Fuentes Fidedignas\"},\"image\":{\"@id\":\"https:\\\/\\\/fuentesfidedignas.com.mx\\\/#\\\/schema\\\/logo\\\/image\\\/\"},\"sameAs\":[\"https:\\\/\\\/www.facebook.com\\\/Fuentes-Fidedignas-368234489921644\",\"https:\\\/\\\/x.com\\\/fidedignas\"]},{\"@type\":\"Person\",\"@id\":\"https:\\\/\\\/fuentesfidedignas.com.mx\\\/#\\\/schema\\\/person\\\/eb72247ff123b3ce5e4cadc7f50ae372\",\"name\":\"Proceso\",\"image\":{\"@type\":\"ImageObject\",\"inLanguage\":\"es\",\"@id\":\"https:\\\/\\\/secure.gravatar.com\\\/avatar\\\/0bb01ecb091d50a46122cbe5cc32ffea15a000f83628f1e40458e669d38ff2cd?s=96&d=mm&r=g\",\"url\":\"https:\\\/\\\/secure.gravatar.com\\\/avatar\\\/0bb01ecb091d50a46122cbe5cc32ffea15a000f83628f1e40458e669d38ff2cd?s=96&d=mm&r=g\",\"contentUrl\":\"https:\\\/\\\/secure.gravatar.com\\\/avatar\\\/0bb01ecb091d50a46122cbe5cc32ffea15a000f83628f1e40458e669d38ff2cd?s=96&d=mm&r=g\",\"caption\":\"Proceso\"},\"url\":\"https:\\\/\\\/fuentesfidedignas.com.mx\\\/index.php\\\/author\\\/proceso\\\/\"}]}<\/script>\n<!-- \/ Yoast SEO plugin. -->","yoast_head_json":{"title":"Si consumo l\u00fadico de mariguana perjudica, se prohibir\u00e1: AMLO - Fuentes Fidedignas","robots":{"index":"index","follow":"follow","max-snippet":"max-snippet:-1","max-image-preview":"max-image-preview:large","max-video-preview":"max-video-preview:-1"},"canonical":"https:\/\/fuentesfidedignas.com.mx\/index.php\/2021\/06\/29\/el-gobierno-respetara-decision-de-la-corte-sobre-uso-ludico-de-la-mariguana-amlo\/","og_locale":"es_MX","og_type":"article","og_title":"Si consumo l\u00fadico de mariguana perjudica, se prohibir\u00e1: AMLO - Fuentes Fidedignas","og_description":"\u201cEl grave problema de drogadicci\u00f3n, para detener la violencia, entonces actuar\u00edamos\u201d, expres\u00f3 el mandatario en la conferencia ma\u00f1anera Ciudad de M\u00e9xico. &#8211; El presidente Andr\u00e9s Manuel L\u00f3pez Obrador anunci\u00f3 que el gobierno federal respetar\u00e1 la resoluci\u00f3n de la Suprema Corte de Justicia de la Naci\u00f3n (SCJN), sobre la declaraci\u00f3n de inconstitucionalidad sobre la prohibici\u00f3n del [&hellip;]","og_url":"https:\/\/fuentesfidedignas.com.mx\/index.php\/2021\/06\/29\/el-gobierno-respetara-decision-de-la-corte-sobre-uso-ludico-de-la-mariguana-amlo\/","og_site_name":"Fuentes Fidedignas","article_publisher":"https:\/\/www.facebook.com\/Fuentes-Fidedignas-368234489921644","article_published_time":"2021-06-29T14:09:16+00:00","article_modified_time":"2021-06-29T14:35:30+00:00","og_image":[{"width":608,"height":342,"url":"https:\/\/fuentesfidedignas.com.mx\/wp-content\/uploads\/2021\/06\/f608x342-137820_167543_15.jpg","type":"image\/jpeg"}],"author":"Proceso","twitter_card":"summary_large_image","twitter_creator":"@fidedignas","twitter_site":"@fidedignas","twitter_misc":{"Escrito por":"Proceso","Tiempo de lectura":"2 minutos"},"schema":{"@context":"https:\/\/schema.org","@graph":[{"@type":"Article","@id":"https:\/\/fuentesfidedignas.com.mx\/index.php\/2021\/06\/29\/el-gobierno-respetara-decision-de-la-corte-sobre-uso-ludico-de-la-mariguana-amlo\/#article","isPartOf":{"@id":"https:\/\/fuentesfidedignas.com.mx\/index.php\/2021\/06\/29\/el-gobierno-respetara-decision-de-la-corte-sobre-uso-ludico-de-la-mariguana-amlo\/"},"author":{"name":"Proceso","@id":"https:\/\/fuentesfidedignas.com.mx\/#\/schema\/person\/eb72247ff123b3ce5e4cadc7f50ae372"},"headline":"Si consumo l\u00fadico de mariguana perjudica, se prohibir\u00e1: AMLO","datePublished":"2021-06-29T14:09:16+00:00","dateModified":"2021-06-29T14:35:30+00:00","mainEntityOfPage":{"@id":"https:\/\/fuentesfidedignas.com.mx\/index.php\/2021\/06\/29\/el-gobierno-respetara-decision-de-la-corte-sobre-uso-ludico-de-la-mariguana-amlo\/"},"wordCount":431,"commentCount":0,"publisher":{"@id":"https:\/\/fuentesfidedignas.com.mx\/#organization"},"image":{"@id":"https:\/\/fuentesfidedignas.com.mx\/index.php\/2021\/06\/29\/el-gobierno-respetara-decision-de-la-corte-sobre-uso-ludico-de-la-mariguana-amlo\/#primaryimage"},"thumbnailUrl":"https:\/\/fuentesfidedignas.com.mx\/wp-content\/uploads\/2021\/06\/f608x342-137820_167543_15.jpg","articleSection":["NOTICIAS NACIONALES"],"inLanguage":"es","potentialAction":[{"@type":"CommentAction","name":"Comment","target":["https:\/\/fuentesfidedignas.com.mx\/index.php\/2021\/06\/29\/el-gobierno-respetara-decision-de-la-corte-sobre-uso-ludico-de-la-mariguana-amlo\/#respond"]}]},{"@type":"WebPage","@id":"https:\/\/fuentesfidedignas.com.mx\/index.php\/2021\/06\/29\/el-gobierno-respetara-decision-de-la-corte-sobre-uso-ludico-de-la-mariguana-amlo\/","url":"https:\/\/fuentesfidedignas.com.mx\/index.php\/2021\/06\/29\/el-gobierno-respetara-decision-de-la-corte-sobre-uso-ludico-de-la-mariguana-amlo\/","name":"Si consumo l\u00fadico de mariguana perjudica, se prohibir\u00e1: AMLO - Fuentes Fidedignas","isPartOf":{"@id":"https:\/\/fuentesfidedignas.com.mx\/#website"},"primaryImageOfPage":{"@id":"https:\/\/fuentesfidedignas.com.mx\/index.php\/2021\/06\/29\/el-gobierno-respetara-decision-de-la-corte-sobre-uso-ludico-de-la-mariguana-amlo\/#primaryimage"},"image":{"@id":"https:\/\/fuentesfidedignas.com.mx\/index.php\/2021\/06\/29\/el-gobierno-respetara-decision-de-la-corte-sobre-uso-ludico-de-la-mariguana-amlo\/#primaryimage"},"thumbnailUrl":"https:\/\/fuentesfidedignas.com.mx\/wp-content\/uploads\/2021\/06\/f608x342-137820_167543_15.jpg","datePublished":"2021-06-29T14:09:16+00:00","dateModified":"2021-06-29T14:35:30+00:00","breadcrumb":{"@id":"https:\/\/fuentesfidedignas.com.mx\/index.php\/2021\/06\/29\/el-gobierno-respetara-decision-de-la-corte-sobre-uso-ludico-de-la-mariguana-amlo\/#breadcrumb"},"inLanguage":"es","potentialAction":[{"@type":"ReadAction","target":["https:\/\/fuentesfidedignas.com.mx\/index.php\/2021\/06\/29\/el-gobierno-respetara-decision-de-la-corte-sobre-uso-ludico-de-la-mariguana-amlo\/"]}]},{"@type":"ImageObject","inLanguage":"es","@id":"https:\/\/fuentesfidedignas.com.mx\/index.php\/2021\/06\/29\/el-gobierno-respetara-decision-de-la-corte-sobre-uso-ludico-de-la-mariguana-amlo\/#primaryimage","url":"https:\/\/fuentesfidedignas.com.mx\/wp-content\/uploads\/2021\/06\/f608x342-137820_167543_15.jpg","contentUrl":"https:\/\/fuentesfidedignas.com.mx\/wp-content\/uploads\/2021\/06\/f608x342-137820_167543_15.jpg","width":608,"height":342},{"@type":"BreadcrumbList","@id":"https:\/\/fuentesfidedignas.com.mx\/index.php\/2021\/06\/29\/el-gobierno-respetara-decision-de-la-corte-sobre-uso-ludico-de-la-mariguana-amlo\/#breadcrumb","itemListElement":[{"@type":"ListItem","position":1,"name":"Inicio","item":"https:\/\/fuentesfidedignas.com.mx\/"},{"@type":"ListItem","position":2,"name":"Si consumo l\u00fadico de mariguana perjudica, se prohibir\u00e1: AMLO"}]},{"@type":"WebSite","@id":"https:\/\/fuentesfidedignas.com.mx\/#website","url":"https:\/\/fuentesfidedignas.com.mx\/","name":"Fuentes Fidedignas","description":"Otro sitio realizado con WordPress","publisher":{"@id":"https:\/\/fuentesfidedignas.com.mx\/#organization"},"potentialAction":[{"@type":"SearchAction","target":{"@type":"EntryPoint","urlTemplate":"https:\/\/fuentesfidedignas.com.mx\/?s={search_term_string}"},"query-input":{"@type":"PropertyValueSpecification","valueRequired":true,"valueName":"search_term_string"}}],"inLanguage":"es"},{"@type":"Organization","@id":"https:\/\/fuentesfidedignas.com.mx\/#organization","name":"Fuentes Fidedignas","url":"https:\/\/fuentesfidedignas.com.mx\/","logo":{"@type":"ImageObject","inLanguage":"es","@id":"https:\/\/fuentesfidedignas.com.mx\/#\/schema\/logo\/image\/","url":"https:\/\/fuentesfidedignas.com.mx\/wp-content\/uploads\/2021\/04\/logo-retina.png","contentUrl":"https:\/\/fuentesfidedignas.com.mx\/wp-content\/uploads\/2021\/04\/logo-retina.png","width":280,"height":51,"caption":"Fuentes Fidedignas"},"image":{"@id":"https:\/\/fuentesfidedignas.com.mx\/#\/schema\/logo\/image\/"},"sameAs":["https:\/\/www.facebook.com\/Fuentes-Fidedignas-368234489921644","https:\/\/x.com\/fidedignas"]},{"@type":"Person","@id":"https:\/\/fuentesfidedignas.com.mx\/#\/schema\/person\/eb72247ff123b3ce5e4cadc7f50ae372","name":"Proceso","image":{"@type":"ImageObject","inLanguage":"es","@id":"https:\/\/secure.gravatar.com\/avatar\/0bb01ecb091d50a46122cbe5cc32ffea15a000f83628f1e40458e669d38ff2cd?s=96&d=mm&r=g","url":"https:\/\/secure.gravatar.com\/avatar\/0bb01ecb091d50a46122cbe5cc32ffea15a000f83628f1e40458e669d38ff2cd?s=96&d=mm&r=g","contentUrl":"https:\/\/secure.gravatar.com\/avatar\/0bb01ecb091d50a46122cbe5cc32ffea15a000f83628f1e40458e669d38ff2cd?s=96&d=mm&r=g","caption":"Proceso"},"url":"https:\/\/fuentesfidedignas.com.mx\/index.php\/author\/proceso\/"}]}},"_links":{"self":[{"href":"https:\/\/fuentesfidedignas.com.mx\/index.php\/wp-json\/wp\/v2\/posts\/6189","targetHints":{"allow":["GET"]}}],"collection":[{"href":"https:\/\/fuentesfidedignas.com.mx\/index.php\/wp-json\/wp\/v2\/posts"}],"about":[{"href":"https:\/\/fuentesfidedignas.com.mx\/index.php\/wp-json\/wp\/v2\/types\/post"}],"author":[{"embeddable":true,"href":"https:\/\/fuentesfidedignas.com.mx\/index.php\/wp-json\/wp\/v2\/users\/50"}],"replies":[{"embeddable":true,"href":"https:\/\/fuentesfidedignas.com.mx\/index.php\/wp-json\/wp\/v2\/comments?post=6189"}],"version-history":[{"count":2,"href":"https:\/\/fuentesfidedignas.com.mx\/index.php\/wp-json\/wp\/v2\/posts\/6189\/revisions"}],"predecessor-version":[{"id":6192,"href":"https:\/\/fuentesfidedignas.com.mx\/index.php\/wp-json\/wp\/v2\/posts\/6189\/revisions\/6192"}],"wp:featuredmedia":[{"embeddable":true,"href":"https:\/\/fuentesfidedignas.com.mx\/index.php\/wp-json\/wp\/v2\/media\/6190"}],"wp:attachment":[{"href":"https:\/\/fuentesfidedignas.com.mx\/index.php\/wp-json\/wp\/v2\/media?parent=6189"}],"wp:term":[{"taxonomy":"category","embeddable":true,"href":"https:\/\/fuentesfidedignas.com.mx\/index.php\/wp-json\/wp\/v2\/categories?post=6189"},{"taxonomy":"post_tag","embeddable":true,"href":"https:\/\/fuentesfidedignas.com.mx\/index.php\/wp-json\/wp\/v2\/tags?post=6189"}],"curies":[{"name":"wp","href":"https:\/\/api.w.org\/{rel}","templated":true}]}}