{"id":61628,"date":"2023-10-07T11:12:40","date_gmt":"2023-10-07T18:12:40","guid":{"rendered":"https:\/\/fuentesfidedignas.com.mx\/?p=61628"},"modified":"2023-10-07T11:12:55","modified_gmt":"2023-10-07T18:12:55","slug":"anuies-y-la-uas-comparten-estrategias-de-internacionalizacion-con-otros-institutos-de-educacion-superior","status":"publish","type":"post","link":"https:\/\/fuentesfidedignas.com.mx\/index.php\/2023\/10\/07\/anuies-y-la-uas-comparten-estrategias-de-internacionalizacion-con-otros-institutos-de-educacion-superior\/","title":{"rendered":"ANUIES y la UAS comparten estrategias de internacionalizaci\u00f3n con otros institutos de educaci\u00f3n superior"},"content":{"rendered":"\n<p><em><strong>Esto implica c\u00f3mo movilizar a la comunidad universitaria, c\u00f3mo movilizar a los estudiantes y maestros y c\u00f3mo hacer para que los investigadores de otras partes del mundo vengan a la Universidad<\/strong><\/em><\/p>\n\n\n\n<p>Culiac\u00e1n, Sin.- Jes\u00fas Enrique S\u00e1nchez Zazueta, Director General de Vinculaci\u00f3n y Relaciones Internacionales de la Universidad Aut\u00f3noma de Sinaloa (UAS), acudi\u00f3 al Seminario para Nuevos Responsables de Oficinas de Internacionalizaci\u00f3n, en donde comparti\u00f3 con representantes de diferentes universidades e institutos de educaci\u00f3n superior de M\u00e9xico las estrategias de \u00e9xito que esta casa de estudios ha venido implementando en este campo para beneficio de sus estudiantes, acad\u00e9micos e investigadores.<\/p>\n\n\n\n<p>Durante el Seminario, que tuvo como sede la ciudad de Ensenada, Baja California, y que fue organizada por la Asociaci\u00f3n Nacional de Universidades e Instituciones de Educaci\u00f3n Superior (ANUIES), Santander y el CETYS Universidad, S\u00e1nchez Zazueta explic\u00f3 la forma en la cual la UAS ha logrado desarrollar su potencial local para llevarlo al \u00e1mbito internacional.<\/p>\n\n\n\n<p>\u201cNuestra participaci\u00f3n es en el sentido de c\u00f3mo la Universidad ha logrado desarrollarse tanto con el potencial local y llevarlo a lo internacional, es decir, cu\u00e1les son las cualidades y fortalezas que tiene la Universidad Aut\u00f3noma de Sinaloa a todo lo largo y ancho del estado con sus j\u00f3venes, con sus investigadores, con su personal, que podemos llevar a todo el mundo\u201d, coment\u00f3.<\/p>\n\n\n\n<p>A\u00f1adi\u00f3 que esto implica c\u00f3mo movilizar a la comunidad universitaria, c\u00f3mo movilizar a los estudiantes y maestros y c\u00f3mo hacer para que los investigadores de otras partes del mundo vengan a la Universidad, as\u00ed como otros estudiantes de Licenciatura se acerquen a la UAS y estudiantes un semestre.<\/p>\n\n\n\n<p>\u201cTodo el trabajo que se ha desarrollado desde el 2005 a la fecha ha sido un conjunto de alianzas estrat\u00e9gicas para que nos conozcan a nivel internacional, ahora con la gesti\u00f3n de del doctor Jes\u00fas Madue\u00f1a Molina, Rector de la Universidad Aut\u00f3noma de Sinaloa y el Plan de Desarrollo Institucional con Visi\u00f3n de Futuro 2020-2025, hemos ido a hacer dardos de precisi\u00f3n, es decir, aquellas debilidades que hemos podido notar, descubrirlas, tocarles e ir con otras instituciones\u201d, detall\u00f3 a los asistentes al Seminario.<\/p>\n\n\n\n<p>S\u00e1nchez Zazueta destac\u00f3 que para \u00e9l es un honor participar con estas organizaciones para que se vea la consolidaci\u00f3n y la visi\u00f3n de futuro que ha tenido la UAS, as\u00ed como los rankings internacionales en lo que est\u00e1 la instituci\u00f3n y c\u00f3mo \u00e9sta se ha posicionado en los \u00faltimos dos a\u00f1os.<\/p>\n\n\n\n<p>\u201cPara la Universidad Aut\u00f3noma de Sinaloa y para un servidor es muy grato ser considerado para este tipo de eventos, con una invitaci\u00f3n directa para que externemos ante los dem\u00e1s compa\u00f1eros de internacionalizaci\u00f3n cuales son las estrategias que hemos desarrollado desde esta oficina, desde la Direcci\u00f3n General de Vinculaci\u00f3n y Relaciones Internacionales\u201d, concluy\u00f3 S\u00e1nchez Zazueta.<\/p>\n","protected":false},"excerpt":{"rendered":"<p>Esto implica c\u00f3mo movilizar a la comunidad universitaria, c\u00f3mo movilizar a los estudiantes y maestros y c\u00f3mo hacer para que los investigadores de otras partes del mundo vengan a la Universidad Culiac\u00e1n, Sin.- Jes\u00fas Enrique S\u00e1nchez Zazueta, Director General de Vinculaci\u00f3n y Relaciones Internacionales de la Universidad Aut\u00f3noma de Sinaloa (UAS), acudi\u00f3 al Seminario para [&hellip;]<\/p>\n","protected":false},"author":4,"featured_media":61630,"comment_status":"open","ping_status":"open","sticky":false,"template":"","format":"standard","meta":{"tdm_status":"","tdm_grid_status":"","footnotes":""},"categories":[1],"tags":[],"class_list":{"0":"post-61628","1":"post","2":"type-post","3":"status-publish","4":"format-standard","5":"has-post-thumbnail","7":"category-sin-categoria"},"yoast_head":"<!-- This site is optimized with the Yoast SEO plugin v27.5 - https:\/\/yoast.com\/product\/yoast-seo-wordpress\/ -->\n<title>ANUIES y la UAS comparten estrategias de internacionalizaci\u00f3n con otros institutos de educaci\u00f3n superior - Fuentes Fidedignas<\/title>\n<meta name=\"robots\" content=\"index, follow, max-snippet:-1, max-image-preview:large, max-video-preview:-1\" \/>\n<link rel=\"canonical\" href=\"https:\/\/fuentesfidedignas.com.mx\/index.php\/2023\/10\/07\/anuies-y-la-uas-comparten-estrategias-de-internacionalizacion-con-otros-institutos-de-educacion-superior\/\" \/>\n<meta property=\"og:locale\" content=\"es_MX\" \/>\n<meta property=\"og:type\" content=\"article\" \/>\n<meta property=\"og:title\" content=\"ANUIES y la UAS comparten estrategias de internacionalizaci\u00f3n con otros institutos de educaci\u00f3n superior - Fuentes Fidedignas\" \/>\n<meta property=\"og:description\" content=\"Esto implica c\u00f3mo movilizar a la comunidad universitaria, c\u00f3mo movilizar a los estudiantes y maestros y c\u00f3mo hacer para que los investigadores de otras partes del mundo vengan a la Universidad Culiac\u00e1n, Sin.- Jes\u00fas Enrique S\u00e1nchez Zazueta, Director General de Vinculaci\u00f3n y Relaciones Internacionales de la Universidad Aut\u00f3noma de Sinaloa (UAS), acudi\u00f3 al Seminario para [&hellip;]\" \/>\n<meta property=\"og:url\" content=\"https:\/\/fuentesfidedignas.com.mx\/index.php\/2023\/10\/07\/anuies-y-la-uas-comparten-estrategias-de-internacionalizacion-con-otros-institutos-de-educacion-superior\/\" \/>\n<meta property=\"og:site_name\" content=\"Fuentes Fidedignas\" \/>\n<meta property=\"article:publisher\" content=\"https:\/\/www.facebook.com\/Fuentes-Fidedignas-368234489921644\" \/>\n<meta property=\"article:published_time\" content=\"2023-10-07T18:12:40+00:00\" \/>\n<meta property=\"article:modified_time\" content=\"2023-10-07T18:12:55+00:00\" \/>\n<meta property=\"og:image\" content=\"https:\/\/fuentesfidedignas.com.mx\/wp-content\/uploads\/2023\/10\/VINCULACION-1.jpeg\" \/>\n\t<meta property=\"og:image:width\" content=\"1024\" \/>\n\t<meta property=\"og:image:height\" content=\"768\" \/>\n\t<meta property=\"og:image:type\" content=\"image\/jpeg\" \/>\n<meta name=\"author\" content=\"Redacci\u00f3n\" \/>\n<meta name=\"twitter:card\" content=\"summary_large_image\" \/>\n<meta name=\"twitter:creator\" content=\"@fidedignas\" \/>\n<meta name=\"twitter:site\" content=\"@fidedignas\" \/>\n<meta name=\"twitter:label1\" content=\"Escrito por\" \/>\n\t<meta name=\"twitter:data1\" content=\"Redacci\u00f3n\" \/>\n\t<meta name=\"twitter:label2\" content=\"Tiempo de lectura\" \/>\n\t<meta name=\"twitter:data2\" content=\"3 minutos\" \/>\n<script type=\"application\/ld+json\" class=\"yoast-schema-graph\">{\"@context\":\"https:\\\/\\\/schema.org\",\"@graph\":[{\"@type\":\"Article\",\"@id\":\"https:\\\/\\\/fuentesfidedignas.com.mx\\\/index.php\\\/2023\\\/10\\\/07\\\/anuies-y-la-uas-comparten-estrategias-de-internacionalizacion-con-otros-institutos-de-educacion-superior\\\/#article\",\"isPartOf\":{\"@id\":\"https:\\\/\\\/fuentesfidedignas.com.mx\\\/index.php\\\/2023\\\/10\\\/07\\\/anuies-y-la-uas-comparten-estrategias-de-internacionalizacion-con-otros-institutos-de-educacion-superior\\\/\"},\"author\":{\"name\":\"Redacci\u00f3n\",\"@id\":\"https:\\\/\\\/fuentesfidedignas.com.mx\\\/#\\\/schema\\\/person\\\/331be9283d37198e2acd5750279085b0\"},\"headline\":\"ANUIES y la UAS comparten estrategias de internacionalizaci\u00f3n con otros institutos de educaci\u00f3n superior\",\"datePublished\":\"2023-10-07T18:12:40+00:00\",\"dateModified\":\"2023-10-07T18:12:55+00:00\",\"mainEntityOfPage\":{\"@id\":\"https:\\\/\\\/fuentesfidedignas.com.mx\\\/index.php\\\/2023\\\/10\\\/07\\\/anuies-y-la-uas-comparten-estrategias-de-internacionalizacion-con-otros-institutos-de-educacion-superior\\\/\"},\"wordCount\":515,\"commentCount\":0,\"publisher\":{\"@id\":\"https:\\\/\\\/fuentesfidedignas.com.mx\\\/#organization\"},\"image\":{\"@id\":\"https:\\\/\\\/fuentesfidedignas.com.mx\\\/index.php\\\/2023\\\/10\\\/07\\\/anuies-y-la-uas-comparten-estrategias-de-internacionalizacion-con-otros-institutos-de-educacion-superior\\\/#primaryimage\"},\"thumbnailUrl\":\"https:\\\/\\\/fuentesfidedignas.com.mx\\\/wp-content\\\/uploads\\\/2023\\\/10\\\/VINCULACION-1.jpeg\",\"inLanguage\":\"es\",\"potentialAction\":[{\"@type\":\"CommentAction\",\"name\":\"Comment\",\"target\":[\"https:\\\/\\\/fuentesfidedignas.com.mx\\\/index.php\\\/2023\\\/10\\\/07\\\/anuies-y-la-uas-comparten-estrategias-de-internacionalizacion-con-otros-institutos-de-educacion-superior\\\/#respond\"]}]},{\"@type\":\"WebPage\",\"@id\":\"https:\\\/\\\/fuentesfidedignas.com.mx\\\/index.php\\\/2023\\\/10\\\/07\\\/anuies-y-la-uas-comparten-estrategias-de-internacionalizacion-con-otros-institutos-de-educacion-superior\\\/\",\"url\":\"https:\\\/\\\/fuentesfidedignas.com.mx\\\/index.php\\\/2023\\\/10\\\/07\\\/anuies-y-la-uas-comparten-estrategias-de-internacionalizacion-con-otros-institutos-de-educacion-superior\\\/\",\"name\":\"ANUIES y la UAS comparten estrategias de internacionalizaci\u00f3n con otros institutos de educaci\u00f3n superior - Fuentes Fidedignas\",\"isPartOf\":{\"@id\":\"https:\\\/\\\/fuentesfidedignas.com.mx\\\/#website\"},\"primaryImageOfPage\":{\"@id\":\"https:\\\/\\\/fuentesfidedignas.com.mx\\\/index.php\\\/2023\\\/10\\\/07\\\/anuies-y-la-uas-comparten-estrategias-de-internacionalizacion-con-otros-institutos-de-educacion-superior\\\/#primaryimage\"},\"image\":{\"@id\":\"https:\\\/\\\/fuentesfidedignas.com.mx\\\/index.php\\\/2023\\\/10\\\/07\\\/anuies-y-la-uas-comparten-estrategias-de-internacionalizacion-con-otros-institutos-de-educacion-superior\\\/#primaryimage\"},\"thumbnailUrl\":\"https:\\\/\\\/fuentesfidedignas.com.mx\\\/wp-content\\\/uploads\\\/2023\\\/10\\\/VINCULACION-1.jpeg\",\"datePublished\":\"2023-10-07T18:12:40+00:00\",\"dateModified\":\"2023-10-07T18:12:55+00:00\",\"breadcrumb\":{\"@id\":\"https:\\\/\\\/fuentesfidedignas.com.mx\\\/index.php\\\/2023\\\/10\\\/07\\\/anuies-y-la-uas-comparten-estrategias-de-internacionalizacion-con-otros-institutos-de-educacion-superior\\\/#breadcrumb\"},\"inLanguage\":\"es\",\"potentialAction\":[{\"@type\":\"ReadAction\",\"target\":[\"https:\\\/\\\/fuentesfidedignas.com.mx\\\/index.php\\\/2023\\\/10\\\/07\\\/anuies-y-la-uas-comparten-estrategias-de-internacionalizacion-con-otros-institutos-de-educacion-superior\\\/\"]}]},{\"@type\":\"ImageObject\",\"inLanguage\":\"es\",\"@id\":\"https:\\\/\\\/fuentesfidedignas.com.mx\\\/index.php\\\/2023\\\/10\\\/07\\\/anuies-y-la-uas-comparten-estrategias-de-internacionalizacion-con-otros-institutos-de-educacion-superior\\\/#primaryimage\",\"url\":\"https:\\\/\\\/fuentesfidedignas.com.mx\\\/wp-content\\\/uploads\\\/2023\\\/10\\\/VINCULACION-1.jpeg\",\"contentUrl\":\"https:\\\/\\\/fuentesfidedignas.com.mx\\\/wp-content\\\/uploads\\\/2023\\\/10\\\/VINCULACION-1.jpeg\",\"width\":1024,\"height\":768},{\"@type\":\"BreadcrumbList\",\"@id\":\"https:\\\/\\\/fuentesfidedignas.com.mx\\\/index.php\\\/2023\\\/10\\\/07\\\/anuies-y-la-uas-comparten-estrategias-de-internacionalizacion-con-otros-institutos-de-educacion-superior\\\/#breadcrumb\",\"itemListElement\":[{\"@type\":\"ListItem\",\"position\":1,\"name\":\"Inicio\",\"item\":\"https:\\\/\\\/fuentesfidedignas.com.mx\\\/\"},{\"@type\":\"ListItem\",\"position\":2,\"name\":\"ANUIES y la UAS comparten estrategias de internacionalizaci\u00f3n con otros institutos de educaci\u00f3n superior\"}]},{\"@type\":\"WebSite\",\"@id\":\"https:\\\/\\\/fuentesfidedignas.com.mx\\\/#website\",\"url\":\"https:\\\/\\\/fuentesfidedignas.com.mx\\\/\",\"name\":\"Fuentes Fidedignas\",\"description\":\"Otro sitio realizado con WordPress\",\"publisher\":{\"@id\":\"https:\\\/\\\/fuentesfidedignas.com.mx\\\/#organization\"},\"potentialAction\":[{\"@type\":\"SearchAction\",\"target\":{\"@type\":\"EntryPoint\",\"urlTemplate\":\"https:\\\/\\\/fuentesfidedignas.com.mx\\\/?s={search_term_string}\"},\"query-input\":{\"@type\":\"PropertyValueSpecification\",\"valueRequired\":true,\"valueName\":\"search_term_string\"}}],\"inLanguage\":\"es\"},{\"@type\":\"Organization\",\"@id\":\"https:\\\/\\\/fuentesfidedignas.com.mx\\\/#organization\",\"name\":\"Fuentes Fidedignas\",\"url\":\"https:\\\/\\\/fuentesfidedignas.com.mx\\\/\",\"logo\":{\"@type\":\"ImageObject\",\"inLanguage\":\"es\",\"@id\":\"https:\\\/\\\/fuentesfidedignas.com.mx\\\/#\\\/schema\\\/logo\\\/image\\\/\",\"url\":\"https:\\\/\\\/fuentesfidedignas.com.mx\\\/wp-content\\\/uploads\\\/2021\\\/04\\\/logo-retina.png\",\"contentUrl\":\"https:\\\/\\\/fuentesfidedignas.com.mx\\\/wp-content\\\/uploads\\\/2021\\\/04\\\/logo-retina.png\",\"width\":280,\"height\":51,\"caption\":\"Fuentes Fidedignas\"},\"image\":{\"@id\":\"https:\\\/\\\/fuentesfidedignas.com.mx\\\/#\\\/schema\\\/logo\\\/image\\\/\"},\"sameAs\":[\"https:\\\/\\\/www.facebook.com\\\/Fuentes-Fidedignas-368234489921644\",\"https:\\\/\\\/x.com\\\/fidedignas\"]},{\"@type\":\"Person\",\"@id\":\"https:\\\/\\\/fuentesfidedignas.com.mx\\\/#\\\/schema\\\/person\\\/331be9283d37198e2acd5750279085b0\",\"name\":\"Redacci\u00f3n\",\"image\":{\"@type\":\"ImageObject\",\"inLanguage\":\"es\",\"@id\":\"https:\\\/\\\/secure.gravatar.com\\\/avatar\\\/f6d8782c11d12b2d4ad3fbb6931aeab5309937a4d6cd2fc9cfaa28a6396a5aec?s=96&d=mm&r=g\",\"url\":\"https:\\\/\\\/secure.gravatar.com\\\/avatar\\\/f6d8782c11d12b2d4ad3fbb6931aeab5309937a4d6cd2fc9cfaa28a6396a5aec?s=96&d=mm&r=g\",\"contentUrl\":\"https:\\\/\\\/secure.gravatar.com\\\/avatar\\\/f6d8782c11d12b2d4ad3fbb6931aeab5309937a4d6cd2fc9cfaa28a6396a5aec?s=96&d=mm&r=g\",\"caption\":\"Redacci\u00f3n\"},\"url\":\"https:\\\/\\\/fuentesfidedignas.com.mx\\\/index.php\\\/author\\\/redaccion\\\/\"}]}<\/script>\n<!-- \/ Yoast SEO plugin. -->","yoast_head_json":{"title":"ANUIES y la UAS comparten estrategias de internacionalizaci\u00f3n con otros institutos de educaci\u00f3n superior - Fuentes Fidedignas","robots":{"index":"index","follow":"follow","max-snippet":"max-snippet:-1","max-image-preview":"max-image-preview:large","max-video-preview":"max-video-preview:-1"},"canonical":"https:\/\/fuentesfidedignas.com.mx\/index.php\/2023\/10\/07\/anuies-y-la-uas-comparten-estrategias-de-internacionalizacion-con-otros-institutos-de-educacion-superior\/","og_locale":"es_MX","og_type":"article","og_title":"ANUIES y la UAS comparten estrategias de internacionalizaci\u00f3n con otros institutos de educaci\u00f3n superior - Fuentes Fidedignas","og_description":"Esto implica c\u00f3mo movilizar a la comunidad universitaria, c\u00f3mo movilizar a los estudiantes y maestros y c\u00f3mo hacer para que los investigadores de otras partes del mundo vengan a la Universidad Culiac\u00e1n, Sin.- Jes\u00fas Enrique S\u00e1nchez Zazueta, Director General de Vinculaci\u00f3n y Relaciones Internacionales de la Universidad Aut\u00f3noma de Sinaloa (UAS), acudi\u00f3 al Seminario para [&hellip;]","og_url":"https:\/\/fuentesfidedignas.com.mx\/index.php\/2023\/10\/07\/anuies-y-la-uas-comparten-estrategias-de-internacionalizacion-con-otros-institutos-de-educacion-superior\/","og_site_name":"Fuentes Fidedignas","article_publisher":"https:\/\/www.facebook.com\/Fuentes-Fidedignas-368234489921644","article_published_time":"2023-10-07T18:12:40+00:00","article_modified_time":"2023-10-07T18:12:55+00:00","og_image":[{"width":1024,"height":768,"url":"https:\/\/fuentesfidedignas.com.mx\/wp-content\/uploads\/2023\/10\/VINCULACION-1.jpeg","type":"image\/jpeg"}],"author":"Redacci\u00f3n","twitter_card":"summary_large_image","twitter_creator":"@fidedignas","twitter_site":"@fidedignas","twitter_misc":{"Escrito por":"Redacci\u00f3n","Tiempo de lectura":"3 minutos"},"schema":{"@context":"https:\/\/schema.org","@graph":[{"@type":"Article","@id":"https:\/\/fuentesfidedignas.com.mx\/index.php\/2023\/10\/07\/anuies-y-la-uas-comparten-estrategias-de-internacionalizacion-con-otros-institutos-de-educacion-superior\/#article","isPartOf":{"@id":"https:\/\/fuentesfidedignas.com.mx\/index.php\/2023\/10\/07\/anuies-y-la-uas-comparten-estrategias-de-internacionalizacion-con-otros-institutos-de-educacion-superior\/"},"author":{"name":"Redacci\u00f3n","@id":"https:\/\/fuentesfidedignas.com.mx\/#\/schema\/person\/331be9283d37198e2acd5750279085b0"},"headline":"ANUIES y la UAS comparten estrategias de internacionalizaci\u00f3n con otros institutos de educaci\u00f3n superior","datePublished":"2023-10-07T18:12:40+00:00","dateModified":"2023-10-07T18:12:55+00:00","mainEntityOfPage":{"@id":"https:\/\/fuentesfidedignas.com.mx\/index.php\/2023\/10\/07\/anuies-y-la-uas-comparten-estrategias-de-internacionalizacion-con-otros-institutos-de-educacion-superior\/"},"wordCount":515,"commentCount":0,"publisher":{"@id":"https:\/\/fuentesfidedignas.com.mx\/#organization"},"image":{"@id":"https:\/\/fuentesfidedignas.com.mx\/index.php\/2023\/10\/07\/anuies-y-la-uas-comparten-estrategias-de-internacionalizacion-con-otros-institutos-de-educacion-superior\/#primaryimage"},"thumbnailUrl":"https:\/\/fuentesfidedignas.com.mx\/wp-content\/uploads\/2023\/10\/VINCULACION-1.jpeg","inLanguage":"es","potentialAction":[{"@type":"CommentAction","name":"Comment","target":["https:\/\/fuentesfidedignas.com.mx\/index.php\/2023\/10\/07\/anuies-y-la-uas-comparten-estrategias-de-internacionalizacion-con-otros-institutos-de-educacion-superior\/#respond"]}]},{"@type":"WebPage","@id":"https:\/\/fuentesfidedignas.com.mx\/index.php\/2023\/10\/07\/anuies-y-la-uas-comparten-estrategias-de-internacionalizacion-con-otros-institutos-de-educacion-superior\/","url":"https:\/\/fuentesfidedignas.com.mx\/index.php\/2023\/10\/07\/anuies-y-la-uas-comparten-estrategias-de-internacionalizacion-con-otros-institutos-de-educacion-superior\/","name":"ANUIES y la UAS comparten estrategias de internacionalizaci\u00f3n con otros institutos de educaci\u00f3n superior - Fuentes Fidedignas","isPartOf":{"@id":"https:\/\/fuentesfidedignas.com.mx\/#website"},"primaryImageOfPage":{"@id":"https:\/\/fuentesfidedignas.com.mx\/index.php\/2023\/10\/07\/anuies-y-la-uas-comparten-estrategias-de-internacionalizacion-con-otros-institutos-de-educacion-superior\/#primaryimage"},"image":{"@id":"https:\/\/fuentesfidedignas.com.mx\/index.php\/2023\/10\/07\/anuies-y-la-uas-comparten-estrategias-de-internacionalizacion-con-otros-institutos-de-educacion-superior\/#primaryimage"},"thumbnailUrl":"https:\/\/fuentesfidedignas.com.mx\/wp-content\/uploads\/2023\/10\/VINCULACION-1.jpeg","datePublished":"2023-10-07T18:12:40+00:00","dateModified":"2023-10-07T18:12:55+00:00","breadcrumb":{"@id":"https:\/\/fuentesfidedignas.com.mx\/index.php\/2023\/10\/07\/anuies-y-la-uas-comparten-estrategias-de-internacionalizacion-con-otros-institutos-de-educacion-superior\/#breadcrumb"},"inLanguage":"es","potentialAction":[{"@type":"ReadAction","target":["https:\/\/fuentesfidedignas.com.mx\/index.php\/2023\/10\/07\/anuies-y-la-uas-comparten-estrategias-de-internacionalizacion-con-otros-institutos-de-educacion-superior\/"]}]},{"@type":"ImageObject","inLanguage":"es","@id":"https:\/\/fuentesfidedignas.com.mx\/index.php\/2023\/10\/07\/anuies-y-la-uas-comparten-estrategias-de-internacionalizacion-con-otros-institutos-de-educacion-superior\/#primaryimage","url":"https:\/\/fuentesfidedignas.com.mx\/wp-content\/uploads\/2023\/10\/VINCULACION-1.jpeg","contentUrl":"https:\/\/fuentesfidedignas.com.mx\/wp-content\/uploads\/2023\/10\/VINCULACION-1.jpeg","width":1024,"height":768},{"@type":"BreadcrumbList","@id":"https:\/\/fuentesfidedignas.com.mx\/index.php\/2023\/10\/07\/anuies-y-la-uas-comparten-estrategias-de-internacionalizacion-con-otros-institutos-de-educacion-superior\/#breadcrumb","itemListElement":[{"@type":"ListItem","position":1,"name":"Inicio","item":"https:\/\/fuentesfidedignas.com.mx\/"},{"@type":"ListItem","position":2,"name":"ANUIES y la UAS comparten estrategias de internacionalizaci\u00f3n con otros institutos de educaci\u00f3n superior"}]},{"@type":"WebSite","@id":"https:\/\/fuentesfidedignas.com.mx\/#website","url":"https:\/\/fuentesfidedignas.com.mx\/","name":"Fuentes Fidedignas","description":"Otro sitio realizado con WordPress","publisher":{"@id":"https:\/\/fuentesfidedignas.com.mx\/#organization"},"potentialAction":[{"@type":"SearchAction","target":{"@type":"EntryPoint","urlTemplate":"https:\/\/fuentesfidedignas.com.mx\/?s={search_term_string}"},"query-input":{"@type":"PropertyValueSpecification","valueRequired":true,"valueName":"search_term_string"}}],"inLanguage":"es"},{"@type":"Organization","@id":"https:\/\/fuentesfidedignas.com.mx\/#organization","name":"Fuentes Fidedignas","url":"https:\/\/fuentesfidedignas.com.mx\/","logo":{"@type":"ImageObject","inLanguage":"es","@id":"https:\/\/fuentesfidedignas.com.mx\/#\/schema\/logo\/image\/","url":"https:\/\/fuentesfidedignas.com.mx\/wp-content\/uploads\/2021\/04\/logo-retina.png","contentUrl":"https:\/\/fuentesfidedignas.com.mx\/wp-content\/uploads\/2021\/04\/logo-retina.png","width":280,"height":51,"caption":"Fuentes Fidedignas"},"image":{"@id":"https:\/\/fuentesfidedignas.com.mx\/#\/schema\/logo\/image\/"},"sameAs":["https:\/\/www.facebook.com\/Fuentes-Fidedignas-368234489921644","https:\/\/x.com\/fidedignas"]},{"@type":"Person","@id":"https:\/\/fuentesfidedignas.com.mx\/#\/schema\/person\/331be9283d37198e2acd5750279085b0","name":"Redacci\u00f3n","image":{"@type":"ImageObject","inLanguage":"es","@id":"https:\/\/secure.gravatar.com\/avatar\/f6d8782c11d12b2d4ad3fbb6931aeab5309937a4d6cd2fc9cfaa28a6396a5aec?s=96&d=mm&r=g","url":"https:\/\/secure.gravatar.com\/avatar\/f6d8782c11d12b2d4ad3fbb6931aeab5309937a4d6cd2fc9cfaa28a6396a5aec?s=96&d=mm&r=g","contentUrl":"https:\/\/secure.gravatar.com\/avatar\/f6d8782c11d12b2d4ad3fbb6931aeab5309937a4d6cd2fc9cfaa28a6396a5aec?s=96&d=mm&r=g","caption":"Redacci\u00f3n"},"url":"https:\/\/fuentesfidedignas.com.mx\/index.php\/author\/redaccion\/"}]}},"_links":{"self":[{"href":"https:\/\/fuentesfidedignas.com.mx\/index.php\/wp-json\/wp\/v2\/posts\/61628","targetHints":{"allow":["GET"]}}],"collection":[{"href":"https:\/\/fuentesfidedignas.com.mx\/index.php\/wp-json\/wp\/v2\/posts"}],"about":[{"href":"https:\/\/fuentesfidedignas.com.mx\/index.php\/wp-json\/wp\/v2\/types\/post"}],"author":[{"embeddable":true,"href":"https:\/\/fuentesfidedignas.com.mx\/index.php\/wp-json\/wp\/v2\/users\/4"}],"replies":[{"embeddable":true,"href":"https:\/\/fuentesfidedignas.com.mx\/index.php\/wp-json\/wp\/v2\/comments?post=61628"}],"version-history":[{"count":2,"href":"https:\/\/fuentesfidedignas.com.mx\/index.php\/wp-json\/wp\/v2\/posts\/61628\/revisions"}],"predecessor-version":[{"id":61631,"href":"https:\/\/fuentesfidedignas.com.mx\/index.php\/wp-json\/wp\/v2\/posts\/61628\/revisions\/61631"}],"wp:featuredmedia":[{"embeddable":true,"href":"https:\/\/fuentesfidedignas.com.mx\/index.php\/wp-json\/wp\/v2\/media\/61630"}],"wp:attachment":[{"href":"https:\/\/fuentesfidedignas.com.mx\/index.php\/wp-json\/wp\/v2\/media?parent=61628"}],"wp:term":[{"taxonomy":"category","embeddable":true,"href":"https:\/\/fuentesfidedignas.com.mx\/index.php\/wp-json\/wp\/v2\/categories?post=61628"},{"taxonomy":"post_tag","embeddable":true,"href":"https:\/\/fuentesfidedignas.com.mx\/index.php\/wp-json\/wp\/v2\/tags?post=61628"}],"curies":[{"name":"wp","href":"https:\/\/api.w.org\/{rel}","templated":true}]}}