{"id":61586,"date":"2023-10-07T01:58:39","date_gmt":"2023-10-07T08:58:39","guid":{"rendered":"https:\/\/fuentesfidedignas.com.mx\/?p=61586"},"modified":"2023-10-06T17:59:04","modified_gmt":"2023-10-07T00:59:04","slug":"perrito-se-cuela-a-concierto-de-black-eyed-peas-mexico-magico","status":"publish","type":"post","link":"https:\/\/fuentesfidedignas.com.mx\/index.php\/2023\/10\/07\/perrito-se-cuela-a-concierto-de-black-eyed-peas-mexico-magico\/","title":{"rendered":"Perrito se &#8216;cuela&#8217; a concierto de Black Eyed Peas; &#8220;M\u00e9xico m\u00e1gico&#8221;"},"content":{"rendered":"\n<p><strong><em>Por medio de TikTok, se viraliz\u00f3 un perrito que disfrut\u00f3 de temas como &#8216;Pump It&#8217;.<\/em><\/strong><\/p>\n\n\n\n<p>En su regreso, sin la famosa cantante Fergie, la banda Black Eyed Peas se present\u00f3 en Guadalajara como parte de las Fiestas de Octubre, celebrando algunas costumbres locales, tales como el mariachi.<\/p>\n\n\n\n<p>Sin embargo, hubo algunas sorpresas m\u00e1s all\u00e1 del escenario y una de ellas fue un tierno perrito que visit\u00f3 a algunos de los asistentes durante la presentaci\u00f3n de la querida banda estadunidense.<\/p>\n\n\n\n<p><strong>Perrito se &#8216;cuela&#8217; a concierto de Black Eyed Peas<\/strong><br>Por medio de TikTok, se viralz\u00f3 el video en que podemos ver a un perrito por el foro principal del Auditorio Benito Ju\u00e1rez, donde tambi\u00e9n se han presentado artistas como Mi Banda el Mexicano, Lupillo Rivera, Le\u00f3n Larregui y pr\u00f3ximamente lo har\u00e1n C-Kan, Danna Paola, Molotov, Wendy Guevara y ser\u00e1 cerrado por Residente el 5 de octubre.<\/p>\n\n\n\n<p>En el clip captado por Adri\u00e1n Jarxmillo, se puede ver c\u00f3mo se est\u00e1n presentando sobre el escenario, cuando un perrito se puede observar pase\u00e1ndose entre las filas de asientos.<\/p>\n\n\n\n<p>&#8220;\u00bfC\u00f3mo entr\u00f3 un perro al concierto de Black Eyed Peas?&#8221;, se pregunta.<\/p>\n\n\n\n<blockquote class=\"tiktok-embed\" cite=\"https:\/\/www.tiktok.com\/@adrianjarxmillo\/video\/7286346192236055814\" data-video-id=\"7286346192236055814\" style=\"max-width: 605px;min-width: 325px;\" > <section> <a target=\"_blank\" title=\"@adrianjarxmillo\" href=\"https:\/\/www.tiktok.com\/@adrianjarxmillo?refer=embed\" rel=\"noopener\">@adrianjarxmillo<\/a> weeeyyy como entro un perro al concierto de black eyed peas \ud83d\udc80 <a title=\"blackeyedpeas\" target=\"_blank\" href=\"https:\/\/www.tiktok.com\/tag\/blackeyedpeas?refer=embed\" rel=\"noopener\">#blackeyedpeas<\/a> <a target=\"_blank\" title=\"\u266c sonido original - Adri\u00e1n Jarxmillo\" href=\"https:\/\/www.tiktok.com\/music\/sonido-original-7286346202235292421?refer=embed\" rel=\"noopener\">\u266c sonido original &#8211; Adri\u00e1n Jarxmillo<\/a> <\/section> <\/blockquote> <script async src=\"https:\/\/www.tiktok.com\/embed.js\"><\/script>\n\n\n\n<p><br>Esto provoc\u00f3 m\u00faltiples reacciones por parte de quienes llegaron al video, que se viraliz\u00f3 con m\u00e1s de 170 mil reproducciones mediante la plataforma de TikTok.<\/p>\n\n\n\n<p>&#8220;Hay una sobre poblaci\u00f3n de perros esterilicen y adopten&#8221;, &#8220;\u00bfC\u00f3mo que Paw Patrol tambi\u00e9n estuvo?&#8221;, &#8220;Cuando sea nahual no dir\u00e9 nada pero habr\u00e1 se\u00f1ales&#8221;, &#8220;mejor el perro los conoci\u00f3&#8221;, &#8220;Est\u00e1 buscando su asiento&#8221;, &#8220;yo si fuera lomito&#8221;, &#8220;si el pudo entrar a un concierto gratis, entonces yo igual&#8221;, &#8220;cuando reencarne en un perro no dir\u00e9 nada pero habr\u00e1 se\u00f1ales&#8221;, &#8220;Mejor \u00e9l que yo&#8221;, &#8220;Hoy conoc\u00ed la envidia&#8221;, &#8220;F\u00e1cil, ya van muchos a\u00f1os que los Blacked Eyes Peas est\u00e1n pa&#8217;l perro&#8221;, &#8220;t\u00edpico, un perro en cualquier lugar de M\u00e9xico&#8221;.<\/p>\n\n\n\n<p><\/p>\n","protected":false},"excerpt":{"rendered":"<p>Por medio de TikTok, se viraliz\u00f3 un perrito que disfrut\u00f3 de temas como &#8216;Pump It&#8217;. En su regreso, sin la famosa cantante Fergie, la banda Black Eyed Peas se present\u00f3 en Guadalajara como parte de las Fiestas de Octubre, celebrando algunas costumbres locales, tales como el mariachi. Sin embargo, hubo algunas sorpresas m\u00e1s all\u00e1 del [&hellip;]<\/p>\n","protected":false},"author":9,"featured_media":61587,"comment_status":"open","ping_status":"open","sticky":false,"template":"","format":"standard","meta":{"tdm_status":"","tdm_grid_status":"","footnotes":""},"categories":[40],"tags":[],"class_list":{"0":"post-61586","1":"post","2":"type-post","3":"status-publish","4":"format-standard","5":"has-post-thumbnail","7":"category-las-asombrosas"},"yoast_head":"<!-- This site is optimized with the Yoast SEO plugin v27.4 - https:\/\/yoast.com\/product\/yoast-seo-wordpress\/ -->\n<title>Perrito se &#039;cuela&#039; a concierto de Black Eyed Peas; &quot;M\u00e9xico m\u00e1gico&quot; - Fuentes Fidedignas<\/title>\n<meta name=\"robots\" content=\"index, follow, max-snippet:-1, max-image-preview:large, max-video-preview:-1\" \/>\n<link rel=\"canonical\" href=\"https:\/\/fuentesfidedignas.com.mx\/index.php\/2023\/10\/07\/perrito-se-cuela-a-concierto-de-black-eyed-peas-mexico-magico\/\" \/>\n<meta property=\"og:locale\" content=\"es_MX\" \/>\n<meta property=\"og:type\" content=\"article\" \/>\n<meta property=\"og:title\" content=\"Perrito se &#039;cuela&#039; a concierto de Black Eyed Peas; &quot;M\u00e9xico m\u00e1gico&quot; - Fuentes Fidedignas\" \/>\n<meta property=\"og:description\" content=\"Por medio de TikTok, se viraliz\u00f3 un perrito que disfrut\u00f3 de temas como &#8216;Pump It&#8217;. En su regreso, sin la famosa cantante Fergie, la banda Black Eyed Peas se present\u00f3 en Guadalajara como parte de las Fiestas de Octubre, celebrando algunas costumbres locales, tales como el mariachi. Sin embargo, hubo algunas sorpresas m\u00e1s all\u00e1 del [&hellip;]\" \/>\n<meta property=\"og:url\" content=\"https:\/\/fuentesfidedignas.com.mx\/index.php\/2023\/10\/07\/perrito-se-cuela-a-concierto-de-black-eyed-peas-mexico-magico\/\" \/>\n<meta property=\"og:site_name\" content=\"Fuentes Fidedignas\" \/>\n<meta property=\"article:publisher\" content=\"https:\/\/www.facebook.com\/Fuentes-Fidedignas-368234489921644\" \/>\n<meta property=\"article:published_time\" content=\"2023-10-07T08:58:39+00:00\" \/>\n<meta property=\"og:image\" content=\"https:\/\/fuentesfidedignas.com.mx\/wp-content\/uploads\/2023\/10\/PERRO_CONCIERTO.jpg\" \/>\n\t<meta property=\"og:image:width\" content=\"900\" \/>\n\t<meta property=\"og:image:height\" content=\"614\" \/>\n\t<meta property=\"og:image:type\" content=\"image\/jpeg\" \/>\n<meta name=\"author\" content=\"Milenio\" \/>\n<meta name=\"twitter:card\" content=\"summary_large_image\" \/>\n<meta name=\"twitter:creator\" content=\"@fidedignas\" \/>\n<meta name=\"twitter:site\" content=\"@fidedignas\" \/>\n<meta name=\"twitter:label1\" content=\"Escrito por\" \/>\n\t<meta name=\"twitter:data1\" content=\"Milenio\" \/>\n\t<meta name=\"twitter:label2\" content=\"Tiempo de lectura\" \/>\n\t<meta name=\"twitter:data2\" content=\"2 minutos\" \/>\n<script type=\"application\/ld+json\" class=\"yoast-schema-graph\">{\"@context\":\"https:\\\/\\\/schema.org\",\"@graph\":[{\"@type\":\"Article\",\"@id\":\"https:\\\/\\\/fuentesfidedignas.com.mx\\\/index.php\\\/2023\\\/10\\\/07\\\/perrito-se-cuela-a-concierto-de-black-eyed-peas-mexico-magico\\\/#article\",\"isPartOf\":{\"@id\":\"https:\\\/\\\/fuentesfidedignas.com.mx\\\/index.php\\\/2023\\\/10\\\/07\\\/perrito-se-cuela-a-concierto-de-black-eyed-peas-mexico-magico\\\/\"},\"author\":{\"name\":\"Milenio\",\"@id\":\"https:\\\/\\\/fuentesfidedignas.com.mx\\\/#\\\/schema\\\/person\\\/47ec0135738f4b0c7495f06a77a2c976\"},\"headline\":\"Perrito se &#8216;cuela&#8217; a concierto de Black Eyed Peas; &#8220;M\u00e9xico m\u00e1gico&#8221;\",\"datePublished\":\"2023-10-07T08:58:39+00:00\",\"mainEntityOfPage\":{\"@id\":\"https:\\\/\\\/fuentesfidedignas.com.mx\\\/index.php\\\/2023\\\/10\\\/07\\\/perrito-se-cuela-a-concierto-de-black-eyed-peas-mexico-magico\\\/\"},\"wordCount\":354,\"commentCount\":0,\"publisher\":{\"@id\":\"https:\\\/\\\/fuentesfidedignas.com.mx\\\/#organization\"},\"image\":{\"@id\":\"https:\\\/\\\/fuentesfidedignas.com.mx\\\/index.php\\\/2023\\\/10\\\/07\\\/perrito-se-cuela-a-concierto-de-black-eyed-peas-mexico-magico\\\/#primaryimage\"},\"thumbnailUrl\":\"https:\\\/\\\/fuentesfidedignas.com.mx\\\/wp-content\\\/uploads\\\/2023\\\/10\\\/PERRO_CONCIERTO.jpg\",\"articleSection\":[\"LAS ASOMBROSAS\"],\"inLanguage\":\"es\",\"potentialAction\":[{\"@type\":\"CommentAction\",\"name\":\"Comment\",\"target\":[\"https:\\\/\\\/fuentesfidedignas.com.mx\\\/index.php\\\/2023\\\/10\\\/07\\\/perrito-se-cuela-a-concierto-de-black-eyed-peas-mexico-magico\\\/#respond\"]}]},{\"@type\":\"WebPage\",\"@id\":\"https:\\\/\\\/fuentesfidedignas.com.mx\\\/index.php\\\/2023\\\/10\\\/07\\\/perrito-se-cuela-a-concierto-de-black-eyed-peas-mexico-magico\\\/\",\"url\":\"https:\\\/\\\/fuentesfidedignas.com.mx\\\/index.php\\\/2023\\\/10\\\/07\\\/perrito-se-cuela-a-concierto-de-black-eyed-peas-mexico-magico\\\/\",\"name\":\"Perrito se 'cuela' a concierto de Black Eyed Peas; \\\"M\u00e9xico m\u00e1gico\\\" - Fuentes Fidedignas\",\"isPartOf\":{\"@id\":\"https:\\\/\\\/fuentesfidedignas.com.mx\\\/#website\"},\"primaryImageOfPage\":{\"@id\":\"https:\\\/\\\/fuentesfidedignas.com.mx\\\/index.php\\\/2023\\\/10\\\/07\\\/perrito-se-cuela-a-concierto-de-black-eyed-peas-mexico-magico\\\/#primaryimage\"},\"image\":{\"@id\":\"https:\\\/\\\/fuentesfidedignas.com.mx\\\/index.php\\\/2023\\\/10\\\/07\\\/perrito-se-cuela-a-concierto-de-black-eyed-peas-mexico-magico\\\/#primaryimage\"},\"thumbnailUrl\":\"https:\\\/\\\/fuentesfidedignas.com.mx\\\/wp-content\\\/uploads\\\/2023\\\/10\\\/PERRO_CONCIERTO.jpg\",\"datePublished\":\"2023-10-07T08:58:39+00:00\",\"breadcrumb\":{\"@id\":\"https:\\\/\\\/fuentesfidedignas.com.mx\\\/index.php\\\/2023\\\/10\\\/07\\\/perrito-se-cuela-a-concierto-de-black-eyed-peas-mexico-magico\\\/#breadcrumb\"},\"inLanguage\":\"es\",\"potentialAction\":[{\"@type\":\"ReadAction\",\"target\":[\"https:\\\/\\\/fuentesfidedignas.com.mx\\\/index.php\\\/2023\\\/10\\\/07\\\/perrito-se-cuela-a-concierto-de-black-eyed-peas-mexico-magico\\\/\"]}]},{\"@type\":\"ImageObject\",\"inLanguage\":\"es\",\"@id\":\"https:\\\/\\\/fuentesfidedignas.com.mx\\\/index.php\\\/2023\\\/10\\\/07\\\/perrito-se-cuela-a-concierto-de-black-eyed-peas-mexico-magico\\\/#primaryimage\",\"url\":\"https:\\\/\\\/fuentesfidedignas.com.mx\\\/wp-content\\\/uploads\\\/2023\\\/10\\\/PERRO_CONCIERTO.jpg\",\"contentUrl\":\"https:\\\/\\\/fuentesfidedignas.com.mx\\\/wp-content\\\/uploads\\\/2023\\\/10\\\/PERRO_CONCIERTO.jpg\",\"width\":900,\"height\":614},{\"@type\":\"BreadcrumbList\",\"@id\":\"https:\\\/\\\/fuentesfidedignas.com.mx\\\/index.php\\\/2023\\\/10\\\/07\\\/perrito-se-cuela-a-concierto-de-black-eyed-peas-mexico-magico\\\/#breadcrumb\",\"itemListElement\":[{\"@type\":\"ListItem\",\"position\":1,\"name\":\"Inicio\",\"item\":\"https:\\\/\\\/fuentesfidedignas.com.mx\\\/\"},{\"@type\":\"ListItem\",\"position\":2,\"name\":\"Perrito se &#8216;cuela&#8217; a concierto de Black Eyed Peas; &#8220;M\u00e9xico m\u00e1gico&#8221;\"}]},{\"@type\":\"WebSite\",\"@id\":\"https:\\\/\\\/fuentesfidedignas.com.mx\\\/#website\",\"url\":\"https:\\\/\\\/fuentesfidedignas.com.mx\\\/\",\"name\":\"Fuentes Fidedignas\",\"description\":\"Otro sitio realizado con WordPress\",\"publisher\":{\"@id\":\"https:\\\/\\\/fuentesfidedignas.com.mx\\\/#organization\"},\"potentialAction\":[{\"@type\":\"SearchAction\",\"target\":{\"@type\":\"EntryPoint\",\"urlTemplate\":\"https:\\\/\\\/fuentesfidedignas.com.mx\\\/?s={search_term_string}\"},\"query-input\":{\"@type\":\"PropertyValueSpecification\",\"valueRequired\":true,\"valueName\":\"search_term_string\"}}],\"inLanguage\":\"es\"},{\"@type\":\"Organization\",\"@id\":\"https:\\\/\\\/fuentesfidedignas.com.mx\\\/#organization\",\"name\":\"Fuentes Fidedignas\",\"url\":\"https:\\\/\\\/fuentesfidedignas.com.mx\\\/\",\"logo\":{\"@type\":\"ImageObject\",\"inLanguage\":\"es\",\"@id\":\"https:\\\/\\\/fuentesfidedignas.com.mx\\\/#\\\/schema\\\/logo\\\/image\\\/\",\"url\":\"https:\\\/\\\/fuentesfidedignas.com.mx\\\/wp-content\\\/uploads\\\/2021\\\/04\\\/logo-retina.png\",\"contentUrl\":\"https:\\\/\\\/fuentesfidedignas.com.mx\\\/wp-content\\\/uploads\\\/2021\\\/04\\\/logo-retina.png\",\"width\":280,\"height\":51,\"caption\":\"Fuentes Fidedignas\"},\"image\":{\"@id\":\"https:\\\/\\\/fuentesfidedignas.com.mx\\\/#\\\/schema\\\/logo\\\/image\\\/\"},\"sameAs\":[\"https:\\\/\\\/www.facebook.com\\\/Fuentes-Fidedignas-368234489921644\",\"https:\\\/\\\/x.com\\\/fidedignas\"]},{\"@type\":\"Person\",\"@id\":\"https:\\\/\\\/fuentesfidedignas.com.mx\\\/#\\\/schema\\\/person\\\/47ec0135738f4b0c7495f06a77a2c976\",\"name\":\"Milenio\",\"image\":{\"@type\":\"ImageObject\",\"inLanguage\":\"es\",\"@id\":\"https:\\\/\\\/secure.gravatar.com\\\/avatar\\\/acabf7b54753e51c2c76457954577c236b3b764789b19879565769739d1e4a75?s=96&d=mm&r=g\",\"url\":\"https:\\\/\\\/secure.gravatar.com\\\/avatar\\\/acabf7b54753e51c2c76457954577c236b3b764789b19879565769739d1e4a75?s=96&d=mm&r=g\",\"contentUrl\":\"https:\\\/\\\/secure.gravatar.com\\\/avatar\\\/acabf7b54753e51c2c76457954577c236b3b764789b19879565769739d1e4a75?s=96&d=mm&r=g\",\"caption\":\"Milenio\"},\"url\":\"https:\\\/\\\/fuentesfidedignas.com.mx\\\/index.php\\\/author\\\/milenio\\\/\"}]}<\/script>\n<!-- \/ Yoast SEO plugin. -->","yoast_head_json":{"title":"Perrito se 'cuela' a concierto de Black Eyed Peas; \"M\u00e9xico m\u00e1gico\" - Fuentes Fidedignas","robots":{"index":"index","follow":"follow","max-snippet":"max-snippet:-1","max-image-preview":"max-image-preview:large","max-video-preview":"max-video-preview:-1"},"canonical":"https:\/\/fuentesfidedignas.com.mx\/index.php\/2023\/10\/07\/perrito-se-cuela-a-concierto-de-black-eyed-peas-mexico-magico\/","og_locale":"es_MX","og_type":"article","og_title":"Perrito se 'cuela' a concierto de Black Eyed Peas; \"M\u00e9xico m\u00e1gico\" - Fuentes Fidedignas","og_description":"Por medio de TikTok, se viraliz\u00f3 un perrito que disfrut\u00f3 de temas como &#8216;Pump It&#8217;. En su regreso, sin la famosa cantante Fergie, la banda Black Eyed Peas se present\u00f3 en Guadalajara como parte de las Fiestas de Octubre, celebrando algunas costumbres locales, tales como el mariachi. Sin embargo, hubo algunas sorpresas m\u00e1s all\u00e1 del [&hellip;]","og_url":"https:\/\/fuentesfidedignas.com.mx\/index.php\/2023\/10\/07\/perrito-se-cuela-a-concierto-de-black-eyed-peas-mexico-magico\/","og_site_name":"Fuentes Fidedignas","article_publisher":"https:\/\/www.facebook.com\/Fuentes-Fidedignas-368234489921644","article_published_time":"2023-10-07T08:58:39+00:00","og_image":[{"width":900,"height":614,"url":"https:\/\/fuentesfidedignas.com.mx\/wp-content\/uploads\/2023\/10\/PERRO_CONCIERTO.jpg","type":"image\/jpeg"}],"author":"Milenio","twitter_card":"summary_large_image","twitter_creator":"@fidedignas","twitter_site":"@fidedignas","twitter_misc":{"Escrito por":"Milenio","Tiempo de lectura":"2 minutos"},"schema":{"@context":"https:\/\/schema.org","@graph":[{"@type":"Article","@id":"https:\/\/fuentesfidedignas.com.mx\/index.php\/2023\/10\/07\/perrito-se-cuela-a-concierto-de-black-eyed-peas-mexico-magico\/#article","isPartOf":{"@id":"https:\/\/fuentesfidedignas.com.mx\/index.php\/2023\/10\/07\/perrito-se-cuela-a-concierto-de-black-eyed-peas-mexico-magico\/"},"author":{"name":"Milenio","@id":"https:\/\/fuentesfidedignas.com.mx\/#\/schema\/person\/47ec0135738f4b0c7495f06a77a2c976"},"headline":"Perrito se &#8216;cuela&#8217; a concierto de Black Eyed Peas; &#8220;M\u00e9xico m\u00e1gico&#8221;","datePublished":"2023-10-07T08:58:39+00:00","mainEntityOfPage":{"@id":"https:\/\/fuentesfidedignas.com.mx\/index.php\/2023\/10\/07\/perrito-se-cuela-a-concierto-de-black-eyed-peas-mexico-magico\/"},"wordCount":354,"commentCount":0,"publisher":{"@id":"https:\/\/fuentesfidedignas.com.mx\/#organization"},"image":{"@id":"https:\/\/fuentesfidedignas.com.mx\/index.php\/2023\/10\/07\/perrito-se-cuela-a-concierto-de-black-eyed-peas-mexico-magico\/#primaryimage"},"thumbnailUrl":"https:\/\/fuentesfidedignas.com.mx\/wp-content\/uploads\/2023\/10\/PERRO_CONCIERTO.jpg","articleSection":["LAS ASOMBROSAS"],"inLanguage":"es","potentialAction":[{"@type":"CommentAction","name":"Comment","target":["https:\/\/fuentesfidedignas.com.mx\/index.php\/2023\/10\/07\/perrito-se-cuela-a-concierto-de-black-eyed-peas-mexico-magico\/#respond"]}]},{"@type":"WebPage","@id":"https:\/\/fuentesfidedignas.com.mx\/index.php\/2023\/10\/07\/perrito-se-cuela-a-concierto-de-black-eyed-peas-mexico-magico\/","url":"https:\/\/fuentesfidedignas.com.mx\/index.php\/2023\/10\/07\/perrito-se-cuela-a-concierto-de-black-eyed-peas-mexico-magico\/","name":"Perrito se 'cuela' a concierto de Black Eyed Peas; \"M\u00e9xico m\u00e1gico\" - Fuentes Fidedignas","isPartOf":{"@id":"https:\/\/fuentesfidedignas.com.mx\/#website"},"primaryImageOfPage":{"@id":"https:\/\/fuentesfidedignas.com.mx\/index.php\/2023\/10\/07\/perrito-se-cuela-a-concierto-de-black-eyed-peas-mexico-magico\/#primaryimage"},"image":{"@id":"https:\/\/fuentesfidedignas.com.mx\/index.php\/2023\/10\/07\/perrito-se-cuela-a-concierto-de-black-eyed-peas-mexico-magico\/#primaryimage"},"thumbnailUrl":"https:\/\/fuentesfidedignas.com.mx\/wp-content\/uploads\/2023\/10\/PERRO_CONCIERTO.jpg","datePublished":"2023-10-07T08:58:39+00:00","breadcrumb":{"@id":"https:\/\/fuentesfidedignas.com.mx\/index.php\/2023\/10\/07\/perrito-se-cuela-a-concierto-de-black-eyed-peas-mexico-magico\/#breadcrumb"},"inLanguage":"es","potentialAction":[{"@type":"ReadAction","target":["https:\/\/fuentesfidedignas.com.mx\/index.php\/2023\/10\/07\/perrito-se-cuela-a-concierto-de-black-eyed-peas-mexico-magico\/"]}]},{"@type":"ImageObject","inLanguage":"es","@id":"https:\/\/fuentesfidedignas.com.mx\/index.php\/2023\/10\/07\/perrito-se-cuela-a-concierto-de-black-eyed-peas-mexico-magico\/#primaryimage","url":"https:\/\/fuentesfidedignas.com.mx\/wp-content\/uploads\/2023\/10\/PERRO_CONCIERTO.jpg","contentUrl":"https:\/\/fuentesfidedignas.com.mx\/wp-content\/uploads\/2023\/10\/PERRO_CONCIERTO.jpg","width":900,"height":614},{"@type":"BreadcrumbList","@id":"https:\/\/fuentesfidedignas.com.mx\/index.php\/2023\/10\/07\/perrito-se-cuela-a-concierto-de-black-eyed-peas-mexico-magico\/#breadcrumb","itemListElement":[{"@type":"ListItem","position":1,"name":"Inicio","item":"https:\/\/fuentesfidedignas.com.mx\/"},{"@type":"ListItem","position":2,"name":"Perrito se &#8216;cuela&#8217; a concierto de Black Eyed Peas; &#8220;M\u00e9xico m\u00e1gico&#8221;"}]},{"@type":"WebSite","@id":"https:\/\/fuentesfidedignas.com.mx\/#website","url":"https:\/\/fuentesfidedignas.com.mx\/","name":"Fuentes Fidedignas","description":"Otro sitio realizado con WordPress","publisher":{"@id":"https:\/\/fuentesfidedignas.com.mx\/#organization"},"potentialAction":[{"@type":"SearchAction","target":{"@type":"EntryPoint","urlTemplate":"https:\/\/fuentesfidedignas.com.mx\/?s={search_term_string}"},"query-input":{"@type":"PropertyValueSpecification","valueRequired":true,"valueName":"search_term_string"}}],"inLanguage":"es"},{"@type":"Organization","@id":"https:\/\/fuentesfidedignas.com.mx\/#organization","name":"Fuentes Fidedignas","url":"https:\/\/fuentesfidedignas.com.mx\/","logo":{"@type":"ImageObject","inLanguage":"es","@id":"https:\/\/fuentesfidedignas.com.mx\/#\/schema\/logo\/image\/","url":"https:\/\/fuentesfidedignas.com.mx\/wp-content\/uploads\/2021\/04\/logo-retina.png","contentUrl":"https:\/\/fuentesfidedignas.com.mx\/wp-content\/uploads\/2021\/04\/logo-retina.png","width":280,"height":51,"caption":"Fuentes Fidedignas"},"image":{"@id":"https:\/\/fuentesfidedignas.com.mx\/#\/schema\/logo\/image\/"},"sameAs":["https:\/\/www.facebook.com\/Fuentes-Fidedignas-368234489921644","https:\/\/x.com\/fidedignas"]},{"@type":"Person","@id":"https:\/\/fuentesfidedignas.com.mx\/#\/schema\/person\/47ec0135738f4b0c7495f06a77a2c976","name":"Milenio","image":{"@type":"ImageObject","inLanguage":"es","@id":"https:\/\/secure.gravatar.com\/avatar\/acabf7b54753e51c2c76457954577c236b3b764789b19879565769739d1e4a75?s=96&d=mm&r=g","url":"https:\/\/secure.gravatar.com\/avatar\/acabf7b54753e51c2c76457954577c236b3b764789b19879565769739d1e4a75?s=96&d=mm&r=g","contentUrl":"https:\/\/secure.gravatar.com\/avatar\/acabf7b54753e51c2c76457954577c236b3b764789b19879565769739d1e4a75?s=96&d=mm&r=g","caption":"Milenio"},"url":"https:\/\/fuentesfidedignas.com.mx\/index.php\/author\/milenio\/"}]}},"_links":{"self":[{"href":"https:\/\/fuentesfidedignas.com.mx\/index.php\/wp-json\/wp\/v2\/posts\/61586","targetHints":{"allow":["GET"]}}],"collection":[{"href":"https:\/\/fuentesfidedignas.com.mx\/index.php\/wp-json\/wp\/v2\/posts"}],"about":[{"href":"https:\/\/fuentesfidedignas.com.mx\/index.php\/wp-json\/wp\/v2\/types\/post"}],"author":[{"embeddable":true,"href":"https:\/\/fuentesfidedignas.com.mx\/index.php\/wp-json\/wp\/v2\/users\/9"}],"replies":[{"embeddable":true,"href":"https:\/\/fuentesfidedignas.com.mx\/index.php\/wp-json\/wp\/v2\/comments?post=61586"}],"version-history":[{"count":1,"href":"https:\/\/fuentesfidedignas.com.mx\/index.php\/wp-json\/wp\/v2\/posts\/61586\/revisions"}],"predecessor-version":[{"id":61588,"href":"https:\/\/fuentesfidedignas.com.mx\/index.php\/wp-json\/wp\/v2\/posts\/61586\/revisions\/61588"}],"wp:featuredmedia":[{"embeddable":true,"href":"https:\/\/fuentesfidedignas.com.mx\/index.php\/wp-json\/wp\/v2\/media\/61587"}],"wp:attachment":[{"href":"https:\/\/fuentesfidedignas.com.mx\/index.php\/wp-json\/wp\/v2\/media?parent=61586"}],"wp:term":[{"taxonomy":"category","embeddable":true,"href":"https:\/\/fuentesfidedignas.com.mx\/index.php\/wp-json\/wp\/v2\/categories?post=61586"},{"taxonomy":"post_tag","embeddable":true,"href":"https:\/\/fuentesfidedignas.com.mx\/index.php\/wp-json\/wp\/v2\/tags?post=61586"}],"curies":[{"name":"wp","href":"https:\/\/api.w.org\/{rel}","templated":true}]}}