{"id":6155,"date":"2021-06-28T16:04:44","date_gmt":"2021-06-28T23:04:44","guid":{"rendered":"https:\/\/fuentesfidedignas.com.mx\/?p=6155"},"modified":"2021-06-28T16:05:40","modified_gmt":"2021-06-28T23:05:40","slug":"enrique-se-debilita-a-tormenta-tropical","status":"publish","type":"post","link":"https:\/\/fuentesfidedignas.com.mx\/index.php\/2021\/06\/28\/enrique-se-debilita-a-tormenta-tropical\/","title":{"rendered":"&#8216;Enrique&#8217; se debilita a tormenta tropical"},"content":{"rendered":"\n<p><strong><em>Continuar\u00e1 generando lluvias puntuales torrenciales en regiones de Colima, Guerrero, Jalisco, Michoac\u00e1n, Nayarit y Sinaloa<\/em><\/strong>.<\/p>\n\n\n\n<p>Ciudad de M\u00e9xico.- La Comisi\u00f3n Nacional del Agua (Conagua) inform\u00f3 que el hurac\u00e1n \u201cEnrique\u201d se debilit\u00f3 a tormenta tropical y presenta desplazamiento hacia Baja California Sur.<\/p>\n\n\n\n<p>El centro de la tormenta tropical se ubica a 170 kil\u00f3metros (km) al oeste-noroeste de Cabo Corrientes, Jalisco, y a 365 km al sureste de Cabo San Lucas, Baja California Sur.<\/p>\n\n\n\n<p>Sin embargo, continuar\u00e1 generando lluvias puntuales torrenciales en regiones de Colima, Guerrero, Jalisco, Michoac\u00e1n, Nayarit y Sinaloa; intensas en Chihuahua y Durango, as\u00ed como lluvias puntuales muy fuertes en Sonora.<\/p>\n\n\n\n<p>&#8220;El #Hurac\u00e1n #Enrique disminuy\u00f3 su intensidad a #TormentaTropical y se ubica a 170 km al oeste-noroeste de Cabo Corrientes, #Jalisco, y a 365 km al sureste de Cabo San Lucas, #BajaCaliforniaSur pic.twitter.com\/PhsjcuVi1f<\/p>\n\n\n\n<p>\u2014 Germ\u00e1n M. Santoyo (@GermanMSantoyo) June 28, 2021<\/p>\n\n\n\n<p>Asimismo, se pronostican rachas de viento de 70 a 90 km\/h en costas de Jalisco y Nayarit, as\u00ed como rachas de 60 a 70 km\/h en costas Baja California, Baja California Sur, Chihuahua, Colima, Guerrero, el Golfo de California, Michoac\u00e1n, Sinaloa y Sonora.<\/p>\n\n\n\n<p>Se prev\u00e9 oleaje de 4 a 6 metros de altura en costas de Colima, Jalisco, Michoac\u00e1n y Nayarit.<\/p>\n\n\n\n<p>&#8220;Se establece zona de prevenci\u00f3n por efectos de tormenta tropical desde Punta Mita, Nayarit, hasta Playa P\u00e9rula, Jalisco, y zona de vigilancia por efectos de tormenta tropical desde Punta Mita, Nayarit, hasta San Blas, Nayarit, y desde Cabo San Lucas, Baja California Sur, hasta Los Barriles, en Baja California Sur\u201d, destac\u00f3 la Conagua.<\/p>\n\n\n\n<p>Las lluvias podr\u00edan provocar deslaves, incremento en los niveles de r\u00edos y arroyos, y desbordamientos e inundaciones en zonas bajas, por lo que la Conagua exhort\u00f3 a la poblaci\u00f3n de los estados mencionados y a la navegaci\u00f3n mar\u00edtima a atender los avisos del Servicio Meteorol\u00f3gico Nacional (SMN) de la Comisi\u00f3n Nacional del Agua(Conagua) y seguir las indicaciones de las autoridades estatales, municipales y de Protecci\u00f3n Civil.<\/p>\n","protected":false},"excerpt":{"rendered":"<p>Continuar\u00e1 generando lluvias puntuales torrenciales en regiones de Colima, Guerrero, Jalisco, Michoac\u00e1n, Nayarit y Sinaloa. Ciudad de M\u00e9xico.- La Comisi\u00f3n Nacional del Agua (Conagua) inform\u00f3 que el hurac\u00e1n \u201cEnrique\u201d se debilit\u00f3 a tormenta tropical y presenta desplazamiento hacia Baja California Sur. El centro de la tormenta tropical se ubica a 170 kil\u00f3metros (km) al oeste-noroeste [&hellip;]<\/p>\n","protected":false},"author":7,"featured_media":6156,"comment_status":"open","ping_status":"open","sticky":false,"template":"","format":"standard","meta":{"tdm_status":"","tdm_grid_status":"","footnotes":""},"categories":[37],"tags":[1146,1145,353,328],"class_list":{"0":"post-6155","1":"post","2":"type-post","3":"status-publish","4":"format-standard","5":"has-post-thumbnail","7":"category-nota-principal","8":"tag-comision-nacional-del-agua","9":"tag-conagua","10":"tag-huracan","11":"tag-temporada-de-ciclones"},"yoast_head":"<!-- This site is optimized with the Yoast SEO plugin v27.5 - https:\/\/yoast.com\/product\/yoast-seo-wordpress\/ -->\n<title>&#039;Enrique&#039; se debilita a tormenta tropical - Fuentes Fidedignas<\/title>\n<meta name=\"robots\" content=\"index, follow, max-snippet:-1, max-image-preview:large, max-video-preview:-1\" \/>\n<link rel=\"canonical\" href=\"https:\/\/fuentesfidedignas.com.mx\/index.php\/2021\/06\/28\/enrique-se-debilita-a-tormenta-tropical\/\" \/>\n<meta property=\"og:locale\" content=\"es_MX\" \/>\n<meta property=\"og:type\" content=\"article\" \/>\n<meta property=\"og:title\" content=\"&#039;Enrique&#039; se debilita a tormenta tropical - Fuentes Fidedignas\" \/>\n<meta property=\"og:description\" content=\"Continuar\u00e1 generando lluvias puntuales torrenciales en regiones de Colima, Guerrero, Jalisco, Michoac\u00e1n, Nayarit y Sinaloa. Ciudad de M\u00e9xico.- La Comisi\u00f3n Nacional del Agua (Conagua) inform\u00f3 que el hurac\u00e1n \u201cEnrique\u201d se debilit\u00f3 a tormenta tropical y presenta desplazamiento hacia Baja California Sur. El centro de la tormenta tropical se ubica a 170 kil\u00f3metros (km) al oeste-noroeste [&hellip;]\" \/>\n<meta property=\"og:url\" content=\"https:\/\/fuentesfidedignas.com.mx\/index.php\/2021\/06\/28\/enrique-se-debilita-a-tormenta-tropical\/\" \/>\n<meta property=\"og:site_name\" content=\"Fuentes Fidedignas\" \/>\n<meta property=\"article:publisher\" content=\"https:\/\/www.facebook.com\/Fuentes-Fidedignas-368234489921644\" \/>\n<meta property=\"article:published_time\" content=\"2021-06-28T23:04:44+00:00\" \/>\n<meta property=\"article:modified_time\" content=\"2021-06-28T23:05:40+00:00\" \/>\n<meta property=\"og:image\" content=\"https:\/\/fuentesfidedignas.com.mx\/wp-content\/uploads\/2021\/06\/ENRIQUE_DEBIL.jpg\" \/>\n\t<meta property=\"og:image:width\" content=\"800\" \/>\n\t<meta property=\"og:image:height\" content=\"600\" \/>\n\t<meta property=\"og:image:type\" content=\"image\/jpeg\" \/>\n<meta name=\"author\" content=\"Exc\u00e9lsior\" \/>\n<meta name=\"twitter:card\" content=\"summary_large_image\" \/>\n<meta name=\"twitter:creator\" content=\"@fidedignas\" \/>\n<meta name=\"twitter:site\" content=\"@fidedignas\" \/>\n<meta name=\"twitter:label1\" content=\"Escrito por\" \/>\n\t<meta name=\"twitter:data1\" content=\"Exc\u00e9lsior\" \/>\n\t<meta name=\"twitter:label2\" content=\"Tiempo de lectura\" \/>\n\t<meta name=\"twitter:data2\" content=\"2 minutos\" \/>\n<script type=\"application\/ld+json\" class=\"yoast-schema-graph\">{\"@context\":\"https:\\\/\\\/schema.org\",\"@graph\":[{\"@type\":\"Article\",\"@id\":\"https:\\\/\\\/fuentesfidedignas.com.mx\\\/index.php\\\/2021\\\/06\\\/28\\\/enrique-se-debilita-a-tormenta-tropical\\\/#article\",\"isPartOf\":{\"@id\":\"https:\\\/\\\/fuentesfidedignas.com.mx\\\/index.php\\\/2021\\\/06\\\/28\\\/enrique-se-debilita-a-tormenta-tropical\\\/\"},\"author\":{\"name\":\"Exc\u00e9lsior\",\"@id\":\"https:\\\/\\\/fuentesfidedignas.com.mx\\\/#\\\/schema\\\/person\\\/ec4edd1fbf5efa3e44fce34fe2787780\"},\"headline\":\"&#8216;Enrique&#8217; se debilita a tormenta tropical\",\"datePublished\":\"2021-06-28T23:04:44+00:00\",\"dateModified\":\"2021-06-28T23:05:40+00:00\",\"mainEntityOfPage\":{\"@id\":\"https:\\\/\\\/fuentesfidedignas.com.mx\\\/index.php\\\/2021\\\/06\\\/28\\\/enrique-se-debilita-a-tormenta-tropical\\\/\"},\"wordCount\":343,\"commentCount\":0,\"publisher\":{\"@id\":\"https:\\\/\\\/fuentesfidedignas.com.mx\\\/#organization\"},\"image\":{\"@id\":\"https:\\\/\\\/fuentesfidedignas.com.mx\\\/index.php\\\/2021\\\/06\\\/28\\\/enrique-se-debilita-a-tormenta-tropical\\\/#primaryimage\"},\"thumbnailUrl\":\"https:\\\/\\\/fuentesfidedignas.com.mx\\\/wp-content\\\/uploads\\\/2021\\\/06\\\/ENRIQUE_DEBIL.jpg\",\"keywords\":[\"Comisi\u00f3n Nacional del Agua\",\"Conagua\",\"Hurac\u00e1n\",\"Temporada de ciclones\"],\"articleSection\":[\"NOTA PRINCIPAL\"],\"inLanguage\":\"es\",\"potentialAction\":[{\"@type\":\"CommentAction\",\"name\":\"Comment\",\"target\":[\"https:\\\/\\\/fuentesfidedignas.com.mx\\\/index.php\\\/2021\\\/06\\\/28\\\/enrique-se-debilita-a-tormenta-tropical\\\/#respond\"]}]},{\"@type\":\"WebPage\",\"@id\":\"https:\\\/\\\/fuentesfidedignas.com.mx\\\/index.php\\\/2021\\\/06\\\/28\\\/enrique-se-debilita-a-tormenta-tropical\\\/\",\"url\":\"https:\\\/\\\/fuentesfidedignas.com.mx\\\/index.php\\\/2021\\\/06\\\/28\\\/enrique-se-debilita-a-tormenta-tropical\\\/\",\"name\":\"'Enrique' se debilita a tormenta tropical - Fuentes Fidedignas\",\"isPartOf\":{\"@id\":\"https:\\\/\\\/fuentesfidedignas.com.mx\\\/#website\"},\"primaryImageOfPage\":{\"@id\":\"https:\\\/\\\/fuentesfidedignas.com.mx\\\/index.php\\\/2021\\\/06\\\/28\\\/enrique-se-debilita-a-tormenta-tropical\\\/#primaryimage\"},\"image\":{\"@id\":\"https:\\\/\\\/fuentesfidedignas.com.mx\\\/index.php\\\/2021\\\/06\\\/28\\\/enrique-se-debilita-a-tormenta-tropical\\\/#primaryimage\"},\"thumbnailUrl\":\"https:\\\/\\\/fuentesfidedignas.com.mx\\\/wp-content\\\/uploads\\\/2021\\\/06\\\/ENRIQUE_DEBIL.jpg\",\"datePublished\":\"2021-06-28T23:04:44+00:00\",\"dateModified\":\"2021-06-28T23:05:40+00:00\",\"breadcrumb\":{\"@id\":\"https:\\\/\\\/fuentesfidedignas.com.mx\\\/index.php\\\/2021\\\/06\\\/28\\\/enrique-se-debilita-a-tormenta-tropical\\\/#breadcrumb\"},\"inLanguage\":\"es\",\"potentialAction\":[{\"@type\":\"ReadAction\",\"target\":[\"https:\\\/\\\/fuentesfidedignas.com.mx\\\/index.php\\\/2021\\\/06\\\/28\\\/enrique-se-debilita-a-tormenta-tropical\\\/\"]}]},{\"@type\":\"ImageObject\",\"inLanguage\":\"es\",\"@id\":\"https:\\\/\\\/fuentesfidedignas.com.mx\\\/index.php\\\/2021\\\/06\\\/28\\\/enrique-se-debilita-a-tormenta-tropical\\\/#primaryimage\",\"url\":\"https:\\\/\\\/fuentesfidedignas.com.mx\\\/wp-content\\\/uploads\\\/2021\\\/06\\\/ENRIQUE_DEBIL.jpg\",\"contentUrl\":\"https:\\\/\\\/fuentesfidedignas.com.mx\\\/wp-content\\\/uploads\\\/2021\\\/06\\\/ENRIQUE_DEBIL.jpg\",\"width\":800,\"height\":600},{\"@type\":\"BreadcrumbList\",\"@id\":\"https:\\\/\\\/fuentesfidedignas.com.mx\\\/index.php\\\/2021\\\/06\\\/28\\\/enrique-se-debilita-a-tormenta-tropical\\\/#breadcrumb\",\"itemListElement\":[{\"@type\":\"ListItem\",\"position\":1,\"name\":\"Inicio\",\"item\":\"https:\\\/\\\/fuentesfidedignas.com.mx\\\/\"},{\"@type\":\"ListItem\",\"position\":2,\"name\":\"&#8216;Enrique&#8217; se debilita a tormenta tropical\"}]},{\"@type\":\"WebSite\",\"@id\":\"https:\\\/\\\/fuentesfidedignas.com.mx\\\/#website\",\"url\":\"https:\\\/\\\/fuentesfidedignas.com.mx\\\/\",\"name\":\"Fuentes Fidedignas\",\"description\":\"Otro sitio realizado con WordPress\",\"publisher\":{\"@id\":\"https:\\\/\\\/fuentesfidedignas.com.mx\\\/#organization\"},\"potentialAction\":[{\"@type\":\"SearchAction\",\"target\":{\"@type\":\"EntryPoint\",\"urlTemplate\":\"https:\\\/\\\/fuentesfidedignas.com.mx\\\/?s={search_term_string}\"},\"query-input\":{\"@type\":\"PropertyValueSpecification\",\"valueRequired\":true,\"valueName\":\"search_term_string\"}}],\"inLanguage\":\"es\"},{\"@type\":\"Organization\",\"@id\":\"https:\\\/\\\/fuentesfidedignas.com.mx\\\/#organization\",\"name\":\"Fuentes Fidedignas\",\"url\":\"https:\\\/\\\/fuentesfidedignas.com.mx\\\/\",\"logo\":{\"@type\":\"ImageObject\",\"inLanguage\":\"es\",\"@id\":\"https:\\\/\\\/fuentesfidedignas.com.mx\\\/#\\\/schema\\\/logo\\\/image\\\/\",\"url\":\"https:\\\/\\\/fuentesfidedignas.com.mx\\\/wp-content\\\/uploads\\\/2021\\\/04\\\/logo-retina.png\",\"contentUrl\":\"https:\\\/\\\/fuentesfidedignas.com.mx\\\/wp-content\\\/uploads\\\/2021\\\/04\\\/logo-retina.png\",\"width\":280,\"height\":51,\"caption\":\"Fuentes Fidedignas\"},\"image\":{\"@id\":\"https:\\\/\\\/fuentesfidedignas.com.mx\\\/#\\\/schema\\\/logo\\\/image\\\/\"},\"sameAs\":[\"https:\\\/\\\/www.facebook.com\\\/Fuentes-Fidedignas-368234489921644\",\"https:\\\/\\\/x.com\\\/fidedignas\"]},{\"@type\":\"Person\",\"@id\":\"https:\\\/\\\/fuentesfidedignas.com.mx\\\/#\\\/schema\\\/person\\\/ec4edd1fbf5efa3e44fce34fe2787780\",\"name\":\"Exc\u00e9lsior\",\"image\":{\"@type\":\"ImageObject\",\"inLanguage\":\"es\",\"@id\":\"https:\\\/\\\/secure.gravatar.com\\\/avatar\\\/4b7ee9206b48be08447852b3f0814dbc7c0f3b51541b164f1464a2725614020b?s=96&d=mm&r=g\",\"url\":\"https:\\\/\\\/secure.gravatar.com\\\/avatar\\\/4b7ee9206b48be08447852b3f0814dbc7c0f3b51541b164f1464a2725614020b?s=96&d=mm&r=g\",\"contentUrl\":\"https:\\\/\\\/secure.gravatar.com\\\/avatar\\\/4b7ee9206b48be08447852b3f0814dbc7c0f3b51541b164f1464a2725614020b?s=96&d=mm&r=g\",\"caption\":\"Exc\u00e9lsior\"},\"url\":\"https:\\\/\\\/fuentesfidedignas.com.mx\\\/index.php\\\/author\\\/excelsior\\\/\"}]}<\/script>\n<!-- \/ Yoast SEO plugin. -->","yoast_head_json":{"title":"'Enrique' se debilita a tormenta tropical - Fuentes Fidedignas","robots":{"index":"index","follow":"follow","max-snippet":"max-snippet:-1","max-image-preview":"max-image-preview:large","max-video-preview":"max-video-preview:-1"},"canonical":"https:\/\/fuentesfidedignas.com.mx\/index.php\/2021\/06\/28\/enrique-se-debilita-a-tormenta-tropical\/","og_locale":"es_MX","og_type":"article","og_title":"'Enrique' se debilita a tormenta tropical - Fuentes Fidedignas","og_description":"Continuar\u00e1 generando lluvias puntuales torrenciales en regiones de Colima, Guerrero, Jalisco, Michoac\u00e1n, Nayarit y Sinaloa. Ciudad de M\u00e9xico.- La Comisi\u00f3n Nacional del Agua (Conagua) inform\u00f3 que el hurac\u00e1n \u201cEnrique\u201d se debilit\u00f3 a tormenta tropical y presenta desplazamiento hacia Baja California Sur. El centro de la tormenta tropical se ubica a 170 kil\u00f3metros (km) al oeste-noroeste [&hellip;]","og_url":"https:\/\/fuentesfidedignas.com.mx\/index.php\/2021\/06\/28\/enrique-se-debilita-a-tormenta-tropical\/","og_site_name":"Fuentes Fidedignas","article_publisher":"https:\/\/www.facebook.com\/Fuentes-Fidedignas-368234489921644","article_published_time":"2021-06-28T23:04:44+00:00","article_modified_time":"2021-06-28T23:05:40+00:00","og_image":[{"width":800,"height":600,"url":"https:\/\/fuentesfidedignas.com.mx\/wp-content\/uploads\/2021\/06\/ENRIQUE_DEBIL.jpg","type":"image\/jpeg"}],"author":"Exc\u00e9lsior","twitter_card":"summary_large_image","twitter_creator":"@fidedignas","twitter_site":"@fidedignas","twitter_misc":{"Escrito por":"Exc\u00e9lsior","Tiempo de lectura":"2 minutos"},"schema":{"@context":"https:\/\/schema.org","@graph":[{"@type":"Article","@id":"https:\/\/fuentesfidedignas.com.mx\/index.php\/2021\/06\/28\/enrique-se-debilita-a-tormenta-tropical\/#article","isPartOf":{"@id":"https:\/\/fuentesfidedignas.com.mx\/index.php\/2021\/06\/28\/enrique-se-debilita-a-tormenta-tropical\/"},"author":{"name":"Exc\u00e9lsior","@id":"https:\/\/fuentesfidedignas.com.mx\/#\/schema\/person\/ec4edd1fbf5efa3e44fce34fe2787780"},"headline":"&#8216;Enrique&#8217; se debilita a tormenta tropical","datePublished":"2021-06-28T23:04:44+00:00","dateModified":"2021-06-28T23:05:40+00:00","mainEntityOfPage":{"@id":"https:\/\/fuentesfidedignas.com.mx\/index.php\/2021\/06\/28\/enrique-se-debilita-a-tormenta-tropical\/"},"wordCount":343,"commentCount":0,"publisher":{"@id":"https:\/\/fuentesfidedignas.com.mx\/#organization"},"image":{"@id":"https:\/\/fuentesfidedignas.com.mx\/index.php\/2021\/06\/28\/enrique-se-debilita-a-tormenta-tropical\/#primaryimage"},"thumbnailUrl":"https:\/\/fuentesfidedignas.com.mx\/wp-content\/uploads\/2021\/06\/ENRIQUE_DEBIL.jpg","keywords":["Comisi\u00f3n Nacional del Agua","Conagua","Hurac\u00e1n","Temporada de ciclones"],"articleSection":["NOTA PRINCIPAL"],"inLanguage":"es","potentialAction":[{"@type":"CommentAction","name":"Comment","target":["https:\/\/fuentesfidedignas.com.mx\/index.php\/2021\/06\/28\/enrique-se-debilita-a-tormenta-tropical\/#respond"]}]},{"@type":"WebPage","@id":"https:\/\/fuentesfidedignas.com.mx\/index.php\/2021\/06\/28\/enrique-se-debilita-a-tormenta-tropical\/","url":"https:\/\/fuentesfidedignas.com.mx\/index.php\/2021\/06\/28\/enrique-se-debilita-a-tormenta-tropical\/","name":"'Enrique' se debilita a tormenta tropical - Fuentes Fidedignas","isPartOf":{"@id":"https:\/\/fuentesfidedignas.com.mx\/#website"},"primaryImageOfPage":{"@id":"https:\/\/fuentesfidedignas.com.mx\/index.php\/2021\/06\/28\/enrique-se-debilita-a-tormenta-tropical\/#primaryimage"},"image":{"@id":"https:\/\/fuentesfidedignas.com.mx\/index.php\/2021\/06\/28\/enrique-se-debilita-a-tormenta-tropical\/#primaryimage"},"thumbnailUrl":"https:\/\/fuentesfidedignas.com.mx\/wp-content\/uploads\/2021\/06\/ENRIQUE_DEBIL.jpg","datePublished":"2021-06-28T23:04:44+00:00","dateModified":"2021-06-28T23:05:40+00:00","breadcrumb":{"@id":"https:\/\/fuentesfidedignas.com.mx\/index.php\/2021\/06\/28\/enrique-se-debilita-a-tormenta-tropical\/#breadcrumb"},"inLanguage":"es","potentialAction":[{"@type":"ReadAction","target":["https:\/\/fuentesfidedignas.com.mx\/index.php\/2021\/06\/28\/enrique-se-debilita-a-tormenta-tropical\/"]}]},{"@type":"ImageObject","inLanguage":"es","@id":"https:\/\/fuentesfidedignas.com.mx\/index.php\/2021\/06\/28\/enrique-se-debilita-a-tormenta-tropical\/#primaryimage","url":"https:\/\/fuentesfidedignas.com.mx\/wp-content\/uploads\/2021\/06\/ENRIQUE_DEBIL.jpg","contentUrl":"https:\/\/fuentesfidedignas.com.mx\/wp-content\/uploads\/2021\/06\/ENRIQUE_DEBIL.jpg","width":800,"height":600},{"@type":"BreadcrumbList","@id":"https:\/\/fuentesfidedignas.com.mx\/index.php\/2021\/06\/28\/enrique-se-debilita-a-tormenta-tropical\/#breadcrumb","itemListElement":[{"@type":"ListItem","position":1,"name":"Inicio","item":"https:\/\/fuentesfidedignas.com.mx\/"},{"@type":"ListItem","position":2,"name":"&#8216;Enrique&#8217; se debilita a tormenta tropical"}]},{"@type":"WebSite","@id":"https:\/\/fuentesfidedignas.com.mx\/#website","url":"https:\/\/fuentesfidedignas.com.mx\/","name":"Fuentes Fidedignas","description":"Otro sitio realizado con WordPress","publisher":{"@id":"https:\/\/fuentesfidedignas.com.mx\/#organization"},"potentialAction":[{"@type":"SearchAction","target":{"@type":"EntryPoint","urlTemplate":"https:\/\/fuentesfidedignas.com.mx\/?s={search_term_string}"},"query-input":{"@type":"PropertyValueSpecification","valueRequired":true,"valueName":"search_term_string"}}],"inLanguage":"es"},{"@type":"Organization","@id":"https:\/\/fuentesfidedignas.com.mx\/#organization","name":"Fuentes Fidedignas","url":"https:\/\/fuentesfidedignas.com.mx\/","logo":{"@type":"ImageObject","inLanguage":"es","@id":"https:\/\/fuentesfidedignas.com.mx\/#\/schema\/logo\/image\/","url":"https:\/\/fuentesfidedignas.com.mx\/wp-content\/uploads\/2021\/04\/logo-retina.png","contentUrl":"https:\/\/fuentesfidedignas.com.mx\/wp-content\/uploads\/2021\/04\/logo-retina.png","width":280,"height":51,"caption":"Fuentes Fidedignas"},"image":{"@id":"https:\/\/fuentesfidedignas.com.mx\/#\/schema\/logo\/image\/"},"sameAs":["https:\/\/www.facebook.com\/Fuentes-Fidedignas-368234489921644","https:\/\/x.com\/fidedignas"]},{"@type":"Person","@id":"https:\/\/fuentesfidedignas.com.mx\/#\/schema\/person\/ec4edd1fbf5efa3e44fce34fe2787780","name":"Exc\u00e9lsior","image":{"@type":"ImageObject","inLanguage":"es","@id":"https:\/\/secure.gravatar.com\/avatar\/4b7ee9206b48be08447852b3f0814dbc7c0f3b51541b164f1464a2725614020b?s=96&d=mm&r=g","url":"https:\/\/secure.gravatar.com\/avatar\/4b7ee9206b48be08447852b3f0814dbc7c0f3b51541b164f1464a2725614020b?s=96&d=mm&r=g","contentUrl":"https:\/\/secure.gravatar.com\/avatar\/4b7ee9206b48be08447852b3f0814dbc7c0f3b51541b164f1464a2725614020b?s=96&d=mm&r=g","caption":"Exc\u00e9lsior"},"url":"https:\/\/fuentesfidedignas.com.mx\/index.php\/author\/excelsior\/"}]}},"_links":{"self":[{"href":"https:\/\/fuentesfidedignas.com.mx\/index.php\/wp-json\/wp\/v2\/posts\/6155","targetHints":{"allow":["GET"]}}],"collection":[{"href":"https:\/\/fuentesfidedignas.com.mx\/index.php\/wp-json\/wp\/v2\/posts"}],"about":[{"href":"https:\/\/fuentesfidedignas.com.mx\/index.php\/wp-json\/wp\/v2\/types\/post"}],"author":[{"embeddable":true,"href":"https:\/\/fuentesfidedignas.com.mx\/index.php\/wp-json\/wp\/v2\/users\/7"}],"replies":[{"embeddable":true,"href":"https:\/\/fuentesfidedignas.com.mx\/index.php\/wp-json\/wp\/v2\/comments?post=6155"}],"version-history":[{"count":2,"href":"https:\/\/fuentesfidedignas.com.mx\/index.php\/wp-json\/wp\/v2\/posts\/6155\/revisions"}],"predecessor-version":[{"id":6158,"href":"https:\/\/fuentesfidedignas.com.mx\/index.php\/wp-json\/wp\/v2\/posts\/6155\/revisions\/6158"}],"wp:featuredmedia":[{"embeddable":true,"href":"https:\/\/fuentesfidedignas.com.mx\/index.php\/wp-json\/wp\/v2\/media\/6156"}],"wp:attachment":[{"href":"https:\/\/fuentesfidedignas.com.mx\/index.php\/wp-json\/wp\/v2\/media?parent=6155"}],"wp:term":[{"taxonomy":"category","embeddable":true,"href":"https:\/\/fuentesfidedignas.com.mx\/index.php\/wp-json\/wp\/v2\/categories?post=6155"},{"taxonomy":"post_tag","embeddable":true,"href":"https:\/\/fuentesfidedignas.com.mx\/index.php\/wp-json\/wp\/v2\/tags?post=6155"}],"curies":[{"name":"wp","href":"https:\/\/api.w.org\/{rel}","templated":true}]}}