{"id":61528,"date":"2023-10-06T11:32:27","date_gmt":"2023-10-06T18:32:27","guid":{"rendered":"https:\/\/fuentesfidedignas.com.mx\/?p=61528"},"modified":"2023-10-06T11:35:00","modified_gmt":"2023-10-06T18:35:00","slug":"sedena-acepta-que-trata-de-personas-va-a-la-alza-a-nivel-nacional-ocupa-el-primer-lugar","status":"publish","type":"post","link":"https:\/\/fuentesfidedignas.com.mx\/index.php\/2023\/10\/06\/sedena-acepta-que-trata-de-personas-va-a-la-alza-a-nivel-nacional-ocupa-el-primer-lugar\/","title":{"rendered":"Sedena acepta que trata de personas va a la alza a nivel nacional: \u201cOcupa el primer lugar\u201d"},"content":{"rendered":"\n<p><strong><em>Luis Cresencio Sandoval indic\u00f3 que al corte de agosto, delitos como el homicidio doloso y robo a transporte van a la baja<\/em><\/strong><\/p>\n\n\n\n<p>Ciudad de M\u00e9xico. El secretario de la Defensa Nacional\u00a0<strong>(Sedena)<\/strong>, Luis Cresencio Sandoval, inform\u00f3 que la\u00a0<strong>trata de personas<\/strong>\u00a0va en aumento a nivel nacional, ocupando el primer lugar en la incidencia delictiva, de acuerdo con datos del Sistema Nacional de Seguridad P\u00fablica de agosto.<\/p>\n\n\n\n<p>En La Ma\u00f1anera desde Quintana Roo, el funcionario federal resalt\u00f3 que la trata de personas tiene una tendencia a la alza, con\u00a0<strong>nueve eventos en agosto<\/strong>, mientras que los dem\u00e1s delitos de alto impacto como el homicidio doloso, el robo de transporte, secuestro, extorsi\u00f3n y robo a casa-habitaci\u00f3n, va a la baja.<\/p>\n\n\n\n<p>\u201cLa incidencia delictiva, de los delitos que se analizan, solamente la trata de personas est\u00e1 en primer lugar a nivel nacional y est\u00e1 con una tendencia hacia la alza, todos los dem\u00e1s delitos: robo de transporte, robo a casa-habitaci\u00f3n, extorsi\u00f3n, homicidio doloso, secuestro, todos est\u00e1n a la baja, esto refleja la coordinaci\u00f3n de las fuerzas de seguridad.<\/p>\n\n\n\n<p>\u201cLa trata de personas, como mencionaba, est\u00e1 a la alza. La informaci\u00f3n que estamos presentando es hasta el mes de agosto, todav\u00eda no se tienen los datos del Ejecutivo del Sistema Nacional de Seguridad P\u00fablica de septiembre, por eso se menciona la fecha de agosto, nueve eventos de trata de personas, este delito tiene el primer lugar a nivel nacional\u201d, puntualiz\u00f3.<\/p>\n\n\n\n<p><\/p>\n","protected":false},"excerpt":{"rendered":"<p>Luis Cresencio Sandoval indic\u00f3 que al corte de agosto, delitos como el homicidio doloso y robo a transporte van a la baja Ciudad de M\u00e9xico. El secretario de la Defensa Nacional\u00a0(Sedena), Luis Cresencio Sandoval, inform\u00f3 que la\u00a0trata de personas\u00a0va en aumento a nivel nacional, ocupando el primer lugar en la incidencia delictiva, de acuerdo con [&hellip;]<\/p>\n","protected":false},"author":47,"featured_media":61531,"comment_status":"open","ping_status":"open","sticky":false,"template":"","format":"standard","meta":{"tdm_status":"","tdm_grid_status":"","footnotes":""},"categories":[39,1],"tags":[],"class_list":{"0":"post-61528","1":"post","2":"type-post","3":"status-publish","4":"format-standard","5":"has-post-thumbnail","7":"category-noticias-nacionales","8":"category-sin-categoria"},"yoast_head":"<!-- This site is optimized with the Yoast SEO plugin v27.5 - https:\/\/yoast.com\/product\/yoast-seo-wordpress\/ -->\n<title>Sedena acepta que trata de personas va a la alza a nivel nacional: \u201cOcupa el primer lugar\u201d - Fuentes Fidedignas<\/title>\n<meta name=\"robots\" content=\"index, follow, max-snippet:-1, max-image-preview:large, max-video-preview:-1\" \/>\n<link rel=\"canonical\" href=\"https:\/\/fuentesfidedignas.com.mx\/index.php\/2023\/10\/06\/sedena-acepta-que-trata-de-personas-va-a-la-alza-a-nivel-nacional-ocupa-el-primer-lugar\/\" \/>\n<meta property=\"og:locale\" content=\"es_MX\" \/>\n<meta property=\"og:type\" content=\"article\" \/>\n<meta property=\"og:title\" content=\"Sedena acepta que trata de personas va a la alza a nivel nacional: \u201cOcupa el primer lugar\u201d - Fuentes Fidedignas\" \/>\n<meta property=\"og:description\" content=\"Luis Cresencio Sandoval indic\u00f3 que al corte de agosto, delitos como el homicidio doloso y robo a transporte van a la baja Ciudad de M\u00e9xico. El secretario de la Defensa Nacional\u00a0(Sedena), Luis Cresencio Sandoval, inform\u00f3 que la\u00a0trata de personas\u00a0va en aumento a nivel nacional, ocupando el primer lugar en la incidencia delictiva, de acuerdo con [&hellip;]\" \/>\n<meta property=\"og:url\" content=\"https:\/\/fuentesfidedignas.com.mx\/index.php\/2023\/10\/06\/sedena-acepta-que-trata-de-personas-va-a-la-alza-a-nivel-nacional-ocupa-el-primer-lugar\/\" \/>\n<meta property=\"og:site_name\" content=\"Fuentes Fidedignas\" \/>\n<meta property=\"article:publisher\" content=\"https:\/\/www.facebook.com\/Fuentes-Fidedignas-368234489921644\" \/>\n<meta property=\"article:published_time\" content=\"2023-10-06T18:32:27+00:00\" \/>\n<meta property=\"article:modified_time\" content=\"2023-10-06T18:35:00+00:00\" \/>\n<meta property=\"og:image\" content=\"https:\/\/fuentesfidedignas.com.mx\/wp-content\/uploads\/2023\/10\/Screenshot_20231006_113420_Chrome.jpg\" \/>\n\t<meta property=\"og:image:width\" content=\"1080\" \/>\n\t<meta property=\"og:image:height\" content=\"808\" \/>\n\t<meta property=\"og:image:type\" content=\"image\/jpeg\" \/>\n<meta name=\"author\" content=\"L\u00f3pez D\u00f3riga\" \/>\n<meta name=\"twitter:card\" content=\"summary_large_image\" \/>\n<meta name=\"twitter:creator\" content=\"@fidedignas\" \/>\n<meta name=\"twitter:site\" content=\"@fidedignas\" \/>\n<meta name=\"twitter:label1\" content=\"Escrito por\" \/>\n\t<meta name=\"twitter:data1\" content=\"L\u00f3pez D\u00f3riga\" \/>\n\t<meta name=\"twitter:label2\" content=\"Tiempo de lectura\" \/>\n\t<meta name=\"twitter:data2\" content=\"2 minutos\" \/>\n<script type=\"application\/ld+json\" class=\"yoast-schema-graph\">{\"@context\":\"https:\\\/\\\/schema.org\",\"@graph\":[{\"@type\":\"Article\",\"@id\":\"https:\\\/\\\/fuentesfidedignas.com.mx\\\/index.php\\\/2023\\\/10\\\/06\\\/sedena-acepta-que-trata-de-personas-va-a-la-alza-a-nivel-nacional-ocupa-el-primer-lugar\\\/#article\",\"isPartOf\":{\"@id\":\"https:\\\/\\\/fuentesfidedignas.com.mx\\\/index.php\\\/2023\\\/10\\\/06\\\/sedena-acepta-que-trata-de-personas-va-a-la-alza-a-nivel-nacional-ocupa-el-primer-lugar\\\/\"},\"author\":{\"name\":\"L\u00f3pez D\u00f3riga\",\"@id\":\"https:\\\/\\\/fuentesfidedignas.com.mx\\\/#\\\/schema\\\/person\\\/67d852f0557c8509146a4b9ddebd543a\"},\"headline\":\"Sedena acepta que trata de personas va a la alza a nivel nacional: \u201cOcupa el primer lugar\u201d\",\"datePublished\":\"2023-10-06T18:32:27+00:00\",\"dateModified\":\"2023-10-06T18:35:00+00:00\",\"mainEntityOfPage\":{\"@id\":\"https:\\\/\\\/fuentesfidedignas.com.mx\\\/index.php\\\/2023\\\/10\\\/06\\\/sedena-acepta-que-trata-de-personas-va-a-la-alza-a-nivel-nacional-ocupa-el-primer-lugar\\\/\"},\"wordCount\":268,\"commentCount\":0,\"publisher\":{\"@id\":\"https:\\\/\\\/fuentesfidedignas.com.mx\\\/#organization\"},\"image\":{\"@id\":\"https:\\\/\\\/fuentesfidedignas.com.mx\\\/index.php\\\/2023\\\/10\\\/06\\\/sedena-acepta-que-trata-de-personas-va-a-la-alza-a-nivel-nacional-ocupa-el-primer-lugar\\\/#primaryimage\"},\"thumbnailUrl\":\"https:\\\/\\\/fuentesfidedignas.com.mx\\\/wp-content\\\/uploads\\\/2023\\\/10\\\/Screenshot_20231006_113420_Chrome.jpg\",\"articleSection\":[\"NOTICIAS NACIONALES\"],\"inLanguage\":\"es\",\"potentialAction\":[{\"@type\":\"CommentAction\",\"name\":\"Comment\",\"target\":[\"https:\\\/\\\/fuentesfidedignas.com.mx\\\/index.php\\\/2023\\\/10\\\/06\\\/sedena-acepta-que-trata-de-personas-va-a-la-alza-a-nivel-nacional-ocupa-el-primer-lugar\\\/#respond\"]}]},{\"@type\":\"WebPage\",\"@id\":\"https:\\\/\\\/fuentesfidedignas.com.mx\\\/index.php\\\/2023\\\/10\\\/06\\\/sedena-acepta-que-trata-de-personas-va-a-la-alza-a-nivel-nacional-ocupa-el-primer-lugar\\\/\",\"url\":\"https:\\\/\\\/fuentesfidedignas.com.mx\\\/index.php\\\/2023\\\/10\\\/06\\\/sedena-acepta-que-trata-de-personas-va-a-la-alza-a-nivel-nacional-ocupa-el-primer-lugar\\\/\",\"name\":\"Sedena acepta que trata de personas va a la alza a nivel nacional: \u201cOcupa el primer lugar\u201d - Fuentes Fidedignas\",\"isPartOf\":{\"@id\":\"https:\\\/\\\/fuentesfidedignas.com.mx\\\/#website\"},\"primaryImageOfPage\":{\"@id\":\"https:\\\/\\\/fuentesfidedignas.com.mx\\\/index.php\\\/2023\\\/10\\\/06\\\/sedena-acepta-que-trata-de-personas-va-a-la-alza-a-nivel-nacional-ocupa-el-primer-lugar\\\/#primaryimage\"},\"image\":{\"@id\":\"https:\\\/\\\/fuentesfidedignas.com.mx\\\/index.php\\\/2023\\\/10\\\/06\\\/sedena-acepta-que-trata-de-personas-va-a-la-alza-a-nivel-nacional-ocupa-el-primer-lugar\\\/#primaryimage\"},\"thumbnailUrl\":\"https:\\\/\\\/fuentesfidedignas.com.mx\\\/wp-content\\\/uploads\\\/2023\\\/10\\\/Screenshot_20231006_113420_Chrome.jpg\",\"datePublished\":\"2023-10-06T18:32:27+00:00\",\"dateModified\":\"2023-10-06T18:35:00+00:00\",\"breadcrumb\":{\"@id\":\"https:\\\/\\\/fuentesfidedignas.com.mx\\\/index.php\\\/2023\\\/10\\\/06\\\/sedena-acepta-que-trata-de-personas-va-a-la-alza-a-nivel-nacional-ocupa-el-primer-lugar\\\/#breadcrumb\"},\"inLanguage\":\"es\",\"potentialAction\":[{\"@type\":\"ReadAction\",\"target\":[\"https:\\\/\\\/fuentesfidedignas.com.mx\\\/index.php\\\/2023\\\/10\\\/06\\\/sedena-acepta-que-trata-de-personas-va-a-la-alza-a-nivel-nacional-ocupa-el-primer-lugar\\\/\"]}]},{\"@type\":\"ImageObject\",\"inLanguage\":\"es\",\"@id\":\"https:\\\/\\\/fuentesfidedignas.com.mx\\\/index.php\\\/2023\\\/10\\\/06\\\/sedena-acepta-que-trata-de-personas-va-a-la-alza-a-nivel-nacional-ocupa-el-primer-lugar\\\/#primaryimage\",\"url\":\"https:\\\/\\\/fuentesfidedignas.com.mx\\\/wp-content\\\/uploads\\\/2023\\\/10\\\/Screenshot_20231006_113420_Chrome.jpg\",\"contentUrl\":\"https:\\\/\\\/fuentesfidedignas.com.mx\\\/wp-content\\\/uploads\\\/2023\\\/10\\\/Screenshot_20231006_113420_Chrome.jpg\",\"width\":1080,\"height\":808},{\"@type\":\"BreadcrumbList\",\"@id\":\"https:\\\/\\\/fuentesfidedignas.com.mx\\\/index.php\\\/2023\\\/10\\\/06\\\/sedena-acepta-que-trata-de-personas-va-a-la-alza-a-nivel-nacional-ocupa-el-primer-lugar\\\/#breadcrumb\",\"itemListElement\":[{\"@type\":\"ListItem\",\"position\":1,\"name\":\"Inicio\",\"item\":\"https:\\\/\\\/fuentesfidedignas.com.mx\\\/\"},{\"@type\":\"ListItem\",\"position\":2,\"name\":\"Sedena acepta que trata de personas va a la alza a nivel nacional: \u201cOcupa el primer lugar\u201d\"}]},{\"@type\":\"WebSite\",\"@id\":\"https:\\\/\\\/fuentesfidedignas.com.mx\\\/#website\",\"url\":\"https:\\\/\\\/fuentesfidedignas.com.mx\\\/\",\"name\":\"Fuentes Fidedignas\",\"description\":\"Otro sitio realizado con WordPress\",\"publisher\":{\"@id\":\"https:\\\/\\\/fuentesfidedignas.com.mx\\\/#organization\"},\"potentialAction\":[{\"@type\":\"SearchAction\",\"target\":{\"@type\":\"EntryPoint\",\"urlTemplate\":\"https:\\\/\\\/fuentesfidedignas.com.mx\\\/?s={search_term_string}\"},\"query-input\":{\"@type\":\"PropertyValueSpecification\",\"valueRequired\":true,\"valueName\":\"search_term_string\"}}],\"inLanguage\":\"es\"},{\"@type\":\"Organization\",\"@id\":\"https:\\\/\\\/fuentesfidedignas.com.mx\\\/#organization\",\"name\":\"Fuentes Fidedignas\",\"url\":\"https:\\\/\\\/fuentesfidedignas.com.mx\\\/\",\"logo\":{\"@type\":\"ImageObject\",\"inLanguage\":\"es\",\"@id\":\"https:\\\/\\\/fuentesfidedignas.com.mx\\\/#\\\/schema\\\/logo\\\/image\\\/\",\"url\":\"https:\\\/\\\/fuentesfidedignas.com.mx\\\/wp-content\\\/uploads\\\/2021\\\/04\\\/logo-retina.png\",\"contentUrl\":\"https:\\\/\\\/fuentesfidedignas.com.mx\\\/wp-content\\\/uploads\\\/2021\\\/04\\\/logo-retina.png\",\"width\":280,\"height\":51,\"caption\":\"Fuentes Fidedignas\"},\"image\":{\"@id\":\"https:\\\/\\\/fuentesfidedignas.com.mx\\\/#\\\/schema\\\/logo\\\/image\\\/\"},\"sameAs\":[\"https:\\\/\\\/www.facebook.com\\\/Fuentes-Fidedignas-368234489921644\",\"https:\\\/\\\/x.com\\\/fidedignas\"]},{\"@type\":\"Person\",\"@id\":\"https:\\\/\\\/fuentesfidedignas.com.mx\\\/#\\\/schema\\\/person\\\/67d852f0557c8509146a4b9ddebd543a\",\"name\":\"L\u00f3pez D\u00f3riga\",\"image\":{\"@type\":\"ImageObject\",\"inLanguage\":\"es\",\"@id\":\"https:\\\/\\\/secure.gravatar.com\\\/avatar\\\/e525b06574ca18b33cded59dfe5778d6c823b9513154eff47da551b0551bdd1e?s=96&d=mm&r=g\",\"url\":\"https:\\\/\\\/secure.gravatar.com\\\/avatar\\\/e525b06574ca18b33cded59dfe5778d6c823b9513154eff47da551b0551bdd1e?s=96&d=mm&r=g\",\"contentUrl\":\"https:\\\/\\\/secure.gravatar.com\\\/avatar\\\/e525b06574ca18b33cded59dfe5778d6c823b9513154eff47da551b0551bdd1e?s=96&d=mm&r=g\",\"caption\":\"L\u00f3pez D\u00f3riga\"},\"url\":\"https:\\\/\\\/fuentesfidedignas.com.mx\\\/index.php\\\/author\\\/doriga\\\/\"}]}<\/script>\n<!-- \/ Yoast SEO plugin. -->","yoast_head_json":{"title":"Sedena acepta que trata de personas va a la alza a nivel nacional: \u201cOcupa el primer lugar\u201d - Fuentes Fidedignas","robots":{"index":"index","follow":"follow","max-snippet":"max-snippet:-1","max-image-preview":"max-image-preview:large","max-video-preview":"max-video-preview:-1"},"canonical":"https:\/\/fuentesfidedignas.com.mx\/index.php\/2023\/10\/06\/sedena-acepta-que-trata-de-personas-va-a-la-alza-a-nivel-nacional-ocupa-el-primer-lugar\/","og_locale":"es_MX","og_type":"article","og_title":"Sedena acepta que trata de personas va a la alza a nivel nacional: \u201cOcupa el primer lugar\u201d - Fuentes Fidedignas","og_description":"Luis Cresencio Sandoval indic\u00f3 que al corte de agosto, delitos como el homicidio doloso y robo a transporte van a la baja Ciudad de M\u00e9xico. El secretario de la Defensa Nacional\u00a0(Sedena), Luis Cresencio Sandoval, inform\u00f3 que la\u00a0trata de personas\u00a0va en aumento a nivel nacional, ocupando el primer lugar en la incidencia delictiva, de acuerdo con [&hellip;]","og_url":"https:\/\/fuentesfidedignas.com.mx\/index.php\/2023\/10\/06\/sedena-acepta-que-trata-de-personas-va-a-la-alza-a-nivel-nacional-ocupa-el-primer-lugar\/","og_site_name":"Fuentes Fidedignas","article_publisher":"https:\/\/www.facebook.com\/Fuentes-Fidedignas-368234489921644","article_published_time":"2023-10-06T18:32:27+00:00","article_modified_time":"2023-10-06T18:35:00+00:00","og_image":[{"width":1080,"height":808,"url":"https:\/\/fuentesfidedignas.com.mx\/wp-content\/uploads\/2023\/10\/Screenshot_20231006_113420_Chrome.jpg","type":"image\/jpeg"}],"author":"L\u00f3pez D\u00f3riga","twitter_card":"summary_large_image","twitter_creator":"@fidedignas","twitter_site":"@fidedignas","twitter_misc":{"Escrito por":"L\u00f3pez D\u00f3riga","Tiempo de lectura":"2 minutos"},"schema":{"@context":"https:\/\/schema.org","@graph":[{"@type":"Article","@id":"https:\/\/fuentesfidedignas.com.mx\/index.php\/2023\/10\/06\/sedena-acepta-que-trata-de-personas-va-a-la-alza-a-nivel-nacional-ocupa-el-primer-lugar\/#article","isPartOf":{"@id":"https:\/\/fuentesfidedignas.com.mx\/index.php\/2023\/10\/06\/sedena-acepta-que-trata-de-personas-va-a-la-alza-a-nivel-nacional-ocupa-el-primer-lugar\/"},"author":{"name":"L\u00f3pez D\u00f3riga","@id":"https:\/\/fuentesfidedignas.com.mx\/#\/schema\/person\/67d852f0557c8509146a4b9ddebd543a"},"headline":"Sedena acepta que trata de personas va a la alza a nivel nacional: \u201cOcupa el primer lugar\u201d","datePublished":"2023-10-06T18:32:27+00:00","dateModified":"2023-10-06T18:35:00+00:00","mainEntityOfPage":{"@id":"https:\/\/fuentesfidedignas.com.mx\/index.php\/2023\/10\/06\/sedena-acepta-que-trata-de-personas-va-a-la-alza-a-nivel-nacional-ocupa-el-primer-lugar\/"},"wordCount":268,"commentCount":0,"publisher":{"@id":"https:\/\/fuentesfidedignas.com.mx\/#organization"},"image":{"@id":"https:\/\/fuentesfidedignas.com.mx\/index.php\/2023\/10\/06\/sedena-acepta-que-trata-de-personas-va-a-la-alza-a-nivel-nacional-ocupa-el-primer-lugar\/#primaryimage"},"thumbnailUrl":"https:\/\/fuentesfidedignas.com.mx\/wp-content\/uploads\/2023\/10\/Screenshot_20231006_113420_Chrome.jpg","articleSection":["NOTICIAS NACIONALES"],"inLanguage":"es","potentialAction":[{"@type":"CommentAction","name":"Comment","target":["https:\/\/fuentesfidedignas.com.mx\/index.php\/2023\/10\/06\/sedena-acepta-que-trata-de-personas-va-a-la-alza-a-nivel-nacional-ocupa-el-primer-lugar\/#respond"]}]},{"@type":"WebPage","@id":"https:\/\/fuentesfidedignas.com.mx\/index.php\/2023\/10\/06\/sedena-acepta-que-trata-de-personas-va-a-la-alza-a-nivel-nacional-ocupa-el-primer-lugar\/","url":"https:\/\/fuentesfidedignas.com.mx\/index.php\/2023\/10\/06\/sedena-acepta-que-trata-de-personas-va-a-la-alza-a-nivel-nacional-ocupa-el-primer-lugar\/","name":"Sedena acepta que trata de personas va a la alza a nivel nacional: \u201cOcupa el primer lugar\u201d - Fuentes Fidedignas","isPartOf":{"@id":"https:\/\/fuentesfidedignas.com.mx\/#website"},"primaryImageOfPage":{"@id":"https:\/\/fuentesfidedignas.com.mx\/index.php\/2023\/10\/06\/sedena-acepta-que-trata-de-personas-va-a-la-alza-a-nivel-nacional-ocupa-el-primer-lugar\/#primaryimage"},"image":{"@id":"https:\/\/fuentesfidedignas.com.mx\/index.php\/2023\/10\/06\/sedena-acepta-que-trata-de-personas-va-a-la-alza-a-nivel-nacional-ocupa-el-primer-lugar\/#primaryimage"},"thumbnailUrl":"https:\/\/fuentesfidedignas.com.mx\/wp-content\/uploads\/2023\/10\/Screenshot_20231006_113420_Chrome.jpg","datePublished":"2023-10-06T18:32:27+00:00","dateModified":"2023-10-06T18:35:00+00:00","breadcrumb":{"@id":"https:\/\/fuentesfidedignas.com.mx\/index.php\/2023\/10\/06\/sedena-acepta-que-trata-de-personas-va-a-la-alza-a-nivel-nacional-ocupa-el-primer-lugar\/#breadcrumb"},"inLanguage":"es","potentialAction":[{"@type":"ReadAction","target":["https:\/\/fuentesfidedignas.com.mx\/index.php\/2023\/10\/06\/sedena-acepta-que-trata-de-personas-va-a-la-alza-a-nivel-nacional-ocupa-el-primer-lugar\/"]}]},{"@type":"ImageObject","inLanguage":"es","@id":"https:\/\/fuentesfidedignas.com.mx\/index.php\/2023\/10\/06\/sedena-acepta-que-trata-de-personas-va-a-la-alza-a-nivel-nacional-ocupa-el-primer-lugar\/#primaryimage","url":"https:\/\/fuentesfidedignas.com.mx\/wp-content\/uploads\/2023\/10\/Screenshot_20231006_113420_Chrome.jpg","contentUrl":"https:\/\/fuentesfidedignas.com.mx\/wp-content\/uploads\/2023\/10\/Screenshot_20231006_113420_Chrome.jpg","width":1080,"height":808},{"@type":"BreadcrumbList","@id":"https:\/\/fuentesfidedignas.com.mx\/index.php\/2023\/10\/06\/sedena-acepta-que-trata-de-personas-va-a-la-alza-a-nivel-nacional-ocupa-el-primer-lugar\/#breadcrumb","itemListElement":[{"@type":"ListItem","position":1,"name":"Inicio","item":"https:\/\/fuentesfidedignas.com.mx\/"},{"@type":"ListItem","position":2,"name":"Sedena acepta que trata de personas va a la alza a nivel nacional: \u201cOcupa el primer lugar\u201d"}]},{"@type":"WebSite","@id":"https:\/\/fuentesfidedignas.com.mx\/#website","url":"https:\/\/fuentesfidedignas.com.mx\/","name":"Fuentes Fidedignas","description":"Otro sitio realizado con WordPress","publisher":{"@id":"https:\/\/fuentesfidedignas.com.mx\/#organization"},"potentialAction":[{"@type":"SearchAction","target":{"@type":"EntryPoint","urlTemplate":"https:\/\/fuentesfidedignas.com.mx\/?s={search_term_string}"},"query-input":{"@type":"PropertyValueSpecification","valueRequired":true,"valueName":"search_term_string"}}],"inLanguage":"es"},{"@type":"Organization","@id":"https:\/\/fuentesfidedignas.com.mx\/#organization","name":"Fuentes Fidedignas","url":"https:\/\/fuentesfidedignas.com.mx\/","logo":{"@type":"ImageObject","inLanguage":"es","@id":"https:\/\/fuentesfidedignas.com.mx\/#\/schema\/logo\/image\/","url":"https:\/\/fuentesfidedignas.com.mx\/wp-content\/uploads\/2021\/04\/logo-retina.png","contentUrl":"https:\/\/fuentesfidedignas.com.mx\/wp-content\/uploads\/2021\/04\/logo-retina.png","width":280,"height":51,"caption":"Fuentes Fidedignas"},"image":{"@id":"https:\/\/fuentesfidedignas.com.mx\/#\/schema\/logo\/image\/"},"sameAs":["https:\/\/www.facebook.com\/Fuentes-Fidedignas-368234489921644","https:\/\/x.com\/fidedignas"]},{"@type":"Person","@id":"https:\/\/fuentesfidedignas.com.mx\/#\/schema\/person\/67d852f0557c8509146a4b9ddebd543a","name":"L\u00f3pez D\u00f3riga","image":{"@type":"ImageObject","inLanguage":"es","@id":"https:\/\/secure.gravatar.com\/avatar\/e525b06574ca18b33cded59dfe5778d6c823b9513154eff47da551b0551bdd1e?s=96&d=mm&r=g","url":"https:\/\/secure.gravatar.com\/avatar\/e525b06574ca18b33cded59dfe5778d6c823b9513154eff47da551b0551bdd1e?s=96&d=mm&r=g","contentUrl":"https:\/\/secure.gravatar.com\/avatar\/e525b06574ca18b33cded59dfe5778d6c823b9513154eff47da551b0551bdd1e?s=96&d=mm&r=g","caption":"L\u00f3pez D\u00f3riga"},"url":"https:\/\/fuentesfidedignas.com.mx\/index.php\/author\/doriga\/"}]}},"_links":{"self":[{"href":"https:\/\/fuentesfidedignas.com.mx\/index.php\/wp-json\/wp\/v2\/posts\/61528","targetHints":{"allow":["GET"]}}],"collection":[{"href":"https:\/\/fuentesfidedignas.com.mx\/index.php\/wp-json\/wp\/v2\/posts"}],"about":[{"href":"https:\/\/fuentesfidedignas.com.mx\/index.php\/wp-json\/wp\/v2\/types\/post"}],"author":[{"embeddable":true,"href":"https:\/\/fuentesfidedignas.com.mx\/index.php\/wp-json\/wp\/v2\/users\/47"}],"replies":[{"embeddable":true,"href":"https:\/\/fuentesfidedignas.com.mx\/index.php\/wp-json\/wp\/v2\/comments?post=61528"}],"version-history":[{"count":1,"href":"https:\/\/fuentesfidedignas.com.mx\/index.php\/wp-json\/wp\/v2\/posts\/61528\/revisions"}],"predecessor-version":[{"id":61530,"href":"https:\/\/fuentesfidedignas.com.mx\/index.php\/wp-json\/wp\/v2\/posts\/61528\/revisions\/61530"}],"wp:featuredmedia":[{"embeddable":true,"href":"https:\/\/fuentesfidedignas.com.mx\/index.php\/wp-json\/wp\/v2\/media\/61531"}],"wp:attachment":[{"href":"https:\/\/fuentesfidedignas.com.mx\/index.php\/wp-json\/wp\/v2\/media?parent=61528"}],"wp:term":[{"taxonomy":"category","embeddable":true,"href":"https:\/\/fuentesfidedignas.com.mx\/index.php\/wp-json\/wp\/v2\/categories?post=61528"},{"taxonomy":"post_tag","embeddable":true,"href":"https:\/\/fuentesfidedignas.com.mx\/index.php\/wp-json\/wp\/v2\/tags?post=61528"}],"curies":[{"name":"wp","href":"https:\/\/api.w.org\/{rel}","templated":true}]}}