{"id":6152,"date":"2021-06-28T15:40:37","date_gmt":"2021-06-28T22:40:37","guid":{"rendered":"https:\/\/fuentesfidedignas.com.mx\/?p=6152"},"modified":"2021-06-28T15:40:38","modified_gmt":"2021-06-28T22:40:38","slug":"padres-de-familia-de-ninos-con-cancer-anuncian-marcha-nacional","status":"publish","type":"post","link":"https:\/\/fuentesfidedignas.com.mx\/index.php\/2021\/06\/28\/padres-de-familia-de-ninos-con-cancer-anuncian-marcha-nacional\/","title":{"rendered":"Padres de familia de ni\u00f1os con c\u00e1ncer anuncian marcha nacional"},"content":{"rendered":"\n<p><strong><em>Padres y madres de menores de edad que padecen c\u00e1ncer anunciaron que realizar\u00e1n una marcha nacional el pr\u00f3ximo s\u00e1bado 24 de julio<\/em><\/strong><\/p>\n\n\n\n<p>Ciudad de M\u00e9xico.- Padres y madres de menores de edad que padecen c\u00e1ncer anunciaron que realizar\u00e1n una marcha nacional el pr\u00f3ximo s\u00e1bado 24 de julio.<\/p>\n\n\n\n<p>Adem\u00e1s denunciaron que el compromiso realizado el mi\u00e9rcoles pasado por la Secretar\u00eda de Salud, no se cumpli\u00f3 debido a que los medicamentos que ofrecieron surtir este lunes, al momento no han llegado.<\/p>\n\n\n\n<p>En un comunicado, tambi\u00e9n manifestaron su indignaci\u00f3n por las declaraciones de Hugo L\u00f3pez-Gatell Ram\u00edrez, subsecretario de Prevenci\u00f3n y Promoci\u00f3n de la Salud, quien este domingo, en un programa de televisi\u00f3n, se\u00f1al\u00f3 que \u201cesta idea de los ni\u00f1os con c\u00e1ncer que no tienen medicamentos, cada vez lo vemos posicionado como parte de una campa\u00f1a, m\u00e1s all\u00e1 del pa\u00eds, de los grupos de derecha internacionales que est\u00e1n buscando crear esta ola de simpat\u00eda en la ciudadan\u00eda mexicana ya con una visi\u00f3n casi golpista\u201d.<\/p>\n\n\n\n<p>Por lo cual, los familiares de pacientes pedi\u00e1tricos oncol\u00f3gicos, reiteraron que debido a la falta de medicamentos y quimioterapias, han fallecido m\u00e1s de mil 600 ni\u00f1as y ni\u00f1os con c\u00e1ncer.<\/p>\n\n\n\n<p>&#8220;Debido al dolor constante de ver todos los d\u00edas sufrir a nuestros hijos e hijas ante la falta de quimioterapias se han iniciado acciones jur\u00eddicas por todo el pa\u00eds en la b\u00fasqueda de soluciones que les brinden el acceso a la salud que nos garantiza la constituci\u00f3n\u201d.<\/p>\n\n\n\n<p>A la marcha nacional, donde participar\u00e1n padres y madres de Nuevo Le\u00f3n, San Luis Potos\u00ed, Puebla, Chiapas, Guerrero, Ciudad de M\u00e9xico, se sumar\u00e1n personas de la comunidad LGBT que se han visto perjudicadas por la falta de medicamentos antirretrovirales y mujeres de Oaxaca, afectadas por la desaparici\u00f3n del subsidio a la Fundaci\u00f3n del C\u00e1ncer de Mama.<\/p>\n\n\n\n<p>Las organizaciones que firman este comunicado son: Fundaci\u00f3n Nicuatole; Movimiento Nacional por la Salud pap\u00e1s de ni\u00f1as con c\u00e1ncer; Cero desabasto; Fundaci\u00f3n Mayrita y De Coraz\u00f3n A.C.<\/p>\n","protected":false},"excerpt":{"rendered":"<p>Padres y madres de menores de edad que padecen c\u00e1ncer anunciaron que realizar\u00e1n una marcha nacional el pr\u00f3ximo s\u00e1bado 24 de julio Ciudad de M\u00e9xico.- Padres y madres de menores de edad que padecen c\u00e1ncer anunciaron que realizar\u00e1n una marcha nacional el pr\u00f3ximo s\u00e1bado 24 de julio. Adem\u00e1s denunciaron que el compromiso realizado el mi\u00e9rcoles [&hellip;]<\/p>\n","protected":false},"author":7,"featured_media":6153,"comment_status":"open","ping_status":"open","sticky":false,"template":"","format":"standard","meta":{"tdm_status":"","tdm_grid_status":"","footnotes":""},"categories":[39],"tags":[247,297,1144,735],"class_list":{"0":"post-6152","1":"post","2":"type-post","3":"status-publish","4":"format-standard","5":"has-post-thumbnail","7":"category-noticias-nacionales","8":"tag-amlo","9":"tag-andres-manuel-lopez-obrador","10":"tag-marcha","11":"tag-ninos-con-cancer"},"yoast_head":"<!-- This site is optimized with the Yoast SEO plugin v27.5 - https:\/\/yoast.com\/product\/yoast-seo-wordpress\/ -->\n<title>Padres de familia de ni\u00f1os con c\u00e1ncer anuncian marcha nacional - Fuentes Fidedignas<\/title>\n<meta name=\"robots\" content=\"index, follow, max-snippet:-1, max-image-preview:large, max-video-preview:-1\" \/>\n<link rel=\"canonical\" href=\"https:\/\/fuentesfidedignas.com.mx\/index.php\/2021\/06\/28\/padres-de-familia-de-ninos-con-cancer-anuncian-marcha-nacional\/\" \/>\n<meta property=\"og:locale\" content=\"es_MX\" \/>\n<meta property=\"og:type\" content=\"article\" \/>\n<meta property=\"og:title\" content=\"Padres de familia de ni\u00f1os con c\u00e1ncer anuncian marcha nacional - Fuentes Fidedignas\" \/>\n<meta property=\"og:description\" content=\"Padres y madres de menores de edad que padecen c\u00e1ncer anunciaron que realizar\u00e1n una marcha nacional el pr\u00f3ximo s\u00e1bado 24 de julio Ciudad de M\u00e9xico.- Padres y madres de menores de edad que padecen c\u00e1ncer anunciaron que realizar\u00e1n una marcha nacional el pr\u00f3ximo s\u00e1bado 24 de julio. Adem\u00e1s denunciaron que el compromiso realizado el mi\u00e9rcoles [&hellip;]\" \/>\n<meta property=\"og:url\" content=\"https:\/\/fuentesfidedignas.com.mx\/index.php\/2021\/06\/28\/padres-de-familia-de-ninos-con-cancer-anuncian-marcha-nacional\/\" \/>\n<meta property=\"og:site_name\" content=\"Fuentes Fidedignas\" \/>\n<meta property=\"article:publisher\" content=\"https:\/\/www.facebook.com\/Fuentes-Fidedignas-368234489921644\" \/>\n<meta property=\"article:published_time\" content=\"2021-06-28T22:40:37+00:00\" \/>\n<meta property=\"article:modified_time\" content=\"2021-06-28T22:40:38+00:00\" \/>\n<meta property=\"og:image\" content=\"https:\/\/fuentesfidedignas.com.mx\/wp-content\/uploads\/2021\/06\/MAMA_NINOCANCER.jpg\" \/>\n\t<meta property=\"og:image:width\" content=\"800\" \/>\n\t<meta property=\"og:image:height\" content=\"600\" \/>\n\t<meta property=\"og:image:type\" content=\"image\/jpeg\" \/>\n<meta name=\"author\" content=\"Exc\u00e9lsior\" \/>\n<meta name=\"twitter:card\" content=\"summary_large_image\" \/>\n<meta name=\"twitter:creator\" content=\"@fidedignas\" \/>\n<meta name=\"twitter:site\" content=\"@fidedignas\" \/>\n<meta name=\"twitter:label1\" content=\"Escrito por\" \/>\n\t<meta name=\"twitter:data1\" content=\"Exc\u00e9lsior\" \/>\n\t<meta name=\"twitter:label2\" content=\"Tiempo de lectura\" \/>\n\t<meta name=\"twitter:data2\" content=\"2 minutos\" \/>\n<script type=\"application\/ld+json\" class=\"yoast-schema-graph\">{\"@context\":\"https:\\\/\\\/schema.org\",\"@graph\":[{\"@type\":\"Article\",\"@id\":\"https:\\\/\\\/fuentesfidedignas.com.mx\\\/index.php\\\/2021\\\/06\\\/28\\\/padres-de-familia-de-ninos-con-cancer-anuncian-marcha-nacional\\\/#article\",\"isPartOf\":{\"@id\":\"https:\\\/\\\/fuentesfidedignas.com.mx\\\/index.php\\\/2021\\\/06\\\/28\\\/padres-de-familia-de-ninos-con-cancer-anuncian-marcha-nacional\\\/\"},\"author\":{\"name\":\"Exc\u00e9lsior\",\"@id\":\"https:\\\/\\\/fuentesfidedignas.com.mx\\\/#\\\/schema\\\/person\\\/ec4edd1fbf5efa3e44fce34fe2787780\"},\"headline\":\"Padres de familia de ni\u00f1os con c\u00e1ncer anuncian marcha nacional\",\"datePublished\":\"2021-06-28T22:40:37+00:00\",\"dateModified\":\"2021-06-28T22:40:38+00:00\",\"mainEntityOfPage\":{\"@id\":\"https:\\\/\\\/fuentesfidedignas.com.mx\\\/index.php\\\/2021\\\/06\\\/28\\\/padres-de-familia-de-ninos-con-cancer-anuncian-marcha-nacional\\\/\"},\"wordCount\":384,\"commentCount\":0,\"publisher\":{\"@id\":\"https:\\\/\\\/fuentesfidedignas.com.mx\\\/#organization\"},\"image\":{\"@id\":\"https:\\\/\\\/fuentesfidedignas.com.mx\\\/index.php\\\/2021\\\/06\\\/28\\\/padres-de-familia-de-ninos-con-cancer-anuncian-marcha-nacional\\\/#primaryimage\"},\"thumbnailUrl\":\"https:\\\/\\\/fuentesfidedignas.com.mx\\\/wp-content\\\/uploads\\\/2021\\\/06\\\/MAMA_NINOCANCER.jpg\",\"keywords\":[\"AMLO\",\"Andr\u00e9s Manuel L\u00f3pez Obrador\",\"Marcha\",\"Ni\u00f1os con c\u00e1ncer\"],\"articleSection\":[\"NOTICIAS NACIONALES\"],\"inLanguage\":\"es\",\"potentialAction\":[{\"@type\":\"CommentAction\",\"name\":\"Comment\",\"target\":[\"https:\\\/\\\/fuentesfidedignas.com.mx\\\/index.php\\\/2021\\\/06\\\/28\\\/padres-de-familia-de-ninos-con-cancer-anuncian-marcha-nacional\\\/#respond\"]}]},{\"@type\":\"WebPage\",\"@id\":\"https:\\\/\\\/fuentesfidedignas.com.mx\\\/index.php\\\/2021\\\/06\\\/28\\\/padres-de-familia-de-ninos-con-cancer-anuncian-marcha-nacional\\\/\",\"url\":\"https:\\\/\\\/fuentesfidedignas.com.mx\\\/index.php\\\/2021\\\/06\\\/28\\\/padres-de-familia-de-ninos-con-cancer-anuncian-marcha-nacional\\\/\",\"name\":\"Padres de familia de ni\u00f1os con c\u00e1ncer anuncian marcha nacional - Fuentes Fidedignas\",\"isPartOf\":{\"@id\":\"https:\\\/\\\/fuentesfidedignas.com.mx\\\/#website\"},\"primaryImageOfPage\":{\"@id\":\"https:\\\/\\\/fuentesfidedignas.com.mx\\\/index.php\\\/2021\\\/06\\\/28\\\/padres-de-familia-de-ninos-con-cancer-anuncian-marcha-nacional\\\/#primaryimage\"},\"image\":{\"@id\":\"https:\\\/\\\/fuentesfidedignas.com.mx\\\/index.php\\\/2021\\\/06\\\/28\\\/padres-de-familia-de-ninos-con-cancer-anuncian-marcha-nacional\\\/#primaryimage\"},\"thumbnailUrl\":\"https:\\\/\\\/fuentesfidedignas.com.mx\\\/wp-content\\\/uploads\\\/2021\\\/06\\\/MAMA_NINOCANCER.jpg\",\"datePublished\":\"2021-06-28T22:40:37+00:00\",\"dateModified\":\"2021-06-28T22:40:38+00:00\",\"breadcrumb\":{\"@id\":\"https:\\\/\\\/fuentesfidedignas.com.mx\\\/index.php\\\/2021\\\/06\\\/28\\\/padres-de-familia-de-ninos-con-cancer-anuncian-marcha-nacional\\\/#breadcrumb\"},\"inLanguage\":\"es\",\"potentialAction\":[{\"@type\":\"ReadAction\",\"target\":[\"https:\\\/\\\/fuentesfidedignas.com.mx\\\/index.php\\\/2021\\\/06\\\/28\\\/padres-de-familia-de-ninos-con-cancer-anuncian-marcha-nacional\\\/\"]}]},{\"@type\":\"ImageObject\",\"inLanguage\":\"es\",\"@id\":\"https:\\\/\\\/fuentesfidedignas.com.mx\\\/index.php\\\/2021\\\/06\\\/28\\\/padres-de-familia-de-ninos-con-cancer-anuncian-marcha-nacional\\\/#primaryimage\",\"url\":\"https:\\\/\\\/fuentesfidedignas.com.mx\\\/wp-content\\\/uploads\\\/2021\\\/06\\\/MAMA_NINOCANCER.jpg\",\"contentUrl\":\"https:\\\/\\\/fuentesfidedignas.com.mx\\\/wp-content\\\/uploads\\\/2021\\\/06\\\/MAMA_NINOCANCER.jpg\",\"width\":800,\"height\":600},{\"@type\":\"BreadcrumbList\",\"@id\":\"https:\\\/\\\/fuentesfidedignas.com.mx\\\/index.php\\\/2021\\\/06\\\/28\\\/padres-de-familia-de-ninos-con-cancer-anuncian-marcha-nacional\\\/#breadcrumb\",\"itemListElement\":[{\"@type\":\"ListItem\",\"position\":1,\"name\":\"Inicio\",\"item\":\"https:\\\/\\\/fuentesfidedignas.com.mx\\\/\"},{\"@type\":\"ListItem\",\"position\":2,\"name\":\"Padres de familia de ni\u00f1os con c\u00e1ncer anuncian marcha nacional\"}]},{\"@type\":\"WebSite\",\"@id\":\"https:\\\/\\\/fuentesfidedignas.com.mx\\\/#website\",\"url\":\"https:\\\/\\\/fuentesfidedignas.com.mx\\\/\",\"name\":\"Fuentes Fidedignas\",\"description\":\"Otro sitio realizado con WordPress\",\"publisher\":{\"@id\":\"https:\\\/\\\/fuentesfidedignas.com.mx\\\/#organization\"},\"potentialAction\":[{\"@type\":\"SearchAction\",\"target\":{\"@type\":\"EntryPoint\",\"urlTemplate\":\"https:\\\/\\\/fuentesfidedignas.com.mx\\\/?s={search_term_string}\"},\"query-input\":{\"@type\":\"PropertyValueSpecification\",\"valueRequired\":true,\"valueName\":\"search_term_string\"}}],\"inLanguage\":\"es\"},{\"@type\":\"Organization\",\"@id\":\"https:\\\/\\\/fuentesfidedignas.com.mx\\\/#organization\",\"name\":\"Fuentes Fidedignas\",\"url\":\"https:\\\/\\\/fuentesfidedignas.com.mx\\\/\",\"logo\":{\"@type\":\"ImageObject\",\"inLanguage\":\"es\",\"@id\":\"https:\\\/\\\/fuentesfidedignas.com.mx\\\/#\\\/schema\\\/logo\\\/image\\\/\",\"url\":\"https:\\\/\\\/fuentesfidedignas.com.mx\\\/wp-content\\\/uploads\\\/2021\\\/04\\\/logo-retina.png\",\"contentUrl\":\"https:\\\/\\\/fuentesfidedignas.com.mx\\\/wp-content\\\/uploads\\\/2021\\\/04\\\/logo-retina.png\",\"width\":280,\"height\":51,\"caption\":\"Fuentes Fidedignas\"},\"image\":{\"@id\":\"https:\\\/\\\/fuentesfidedignas.com.mx\\\/#\\\/schema\\\/logo\\\/image\\\/\"},\"sameAs\":[\"https:\\\/\\\/www.facebook.com\\\/Fuentes-Fidedignas-368234489921644\",\"https:\\\/\\\/x.com\\\/fidedignas\"]},{\"@type\":\"Person\",\"@id\":\"https:\\\/\\\/fuentesfidedignas.com.mx\\\/#\\\/schema\\\/person\\\/ec4edd1fbf5efa3e44fce34fe2787780\",\"name\":\"Exc\u00e9lsior\",\"image\":{\"@type\":\"ImageObject\",\"inLanguage\":\"es\",\"@id\":\"https:\\\/\\\/secure.gravatar.com\\\/avatar\\\/4b7ee9206b48be08447852b3f0814dbc7c0f3b51541b164f1464a2725614020b?s=96&d=mm&r=g\",\"url\":\"https:\\\/\\\/secure.gravatar.com\\\/avatar\\\/4b7ee9206b48be08447852b3f0814dbc7c0f3b51541b164f1464a2725614020b?s=96&d=mm&r=g\",\"contentUrl\":\"https:\\\/\\\/secure.gravatar.com\\\/avatar\\\/4b7ee9206b48be08447852b3f0814dbc7c0f3b51541b164f1464a2725614020b?s=96&d=mm&r=g\",\"caption\":\"Exc\u00e9lsior\"},\"url\":\"https:\\\/\\\/fuentesfidedignas.com.mx\\\/index.php\\\/author\\\/excelsior\\\/\"}]}<\/script>\n<!-- \/ Yoast SEO plugin. -->","yoast_head_json":{"title":"Padres de familia de ni\u00f1os con c\u00e1ncer anuncian marcha nacional - Fuentes Fidedignas","robots":{"index":"index","follow":"follow","max-snippet":"max-snippet:-1","max-image-preview":"max-image-preview:large","max-video-preview":"max-video-preview:-1"},"canonical":"https:\/\/fuentesfidedignas.com.mx\/index.php\/2021\/06\/28\/padres-de-familia-de-ninos-con-cancer-anuncian-marcha-nacional\/","og_locale":"es_MX","og_type":"article","og_title":"Padres de familia de ni\u00f1os con c\u00e1ncer anuncian marcha nacional - Fuentes Fidedignas","og_description":"Padres y madres de menores de edad que padecen c\u00e1ncer anunciaron que realizar\u00e1n una marcha nacional el pr\u00f3ximo s\u00e1bado 24 de julio Ciudad de M\u00e9xico.- Padres y madres de menores de edad que padecen c\u00e1ncer anunciaron que realizar\u00e1n una marcha nacional el pr\u00f3ximo s\u00e1bado 24 de julio. Adem\u00e1s denunciaron que el compromiso realizado el mi\u00e9rcoles [&hellip;]","og_url":"https:\/\/fuentesfidedignas.com.mx\/index.php\/2021\/06\/28\/padres-de-familia-de-ninos-con-cancer-anuncian-marcha-nacional\/","og_site_name":"Fuentes Fidedignas","article_publisher":"https:\/\/www.facebook.com\/Fuentes-Fidedignas-368234489921644","article_published_time":"2021-06-28T22:40:37+00:00","article_modified_time":"2021-06-28T22:40:38+00:00","og_image":[{"width":800,"height":600,"url":"https:\/\/fuentesfidedignas.com.mx\/wp-content\/uploads\/2021\/06\/MAMA_NINOCANCER.jpg","type":"image\/jpeg"}],"author":"Exc\u00e9lsior","twitter_card":"summary_large_image","twitter_creator":"@fidedignas","twitter_site":"@fidedignas","twitter_misc":{"Escrito por":"Exc\u00e9lsior","Tiempo de lectura":"2 minutos"},"schema":{"@context":"https:\/\/schema.org","@graph":[{"@type":"Article","@id":"https:\/\/fuentesfidedignas.com.mx\/index.php\/2021\/06\/28\/padres-de-familia-de-ninos-con-cancer-anuncian-marcha-nacional\/#article","isPartOf":{"@id":"https:\/\/fuentesfidedignas.com.mx\/index.php\/2021\/06\/28\/padres-de-familia-de-ninos-con-cancer-anuncian-marcha-nacional\/"},"author":{"name":"Exc\u00e9lsior","@id":"https:\/\/fuentesfidedignas.com.mx\/#\/schema\/person\/ec4edd1fbf5efa3e44fce34fe2787780"},"headline":"Padres de familia de ni\u00f1os con c\u00e1ncer anuncian marcha nacional","datePublished":"2021-06-28T22:40:37+00:00","dateModified":"2021-06-28T22:40:38+00:00","mainEntityOfPage":{"@id":"https:\/\/fuentesfidedignas.com.mx\/index.php\/2021\/06\/28\/padres-de-familia-de-ninos-con-cancer-anuncian-marcha-nacional\/"},"wordCount":384,"commentCount":0,"publisher":{"@id":"https:\/\/fuentesfidedignas.com.mx\/#organization"},"image":{"@id":"https:\/\/fuentesfidedignas.com.mx\/index.php\/2021\/06\/28\/padres-de-familia-de-ninos-con-cancer-anuncian-marcha-nacional\/#primaryimage"},"thumbnailUrl":"https:\/\/fuentesfidedignas.com.mx\/wp-content\/uploads\/2021\/06\/MAMA_NINOCANCER.jpg","keywords":["AMLO","Andr\u00e9s Manuel L\u00f3pez Obrador","Marcha","Ni\u00f1os con c\u00e1ncer"],"articleSection":["NOTICIAS NACIONALES"],"inLanguage":"es","potentialAction":[{"@type":"CommentAction","name":"Comment","target":["https:\/\/fuentesfidedignas.com.mx\/index.php\/2021\/06\/28\/padres-de-familia-de-ninos-con-cancer-anuncian-marcha-nacional\/#respond"]}]},{"@type":"WebPage","@id":"https:\/\/fuentesfidedignas.com.mx\/index.php\/2021\/06\/28\/padres-de-familia-de-ninos-con-cancer-anuncian-marcha-nacional\/","url":"https:\/\/fuentesfidedignas.com.mx\/index.php\/2021\/06\/28\/padres-de-familia-de-ninos-con-cancer-anuncian-marcha-nacional\/","name":"Padres de familia de ni\u00f1os con c\u00e1ncer anuncian marcha nacional - Fuentes Fidedignas","isPartOf":{"@id":"https:\/\/fuentesfidedignas.com.mx\/#website"},"primaryImageOfPage":{"@id":"https:\/\/fuentesfidedignas.com.mx\/index.php\/2021\/06\/28\/padres-de-familia-de-ninos-con-cancer-anuncian-marcha-nacional\/#primaryimage"},"image":{"@id":"https:\/\/fuentesfidedignas.com.mx\/index.php\/2021\/06\/28\/padres-de-familia-de-ninos-con-cancer-anuncian-marcha-nacional\/#primaryimage"},"thumbnailUrl":"https:\/\/fuentesfidedignas.com.mx\/wp-content\/uploads\/2021\/06\/MAMA_NINOCANCER.jpg","datePublished":"2021-06-28T22:40:37+00:00","dateModified":"2021-06-28T22:40:38+00:00","breadcrumb":{"@id":"https:\/\/fuentesfidedignas.com.mx\/index.php\/2021\/06\/28\/padres-de-familia-de-ninos-con-cancer-anuncian-marcha-nacional\/#breadcrumb"},"inLanguage":"es","potentialAction":[{"@type":"ReadAction","target":["https:\/\/fuentesfidedignas.com.mx\/index.php\/2021\/06\/28\/padres-de-familia-de-ninos-con-cancer-anuncian-marcha-nacional\/"]}]},{"@type":"ImageObject","inLanguage":"es","@id":"https:\/\/fuentesfidedignas.com.mx\/index.php\/2021\/06\/28\/padres-de-familia-de-ninos-con-cancer-anuncian-marcha-nacional\/#primaryimage","url":"https:\/\/fuentesfidedignas.com.mx\/wp-content\/uploads\/2021\/06\/MAMA_NINOCANCER.jpg","contentUrl":"https:\/\/fuentesfidedignas.com.mx\/wp-content\/uploads\/2021\/06\/MAMA_NINOCANCER.jpg","width":800,"height":600},{"@type":"BreadcrumbList","@id":"https:\/\/fuentesfidedignas.com.mx\/index.php\/2021\/06\/28\/padres-de-familia-de-ninos-con-cancer-anuncian-marcha-nacional\/#breadcrumb","itemListElement":[{"@type":"ListItem","position":1,"name":"Inicio","item":"https:\/\/fuentesfidedignas.com.mx\/"},{"@type":"ListItem","position":2,"name":"Padres de familia de ni\u00f1os con c\u00e1ncer anuncian marcha nacional"}]},{"@type":"WebSite","@id":"https:\/\/fuentesfidedignas.com.mx\/#website","url":"https:\/\/fuentesfidedignas.com.mx\/","name":"Fuentes Fidedignas","description":"Otro sitio realizado con WordPress","publisher":{"@id":"https:\/\/fuentesfidedignas.com.mx\/#organization"},"potentialAction":[{"@type":"SearchAction","target":{"@type":"EntryPoint","urlTemplate":"https:\/\/fuentesfidedignas.com.mx\/?s={search_term_string}"},"query-input":{"@type":"PropertyValueSpecification","valueRequired":true,"valueName":"search_term_string"}}],"inLanguage":"es"},{"@type":"Organization","@id":"https:\/\/fuentesfidedignas.com.mx\/#organization","name":"Fuentes Fidedignas","url":"https:\/\/fuentesfidedignas.com.mx\/","logo":{"@type":"ImageObject","inLanguage":"es","@id":"https:\/\/fuentesfidedignas.com.mx\/#\/schema\/logo\/image\/","url":"https:\/\/fuentesfidedignas.com.mx\/wp-content\/uploads\/2021\/04\/logo-retina.png","contentUrl":"https:\/\/fuentesfidedignas.com.mx\/wp-content\/uploads\/2021\/04\/logo-retina.png","width":280,"height":51,"caption":"Fuentes Fidedignas"},"image":{"@id":"https:\/\/fuentesfidedignas.com.mx\/#\/schema\/logo\/image\/"},"sameAs":["https:\/\/www.facebook.com\/Fuentes-Fidedignas-368234489921644","https:\/\/x.com\/fidedignas"]},{"@type":"Person","@id":"https:\/\/fuentesfidedignas.com.mx\/#\/schema\/person\/ec4edd1fbf5efa3e44fce34fe2787780","name":"Exc\u00e9lsior","image":{"@type":"ImageObject","inLanguage":"es","@id":"https:\/\/secure.gravatar.com\/avatar\/4b7ee9206b48be08447852b3f0814dbc7c0f3b51541b164f1464a2725614020b?s=96&d=mm&r=g","url":"https:\/\/secure.gravatar.com\/avatar\/4b7ee9206b48be08447852b3f0814dbc7c0f3b51541b164f1464a2725614020b?s=96&d=mm&r=g","contentUrl":"https:\/\/secure.gravatar.com\/avatar\/4b7ee9206b48be08447852b3f0814dbc7c0f3b51541b164f1464a2725614020b?s=96&d=mm&r=g","caption":"Exc\u00e9lsior"},"url":"https:\/\/fuentesfidedignas.com.mx\/index.php\/author\/excelsior\/"}]}},"_links":{"self":[{"href":"https:\/\/fuentesfidedignas.com.mx\/index.php\/wp-json\/wp\/v2\/posts\/6152","targetHints":{"allow":["GET"]}}],"collection":[{"href":"https:\/\/fuentesfidedignas.com.mx\/index.php\/wp-json\/wp\/v2\/posts"}],"about":[{"href":"https:\/\/fuentesfidedignas.com.mx\/index.php\/wp-json\/wp\/v2\/types\/post"}],"author":[{"embeddable":true,"href":"https:\/\/fuentesfidedignas.com.mx\/index.php\/wp-json\/wp\/v2\/users\/7"}],"replies":[{"embeddable":true,"href":"https:\/\/fuentesfidedignas.com.mx\/index.php\/wp-json\/wp\/v2\/comments?post=6152"}],"version-history":[{"count":1,"href":"https:\/\/fuentesfidedignas.com.mx\/index.php\/wp-json\/wp\/v2\/posts\/6152\/revisions"}],"predecessor-version":[{"id":6154,"href":"https:\/\/fuentesfidedignas.com.mx\/index.php\/wp-json\/wp\/v2\/posts\/6152\/revisions\/6154"}],"wp:featuredmedia":[{"embeddable":true,"href":"https:\/\/fuentesfidedignas.com.mx\/index.php\/wp-json\/wp\/v2\/media\/6153"}],"wp:attachment":[{"href":"https:\/\/fuentesfidedignas.com.mx\/index.php\/wp-json\/wp\/v2\/media?parent=6152"}],"wp:term":[{"taxonomy":"category","embeddable":true,"href":"https:\/\/fuentesfidedignas.com.mx\/index.php\/wp-json\/wp\/v2\/categories?post=6152"},{"taxonomy":"post_tag","embeddable":true,"href":"https:\/\/fuentesfidedignas.com.mx\/index.php\/wp-json\/wp\/v2\/tags?post=6152"}],"curies":[{"name":"wp","href":"https:\/\/api.w.org\/{rel}","templated":true}]}}