{"id":61436,"date":"2023-10-05T15:05:36","date_gmt":"2023-10-05T22:05:36","guid":{"rendered":"https:\/\/fuentesfidedignas.com.mx\/?p=61436"},"modified":"2023-10-05T15:24:28","modified_gmt":"2023-10-05T22:24:28","slug":"diputadas-del-pas-se-van-a-juicio-por-no-designar-a-una-mujer-en-la-mesa-directiva","status":"publish","type":"post","link":"https:\/\/fuentesfidedignas.com.mx\/index.php\/2023\/10\/05\/diputadas-del-pas-se-van-a-juicio-por-no-designar-a-una-mujer-en-la-mesa-directiva\/","title":{"rendered":"Diputadas del PAS se van a juicio por no designar a una mujer en la Mesa Directiva"},"content":{"rendered":"\n<iframe loading=\"lazy\" src=\"https:\/\/www.facebook.com\/plugins\/video.php?height=314&#038;href=https%3A%2F%2Fwww.facebook.com%2F100050497569358%2Fvideos%2F1008848070335044%2F&#038;show_text=false&#038;width=560&#038;t=0\" width=\"560\" height=\"314\" style=\"border:none;overflow:hidden\" scrolling=\"no\" frameborder=\"0\" allowfullscreen=\"true\" allow=\"autoplay; clipboard-write; encrypted-media; picture-in-picture; web-share\" allowFullScreen=\"true\"><\/iframe>\n\n\n\n<p>Culiac\u00e1n, Sin.- Las cuatro diputadas que integran el Grupo Parlamentario del Partido Sinaloense interpusieron un juicio por no asignar a una mujer como presidenta de la Mesa Directiva del Congreso del Estado.<\/p>\n\n\n\n<p>El recursos legal fue firmado por Alba Virgen Montes \u00c1lvarez, Elizabeth Ch\u00eda Galaviz, Viridiana Camacho Mill\u00e1n y Mar\u00eda del Rosario Osuna Guti\u00e9rrez, quienes aseguran que no existe de paridad de g\u00e9nero en el Poder Legislativo, ya que los dos a\u00f1os anteriores tambi\u00e9n fueron hombres quienes presidieron la Mesa Directiva, as\u00ed como la Junta de Coordinaci\u00f3n Pol\u00edtica.<\/p>\n\n\n\n<p>Se trata de un juicio para la protecci\u00f3n de los derechos pol\u00edticos del ciudadano, el cual fue entregado en Oficial\u00eda de Partes para que sea turnado al Tribunal Electoral del Estado de Sinaloa (TEESIN).<\/p>\n\n\n\n<p><\/p>\n","protected":false},"excerpt":{"rendered":"<p>Culiac\u00e1n, Sin.- Las cuatro diputadas que integran el Grupo Parlamentario del Partido Sinaloense interpusieron un juicio por no asignar a una mujer como presidenta de la Mesa Directiva del Congreso del Estado. El recursos legal fue firmado por Alba Virgen Montes \u00c1lvarez, Elizabeth Ch\u00eda Galaviz, Viridiana Camacho Mill\u00e1n y Mar\u00eda del Rosario Osuna Guti\u00e9rrez, quienes [&hellip;]<\/p>\n","protected":false},"author":11,"featured_media":61453,"comment_status":"open","ping_status":"open","sticky":true,"template":"","format":"video","meta":{"tdm_status":"","tdm_grid_status":"","footnotes":""},"categories":[37],"tags":[],"class_list":{"0":"post-61436","1":"post","2":"type-post","3":"status-publish","4":"format-video","5":"has-post-thumbnail","7":"category-nota-principal","8":"post_format-post-format-video"},"yoast_head":"<!-- This site is optimized with the Yoast SEO plugin v27.4 - https:\/\/yoast.com\/product\/yoast-seo-wordpress\/ -->\n<title>Diputadas del PAS se van a juicio por no designar a una mujer en la Mesa Directiva - Fuentes Fidedignas<\/title>\n<meta name=\"robots\" content=\"index, follow, max-snippet:-1, max-image-preview:large, max-video-preview:-1\" \/>\n<link rel=\"canonical\" href=\"https:\/\/fuentesfidedignas.com.mx\/index.php\/2023\/10\/05\/diputadas-del-pas-se-van-a-juicio-por-no-designar-a-una-mujer-en-la-mesa-directiva\/\" \/>\n<meta property=\"og:locale\" content=\"es_MX\" \/>\n<meta property=\"og:type\" content=\"article\" \/>\n<meta property=\"og:title\" content=\"Diputadas del PAS se van a juicio por no designar a una mujer en la Mesa Directiva - Fuentes Fidedignas\" \/>\n<meta property=\"og:description\" content=\"Culiac\u00e1n, Sin.- Las cuatro diputadas que integran el Grupo Parlamentario del Partido Sinaloense interpusieron un juicio por no asignar a una mujer como presidenta de la Mesa Directiva del Congreso del Estado. El recursos legal fue firmado por Alba Virgen Montes \u00c1lvarez, Elizabeth Ch\u00eda Galaviz, Viridiana Camacho Mill\u00e1n y Mar\u00eda del Rosario Osuna Guti\u00e9rrez, quienes [&hellip;]\" \/>\n<meta property=\"og:url\" content=\"https:\/\/fuentesfidedignas.com.mx\/index.php\/2023\/10\/05\/diputadas-del-pas-se-van-a-juicio-por-no-designar-a-una-mujer-en-la-mesa-directiva\/\" \/>\n<meta property=\"og:site_name\" content=\"Fuentes Fidedignas\" \/>\n<meta property=\"article:publisher\" content=\"https:\/\/www.facebook.com\/Fuentes-Fidedignas-368234489921644\" \/>\n<meta property=\"article:published_time\" content=\"2023-10-05T22:05:36+00:00\" \/>\n<meta property=\"article:modified_time\" content=\"2023-10-05T22:24:28+00:00\" \/>\n<meta property=\"og:image\" content=\"https:\/\/fuentesfidedignas.com.mx\/wp-content\/uploads\/2023\/10\/Screenshot_20231005_142727_Facebook.jpg\" \/>\n\t<meta property=\"og:image:width\" content=\"1080\" \/>\n\t<meta property=\"og:image:height\" content=\"610\" \/>\n\t<meta property=\"og:image:type\" content=\"image\/jpeg\" \/>\n<meta name=\"author\" content=\"Marissa Palafox\" \/>\n<meta name=\"twitter:card\" content=\"summary_large_image\" \/>\n<meta name=\"twitter:creator\" content=\"@fidedignas\" \/>\n<meta name=\"twitter:site\" content=\"@fidedignas\" \/>\n<meta name=\"twitter:label1\" content=\"Escrito por\" \/>\n\t<meta name=\"twitter:data1\" content=\"Marissa Palafox\" \/>\n\t<meta name=\"twitter:label2\" content=\"Tiempo de lectura\" \/>\n\t<meta name=\"twitter:data2\" content=\"1 minuto\" \/>\n<script type=\"application\/ld+json\" class=\"yoast-schema-graph\">{\"@context\":\"https:\\\/\\\/schema.org\",\"@graph\":[{\"@type\":\"Article\",\"@id\":\"https:\\\/\\\/fuentesfidedignas.com.mx\\\/index.php\\\/2023\\\/10\\\/05\\\/diputadas-del-pas-se-van-a-juicio-por-no-designar-a-una-mujer-en-la-mesa-directiva\\\/#article\",\"isPartOf\":{\"@id\":\"https:\\\/\\\/fuentesfidedignas.com.mx\\\/index.php\\\/2023\\\/10\\\/05\\\/diputadas-del-pas-se-van-a-juicio-por-no-designar-a-una-mujer-en-la-mesa-directiva\\\/\"},\"author\":{\"name\":\"Marissa Palafox\",\"@id\":\"https:\\\/\\\/fuentesfidedignas.com.mx\\\/#\\\/schema\\\/person\\\/2c10028b4a30078c05a056a215342ab9\"},\"headline\":\"Diputadas del PAS se van a juicio por no designar a una mujer en la Mesa Directiva\",\"datePublished\":\"2023-10-05T22:05:36+00:00\",\"dateModified\":\"2023-10-05T22:24:28+00:00\",\"mainEntityOfPage\":{\"@id\":\"https:\\\/\\\/fuentesfidedignas.com.mx\\\/index.php\\\/2023\\\/10\\\/05\\\/diputadas-del-pas-se-van-a-juicio-por-no-designar-a-una-mujer-en-la-mesa-directiva\\\/\"},\"wordCount\":153,\"commentCount\":0,\"publisher\":{\"@id\":\"https:\\\/\\\/fuentesfidedignas.com.mx\\\/#organization\"},\"image\":{\"@id\":\"https:\\\/\\\/fuentesfidedignas.com.mx\\\/index.php\\\/2023\\\/10\\\/05\\\/diputadas-del-pas-se-van-a-juicio-por-no-designar-a-una-mujer-en-la-mesa-directiva\\\/#primaryimage\"},\"thumbnailUrl\":\"https:\\\/\\\/fuentesfidedignas.com.mx\\\/wp-content\\\/uploads\\\/2023\\\/10\\\/Screenshot_20231005_142727_Facebook.jpg\",\"articleSection\":[\"NOTA PRINCIPAL\"],\"inLanguage\":\"es\",\"potentialAction\":[{\"@type\":\"CommentAction\",\"name\":\"Comment\",\"target\":[\"https:\\\/\\\/fuentesfidedignas.com.mx\\\/index.php\\\/2023\\\/10\\\/05\\\/diputadas-del-pas-se-van-a-juicio-por-no-designar-a-una-mujer-en-la-mesa-directiva\\\/#respond\"]}]},{\"@type\":\"WebPage\",\"@id\":\"https:\\\/\\\/fuentesfidedignas.com.mx\\\/index.php\\\/2023\\\/10\\\/05\\\/diputadas-del-pas-se-van-a-juicio-por-no-designar-a-una-mujer-en-la-mesa-directiva\\\/\",\"url\":\"https:\\\/\\\/fuentesfidedignas.com.mx\\\/index.php\\\/2023\\\/10\\\/05\\\/diputadas-del-pas-se-van-a-juicio-por-no-designar-a-una-mujer-en-la-mesa-directiva\\\/\",\"name\":\"Diputadas del PAS se van a juicio por no designar a una mujer en la Mesa Directiva - Fuentes Fidedignas\",\"isPartOf\":{\"@id\":\"https:\\\/\\\/fuentesfidedignas.com.mx\\\/#website\"},\"primaryImageOfPage\":{\"@id\":\"https:\\\/\\\/fuentesfidedignas.com.mx\\\/index.php\\\/2023\\\/10\\\/05\\\/diputadas-del-pas-se-van-a-juicio-por-no-designar-a-una-mujer-en-la-mesa-directiva\\\/#primaryimage\"},\"image\":{\"@id\":\"https:\\\/\\\/fuentesfidedignas.com.mx\\\/index.php\\\/2023\\\/10\\\/05\\\/diputadas-del-pas-se-van-a-juicio-por-no-designar-a-una-mujer-en-la-mesa-directiva\\\/#primaryimage\"},\"thumbnailUrl\":\"https:\\\/\\\/fuentesfidedignas.com.mx\\\/wp-content\\\/uploads\\\/2023\\\/10\\\/Screenshot_20231005_142727_Facebook.jpg\",\"datePublished\":\"2023-10-05T22:05:36+00:00\",\"dateModified\":\"2023-10-05T22:24:28+00:00\",\"breadcrumb\":{\"@id\":\"https:\\\/\\\/fuentesfidedignas.com.mx\\\/index.php\\\/2023\\\/10\\\/05\\\/diputadas-del-pas-se-van-a-juicio-por-no-designar-a-una-mujer-en-la-mesa-directiva\\\/#breadcrumb\"},\"inLanguage\":\"es\",\"potentialAction\":[{\"@type\":\"ReadAction\",\"target\":[\"https:\\\/\\\/fuentesfidedignas.com.mx\\\/index.php\\\/2023\\\/10\\\/05\\\/diputadas-del-pas-se-van-a-juicio-por-no-designar-a-una-mujer-en-la-mesa-directiva\\\/\"]}]},{\"@type\":\"ImageObject\",\"inLanguage\":\"es\",\"@id\":\"https:\\\/\\\/fuentesfidedignas.com.mx\\\/index.php\\\/2023\\\/10\\\/05\\\/diputadas-del-pas-se-van-a-juicio-por-no-designar-a-una-mujer-en-la-mesa-directiva\\\/#primaryimage\",\"url\":\"https:\\\/\\\/fuentesfidedignas.com.mx\\\/wp-content\\\/uploads\\\/2023\\\/10\\\/Screenshot_20231005_142727_Facebook.jpg\",\"contentUrl\":\"https:\\\/\\\/fuentesfidedignas.com.mx\\\/wp-content\\\/uploads\\\/2023\\\/10\\\/Screenshot_20231005_142727_Facebook.jpg\",\"width\":1080,\"height\":610},{\"@type\":\"BreadcrumbList\",\"@id\":\"https:\\\/\\\/fuentesfidedignas.com.mx\\\/index.php\\\/2023\\\/10\\\/05\\\/diputadas-del-pas-se-van-a-juicio-por-no-designar-a-una-mujer-en-la-mesa-directiva\\\/#breadcrumb\",\"itemListElement\":[{\"@type\":\"ListItem\",\"position\":1,\"name\":\"Inicio\",\"item\":\"https:\\\/\\\/fuentesfidedignas.com.mx\\\/\"},{\"@type\":\"ListItem\",\"position\":2,\"name\":\"Diputadas del PAS se van a juicio por no designar a una mujer en la Mesa Directiva\"}]},{\"@type\":\"WebSite\",\"@id\":\"https:\\\/\\\/fuentesfidedignas.com.mx\\\/#website\",\"url\":\"https:\\\/\\\/fuentesfidedignas.com.mx\\\/\",\"name\":\"Fuentes Fidedignas\",\"description\":\"Otro sitio realizado con WordPress\",\"publisher\":{\"@id\":\"https:\\\/\\\/fuentesfidedignas.com.mx\\\/#organization\"},\"potentialAction\":[{\"@type\":\"SearchAction\",\"target\":{\"@type\":\"EntryPoint\",\"urlTemplate\":\"https:\\\/\\\/fuentesfidedignas.com.mx\\\/?s={search_term_string}\"},\"query-input\":{\"@type\":\"PropertyValueSpecification\",\"valueRequired\":true,\"valueName\":\"search_term_string\"}}],\"inLanguage\":\"es\"},{\"@type\":\"Organization\",\"@id\":\"https:\\\/\\\/fuentesfidedignas.com.mx\\\/#organization\",\"name\":\"Fuentes Fidedignas\",\"url\":\"https:\\\/\\\/fuentesfidedignas.com.mx\\\/\",\"logo\":{\"@type\":\"ImageObject\",\"inLanguage\":\"es\",\"@id\":\"https:\\\/\\\/fuentesfidedignas.com.mx\\\/#\\\/schema\\\/logo\\\/image\\\/\",\"url\":\"https:\\\/\\\/fuentesfidedignas.com.mx\\\/wp-content\\\/uploads\\\/2021\\\/04\\\/logo-retina.png\",\"contentUrl\":\"https:\\\/\\\/fuentesfidedignas.com.mx\\\/wp-content\\\/uploads\\\/2021\\\/04\\\/logo-retina.png\",\"width\":280,\"height\":51,\"caption\":\"Fuentes Fidedignas\"},\"image\":{\"@id\":\"https:\\\/\\\/fuentesfidedignas.com.mx\\\/#\\\/schema\\\/logo\\\/image\\\/\"},\"sameAs\":[\"https:\\\/\\\/www.facebook.com\\\/Fuentes-Fidedignas-368234489921644\",\"https:\\\/\\\/x.com\\\/fidedignas\"]},{\"@type\":\"Person\",\"@id\":\"https:\\\/\\\/fuentesfidedignas.com.mx\\\/#\\\/schema\\\/person\\\/2c10028b4a30078c05a056a215342ab9\",\"name\":\"Marissa Palafox\",\"image\":{\"@type\":\"ImageObject\",\"inLanguage\":\"es\",\"@id\":\"https:\\\/\\\/secure.gravatar.com\\\/avatar\\\/20a43bdb2f2db10f20b22d4e98b96eb027faf98f7f76d29854dc5fab46d1cf71?s=96&d=mm&r=g\",\"url\":\"https:\\\/\\\/secure.gravatar.com\\\/avatar\\\/20a43bdb2f2db10f20b22d4e98b96eb027faf98f7f76d29854dc5fab46d1cf71?s=96&d=mm&r=g\",\"contentUrl\":\"https:\\\/\\\/secure.gravatar.com\\\/avatar\\\/20a43bdb2f2db10f20b22d4e98b96eb027faf98f7f76d29854dc5fab46d1cf71?s=96&d=mm&r=g\",\"caption\":\"Marissa Palafox\"},\"url\":\"https:\\\/\\\/fuentesfidedignas.com.mx\\\/index.php\\\/author\\\/marissa\\\/\"}]}<\/script>\n<!-- \/ Yoast SEO plugin. -->","yoast_head_json":{"title":"Diputadas del PAS se van a juicio por no designar a una mujer en la Mesa Directiva - Fuentes Fidedignas","robots":{"index":"index","follow":"follow","max-snippet":"max-snippet:-1","max-image-preview":"max-image-preview:large","max-video-preview":"max-video-preview:-1"},"canonical":"https:\/\/fuentesfidedignas.com.mx\/index.php\/2023\/10\/05\/diputadas-del-pas-se-van-a-juicio-por-no-designar-a-una-mujer-en-la-mesa-directiva\/","og_locale":"es_MX","og_type":"article","og_title":"Diputadas del PAS se van a juicio por no designar a una mujer en la Mesa Directiva - Fuentes Fidedignas","og_description":"Culiac\u00e1n, Sin.- Las cuatro diputadas que integran el Grupo Parlamentario del Partido Sinaloense interpusieron un juicio por no asignar a una mujer como presidenta de la Mesa Directiva del Congreso del Estado. El recursos legal fue firmado por Alba Virgen Montes \u00c1lvarez, Elizabeth Ch\u00eda Galaviz, Viridiana Camacho Mill\u00e1n y Mar\u00eda del Rosario Osuna Guti\u00e9rrez, quienes [&hellip;]","og_url":"https:\/\/fuentesfidedignas.com.mx\/index.php\/2023\/10\/05\/diputadas-del-pas-se-van-a-juicio-por-no-designar-a-una-mujer-en-la-mesa-directiva\/","og_site_name":"Fuentes Fidedignas","article_publisher":"https:\/\/www.facebook.com\/Fuentes-Fidedignas-368234489921644","article_published_time":"2023-10-05T22:05:36+00:00","article_modified_time":"2023-10-05T22:24:28+00:00","og_image":[{"width":1080,"height":610,"url":"https:\/\/fuentesfidedignas.com.mx\/wp-content\/uploads\/2023\/10\/Screenshot_20231005_142727_Facebook.jpg","type":"image\/jpeg"}],"author":"Marissa Palafox","twitter_card":"summary_large_image","twitter_creator":"@fidedignas","twitter_site":"@fidedignas","twitter_misc":{"Escrito por":"Marissa Palafox","Tiempo de lectura":"1 minuto"},"schema":{"@context":"https:\/\/schema.org","@graph":[{"@type":"Article","@id":"https:\/\/fuentesfidedignas.com.mx\/index.php\/2023\/10\/05\/diputadas-del-pas-se-van-a-juicio-por-no-designar-a-una-mujer-en-la-mesa-directiva\/#article","isPartOf":{"@id":"https:\/\/fuentesfidedignas.com.mx\/index.php\/2023\/10\/05\/diputadas-del-pas-se-van-a-juicio-por-no-designar-a-una-mujer-en-la-mesa-directiva\/"},"author":{"name":"Marissa Palafox","@id":"https:\/\/fuentesfidedignas.com.mx\/#\/schema\/person\/2c10028b4a30078c05a056a215342ab9"},"headline":"Diputadas del PAS se van a juicio por no designar a una mujer en la Mesa Directiva","datePublished":"2023-10-05T22:05:36+00:00","dateModified":"2023-10-05T22:24:28+00:00","mainEntityOfPage":{"@id":"https:\/\/fuentesfidedignas.com.mx\/index.php\/2023\/10\/05\/diputadas-del-pas-se-van-a-juicio-por-no-designar-a-una-mujer-en-la-mesa-directiva\/"},"wordCount":153,"commentCount":0,"publisher":{"@id":"https:\/\/fuentesfidedignas.com.mx\/#organization"},"image":{"@id":"https:\/\/fuentesfidedignas.com.mx\/index.php\/2023\/10\/05\/diputadas-del-pas-se-van-a-juicio-por-no-designar-a-una-mujer-en-la-mesa-directiva\/#primaryimage"},"thumbnailUrl":"https:\/\/fuentesfidedignas.com.mx\/wp-content\/uploads\/2023\/10\/Screenshot_20231005_142727_Facebook.jpg","articleSection":["NOTA PRINCIPAL"],"inLanguage":"es","potentialAction":[{"@type":"CommentAction","name":"Comment","target":["https:\/\/fuentesfidedignas.com.mx\/index.php\/2023\/10\/05\/diputadas-del-pas-se-van-a-juicio-por-no-designar-a-una-mujer-en-la-mesa-directiva\/#respond"]}]},{"@type":"WebPage","@id":"https:\/\/fuentesfidedignas.com.mx\/index.php\/2023\/10\/05\/diputadas-del-pas-se-van-a-juicio-por-no-designar-a-una-mujer-en-la-mesa-directiva\/","url":"https:\/\/fuentesfidedignas.com.mx\/index.php\/2023\/10\/05\/diputadas-del-pas-se-van-a-juicio-por-no-designar-a-una-mujer-en-la-mesa-directiva\/","name":"Diputadas del PAS se van a juicio por no designar a una mujer en la Mesa Directiva - Fuentes Fidedignas","isPartOf":{"@id":"https:\/\/fuentesfidedignas.com.mx\/#website"},"primaryImageOfPage":{"@id":"https:\/\/fuentesfidedignas.com.mx\/index.php\/2023\/10\/05\/diputadas-del-pas-se-van-a-juicio-por-no-designar-a-una-mujer-en-la-mesa-directiva\/#primaryimage"},"image":{"@id":"https:\/\/fuentesfidedignas.com.mx\/index.php\/2023\/10\/05\/diputadas-del-pas-se-van-a-juicio-por-no-designar-a-una-mujer-en-la-mesa-directiva\/#primaryimage"},"thumbnailUrl":"https:\/\/fuentesfidedignas.com.mx\/wp-content\/uploads\/2023\/10\/Screenshot_20231005_142727_Facebook.jpg","datePublished":"2023-10-05T22:05:36+00:00","dateModified":"2023-10-05T22:24:28+00:00","breadcrumb":{"@id":"https:\/\/fuentesfidedignas.com.mx\/index.php\/2023\/10\/05\/diputadas-del-pas-se-van-a-juicio-por-no-designar-a-una-mujer-en-la-mesa-directiva\/#breadcrumb"},"inLanguage":"es","potentialAction":[{"@type":"ReadAction","target":["https:\/\/fuentesfidedignas.com.mx\/index.php\/2023\/10\/05\/diputadas-del-pas-se-van-a-juicio-por-no-designar-a-una-mujer-en-la-mesa-directiva\/"]}]},{"@type":"ImageObject","inLanguage":"es","@id":"https:\/\/fuentesfidedignas.com.mx\/index.php\/2023\/10\/05\/diputadas-del-pas-se-van-a-juicio-por-no-designar-a-una-mujer-en-la-mesa-directiva\/#primaryimage","url":"https:\/\/fuentesfidedignas.com.mx\/wp-content\/uploads\/2023\/10\/Screenshot_20231005_142727_Facebook.jpg","contentUrl":"https:\/\/fuentesfidedignas.com.mx\/wp-content\/uploads\/2023\/10\/Screenshot_20231005_142727_Facebook.jpg","width":1080,"height":610},{"@type":"BreadcrumbList","@id":"https:\/\/fuentesfidedignas.com.mx\/index.php\/2023\/10\/05\/diputadas-del-pas-se-van-a-juicio-por-no-designar-a-una-mujer-en-la-mesa-directiva\/#breadcrumb","itemListElement":[{"@type":"ListItem","position":1,"name":"Inicio","item":"https:\/\/fuentesfidedignas.com.mx\/"},{"@type":"ListItem","position":2,"name":"Diputadas del PAS se van a juicio por no designar a una mujer en la Mesa Directiva"}]},{"@type":"WebSite","@id":"https:\/\/fuentesfidedignas.com.mx\/#website","url":"https:\/\/fuentesfidedignas.com.mx\/","name":"Fuentes Fidedignas","description":"Otro sitio realizado con WordPress","publisher":{"@id":"https:\/\/fuentesfidedignas.com.mx\/#organization"},"potentialAction":[{"@type":"SearchAction","target":{"@type":"EntryPoint","urlTemplate":"https:\/\/fuentesfidedignas.com.mx\/?s={search_term_string}"},"query-input":{"@type":"PropertyValueSpecification","valueRequired":true,"valueName":"search_term_string"}}],"inLanguage":"es"},{"@type":"Organization","@id":"https:\/\/fuentesfidedignas.com.mx\/#organization","name":"Fuentes Fidedignas","url":"https:\/\/fuentesfidedignas.com.mx\/","logo":{"@type":"ImageObject","inLanguage":"es","@id":"https:\/\/fuentesfidedignas.com.mx\/#\/schema\/logo\/image\/","url":"https:\/\/fuentesfidedignas.com.mx\/wp-content\/uploads\/2021\/04\/logo-retina.png","contentUrl":"https:\/\/fuentesfidedignas.com.mx\/wp-content\/uploads\/2021\/04\/logo-retina.png","width":280,"height":51,"caption":"Fuentes Fidedignas"},"image":{"@id":"https:\/\/fuentesfidedignas.com.mx\/#\/schema\/logo\/image\/"},"sameAs":["https:\/\/www.facebook.com\/Fuentes-Fidedignas-368234489921644","https:\/\/x.com\/fidedignas"]},{"@type":"Person","@id":"https:\/\/fuentesfidedignas.com.mx\/#\/schema\/person\/2c10028b4a30078c05a056a215342ab9","name":"Marissa Palafox","image":{"@type":"ImageObject","inLanguage":"es","@id":"https:\/\/secure.gravatar.com\/avatar\/20a43bdb2f2db10f20b22d4e98b96eb027faf98f7f76d29854dc5fab46d1cf71?s=96&d=mm&r=g","url":"https:\/\/secure.gravatar.com\/avatar\/20a43bdb2f2db10f20b22d4e98b96eb027faf98f7f76d29854dc5fab46d1cf71?s=96&d=mm&r=g","contentUrl":"https:\/\/secure.gravatar.com\/avatar\/20a43bdb2f2db10f20b22d4e98b96eb027faf98f7f76d29854dc5fab46d1cf71?s=96&d=mm&r=g","caption":"Marissa Palafox"},"url":"https:\/\/fuentesfidedignas.com.mx\/index.php\/author\/marissa\/"}]}},"_links":{"self":[{"href":"https:\/\/fuentesfidedignas.com.mx\/index.php\/wp-json\/wp\/v2\/posts\/61436","targetHints":{"allow":["GET"]}}],"collection":[{"href":"https:\/\/fuentesfidedignas.com.mx\/index.php\/wp-json\/wp\/v2\/posts"}],"about":[{"href":"https:\/\/fuentesfidedignas.com.mx\/index.php\/wp-json\/wp\/v2\/types\/post"}],"author":[{"embeddable":true,"href":"https:\/\/fuentesfidedignas.com.mx\/index.php\/wp-json\/wp\/v2\/users\/11"}],"replies":[{"embeddable":true,"href":"https:\/\/fuentesfidedignas.com.mx\/index.php\/wp-json\/wp\/v2\/comments?post=61436"}],"version-history":[{"count":3,"href":"https:\/\/fuentesfidedignas.com.mx\/index.php\/wp-json\/wp\/v2\/posts\/61436\/revisions"}],"predecessor-version":[{"id":61456,"href":"https:\/\/fuentesfidedignas.com.mx\/index.php\/wp-json\/wp\/v2\/posts\/61436\/revisions\/61456"}],"wp:featuredmedia":[{"embeddable":true,"href":"https:\/\/fuentesfidedignas.com.mx\/index.php\/wp-json\/wp\/v2\/media\/61453"}],"wp:attachment":[{"href":"https:\/\/fuentesfidedignas.com.mx\/index.php\/wp-json\/wp\/v2\/media?parent=61436"}],"wp:term":[{"taxonomy":"category","embeddable":true,"href":"https:\/\/fuentesfidedignas.com.mx\/index.php\/wp-json\/wp\/v2\/categories?post=61436"},{"taxonomy":"post_tag","embeddable":true,"href":"https:\/\/fuentesfidedignas.com.mx\/index.php\/wp-json\/wp\/v2\/tags?post=61436"}],"curies":[{"name":"wp","href":"https:\/\/api.w.org\/{rel}","templated":true}]}}