{"id":61415,"date":"2023-10-05T12:59:22","date_gmt":"2023-10-05T19:59:22","guid":{"rendered":"https:\/\/fuentesfidedignas.com.mx\/?p=61415"},"modified":"2023-10-05T15:05:57","modified_gmt":"2023-10-05T22:05:57","slug":"en-el-2024-estare-donde-morena-me-necesite-serapio-vargaslll","status":"publish","type":"post","link":"https:\/\/fuentesfidedignas.com.mx\/index.php\/2023\/10\/05\/en-el-2024-estare-donde-morena-me-necesite-serapio-vargaslll\/","title":{"rendered":"En el 2024 estar\u00e9 donde Morena me necesite: Serapio Vargas"},"content":{"rendered":"\n<p><strong><em>&#8220;Yo s\u00f3lo repito cuando me tomo un sal de uvas, no me encantan ni me encanto. Yo no estoy pensando en eso (reelecci\u00f3n)&#8221;, asever\u00f3 el diputado<\/em><\/strong><\/p>\n\n\n\n<p>Culiac\u00e1n, Sin. No estoy aferrado a un puesto, yo ir\u00e9 en el 2024 donde mi partido Morena me necesite, afirm\u00f3 el diputado Serapio Vargas Ram\u00edrez tras los comentarios del gobernador Rub\u00e9n Rocha Moya sobre la reelecci\u00f3n de diputados.<\/p>\n\n\n\n<p>Detall\u00f3 que es su primer per\u00edodo como diputado y depender\u00e1 del partido si lo candidatean para repetir o si va por otro cargo en el servicio p\u00fablico.<\/p>\n\n\n\n<p>&#8220;<strong>Cada partido o cada movimiento tendr\u00e1 sus reglas internas de c\u00f3mo elegir a sus candidatos. Yo estoy en mi primer per\u00edodo legislativo y ya veremos qu\u00e9 nos depara la intenci\u00f3n del partifo<\/strong>&#8220;, se\u00f1al\u00f3 Vargas Ram\u00edrez.<\/p>\n\n\n\n<iframe loading=\"lazy\" src=\"https:\/\/www.facebook.com\/plugins\/video.php?height=314&#038;href=https%3A%2F%2Fwww.facebook.com%2F100050497569358%2Fvideos%2F193489763766696%2F&#038;show_text=false&#038;width=560&#038;t=0\" width=\"560\" height=\"314\" style=\"border:none;overflow:hidden\" scrolling=\"no\" frameborder=\"0\" allowfullscreen=\"true\" allow=\"autoplay; clipboard-write; encrypted-media; picture-in-picture; web-share\" allowFullScreen=\"true\"><\/iframe>\n\n\n\n<p>As\u00ed lo dijo el legislador luego de la cr\u00edtica del mandatario estatal durante su Conferencia de prensa &#8220;La Semanera&#8221;, donde pidi\u00f3 a los diputados &#8220;dar chansa&#8221; a otras personas para ocupar ese puesto en el Congreso del Estado. <\/p>\n\n\n\n<p>Es por ello que afirm\u00f3 no estar aferrado al curul del Palacio Legislativo: &#8220;Yo s\u00f3lo repito cuando me tomo un sal de uvas, no me encantan ni me encanto. Yo no estoy pensando en eso&#8221;.<\/p>\n","protected":false},"excerpt":{"rendered":"<p>&#8220;Yo s\u00f3lo repito cuando me tomo un sal de uvas, no me encantan ni me encanto. Yo no estoy pensando en eso (reelecci\u00f3n)&#8221;, asever\u00f3 el diputado Culiac\u00e1n, Sin. No estoy aferrado a un puesto, yo ir\u00e9 en el 2024 donde mi partido Morena me necesite, afirm\u00f3 el diputado Serapio Vargas Ram\u00edrez tras los comentarios del [&hellip;]<\/p>\n","protected":false},"author":11,"featured_media":61420,"comment_status":"open","ping_status":"open","sticky":true,"template":"","format":"video","meta":{"tdm_status":"","tdm_grid_status":"","footnotes":""},"categories":[38],"tags":[],"class_list":{"0":"post-61415","1":"post","2":"type-post","3":"status-publish","4":"format-video","5":"has-post-thumbnail","7":"category-noticias-locales","8":"post_format-post-format-video"},"yoast_head":"<!-- This site is optimized with the Yoast SEO plugin v27.4 - https:\/\/yoast.com\/product\/yoast-seo-wordpress\/ -->\n<title>En el 2024 estar\u00e9 donde Morena me necesite: Serapio Vargas - Fuentes Fidedignas<\/title>\n<meta name=\"robots\" content=\"index, follow, max-snippet:-1, max-image-preview:large, max-video-preview:-1\" \/>\n<link rel=\"canonical\" href=\"https:\/\/fuentesfidedignas.com.mx\/index.php\/2023\/10\/05\/en-el-2024-estare-donde-morena-me-necesite-serapio-vargaslll\/\" \/>\n<meta property=\"og:locale\" content=\"es_MX\" \/>\n<meta property=\"og:type\" content=\"article\" \/>\n<meta property=\"og:title\" content=\"En el 2024 estar\u00e9 donde Morena me necesite: Serapio Vargas - Fuentes Fidedignas\" \/>\n<meta property=\"og:description\" content=\"&#8220;Yo s\u00f3lo repito cuando me tomo un sal de uvas, no me encantan ni me encanto. Yo no estoy pensando en eso (reelecci\u00f3n)&#8221;, asever\u00f3 el diputado Culiac\u00e1n, Sin. No estoy aferrado a un puesto, yo ir\u00e9 en el 2024 donde mi partido Morena me necesite, afirm\u00f3 el diputado Serapio Vargas Ram\u00edrez tras los comentarios del [&hellip;]\" \/>\n<meta property=\"og:url\" content=\"https:\/\/fuentesfidedignas.com.mx\/index.php\/2023\/10\/05\/en-el-2024-estare-donde-morena-me-necesite-serapio-vargaslll\/\" \/>\n<meta property=\"og:site_name\" content=\"Fuentes Fidedignas\" \/>\n<meta property=\"article:publisher\" content=\"https:\/\/www.facebook.com\/Fuentes-Fidedignas-368234489921644\" \/>\n<meta property=\"article:published_time\" content=\"2023-10-05T19:59:22+00:00\" \/>\n<meta property=\"article:modified_time\" content=\"2023-10-05T22:05:57+00:00\" \/>\n<meta property=\"og:image\" content=\"https:\/\/fuentesfidedignas.com.mx\/wp-content\/uploads\/2023\/10\/20231005_110917-scaled.jpg\" \/>\n\t<meta property=\"og:image:width\" content=\"2560\" \/>\n\t<meta property=\"og:image:height\" content=\"1442\" \/>\n\t<meta property=\"og:image:type\" content=\"image\/jpeg\" \/>\n<meta name=\"author\" content=\"Marissa Palafox\" \/>\n<meta name=\"twitter:card\" content=\"summary_large_image\" \/>\n<meta name=\"twitter:creator\" content=\"@fidedignas\" \/>\n<meta name=\"twitter:site\" content=\"@fidedignas\" \/>\n<meta name=\"twitter:label1\" content=\"Escrito por\" \/>\n\t<meta name=\"twitter:data1\" content=\"Marissa Palafox\" \/>\n\t<meta name=\"twitter:label2\" content=\"Tiempo de lectura\" \/>\n\t<meta name=\"twitter:data2\" content=\"1 minuto\" \/>\n<script type=\"application\/ld+json\" class=\"yoast-schema-graph\">{\"@context\":\"https:\\\/\\\/schema.org\",\"@graph\":[{\"@type\":\"Article\",\"@id\":\"https:\\\/\\\/fuentesfidedignas.com.mx\\\/index.php\\\/2023\\\/10\\\/05\\\/en-el-2024-estare-donde-morena-me-necesite-serapio-vargaslll\\\/#article\",\"isPartOf\":{\"@id\":\"https:\\\/\\\/fuentesfidedignas.com.mx\\\/index.php\\\/2023\\\/10\\\/05\\\/en-el-2024-estare-donde-morena-me-necesite-serapio-vargaslll\\\/\"},\"author\":{\"name\":\"Marissa Palafox\",\"@id\":\"https:\\\/\\\/fuentesfidedignas.com.mx\\\/#\\\/schema\\\/person\\\/2c10028b4a30078c05a056a215342ab9\"},\"headline\":\"En el 2024 estar\u00e9 donde Morena me necesite: Serapio Vargas\",\"datePublished\":\"2023-10-05T19:59:22+00:00\",\"dateModified\":\"2023-10-05T22:05:57+00:00\",\"mainEntityOfPage\":{\"@id\":\"https:\\\/\\\/fuentesfidedignas.com.mx\\\/index.php\\\/2023\\\/10\\\/05\\\/en-el-2024-estare-donde-morena-me-necesite-serapio-vargaslll\\\/\"},\"wordCount\":222,\"commentCount\":0,\"publisher\":{\"@id\":\"https:\\\/\\\/fuentesfidedignas.com.mx\\\/#organization\"},\"image\":{\"@id\":\"https:\\\/\\\/fuentesfidedignas.com.mx\\\/index.php\\\/2023\\\/10\\\/05\\\/en-el-2024-estare-donde-morena-me-necesite-serapio-vargaslll\\\/#primaryimage\"},\"thumbnailUrl\":\"https:\\\/\\\/fuentesfidedignas.com.mx\\\/wp-content\\\/uploads\\\/2023\\\/10\\\/20231005_110917-scaled.jpg\",\"articleSection\":[\"NOTICIAS LOCALES\"],\"inLanguage\":\"es\",\"potentialAction\":[{\"@type\":\"CommentAction\",\"name\":\"Comment\",\"target\":[\"https:\\\/\\\/fuentesfidedignas.com.mx\\\/index.php\\\/2023\\\/10\\\/05\\\/en-el-2024-estare-donde-morena-me-necesite-serapio-vargaslll\\\/#respond\"]}]},{\"@type\":\"WebPage\",\"@id\":\"https:\\\/\\\/fuentesfidedignas.com.mx\\\/index.php\\\/2023\\\/10\\\/05\\\/en-el-2024-estare-donde-morena-me-necesite-serapio-vargaslll\\\/\",\"url\":\"https:\\\/\\\/fuentesfidedignas.com.mx\\\/index.php\\\/2023\\\/10\\\/05\\\/en-el-2024-estare-donde-morena-me-necesite-serapio-vargaslll\\\/\",\"name\":\"En el 2024 estar\u00e9 donde Morena me necesite: Serapio Vargas - Fuentes Fidedignas\",\"isPartOf\":{\"@id\":\"https:\\\/\\\/fuentesfidedignas.com.mx\\\/#website\"},\"primaryImageOfPage\":{\"@id\":\"https:\\\/\\\/fuentesfidedignas.com.mx\\\/index.php\\\/2023\\\/10\\\/05\\\/en-el-2024-estare-donde-morena-me-necesite-serapio-vargaslll\\\/#primaryimage\"},\"image\":{\"@id\":\"https:\\\/\\\/fuentesfidedignas.com.mx\\\/index.php\\\/2023\\\/10\\\/05\\\/en-el-2024-estare-donde-morena-me-necesite-serapio-vargaslll\\\/#primaryimage\"},\"thumbnailUrl\":\"https:\\\/\\\/fuentesfidedignas.com.mx\\\/wp-content\\\/uploads\\\/2023\\\/10\\\/20231005_110917-scaled.jpg\",\"datePublished\":\"2023-10-05T19:59:22+00:00\",\"dateModified\":\"2023-10-05T22:05:57+00:00\",\"breadcrumb\":{\"@id\":\"https:\\\/\\\/fuentesfidedignas.com.mx\\\/index.php\\\/2023\\\/10\\\/05\\\/en-el-2024-estare-donde-morena-me-necesite-serapio-vargaslll\\\/#breadcrumb\"},\"inLanguage\":\"es\",\"potentialAction\":[{\"@type\":\"ReadAction\",\"target\":[\"https:\\\/\\\/fuentesfidedignas.com.mx\\\/index.php\\\/2023\\\/10\\\/05\\\/en-el-2024-estare-donde-morena-me-necesite-serapio-vargaslll\\\/\"]}]},{\"@type\":\"ImageObject\",\"inLanguage\":\"es\",\"@id\":\"https:\\\/\\\/fuentesfidedignas.com.mx\\\/index.php\\\/2023\\\/10\\\/05\\\/en-el-2024-estare-donde-morena-me-necesite-serapio-vargaslll\\\/#primaryimage\",\"url\":\"https:\\\/\\\/fuentesfidedignas.com.mx\\\/wp-content\\\/uploads\\\/2023\\\/10\\\/20231005_110917-scaled.jpg\",\"contentUrl\":\"https:\\\/\\\/fuentesfidedignas.com.mx\\\/wp-content\\\/uploads\\\/2023\\\/10\\\/20231005_110917-scaled.jpg\",\"width\":2560,\"height\":1442},{\"@type\":\"BreadcrumbList\",\"@id\":\"https:\\\/\\\/fuentesfidedignas.com.mx\\\/index.php\\\/2023\\\/10\\\/05\\\/en-el-2024-estare-donde-morena-me-necesite-serapio-vargaslll\\\/#breadcrumb\",\"itemListElement\":[{\"@type\":\"ListItem\",\"position\":1,\"name\":\"Inicio\",\"item\":\"https:\\\/\\\/fuentesfidedignas.com.mx\\\/\"},{\"@type\":\"ListItem\",\"position\":2,\"name\":\"En el 2024 estar\u00e9 donde Morena me necesite: Serapio Vargas\"}]},{\"@type\":\"WebSite\",\"@id\":\"https:\\\/\\\/fuentesfidedignas.com.mx\\\/#website\",\"url\":\"https:\\\/\\\/fuentesfidedignas.com.mx\\\/\",\"name\":\"Fuentes Fidedignas\",\"description\":\"Otro sitio realizado con WordPress\",\"publisher\":{\"@id\":\"https:\\\/\\\/fuentesfidedignas.com.mx\\\/#organization\"},\"potentialAction\":[{\"@type\":\"SearchAction\",\"target\":{\"@type\":\"EntryPoint\",\"urlTemplate\":\"https:\\\/\\\/fuentesfidedignas.com.mx\\\/?s={search_term_string}\"},\"query-input\":{\"@type\":\"PropertyValueSpecification\",\"valueRequired\":true,\"valueName\":\"search_term_string\"}}],\"inLanguage\":\"es\"},{\"@type\":\"Organization\",\"@id\":\"https:\\\/\\\/fuentesfidedignas.com.mx\\\/#organization\",\"name\":\"Fuentes Fidedignas\",\"url\":\"https:\\\/\\\/fuentesfidedignas.com.mx\\\/\",\"logo\":{\"@type\":\"ImageObject\",\"inLanguage\":\"es\",\"@id\":\"https:\\\/\\\/fuentesfidedignas.com.mx\\\/#\\\/schema\\\/logo\\\/image\\\/\",\"url\":\"https:\\\/\\\/fuentesfidedignas.com.mx\\\/wp-content\\\/uploads\\\/2021\\\/04\\\/logo-retina.png\",\"contentUrl\":\"https:\\\/\\\/fuentesfidedignas.com.mx\\\/wp-content\\\/uploads\\\/2021\\\/04\\\/logo-retina.png\",\"width\":280,\"height\":51,\"caption\":\"Fuentes Fidedignas\"},\"image\":{\"@id\":\"https:\\\/\\\/fuentesfidedignas.com.mx\\\/#\\\/schema\\\/logo\\\/image\\\/\"},\"sameAs\":[\"https:\\\/\\\/www.facebook.com\\\/Fuentes-Fidedignas-368234489921644\",\"https:\\\/\\\/x.com\\\/fidedignas\"]},{\"@type\":\"Person\",\"@id\":\"https:\\\/\\\/fuentesfidedignas.com.mx\\\/#\\\/schema\\\/person\\\/2c10028b4a30078c05a056a215342ab9\",\"name\":\"Marissa Palafox\",\"image\":{\"@type\":\"ImageObject\",\"inLanguage\":\"es\",\"@id\":\"https:\\\/\\\/secure.gravatar.com\\\/avatar\\\/20a43bdb2f2db10f20b22d4e98b96eb027faf98f7f76d29854dc5fab46d1cf71?s=96&d=mm&r=g\",\"url\":\"https:\\\/\\\/secure.gravatar.com\\\/avatar\\\/20a43bdb2f2db10f20b22d4e98b96eb027faf98f7f76d29854dc5fab46d1cf71?s=96&d=mm&r=g\",\"contentUrl\":\"https:\\\/\\\/secure.gravatar.com\\\/avatar\\\/20a43bdb2f2db10f20b22d4e98b96eb027faf98f7f76d29854dc5fab46d1cf71?s=96&d=mm&r=g\",\"caption\":\"Marissa Palafox\"},\"url\":\"https:\\\/\\\/fuentesfidedignas.com.mx\\\/index.php\\\/author\\\/marissa\\\/\"}]}<\/script>\n<!-- \/ Yoast SEO plugin. -->","yoast_head_json":{"title":"En el 2024 estar\u00e9 donde Morena me necesite: Serapio Vargas - Fuentes Fidedignas","robots":{"index":"index","follow":"follow","max-snippet":"max-snippet:-1","max-image-preview":"max-image-preview:large","max-video-preview":"max-video-preview:-1"},"canonical":"https:\/\/fuentesfidedignas.com.mx\/index.php\/2023\/10\/05\/en-el-2024-estare-donde-morena-me-necesite-serapio-vargaslll\/","og_locale":"es_MX","og_type":"article","og_title":"En el 2024 estar\u00e9 donde Morena me necesite: Serapio Vargas - Fuentes Fidedignas","og_description":"&#8220;Yo s\u00f3lo repito cuando me tomo un sal de uvas, no me encantan ni me encanto. Yo no estoy pensando en eso (reelecci\u00f3n)&#8221;, asever\u00f3 el diputado Culiac\u00e1n, Sin. No estoy aferrado a un puesto, yo ir\u00e9 en el 2024 donde mi partido Morena me necesite, afirm\u00f3 el diputado Serapio Vargas Ram\u00edrez tras los comentarios del [&hellip;]","og_url":"https:\/\/fuentesfidedignas.com.mx\/index.php\/2023\/10\/05\/en-el-2024-estare-donde-morena-me-necesite-serapio-vargaslll\/","og_site_name":"Fuentes Fidedignas","article_publisher":"https:\/\/www.facebook.com\/Fuentes-Fidedignas-368234489921644","article_published_time":"2023-10-05T19:59:22+00:00","article_modified_time":"2023-10-05T22:05:57+00:00","og_image":[{"width":2560,"height":1442,"url":"https:\/\/fuentesfidedignas.com.mx\/wp-content\/uploads\/2023\/10\/20231005_110917-scaled.jpg","type":"image\/jpeg"}],"author":"Marissa Palafox","twitter_card":"summary_large_image","twitter_creator":"@fidedignas","twitter_site":"@fidedignas","twitter_misc":{"Escrito por":"Marissa Palafox","Tiempo de lectura":"1 minuto"},"schema":{"@context":"https:\/\/schema.org","@graph":[{"@type":"Article","@id":"https:\/\/fuentesfidedignas.com.mx\/index.php\/2023\/10\/05\/en-el-2024-estare-donde-morena-me-necesite-serapio-vargaslll\/#article","isPartOf":{"@id":"https:\/\/fuentesfidedignas.com.mx\/index.php\/2023\/10\/05\/en-el-2024-estare-donde-morena-me-necesite-serapio-vargaslll\/"},"author":{"name":"Marissa Palafox","@id":"https:\/\/fuentesfidedignas.com.mx\/#\/schema\/person\/2c10028b4a30078c05a056a215342ab9"},"headline":"En el 2024 estar\u00e9 donde Morena me necesite: Serapio Vargas","datePublished":"2023-10-05T19:59:22+00:00","dateModified":"2023-10-05T22:05:57+00:00","mainEntityOfPage":{"@id":"https:\/\/fuentesfidedignas.com.mx\/index.php\/2023\/10\/05\/en-el-2024-estare-donde-morena-me-necesite-serapio-vargaslll\/"},"wordCount":222,"commentCount":0,"publisher":{"@id":"https:\/\/fuentesfidedignas.com.mx\/#organization"},"image":{"@id":"https:\/\/fuentesfidedignas.com.mx\/index.php\/2023\/10\/05\/en-el-2024-estare-donde-morena-me-necesite-serapio-vargaslll\/#primaryimage"},"thumbnailUrl":"https:\/\/fuentesfidedignas.com.mx\/wp-content\/uploads\/2023\/10\/20231005_110917-scaled.jpg","articleSection":["NOTICIAS LOCALES"],"inLanguage":"es","potentialAction":[{"@type":"CommentAction","name":"Comment","target":["https:\/\/fuentesfidedignas.com.mx\/index.php\/2023\/10\/05\/en-el-2024-estare-donde-morena-me-necesite-serapio-vargaslll\/#respond"]}]},{"@type":"WebPage","@id":"https:\/\/fuentesfidedignas.com.mx\/index.php\/2023\/10\/05\/en-el-2024-estare-donde-morena-me-necesite-serapio-vargaslll\/","url":"https:\/\/fuentesfidedignas.com.mx\/index.php\/2023\/10\/05\/en-el-2024-estare-donde-morena-me-necesite-serapio-vargaslll\/","name":"En el 2024 estar\u00e9 donde Morena me necesite: Serapio Vargas - Fuentes Fidedignas","isPartOf":{"@id":"https:\/\/fuentesfidedignas.com.mx\/#website"},"primaryImageOfPage":{"@id":"https:\/\/fuentesfidedignas.com.mx\/index.php\/2023\/10\/05\/en-el-2024-estare-donde-morena-me-necesite-serapio-vargaslll\/#primaryimage"},"image":{"@id":"https:\/\/fuentesfidedignas.com.mx\/index.php\/2023\/10\/05\/en-el-2024-estare-donde-morena-me-necesite-serapio-vargaslll\/#primaryimage"},"thumbnailUrl":"https:\/\/fuentesfidedignas.com.mx\/wp-content\/uploads\/2023\/10\/20231005_110917-scaled.jpg","datePublished":"2023-10-05T19:59:22+00:00","dateModified":"2023-10-05T22:05:57+00:00","breadcrumb":{"@id":"https:\/\/fuentesfidedignas.com.mx\/index.php\/2023\/10\/05\/en-el-2024-estare-donde-morena-me-necesite-serapio-vargaslll\/#breadcrumb"},"inLanguage":"es","potentialAction":[{"@type":"ReadAction","target":["https:\/\/fuentesfidedignas.com.mx\/index.php\/2023\/10\/05\/en-el-2024-estare-donde-morena-me-necesite-serapio-vargaslll\/"]}]},{"@type":"ImageObject","inLanguage":"es","@id":"https:\/\/fuentesfidedignas.com.mx\/index.php\/2023\/10\/05\/en-el-2024-estare-donde-morena-me-necesite-serapio-vargaslll\/#primaryimage","url":"https:\/\/fuentesfidedignas.com.mx\/wp-content\/uploads\/2023\/10\/20231005_110917-scaled.jpg","contentUrl":"https:\/\/fuentesfidedignas.com.mx\/wp-content\/uploads\/2023\/10\/20231005_110917-scaled.jpg","width":2560,"height":1442},{"@type":"BreadcrumbList","@id":"https:\/\/fuentesfidedignas.com.mx\/index.php\/2023\/10\/05\/en-el-2024-estare-donde-morena-me-necesite-serapio-vargaslll\/#breadcrumb","itemListElement":[{"@type":"ListItem","position":1,"name":"Inicio","item":"https:\/\/fuentesfidedignas.com.mx\/"},{"@type":"ListItem","position":2,"name":"En el 2024 estar\u00e9 donde Morena me necesite: Serapio Vargas"}]},{"@type":"WebSite","@id":"https:\/\/fuentesfidedignas.com.mx\/#website","url":"https:\/\/fuentesfidedignas.com.mx\/","name":"Fuentes Fidedignas","description":"Otro sitio realizado con WordPress","publisher":{"@id":"https:\/\/fuentesfidedignas.com.mx\/#organization"},"potentialAction":[{"@type":"SearchAction","target":{"@type":"EntryPoint","urlTemplate":"https:\/\/fuentesfidedignas.com.mx\/?s={search_term_string}"},"query-input":{"@type":"PropertyValueSpecification","valueRequired":true,"valueName":"search_term_string"}}],"inLanguage":"es"},{"@type":"Organization","@id":"https:\/\/fuentesfidedignas.com.mx\/#organization","name":"Fuentes Fidedignas","url":"https:\/\/fuentesfidedignas.com.mx\/","logo":{"@type":"ImageObject","inLanguage":"es","@id":"https:\/\/fuentesfidedignas.com.mx\/#\/schema\/logo\/image\/","url":"https:\/\/fuentesfidedignas.com.mx\/wp-content\/uploads\/2021\/04\/logo-retina.png","contentUrl":"https:\/\/fuentesfidedignas.com.mx\/wp-content\/uploads\/2021\/04\/logo-retina.png","width":280,"height":51,"caption":"Fuentes Fidedignas"},"image":{"@id":"https:\/\/fuentesfidedignas.com.mx\/#\/schema\/logo\/image\/"},"sameAs":["https:\/\/www.facebook.com\/Fuentes-Fidedignas-368234489921644","https:\/\/x.com\/fidedignas"]},{"@type":"Person","@id":"https:\/\/fuentesfidedignas.com.mx\/#\/schema\/person\/2c10028b4a30078c05a056a215342ab9","name":"Marissa Palafox","image":{"@type":"ImageObject","inLanguage":"es","@id":"https:\/\/secure.gravatar.com\/avatar\/20a43bdb2f2db10f20b22d4e98b96eb027faf98f7f76d29854dc5fab46d1cf71?s=96&d=mm&r=g","url":"https:\/\/secure.gravatar.com\/avatar\/20a43bdb2f2db10f20b22d4e98b96eb027faf98f7f76d29854dc5fab46d1cf71?s=96&d=mm&r=g","contentUrl":"https:\/\/secure.gravatar.com\/avatar\/20a43bdb2f2db10f20b22d4e98b96eb027faf98f7f76d29854dc5fab46d1cf71?s=96&d=mm&r=g","caption":"Marissa Palafox"},"url":"https:\/\/fuentesfidedignas.com.mx\/index.php\/author\/marissa\/"}]}},"_links":{"self":[{"href":"https:\/\/fuentesfidedignas.com.mx\/index.php\/wp-json\/wp\/v2\/posts\/61415","targetHints":{"allow":["GET"]}}],"collection":[{"href":"https:\/\/fuentesfidedignas.com.mx\/index.php\/wp-json\/wp\/v2\/posts"}],"about":[{"href":"https:\/\/fuentesfidedignas.com.mx\/index.php\/wp-json\/wp\/v2\/types\/post"}],"author":[{"embeddable":true,"href":"https:\/\/fuentesfidedignas.com.mx\/index.php\/wp-json\/wp\/v2\/users\/11"}],"replies":[{"embeddable":true,"href":"https:\/\/fuentesfidedignas.com.mx\/index.php\/wp-json\/wp\/v2\/comments?post=61415"}],"version-history":[{"count":2,"href":"https:\/\/fuentesfidedignas.com.mx\/index.php\/wp-json\/wp\/v2\/posts\/61415\/revisions"}],"predecessor-version":[{"id":61419,"href":"https:\/\/fuentesfidedignas.com.mx\/index.php\/wp-json\/wp\/v2\/posts\/61415\/revisions\/61419"}],"wp:featuredmedia":[{"embeddable":true,"href":"https:\/\/fuentesfidedignas.com.mx\/index.php\/wp-json\/wp\/v2\/media\/61420"}],"wp:attachment":[{"href":"https:\/\/fuentesfidedignas.com.mx\/index.php\/wp-json\/wp\/v2\/media?parent=61415"}],"wp:term":[{"taxonomy":"category","embeddable":true,"href":"https:\/\/fuentesfidedignas.com.mx\/index.php\/wp-json\/wp\/v2\/categories?post=61415"},{"taxonomy":"post_tag","embeddable":true,"href":"https:\/\/fuentesfidedignas.com.mx\/index.php\/wp-json\/wp\/v2\/tags?post=61415"}],"curies":[{"name":"wp","href":"https:\/\/api.w.org\/{rel}","templated":true}]}}