{"id":61337,"date":"2023-10-04T15:20:31","date_gmt":"2023-10-04T22:20:31","guid":{"rendered":"https:\/\/fuentesfidedignas.com.mx\/?p=61337"},"modified":"2023-10-04T15:21:22","modified_gmt":"2023-10-04T22:21:22","slug":"congreso-de-sinaloa-sera-sede-de-encuentro-nacional-agropecuario","status":"publish","type":"post","link":"https:\/\/fuentesfidedignas.com.mx\/index.php\/2023\/10\/04\/congreso-de-sinaloa-sera-sede-de-encuentro-nacional-agropecuario\/","title":{"rendered":"Congreso de Sinaloa ser\u00e1 sede de Encuentro Nacional Agropecuario"},"content":{"rendered":"\n<p>Culiac\u00e1n, Sin. Por acuerdo de la Comisi\u00f3n Permanente de Asuntos Agropecuarios, el Congreso del Estado de Sinaloa ser\u00e1 sede de un Encuentro Nacional Agropecuario con el prop\u00f3sito de que el art\u00edculo 27 de la Constituci\u00f3n Pol\u00edtica de los Estados Unidos Mexicanos, recupere los ideales de justicia social en el campo y garantice la soberan\u00eda alimentaria.<\/p>\n\n\n\n<p>El diputado de Morena Serapio Vargas Ram\u00edrez, presidente de la Comisi\u00f3n, hizo este anuncio en conferencia de prensa, en la que estuvo acompa\u00f1ado por la diputada del Grupo Plural Cinthia Valenzuela Langarica y el Presidente de la Confederaci\u00f3n Agrarista Mexicana (CAM), Jos\u00e9 Ulises Gaxiola Rodr\u00edguez.<\/p>\n\n\n\n<p>El diputado Serapio Vargas Ram\u00edrez sostuvo que, en 1992, las reformas salinistas al art\u00edculo 27 de la Constituci\u00f3n Pol\u00edtica modificaron el sistema de propiedad que proteg\u00eda a la familia ejidal y al campo mexicano.<\/p>\n\n\n\n<p>Como consecuencia, conden\u00f3, el ejido y la comunidad resintieron una serie de afectaciones que diluyeron la naturaleza social que antes les caracterizaba.<\/p>\n\n\n\n<p>Se\u00f1al\u00f3 que uno de los objetivos de este Encuentro Nacional Agropecuario debe ser restablecer al ejido y a la comunidad el car\u00e1cter de propiedad social, para reposicionar a los ejidos y comunidades rurales como protagonistas principales del desarrollo del campo y sujetos prioritarios de las pol\u00edticas p\u00fablicas.<\/p>\n\n\n\n<p>Expuso que la Junta de Coordinaci\u00f3n Pol\u00edtica prepara la convocatoria para la celebraci\u00f3n de este Encuentro, en el cual se busca generar una iniciativa para rectificar el art\u00edculo 27 constitucional modificado por el presidente Carlos Salinas en 1992, mismo que podr\u00eda celebrarse en octubre o noviembre.<\/p>\n\n\n\n<p>Desde 1992, acus\u00f3, se sentaron las bases para el asesinato del ejido y las comunidades ind\u00edgenas en M\u00e9xico.<\/p>\n\n\n\n<p>Sostuvo que las reformas salinistas pretend\u00edan el aniquilamiento neoliberal del sector social acabando con los cr\u00e9ditos, el control de insumos, la producci\u00f3n y los precios de garant\u00eda.<\/p>\n\n\n\n<p>\u201cSomos la chispa que va a encender la llama para corregir lo que hizo la traici\u00f3n hist\u00f3rica del gobierno neoliberal\u201d, subray\u00f3.<\/p>\n\n\n\n<p>Record\u00f3 que en 2018 se corrigieron los art\u00edculos 3 y 123 de la Constituci\u00f3n, en materia educativa y laboral.<\/p>\n\n\n\n<p>Sin embargo, advirti\u00f3, el 27 no se ha ajustado al esp\u00edritu de justicia social plasmado en 1917 para que se recupere la rector\u00eda del Estado y garantizar as\u00ed el ingreso, rentabilidad, control de insumos, producci\u00f3n y cr\u00e9ditos para los campesinos.<\/p>\n\n\n\n<p>Expuso que la reforma salinista permiti\u00f3 la enajenaci\u00f3n indiscriminada de las parcelas, patrimonio de las familias ejidales, y actualmente se pueden vender, lo que regresa al ejidatario a la condici\u00f3n de jornalero de su propia tierra.<\/p>\n\n\n\n<p>\u201cEl cr\u00e9dito era obligatorio para el ejido y al desaparecer, la gente tuvo que acudir a los coyotes porque no ten\u00edan las garant\u00edas, y para sobrevivir tuvieron que rentar o vender sus tierras\u201d, dijo.<\/p>\n\n\n\n<p>Afirm\u00f3 que otro aspecto que se perdi\u00f3 fue el r\u00e9gimen fiscal especial para el ejidatario, que no puede ser igual que un peque\u00f1o propietario. \u201cNecesitamos revisar c\u00f3mo evitar el latifundio ejidal\u201d, asever\u00f3.<\/p>\n\n\n\n<p>Apunt\u00f3 que los ejidatarios se ten\u00edan que reunir cada mes y ahora es cada seis meses con el fin de motivar la disgregaci\u00f3n de los ejidatarios.<\/p>\n\n\n\n<p>Destac\u00f3 que la celebraci\u00f3n del Encuentro Nacional Agropecuario desde Sinaloa tiene un valor emblem\u00e1tico puesto que este estado es l\u00edder agr\u00edcola de M\u00e9xico y fue aqu\u00ed donde se fund\u00f3 el primer Banco de Cr\u00e9dito Rural. \u201cEs simb\u00f3lico que desde Sinaloa se busque corregir el texto constitucional referente al campo\u201d, dijo.<\/p>\n\n\n\n<p>Enfatiz\u00f3 que la constituci\u00f3n de un nuevo marco jur\u00eddico debe garantizar la soberan\u00eda alimentaria al respaldar la producci\u00f3n nacional y el crecimiento de la econom\u00eda campesina.<\/p>\n\n\n\n<p>Por su parte, la diputada del Grupo Plural Cinthia Valenzuela Langarica, declar\u00f3 que los problemas de comercializaci\u00f3n de los productos del campo y los bajos niveles de almacenamiento de agua en las presas de Sinaloa, tambi\u00e9n motivaron el acuerdo de la Comisi\u00f3n para encontrar soluciones y definir una ruta en torno a la reforma del 27 constitucional.<\/p>\n\n\n\n<p>\u201cSe trata de construir una propuesta en consenso para que el sector campesino le vaya bien, somos un estado que fortalece la soberan\u00eda alimentaria del pa\u00eds\u201d, dijo.<\/p>\n\n\n\n<p>Por otro lado, el diputado de Morena Serapio Vargas Ram\u00edrez, presidente de la Comisi\u00f3n, hizo un en\u00e9rgico llamado a Leonel Cota Monta\u00f1o, Director General de Seguridad Alimentaria Mexicana (SEGALMEX), para que cumpla su compromiso de pago del apoyo complementario por tonelada a los productores de trigo de Sinaloa.<\/p>\n\n\n\n<p>Explic\u00f3 que el gobernador Rub\u00e9n Rocha Moya ya cumpli\u00f3 su palabra de otorgar 300 pesos por tonelada a los trigueros.<\/p>\n\n\n\n<p>No obstante, dijo, existen alrededor de 3,080 productores que est\u00e1n esperando el pago complementario de SEGALMEX de aproximadamente dos mil 12.68 pesos.<\/p>\n\n\n\n<p>Lo anterior, explic\u00f3, implica una dispersi\u00f3n pendiente de 400 millones de pesos, urgiendo se haga un cronograma de pagos para dar respuesta a los productores, ante la proximidad del ciclo agr\u00edcola 2023-2024.<\/p>\n","protected":false},"excerpt":{"rendered":"<p>Culiac\u00e1n, Sin. Por acuerdo de la Comisi\u00f3n Permanente de Asuntos Agropecuarios, el Congreso del Estado de Sinaloa ser\u00e1 sede de un Encuentro Nacional Agropecuario con el prop\u00f3sito de que el art\u00edculo 27 de la Constituci\u00f3n Pol\u00edtica de los Estados Unidos Mexicanos, recupere los ideales de justicia social en el campo y garantice la soberan\u00eda alimentaria. [&hellip;]<\/p>\n","protected":false},"author":4,"featured_media":61339,"comment_status":"open","ping_status":"open","sticky":false,"template":"","format":"standard","meta":{"tdm_status":"","tdm_grid_status":"","footnotes":""},"categories":[38,1],"tags":[],"class_list":{"0":"post-61337","1":"post","2":"type-post","3":"status-publish","4":"format-standard","5":"has-post-thumbnail","7":"category-noticias-locales","8":"category-sin-categoria"},"yoast_head":"<!-- This site is optimized with the Yoast SEO plugin v27.5 - https:\/\/yoast.com\/product\/yoast-seo-wordpress\/ -->\n<title>Congreso de Sinaloa ser\u00e1 sede de Encuentro Nacional Agropecuario - Fuentes Fidedignas<\/title>\n<meta name=\"robots\" content=\"index, follow, max-snippet:-1, max-image-preview:large, max-video-preview:-1\" \/>\n<link rel=\"canonical\" href=\"https:\/\/fuentesfidedignas.com.mx\/index.php\/2023\/10\/04\/congreso-de-sinaloa-sera-sede-de-encuentro-nacional-agropecuario\/\" \/>\n<meta property=\"og:locale\" content=\"es_MX\" \/>\n<meta property=\"og:type\" content=\"article\" \/>\n<meta property=\"og:title\" content=\"Congreso de Sinaloa ser\u00e1 sede de Encuentro Nacional Agropecuario - Fuentes Fidedignas\" \/>\n<meta property=\"og:description\" content=\"Culiac\u00e1n, Sin. Por acuerdo de la Comisi\u00f3n Permanente de Asuntos Agropecuarios, el Congreso del Estado de Sinaloa ser\u00e1 sede de un Encuentro Nacional Agropecuario con el prop\u00f3sito de que el art\u00edculo 27 de la Constituci\u00f3n Pol\u00edtica de los Estados Unidos Mexicanos, recupere los ideales de justicia social en el campo y garantice la soberan\u00eda alimentaria. [&hellip;]\" \/>\n<meta property=\"og:url\" content=\"https:\/\/fuentesfidedignas.com.mx\/index.php\/2023\/10\/04\/congreso-de-sinaloa-sera-sede-de-encuentro-nacional-agropecuario\/\" \/>\n<meta property=\"og:site_name\" content=\"Fuentes Fidedignas\" \/>\n<meta property=\"article:publisher\" content=\"https:\/\/www.facebook.com\/Fuentes-Fidedignas-368234489921644\" \/>\n<meta property=\"article:published_time\" content=\"2023-10-04T22:20:31+00:00\" \/>\n<meta property=\"article:modified_time\" content=\"2023-10-04T22:21:22+00:00\" \/>\n<meta property=\"og:image\" content=\"https:\/\/fuentesfidedignas.com.mx\/wp-content\/uploads\/2023\/10\/IMG-20231004-WA0015.jpg\" \/>\n\t<meta property=\"og:image:width\" content=\"1600\" \/>\n\t<meta property=\"og:image:height\" content=\"1069\" \/>\n\t<meta property=\"og:image:type\" content=\"image\/jpeg\" \/>\n<meta name=\"author\" content=\"Redacci\u00f3n\" \/>\n<meta name=\"twitter:card\" content=\"summary_large_image\" \/>\n<meta name=\"twitter:creator\" content=\"@fidedignas\" \/>\n<meta name=\"twitter:site\" content=\"@fidedignas\" \/>\n<meta name=\"twitter:label1\" content=\"Escrito por\" \/>\n\t<meta name=\"twitter:data1\" content=\"Redacci\u00f3n\" \/>\n\t<meta name=\"twitter:label2\" content=\"Tiempo de lectura\" \/>\n\t<meta name=\"twitter:data2\" content=\"4 minutos\" \/>\n<script type=\"application\/ld+json\" class=\"yoast-schema-graph\">{\"@context\":\"https:\\\/\\\/schema.org\",\"@graph\":[{\"@type\":\"Article\",\"@id\":\"https:\\\/\\\/fuentesfidedignas.com.mx\\\/index.php\\\/2023\\\/10\\\/04\\\/congreso-de-sinaloa-sera-sede-de-encuentro-nacional-agropecuario\\\/#article\",\"isPartOf\":{\"@id\":\"https:\\\/\\\/fuentesfidedignas.com.mx\\\/index.php\\\/2023\\\/10\\\/04\\\/congreso-de-sinaloa-sera-sede-de-encuentro-nacional-agropecuario\\\/\"},\"author\":{\"name\":\"Redacci\u00f3n\",\"@id\":\"https:\\\/\\\/fuentesfidedignas.com.mx\\\/#\\\/schema\\\/person\\\/331be9283d37198e2acd5750279085b0\"},\"headline\":\"Congreso de Sinaloa ser\u00e1 sede de Encuentro Nacional Agropecuario\",\"datePublished\":\"2023-10-04T22:20:31+00:00\",\"dateModified\":\"2023-10-04T22:21:22+00:00\",\"mainEntityOfPage\":{\"@id\":\"https:\\\/\\\/fuentesfidedignas.com.mx\\\/index.php\\\/2023\\\/10\\\/04\\\/congreso-de-sinaloa-sera-sede-de-encuentro-nacional-agropecuario\\\/\"},\"wordCount\":852,\"commentCount\":0,\"publisher\":{\"@id\":\"https:\\\/\\\/fuentesfidedignas.com.mx\\\/#organization\"},\"image\":{\"@id\":\"https:\\\/\\\/fuentesfidedignas.com.mx\\\/index.php\\\/2023\\\/10\\\/04\\\/congreso-de-sinaloa-sera-sede-de-encuentro-nacional-agropecuario\\\/#primaryimage\"},\"thumbnailUrl\":\"https:\\\/\\\/fuentesfidedignas.com.mx\\\/wp-content\\\/uploads\\\/2023\\\/10\\\/IMG-20231004-WA0015.jpg\",\"articleSection\":[\"NOTICIAS LOCALES\"],\"inLanguage\":\"es\",\"potentialAction\":[{\"@type\":\"CommentAction\",\"name\":\"Comment\",\"target\":[\"https:\\\/\\\/fuentesfidedignas.com.mx\\\/index.php\\\/2023\\\/10\\\/04\\\/congreso-de-sinaloa-sera-sede-de-encuentro-nacional-agropecuario\\\/#respond\"]}]},{\"@type\":\"WebPage\",\"@id\":\"https:\\\/\\\/fuentesfidedignas.com.mx\\\/index.php\\\/2023\\\/10\\\/04\\\/congreso-de-sinaloa-sera-sede-de-encuentro-nacional-agropecuario\\\/\",\"url\":\"https:\\\/\\\/fuentesfidedignas.com.mx\\\/index.php\\\/2023\\\/10\\\/04\\\/congreso-de-sinaloa-sera-sede-de-encuentro-nacional-agropecuario\\\/\",\"name\":\"Congreso de Sinaloa ser\u00e1 sede de Encuentro Nacional Agropecuario - Fuentes Fidedignas\",\"isPartOf\":{\"@id\":\"https:\\\/\\\/fuentesfidedignas.com.mx\\\/#website\"},\"primaryImageOfPage\":{\"@id\":\"https:\\\/\\\/fuentesfidedignas.com.mx\\\/index.php\\\/2023\\\/10\\\/04\\\/congreso-de-sinaloa-sera-sede-de-encuentro-nacional-agropecuario\\\/#primaryimage\"},\"image\":{\"@id\":\"https:\\\/\\\/fuentesfidedignas.com.mx\\\/index.php\\\/2023\\\/10\\\/04\\\/congreso-de-sinaloa-sera-sede-de-encuentro-nacional-agropecuario\\\/#primaryimage\"},\"thumbnailUrl\":\"https:\\\/\\\/fuentesfidedignas.com.mx\\\/wp-content\\\/uploads\\\/2023\\\/10\\\/IMG-20231004-WA0015.jpg\",\"datePublished\":\"2023-10-04T22:20:31+00:00\",\"dateModified\":\"2023-10-04T22:21:22+00:00\",\"breadcrumb\":{\"@id\":\"https:\\\/\\\/fuentesfidedignas.com.mx\\\/index.php\\\/2023\\\/10\\\/04\\\/congreso-de-sinaloa-sera-sede-de-encuentro-nacional-agropecuario\\\/#breadcrumb\"},\"inLanguage\":\"es\",\"potentialAction\":[{\"@type\":\"ReadAction\",\"target\":[\"https:\\\/\\\/fuentesfidedignas.com.mx\\\/index.php\\\/2023\\\/10\\\/04\\\/congreso-de-sinaloa-sera-sede-de-encuentro-nacional-agropecuario\\\/\"]}]},{\"@type\":\"ImageObject\",\"inLanguage\":\"es\",\"@id\":\"https:\\\/\\\/fuentesfidedignas.com.mx\\\/index.php\\\/2023\\\/10\\\/04\\\/congreso-de-sinaloa-sera-sede-de-encuentro-nacional-agropecuario\\\/#primaryimage\",\"url\":\"https:\\\/\\\/fuentesfidedignas.com.mx\\\/wp-content\\\/uploads\\\/2023\\\/10\\\/IMG-20231004-WA0015.jpg\",\"contentUrl\":\"https:\\\/\\\/fuentesfidedignas.com.mx\\\/wp-content\\\/uploads\\\/2023\\\/10\\\/IMG-20231004-WA0015.jpg\",\"width\":1600,\"height\":1069},{\"@type\":\"BreadcrumbList\",\"@id\":\"https:\\\/\\\/fuentesfidedignas.com.mx\\\/index.php\\\/2023\\\/10\\\/04\\\/congreso-de-sinaloa-sera-sede-de-encuentro-nacional-agropecuario\\\/#breadcrumb\",\"itemListElement\":[{\"@type\":\"ListItem\",\"position\":1,\"name\":\"Inicio\",\"item\":\"https:\\\/\\\/fuentesfidedignas.com.mx\\\/\"},{\"@type\":\"ListItem\",\"position\":2,\"name\":\"Congreso de Sinaloa ser\u00e1 sede de Encuentro Nacional Agropecuario\"}]},{\"@type\":\"WebSite\",\"@id\":\"https:\\\/\\\/fuentesfidedignas.com.mx\\\/#website\",\"url\":\"https:\\\/\\\/fuentesfidedignas.com.mx\\\/\",\"name\":\"Fuentes Fidedignas\",\"description\":\"Otro sitio realizado con WordPress\",\"publisher\":{\"@id\":\"https:\\\/\\\/fuentesfidedignas.com.mx\\\/#organization\"},\"potentialAction\":[{\"@type\":\"SearchAction\",\"target\":{\"@type\":\"EntryPoint\",\"urlTemplate\":\"https:\\\/\\\/fuentesfidedignas.com.mx\\\/?s={search_term_string}\"},\"query-input\":{\"@type\":\"PropertyValueSpecification\",\"valueRequired\":true,\"valueName\":\"search_term_string\"}}],\"inLanguage\":\"es\"},{\"@type\":\"Organization\",\"@id\":\"https:\\\/\\\/fuentesfidedignas.com.mx\\\/#organization\",\"name\":\"Fuentes Fidedignas\",\"url\":\"https:\\\/\\\/fuentesfidedignas.com.mx\\\/\",\"logo\":{\"@type\":\"ImageObject\",\"inLanguage\":\"es\",\"@id\":\"https:\\\/\\\/fuentesfidedignas.com.mx\\\/#\\\/schema\\\/logo\\\/image\\\/\",\"url\":\"https:\\\/\\\/fuentesfidedignas.com.mx\\\/wp-content\\\/uploads\\\/2021\\\/04\\\/logo-retina.png\",\"contentUrl\":\"https:\\\/\\\/fuentesfidedignas.com.mx\\\/wp-content\\\/uploads\\\/2021\\\/04\\\/logo-retina.png\",\"width\":280,\"height\":51,\"caption\":\"Fuentes Fidedignas\"},\"image\":{\"@id\":\"https:\\\/\\\/fuentesfidedignas.com.mx\\\/#\\\/schema\\\/logo\\\/image\\\/\"},\"sameAs\":[\"https:\\\/\\\/www.facebook.com\\\/Fuentes-Fidedignas-368234489921644\",\"https:\\\/\\\/x.com\\\/fidedignas\"]},{\"@type\":\"Person\",\"@id\":\"https:\\\/\\\/fuentesfidedignas.com.mx\\\/#\\\/schema\\\/person\\\/331be9283d37198e2acd5750279085b0\",\"name\":\"Redacci\u00f3n\",\"image\":{\"@type\":\"ImageObject\",\"inLanguage\":\"es\",\"@id\":\"https:\\\/\\\/secure.gravatar.com\\\/avatar\\\/f6d8782c11d12b2d4ad3fbb6931aeab5309937a4d6cd2fc9cfaa28a6396a5aec?s=96&d=mm&r=g\",\"url\":\"https:\\\/\\\/secure.gravatar.com\\\/avatar\\\/f6d8782c11d12b2d4ad3fbb6931aeab5309937a4d6cd2fc9cfaa28a6396a5aec?s=96&d=mm&r=g\",\"contentUrl\":\"https:\\\/\\\/secure.gravatar.com\\\/avatar\\\/f6d8782c11d12b2d4ad3fbb6931aeab5309937a4d6cd2fc9cfaa28a6396a5aec?s=96&d=mm&r=g\",\"caption\":\"Redacci\u00f3n\"},\"url\":\"https:\\\/\\\/fuentesfidedignas.com.mx\\\/index.php\\\/author\\\/redaccion\\\/\"}]}<\/script>\n<!-- \/ Yoast SEO plugin. -->","yoast_head_json":{"title":"Congreso de Sinaloa ser\u00e1 sede de Encuentro Nacional Agropecuario - Fuentes Fidedignas","robots":{"index":"index","follow":"follow","max-snippet":"max-snippet:-1","max-image-preview":"max-image-preview:large","max-video-preview":"max-video-preview:-1"},"canonical":"https:\/\/fuentesfidedignas.com.mx\/index.php\/2023\/10\/04\/congreso-de-sinaloa-sera-sede-de-encuentro-nacional-agropecuario\/","og_locale":"es_MX","og_type":"article","og_title":"Congreso de Sinaloa ser\u00e1 sede de Encuentro Nacional Agropecuario - Fuentes Fidedignas","og_description":"Culiac\u00e1n, Sin. Por acuerdo de la Comisi\u00f3n Permanente de Asuntos Agropecuarios, el Congreso del Estado de Sinaloa ser\u00e1 sede de un Encuentro Nacional Agropecuario con el prop\u00f3sito de que el art\u00edculo 27 de la Constituci\u00f3n Pol\u00edtica de los Estados Unidos Mexicanos, recupere los ideales de justicia social en el campo y garantice la soberan\u00eda alimentaria. [&hellip;]","og_url":"https:\/\/fuentesfidedignas.com.mx\/index.php\/2023\/10\/04\/congreso-de-sinaloa-sera-sede-de-encuentro-nacional-agropecuario\/","og_site_name":"Fuentes Fidedignas","article_publisher":"https:\/\/www.facebook.com\/Fuentes-Fidedignas-368234489921644","article_published_time":"2023-10-04T22:20:31+00:00","article_modified_time":"2023-10-04T22:21:22+00:00","og_image":[{"width":1600,"height":1069,"url":"https:\/\/fuentesfidedignas.com.mx\/wp-content\/uploads\/2023\/10\/IMG-20231004-WA0015.jpg","type":"image\/jpeg"}],"author":"Redacci\u00f3n","twitter_card":"summary_large_image","twitter_creator":"@fidedignas","twitter_site":"@fidedignas","twitter_misc":{"Escrito por":"Redacci\u00f3n","Tiempo de lectura":"4 minutos"},"schema":{"@context":"https:\/\/schema.org","@graph":[{"@type":"Article","@id":"https:\/\/fuentesfidedignas.com.mx\/index.php\/2023\/10\/04\/congreso-de-sinaloa-sera-sede-de-encuentro-nacional-agropecuario\/#article","isPartOf":{"@id":"https:\/\/fuentesfidedignas.com.mx\/index.php\/2023\/10\/04\/congreso-de-sinaloa-sera-sede-de-encuentro-nacional-agropecuario\/"},"author":{"name":"Redacci\u00f3n","@id":"https:\/\/fuentesfidedignas.com.mx\/#\/schema\/person\/331be9283d37198e2acd5750279085b0"},"headline":"Congreso de Sinaloa ser\u00e1 sede de Encuentro Nacional Agropecuario","datePublished":"2023-10-04T22:20:31+00:00","dateModified":"2023-10-04T22:21:22+00:00","mainEntityOfPage":{"@id":"https:\/\/fuentesfidedignas.com.mx\/index.php\/2023\/10\/04\/congreso-de-sinaloa-sera-sede-de-encuentro-nacional-agropecuario\/"},"wordCount":852,"commentCount":0,"publisher":{"@id":"https:\/\/fuentesfidedignas.com.mx\/#organization"},"image":{"@id":"https:\/\/fuentesfidedignas.com.mx\/index.php\/2023\/10\/04\/congreso-de-sinaloa-sera-sede-de-encuentro-nacional-agropecuario\/#primaryimage"},"thumbnailUrl":"https:\/\/fuentesfidedignas.com.mx\/wp-content\/uploads\/2023\/10\/IMG-20231004-WA0015.jpg","articleSection":["NOTICIAS LOCALES"],"inLanguage":"es","potentialAction":[{"@type":"CommentAction","name":"Comment","target":["https:\/\/fuentesfidedignas.com.mx\/index.php\/2023\/10\/04\/congreso-de-sinaloa-sera-sede-de-encuentro-nacional-agropecuario\/#respond"]}]},{"@type":"WebPage","@id":"https:\/\/fuentesfidedignas.com.mx\/index.php\/2023\/10\/04\/congreso-de-sinaloa-sera-sede-de-encuentro-nacional-agropecuario\/","url":"https:\/\/fuentesfidedignas.com.mx\/index.php\/2023\/10\/04\/congreso-de-sinaloa-sera-sede-de-encuentro-nacional-agropecuario\/","name":"Congreso de Sinaloa ser\u00e1 sede de Encuentro Nacional Agropecuario - Fuentes Fidedignas","isPartOf":{"@id":"https:\/\/fuentesfidedignas.com.mx\/#website"},"primaryImageOfPage":{"@id":"https:\/\/fuentesfidedignas.com.mx\/index.php\/2023\/10\/04\/congreso-de-sinaloa-sera-sede-de-encuentro-nacional-agropecuario\/#primaryimage"},"image":{"@id":"https:\/\/fuentesfidedignas.com.mx\/index.php\/2023\/10\/04\/congreso-de-sinaloa-sera-sede-de-encuentro-nacional-agropecuario\/#primaryimage"},"thumbnailUrl":"https:\/\/fuentesfidedignas.com.mx\/wp-content\/uploads\/2023\/10\/IMG-20231004-WA0015.jpg","datePublished":"2023-10-04T22:20:31+00:00","dateModified":"2023-10-04T22:21:22+00:00","breadcrumb":{"@id":"https:\/\/fuentesfidedignas.com.mx\/index.php\/2023\/10\/04\/congreso-de-sinaloa-sera-sede-de-encuentro-nacional-agropecuario\/#breadcrumb"},"inLanguage":"es","potentialAction":[{"@type":"ReadAction","target":["https:\/\/fuentesfidedignas.com.mx\/index.php\/2023\/10\/04\/congreso-de-sinaloa-sera-sede-de-encuentro-nacional-agropecuario\/"]}]},{"@type":"ImageObject","inLanguage":"es","@id":"https:\/\/fuentesfidedignas.com.mx\/index.php\/2023\/10\/04\/congreso-de-sinaloa-sera-sede-de-encuentro-nacional-agropecuario\/#primaryimage","url":"https:\/\/fuentesfidedignas.com.mx\/wp-content\/uploads\/2023\/10\/IMG-20231004-WA0015.jpg","contentUrl":"https:\/\/fuentesfidedignas.com.mx\/wp-content\/uploads\/2023\/10\/IMG-20231004-WA0015.jpg","width":1600,"height":1069},{"@type":"BreadcrumbList","@id":"https:\/\/fuentesfidedignas.com.mx\/index.php\/2023\/10\/04\/congreso-de-sinaloa-sera-sede-de-encuentro-nacional-agropecuario\/#breadcrumb","itemListElement":[{"@type":"ListItem","position":1,"name":"Inicio","item":"https:\/\/fuentesfidedignas.com.mx\/"},{"@type":"ListItem","position":2,"name":"Congreso de Sinaloa ser\u00e1 sede de Encuentro Nacional Agropecuario"}]},{"@type":"WebSite","@id":"https:\/\/fuentesfidedignas.com.mx\/#website","url":"https:\/\/fuentesfidedignas.com.mx\/","name":"Fuentes Fidedignas","description":"Otro sitio realizado con WordPress","publisher":{"@id":"https:\/\/fuentesfidedignas.com.mx\/#organization"},"potentialAction":[{"@type":"SearchAction","target":{"@type":"EntryPoint","urlTemplate":"https:\/\/fuentesfidedignas.com.mx\/?s={search_term_string}"},"query-input":{"@type":"PropertyValueSpecification","valueRequired":true,"valueName":"search_term_string"}}],"inLanguage":"es"},{"@type":"Organization","@id":"https:\/\/fuentesfidedignas.com.mx\/#organization","name":"Fuentes Fidedignas","url":"https:\/\/fuentesfidedignas.com.mx\/","logo":{"@type":"ImageObject","inLanguage":"es","@id":"https:\/\/fuentesfidedignas.com.mx\/#\/schema\/logo\/image\/","url":"https:\/\/fuentesfidedignas.com.mx\/wp-content\/uploads\/2021\/04\/logo-retina.png","contentUrl":"https:\/\/fuentesfidedignas.com.mx\/wp-content\/uploads\/2021\/04\/logo-retina.png","width":280,"height":51,"caption":"Fuentes Fidedignas"},"image":{"@id":"https:\/\/fuentesfidedignas.com.mx\/#\/schema\/logo\/image\/"},"sameAs":["https:\/\/www.facebook.com\/Fuentes-Fidedignas-368234489921644","https:\/\/x.com\/fidedignas"]},{"@type":"Person","@id":"https:\/\/fuentesfidedignas.com.mx\/#\/schema\/person\/331be9283d37198e2acd5750279085b0","name":"Redacci\u00f3n","image":{"@type":"ImageObject","inLanguage":"es","@id":"https:\/\/secure.gravatar.com\/avatar\/f6d8782c11d12b2d4ad3fbb6931aeab5309937a4d6cd2fc9cfaa28a6396a5aec?s=96&d=mm&r=g","url":"https:\/\/secure.gravatar.com\/avatar\/f6d8782c11d12b2d4ad3fbb6931aeab5309937a4d6cd2fc9cfaa28a6396a5aec?s=96&d=mm&r=g","contentUrl":"https:\/\/secure.gravatar.com\/avatar\/f6d8782c11d12b2d4ad3fbb6931aeab5309937a4d6cd2fc9cfaa28a6396a5aec?s=96&d=mm&r=g","caption":"Redacci\u00f3n"},"url":"https:\/\/fuentesfidedignas.com.mx\/index.php\/author\/redaccion\/"}]}},"_links":{"self":[{"href":"https:\/\/fuentesfidedignas.com.mx\/index.php\/wp-json\/wp\/v2\/posts\/61337","targetHints":{"allow":["GET"]}}],"collection":[{"href":"https:\/\/fuentesfidedignas.com.mx\/index.php\/wp-json\/wp\/v2\/posts"}],"about":[{"href":"https:\/\/fuentesfidedignas.com.mx\/index.php\/wp-json\/wp\/v2\/types\/post"}],"author":[{"embeddable":true,"href":"https:\/\/fuentesfidedignas.com.mx\/index.php\/wp-json\/wp\/v2\/users\/4"}],"replies":[{"embeddable":true,"href":"https:\/\/fuentesfidedignas.com.mx\/index.php\/wp-json\/wp\/v2\/comments?post=61337"}],"version-history":[{"count":1,"href":"https:\/\/fuentesfidedignas.com.mx\/index.php\/wp-json\/wp\/v2\/posts\/61337\/revisions"}],"predecessor-version":[{"id":61338,"href":"https:\/\/fuentesfidedignas.com.mx\/index.php\/wp-json\/wp\/v2\/posts\/61337\/revisions\/61338"}],"wp:featuredmedia":[{"embeddable":true,"href":"https:\/\/fuentesfidedignas.com.mx\/index.php\/wp-json\/wp\/v2\/media\/61339"}],"wp:attachment":[{"href":"https:\/\/fuentesfidedignas.com.mx\/index.php\/wp-json\/wp\/v2\/media?parent=61337"}],"wp:term":[{"taxonomy":"category","embeddable":true,"href":"https:\/\/fuentesfidedignas.com.mx\/index.php\/wp-json\/wp\/v2\/categories?post=61337"},{"taxonomy":"post_tag","embeddable":true,"href":"https:\/\/fuentesfidedignas.com.mx\/index.php\/wp-json\/wp\/v2\/tags?post=61337"}],"curies":[{"name":"wp","href":"https:\/\/api.w.org\/{rel}","templated":true}]}}