{"id":61292,"date":"2023-10-04T10:18:30","date_gmt":"2023-10-04T17:18:30","guid":{"rendered":"https:\/\/fuentesfidedignas.com.mx\/?p=61292"},"modified":"2023-10-04T10:22:41","modified_gmt":"2023-10-04T17:22:41","slug":"uas-no-hay-cabida-para-la-corrupcion-por-eso-el-respaldo-n-hacia-su-rector-cuen","status":"publish","type":"post","link":"https:\/\/fuentesfidedignas.com.mx\/index.php\/2023\/10\/04\/uas-no-hay-cabida-para-la-corrupcion-por-eso-el-respaldo-n-hacia-su-rector-cuen\/","title":{"rendered":"En la UAS no hay cabida para la corrupci\u00f3n, por eso el respaldo hacia su Rector: Cu\u00e9n"},"content":{"rendered":"\n<p><strong><em>El gobernador Rub\u00e9n Rocha Moya, debe de recordar que fue \u00e9l, quien solicit\u00f3 los cr\u00e9ditos fiscales y firm\u00f3 un convenio con el SUNTUAS en 1995 cuando fue rector<\/em><\/strong><\/p>\n\n\n\n<p>Culiac\u00e1n, Sin.- Como una canallada calific\u00f3 el Dirigente Estatal del Partido Sinaloense (PAS), MC. H\u00e9ctor Melesio Cu\u00e9n Ojeda, la obstinaci\u00f3n por parte del Gobernador del Estado, Rub\u00e9n Rocha Moya, de querer destituir al Rector de la Universidad Aut\u00f3noma de Sinaloa (UAS), Dr. Jes\u00fas Madue\u00f1a Molina, lo cual en una clara intensi\u00f3n de acomodar a gente que solo sirva a esta administraci\u00f3n, sin embargo, recalc\u00f3 que dentro de la Universidad no hay cabida para la corrupci\u00f3n, ya que son miles los universitarios que est\u00e1n dispuestos a defender la Autonom\u00eda de la m\u00e1xima casa de estudios.<\/p>\n\n\n\n<p><em>\u201cUna vez m\u00e1s hacer un reclamo a los canallas del Gobierno del Estado, que quieren hacer lo mismo que en el Ayuntamiento de Culiac\u00e1n, que en este caso quieren quitar al rector y poner a un ahijado, y esto no se puede, \u00a1claro que no se puede!, por m\u00e1s concentraci\u00f3n de poder que haya, aunque no exista ni la m\u00e1s m\u00ednima pista de lo que es la separaci\u00f3n de poderes\u201d,<\/em> se\u00f1al\u00f3 el dirigente.<\/p>\n\n\n\n<p>Cu\u00e9n Ojeda record\u00f3, que cuando inicio la administraci\u00f3n del actual gobernador, aparecieron en diferentes puntos del estado una especie de mantas, donde se cuestionaba la cantidad de 4 mil 500 millones de pesos, en cr\u00e9ditos fiscales que a lo largo de varios a\u00f1os se fueron generando<\/p>\n\n\n\n<p><em>\u201cA m\u00ed me llam\u00f3 la atenci\u00f3n, 4 mil 500 millones de pesos, y me pregunt\u00e9\u00bfDe d\u00f3nde sale esto?, entonces me di cuenta que eran cr\u00e9ditos fiscales que se hab\u00edan generado, como consecuencia de que en mucho tiempo, el personal administrativo no pago los impuestos\u201d,<\/em> extern\u00f3.<\/p>\n\n\n\n<p>En este sentido dijo, que fue por ello, que Rub\u00e9n Rocha culp\u00f3 a los universitarios de haber saqueado la m\u00e1xima casa de estudios, <em>\u201cYo recuerdo que todav\u00eda ten\u00eda un di\u00e1logo , y expliqu\u00e9 al gobernador que esto nunca existi\u00f3, esta cifra es virtual ese recurso econ\u00f3mico que tiene que pagar la universidad, es consecuencia de que lleg\u00f3 el SAT y gener\u00f3 estos pasivos, que son cr\u00e9ditos fiscales\u201d,<\/em> explic\u00f3 el l\u00edder pasista.<\/p>\n\n\n\n<p>As\u00ed mismo, Cu\u00e9n Ojeda record\u00f3 que para detallar el origen de los convenios de cr\u00e9ditos fiscales y de esta deuda, en 1995 se firm\u00f3 un convenio con el Sindicato de la Universidad Aut\u00f3noma de Sinaloa (SUNTUAS), cuando el actual gobernador Rub\u00e9n Rocha Moya era Rector de la universidad.<\/p>\n\n\n\n<p><em>\u201cD\u00e1ndole seguimiento a esto, se dec\u00eda de los cr\u00e9ditos fiscales que se originaron, fue porque a alguien se le ocurri\u00f3 firmar un convenio con el Sindicato en 1995, y ahora est\u00e1 pagando la universidad estos cr\u00e9ditos fiscales, pero ese alguien es el actual gobernador, cuando fue Rector, y ahora culpa a los universitarios que se robaron ese dinero\u201d,<\/em> lament\u00f3.<\/p>\n\n\n\n<p>Por lo que insisti\u00f3, que estas acusaciones se pueden sostener precisamente porque en la actual administraci\u00f3n, no existe separaci\u00f3n de poderes, el gobernador tiene maniatados los tres poderes del estado.<\/p>\n","protected":false},"excerpt":{"rendered":"<p>El gobernador Rub\u00e9n Rocha Moya, debe de recordar que fue \u00e9l, quien solicit\u00f3 los cr\u00e9ditos fiscales y firm\u00f3 un convenio con el SUNTUAS en 1995 cuando fue rector Culiac\u00e1n, Sin.- Como una canallada calific\u00f3 el Dirigente Estatal del Partido Sinaloense (PAS), MC. H\u00e9ctor Melesio Cu\u00e9n Ojeda, la obstinaci\u00f3n por parte del Gobernador del Estado, Rub\u00e9n [&hellip;]<\/p>\n","protected":false},"author":4,"featured_media":61294,"comment_status":"open","ping_status":"open","sticky":false,"template":"","format":"standard","meta":{"tdm_status":"","tdm_grid_status":"","footnotes":""},"categories":[37,1],"tags":[],"class_list":{"0":"post-61292","1":"post","2":"type-post","3":"status-publish","4":"format-standard","5":"has-post-thumbnail","7":"category-nota-principal","8":"category-sin-categoria"},"yoast_head":"<!-- This site is optimized with the Yoast SEO plugin v27.5 - https:\/\/yoast.com\/product\/yoast-seo-wordpress\/ -->\n<title>En la UAS no hay cabida para la corrupci\u00f3n, por eso el respaldo hacia su Rector: Cu\u00e9n - Fuentes Fidedignas<\/title>\n<meta name=\"robots\" content=\"index, follow, max-snippet:-1, max-image-preview:large, max-video-preview:-1\" \/>\n<link rel=\"canonical\" href=\"https:\/\/fuentesfidedignas.com.mx\/index.php\/2023\/10\/04\/uas-no-hay-cabida-para-la-corrupcion-por-eso-el-respaldo-n-hacia-su-rector-cuen\/\" \/>\n<meta property=\"og:locale\" content=\"es_MX\" \/>\n<meta property=\"og:type\" content=\"article\" \/>\n<meta property=\"og:title\" content=\"En la UAS no hay cabida para la corrupci\u00f3n, por eso el respaldo hacia su Rector: Cu\u00e9n - Fuentes Fidedignas\" \/>\n<meta property=\"og:description\" content=\"El gobernador Rub\u00e9n Rocha Moya, debe de recordar que fue \u00e9l, quien solicit\u00f3 los cr\u00e9ditos fiscales y firm\u00f3 un convenio con el SUNTUAS en 1995 cuando fue rector Culiac\u00e1n, Sin.- Como una canallada calific\u00f3 el Dirigente Estatal del Partido Sinaloense (PAS), MC. H\u00e9ctor Melesio Cu\u00e9n Ojeda, la obstinaci\u00f3n por parte del Gobernador del Estado, Rub\u00e9n [&hellip;]\" \/>\n<meta property=\"og:url\" content=\"https:\/\/fuentesfidedignas.com.mx\/index.php\/2023\/10\/04\/uas-no-hay-cabida-para-la-corrupcion-por-eso-el-respaldo-n-hacia-su-rector-cuen\/\" \/>\n<meta property=\"og:site_name\" content=\"Fuentes Fidedignas\" \/>\n<meta property=\"article:publisher\" content=\"https:\/\/www.facebook.com\/Fuentes-Fidedignas-368234489921644\" \/>\n<meta property=\"article:published_time\" content=\"2023-10-04T17:18:30+00:00\" \/>\n<meta property=\"article:modified_time\" content=\"2023-10-04T17:22:41+00:00\" \/>\n<meta property=\"og:image\" content=\"https:\/\/fuentesfidedignas.com.mx\/wp-content\/uploads\/2023\/10\/IMG-20231004-WA0006.jpg\" \/>\n\t<meta property=\"og:image:width\" content=\"1600\" \/>\n\t<meta property=\"og:image:height\" content=\"1066\" \/>\n\t<meta property=\"og:image:type\" content=\"image\/jpeg\" \/>\n<meta name=\"author\" content=\"Redacci\u00f3n\" \/>\n<meta name=\"twitter:card\" content=\"summary_large_image\" \/>\n<meta name=\"twitter:creator\" content=\"@fidedignas\" \/>\n<meta name=\"twitter:site\" content=\"@fidedignas\" \/>\n<meta name=\"twitter:label1\" content=\"Escrito por\" \/>\n\t<meta name=\"twitter:data1\" content=\"Redacci\u00f3n\" \/>\n\t<meta name=\"twitter:label2\" content=\"Tiempo de lectura\" \/>\n\t<meta name=\"twitter:data2\" content=\"3 minutos\" \/>\n<script type=\"application\/ld+json\" class=\"yoast-schema-graph\">{\"@context\":\"https:\\\/\\\/schema.org\",\"@graph\":[{\"@type\":\"Article\",\"@id\":\"https:\\\/\\\/fuentesfidedignas.com.mx\\\/index.php\\\/2023\\\/10\\\/04\\\/uas-no-hay-cabida-para-la-corrupcion-por-eso-el-respaldo-n-hacia-su-rector-cuen\\\/#article\",\"isPartOf\":{\"@id\":\"https:\\\/\\\/fuentesfidedignas.com.mx\\\/index.php\\\/2023\\\/10\\\/04\\\/uas-no-hay-cabida-para-la-corrupcion-por-eso-el-respaldo-n-hacia-su-rector-cuen\\\/\"},\"author\":{\"name\":\"Redacci\u00f3n\",\"@id\":\"https:\\\/\\\/fuentesfidedignas.com.mx\\\/#\\\/schema\\\/person\\\/331be9283d37198e2acd5750279085b0\"},\"headline\":\"En la UAS no hay cabida para la corrupci\u00f3n, por eso el respaldo hacia su Rector: Cu\u00e9n\",\"datePublished\":\"2023-10-04T17:18:30+00:00\",\"dateModified\":\"2023-10-04T17:22:41+00:00\",\"mainEntityOfPage\":{\"@id\":\"https:\\\/\\\/fuentesfidedignas.com.mx\\\/index.php\\\/2023\\\/10\\\/04\\\/uas-no-hay-cabida-para-la-corrupcion-por-eso-el-respaldo-n-hacia-su-rector-cuen\\\/\"},\"wordCount\":557,\"commentCount\":0,\"publisher\":{\"@id\":\"https:\\\/\\\/fuentesfidedignas.com.mx\\\/#organization\"},\"image\":{\"@id\":\"https:\\\/\\\/fuentesfidedignas.com.mx\\\/index.php\\\/2023\\\/10\\\/04\\\/uas-no-hay-cabida-para-la-corrupcion-por-eso-el-respaldo-n-hacia-su-rector-cuen\\\/#primaryimage\"},\"thumbnailUrl\":\"https:\\\/\\\/fuentesfidedignas.com.mx\\\/wp-content\\\/uploads\\\/2023\\\/10\\\/IMG-20231004-WA0006.jpg\",\"articleSection\":[\"NOTA PRINCIPAL\"],\"inLanguage\":\"es\",\"potentialAction\":[{\"@type\":\"CommentAction\",\"name\":\"Comment\",\"target\":[\"https:\\\/\\\/fuentesfidedignas.com.mx\\\/index.php\\\/2023\\\/10\\\/04\\\/uas-no-hay-cabida-para-la-corrupcion-por-eso-el-respaldo-n-hacia-su-rector-cuen\\\/#respond\"]}]},{\"@type\":\"WebPage\",\"@id\":\"https:\\\/\\\/fuentesfidedignas.com.mx\\\/index.php\\\/2023\\\/10\\\/04\\\/uas-no-hay-cabida-para-la-corrupcion-por-eso-el-respaldo-n-hacia-su-rector-cuen\\\/\",\"url\":\"https:\\\/\\\/fuentesfidedignas.com.mx\\\/index.php\\\/2023\\\/10\\\/04\\\/uas-no-hay-cabida-para-la-corrupcion-por-eso-el-respaldo-n-hacia-su-rector-cuen\\\/\",\"name\":\"En la UAS no hay cabida para la corrupci\u00f3n, por eso el respaldo hacia su Rector: Cu\u00e9n - Fuentes Fidedignas\",\"isPartOf\":{\"@id\":\"https:\\\/\\\/fuentesfidedignas.com.mx\\\/#website\"},\"primaryImageOfPage\":{\"@id\":\"https:\\\/\\\/fuentesfidedignas.com.mx\\\/index.php\\\/2023\\\/10\\\/04\\\/uas-no-hay-cabida-para-la-corrupcion-por-eso-el-respaldo-n-hacia-su-rector-cuen\\\/#primaryimage\"},\"image\":{\"@id\":\"https:\\\/\\\/fuentesfidedignas.com.mx\\\/index.php\\\/2023\\\/10\\\/04\\\/uas-no-hay-cabida-para-la-corrupcion-por-eso-el-respaldo-n-hacia-su-rector-cuen\\\/#primaryimage\"},\"thumbnailUrl\":\"https:\\\/\\\/fuentesfidedignas.com.mx\\\/wp-content\\\/uploads\\\/2023\\\/10\\\/IMG-20231004-WA0006.jpg\",\"datePublished\":\"2023-10-04T17:18:30+00:00\",\"dateModified\":\"2023-10-04T17:22:41+00:00\",\"breadcrumb\":{\"@id\":\"https:\\\/\\\/fuentesfidedignas.com.mx\\\/index.php\\\/2023\\\/10\\\/04\\\/uas-no-hay-cabida-para-la-corrupcion-por-eso-el-respaldo-n-hacia-su-rector-cuen\\\/#breadcrumb\"},\"inLanguage\":\"es\",\"potentialAction\":[{\"@type\":\"ReadAction\",\"target\":[\"https:\\\/\\\/fuentesfidedignas.com.mx\\\/index.php\\\/2023\\\/10\\\/04\\\/uas-no-hay-cabida-para-la-corrupcion-por-eso-el-respaldo-n-hacia-su-rector-cuen\\\/\"]}]},{\"@type\":\"ImageObject\",\"inLanguage\":\"es\",\"@id\":\"https:\\\/\\\/fuentesfidedignas.com.mx\\\/index.php\\\/2023\\\/10\\\/04\\\/uas-no-hay-cabida-para-la-corrupcion-por-eso-el-respaldo-n-hacia-su-rector-cuen\\\/#primaryimage\",\"url\":\"https:\\\/\\\/fuentesfidedignas.com.mx\\\/wp-content\\\/uploads\\\/2023\\\/10\\\/IMG-20231004-WA0006.jpg\",\"contentUrl\":\"https:\\\/\\\/fuentesfidedignas.com.mx\\\/wp-content\\\/uploads\\\/2023\\\/10\\\/IMG-20231004-WA0006.jpg\",\"width\":1600,\"height\":1066},{\"@type\":\"BreadcrumbList\",\"@id\":\"https:\\\/\\\/fuentesfidedignas.com.mx\\\/index.php\\\/2023\\\/10\\\/04\\\/uas-no-hay-cabida-para-la-corrupcion-por-eso-el-respaldo-n-hacia-su-rector-cuen\\\/#breadcrumb\",\"itemListElement\":[{\"@type\":\"ListItem\",\"position\":1,\"name\":\"Inicio\",\"item\":\"https:\\\/\\\/fuentesfidedignas.com.mx\\\/\"},{\"@type\":\"ListItem\",\"position\":2,\"name\":\"En la UAS no hay cabida para la corrupci\u00f3n, por eso el respaldo hacia su Rector: Cu\u00e9n\"}]},{\"@type\":\"WebSite\",\"@id\":\"https:\\\/\\\/fuentesfidedignas.com.mx\\\/#website\",\"url\":\"https:\\\/\\\/fuentesfidedignas.com.mx\\\/\",\"name\":\"Fuentes Fidedignas\",\"description\":\"Otro sitio realizado con WordPress\",\"publisher\":{\"@id\":\"https:\\\/\\\/fuentesfidedignas.com.mx\\\/#organization\"},\"potentialAction\":[{\"@type\":\"SearchAction\",\"target\":{\"@type\":\"EntryPoint\",\"urlTemplate\":\"https:\\\/\\\/fuentesfidedignas.com.mx\\\/?s={search_term_string}\"},\"query-input\":{\"@type\":\"PropertyValueSpecification\",\"valueRequired\":true,\"valueName\":\"search_term_string\"}}],\"inLanguage\":\"es\"},{\"@type\":\"Organization\",\"@id\":\"https:\\\/\\\/fuentesfidedignas.com.mx\\\/#organization\",\"name\":\"Fuentes Fidedignas\",\"url\":\"https:\\\/\\\/fuentesfidedignas.com.mx\\\/\",\"logo\":{\"@type\":\"ImageObject\",\"inLanguage\":\"es\",\"@id\":\"https:\\\/\\\/fuentesfidedignas.com.mx\\\/#\\\/schema\\\/logo\\\/image\\\/\",\"url\":\"https:\\\/\\\/fuentesfidedignas.com.mx\\\/wp-content\\\/uploads\\\/2021\\\/04\\\/logo-retina.png\",\"contentUrl\":\"https:\\\/\\\/fuentesfidedignas.com.mx\\\/wp-content\\\/uploads\\\/2021\\\/04\\\/logo-retina.png\",\"width\":280,\"height\":51,\"caption\":\"Fuentes Fidedignas\"},\"image\":{\"@id\":\"https:\\\/\\\/fuentesfidedignas.com.mx\\\/#\\\/schema\\\/logo\\\/image\\\/\"},\"sameAs\":[\"https:\\\/\\\/www.facebook.com\\\/Fuentes-Fidedignas-368234489921644\",\"https:\\\/\\\/x.com\\\/fidedignas\"]},{\"@type\":\"Person\",\"@id\":\"https:\\\/\\\/fuentesfidedignas.com.mx\\\/#\\\/schema\\\/person\\\/331be9283d37198e2acd5750279085b0\",\"name\":\"Redacci\u00f3n\",\"image\":{\"@type\":\"ImageObject\",\"inLanguage\":\"es\",\"@id\":\"https:\\\/\\\/secure.gravatar.com\\\/avatar\\\/f6d8782c11d12b2d4ad3fbb6931aeab5309937a4d6cd2fc9cfaa28a6396a5aec?s=96&d=mm&r=g\",\"url\":\"https:\\\/\\\/secure.gravatar.com\\\/avatar\\\/f6d8782c11d12b2d4ad3fbb6931aeab5309937a4d6cd2fc9cfaa28a6396a5aec?s=96&d=mm&r=g\",\"contentUrl\":\"https:\\\/\\\/secure.gravatar.com\\\/avatar\\\/f6d8782c11d12b2d4ad3fbb6931aeab5309937a4d6cd2fc9cfaa28a6396a5aec?s=96&d=mm&r=g\",\"caption\":\"Redacci\u00f3n\"},\"url\":\"https:\\\/\\\/fuentesfidedignas.com.mx\\\/index.php\\\/author\\\/redaccion\\\/\"}]}<\/script>\n<!-- \/ Yoast SEO plugin. -->","yoast_head_json":{"title":"En la UAS no hay cabida para la corrupci\u00f3n, por eso el respaldo hacia su Rector: Cu\u00e9n - Fuentes Fidedignas","robots":{"index":"index","follow":"follow","max-snippet":"max-snippet:-1","max-image-preview":"max-image-preview:large","max-video-preview":"max-video-preview:-1"},"canonical":"https:\/\/fuentesfidedignas.com.mx\/index.php\/2023\/10\/04\/uas-no-hay-cabida-para-la-corrupcion-por-eso-el-respaldo-n-hacia-su-rector-cuen\/","og_locale":"es_MX","og_type":"article","og_title":"En la UAS no hay cabida para la corrupci\u00f3n, por eso el respaldo hacia su Rector: Cu\u00e9n - Fuentes Fidedignas","og_description":"El gobernador Rub\u00e9n Rocha Moya, debe de recordar que fue \u00e9l, quien solicit\u00f3 los cr\u00e9ditos fiscales y firm\u00f3 un convenio con el SUNTUAS en 1995 cuando fue rector Culiac\u00e1n, Sin.- Como una canallada calific\u00f3 el Dirigente Estatal del Partido Sinaloense (PAS), MC. H\u00e9ctor Melesio Cu\u00e9n Ojeda, la obstinaci\u00f3n por parte del Gobernador del Estado, Rub\u00e9n [&hellip;]","og_url":"https:\/\/fuentesfidedignas.com.mx\/index.php\/2023\/10\/04\/uas-no-hay-cabida-para-la-corrupcion-por-eso-el-respaldo-n-hacia-su-rector-cuen\/","og_site_name":"Fuentes Fidedignas","article_publisher":"https:\/\/www.facebook.com\/Fuentes-Fidedignas-368234489921644","article_published_time":"2023-10-04T17:18:30+00:00","article_modified_time":"2023-10-04T17:22:41+00:00","og_image":[{"width":1600,"height":1066,"url":"https:\/\/fuentesfidedignas.com.mx\/wp-content\/uploads\/2023\/10\/IMG-20231004-WA0006.jpg","type":"image\/jpeg"}],"author":"Redacci\u00f3n","twitter_card":"summary_large_image","twitter_creator":"@fidedignas","twitter_site":"@fidedignas","twitter_misc":{"Escrito por":"Redacci\u00f3n","Tiempo de lectura":"3 minutos"},"schema":{"@context":"https:\/\/schema.org","@graph":[{"@type":"Article","@id":"https:\/\/fuentesfidedignas.com.mx\/index.php\/2023\/10\/04\/uas-no-hay-cabida-para-la-corrupcion-por-eso-el-respaldo-n-hacia-su-rector-cuen\/#article","isPartOf":{"@id":"https:\/\/fuentesfidedignas.com.mx\/index.php\/2023\/10\/04\/uas-no-hay-cabida-para-la-corrupcion-por-eso-el-respaldo-n-hacia-su-rector-cuen\/"},"author":{"name":"Redacci\u00f3n","@id":"https:\/\/fuentesfidedignas.com.mx\/#\/schema\/person\/331be9283d37198e2acd5750279085b0"},"headline":"En la UAS no hay cabida para la corrupci\u00f3n, por eso el respaldo hacia su Rector: Cu\u00e9n","datePublished":"2023-10-04T17:18:30+00:00","dateModified":"2023-10-04T17:22:41+00:00","mainEntityOfPage":{"@id":"https:\/\/fuentesfidedignas.com.mx\/index.php\/2023\/10\/04\/uas-no-hay-cabida-para-la-corrupcion-por-eso-el-respaldo-n-hacia-su-rector-cuen\/"},"wordCount":557,"commentCount":0,"publisher":{"@id":"https:\/\/fuentesfidedignas.com.mx\/#organization"},"image":{"@id":"https:\/\/fuentesfidedignas.com.mx\/index.php\/2023\/10\/04\/uas-no-hay-cabida-para-la-corrupcion-por-eso-el-respaldo-n-hacia-su-rector-cuen\/#primaryimage"},"thumbnailUrl":"https:\/\/fuentesfidedignas.com.mx\/wp-content\/uploads\/2023\/10\/IMG-20231004-WA0006.jpg","articleSection":["NOTA PRINCIPAL"],"inLanguage":"es","potentialAction":[{"@type":"CommentAction","name":"Comment","target":["https:\/\/fuentesfidedignas.com.mx\/index.php\/2023\/10\/04\/uas-no-hay-cabida-para-la-corrupcion-por-eso-el-respaldo-n-hacia-su-rector-cuen\/#respond"]}]},{"@type":"WebPage","@id":"https:\/\/fuentesfidedignas.com.mx\/index.php\/2023\/10\/04\/uas-no-hay-cabida-para-la-corrupcion-por-eso-el-respaldo-n-hacia-su-rector-cuen\/","url":"https:\/\/fuentesfidedignas.com.mx\/index.php\/2023\/10\/04\/uas-no-hay-cabida-para-la-corrupcion-por-eso-el-respaldo-n-hacia-su-rector-cuen\/","name":"En la UAS no hay cabida para la corrupci\u00f3n, por eso el respaldo hacia su Rector: Cu\u00e9n - Fuentes Fidedignas","isPartOf":{"@id":"https:\/\/fuentesfidedignas.com.mx\/#website"},"primaryImageOfPage":{"@id":"https:\/\/fuentesfidedignas.com.mx\/index.php\/2023\/10\/04\/uas-no-hay-cabida-para-la-corrupcion-por-eso-el-respaldo-n-hacia-su-rector-cuen\/#primaryimage"},"image":{"@id":"https:\/\/fuentesfidedignas.com.mx\/index.php\/2023\/10\/04\/uas-no-hay-cabida-para-la-corrupcion-por-eso-el-respaldo-n-hacia-su-rector-cuen\/#primaryimage"},"thumbnailUrl":"https:\/\/fuentesfidedignas.com.mx\/wp-content\/uploads\/2023\/10\/IMG-20231004-WA0006.jpg","datePublished":"2023-10-04T17:18:30+00:00","dateModified":"2023-10-04T17:22:41+00:00","breadcrumb":{"@id":"https:\/\/fuentesfidedignas.com.mx\/index.php\/2023\/10\/04\/uas-no-hay-cabida-para-la-corrupcion-por-eso-el-respaldo-n-hacia-su-rector-cuen\/#breadcrumb"},"inLanguage":"es","potentialAction":[{"@type":"ReadAction","target":["https:\/\/fuentesfidedignas.com.mx\/index.php\/2023\/10\/04\/uas-no-hay-cabida-para-la-corrupcion-por-eso-el-respaldo-n-hacia-su-rector-cuen\/"]}]},{"@type":"ImageObject","inLanguage":"es","@id":"https:\/\/fuentesfidedignas.com.mx\/index.php\/2023\/10\/04\/uas-no-hay-cabida-para-la-corrupcion-por-eso-el-respaldo-n-hacia-su-rector-cuen\/#primaryimage","url":"https:\/\/fuentesfidedignas.com.mx\/wp-content\/uploads\/2023\/10\/IMG-20231004-WA0006.jpg","contentUrl":"https:\/\/fuentesfidedignas.com.mx\/wp-content\/uploads\/2023\/10\/IMG-20231004-WA0006.jpg","width":1600,"height":1066},{"@type":"BreadcrumbList","@id":"https:\/\/fuentesfidedignas.com.mx\/index.php\/2023\/10\/04\/uas-no-hay-cabida-para-la-corrupcion-por-eso-el-respaldo-n-hacia-su-rector-cuen\/#breadcrumb","itemListElement":[{"@type":"ListItem","position":1,"name":"Inicio","item":"https:\/\/fuentesfidedignas.com.mx\/"},{"@type":"ListItem","position":2,"name":"En la UAS no hay cabida para la corrupci\u00f3n, por eso el respaldo hacia su Rector: Cu\u00e9n"}]},{"@type":"WebSite","@id":"https:\/\/fuentesfidedignas.com.mx\/#website","url":"https:\/\/fuentesfidedignas.com.mx\/","name":"Fuentes Fidedignas","description":"Otro sitio realizado con WordPress","publisher":{"@id":"https:\/\/fuentesfidedignas.com.mx\/#organization"},"potentialAction":[{"@type":"SearchAction","target":{"@type":"EntryPoint","urlTemplate":"https:\/\/fuentesfidedignas.com.mx\/?s={search_term_string}"},"query-input":{"@type":"PropertyValueSpecification","valueRequired":true,"valueName":"search_term_string"}}],"inLanguage":"es"},{"@type":"Organization","@id":"https:\/\/fuentesfidedignas.com.mx\/#organization","name":"Fuentes Fidedignas","url":"https:\/\/fuentesfidedignas.com.mx\/","logo":{"@type":"ImageObject","inLanguage":"es","@id":"https:\/\/fuentesfidedignas.com.mx\/#\/schema\/logo\/image\/","url":"https:\/\/fuentesfidedignas.com.mx\/wp-content\/uploads\/2021\/04\/logo-retina.png","contentUrl":"https:\/\/fuentesfidedignas.com.mx\/wp-content\/uploads\/2021\/04\/logo-retina.png","width":280,"height":51,"caption":"Fuentes Fidedignas"},"image":{"@id":"https:\/\/fuentesfidedignas.com.mx\/#\/schema\/logo\/image\/"},"sameAs":["https:\/\/www.facebook.com\/Fuentes-Fidedignas-368234489921644","https:\/\/x.com\/fidedignas"]},{"@type":"Person","@id":"https:\/\/fuentesfidedignas.com.mx\/#\/schema\/person\/331be9283d37198e2acd5750279085b0","name":"Redacci\u00f3n","image":{"@type":"ImageObject","inLanguage":"es","@id":"https:\/\/secure.gravatar.com\/avatar\/f6d8782c11d12b2d4ad3fbb6931aeab5309937a4d6cd2fc9cfaa28a6396a5aec?s=96&d=mm&r=g","url":"https:\/\/secure.gravatar.com\/avatar\/f6d8782c11d12b2d4ad3fbb6931aeab5309937a4d6cd2fc9cfaa28a6396a5aec?s=96&d=mm&r=g","contentUrl":"https:\/\/secure.gravatar.com\/avatar\/f6d8782c11d12b2d4ad3fbb6931aeab5309937a4d6cd2fc9cfaa28a6396a5aec?s=96&d=mm&r=g","caption":"Redacci\u00f3n"},"url":"https:\/\/fuentesfidedignas.com.mx\/index.php\/author\/redaccion\/"}]}},"_links":{"self":[{"href":"https:\/\/fuentesfidedignas.com.mx\/index.php\/wp-json\/wp\/v2\/posts\/61292","targetHints":{"allow":["GET"]}}],"collection":[{"href":"https:\/\/fuentesfidedignas.com.mx\/index.php\/wp-json\/wp\/v2\/posts"}],"about":[{"href":"https:\/\/fuentesfidedignas.com.mx\/index.php\/wp-json\/wp\/v2\/types\/post"}],"author":[{"embeddable":true,"href":"https:\/\/fuentesfidedignas.com.mx\/index.php\/wp-json\/wp\/v2\/users\/4"}],"replies":[{"embeddable":true,"href":"https:\/\/fuentesfidedignas.com.mx\/index.php\/wp-json\/wp\/v2\/comments?post=61292"}],"version-history":[{"count":2,"href":"https:\/\/fuentesfidedignas.com.mx\/index.php\/wp-json\/wp\/v2\/posts\/61292\/revisions"}],"predecessor-version":[{"id":61295,"href":"https:\/\/fuentesfidedignas.com.mx\/index.php\/wp-json\/wp\/v2\/posts\/61292\/revisions\/61295"}],"wp:featuredmedia":[{"embeddable":true,"href":"https:\/\/fuentesfidedignas.com.mx\/index.php\/wp-json\/wp\/v2\/media\/61294"}],"wp:attachment":[{"href":"https:\/\/fuentesfidedignas.com.mx\/index.php\/wp-json\/wp\/v2\/media?parent=61292"}],"wp:term":[{"taxonomy":"category","embeddable":true,"href":"https:\/\/fuentesfidedignas.com.mx\/index.php\/wp-json\/wp\/v2\/categories?post=61292"},{"taxonomy":"post_tag","embeddable":true,"href":"https:\/\/fuentesfidedignas.com.mx\/index.php\/wp-json\/wp\/v2\/tags?post=61292"}],"curies":[{"name":"wp","href":"https:\/\/api.w.org\/{rel}","templated":true}]}}