{"id":6119,"date":"2021-06-28T11:15:19","date_gmt":"2021-06-28T18:15:19","guid":{"rendered":"https:\/\/fuentesfidedignas.com.mx\/?p=6119"},"modified":"2021-06-28T11:15:21","modified_gmt":"2021-06-28T18:15:21","slug":"rocha-y-quirino-se-coordinan-para-concretar-proyectos-y-programas-con-la-federacion","status":"publish","type":"post","link":"https:\/\/fuentesfidedignas.com.mx\/index.php\/2021\/06\/28\/rocha-y-quirino-se-coordinan-para-concretar-proyectos-y-programas-con-la-federacion\/","title":{"rendered":"Rocha y Quirino se coordinan para concretar proyectos y programas con la federaci\u00f3n"},"content":{"rendered":"\n<p> <strong><em>El gobernador electo dijo que hay entendimiento con la administraci\u00f3n local y disposici\u00f3n del presidente L\u00f3pez Obrador para llevar a cabo obras como el puente de la Huites<\/em><\/strong><\/p>\n\n\n\n<p>Culiac\u00e1n, Sin. \u2013 El gobernador electo de Sinaloa, Rub\u00e9n Rocha Moya, dio a conocer que a la par con el proceso de entrega y recepci\u00f3n que esta por iniciar con el Gobierno en funciones que encabeza el titular el Poder Ejecutivo local Quirino Ordaz Coppel, se coordinar\u00e1n con algunos de los titulares de las Secretarias federales y estatales para concretar proyectos y programas que beneficien a las familias sinaloenses m\u00e1s vulnerables.<\/p>\n\n\n\n<p>Rocha Moya coment\u00f3 que recientemente se reuni\u00f3 con el presidente Andr\u00e9s Manuel L\u00f3pez Obrador en Palacio Nacional, donde le plante\u00f3 la necesidad de llevar a cabo proyectos como el puente de la presa Huites, que est\u00e1 en el troncal Topolobampo-Ojinaga, obra que impulsar\u00e1 el desarrollo econ\u00f3mico de la zona norte del estado, principalmente de la sierra.<\/p>\n\n\n\n<p>\u201cDurante estos meses de transici\u00f3n hemos conversado con el gobernador Quirino Ordaz porque hay asuntos que tenemos que canalizar juntos como es el caso del puente de la presa Huites, es algo que ya estaba caminando, pero lo vamos hacer juntos porque hubo algunas modificaciones del proyecto, particularmente del puente\u201d, puntualiz\u00f3.<\/p>\n\n\n\n<p>Rub\u00e9n Rocha destac\u00f3 que ha habido entendimiento con las distintas Secretarias locales en el proceso de entrega y recepci\u00f3n del Gobierno, lo cual permitir\u00e1 \u201ceslabonar\u201d asuntos administrativos con los funcionarios federales y estatales a fin de iniciar la transformaci\u00f3n de Sinaloa a partir del 01 de noviembre.<\/p>\n\n\n\n<p>Por otra parte, el pr\u00f3ximo gobernador constitucional de Sinaloa reiter\u00f3 que a\u00fan no hay nombres definidos de las mujeres y hombres que lo acompa\u00f1ar\u00e1n en el gabinete durante su administraci\u00f3n, agradeci\u00f3 a la opini\u00f3n p\u00fablica la menci\u00f3n de algunos personajes porque le permite reflexionar y valorar, sin embargo, \u201cno hay piezas definidas, lo que todos queremos es que el nuevo Gobierno sirva de la mejor manera a Sinaloa\u201d.<\/p>\n","protected":false},"excerpt":{"rendered":"<p>El gobernador electo dijo que hay entendimiento con la administraci\u00f3n local y disposici\u00f3n del presidente L\u00f3pez Obrador para llevar a cabo obras como el puente de la Huites Culiac\u00e1n, Sin. \u2013 El gobernador electo de Sinaloa, Rub\u00e9n Rocha Moya, dio a conocer que a la par con el proceso de entrega y recepci\u00f3n que esta [&hellip;]<\/p>\n","protected":false},"author":4,"featured_media":6120,"comment_status":"open","ping_status":"open","sticky":false,"template":"","format":"standard","meta":{"tdm_status":"","tdm_grid_status":"","footnotes":""},"categories":[37],"tags":[],"class_list":{"0":"post-6119","1":"post","2":"type-post","3":"status-publish","4":"format-standard","5":"has-post-thumbnail","7":"category-nota-principal"},"yoast_head":"<!-- This site is optimized with the Yoast SEO plugin v27.4 - https:\/\/yoast.com\/product\/yoast-seo-wordpress\/ -->\n<title>Rocha y Quirino se coordinan para concretar proyectos y programas con la federaci\u00f3n - Fuentes Fidedignas<\/title>\n<meta name=\"robots\" content=\"index, follow, max-snippet:-1, max-image-preview:large, max-video-preview:-1\" \/>\n<link rel=\"canonical\" href=\"https:\/\/fuentesfidedignas.com.mx\/index.php\/2021\/06\/28\/rocha-y-quirino-se-coordinan-para-concretar-proyectos-y-programas-con-la-federacion\/\" \/>\n<meta property=\"og:locale\" content=\"es_MX\" \/>\n<meta property=\"og:type\" content=\"article\" \/>\n<meta property=\"og:title\" content=\"Rocha y Quirino se coordinan para concretar proyectos y programas con la federaci\u00f3n - Fuentes Fidedignas\" \/>\n<meta property=\"og:description\" content=\"El gobernador electo dijo que hay entendimiento con la administraci\u00f3n local y disposici\u00f3n del presidente L\u00f3pez Obrador para llevar a cabo obras como el puente de la Huites Culiac\u00e1n, Sin. \u2013 El gobernador electo de Sinaloa, Rub\u00e9n Rocha Moya, dio a conocer que a la par con el proceso de entrega y recepci\u00f3n que esta [&hellip;]\" \/>\n<meta property=\"og:url\" content=\"https:\/\/fuentesfidedignas.com.mx\/index.php\/2021\/06\/28\/rocha-y-quirino-se-coordinan-para-concretar-proyectos-y-programas-con-la-federacion\/\" \/>\n<meta property=\"og:site_name\" content=\"Fuentes Fidedignas\" \/>\n<meta property=\"article:publisher\" content=\"https:\/\/www.facebook.com\/Fuentes-Fidedignas-368234489921644\" \/>\n<meta property=\"article:published_time\" content=\"2021-06-28T18:15:19+00:00\" \/>\n<meta property=\"article:modified_time\" content=\"2021-06-28T18:15:21+00:00\" \/>\n<meta property=\"og:image\" content=\"https:\/\/fuentesfidedignas.com.mx\/wp-content\/uploads\/2021\/06\/IMG-20210628-WA0024.jpg\" \/>\n\t<meta property=\"og:image:width\" content=\"1024\" \/>\n\t<meta property=\"og:image:height\" content=\"682\" \/>\n\t<meta property=\"og:image:type\" content=\"image\/jpeg\" \/>\n<meta name=\"author\" content=\"Redacci\u00f3n\" \/>\n<meta name=\"twitter:card\" content=\"summary_large_image\" \/>\n<meta name=\"twitter:creator\" content=\"@fidedignas\" \/>\n<meta name=\"twitter:site\" content=\"@fidedignas\" \/>\n<meta name=\"twitter:label1\" content=\"Escrito por\" \/>\n\t<meta name=\"twitter:data1\" content=\"Redacci\u00f3n\" \/>\n\t<meta name=\"twitter:label2\" content=\"Tiempo de lectura\" \/>\n\t<meta name=\"twitter:data2\" content=\"2 minutos\" \/>\n<script type=\"application\/ld+json\" class=\"yoast-schema-graph\">{\"@context\":\"https:\\\/\\\/schema.org\",\"@graph\":[{\"@type\":\"Article\",\"@id\":\"https:\\\/\\\/fuentesfidedignas.com.mx\\\/index.php\\\/2021\\\/06\\\/28\\\/rocha-y-quirino-se-coordinan-para-concretar-proyectos-y-programas-con-la-federacion\\\/#article\",\"isPartOf\":{\"@id\":\"https:\\\/\\\/fuentesfidedignas.com.mx\\\/index.php\\\/2021\\\/06\\\/28\\\/rocha-y-quirino-se-coordinan-para-concretar-proyectos-y-programas-con-la-federacion\\\/\"},\"author\":{\"name\":\"Redacci\u00f3n\",\"@id\":\"https:\\\/\\\/fuentesfidedignas.com.mx\\\/#\\\/schema\\\/person\\\/331be9283d37198e2acd5750279085b0\"},\"headline\":\"Rocha y Quirino se coordinan para concretar proyectos y programas con la federaci\u00f3n\",\"datePublished\":\"2021-06-28T18:15:19+00:00\",\"dateModified\":\"2021-06-28T18:15:21+00:00\",\"mainEntityOfPage\":{\"@id\":\"https:\\\/\\\/fuentesfidedignas.com.mx\\\/index.php\\\/2021\\\/06\\\/28\\\/rocha-y-quirino-se-coordinan-para-concretar-proyectos-y-programas-con-la-federacion\\\/\"},\"wordCount\":356,\"commentCount\":0,\"publisher\":{\"@id\":\"https:\\\/\\\/fuentesfidedignas.com.mx\\\/#organization\"},\"image\":{\"@id\":\"https:\\\/\\\/fuentesfidedignas.com.mx\\\/index.php\\\/2021\\\/06\\\/28\\\/rocha-y-quirino-se-coordinan-para-concretar-proyectos-y-programas-con-la-federacion\\\/#primaryimage\"},\"thumbnailUrl\":\"https:\\\/\\\/fuentesfidedignas.com.mx\\\/wp-content\\\/uploads\\\/2021\\\/06\\\/IMG-20210628-WA0024.jpg\",\"articleSection\":[\"NOTA PRINCIPAL\"],\"inLanguage\":\"es\",\"potentialAction\":[{\"@type\":\"CommentAction\",\"name\":\"Comment\",\"target\":[\"https:\\\/\\\/fuentesfidedignas.com.mx\\\/index.php\\\/2021\\\/06\\\/28\\\/rocha-y-quirino-se-coordinan-para-concretar-proyectos-y-programas-con-la-federacion\\\/#respond\"]}]},{\"@type\":\"WebPage\",\"@id\":\"https:\\\/\\\/fuentesfidedignas.com.mx\\\/index.php\\\/2021\\\/06\\\/28\\\/rocha-y-quirino-se-coordinan-para-concretar-proyectos-y-programas-con-la-federacion\\\/\",\"url\":\"https:\\\/\\\/fuentesfidedignas.com.mx\\\/index.php\\\/2021\\\/06\\\/28\\\/rocha-y-quirino-se-coordinan-para-concretar-proyectos-y-programas-con-la-federacion\\\/\",\"name\":\"Rocha y Quirino se coordinan para concretar proyectos y programas con la federaci\u00f3n - Fuentes Fidedignas\",\"isPartOf\":{\"@id\":\"https:\\\/\\\/fuentesfidedignas.com.mx\\\/#website\"},\"primaryImageOfPage\":{\"@id\":\"https:\\\/\\\/fuentesfidedignas.com.mx\\\/index.php\\\/2021\\\/06\\\/28\\\/rocha-y-quirino-se-coordinan-para-concretar-proyectos-y-programas-con-la-federacion\\\/#primaryimage\"},\"image\":{\"@id\":\"https:\\\/\\\/fuentesfidedignas.com.mx\\\/index.php\\\/2021\\\/06\\\/28\\\/rocha-y-quirino-se-coordinan-para-concretar-proyectos-y-programas-con-la-federacion\\\/#primaryimage\"},\"thumbnailUrl\":\"https:\\\/\\\/fuentesfidedignas.com.mx\\\/wp-content\\\/uploads\\\/2021\\\/06\\\/IMG-20210628-WA0024.jpg\",\"datePublished\":\"2021-06-28T18:15:19+00:00\",\"dateModified\":\"2021-06-28T18:15:21+00:00\",\"breadcrumb\":{\"@id\":\"https:\\\/\\\/fuentesfidedignas.com.mx\\\/index.php\\\/2021\\\/06\\\/28\\\/rocha-y-quirino-se-coordinan-para-concretar-proyectos-y-programas-con-la-federacion\\\/#breadcrumb\"},\"inLanguage\":\"es\",\"potentialAction\":[{\"@type\":\"ReadAction\",\"target\":[\"https:\\\/\\\/fuentesfidedignas.com.mx\\\/index.php\\\/2021\\\/06\\\/28\\\/rocha-y-quirino-se-coordinan-para-concretar-proyectos-y-programas-con-la-federacion\\\/\"]}]},{\"@type\":\"ImageObject\",\"inLanguage\":\"es\",\"@id\":\"https:\\\/\\\/fuentesfidedignas.com.mx\\\/index.php\\\/2021\\\/06\\\/28\\\/rocha-y-quirino-se-coordinan-para-concretar-proyectos-y-programas-con-la-federacion\\\/#primaryimage\",\"url\":\"https:\\\/\\\/fuentesfidedignas.com.mx\\\/wp-content\\\/uploads\\\/2021\\\/06\\\/IMG-20210628-WA0024.jpg\",\"contentUrl\":\"https:\\\/\\\/fuentesfidedignas.com.mx\\\/wp-content\\\/uploads\\\/2021\\\/06\\\/IMG-20210628-WA0024.jpg\",\"width\":1024,\"height\":682},{\"@type\":\"BreadcrumbList\",\"@id\":\"https:\\\/\\\/fuentesfidedignas.com.mx\\\/index.php\\\/2021\\\/06\\\/28\\\/rocha-y-quirino-se-coordinan-para-concretar-proyectos-y-programas-con-la-federacion\\\/#breadcrumb\",\"itemListElement\":[{\"@type\":\"ListItem\",\"position\":1,\"name\":\"Inicio\",\"item\":\"https:\\\/\\\/fuentesfidedignas.com.mx\\\/\"},{\"@type\":\"ListItem\",\"position\":2,\"name\":\"Rocha y Quirino se coordinan para concretar proyectos y programas con la federaci\u00f3n\"}]},{\"@type\":\"WebSite\",\"@id\":\"https:\\\/\\\/fuentesfidedignas.com.mx\\\/#website\",\"url\":\"https:\\\/\\\/fuentesfidedignas.com.mx\\\/\",\"name\":\"Fuentes Fidedignas\",\"description\":\"Otro sitio realizado con WordPress\",\"publisher\":{\"@id\":\"https:\\\/\\\/fuentesfidedignas.com.mx\\\/#organization\"},\"potentialAction\":[{\"@type\":\"SearchAction\",\"target\":{\"@type\":\"EntryPoint\",\"urlTemplate\":\"https:\\\/\\\/fuentesfidedignas.com.mx\\\/?s={search_term_string}\"},\"query-input\":{\"@type\":\"PropertyValueSpecification\",\"valueRequired\":true,\"valueName\":\"search_term_string\"}}],\"inLanguage\":\"es\"},{\"@type\":\"Organization\",\"@id\":\"https:\\\/\\\/fuentesfidedignas.com.mx\\\/#organization\",\"name\":\"Fuentes Fidedignas\",\"url\":\"https:\\\/\\\/fuentesfidedignas.com.mx\\\/\",\"logo\":{\"@type\":\"ImageObject\",\"inLanguage\":\"es\",\"@id\":\"https:\\\/\\\/fuentesfidedignas.com.mx\\\/#\\\/schema\\\/logo\\\/image\\\/\",\"url\":\"https:\\\/\\\/fuentesfidedignas.com.mx\\\/wp-content\\\/uploads\\\/2021\\\/04\\\/logo-retina.png\",\"contentUrl\":\"https:\\\/\\\/fuentesfidedignas.com.mx\\\/wp-content\\\/uploads\\\/2021\\\/04\\\/logo-retina.png\",\"width\":280,\"height\":51,\"caption\":\"Fuentes Fidedignas\"},\"image\":{\"@id\":\"https:\\\/\\\/fuentesfidedignas.com.mx\\\/#\\\/schema\\\/logo\\\/image\\\/\"},\"sameAs\":[\"https:\\\/\\\/www.facebook.com\\\/Fuentes-Fidedignas-368234489921644\",\"https:\\\/\\\/x.com\\\/fidedignas\"]},{\"@type\":\"Person\",\"@id\":\"https:\\\/\\\/fuentesfidedignas.com.mx\\\/#\\\/schema\\\/person\\\/331be9283d37198e2acd5750279085b0\",\"name\":\"Redacci\u00f3n\",\"image\":{\"@type\":\"ImageObject\",\"inLanguage\":\"es\",\"@id\":\"https:\\\/\\\/secure.gravatar.com\\\/avatar\\\/f6d8782c11d12b2d4ad3fbb6931aeab5309937a4d6cd2fc9cfaa28a6396a5aec?s=96&d=mm&r=g\",\"url\":\"https:\\\/\\\/secure.gravatar.com\\\/avatar\\\/f6d8782c11d12b2d4ad3fbb6931aeab5309937a4d6cd2fc9cfaa28a6396a5aec?s=96&d=mm&r=g\",\"contentUrl\":\"https:\\\/\\\/secure.gravatar.com\\\/avatar\\\/f6d8782c11d12b2d4ad3fbb6931aeab5309937a4d6cd2fc9cfaa28a6396a5aec?s=96&d=mm&r=g\",\"caption\":\"Redacci\u00f3n\"},\"url\":\"https:\\\/\\\/fuentesfidedignas.com.mx\\\/index.php\\\/author\\\/redaccion\\\/\"}]}<\/script>\n<!-- \/ Yoast SEO plugin. -->","yoast_head_json":{"title":"Rocha y Quirino se coordinan para concretar proyectos y programas con la federaci\u00f3n - Fuentes Fidedignas","robots":{"index":"index","follow":"follow","max-snippet":"max-snippet:-1","max-image-preview":"max-image-preview:large","max-video-preview":"max-video-preview:-1"},"canonical":"https:\/\/fuentesfidedignas.com.mx\/index.php\/2021\/06\/28\/rocha-y-quirino-se-coordinan-para-concretar-proyectos-y-programas-con-la-federacion\/","og_locale":"es_MX","og_type":"article","og_title":"Rocha y Quirino se coordinan para concretar proyectos y programas con la federaci\u00f3n - Fuentes Fidedignas","og_description":"El gobernador electo dijo que hay entendimiento con la administraci\u00f3n local y disposici\u00f3n del presidente L\u00f3pez Obrador para llevar a cabo obras como el puente de la Huites Culiac\u00e1n, Sin. \u2013 El gobernador electo de Sinaloa, Rub\u00e9n Rocha Moya, dio a conocer que a la par con el proceso de entrega y recepci\u00f3n que esta [&hellip;]","og_url":"https:\/\/fuentesfidedignas.com.mx\/index.php\/2021\/06\/28\/rocha-y-quirino-se-coordinan-para-concretar-proyectos-y-programas-con-la-federacion\/","og_site_name":"Fuentes Fidedignas","article_publisher":"https:\/\/www.facebook.com\/Fuentes-Fidedignas-368234489921644","article_published_time":"2021-06-28T18:15:19+00:00","article_modified_time":"2021-06-28T18:15:21+00:00","og_image":[{"width":1024,"height":682,"url":"https:\/\/fuentesfidedignas.com.mx\/wp-content\/uploads\/2021\/06\/IMG-20210628-WA0024.jpg","type":"image\/jpeg"}],"author":"Redacci\u00f3n","twitter_card":"summary_large_image","twitter_creator":"@fidedignas","twitter_site":"@fidedignas","twitter_misc":{"Escrito por":"Redacci\u00f3n","Tiempo de lectura":"2 minutos"},"schema":{"@context":"https:\/\/schema.org","@graph":[{"@type":"Article","@id":"https:\/\/fuentesfidedignas.com.mx\/index.php\/2021\/06\/28\/rocha-y-quirino-se-coordinan-para-concretar-proyectos-y-programas-con-la-federacion\/#article","isPartOf":{"@id":"https:\/\/fuentesfidedignas.com.mx\/index.php\/2021\/06\/28\/rocha-y-quirino-se-coordinan-para-concretar-proyectos-y-programas-con-la-federacion\/"},"author":{"name":"Redacci\u00f3n","@id":"https:\/\/fuentesfidedignas.com.mx\/#\/schema\/person\/331be9283d37198e2acd5750279085b0"},"headline":"Rocha y Quirino se coordinan para concretar proyectos y programas con la federaci\u00f3n","datePublished":"2021-06-28T18:15:19+00:00","dateModified":"2021-06-28T18:15:21+00:00","mainEntityOfPage":{"@id":"https:\/\/fuentesfidedignas.com.mx\/index.php\/2021\/06\/28\/rocha-y-quirino-se-coordinan-para-concretar-proyectos-y-programas-con-la-federacion\/"},"wordCount":356,"commentCount":0,"publisher":{"@id":"https:\/\/fuentesfidedignas.com.mx\/#organization"},"image":{"@id":"https:\/\/fuentesfidedignas.com.mx\/index.php\/2021\/06\/28\/rocha-y-quirino-se-coordinan-para-concretar-proyectos-y-programas-con-la-federacion\/#primaryimage"},"thumbnailUrl":"https:\/\/fuentesfidedignas.com.mx\/wp-content\/uploads\/2021\/06\/IMG-20210628-WA0024.jpg","articleSection":["NOTA PRINCIPAL"],"inLanguage":"es","potentialAction":[{"@type":"CommentAction","name":"Comment","target":["https:\/\/fuentesfidedignas.com.mx\/index.php\/2021\/06\/28\/rocha-y-quirino-se-coordinan-para-concretar-proyectos-y-programas-con-la-federacion\/#respond"]}]},{"@type":"WebPage","@id":"https:\/\/fuentesfidedignas.com.mx\/index.php\/2021\/06\/28\/rocha-y-quirino-se-coordinan-para-concretar-proyectos-y-programas-con-la-federacion\/","url":"https:\/\/fuentesfidedignas.com.mx\/index.php\/2021\/06\/28\/rocha-y-quirino-se-coordinan-para-concretar-proyectos-y-programas-con-la-federacion\/","name":"Rocha y Quirino se coordinan para concretar proyectos y programas con la federaci\u00f3n - Fuentes Fidedignas","isPartOf":{"@id":"https:\/\/fuentesfidedignas.com.mx\/#website"},"primaryImageOfPage":{"@id":"https:\/\/fuentesfidedignas.com.mx\/index.php\/2021\/06\/28\/rocha-y-quirino-se-coordinan-para-concretar-proyectos-y-programas-con-la-federacion\/#primaryimage"},"image":{"@id":"https:\/\/fuentesfidedignas.com.mx\/index.php\/2021\/06\/28\/rocha-y-quirino-se-coordinan-para-concretar-proyectos-y-programas-con-la-federacion\/#primaryimage"},"thumbnailUrl":"https:\/\/fuentesfidedignas.com.mx\/wp-content\/uploads\/2021\/06\/IMG-20210628-WA0024.jpg","datePublished":"2021-06-28T18:15:19+00:00","dateModified":"2021-06-28T18:15:21+00:00","breadcrumb":{"@id":"https:\/\/fuentesfidedignas.com.mx\/index.php\/2021\/06\/28\/rocha-y-quirino-se-coordinan-para-concretar-proyectos-y-programas-con-la-federacion\/#breadcrumb"},"inLanguage":"es","potentialAction":[{"@type":"ReadAction","target":["https:\/\/fuentesfidedignas.com.mx\/index.php\/2021\/06\/28\/rocha-y-quirino-se-coordinan-para-concretar-proyectos-y-programas-con-la-federacion\/"]}]},{"@type":"ImageObject","inLanguage":"es","@id":"https:\/\/fuentesfidedignas.com.mx\/index.php\/2021\/06\/28\/rocha-y-quirino-se-coordinan-para-concretar-proyectos-y-programas-con-la-federacion\/#primaryimage","url":"https:\/\/fuentesfidedignas.com.mx\/wp-content\/uploads\/2021\/06\/IMG-20210628-WA0024.jpg","contentUrl":"https:\/\/fuentesfidedignas.com.mx\/wp-content\/uploads\/2021\/06\/IMG-20210628-WA0024.jpg","width":1024,"height":682},{"@type":"BreadcrumbList","@id":"https:\/\/fuentesfidedignas.com.mx\/index.php\/2021\/06\/28\/rocha-y-quirino-se-coordinan-para-concretar-proyectos-y-programas-con-la-federacion\/#breadcrumb","itemListElement":[{"@type":"ListItem","position":1,"name":"Inicio","item":"https:\/\/fuentesfidedignas.com.mx\/"},{"@type":"ListItem","position":2,"name":"Rocha y Quirino se coordinan para concretar proyectos y programas con la federaci\u00f3n"}]},{"@type":"WebSite","@id":"https:\/\/fuentesfidedignas.com.mx\/#website","url":"https:\/\/fuentesfidedignas.com.mx\/","name":"Fuentes Fidedignas","description":"Otro sitio realizado con WordPress","publisher":{"@id":"https:\/\/fuentesfidedignas.com.mx\/#organization"},"potentialAction":[{"@type":"SearchAction","target":{"@type":"EntryPoint","urlTemplate":"https:\/\/fuentesfidedignas.com.mx\/?s={search_term_string}"},"query-input":{"@type":"PropertyValueSpecification","valueRequired":true,"valueName":"search_term_string"}}],"inLanguage":"es"},{"@type":"Organization","@id":"https:\/\/fuentesfidedignas.com.mx\/#organization","name":"Fuentes Fidedignas","url":"https:\/\/fuentesfidedignas.com.mx\/","logo":{"@type":"ImageObject","inLanguage":"es","@id":"https:\/\/fuentesfidedignas.com.mx\/#\/schema\/logo\/image\/","url":"https:\/\/fuentesfidedignas.com.mx\/wp-content\/uploads\/2021\/04\/logo-retina.png","contentUrl":"https:\/\/fuentesfidedignas.com.mx\/wp-content\/uploads\/2021\/04\/logo-retina.png","width":280,"height":51,"caption":"Fuentes Fidedignas"},"image":{"@id":"https:\/\/fuentesfidedignas.com.mx\/#\/schema\/logo\/image\/"},"sameAs":["https:\/\/www.facebook.com\/Fuentes-Fidedignas-368234489921644","https:\/\/x.com\/fidedignas"]},{"@type":"Person","@id":"https:\/\/fuentesfidedignas.com.mx\/#\/schema\/person\/331be9283d37198e2acd5750279085b0","name":"Redacci\u00f3n","image":{"@type":"ImageObject","inLanguage":"es","@id":"https:\/\/secure.gravatar.com\/avatar\/f6d8782c11d12b2d4ad3fbb6931aeab5309937a4d6cd2fc9cfaa28a6396a5aec?s=96&d=mm&r=g","url":"https:\/\/secure.gravatar.com\/avatar\/f6d8782c11d12b2d4ad3fbb6931aeab5309937a4d6cd2fc9cfaa28a6396a5aec?s=96&d=mm&r=g","contentUrl":"https:\/\/secure.gravatar.com\/avatar\/f6d8782c11d12b2d4ad3fbb6931aeab5309937a4d6cd2fc9cfaa28a6396a5aec?s=96&d=mm&r=g","caption":"Redacci\u00f3n"},"url":"https:\/\/fuentesfidedignas.com.mx\/index.php\/author\/redaccion\/"}]}},"_links":{"self":[{"href":"https:\/\/fuentesfidedignas.com.mx\/index.php\/wp-json\/wp\/v2\/posts\/6119","targetHints":{"allow":["GET"]}}],"collection":[{"href":"https:\/\/fuentesfidedignas.com.mx\/index.php\/wp-json\/wp\/v2\/posts"}],"about":[{"href":"https:\/\/fuentesfidedignas.com.mx\/index.php\/wp-json\/wp\/v2\/types\/post"}],"author":[{"embeddable":true,"href":"https:\/\/fuentesfidedignas.com.mx\/index.php\/wp-json\/wp\/v2\/users\/4"}],"replies":[{"embeddable":true,"href":"https:\/\/fuentesfidedignas.com.mx\/index.php\/wp-json\/wp\/v2\/comments?post=6119"}],"version-history":[{"count":1,"href":"https:\/\/fuentesfidedignas.com.mx\/index.php\/wp-json\/wp\/v2\/posts\/6119\/revisions"}],"predecessor-version":[{"id":6121,"href":"https:\/\/fuentesfidedignas.com.mx\/index.php\/wp-json\/wp\/v2\/posts\/6119\/revisions\/6121"}],"wp:featuredmedia":[{"embeddable":true,"href":"https:\/\/fuentesfidedignas.com.mx\/index.php\/wp-json\/wp\/v2\/media\/6120"}],"wp:attachment":[{"href":"https:\/\/fuentesfidedignas.com.mx\/index.php\/wp-json\/wp\/v2\/media?parent=6119"}],"wp:term":[{"taxonomy":"category","embeddable":true,"href":"https:\/\/fuentesfidedignas.com.mx\/index.php\/wp-json\/wp\/v2\/categories?post=6119"},{"taxonomy":"post_tag","embeddable":true,"href":"https:\/\/fuentesfidedignas.com.mx\/index.php\/wp-json\/wp\/v2\/tags?post=6119"}],"curies":[{"name":"wp","href":"https:\/\/api.w.org\/{rel}","templated":true}]}}