{"id":61182,"date":"2023-10-03T13:45:33","date_gmt":"2023-10-03T20:45:33","guid":{"rendered":"https:\/\/fuentesfidedignas.com.mx\/?p=61182"},"modified":"2023-10-03T13:46:50","modified_gmt":"2023-10-03T20:46:50","slug":"en-mazatlan-jose-luis-arreola-y-sonia-cruz-a-la-dirigencia-municipal-del-pri","status":"publish","type":"post","link":"https:\/\/fuentesfidedignas.com.mx\/index.php\/2023\/10\/03\/en-mazatlan-jose-luis-arreola-y-sonia-cruz-a-la-dirigencia-municipal-del-pri\/","title":{"rendered":"En Mazatl\u00e1n, Jos\u00e9 Luis Arreola y Sonia Cruz, a la dirigencia municipal del PRI"},"content":{"rendered":"\n<p><\/p>\n\n\n\n<p>Mazatl\u00e1n, Sin.- El trabajo en unidad y equipo sigue siendo fundamental en el PRI Sinaloa, es por ello que realizaron la toma de protesta de la dirigencia del comit\u00e9 municipal de Mazatl\u00e1n a Jos\u00e9 Luis Arreola, como presidente y Sonia Cruz, como secretaria general.<\/p>\n\n\n\n<p>Paola G\u00e1rate, presidenta del Comit\u00e9 Directivo Estatal del PRI, se\u00f1al\u00f3 que la presencia del subsecretario de organizaci\u00f3n del CEN, Jorge Meade, refuerza los trabajos que se han venido realizando en la dirigencia con los comit\u00e9s municipales, sectores y organizaciones.<\/p>\n\n\n\n<p>Es por ello, que hoy, tomaron la protesta de Ley, a los nuevos dirigentes municipales en Mazatl\u00e1n, donde G\u00e1rate Valenzuela dijo \u201c<strong>refrendemos nuevamente el compromiso que tenemos con el PRI en este municipio: recuperar la militancia y as\u00ed poder rescatar Mazatl\u00e1n, el estado y nuestro pa\u00eds<\/strong>\u201d.<\/p>\n\n\n\n\n\n<p>Meade Ocaranza, afirm\u00f3 \u201c<strong>hoy es un d\u00eda de cambios, contamos con dos personas que toman protesta y quienes estar\u00e1n al frente de un partido al que se le vienen ciertos retos, para el 2024, pero juntos haremos un mejor PRI, porque somos el instituto pol\u00edtico de las causas de la ciudadan\u00ed<\/strong>a\u201d.<\/p>\n\n\n\n<p>En la visita al puerto mazatleco, la presidenta estuvo acompa\u00f1ada del secretario general, Bernardino Antelo: el delegado del CEN en Sinaloa, \u00c1lvaro Ruelas; la secretaria general de la CNOP, \u00c9rika S\u00e1nchez; y de los delegados Germ\u00e1n Escobar y Maribel Chollet.<\/p>\n","protected":false},"excerpt":{"rendered":"<p>Mazatl\u00e1n, Sin.- El trabajo en unidad y equipo sigue siendo fundamental en el PRI Sinaloa, es por ello que realizaron la toma de protesta de la dirigencia del comit\u00e9 municipal de Mazatl\u00e1n a Jos\u00e9 Luis Arreola, como presidente y Sonia Cruz, como secretaria general. Paola G\u00e1rate, presidenta del Comit\u00e9 Directivo Estatal del PRI, se\u00f1al\u00f3 que [&hellip;]<\/p>\n","protected":false},"author":4,"featured_media":61185,"comment_status":"open","ping_status":"open","sticky":false,"template":"","format":"standard","meta":{"tdm_status":"","tdm_grid_status":"","footnotes":""},"categories":[1],"tags":[],"class_list":{"0":"post-61182","1":"post","2":"type-post","3":"status-publish","4":"format-standard","5":"has-post-thumbnail","7":"category-sin-categoria"},"yoast_head":"<!-- This site is optimized with the Yoast SEO plugin v27.5 - https:\/\/yoast.com\/product\/yoast-seo-wordpress\/ -->\n<title>En Mazatl\u00e1n, Jos\u00e9 Luis Arreola y Sonia Cruz, a la dirigencia municipal del PRI - Fuentes Fidedignas<\/title>\n<meta name=\"robots\" content=\"index, follow, max-snippet:-1, max-image-preview:large, max-video-preview:-1\" \/>\n<link rel=\"canonical\" href=\"https:\/\/fuentesfidedignas.com.mx\/index.php\/2023\/10\/03\/en-mazatlan-jose-luis-arreola-y-sonia-cruz-a-la-dirigencia-municipal-del-pri\/\" \/>\n<meta property=\"og:locale\" content=\"es_MX\" \/>\n<meta property=\"og:type\" content=\"article\" \/>\n<meta property=\"og:title\" content=\"En Mazatl\u00e1n, Jos\u00e9 Luis Arreola y Sonia Cruz, a la dirigencia municipal del PRI - Fuentes Fidedignas\" \/>\n<meta property=\"og:description\" content=\"Mazatl\u00e1n, Sin.- El trabajo en unidad y equipo sigue siendo fundamental en el PRI Sinaloa, es por ello que realizaron la toma de protesta de la dirigencia del comit\u00e9 municipal de Mazatl\u00e1n a Jos\u00e9 Luis Arreola, como presidente y Sonia Cruz, como secretaria general. Paola G\u00e1rate, presidenta del Comit\u00e9 Directivo Estatal del PRI, se\u00f1al\u00f3 que [&hellip;]\" \/>\n<meta property=\"og:url\" content=\"https:\/\/fuentesfidedignas.com.mx\/index.php\/2023\/10\/03\/en-mazatlan-jose-luis-arreola-y-sonia-cruz-a-la-dirigencia-municipal-del-pri\/\" \/>\n<meta property=\"og:site_name\" content=\"Fuentes Fidedignas\" \/>\n<meta property=\"article:publisher\" content=\"https:\/\/www.facebook.com\/Fuentes-Fidedignas-368234489921644\" \/>\n<meta property=\"article:published_time\" content=\"2023-10-03T20:45:33+00:00\" \/>\n<meta property=\"article:modified_time\" content=\"2023-10-03T20:46:50+00:00\" \/>\n<meta property=\"og:image\" content=\"https:\/\/fuentesfidedignas.com.mx\/wp-content\/uploads\/2023\/10\/Imagen-de-WhatsApp-2023-10-03-a-las-13.21.49_fed54609.jpg\" \/>\n\t<meta property=\"og:image:width\" content=\"1600\" \/>\n\t<meta property=\"og:image:height\" content=\"900\" \/>\n\t<meta property=\"og:image:type\" content=\"image\/jpeg\" \/>\n<meta name=\"author\" content=\"Redacci\u00f3n\" \/>\n<meta name=\"twitter:card\" content=\"summary_large_image\" \/>\n<meta name=\"twitter:creator\" content=\"@fidedignas\" \/>\n<meta name=\"twitter:site\" content=\"@fidedignas\" \/>\n<meta name=\"twitter:label1\" content=\"Escrito por\" \/>\n\t<meta name=\"twitter:data1\" content=\"Redacci\u00f3n\" \/>\n\t<meta name=\"twitter:label2\" content=\"Tiempo de lectura\" \/>\n\t<meta name=\"twitter:data2\" content=\"2 minutos\" \/>\n<script type=\"application\/ld+json\" class=\"yoast-schema-graph\">{\"@context\":\"https:\\\/\\\/schema.org\",\"@graph\":[{\"@type\":\"Article\",\"@id\":\"https:\\\/\\\/fuentesfidedignas.com.mx\\\/index.php\\\/2023\\\/10\\\/03\\\/en-mazatlan-jose-luis-arreola-y-sonia-cruz-a-la-dirigencia-municipal-del-pri\\\/#article\",\"isPartOf\":{\"@id\":\"https:\\\/\\\/fuentesfidedignas.com.mx\\\/index.php\\\/2023\\\/10\\\/03\\\/en-mazatlan-jose-luis-arreola-y-sonia-cruz-a-la-dirigencia-municipal-del-pri\\\/\"},\"author\":{\"name\":\"Redacci\u00f3n\",\"@id\":\"https:\\\/\\\/fuentesfidedignas.com.mx\\\/#\\\/schema\\\/person\\\/331be9283d37198e2acd5750279085b0\"},\"headline\":\"En Mazatl\u00e1n, Jos\u00e9 Luis Arreola y Sonia Cruz, a la dirigencia municipal del PRI\",\"datePublished\":\"2023-10-03T20:45:33+00:00\",\"dateModified\":\"2023-10-03T20:46:50+00:00\",\"mainEntityOfPage\":{\"@id\":\"https:\\\/\\\/fuentesfidedignas.com.mx\\\/index.php\\\/2023\\\/10\\\/03\\\/en-mazatlan-jose-luis-arreola-y-sonia-cruz-a-la-dirigencia-municipal-del-pri\\\/\"},\"wordCount\":252,\"commentCount\":0,\"publisher\":{\"@id\":\"https:\\\/\\\/fuentesfidedignas.com.mx\\\/#organization\"},\"image\":{\"@id\":\"https:\\\/\\\/fuentesfidedignas.com.mx\\\/index.php\\\/2023\\\/10\\\/03\\\/en-mazatlan-jose-luis-arreola-y-sonia-cruz-a-la-dirigencia-municipal-del-pri\\\/#primaryimage\"},\"thumbnailUrl\":\"https:\\\/\\\/fuentesfidedignas.com.mx\\\/wp-content\\\/uploads\\\/2023\\\/10\\\/Imagen-de-WhatsApp-2023-10-03-a-las-13.21.49_fed54609.jpg\",\"inLanguage\":\"es\",\"potentialAction\":[{\"@type\":\"CommentAction\",\"name\":\"Comment\",\"target\":[\"https:\\\/\\\/fuentesfidedignas.com.mx\\\/index.php\\\/2023\\\/10\\\/03\\\/en-mazatlan-jose-luis-arreola-y-sonia-cruz-a-la-dirigencia-municipal-del-pri\\\/#respond\"]}]},{\"@type\":\"WebPage\",\"@id\":\"https:\\\/\\\/fuentesfidedignas.com.mx\\\/index.php\\\/2023\\\/10\\\/03\\\/en-mazatlan-jose-luis-arreola-y-sonia-cruz-a-la-dirigencia-municipal-del-pri\\\/\",\"url\":\"https:\\\/\\\/fuentesfidedignas.com.mx\\\/index.php\\\/2023\\\/10\\\/03\\\/en-mazatlan-jose-luis-arreola-y-sonia-cruz-a-la-dirigencia-municipal-del-pri\\\/\",\"name\":\"En Mazatl\u00e1n, Jos\u00e9 Luis Arreola y Sonia Cruz, a la dirigencia municipal del PRI - Fuentes Fidedignas\",\"isPartOf\":{\"@id\":\"https:\\\/\\\/fuentesfidedignas.com.mx\\\/#website\"},\"primaryImageOfPage\":{\"@id\":\"https:\\\/\\\/fuentesfidedignas.com.mx\\\/index.php\\\/2023\\\/10\\\/03\\\/en-mazatlan-jose-luis-arreola-y-sonia-cruz-a-la-dirigencia-municipal-del-pri\\\/#primaryimage\"},\"image\":{\"@id\":\"https:\\\/\\\/fuentesfidedignas.com.mx\\\/index.php\\\/2023\\\/10\\\/03\\\/en-mazatlan-jose-luis-arreola-y-sonia-cruz-a-la-dirigencia-municipal-del-pri\\\/#primaryimage\"},\"thumbnailUrl\":\"https:\\\/\\\/fuentesfidedignas.com.mx\\\/wp-content\\\/uploads\\\/2023\\\/10\\\/Imagen-de-WhatsApp-2023-10-03-a-las-13.21.49_fed54609.jpg\",\"datePublished\":\"2023-10-03T20:45:33+00:00\",\"dateModified\":\"2023-10-03T20:46:50+00:00\",\"breadcrumb\":{\"@id\":\"https:\\\/\\\/fuentesfidedignas.com.mx\\\/index.php\\\/2023\\\/10\\\/03\\\/en-mazatlan-jose-luis-arreola-y-sonia-cruz-a-la-dirigencia-municipal-del-pri\\\/#breadcrumb\"},\"inLanguage\":\"es\",\"potentialAction\":[{\"@type\":\"ReadAction\",\"target\":[\"https:\\\/\\\/fuentesfidedignas.com.mx\\\/index.php\\\/2023\\\/10\\\/03\\\/en-mazatlan-jose-luis-arreola-y-sonia-cruz-a-la-dirigencia-municipal-del-pri\\\/\"]}]},{\"@type\":\"ImageObject\",\"inLanguage\":\"es\",\"@id\":\"https:\\\/\\\/fuentesfidedignas.com.mx\\\/index.php\\\/2023\\\/10\\\/03\\\/en-mazatlan-jose-luis-arreola-y-sonia-cruz-a-la-dirigencia-municipal-del-pri\\\/#primaryimage\",\"url\":\"https:\\\/\\\/fuentesfidedignas.com.mx\\\/wp-content\\\/uploads\\\/2023\\\/10\\\/Imagen-de-WhatsApp-2023-10-03-a-las-13.21.49_fed54609.jpg\",\"contentUrl\":\"https:\\\/\\\/fuentesfidedignas.com.mx\\\/wp-content\\\/uploads\\\/2023\\\/10\\\/Imagen-de-WhatsApp-2023-10-03-a-las-13.21.49_fed54609.jpg\",\"width\":1600,\"height\":900},{\"@type\":\"BreadcrumbList\",\"@id\":\"https:\\\/\\\/fuentesfidedignas.com.mx\\\/index.php\\\/2023\\\/10\\\/03\\\/en-mazatlan-jose-luis-arreola-y-sonia-cruz-a-la-dirigencia-municipal-del-pri\\\/#breadcrumb\",\"itemListElement\":[{\"@type\":\"ListItem\",\"position\":1,\"name\":\"Inicio\",\"item\":\"https:\\\/\\\/fuentesfidedignas.com.mx\\\/\"},{\"@type\":\"ListItem\",\"position\":2,\"name\":\"En Mazatl\u00e1n, Jos\u00e9 Luis Arreola y Sonia Cruz, a la dirigencia municipal del PRI\"}]},{\"@type\":\"WebSite\",\"@id\":\"https:\\\/\\\/fuentesfidedignas.com.mx\\\/#website\",\"url\":\"https:\\\/\\\/fuentesfidedignas.com.mx\\\/\",\"name\":\"Fuentes Fidedignas\",\"description\":\"Otro sitio realizado con WordPress\",\"publisher\":{\"@id\":\"https:\\\/\\\/fuentesfidedignas.com.mx\\\/#organization\"},\"potentialAction\":[{\"@type\":\"SearchAction\",\"target\":{\"@type\":\"EntryPoint\",\"urlTemplate\":\"https:\\\/\\\/fuentesfidedignas.com.mx\\\/?s={search_term_string}\"},\"query-input\":{\"@type\":\"PropertyValueSpecification\",\"valueRequired\":true,\"valueName\":\"search_term_string\"}}],\"inLanguage\":\"es\"},{\"@type\":\"Organization\",\"@id\":\"https:\\\/\\\/fuentesfidedignas.com.mx\\\/#organization\",\"name\":\"Fuentes Fidedignas\",\"url\":\"https:\\\/\\\/fuentesfidedignas.com.mx\\\/\",\"logo\":{\"@type\":\"ImageObject\",\"inLanguage\":\"es\",\"@id\":\"https:\\\/\\\/fuentesfidedignas.com.mx\\\/#\\\/schema\\\/logo\\\/image\\\/\",\"url\":\"https:\\\/\\\/fuentesfidedignas.com.mx\\\/wp-content\\\/uploads\\\/2021\\\/04\\\/logo-retina.png\",\"contentUrl\":\"https:\\\/\\\/fuentesfidedignas.com.mx\\\/wp-content\\\/uploads\\\/2021\\\/04\\\/logo-retina.png\",\"width\":280,\"height\":51,\"caption\":\"Fuentes Fidedignas\"},\"image\":{\"@id\":\"https:\\\/\\\/fuentesfidedignas.com.mx\\\/#\\\/schema\\\/logo\\\/image\\\/\"},\"sameAs\":[\"https:\\\/\\\/www.facebook.com\\\/Fuentes-Fidedignas-368234489921644\",\"https:\\\/\\\/x.com\\\/fidedignas\"]},{\"@type\":\"Person\",\"@id\":\"https:\\\/\\\/fuentesfidedignas.com.mx\\\/#\\\/schema\\\/person\\\/331be9283d37198e2acd5750279085b0\",\"name\":\"Redacci\u00f3n\",\"image\":{\"@type\":\"ImageObject\",\"inLanguage\":\"es\",\"@id\":\"https:\\\/\\\/secure.gravatar.com\\\/avatar\\\/f6d8782c11d12b2d4ad3fbb6931aeab5309937a4d6cd2fc9cfaa28a6396a5aec?s=96&d=mm&r=g\",\"url\":\"https:\\\/\\\/secure.gravatar.com\\\/avatar\\\/f6d8782c11d12b2d4ad3fbb6931aeab5309937a4d6cd2fc9cfaa28a6396a5aec?s=96&d=mm&r=g\",\"contentUrl\":\"https:\\\/\\\/secure.gravatar.com\\\/avatar\\\/f6d8782c11d12b2d4ad3fbb6931aeab5309937a4d6cd2fc9cfaa28a6396a5aec?s=96&d=mm&r=g\",\"caption\":\"Redacci\u00f3n\"},\"url\":\"https:\\\/\\\/fuentesfidedignas.com.mx\\\/index.php\\\/author\\\/redaccion\\\/\"}]}<\/script>\n<!-- \/ Yoast SEO plugin. -->","yoast_head_json":{"title":"En Mazatl\u00e1n, Jos\u00e9 Luis Arreola y Sonia Cruz, a la dirigencia municipal del PRI - Fuentes Fidedignas","robots":{"index":"index","follow":"follow","max-snippet":"max-snippet:-1","max-image-preview":"max-image-preview:large","max-video-preview":"max-video-preview:-1"},"canonical":"https:\/\/fuentesfidedignas.com.mx\/index.php\/2023\/10\/03\/en-mazatlan-jose-luis-arreola-y-sonia-cruz-a-la-dirigencia-municipal-del-pri\/","og_locale":"es_MX","og_type":"article","og_title":"En Mazatl\u00e1n, Jos\u00e9 Luis Arreola y Sonia Cruz, a la dirigencia municipal del PRI - Fuentes Fidedignas","og_description":"Mazatl\u00e1n, Sin.- El trabajo en unidad y equipo sigue siendo fundamental en el PRI Sinaloa, es por ello que realizaron la toma de protesta de la dirigencia del comit\u00e9 municipal de Mazatl\u00e1n a Jos\u00e9 Luis Arreola, como presidente y Sonia Cruz, como secretaria general. Paola G\u00e1rate, presidenta del Comit\u00e9 Directivo Estatal del PRI, se\u00f1al\u00f3 que [&hellip;]","og_url":"https:\/\/fuentesfidedignas.com.mx\/index.php\/2023\/10\/03\/en-mazatlan-jose-luis-arreola-y-sonia-cruz-a-la-dirigencia-municipal-del-pri\/","og_site_name":"Fuentes Fidedignas","article_publisher":"https:\/\/www.facebook.com\/Fuentes-Fidedignas-368234489921644","article_published_time":"2023-10-03T20:45:33+00:00","article_modified_time":"2023-10-03T20:46:50+00:00","og_image":[{"width":1600,"height":900,"url":"https:\/\/fuentesfidedignas.com.mx\/wp-content\/uploads\/2023\/10\/Imagen-de-WhatsApp-2023-10-03-a-las-13.21.49_fed54609.jpg","type":"image\/jpeg"}],"author":"Redacci\u00f3n","twitter_card":"summary_large_image","twitter_creator":"@fidedignas","twitter_site":"@fidedignas","twitter_misc":{"Escrito por":"Redacci\u00f3n","Tiempo de lectura":"2 minutos"},"schema":{"@context":"https:\/\/schema.org","@graph":[{"@type":"Article","@id":"https:\/\/fuentesfidedignas.com.mx\/index.php\/2023\/10\/03\/en-mazatlan-jose-luis-arreola-y-sonia-cruz-a-la-dirigencia-municipal-del-pri\/#article","isPartOf":{"@id":"https:\/\/fuentesfidedignas.com.mx\/index.php\/2023\/10\/03\/en-mazatlan-jose-luis-arreola-y-sonia-cruz-a-la-dirigencia-municipal-del-pri\/"},"author":{"name":"Redacci\u00f3n","@id":"https:\/\/fuentesfidedignas.com.mx\/#\/schema\/person\/331be9283d37198e2acd5750279085b0"},"headline":"En Mazatl\u00e1n, Jos\u00e9 Luis Arreola y Sonia Cruz, a la dirigencia municipal del PRI","datePublished":"2023-10-03T20:45:33+00:00","dateModified":"2023-10-03T20:46:50+00:00","mainEntityOfPage":{"@id":"https:\/\/fuentesfidedignas.com.mx\/index.php\/2023\/10\/03\/en-mazatlan-jose-luis-arreola-y-sonia-cruz-a-la-dirigencia-municipal-del-pri\/"},"wordCount":252,"commentCount":0,"publisher":{"@id":"https:\/\/fuentesfidedignas.com.mx\/#organization"},"image":{"@id":"https:\/\/fuentesfidedignas.com.mx\/index.php\/2023\/10\/03\/en-mazatlan-jose-luis-arreola-y-sonia-cruz-a-la-dirigencia-municipal-del-pri\/#primaryimage"},"thumbnailUrl":"https:\/\/fuentesfidedignas.com.mx\/wp-content\/uploads\/2023\/10\/Imagen-de-WhatsApp-2023-10-03-a-las-13.21.49_fed54609.jpg","inLanguage":"es","potentialAction":[{"@type":"CommentAction","name":"Comment","target":["https:\/\/fuentesfidedignas.com.mx\/index.php\/2023\/10\/03\/en-mazatlan-jose-luis-arreola-y-sonia-cruz-a-la-dirigencia-municipal-del-pri\/#respond"]}]},{"@type":"WebPage","@id":"https:\/\/fuentesfidedignas.com.mx\/index.php\/2023\/10\/03\/en-mazatlan-jose-luis-arreola-y-sonia-cruz-a-la-dirigencia-municipal-del-pri\/","url":"https:\/\/fuentesfidedignas.com.mx\/index.php\/2023\/10\/03\/en-mazatlan-jose-luis-arreola-y-sonia-cruz-a-la-dirigencia-municipal-del-pri\/","name":"En Mazatl\u00e1n, Jos\u00e9 Luis Arreola y Sonia Cruz, a la dirigencia municipal del PRI - Fuentes Fidedignas","isPartOf":{"@id":"https:\/\/fuentesfidedignas.com.mx\/#website"},"primaryImageOfPage":{"@id":"https:\/\/fuentesfidedignas.com.mx\/index.php\/2023\/10\/03\/en-mazatlan-jose-luis-arreola-y-sonia-cruz-a-la-dirigencia-municipal-del-pri\/#primaryimage"},"image":{"@id":"https:\/\/fuentesfidedignas.com.mx\/index.php\/2023\/10\/03\/en-mazatlan-jose-luis-arreola-y-sonia-cruz-a-la-dirigencia-municipal-del-pri\/#primaryimage"},"thumbnailUrl":"https:\/\/fuentesfidedignas.com.mx\/wp-content\/uploads\/2023\/10\/Imagen-de-WhatsApp-2023-10-03-a-las-13.21.49_fed54609.jpg","datePublished":"2023-10-03T20:45:33+00:00","dateModified":"2023-10-03T20:46:50+00:00","breadcrumb":{"@id":"https:\/\/fuentesfidedignas.com.mx\/index.php\/2023\/10\/03\/en-mazatlan-jose-luis-arreola-y-sonia-cruz-a-la-dirigencia-municipal-del-pri\/#breadcrumb"},"inLanguage":"es","potentialAction":[{"@type":"ReadAction","target":["https:\/\/fuentesfidedignas.com.mx\/index.php\/2023\/10\/03\/en-mazatlan-jose-luis-arreola-y-sonia-cruz-a-la-dirigencia-municipal-del-pri\/"]}]},{"@type":"ImageObject","inLanguage":"es","@id":"https:\/\/fuentesfidedignas.com.mx\/index.php\/2023\/10\/03\/en-mazatlan-jose-luis-arreola-y-sonia-cruz-a-la-dirigencia-municipal-del-pri\/#primaryimage","url":"https:\/\/fuentesfidedignas.com.mx\/wp-content\/uploads\/2023\/10\/Imagen-de-WhatsApp-2023-10-03-a-las-13.21.49_fed54609.jpg","contentUrl":"https:\/\/fuentesfidedignas.com.mx\/wp-content\/uploads\/2023\/10\/Imagen-de-WhatsApp-2023-10-03-a-las-13.21.49_fed54609.jpg","width":1600,"height":900},{"@type":"BreadcrumbList","@id":"https:\/\/fuentesfidedignas.com.mx\/index.php\/2023\/10\/03\/en-mazatlan-jose-luis-arreola-y-sonia-cruz-a-la-dirigencia-municipal-del-pri\/#breadcrumb","itemListElement":[{"@type":"ListItem","position":1,"name":"Inicio","item":"https:\/\/fuentesfidedignas.com.mx\/"},{"@type":"ListItem","position":2,"name":"En Mazatl\u00e1n, Jos\u00e9 Luis Arreola y Sonia Cruz, a la dirigencia municipal del PRI"}]},{"@type":"WebSite","@id":"https:\/\/fuentesfidedignas.com.mx\/#website","url":"https:\/\/fuentesfidedignas.com.mx\/","name":"Fuentes Fidedignas","description":"Otro sitio realizado con WordPress","publisher":{"@id":"https:\/\/fuentesfidedignas.com.mx\/#organization"},"potentialAction":[{"@type":"SearchAction","target":{"@type":"EntryPoint","urlTemplate":"https:\/\/fuentesfidedignas.com.mx\/?s={search_term_string}"},"query-input":{"@type":"PropertyValueSpecification","valueRequired":true,"valueName":"search_term_string"}}],"inLanguage":"es"},{"@type":"Organization","@id":"https:\/\/fuentesfidedignas.com.mx\/#organization","name":"Fuentes Fidedignas","url":"https:\/\/fuentesfidedignas.com.mx\/","logo":{"@type":"ImageObject","inLanguage":"es","@id":"https:\/\/fuentesfidedignas.com.mx\/#\/schema\/logo\/image\/","url":"https:\/\/fuentesfidedignas.com.mx\/wp-content\/uploads\/2021\/04\/logo-retina.png","contentUrl":"https:\/\/fuentesfidedignas.com.mx\/wp-content\/uploads\/2021\/04\/logo-retina.png","width":280,"height":51,"caption":"Fuentes Fidedignas"},"image":{"@id":"https:\/\/fuentesfidedignas.com.mx\/#\/schema\/logo\/image\/"},"sameAs":["https:\/\/www.facebook.com\/Fuentes-Fidedignas-368234489921644","https:\/\/x.com\/fidedignas"]},{"@type":"Person","@id":"https:\/\/fuentesfidedignas.com.mx\/#\/schema\/person\/331be9283d37198e2acd5750279085b0","name":"Redacci\u00f3n","image":{"@type":"ImageObject","inLanguage":"es","@id":"https:\/\/secure.gravatar.com\/avatar\/f6d8782c11d12b2d4ad3fbb6931aeab5309937a4d6cd2fc9cfaa28a6396a5aec?s=96&d=mm&r=g","url":"https:\/\/secure.gravatar.com\/avatar\/f6d8782c11d12b2d4ad3fbb6931aeab5309937a4d6cd2fc9cfaa28a6396a5aec?s=96&d=mm&r=g","contentUrl":"https:\/\/secure.gravatar.com\/avatar\/f6d8782c11d12b2d4ad3fbb6931aeab5309937a4d6cd2fc9cfaa28a6396a5aec?s=96&d=mm&r=g","caption":"Redacci\u00f3n"},"url":"https:\/\/fuentesfidedignas.com.mx\/index.php\/author\/redaccion\/"}]}},"_links":{"self":[{"href":"https:\/\/fuentesfidedignas.com.mx\/index.php\/wp-json\/wp\/v2\/posts\/61182","targetHints":{"allow":["GET"]}}],"collection":[{"href":"https:\/\/fuentesfidedignas.com.mx\/index.php\/wp-json\/wp\/v2\/posts"}],"about":[{"href":"https:\/\/fuentesfidedignas.com.mx\/index.php\/wp-json\/wp\/v2\/types\/post"}],"author":[{"embeddable":true,"href":"https:\/\/fuentesfidedignas.com.mx\/index.php\/wp-json\/wp\/v2\/users\/4"}],"replies":[{"embeddable":true,"href":"https:\/\/fuentesfidedignas.com.mx\/index.php\/wp-json\/wp\/v2\/comments?post=61182"}],"version-history":[{"count":1,"href":"https:\/\/fuentesfidedignas.com.mx\/index.php\/wp-json\/wp\/v2\/posts\/61182\/revisions"}],"predecessor-version":[{"id":61183,"href":"https:\/\/fuentesfidedignas.com.mx\/index.php\/wp-json\/wp\/v2\/posts\/61182\/revisions\/61183"}],"wp:featuredmedia":[{"embeddable":true,"href":"https:\/\/fuentesfidedignas.com.mx\/index.php\/wp-json\/wp\/v2\/media\/61185"}],"wp:attachment":[{"href":"https:\/\/fuentesfidedignas.com.mx\/index.php\/wp-json\/wp\/v2\/media?parent=61182"}],"wp:term":[{"taxonomy":"category","embeddable":true,"href":"https:\/\/fuentesfidedignas.com.mx\/index.php\/wp-json\/wp\/v2\/categories?post=61182"},{"taxonomy":"post_tag","embeddable":true,"href":"https:\/\/fuentesfidedignas.com.mx\/index.php\/wp-json\/wp\/v2\/tags?post=61182"}],"curies":[{"name":"wp","href":"https:\/\/api.w.org\/{rel}","templated":true}]}}