{"id":61178,"date":"2023-10-03T13:35:57","date_gmt":"2023-10-03T20:35:57","guid":{"rendered":"https:\/\/fuentesfidedignas.com.mx\/?p=61178"},"modified":"2023-10-03T13:48:12","modified_gmt":"2023-10-03T20:48:12","slug":"buscan-realizar-foro-nacional-agropecuario-y-atender-escasez-de-agua-en-sinaloa","status":"publish","type":"post","link":"https:\/\/fuentesfidedignas.com.mx\/index.php\/2023\/10\/03\/buscan-realizar-foro-nacional-agropecuario-y-atender-escasez-de-agua-en-sinaloa\/","title":{"rendered":"Buscan realizar Foro Nacional Agropecuario y atender escasez de agua en Sinaloa"},"content":{"rendered":"\n<p><\/p>\n\n\n\n<p>Culiac\u00e1n, Sin. La Comisi\u00f3n Permanente de Asuntos Agropecuarios del Congreso del Estado de Sinaloa aprob\u00f3 dos acuerdos de manera un\u00e1nime para pedirle a la Junta de Coordinaci\u00f3n Pol\u00edtica haga llegar al Pleno de la 64 Legislatura propuestas para convocar a Foro Nacional Agropecuario y solicitar al Congreso de la Uni\u00f3n un apoyo extraordinario para planificar acciones ante el panorama cr\u00edtico que representa la escasez de agua en Sinaloa para 2024.<\/p>\n\n\n\n<p>Votaron a favor las diputadas y el diputado Serapio Vargas Ram\u00edrez, Cinthia Valenzuela Langarica, Mar\u00eda Victoria S\u00e1nchez Pe\u00f1a y Alba Virgen Montes \u00c1lvarez, presidente, secretaria y vocales, respectivamente.<\/p>\n\n\n\n<p>El diputado de Morena Serapio Vargas Ram\u00edrez, presidente de la Comisi\u00f3n, afirm\u00f3 que se propone que la 64 Legislatura convoque a un Foro Nacional Agropecuario para construir iniciativas para reformar el art\u00edculo 27 constitucional que permitan la recuperaci\u00f3n del campo mexicano, y por otro lado se detonen respuestas ante el per\u00edodo prolongado de sequ\u00eda que se avecina.<\/p>\n\n\n\n<p>Manifest\u00f3 que existe un consenso agr\u00edcola para que elaborar iniciativas que permitan corregir y modificar la reforma de 1992 y la Ley Agraria de 1993, que afectaron seriamente al sector rural y as\u00ed poder consolidar los programas sociales en beneficio del campo.<\/p>\n\n\n\n<p>Respecto a la sequ\u00eda, sostuvo que desde el a\u00f1o 2012 no se presentaba un problema tan serio para Sinaloa como el que se vislumbra a octubre de 2023 en escasez de agua puesto que el almacenaje en las prestas es apenas el 28.5 por ciento, 48 por ciento menos que el a\u00f1o pasado a esta misma fecha.<\/p>\n\n\n\n<p>Sostuvo que este panorama preocupa pues en Sinaloa se siembran m\u00e1s de 800 mil hect\u00e1reas de riego y se requieren normalmente ocho mil millones de metros c\u00fabicos de agua almacenada para poder desarrollar un ciclo agr\u00edcola. \u201cNos faltan 4 mil 500 millones de metros c\u00fabicos\u201d, lament\u00f3.<\/p>\n\n\n\n<p>Puntualiz\u00f3 que se deben buscar reuniones urgentes con los Poderes del Estado y la federaci\u00f3n, SADER y CONAGUA para rescatar, extraer, reutilizar y ahorrar agua, y hacer ajustes al Presupuesto Federal para 2024, sobre las cuotas de ingreso de los m\u00f3dulos de riego y planificar el ciclo agr\u00edcola para enfrentar la sequ\u00eda.<\/p>\n\n\n\n<p>La diputada del Grupo Plural Cinthia Valenzuela Langarica, secretaria de la Comisi\u00f3n, manifest\u00f3 su respaldo a las propuestas ante el panorama tan preocupante. \u201cSinaloa es el coraz\u00f3n agr\u00edcola de M\u00e9xico, hag\u00e1moslo valer\u201d, dijo.<\/p>\n\n\n\n<p>Manifest\u00f3 que los \u00edndices de almacenamiento de agua son preocupantes y lament\u00f3 que el bombardeo de nubes no dio resultados suficientes. \u201cSe necesita un informe de este programa\u201d, dijo al se\u00f1alar que hay 14 millones de pesos para el rescate de agua y el a\u00f1o pasado no se ejercieron 7 millones para el mismo prop\u00f3sito.<\/p>\n\n\n\n<p>La diputada de Morena Mar\u00eda Victoria S\u00e1nchez Pe\u00f1a expuso que se debe trabajar tambi\u00e9n sobre la protecci\u00f3n y recolecci\u00f3n de agua en los mantos acu\u00edferos y en materia de reforestaci\u00f3n, as\u00ed como revisar los programas de apoyo a los ejidatarios.<\/p>\n\n\n\n<p>Afirm\u00f3 que es necesario trabajar en un proyecto que atienda las presas para que no se sigan azolvando y se brinde apoyo tambi\u00e9n a productores de peque\u00f1as superficies, que incluso no tienen sistemas de bombeo de agua.<\/p>\n\n\n\n<p>La diputada del PAS Alba Virgen Montes \u00c1lvarez manifest\u00f3 su apoyo a las propuestas ya que Sinaloa es un estado eminentemente agr\u00edcola y las tem\u00e1ticas expuestas son de impacto nacional.<\/p>\n\n\n\n<p>\u201cEl estado de las presas es el m\u00e1s bajo en los \u00faltimos 20 a\u00f1os seg\u00fan la Comisi\u00f3n Nacional del Agua\u201d, expres\u00f3 al se\u00f1alar una situaci\u00f3n de afectaci\u00f3n severa en diez municipios seg\u00fan datos de la Comisi\u00f3n Nacional del Agua.<\/p>\n\n\n\n<p>Le legisladora plante\u00f3 sea sometido ante el Pleno un punto de acuerdo para hacer un exhorto al Congreso de la Uni\u00f3n para solicitar se incluya en el Decreto de Presupuesto de Egresos para el Ejercicio Fiscal 2024 recursos suficientes para otorgar un apoyo extraordinario a los productores del campo sinaloense que se ver\u00e1n afectados por la sequ\u00eda, as\u00ed como a toda la poblaci\u00f3n a causa de esta cat\u00e1strofe natural.<\/p>\n","protected":false},"excerpt":{"rendered":"<p>Culiac\u00e1n, Sin. La Comisi\u00f3n Permanente de Asuntos Agropecuarios del Congreso del Estado de Sinaloa aprob\u00f3 dos acuerdos de manera un\u00e1nime para pedirle a la Junta de Coordinaci\u00f3n Pol\u00edtica haga llegar al Pleno de la 64 Legislatura propuestas para convocar a Foro Nacional Agropecuario y solicitar al Congreso de la Uni\u00f3n un apoyo extraordinario para planificar [&hellip;]<\/p>\n","protected":false},"author":4,"featured_media":61180,"comment_status":"open","ping_status":"open","sticky":false,"template":"","format":"standard","meta":{"tdm_status":"","tdm_grid_status":"","footnotes":""},"categories":[1],"tags":[],"class_list":{"0":"post-61178","1":"post","2":"type-post","3":"status-publish","4":"format-standard","5":"has-post-thumbnail","7":"category-sin-categoria"},"yoast_head":"<!-- This site is optimized with the Yoast SEO plugin v27.5 - https:\/\/yoast.com\/product\/yoast-seo-wordpress\/ -->\n<title>Buscan realizar Foro Nacional Agropecuario y atender escasez de agua en Sinaloa - Fuentes Fidedignas<\/title>\n<meta name=\"robots\" content=\"index, follow, max-snippet:-1, max-image-preview:large, max-video-preview:-1\" \/>\n<link rel=\"canonical\" href=\"https:\/\/fuentesfidedignas.com.mx\/index.php\/2023\/10\/03\/buscan-realizar-foro-nacional-agropecuario-y-atender-escasez-de-agua-en-sinaloa\/\" \/>\n<meta property=\"og:locale\" content=\"es_MX\" \/>\n<meta property=\"og:type\" content=\"article\" \/>\n<meta property=\"og:title\" content=\"Buscan realizar Foro Nacional Agropecuario y atender escasez de agua en Sinaloa - Fuentes Fidedignas\" \/>\n<meta property=\"og:description\" content=\"Culiac\u00e1n, Sin. La Comisi\u00f3n Permanente de Asuntos Agropecuarios del Congreso del Estado de Sinaloa aprob\u00f3 dos acuerdos de manera un\u00e1nime para pedirle a la Junta de Coordinaci\u00f3n Pol\u00edtica haga llegar al Pleno de la 64 Legislatura propuestas para convocar a Foro Nacional Agropecuario y solicitar al Congreso de la Uni\u00f3n un apoyo extraordinario para planificar [&hellip;]\" \/>\n<meta property=\"og:url\" content=\"https:\/\/fuentesfidedignas.com.mx\/index.php\/2023\/10\/03\/buscan-realizar-foro-nacional-agropecuario-y-atender-escasez-de-agua-en-sinaloa\/\" \/>\n<meta property=\"og:site_name\" content=\"Fuentes Fidedignas\" \/>\n<meta property=\"article:publisher\" content=\"https:\/\/www.facebook.com\/Fuentes-Fidedignas-368234489921644\" \/>\n<meta property=\"article:published_time\" content=\"2023-10-03T20:35:57+00:00\" \/>\n<meta property=\"article:modified_time\" content=\"2023-10-03T20:48:12+00:00\" \/>\n<meta property=\"og:image\" content=\"https:\/\/fuentesfidedignas.com.mx\/wp-content\/uploads\/2023\/10\/IMG-20231003-WA0033.jpg\" \/>\n\t<meta property=\"og:image:width\" content=\"1600\" \/>\n\t<meta property=\"og:image:height\" content=\"1070\" \/>\n\t<meta property=\"og:image:type\" content=\"image\/jpeg\" \/>\n<meta name=\"author\" content=\"Redacci\u00f3n\" \/>\n<meta name=\"twitter:card\" content=\"summary_large_image\" \/>\n<meta name=\"twitter:creator\" content=\"@fidedignas\" \/>\n<meta name=\"twitter:site\" content=\"@fidedignas\" \/>\n<meta name=\"twitter:label1\" content=\"Escrito por\" \/>\n\t<meta name=\"twitter:data1\" content=\"Redacci\u00f3n\" \/>\n\t<meta name=\"twitter:label2\" content=\"Tiempo de lectura\" \/>\n\t<meta name=\"twitter:data2\" content=\"4 minutos\" \/>\n<script type=\"application\/ld+json\" class=\"yoast-schema-graph\">{\"@context\":\"https:\\\/\\\/schema.org\",\"@graph\":[{\"@type\":\"Article\",\"@id\":\"https:\\\/\\\/fuentesfidedignas.com.mx\\\/index.php\\\/2023\\\/10\\\/03\\\/buscan-realizar-foro-nacional-agropecuario-y-atender-escasez-de-agua-en-sinaloa\\\/#article\",\"isPartOf\":{\"@id\":\"https:\\\/\\\/fuentesfidedignas.com.mx\\\/index.php\\\/2023\\\/10\\\/03\\\/buscan-realizar-foro-nacional-agropecuario-y-atender-escasez-de-agua-en-sinaloa\\\/\"},\"author\":{\"name\":\"Redacci\u00f3n\",\"@id\":\"https:\\\/\\\/fuentesfidedignas.com.mx\\\/#\\\/schema\\\/person\\\/331be9283d37198e2acd5750279085b0\"},\"headline\":\"Buscan realizar Foro Nacional Agropecuario y atender escasez de agua en Sinaloa\",\"datePublished\":\"2023-10-03T20:35:57+00:00\",\"dateModified\":\"2023-10-03T20:48:12+00:00\",\"mainEntityOfPage\":{\"@id\":\"https:\\\/\\\/fuentesfidedignas.com.mx\\\/index.php\\\/2023\\\/10\\\/03\\\/buscan-realizar-foro-nacional-agropecuario-y-atender-escasez-de-agua-en-sinaloa\\\/\"},\"wordCount\":713,\"commentCount\":0,\"publisher\":{\"@id\":\"https:\\\/\\\/fuentesfidedignas.com.mx\\\/#organization\"},\"image\":{\"@id\":\"https:\\\/\\\/fuentesfidedignas.com.mx\\\/index.php\\\/2023\\\/10\\\/03\\\/buscan-realizar-foro-nacional-agropecuario-y-atender-escasez-de-agua-en-sinaloa\\\/#primaryimage\"},\"thumbnailUrl\":\"https:\\\/\\\/fuentesfidedignas.com.mx\\\/wp-content\\\/uploads\\\/2023\\\/10\\\/IMG-20231003-WA0033.jpg\",\"inLanguage\":\"es\",\"potentialAction\":[{\"@type\":\"CommentAction\",\"name\":\"Comment\",\"target\":[\"https:\\\/\\\/fuentesfidedignas.com.mx\\\/index.php\\\/2023\\\/10\\\/03\\\/buscan-realizar-foro-nacional-agropecuario-y-atender-escasez-de-agua-en-sinaloa\\\/#respond\"]}]},{\"@type\":\"WebPage\",\"@id\":\"https:\\\/\\\/fuentesfidedignas.com.mx\\\/index.php\\\/2023\\\/10\\\/03\\\/buscan-realizar-foro-nacional-agropecuario-y-atender-escasez-de-agua-en-sinaloa\\\/\",\"url\":\"https:\\\/\\\/fuentesfidedignas.com.mx\\\/index.php\\\/2023\\\/10\\\/03\\\/buscan-realizar-foro-nacional-agropecuario-y-atender-escasez-de-agua-en-sinaloa\\\/\",\"name\":\"Buscan realizar Foro Nacional Agropecuario y atender escasez de agua en Sinaloa - Fuentes Fidedignas\",\"isPartOf\":{\"@id\":\"https:\\\/\\\/fuentesfidedignas.com.mx\\\/#website\"},\"primaryImageOfPage\":{\"@id\":\"https:\\\/\\\/fuentesfidedignas.com.mx\\\/index.php\\\/2023\\\/10\\\/03\\\/buscan-realizar-foro-nacional-agropecuario-y-atender-escasez-de-agua-en-sinaloa\\\/#primaryimage\"},\"image\":{\"@id\":\"https:\\\/\\\/fuentesfidedignas.com.mx\\\/index.php\\\/2023\\\/10\\\/03\\\/buscan-realizar-foro-nacional-agropecuario-y-atender-escasez-de-agua-en-sinaloa\\\/#primaryimage\"},\"thumbnailUrl\":\"https:\\\/\\\/fuentesfidedignas.com.mx\\\/wp-content\\\/uploads\\\/2023\\\/10\\\/IMG-20231003-WA0033.jpg\",\"datePublished\":\"2023-10-03T20:35:57+00:00\",\"dateModified\":\"2023-10-03T20:48:12+00:00\",\"breadcrumb\":{\"@id\":\"https:\\\/\\\/fuentesfidedignas.com.mx\\\/index.php\\\/2023\\\/10\\\/03\\\/buscan-realizar-foro-nacional-agropecuario-y-atender-escasez-de-agua-en-sinaloa\\\/#breadcrumb\"},\"inLanguage\":\"es\",\"potentialAction\":[{\"@type\":\"ReadAction\",\"target\":[\"https:\\\/\\\/fuentesfidedignas.com.mx\\\/index.php\\\/2023\\\/10\\\/03\\\/buscan-realizar-foro-nacional-agropecuario-y-atender-escasez-de-agua-en-sinaloa\\\/\"]}]},{\"@type\":\"ImageObject\",\"inLanguage\":\"es\",\"@id\":\"https:\\\/\\\/fuentesfidedignas.com.mx\\\/index.php\\\/2023\\\/10\\\/03\\\/buscan-realizar-foro-nacional-agropecuario-y-atender-escasez-de-agua-en-sinaloa\\\/#primaryimage\",\"url\":\"https:\\\/\\\/fuentesfidedignas.com.mx\\\/wp-content\\\/uploads\\\/2023\\\/10\\\/IMG-20231003-WA0033.jpg\",\"contentUrl\":\"https:\\\/\\\/fuentesfidedignas.com.mx\\\/wp-content\\\/uploads\\\/2023\\\/10\\\/IMG-20231003-WA0033.jpg\",\"width\":1600,\"height\":1070},{\"@type\":\"BreadcrumbList\",\"@id\":\"https:\\\/\\\/fuentesfidedignas.com.mx\\\/index.php\\\/2023\\\/10\\\/03\\\/buscan-realizar-foro-nacional-agropecuario-y-atender-escasez-de-agua-en-sinaloa\\\/#breadcrumb\",\"itemListElement\":[{\"@type\":\"ListItem\",\"position\":1,\"name\":\"Inicio\",\"item\":\"https:\\\/\\\/fuentesfidedignas.com.mx\\\/\"},{\"@type\":\"ListItem\",\"position\":2,\"name\":\"Buscan realizar Foro Nacional Agropecuario y atender escasez de agua en Sinaloa\"}]},{\"@type\":\"WebSite\",\"@id\":\"https:\\\/\\\/fuentesfidedignas.com.mx\\\/#website\",\"url\":\"https:\\\/\\\/fuentesfidedignas.com.mx\\\/\",\"name\":\"Fuentes Fidedignas\",\"description\":\"Otro sitio realizado con WordPress\",\"publisher\":{\"@id\":\"https:\\\/\\\/fuentesfidedignas.com.mx\\\/#organization\"},\"potentialAction\":[{\"@type\":\"SearchAction\",\"target\":{\"@type\":\"EntryPoint\",\"urlTemplate\":\"https:\\\/\\\/fuentesfidedignas.com.mx\\\/?s={search_term_string}\"},\"query-input\":{\"@type\":\"PropertyValueSpecification\",\"valueRequired\":true,\"valueName\":\"search_term_string\"}}],\"inLanguage\":\"es\"},{\"@type\":\"Organization\",\"@id\":\"https:\\\/\\\/fuentesfidedignas.com.mx\\\/#organization\",\"name\":\"Fuentes Fidedignas\",\"url\":\"https:\\\/\\\/fuentesfidedignas.com.mx\\\/\",\"logo\":{\"@type\":\"ImageObject\",\"inLanguage\":\"es\",\"@id\":\"https:\\\/\\\/fuentesfidedignas.com.mx\\\/#\\\/schema\\\/logo\\\/image\\\/\",\"url\":\"https:\\\/\\\/fuentesfidedignas.com.mx\\\/wp-content\\\/uploads\\\/2021\\\/04\\\/logo-retina.png\",\"contentUrl\":\"https:\\\/\\\/fuentesfidedignas.com.mx\\\/wp-content\\\/uploads\\\/2021\\\/04\\\/logo-retina.png\",\"width\":280,\"height\":51,\"caption\":\"Fuentes Fidedignas\"},\"image\":{\"@id\":\"https:\\\/\\\/fuentesfidedignas.com.mx\\\/#\\\/schema\\\/logo\\\/image\\\/\"},\"sameAs\":[\"https:\\\/\\\/www.facebook.com\\\/Fuentes-Fidedignas-368234489921644\",\"https:\\\/\\\/x.com\\\/fidedignas\"]},{\"@type\":\"Person\",\"@id\":\"https:\\\/\\\/fuentesfidedignas.com.mx\\\/#\\\/schema\\\/person\\\/331be9283d37198e2acd5750279085b0\",\"name\":\"Redacci\u00f3n\",\"image\":{\"@type\":\"ImageObject\",\"inLanguage\":\"es\",\"@id\":\"https:\\\/\\\/secure.gravatar.com\\\/avatar\\\/f6d8782c11d12b2d4ad3fbb6931aeab5309937a4d6cd2fc9cfaa28a6396a5aec?s=96&d=mm&r=g\",\"url\":\"https:\\\/\\\/secure.gravatar.com\\\/avatar\\\/f6d8782c11d12b2d4ad3fbb6931aeab5309937a4d6cd2fc9cfaa28a6396a5aec?s=96&d=mm&r=g\",\"contentUrl\":\"https:\\\/\\\/secure.gravatar.com\\\/avatar\\\/f6d8782c11d12b2d4ad3fbb6931aeab5309937a4d6cd2fc9cfaa28a6396a5aec?s=96&d=mm&r=g\",\"caption\":\"Redacci\u00f3n\"},\"url\":\"https:\\\/\\\/fuentesfidedignas.com.mx\\\/index.php\\\/author\\\/redaccion\\\/\"}]}<\/script>\n<!-- \/ Yoast SEO plugin. -->","yoast_head_json":{"title":"Buscan realizar Foro Nacional Agropecuario y atender escasez de agua en Sinaloa - Fuentes Fidedignas","robots":{"index":"index","follow":"follow","max-snippet":"max-snippet:-1","max-image-preview":"max-image-preview:large","max-video-preview":"max-video-preview:-1"},"canonical":"https:\/\/fuentesfidedignas.com.mx\/index.php\/2023\/10\/03\/buscan-realizar-foro-nacional-agropecuario-y-atender-escasez-de-agua-en-sinaloa\/","og_locale":"es_MX","og_type":"article","og_title":"Buscan realizar Foro Nacional Agropecuario y atender escasez de agua en Sinaloa - Fuentes Fidedignas","og_description":"Culiac\u00e1n, Sin. La Comisi\u00f3n Permanente de Asuntos Agropecuarios del Congreso del Estado de Sinaloa aprob\u00f3 dos acuerdos de manera un\u00e1nime para pedirle a la Junta de Coordinaci\u00f3n Pol\u00edtica haga llegar al Pleno de la 64 Legislatura propuestas para convocar a Foro Nacional Agropecuario y solicitar al Congreso de la Uni\u00f3n un apoyo extraordinario para planificar [&hellip;]","og_url":"https:\/\/fuentesfidedignas.com.mx\/index.php\/2023\/10\/03\/buscan-realizar-foro-nacional-agropecuario-y-atender-escasez-de-agua-en-sinaloa\/","og_site_name":"Fuentes Fidedignas","article_publisher":"https:\/\/www.facebook.com\/Fuentes-Fidedignas-368234489921644","article_published_time":"2023-10-03T20:35:57+00:00","article_modified_time":"2023-10-03T20:48:12+00:00","og_image":[{"width":1600,"height":1070,"url":"https:\/\/fuentesfidedignas.com.mx\/wp-content\/uploads\/2023\/10\/IMG-20231003-WA0033.jpg","type":"image\/jpeg"}],"author":"Redacci\u00f3n","twitter_card":"summary_large_image","twitter_creator":"@fidedignas","twitter_site":"@fidedignas","twitter_misc":{"Escrito por":"Redacci\u00f3n","Tiempo de lectura":"4 minutos"},"schema":{"@context":"https:\/\/schema.org","@graph":[{"@type":"Article","@id":"https:\/\/fuentesfidedignas.com.mx\/index.php\/2023\/10\/03\/buscan-realizar-foro-nacional-agropecuario-y-atender-escasez-de-agua-en-sinaloa\/#article","isPartOf":{"@id":"https:\/\/fuentesfidedignas.com.mx\/index.php\/2023\/10\/03\/buscan-realizar-foro-nacional-agropecuario-y-atender-escasez-de-agua-en-sinaloa\/"},"author":{"name":"Redacci\u00f3n","@id":"https:\/\/fuentesfidedignas.com.mx\/#\/schema\/person\/331be9283d37198e2acd5750279085b0"},"headline":"Buscan realizar Foro Nacional Agropecuario y atender escasez de agua en Sinaloa","datePublished":"2023-10-03T20:35:57+00:00","dateModified":"2023-10-03T20:48:12+00:00","mainEntityOfPage":{"@id":"https:\/\/fuentesfidedignas.com.mx\/index.php\/2023\/10\/03\/buscan-realizar-foro-nacional-agropecuario-y-atender-escasez-de-agua-en-sinaloa\/"},"wordCount":713,"commentCount":0,"publisher":{"@id":"https:\/\/fuentesfidedignas.com.mx\/#organization"},"image":{"@id":"https:\/\/fuentesfidedignas.com.mx\/index.php\/2023\/10\/03\/buscan-realizar-foro-nacional-agropecuario-y-atender-escasez-de-agua-en-sinaloa\/#primaryimage"},"thumbnailUrl":"https:\/\/fuentesfidedignas.com.mx\/wp-content\/uploads\/2023\/10\/IMG-20231003-WA0033.jpg","inLanguage":"es","potentialAction":[{"@type":"CommentAction","name":"Comment","target":["https:\/\/fuentesfidedignas.com.mx\/index.php\/2023\/10\/03\/buscan-realizar-foro-nacional-agropecuario-y-atender-escasez-de-agua-en-sinaloa\/#respond"]}]},{"@type":"WebPage","@id":"https:\/\/fuentesfidedignas.com.mx\/index.php\/2023\/10\/03\/buscan-realizar-foro-nacional-agropecuario-y-atender-escasez-de-agua-en-sinaloa\/","url":"https:\/\/fuentesfidedignas.com.mx\/index.php\/2023\/10\/03\/buscan-realizar-foro-nacional-agropecuario-y-atender-escasez-de-agua-en-sinaloa\/","name":"Buscan realizar Foro Nacional Agropecuario y atender escasez de agua en Sinaloa - Fuentes Fidedignas","isPartOf":{"@id":"https:\/\/fuentesfidedignas.com.mx\/#website"},"primaryImageOfPage":{"@id":"https:\/\/fuentesfidedignas.com.mx\/index.php\/2023\/10\/03\/buscan-realizar-foro-nacional-agropecuario-y-atender-escasez-de-agua-en-sinaloa\/#primaryimage"},"image":{"@id":"https:\/\/fuentesfidedignas.com.mx\/index.php\/2023\/10\/03\/buscan-realizar-foro-nacional-agropecuario-y-atender-escasez-de-agua-en-sinaloa\/#primaryimage"},"thumbnailUrl":"https:\/\/fuentesfidedignas.com.mx\/wp-content\/uploads\/2023\/10\/IMG-20231003-WA0033.jpg","datePublished":"2023-10-03T20:35:57+00:00","dateModified":"2023-10-03T20:48:12+00:00","breadcrumb":{"@id":"https:\/\/fuentesfidedignas.com.mx\/index.php\/2023\/10\/03\/buscan-realizar-foro-nacional-agropecuario-y-atender-escasez-de-agua-en-sinaloa\/#breadcrumb"},"inLanguage":"es","potentialAction":[{"@type":"ReadAction","target":["https:\/\/fuentesfidedignas.com.mx\/index.php\/2023\/10\/03\/buscan-realizar-foro-nacional-agropecuario-y-atender-escasez-de-agua-en-sinaloa\/"]}]},{"@type":"ImageObject","inLanguage":"es","@id":"https:\/\/fuentesfidedignas.com.mx\/index.php\/2023\/10\/03\/buscan-realizar-foro-nacional-agropecuario-y-atender-escasez-de-agua-en-sinaloa\/#primaryimage","url":"https:\/\/fuentesfidedignas.com.mx\/wp-content\/uploads\/2023\/10\/IMG-20231003-WA0033.jpg","contentUrl":"https:\/\/fuentesfidedignas.com.mx\/wp-content\/uploads\/2023\/10\/IMG-20231003-WA0033.jpg","width":1600,"height":1070},{"@type":"BreadcrumbList","@id":"https:\/\/fuentesfidedignas.com.mx\/index.php\/2023\/10\/03\/buscan-realizar-foro-nacional-agropecuario-y-atender-escasez-de-agua-en-sinaloa\/#breadcrumb","itemListElement":[{"@type":"ListItem","position":1,"name":"Inicio","item":"https:\/\/fuentesfidedignas.com.mx\/"},{"@type":"ListItem","position":2,"name":"Buscan realizar Foro Nacional Agropecuario y atender escasez de agua en Sinaloa"}]},{"@type":"WebSite","@id":"https:\/\/fuentesfidedignas.com.mx\/#website","url":"https:\/\/fuentesfidedignas.com.mx\/","name":"Fuentes Fidedignas","description":"Otro sitio realizado con WordPress","publisher":{"@id":"https:\/\/fuentesfidedignas.com.mx\/#organization"},"potentialAction":[{"@type":"SearchAction","target":{"@type":"EntryPoint","urlTemplate":"https:\/\/fuentesfidedignas.com.mx\/?s={search_term_string}"},"query-input":{"@type":"PropertyValueSpecification","valueRequired":true,"valueName":"search_term_string"}}],"inLanguage":"es"},{"@type":"Organization","@id":"https:\/\/fuentesfidedignas.com.mx\/#organization","name":"Fuentes Fidedignas","url":"https:\/\/fuentesfidedignas.com.mx\/","logo":{"@type":"ImageObject","inLanguage":"es","@id":"https:\/\/fuentesfidedignas.com.mx\/#\/schema\/logo\/image\/","url":"https:\/\/fuentesfidedignas.com.mx\/wp-content\/uploads\/2021\/04\/logo-retina.png","contentUrl":"https:\/\/fuentesfidedignas.com.mx\/wp-content\/uploads\/2021\/04\/logo-retina.png","width":280,"height":51,"caption":"Fuentes Fidedignas"},"image":{"@id":"https:\/\/fuentesfidedignas.com.mx\/#\/schema\/logo\/image\/"},"sameAs":["https:\/\/www.facebook.com\/Fuentes-Fidedignas-368234489921644","https:\/\/x.com\/fidedignas"]},{"@type":"Person","@id":"https:\/\/fuentesfidedignas.com.mx\/#\/schema\/person\/331be9283d37198e2acd5750279085b0","name":"Redacci\u00f3n","image":{"@type":"ImageObject","inLanguage":"es","@id":"https:\/\/secure.gravatar.com\/avatar\/f6d8782c11d12b2d4ad3fbb6931aeab5309937a4d6cd2fc9cfaa28a6396a5aec?s=96&d=mm&r=g","url":"https:\/\/secure.gravatar.com\/avatar\/f6d8782c11d12b2d4ad3fbb6931aeab5309937a4d6cd2fc9cfaa28a6396a5aec?s=96&d=mm&r=g","contentUrl":"https:\/\/secure.gravatar.com\/avatar\/f6d8782c11d12b2d4ad3fbb6931aeab5309937a4d6cd2fc9cfaa28a6396a5aec?s=96&d=mm&r=g","caption":"Redacci\u00f3n"},"url":"https:\/\/fuentesfidedignas.com.mx\/index.php\/author\/redaccion\/"}]}},"_links":{"self":[{"href":"https:\/\/fuentesfidedignas.com.mx\/index.php\/wp-json\/wp\/v2\/posts\/61178","targetHints":{"allow":["GET"]}}],"collection":[{"href":"https:\/\/fuentesfidedignas.com.mx\/index.php\/wp-json\/wp\/v2\/posts"}],"about":[{"href":"https:\/\/fuentesfidedignas.com.mx\/index.php\/wp-json\/wp\/v2\/types\/post"}],"author":[{"embeddable":true,"href":"https:\/\/fuentesfidedignas.com.mx\/index.php\/wp-json\/wp\/v2\/users\/4"}],"replies":[{"embeddable":true,"href":"https:\/\/fuentesfidedignas.com.mx\/index.php\/wp-json\/wp\/v2\/comments?post=61178"}],"version-history":[{"count":1,"href":"https:\/\/fuentesfidedignas.com.mx\/index.php\/wp-json\/wp\/v2\/posts\/61178\/revisions"}],"predecessor-version":[{"id":61179,"href":"https:\/\/fuentesfidedignas.com.mx\/index.php\/wp-json\/wp\/v2\/posts\/61178\/revisions\/61179"}],"wp:featuredmedia":[{"embeddable":true,"href":"https:\/\/fuentesfidedignas.com.mx\/index.php\/wp-json\/wp\/v2\/media\/61180"}],"wp:attachment":[{"href":"https:\/\/fuentesfidedignas.com.mx\/index.php\/wp-json\/wp\/v2\/media?parent=61178"}],"wp:term":[{"taxonomy":"category","embeddable":true,"href":"https:\/\/fuentesfidedignas.com.mx\/index.php\/wp-json\/wp\/v2\/categories?post=61178"},{"taxonomy":"post_tag","embeddable":true,"href":"https:\/\/fuentesfidedignas.com.mx\/index.php\/wp-json\/wp\/v2\/tags?post=61178"}],"curies":[{"name":"wp","href":"https:\/\/api.w.org\/{rel}","templated":true}]}}