{"id":61054,"date":"2023-10-03T01:43:53","date_gmt":"2023-10-03T08:43:53","guid":{"rendered":"https:\/\/fuentesfidedignas.com.mx\/?p=61054"},"modified":"2023-10-03T06:18:32","modified_gmt":"2023-10-03T13:18:32","slug":"alumnos-de-la-preparatoria-rafael-buelna-dan-esperanza-a-cientos-de-tortugas-marinas","status":"publish","type":"post","link":"https:\/\/fuentesfidedignas.com.mx\/index.php\/2023\/10\/03\/alumnos-de-la-preparatoria-rafael-buelna-dan-esperanza-a-cientos-de-tortugas-marinas\/","title":{"rendered":"Alumnos de la Preparatoria Rafael Buelna dan esperanza a cientos de tortugas marinas"},"content":{"rendered":"\n<p>Alrededor de 80 alumnos de tercer grado Fase ciencias qu\u00edmico- biol\u00f3gicas de la Preparatoria Rafael Buelna Tenorio de la Universidad Aut\u00f3noma de Sinaloa (UAS), vivieron la grata experiencia de liberar a cientos de tortugas marinas en las playas de Ceuta, en la Cruz de Elota, esto con el prop\u00f3sito de de aumentar las probabilidades de que sobrevivan, ya que varias de estas especies se encuentran amenazadas o incluso en peligro de extinci\u00f3n.<\/p>\n\n\n\n<figure class=\"wp-block-image size-large\"><img decoding=\"async\" width=\"1024\" height=\"626\" src=\"https:\/\/fuentesfidedignas.com.mx\/wp-content\/uploads\/2023\/10\/1000139414-1024x626.jpg\" alt=\"\" class=\"wp-image-61055\" srcset=\"https:\/\/fuentesfidedignas.com.mx\/wp-content\/uploads\/2023\/10\/1000139414-1024x626.jpg 1024w, https:\/\/fuentesfidedignas.com.mx\/wp-content\/uploads\/2023\/10\/1000139414-300x183.jpg 300w, https:\/\/fuentesfidedignas.com.mx\/wp-content\/uploads\/2023\/10\/1000139414-768x469.jpg 768w, https:\/\/fuentesfidedignas.com.mx\/wp-content\/uploads\/2023\/10\/1000139414-1536x939.jpg 1536w, https:\/\/fuentesfidedignas.com.mx\/wp-content\/uploads\/2023\/10\/1000139414-696x425.jpg 696w, https:\/\/fuentesfidedignas.com.mx\/wp-content\/uploads\/2023\/10\/1000139414-1068x653.jpg 1068w, https:\/\/fuentesfidedignas.com.mx\/wp-content\/uploads\/2023\/10\/1000139414-687x420.jpg 687w, https:\/\/fuentesfidedignas.com.mx\/wp-content\/uploads\/2023\/10\/1000139414.jpg 1600w\" sizes=\"(max-width: 1024px) 100vw, 1024px\" \/><\/figure>\n\n\n\n<p>Juan Hinojosa Pardo director de dicha unidad acad\u00e9mica, detall\u00f3 que esta actividad es parte de un plan de fortalecimiento proped\u00e9utico, que ya se ha llevado a cabo a\u00f1os anteriores, pero por primera ocasi\u00f3n tuvieron la invitaci\u00f3n por parte de la Facultad de biolog\u00eda a esta actividad.&nbsp;<\/p>\n\n\n\n<p>\u201cFortalecer el aspecto vocacional de los alumnos para la elecci\u00f3n libre de su carrera que est\u00e1n pr\u00f3ximos ellos en febrero a preinscribirse y entre otras cosas que vivan lo que son las actividades de campo las facultades hermanas de nuestra universidad y que vean toda la riqueza que pueden obtener por parte de la universidad\u201d, indic\u00f3.&nbsp;<\/p>\n\n\n\n<figure class=\"wp-block-image size-large\"><img decoding=\"async\" width=\"768\" height=\"1024\" src=\"https:\/\/fuentesfidedignas.com.mx\/wp-content\/uploads\/2023\/10\/1000139413-768x1024.jpg\" alt=\"\" class=\"wp-image-61056\" srcset=\"https:\/\/fuentesfidedignas.com.mx\/wp-content\/uploads\/2023\/10\/1000139413-768x1024.jpg 768w, https:\/\/fuentesfidedignas.com.mx\/wp-content\/uploads\/2023\/10\/1000139413-225x300.jpg 225w, https:\/\/fuentesfidedignas.com.mx\/wp-content\/uploads\/2023\/10\/1000139413-1152x1536.jpg 1152w, https:\/\/fuentesfidedignas.com.mx\/wp-content\/uploads\/2023\/10\/1000139413-696x928.jpg 696w, https:\/\/fuentesfidedignas.com.mx\/wp-content\/uploads\/2023\/10\/1000139413-1068x1424.jpg 1068w, https:\/\/fuentesfidedignas.com.mx\/wp-content\/uploads\/2023\/10\/1000139413-315x420.jpg 315w, https:\/\/fuentesfidedignas.com.mx\/wp-content\/uploads\/2023\/10\/1000139413.jpg 1200w\" sizes=\"(max-width: 768px) 100vw, 768px\" \/><\/figure>\n\n\n\n<p>Asimismo, destac\u00f3 que este tipo de actividades entran en el nuevo modelo educativo, que encabeza el Rector, doctor Jes\u00fas Madue\u00f1a Molina, enfocado principalmente en el sentido humanista; por su parte algunas de las alumnas asistentes agradecieron a la UAS por&nbsp;involucrarlos&nbsp;en estas actividades en beneficio al enriquecimiento de su educaci\u00f3n y a la vez a favor de la naturaleza<\/p>\n\n\n\n<p>\u201cLo considero importante ya que siento que nos puede fomentar m\u00e1s para el mejoramiento de h\u00e1bitos que podemos tener en cuesti\u00f3n de la naturaleza, por el tema del calentamiento global y los problemas clim\u00e1ticos\u201d, expres\u00f3 Raquel Romero Pereda, alumna asistente a liberaci\u00f3n de tortugas.&nbsp;<\/p>\n\n\n\n<p>\u201cFue una experiencia muy bonita, considero que fue \u00fanica ya que jam\u00e1s me hab\u00eda tocado observar la liberaci\u00f3n de tortugas; los maestros y estudiantes de la Facultad de Biolog\u00eda nos explicaron muy bien el proceso desde su nacimiento hasta que son liberadas\u201d, extern\u00f3 Diana Chaidez P\u00e9rez, alumna asistente a la liberaci\u00f3n de tortugas.<\/p>\n","protected":false},"excerpt":{"rendered":"<p>Alrededor de 80 alumnos de tercer grado Fase ciencias qu\u00edmico- biol\u00f3gicas de la Preparatoria Rafael Buelna Tenorio de la Universidad Aut\u00f3noma de Sinaloa (UAS), vivieron la grata experiencia de liberar a cientos de tortugas marinas en las playas de Ceuta, en la Cruz de Elota, esto con el prop\u00f3sito de de aumentar las probabilidades de [&hellip;]<\/p>\n","protected":false},"author":4,"featured_media":61058,"comment_status":"open","ping_status":"open","sticky":false,"template":"","format":"standard","meta":{"tdm_status":"","tdm_grid_status":"","footnotes":""},"categories":[32,36],"tags":[],"class_list":{"0":"post-61054","1":"post","2":"type-post","3":"status-publish","4":"format-standard","5":"has-post-thumbnail","7":"category-derechos-animales","8":"category-semanales"},"yoast_head":"<!-- This site is optimized with the Yoast SEO plugin v27.5 - https:\/\/yoast.com\/product\/yoast-seo-wordpress\/ -->\n<title>Alumnos de la Preparatoria Rafael Buelna dan esperanza a cientos de tortugas marinas - Fuentes Fidedignas<\/title>\n<meta name=\"robots\" content=\"index, follow, max-snippet:-1, max-image-preview:large, max-video-preview:-1\" \/>\n<link rel=\"canonical\" href=\"https:\/\/fuentesfidedignas.com.mx\/index.php\/2023\/10\/03\/alumnos-de-la-preparatoria-rafael-buelna-dan-esperanza-a-cientos-de-tortugas-marinas\/\" \/>\n<meta property=\"og:locale\" content=\"es_MX\" \/>\n<meta property=\"og:type\" content=\"article\" \/>\n<meta property=\"og:title\" content=\"Alumnos de la Preparatoria Rafael Buelna dan esperanza a cientos de tortugas marinas - Fuentes Fidedignas\" \/>\n<meta property=\"og:description\" content=\"Alrededor de 80 alumnos de tercer grado Fase ciencias qu\u00edmico- biol\u00f3gicas de la Preparatoria Rafael Buelna Tenorio de la Universidad Aut\u00f3noma de Sinaloa (UAS), vivieron la grata experiencia de liberar a cientos de tortugas marinas en las playas de Ceuta, en la Cruz de Elota, esto con el prop\u00f3sito de de aumentar las probabilidades de [&hellip;]\" \/>\n<meta property=\"og:url\" content=\"https:\/\/fuentesfidedignas.com.mx\/index.php\/2023\/10\/03\/alumnos-de-la-preparatoria-rafael-buelna-dan-esperanza-a-cientos-de-tortugas-marinas\/\" \/>\n<meta property=\"og:site_name\" content=\"Fuentes Fidedignas\" \/>\n<meta property=\"article:publisher\" content=\"https:\/\/www.facebook.com\/Fuentes-Fidedignas-368234489921644\" \/>\n<meta property=\"article:published_time\" content=\"2023-10-03T08:43:53+00:00\" \/>\n<meta property=\"article:modified_time\" content=\"2023-10-03T13:18:32+00:00\" \/>\n<meta property=\"og:image\" content=\"https:\/\/fuentesfidedignas.com.mx\/wp-content\/uploads\/2023\/10\/PREPA-TORTUGAS-4.jpeg\" \/>\n\t<meta property=\"og:image:width\" content=\"900\" \/>\n\t<meta property=\"og:image:height\" content=\"740\" \/>\n\t<meta property=\"og:image:type\" content=\"image\/jpeg\" \/>\n<meta name=\"author\" content=\"Redacci\u00f3n\" \/>\n<meta name=\"twitter:card\" content=\"summary_large_image\" \/>\n<meta name=\"twitter:creator\" content=\"@fidedignas\" \/>\n<meta name=\"twitter:site\" content=\"@fidedignas\" \/>\n<meta name=\"twitter:label1\" content=\"Escrito por\" \/>\n\t<meta name=\"twitter:data1\" content=\"Redacci\u00f3n\" \/>\n\t<meta name=\"twitter:label2\" content=\"Tiempo de lectura\" \/>\n\t<meta name=\"twitter:data2\" content=\"2 minutos\" \/>\n<script type=\"application\/ld+json\" class=\"yoast-schema-graph\">{\"@context\":\"https:\\\/\\\/schema.org\",\"@graph\":[{\"@type\":\"Article\",\"@id\":\"https:\\\/\\\/fuentesfidedignas.com.mx\\\/index.php\\\/2023\\\/10\\\/03\\\/alumnos-de-la-preparatoria-rafael-buelna-dan-esperanza-a-cientos-de-tortugas-marinas\\\/#article\",\"isPartOf\":{\"@id\":\"https:\\\/\\\/fuentesfidedignas.com.mx\\\/index.php\\\/2023\\\/10\\\/03\\\/alumnos-de-la-preparatoria-rafael-buelna-dan-esperanza-a-cientos-de-tortugas-marinas\\\/\"},\"author\":{\"name\":\"Redacci\u00f3n\",\"@id\":\"https:\\\/\\\/fuentesfidedignas.com.mx\\\/#\\\/schema\\\/person\\\/331be9283d37198e2acd5750279085b0\"},\"headline\":\"Alumnos de la Preparatoria Rafael Buelna dan esperanza a cientos de tortugas marinas\",\"datePublished\":\"2023-10-03T08:43:53+00:00\",\"dateModified\":\"2023-10-03T13:18:32+00:00\",\"mainEntityOfPage\":{\"@id\":\"https:\\\/\\\/fuentesfidedignas.com.mx\\\/index.php\\\/2023\\\/10\\\/03\\\/alumnos-de-la-preparatoria-rafael-buelna-dan-esperanza-a-cientos-de-tortugas-marinas\\\/\"},\"wordCount\":376,\"commentCount\":0,\"publisher\":{\"@id\":\"https:\\\/\\\/fuentesfidedignas.com.mx\\\/#organization\"},\"image\":{\"@id\":\"https:\\\/\\\/fuentesfidedignas.com.mx\\\/index.php\\\/2023\\\/10\\\/03\\\/alumnos-de-la-preparatoria-rafael-buelna-dan-esperanza-a-cientos-de-tortugas-marinas\\\/#primaryimage\"},\"thumbnailUrl\":\"https:\\\/\\\/fuentesfidedignas.com.mx\\\/wp-content\\\/uploads\\\/2023\\\/10\\\/PREPA-TORTUGAS-4.jpeg\",\"articleSection\":[\"DERECHOS ANIMALES\",\"SEMANALES\"],\"inLanguage\":\"es\",\"potentialAction\":[{\"@type\":\"CommentAction\",\"name\":\"Comment\",\"target\":[\"https:\\\/\\\/fuentesfidedignas.com.mx\\\/index.php\\\/2023\\\/10\\\/03\\\/alumnos-de-la-preparatoria-rafael-buelna-dan-esperanza-a-cientos-de-tortugas-marinas\\\/#respond\"]}]},{\"@type\":\"WebPage\",\"@id\":\"https:\\\/\\\/fuentesfidedignas.com.mx\\\/index.php\\\/2023\\\/10\\\/03\\\/alumnos-de-la-preparatoria-rafael-buelna-dan-esperanza-a-cientos-de-tortugas-marinas\\\/\",\"url\":\"https:\\\/\\\/fuentesfidedignas.com.mx\\\/index.php\\\/2023\\\/10\\\/03\\\/alumnos-de-la-preparatoria-rafael-buelna-dan-esperanza-a-cientos-de-tortugas-marinas\\\/\",\"name\":\"Alumnos de la Preparatoria Rafael Buelna dan esperanza a cientos de tortugas marinas - Fuentes Fidedignas\",\"isPartOf\":{\"@id\":\"https:\\\/\\\/fuentesfidedignas.com.mx\\\/#website\"},\"primaryImageOfPage\":{\"@id\":\"https:\\\/\\\/fuentesfidedignas.com.mx\\\/index.php\\\/2023\\\/10\\\/03\\\/alumnos-de-la-preparatoria-rafael-buelna-dan-esperanza-a-cientos-de-tortugas-marinas\\\/#primaryimage\"},\"image\":{\"@id\":\"https:\\\/\\\/fuentesfidedignas.com.mx\\\/index.php\\\/2023\\\/10\\\/03\\\/alumnos-de-la-preparatoria-rafael-buelna-dan-esperanza-a-cientos-de-tortugas-marinas\\\/#primaryimage\"},\"thumbnailUrl\":\"https:\\\/\\\/fuentesfidedignas.com.mx\\\/wp-content\\\/uploads\\\/2023\\\/10\\\/PREPA-TORTUGAS-4.jpeg\",\"datePublished\":\"2023-10-03T08:43:53+00:00\",\"dateModified\":\"2023-10-03T13:18:32+00:00\",\"breadcrumb\":{\"@id\":\"https:\\\/\\\/fuentesfidedignas.com.mx\\\/index.php\\\/2023\\\/10\\\/03\\\/alumnos-de-la-preparatoria-rafael-buelna-dan-esperanza-a-cientos-de-tortugas-marinas\\\/#breadcrumb\"},\"inLanguage\":\"es\",\"potentialAction\":[{\"@type\":\"ReadAction\",\"target\":[\"https:\\\/\\\/fuentesfidedignas.com.mx\\\/index.php\\\/2023\\\/10\\\/03\\\/alumnos-de-la-preparatoria-rafael-buelna-dan-esperanza-a-cientos-de-tortugas-marinas\\\/\"]}]},{\"@type\":\"ImageObject\",\"inLanguage\":\"es\",\"@id\":\"https:\\\/\\\/fuentesfidedignas.com.mx\\\/index.php\\\/2023\\\/10\\\/03\\\/alumnos-de-la-preparatoria-rafael-buelna-dan-esperanza-a-cientos-de-tortugas-marinas\\\/#primaryimage\",\"url\":\"https:\\\/\\\/fuentesfidedignas.com.mx\\\/wp-content\\\/uploads\\\/2023\\\/10\\\/PREPA-TORTUGAS-4.jpeg\",\"contentUrl\":\"https:\\\/\\\/fuentesfidedignas.com.mx\\\/wp-content\\\/uploads\\\/2023\\\/10\\\/PREPA-TORTUGAS-4.jpeg\",\"width\":900,\"height\":740},{\"@type\":\"BreadcrumbList\",\"@id\":\"https:\\\/\\\/fuentesfidedignas.com.mx\\\/index.php\\\/2023\\\/10\\\/03\\\/alumnos-de-la-preparatoria-rafael-buelna-dan-esperanza-a-cientos-de-tortugas-marinas\\\/#breadcrumb\",\"itemListElement\":[{\"@type\":\"ListItem\",\"position\":1,\"name\":\"Inicio\",\"item\":\"https:\\\/\\\/fuentesfidedignas.com.mx\\\/\"},{\"@type\":\"ListItem\",\"position\":2,\"name\":\"Alumnos de la Preparatoria Rafael Buelna dan esperanza a cientos de tortugas marinas\"}]},{\"@type\":\"WebSite\",\"@id\":\"https:\\\/\\\/fuentesfidedignas.com.mx\\\/#website\",\"url\":\"https:\\\/\\\/fuentesfidedignas.com.mx\\\/\",\"name\":\"Fuentes Fidedignas\",\"description\":\"Otro sitio realizado con WordPress\",\"publisher\":{\"@id\":\"https:\\\/\\\/fuentesfidedignas.com.mx\\\/#organization\"},\"potentialAction\":[{\"@type\":\"SearchAction\",\"target\":{\"@type\":\"EntryPoint\",\"urlTemplate\":\"https:\\\/\\\/fuentesfidedignas.com.mx\\\/?s={search_term_string}\"},\"query-input\":{\"@type\":\"PropertyValueSpecification\",\"valueRequired\":true,\"valueName\":\"search_term_string\"}}],\"inLanguage\":\"es\"},{\"@type\":\"Organization\",\"@id\":\"https:\\\/\\\/fuentesfidedignas.com.mx\\\/#organization\",\"name\":\"Fuentes Fidedignas\",\"url\":\"https:\\\/\\\/fuentesfidedignas.com.mx\\\/\",\"logo\":{\"@type\":\"ImageObject\",\"inLanguage\":\"es\",\"@id\":\"https:\\\/\\\/fuentesfidedignas.com.mx\\\/#\\\/schema\\\/logo\\\/image\\\/\",\"url\":\"https:\\\/\\\/fuentesfidedignas.com.mx\\\/wp-content\\\/uploads\\\/2021\\\/04\\\/logo-retina.png\",\"contentUrl\":\"https:\\\/\\\/fuentesfidedignas.com.mx\\\/wp-content\\\/uploads\\\/2021\\\/04\\\/logo-retina.png\",\"width\":280,\"height\":51,\"caption\":\"Fuentes Fidedignas\"},\"image\":{\"@id\":\"https:\\\/\\\/fuentesfidedignas.com.mx\\\/#\\\/schema\\\/logo\\\/image\\\/\"},\"sameAs\":[\"https:\\\/\\\/www.facebook.com\\\/Fuentes-Fidedignas-368234489921644\",\"https:\\\/\\\/x.com\\\/fidedignas\"]},{\"@type\":\"Person\",\"@id\":\"https:\\\/\\\/fuentesfidedignas.com.mx\\\/#\\\/schema\\\/person\\\/331be9283d37198e2acd5750279085b0\",\"name\":\"Redacci\u00f3n\",\"image\":{\"@type\":\"ImageObject\",\"inLanguage\":\"es\",\"@id\":\"https:\\\/\\\/secure.gravatar.com\\\/avatar\\\/f6d8782c11d12b2d4ad3fbb6931aeab5309937a4d6cd2fc9cfaa28a6396a5aec?s=96&d=mm&r=g\",\"url\":\"https:\\\/\\\/secure.gravatar.com\\\/avatar\\\/f6d8782c11d12b2d4ad3fbb6931aeab5309937a4d6cd2fc9cfaa28a6396a5aec?s=96&d=mm&r=g\",\"contentUrl\":\"https:\\\/\\\/secure.gravatar.com\\\/avatar\\\/f6d8782c11d12b2d4ad3fbb6931aeab5309937a4d6cd2fc9cfaa28a6396a5aec?s=96&d=mm&r=g\",\"caption\":\"Redacci\u00f3n\"},\"url\":\"https:\\\/\\\/fuentesfidedignas.com.mx\\\/index.php\\\/author\\\/redaccion\\\/\"}]}<\/script>\n<!-- \/ Yoast SEO plugin. -->","yoast_head_json":{"title":"Alumnos de la Preparatoria Rafael Buelna dan esperanza a cientos de tortugas marinas - Fuentes Fidedignas","robots":{"index":"index","follow":"follow","max-snippet":"max-snippet:-1","max-image-preview":"max-image-preview:large","max-video-preview":"max-video-preview:-1"},"canonical":"https:\/\/fuentesfidedignas.com.mx\/index.php\/2023\/10\/03\/alumnos-de-la-preparatoria-rafael-buelna-dan-esperanza-a-cientos-de-tortugas-marinas\/","og_locale":"es_MX","og_type":"article","og_title":"Alumnos de la Preparatoria Rafael Buelna dan esperanza a cientos de tortugas marinas - Fuentes Fidedignas","og_description":"Alrededor de 80 alumnos de tercer grado Fase ciencias qu\u00edmico- biol\u00f3gicas de la Preparatoria Rafael Buelna Tenorio de la Universidad Aut\u00f3noma de Sinaloa (UAS), vivieron la grata experiencia de liberar a cientos de tortugas marinas en las playas de Ceuta, en la Cruz de Elota, esto con el prop\u00f3sito de de aumentar las probabilidades de [&hellip;]","og_url":"https:\/\/fuentesfidedignas.com.mx\/index.php\/2023\/10\/03\/alumnos-de-la-preparatoria-rafael-buelna-dan-esperanza-a-cientos-de-tortugas-marinas\/","og_site_name":"Fuentes Fidedignas","article_publisher":"https:\/\/www.facebook.com\/Fuentes-Fidedignas-368234489921644","article_published_time":"2023-10-03T08:43:53+00:00","article_modified_time":"2023-10-03T13:18:32+00:00","og_image":[{"width":900,"height":740,"url":"https:\/\/fuentesfidedignas.com.mx\/wp-content\/uploads\/2023\/10\/PREPA-TORTUGAS-4.jpeg","type":"image\/jpeg"}],"author":"Redacci\u00f3n","twitter_card":"summary_large_image","twitter_creator":"@fidedignas","twitter_site":"@fidedignas","twitter_misc":{"Escrito por":"Redacci\u00f3n","Tiempo de lectura":"2 minutos"},"schema":{"@context":"https:\/\/schema.org","@graph":[{"@type":"Article","@id":"https:\/\/fuentesfidedignas.com.mx\/index.php\/2023\/10\/03\/alumnos-de-la-preparatoria-rafael-buelna-dan-esperanza-a-cientos-de-tortugas-marinas\/#article","isPartOf":{"@id":"https:\/\/fuentesfidedignas.com.mx\/index.php\/2023\/10\/03\/alumnos-de-la-preparatoria-rafael-buelna-dan-esperanza-a-cientos-de-tortugas-marinas\/"},"author":{"name":"Redacci\u00f3n","@id":"https:\/\/fuentesfidedignas.com.mx\/#\/schema\/person\/331be9283d37198e2acd5750279085b0"},"headline":"Alumnos de la Preparatoria Rafael Buelna dan esperanza a cientos de tortugas marinas","datePublished":"2023-10-03T08:43:53+00:00","dateModified":"2023-10-03T13:18:32+00:00","mainEntityOfPage":{"@id":"https:\/\/fuentesfidedignas.com.mx\/index.php\/2023\/10\/03\/alumnos-de-la-preparatoria-rafael-buelna-dan-esperanza-a-cientos-de-tortugas-marinas\/"},"wordCount":376,"commentCount":0,"publisher":{"@id":"https:\/\/fuentesfidedignas.com.mx\/#organization"},"image":{"@id":"https:\/\/fuentesfidedignas.com.mx\/index.php\/2023\/10\/03\/alumnos-de-la-preparatoria-rafael-buelna-dan-esperanza-a-cientos-de-tortugas-marinas\/#primaryimage"},"thumbnailUrl":"https:\/\/fuentesfidedignas.com.mx\/wp-content\/uploads\/2023\/10\/PREPA-TORTUGAS-4.jpeg","articleSection":["DERECHOS ANIMALES","SEMANALES"],"inLanguage":"es","potentialAction":[{"@type":"CommentAction","name":"Comment","target":["https:\/\/fuentesfidedignas.com.mx\/index.php\/2023\/10\/03\/alumnos-de-la-preparatoria-rafael-buelna-dan-esperanza-a-cientos-de-tortugas-marinas\/#respond"]}]},{"@type":"WebPage","@id":"https:\/\/fuentesfidedignas.com.mx\/index.php\/2023\/10\/03\/alumnos-de-la-preparatoria-rafael-buelna-dan-esperanza-a-cientos-de-tortugas-marinas\/","url":"https:\/\/fuentesfidedignas.com.mx\/index.php\/2023\/10\/03\/alumnos-de-la-preparatoria-rafael-buelna-dan-esperanza-a-cientos-de-tortugas-marinas\/","name":"Alumnos de la Preparatoria Rafael Buelna dan esperanza a cientos de tortugas marinas - Fuentes Fidedignas","isPartOf":{"@id":"https:\/\/fuentesfidedignas.com.mx\/#website"},"primaryImageOfPage":{"@id":"https:\/\/fuentesfidedignas.com.mx\/index.php\/2023\/10\/03\/alumnos-de-la-preparatoria-rafael-buelna-dan-esperanza-a-cientos-de-tortugas-marinas\/#primaryimage"},"image":{"@id":"https:\/\/fuentesfidedignas.com.mx\/index.php\/2023\/10\/03\/alumnos-de-la-preparatoria-rafael-buelna-dan-esperanza-a-cientos-de-tortugas-marinas\/#primaryimage"},"thumbnailUrl":"https:\/\/fuentesfidedignas.com.mx\/wp-content\/uploads\/2023\/10\/PREPA-TORTUGAS-4.jpeg","datePublished":"2023-10-03T08:43:53+00:00","dateModified":"2023-10-03T13:18:32+00:00","breadcrumb":{"@id":"https:\/\/fuentesfidedignas.com.mx\/index.php\/2023\/10\/03\/alumnos-de-la-preparatoria-rafael-buelna-dan-esperanza-a-cientos-de-tortugas-marinas\/#breadcrumb"},"inLanguage":"es","potentialAction":[{"@type":"ReadAction","target":["https:\/\/fuentesfidedignas.com.mx\/index.php\/2023\/10\/03\/alumnos-de-la-preparatoria-rafael-buelna-dan-esperanza-a-cientos-de-tortugas-marinas\/"]}]},{"@type":"ImageObject","inLanguage":"es","@id":"https:\/\/fuentesfidedignas.com.mx\/index.php\/2023\/10\/03\/alumnos-de-la-preparatoria-rafael-buelna-dan-esperanza-a-cientos-de-tortugas-marinas\/#primaryimage","url":"https:\/\/fuentesfidedignas.com.mx\/wp-content\/uploads\/2023\/10\/PREPA-TORTUGAS-4.jpeg","contentUrl":"https:\/\/fuentesfidedignas.com.mx\/wp-content\/uploads\/2023\/10\/PREPA-TORTUGAS-4.jpeg","width":900,"height":740},{"@type":"BreadcrumbList","@id":"https:\/\/fuentesfidedignas.com.mx\/index.php\/2023\/10\/03\/alumnos-de-la-preparatoria-rafael-buelna-dan-esperanza-a-cientos-de-tortugas-marinas\/#breadcrumb","itemListElement":[{"@type":"ListItem","position":1,"name":"Inicio","item":"https:\/\/fuentesfidedignas.com.mx\/"},{"@type":"ListItem","position":2,"name":"Alumnos de la Preparatoria Rafael Buelna dan esperanza a cientos de tortugas marinas"}]},{"@type":"WebSite","@id":"https:\/\/fuentesfidedignas.com.mx\/#website","url":"https:\/\/fuentesfidedignas.com.mx\/","name":"Fuentes Fidedignas","description":"Otro sitio realizado con WordPress","publisher":{"@id":"https:\/\/fuentesfidedignas.com.mx\/#organization"},"potentialAction":[{"@type":"SearchAction","target":{"@type":"EntryPoint","urlTemplate":"https:\/\/fuentesfidedignas.com.mx\/?s={search_term_string}"},"query-input":{"@type":"PropertyValueSpecification","valueRequired":true,"valueName":"search_term_string"}}],"inLanguage":"es"},{"@type":"Organization","@id":"https:\/\/fuentesfidedignas.com.mx\/#organization","name":"Fuentes Fidedignas","url":"https:\/\/fuentesfidedignas.com.mx\/","logo":{"@type":"ImageObject","inLanguage":"es","@id":"https:\/\/fuentesfidedignas.com.mx\/#\/schema\/logo\/image\/","url":"https:\/\/fuentesfidedignas.com.mx\/wp-content\/uploads\/2021\/04\/logo-retina.png","contentUrl":"https:\/\/fuentesfidedignas.com.mx\/wp-content\/uploads\/2021\/04\/logo-retina.png","width":280,"height":51,"caption":"Fuentes Fidedignas"},"image":{"@id":"https:\/\/fuentesfidedignas.com.mx\/#\/schema\/logo\/image\/"},"sameAs":["https:\/\/www.facebook.com\/Fuentes-Fidedignas-368234489921644","https:\/\/x.com\/fidedignas"]},{"@type":"Person","@id":"https:\/\/fuentesfidedignas.com.mx\/#\/schema\/person\/331be9283d37198e2acd5750279085b0","name":"Redacci\u00f3n","image":{"@type":"ImageObject","inLanguage":"es","@id":"https:\/\/secure.gravatar.com\/avatar\/f6d8782c11d12b2d4ad3fbb6931aeab5309937a4d6cd2fc9cfaa28a6396a5aec?s=96&d=mm&r=g","url":"https:\/\/secure.gravatar.com\/avatar\/f6d8782c11d12b2d4ad3fbb6931aeab5309937a4d6cd2fc9cfaa28a6396a5aec?s=96&d=mm&r=g","contentUrl":"https:\/\/secure.gravatar.com\/avatar\/f6d8782c11d12b2d4ad3fbb6931aeab5309937a4d6cd2fc9cfaa28a6396a5aec?s=96&d=mm&r=g","caption":"Redacci\u00f3n"},"url":"https:\/\/fuentesfidedignas.com.mx\/index.php\/author\/redaccion\/"}]}},"_links":{"self":[{"href":"https:\/\/fuentesfidedignas.com.mx\/index.php\/wp-json\/wp\/v2\/posts\/61054","targetHints":{"allow":["GET"]}}],"collection":[{"href":"https:\/\/fuentesfidedignas.com.mx\/index.php\/wp-json\/wp\/v2\/posts"}],"about":[{"href":"https:\/\/fuentesfidedignas.com.mx\/index.php\/wp-json\/wp\/v2\/types\/post"}],"author":[{"embeddable":true,"href":"https:\/\/fuentesfidedignas.com.mx\/index.php\/wp-json\/wp\/v2\/users\/4"}],"replies":[{"embeddable":true,"href":"https:\/\/fuentesfidedignas.com.mx\/index.php\/wp-json\/wp\/v2\/comments?post=61054"}],"version-history":[{"count":2,"href":"https:\/\/fuentesfidedignas.com.mx\/index.php\/wp-json\/wp\/v2\/posts\/61054\/revisions"}],"predecessor-version":[{"id":61114,"href":"https:\/\/fuentesfidedignas.com.mx\/index.php\/wp-json\/wp\/v2\/posts\/61054\/revisions\/61114"}],"wp:featuredmedia":[{"embeddable":true,"href":"https:\/\/fuentesfidedignas.com.mx\/index.php\/wp-json\/wp\/v2\/media\/61058"}],"wp:attachment":[{"href":"https:\/\/fuentesfidedignas.com.mx\/index.php\/wp-json\/wp\/v2\/media?parent=61054"}],"wp:term":[{"taxonomy":"category","embeddable":true,"href":"https:\/\/fuentesfidedignas.com.mx\/index.php\/wp-json\/wp\/v2\/categories?post=61054"},{"taxonomy":"post_tag","embeddable":true,"href":"https:\/\/fuentesfidedignas.com.mx\/index.php\/wp-json\/wp\/v2\/tags?post=61054"}],"curies":[{"name":"wp","href":"https:\/\/api.w.org\/{rel}","templated":true}]}}