{"id":61020,"date":"2023-10-02T09:19:03","date_gmt":"2023-10-02T16:19:03","guid":{"rendered":"https:\/\/fuentesfidedignas.com.mx\/?p=61020"},"modified":"2023-10-02T13:26:13","modified_gmt":"2023-10-02T20:26:13","slug":"ataque-armado-en-playas-de-rosarito-bc-deja-cuatro-muertos","status":"publish","type":"post","link":"https:\/\/fuentesfidedignas.com.mx\/index.php\/2023\/10\/02\/ataque-armado-en-playas-de-rosarito-bc-deja-cuatro-muertos\/","title":{"rendered":"Ataque armado en Playas de Rosarito, BC, deja cuatro muertos #VIDEO"},"content":{"rendered":"\n<p><strong><em>La agresi\u00f3n armada ocurri\u00f3 la tarde del domingo en la zona conocida como Los Arenales, en la delegaci\u00f3n Primo Tapia de Playas de Rosarito<\/em><\/strong><\/p>\n\n\n\n<p>Baja California. Un\u00a0<strong>ataque armado<\/strong>\u00a0en\u00a0<strong>Playas de Rosarito<\/strong>, en\u00a0<strong>Baja California<\/strong>, dej\u00f3 un saldo de\u00a0<strong>cuatro personas muertas<\/strong>\u00a0y una m\u00e1s herida.<\/p>\n\n\n\n<figure class=\"wp-block-embed is-type-rich is-provider-twitter wp-block-embed-twitter\"><div class=\"wp-block-embed__wrapper\">\n<blockquote class=\"twitter-tweet\" data-width=\"550\" data-dnt=\"true\"><p lang=\"es\" dir=\"ltr\">Ataque armado en Playas de Rosarito, Baja California, deja cuatro muertos <a href=\"https:\/\/t.co\/hQG7bJUKYa\">pic.twitter.com\/hQG7bJUKYa<\/a><\/p>&mdash; Fuentes Fidedignas (@Fidedignas) <a href=\"https:\/\/twitter.com\/Fidedignas\/status\/1708941191323205724?ref_src=twsrc%5Etfw\">October 2, 2023<\/a><\/blockquote><script async src=\"https:\/\/platform.twitter.com\/widgets.js\" charset=\"utf-8\"><\/script>\n<\/div><\/figure>\n\n\n\n<p>Medios locales detallaron que la agresi\u00f3n armada ocurri\u00f3 la tarde del domingo en la zona conocida como&nbsp;<strong>Los Arenales<\/strong>, en la&nbsp;<strong>delegaci\u00f3n Primo Tapia<\/strong>&nbsp;de Playas de Rosarito, donde sicarios dispararon a un grupo de personas y posteriormente huyeron.<\/p>\n\n\n\n<p>Lo anterior oblig\u00f3 a una fuerte movilizaci\u00f3n por parte de cuerpos policiacos y servicios de emergencia.<\/p>\n\n\n\n<p>Tres de los cuerpos quedaron a un costado de un autom\u00f3vil Jeep color rojo, mientras que un cuarto cad\u00e1ver fue ubicado justo a un costado de una cuatrimoto.<\/p>\n\n\n\n<p>En el sitio de los hechos fue localizada una mujer con lesiones de armas de fuego, por lo que fue trasladada de inmediato a un hospitalpara su atenci\u00f3n m\u00e9dica.<\/p>\n\n\n\n<p>Hasta el momento, ninguna autoridad ha informado sobre personas detenidas por este ataque armado en Baja California.<\/p>\n","protected":false},"excerpt":{"rendered":"<p>La agresi\u00f3n armada ocurri\u00f3 la tarde del domingo en la zona conocida como Los Arenales, en la delegaci\u00f3n Primo Tapia de Playas de Rosarito Baja California. Un\u00a0ataque armado\u00a0en\u00a0Playas de Rosarito, en\u00a0Baja California, dej\u00f3 un saldo de\u00a0cuatro personas muertas\u00a0y una m\u00e1s herida. Medios locales detallaron que la agresi\u00f3n armada ocurri\u00f3 la tarde del domingo en la [&hellip;]<\/p>\n","protected":false},"author":47,"featured_media":61022,"comment_status":"open","ping_status":"open","sticky":false,"template":"","format":"standard","meta":{"tdm_status":"","tdm_grid_status":"","footnotes":""},"categories":[39],"tags":[],"class_list":{"0":"post-61020","1":"post","2":"type-post","3":"status-publish","4":"format-standard","5":"has-post-thumbnail","7":"category-noticias-nacionales"},"yoast_head":"<!-- This site is optimized with the Yoast SEO plugin v27.5 - https:\/\/yoast.com\/product\/yoast-seo-wordpress\/ -->\n<title>Ataque armado en Playas de Rosarito, BC, deja cuatro muertos #VIDEO - Fuentes Fidedignas<\/title>\n<meta name=\"robots\" content=\"index, follow, max-snippet:-1, max-image-preview:large, max-video-preview:-1\" \/>\n<link rel=\"canonical\" href=\"https:\/\/fuentesfidedignas.com.mx\/index.php\/2023\/10\/02\/ataque-armado-en-playas-de-rosarito-bc-deja-cuatro-muertos\/\" \/>\n<meta property=\"og:locale\" content=\"es_MX\" \/>\n<meta property=\"og:type\" content=\"article\" \/>\n<meta property=\"og:title\" content=\"Ataque armado en Playas de Rosarito, BC, deja cuatro muertos #VIDEO - Fuentes Fidedignas\" \/>\n<meta property=\"og:description\" content=\"La agresi\u00f3n armada ocurri\u00f3 la tarde del domingo en la zona conocida como Los Arenales, en la delegaci\u00f3n Primo Tapia de Playas de Rosarito Baja California. Un\u00a0ataque armado\u00a0en\u00a0Playas de Rosarito, en\u00a0Baja California, dej\u00f3 un saldo de\u00a0cuatro personas muertas\u00a0y una m\u00e1s herida. Medios locales detallaron que la agresi\u00f3n armada ocurri\u00f3 la tarde del domingo en la [&hellip;]\" \/>\n<meta property=\"og:url\" content=\"https:\/\/fuentesfidedignas.com.mx\/index.php\/2023\/10\/02\/ataque-armado-en-playas-de-rosarito-bc-deja-cuatro-muertos\/\" \/>\n<meta property=\"og:site_name\" content=\"Fuentes Fidedignas\" \/>\n<meta property=\"article:publisher\" content=\"https:\/\/www.facebook.com\/Fuentes-Fidedignas-368234489921644\" \/>\n<meta property=\"article:published_time\" content=\"2023-10-02T16:19:03+00:00\" \/>\n<meta property=\"article:modified_time\" content=\"2023-10-02T20:26:13+00:00\" \/>\n<meta property=\"og:image\" content=\"https:\/\/fuentesfidedignas.com.mx\/wp-content\/uploads\/2023\/10\/images-6.jpeg\" \/>\n\t<meta property=\"og:image:width\" content=\"750\" \/>\n\t<meta property=\"og:image:height\" content=\"409\" \/>\n\t<meta property=\"og:image:type\" content=\"image\/jpeg\" \/>\n<meta name=\"author\" content=\"L\u00f3pez D\u00f3riga\" \/>\n<meta name=\"twitter:card\" content=\"summary_large_image\" \/>\n<meta name=\"twitter:creator\" content=\"@fidedignas\" \/>\n<meta name=\"twitter:site\" content=\"@fidedignas\" \/>\n<meta name=\"twitter:label1\" content=\"Escrito por\" \/>\n\t<meta name=\"twitter:data1\" content=\"L\u00f3pez D\u00f3riga\" \/>\n\t<meta name=\"twitter:label2\" content=\"Tiempo de lectura\" \/>\n\t<meta name=\"twitter:data2\" content=\"1 minuto\" \/>\n<script type=\"application\/ld+json\" class=\"yoast-schema-graph\">{\"@context\":\"https:\\\/\\\/schema.org\",\"@graph\":[{\"@type\":\"Article\",\"@id\":\"https:\\\/\\\/fuentesfidedignas.com.mx\\\/index.php\\\/2023\\\/10\\\/02\\\/ataque-armado-en-playas-de-rosarito-bc-deja-cuatro-muertos\\\/#article\",\"isPartOf\":{\"@id\":\"https:\\\/\\\/fuentesfidedignas.com.mx\\\/index.php\\\/2023\\\/10\\\/02\\\/ataque-armado-en-playas-de-rosarito-bc-deja-cuatro-muertos\\\/\"},\"author\":{\"name\":\"L\u00f3pez D\u00f3riga\",\"@id\":\"https:\\\/\\\/fuentesfidedignas.com.mx\\\/#\\\/schema\\\/person\\\/67d852f0557c8509146a4b9ddebd543a\"},\"headline\":\"Ataque armado en Playas de Rosarito, BC, deja cuatro muertos #VIDEO\",\"datePublished\":\"2023-10-02T16:19:03+00:00\",\"dateModified\":\"2023-10-02T20:26:13+00:00\",\"mainEntityOfPage\":{\"@id\":\"https:\\\/\\\/fuentesfidedignas.com.mx\\\/index.php\\\/2023\\\/10\\\/02\\\/ataque-armado-en-playas-de-rosarito-bc-deja-cuatro-muertos\\\/\"},\"wordCount\":211,\"commentCount\":0,\"publisher\":{\"@id\":\"https:\\\/\\\/fuentesfidedignas.com.mx\\\/#organization\"},\"image\":{\"@id\":\"https:\\\/\\\/fuentesfidedignas.com.mx\\\/index.php\\\/2023\\\/10\\\/02\\\/ataque-armado-en-playas-de-rosarito-bc-deja-cuatro-muertos\\\/#primaryimage\"},\"thumbnailUrl\":\"https:\\\/\\\/fuentesfidedignas.com.mx\\\/wp-content\\\/uploads\\\/2023\\\/10\\\/images-6.jpeg\",\"articleSection\":[\"NOTICIAS NACIONALES\"],\"inLanguage\":\"es\",\"potentialAction\":[{\"@type\":\"CommentAction\",\"name\":\"Comment\",\"target\":[\"https:\\\/\\\/fuentesfidedignas.com.mx\\\/index.php\\\/2023\\\/10\\\/02\\\/ataque-armado-en-playas-de-rosarito-bc-deja-cuatro-muertos\\\/#respond\"]}]},{\"@type\":\"WebPage\",\"@id\":\"https:\\\/\\\/fuentesfidedignas.com.mx\\\/index.php\\\/2023\\\/10\\\/02\\\/ataque-armado-en-playas-de-rosarito-bc-deja-cuatro-muertos\\\/\",\"url\":\"https:\\\/\\\/fuentesfidedignas.com.mx\\\/index.php\\\/2023\\\/10\\\/02\\\/ataque-armado-en-playas-de-rosarito-bc-deja-cuatro-muertos\\\/\",\"name\":\"Ataque armado en Playas de Rosarito, BC, deja cuatro muertos #VIDEO - Fuentes Fidedignas\",\"isPartOf\":{\"@id\":\"https:\\\/\\\/fuentesfidedignas.com.mx\\\/#website\"},\"primaryImageOfPage\":{\"@id\":\"https:\\\/\\\/fuentesfidedignas.com.mx\\\/index.php\\\/2023\\\/10\\\/02\\\/ataque-armado-en-playas-de-rosarito-bc-deja-cuatro-muertos\\\/#primaryimage\"},\"image\":{\"@id\":\"https:\\\/\\\/fuentesfidedignas.com.mx\\\/index.php\\\/2023\\\/10\\\/02\\\/ataque-armado-en-playas-de-rosarito-bc-deja-cuatro-muertos\\\/#primaryimage\"},\"thumbnailUrl\":\"https:\\\/\\\/fuentesfidedignas.com.mx\\\/wp-content\\\/uploads\\\/2023\\\/10\\\/images-6.jpeg\",\"datePublished\":\"2023-10-02T16:19:03+00:00\",\"dateModified\":\"2023-10-02T20:26:13+00:00\",\"breadcrumb\":{\"@id\":\"https:\\\/\\\/fuentesfidedignas.com.mx\\\/index.php\\\/2023\\\/10\\\/02\\\/ataque-armado-en-playas-de-rosarito-bc-deja-cuatro-muertos\\\/#breadcrumb\"},\"inLanguage\":\"es\",\"potentialAction\":[{\"@type\":\"ReadAction\",\"target\":[\"https:\\\/\\\/fuentesfidedignas.com.mx\\\/index.php\\\/2023\\\/10\\\/02\\\/ataque-armado-en-playas-de-rosarito-bc-deja-cuatro-muertos\\\/\"]}]},{\"@type\":\"ImageObject\",\"inLanguage\":\"es\",\"@id\":\"https:\\\/\\\/fuentesfidedignas.com.mx\\\/index.php\\\/2023\\\/10\\\/02\\\/ataque-armado-en-playas-de-rosarito-bc-deja-cuatro-muertos\\\/#primaryimage\",\"url\":\"https:\\\/\\\/fuentesfidedignas.com.mx\\\/wp-content\\\/uploads\\\/2023\\\/10\\\/images-6.jpeg\",\"contentUrl\":\"https:\\\/\\\/fuentesfidedignas.com.mx\\\/wp-content\\\/uploads\\\/2023\\\/10\\\/images-6.jpeg\",\"width\":750,\"height\":409},{\"@type\":\"BreadcrumbList\",\"@id\":\"https:\\\/\\\/fuentesfidedignas.com.mx\\\/index.php\\\/2023\\\/10\\\/02\\\/ataque-armado-en-playas-de-rosarito-bc-deja-cuatro-muertos\\\/#breadcrumb\",\"itemListElement\":[{\"@type\":\"ListItem\",\"position\":1,\"name\":\"Inicio\",\"item\":\"https:\\\/\\\/fuentesfidedignas.com.mx\\\/\"},{\"@type\":\"ListItem\",\"position\":2,\"name\":\"Ataque armado en Playas de Rosarito, BC, deja cuatro muertos #VIDEO\"}]},{\"@type\":\"WebSite\",\"@id\":\"https:\\\/\\\/fuentesfidedignas.com.mx\\\/#website\",\"url\":\"https:\\\/\\\/fuentesfidedignas.com.mx\\\/\",\"name\":\"Fuentes Fidedignas\",\"description\":\"Otro sitio realizado con WordPress\",\"publisher\":{\"@id\":\"https:\\\/\\\/fuentesfidedignas.com.mx\\\/#organization\"},\"potentialAction\":[{\"@type\":\"SearchAction\",\"target\":{\"@type\":\"EntryPoint\",\"urlTemplate\":\"https:\\\/\\\/fuentesfidedignas.com.mx\\\/?s={search_term_string}\"},\"query-input\":{\"@type\":\"PropertyValueSpecification\",\"valueRequired\":true,\"valueName\":\"search_term_string\"}}],\"inLanguage\":\"es\"},{\"@type\":\"Organization\",\"@id\":\"https:\\\/\\\/fuentesfidedignas.com.mx\\\/#organization\",\"name\":\"Fuentes Fidedignas\",\"url\":\"https:\\\/\\\/fuentesfidedignas.com.mx\\\/\",\"logo\":{\"@type\":\"ImageObject\",\"inLanguage\":\"es\",\"@id\":\"https:\\\/\\\/fuentesfidedignas.com.mx\\\/#\\\/schema\\\/logo\\\/image\\\/\",\"url\":\"https:\\\/\\\/fuentesfidedignas.com.mx\\\/wp-content\\\/uploads\\\/2021\\\/04\\\/logo-retina.png\",\"contentUrl\":\"https:\\\/\\\/fuentesfidedignas.com.mx\\\/wp-content\\\/uploads\\\/2021\\\/04\\\/logo-retina.png\",\"width\":280,\"height\":51,\"caption\":\"Fuentes Fidedignas\"},\"image\":{\"@id\":\"https:\\\/\\\/fuentesfidedignas.com.mx\\\/#\\\/schema\\\/logo\\\/image\\\/\"},\"sameAs\":[\"https:\\\/\\\/www.facebook.com\\\/Fuentes-Fidedignas-368234489921644\",\"https:\\\/\\\/x.com\\\/fidedignas\"]},{\"@type\":\"Person\",\"@id\":\"https:\\\/\\\/fuentesfidedignas.com.mx\\\/#\\\/schema\\\/person\\\/67d852f0557c8509146a4b9ddebd543a\",\"name\":\"L\u00f3pez D\u00f3riga\",\"image\":{\"@type\":\"ImageObject\",\"inLanguage\":\"es\",\"@id\":\"https:\\\/\\\/secure.gravatar.com\\\/avatar\\\/e525b06574ca18b33cded59dfe5778d6c823b9513154eff47da551b0551bdd1e?s=96&d=mm&r=g\",\"url\":\"https:\\\/\\\/secure.gravatar.com\\\/avatar\\\/e525b06574ca18b33cded59dfe5778d6c823b9513154eff47da551b0551bdd1e?s=96&d=mm&r=g\",\"contentUrl\":\"https:\\\/\\\/secure.gravatar.com\\\/avatar\\\/e525b06574ca18b33cded59dfe5778d6c823b9513154eff47da551b0551bdd1e?s=96&d=mm&r=g\",\"caption\":\"L\u00f3pez D\u00f3riga\"},\"url\":\"https:\\\/\\\/fuentesfidedignas.com.mx\\\/index.php\\\/author\\\/doriga\\\/\"}]}<\/script>\n<!-- \/ Yoast SEO plugin. -->","yoast_head_json":{"title":"Ataque armado en Playas de Rosarito, BC, deja cuatro muertos #VIDEO - Fuentes Fidedignas","robots":{"index":"index","follow":"follow","max-snippet":"max-snippet:-1","max-image-preview":"max-image-preview:large","max-video-preview":"max-video-preview:-1"},"canonical":"https:\/\/fuentesfidedignas.com.mx\/index.php\/2023\/10\/02\/ataque-armado-en-playas-de-rosarito-bc-deja-cuatro-muertos\/","og_locale":"es_MX","og_type":"article","og_title":"Ataque armado en Playas de Rosarito, BC, deja cuatro muertos #VIDEO - Fuentes Fidedignas","og_description":"La agresi\u00f3n armada ocurri\u00f3 la tarde del domingo en la zona conocida como Los Arenales, en la delegaci\u00f3n Primo Tapia de Playas de Rosarito Baja California. Un\u00a0ataque armado\u00a0en\u00a0Playas de Rosarito, en\u00a0Baja California, dej\u00f3 un saldo de\u00a0cuatro personas muertas\u00a0y una m\u00e1s herida. Medios locales detallaron que la agresi\u00f3n armada ocurri\u00f3 la tarde del domingo en la [&hellip;]","og_url":"https:\/\/fuentesfidedignas.com.mx\/index.php\/2023\/10\/02\/ataque-armado-en-playas-de-rosarito-bc-deja-cuatro-muertos\/","og_site_name":"Fuentes Fidedignas","article_publisher":"https:\/\/www.facebook.com\/Fuentes-Fidedignas-368234489921644","article_published_time":"2023-10-02T16:19:03+00:00","article_modified_time":"2023-10-02T20:26:13+00:00","og_image":[{"width":750,"height":409,"url":"https:\/\/fuentesfidedignas.com.mx\/wp-content\/uploads\/2023\/10\/images-6.jpeg","type":"image\/jpeg"}],"author":"L\u00f3pez D\u00f3riga","twitter_card":"summary_large_image","twitter_creator":"@fidedignas","twitter_site":"@fidedignas","twitter_misc":{"Escrito por":"L\u00f3pez D\u00f3riga","Tiempo de lectura":"1 minuto"},"schema":{"@context":"https:\/\/schema.org","@graph":[{"@type":"Article","@id":"https:\/\/fuentesfidedignas.com.mx\/index.php\/2023\/10\/02\/ataque-armado-en-playas-de-rosarito-bc-deja-cuatro-muertos\/#article","isPartOf":{"@id":"https:\/\/fuentesfidedignas.com.mx\/index.php\/2023\/10\/02\/ataque-armado-en-playas-de-rosarito-bc-deja-cuatro-muertos\/"},"author":{"name":"L\u00f3pez D\u00f3riga","@id":"https:\/\/fuentesfidedignas.com.mx\/#\/schema\/person\/67d852f0557c8509146a4b9ddebd543a"},"headline":"Ataque armado en Playas de Rosarito, BC, deja cuatro muertos #VIDEO","datePublished":"2023-10-02T16:19:03+00:00","dateModified":"2023-10-02T20:26:13+00:00","mainEntityOfPage":{"@id":"https:\/\/fuentesfidedignas.com.mx\/index.php\/2023\/10\/02\/ataque-armado-en-playas-de-rosarito-bc-deja-cuatro-muertos\/"},"wordCount":211,"commentCount":0,"publisher":{"@id":"https:\/\/fuentesfidedignas.com.mx\/#organization"},"image":{"@id":"https:\/\/fuentesfidedignas.com.mx\/index.php\/2023\/10\/02\/ataque-armado-en-playas-de-rosarito-bc-deja-cuatro-muertos\/#primaryimage"},"thumbnailUrl":"https:\/\/fuentesfidedignas.com.mx\/wp-content\/uploads\/2023\/10\/images-6.jpeg","articleSection":["NOTICIAS NACIONALES"],"inLanguage":"es","potentialAction":[{"@type":"CommentAction","name":"Comment","target":["https:\/\/fuentesfidedignas.com.mx\/index.php\/2023\/10\/02\/ataque-armado-en-playas-de-rosarito-bc-deja-cuatro-muertos\/#respond"]}]},{"@type":"WebPage","@id":"https:\/\/fuentesfidedignas.com.mx\/index.php\/2023\/10\/02\/ataque-armado-en-playas-de-rosarito-bc-deja-cuatro-muertos\/","url":"https:\/\/fuentesfidedignas.com.mx\/index.php\/2023\/10\/02\/ataque-armado-en-playas-de-rosarito-bc-deja-cuatro-muertos\/","name":"Ataque armado en Playas de Rosarito, BC, deja cuatro muertos #VIDEO - Fuentes Fidedignas","isPartOf":{"@id":"https:\/\/fuentesfidedignas.com.mx\/#website"},"primaryImageOfPage":{"@id":"https:\/\/fuentesfidedignas.com.mx\/index.php\/2023\/10\/02\/ataque-armado-en-playas-de-rosarito-bc-deja-cuatro-muertos\/#primaryimage"},"image":{"@id":"https:\/\/fuentesfidedignas.com.mx\/index.php\/2023\/10\/02\/ataque-armado-en-playas-de-rosarito-bc-deja-cuatro-muertos\/#primaryimage"},"thumbnailUrl":"https:\/\/fuentesfidedignas.com.mx\/wp-content\/uploads\/2023\/10\/images-6.jpeg","datePublished":"2023-10-02T16:19:03+00:00","dateModified":"2023-10-02T20:26:13+00:00","breadcrumb":{"@id":"https:\/\/fuentesfidedignas.com.mx\/index.php\/2023\/10\/02\/ataque-armado-en-playas-de-rosarito-bc-deja-cuatro-muertos\/#breadcrumb"},"inLanguage":"es","potentialAction":[{"@type":"ReadAction","target":["https:\/\/fuentesfidedignas.com.mx\/index.php\/2023\/10\/02\/ataque-armado-en-playas-de-rosarito-bc-deja-cuatro-muertos\/"]}]},{"@type":"ImageObject","inLanguage":"es","@id":"https:\/\/fuentesfidedignas.com.mx\/index.php\/2023\/10\/02\/ataque-armado-en-playas-de-rosarito-bc-deja-cuatro-muertos\/#primaryimage","url":"https:\/\/fuentesfidedignas.com.mx\/wp-content\/uploads\/2023\/10\/images-6.jpeg","contentUrl":"https:\/\/fuentesfidedignas.com.mx\/wp-content\/uploads\/2023\/10\/images-6.jpeg","width":750,"height":409},{"@type":"BreadcrumbList","@id":"https:\/\/fuentesfidedignas.com.mx\/index.php\/2023\/10\/02\/ataque-armado-en-playas-de-rosarito-bc-deja-cuatro-muertos\/#breadcrumb","itemListElement":[{"@type":"ListItem","position":1,"name":"Inicio","item":"https:\/\/fuentesfidedignas.com.mx\/"},{"@type":"ListItem","position":2,"name":"Ataque armado en Playas de Rosarito, BC, deja cuatro muertos #VIDEO"}]},{"@type":"WebSite","@id":"https:\/\/fuentesfidedignas.com.mx\/#website","url":"https:\/\/fuentesfidedignas.com.mx\/","name":"Fuentes Fidedignas","description":"Otro sitio realizado con WordPress","publisher":{"@id":"https:\/\/fuentesfidedignas.com.mx\/#organization"},"potentialAction":[{"@type":"SearchAction","target":{"@type":"EntryPoint","urlTemplate":"https:\/\/fuentesfidedignas.com.mx\/?s={search_term_string}"},"query-input":{"@type":"PropertyValueSpecification","valueRequired":true,"valueName":"search_term_string"}}],"inLanguage":"es"},{"@type":"Organization","@id":"https:\/\/fuentesfidedignas.com.mx\/#organization","name":"Fuentes Fidedignas","url":"https:\/\/fuentesfidedignas.com.mx\/","logo":{"@type":"ImageObject","inLanguage":"es","@id":"https:\/\/fuentesfidedignas.com.mx\/#\/schema\/logo\/image\/","url":"https:\/\/fuentesfidedignas.com.mx\/wp-content\/uploads\/2021\/04\/logo-retina.png","contentUrl":"https:\/\/fuentesfidedignas.com.mx\/wp-content\/uploads\/2021\/04\/logo-retina.png","width":280,"height":51,"caption":"Fuentes Fidedignas"},"image":{"@id":"https:\/\/fuentesfidedignas.com.mx\/#\/schema\/logo\/image\/"},"sameAs":["https:\/\/www.facebook.com\/Fuentes-Fidedignas-368234489921644","https:\/\/x.com\/fidedignas"]},{"@type":"Person","@id":"https:\/\/fuentesfidedignas.com.mx\/#\/schema\/person\/67d852f0557c8509146a4b9ddebd543a","name":"L\u00f3pez D\u00f3riga","image":{"@type":"ImageObject","inLanguage":"es","@id":"https:\/\/secure.gravatar.com\/avatar\/e525b06574ca18b33cded59dfe5778d6c823b9513154eff47da551b0551bdd1e?s=96&d=mm&r=g","url":"https:\/\/secure.gravatar.com\/avatar\/e525b06574ca18b33cded59dfe5778d6c823b9513154eff47da551b0551bdd1e?s=96&d=mm&r=g","contentUrl":"https:\/\/secure.gravatar.com\/avatar\/e525b06574ca18b33cded59dfe5778d6c823b9513154eff47da551b0551bdd1e?s=96&d=mm&r=g","caption":"L\u00f3pez D\u00f3riga"},"url":"https:\/\/fuentesfidedignas.com.mx\/index.php\/author\/doriga\/"}]}},"_links":{"self":[{"href":"https:\/\/fuentesfidedignas.com.mx\/index.php\/wp-json\/wp\/v2\/posts\/61020","targetHints":{"allow":["GET"]}}],"collection":[{"href":"https:\/\/fuentesfidedignas.com.mx\/index.php\/wp-json\/wp\/v2\/posts"}],"about":[{"href":"https:\/\/fuentesfidedignas.com.mx\/index.php\/wp-json\/wp\/v2\/types\/post"}],"author":[{"embeddable":true,"href":"https:\/\/fuentesfidedignas.com.mx\/index.php\/wp-json\/wp\/v2\/users\/47"}],"replies":[{"embeddable":true,"href":"https:\/\/fuentesfidedignas.com.mx\/index.php\/wp-json\/wp\/v2\/comments?post=61020"}],"version-history":[{"count":2,"href":"https:\/\/fuentesfidedignas.com.mx\/index.php\/wp-json\/wp\/v2\/posts\/61020\/revisions"}],"predecessor-version":[{"id":61047,"href":"https:\/\/fuentesfidedignas.com.mx\/index.php\/wp-json\/wp\/v2\/posts\/61020\/revisions\/61047"}],"wp:featuredmedia":[{"embeddable":true,"href":"https:\/\/fuentesfidedignas.com.mx\/index.php\/wp-json\/wp\/v2\/media\/61022"}],"wp:attachment":[{"href":"https:\/\/fuentesfidedignas.com.mx\/index.php\/wp-json\/wp\/v2\/media?parent=61020"}],"wp:term":[{"taxonomy":"category","embeddable":true,"href":"https:\/\/fuentesfidedignas.com.mx\/index.php\/wp-json\/wp\/v2\/categories?post=61020"},{"taxonomy":"post_tag","embeddable":true,"href":"https:\/\/fuentesfidedignas.com.mx\/index.php\/wp-json\/wp\/v2\/tags?post=61020"}],"curies":[{"name":"wp","href":"https:\/\/api.w.org\/{rel}","templated":true}]}}