{"id":60977,"date":"2023-10-01T19:36:45","date_gmt":"2023-10-02T02:36:45","guid":{"rendered":"https:\/\/fuentesfidedignas.com.mx\/?p=60977"},"modified":"2023-10-01T19:38:57","modified_gmt":"2023-10-02T02:38:57","slug":"alcalde-gildardo-leyva-premia-en-la-final-de-liga-de-futbol-ejidal-de-charay","status":"publish","type":"post","link":"https:\/\/fuentesfidedignas.com.mx\/index.php\/2023\/10\/01\/alcalde-gildardo-leyva-premia-en-la-final-de-liga-de-futbol-ejidal-de-charay\/","title":{"rendered":"Alcalde Gildardo Leyva premia en la final de Liga De F\u00fatbol Ejidal de Charay"},"content":{"rendered":"\n<p><strong><em>La final de esta liga se disput\u00f3 en el estadio del Campo Seco, entre Charay y La Constancia, en la rama varonil, resultando victorioso el equipo visitante. Mientras que la femenil fueron Vulpix las campeonas ante Aviaci\u00f3n FC<\/em><\/strong><\/p>\n\n\n\n<p>El Fuerte, Sinaloa a 01 de octubre del 2023.- Cerrando la semana con actividad deportiva, el Alcalde Gildardo Leyva Ortega, acudi\u00f3 a la sindicatura de Charay, atendiendo la invitaci\u00f3n a la final de la Liga de F\u00fatbol Ejidal de Charay, la cual se llev\u00f3 a cabo en el estadio de f\u00fatbol de la localidad de Campo Seco.<\/p>\n\n\n\n<p>Los equipos que contendieron por el primer lugar, fueron Charay y La Constancia en la categor\u00eda varonil, obteniendo el triunfo el equipo de La Constancia, con un marcador de tres a dos. El quil\u00f3 Vulpix obtuvo el campeonato en la categor\u00eda femenil, ganando ante Aviaci\u00f3n FC.<\/p>\n\n\n\n<figure class=\"wp-block-gallery has-nested-images columns-default is-cropped wp-block-gallery-1 is-layout-flex wp-block-gallery-is-layout-flex\">\n<figure class=\"wp-block-image size-large\"><img decoding=\"async\" width=\"682\" height=\"1024\" data-id=\"60978\" src=\"https:\/\/fuentesfidedignas.com.mx\/wp-content\/uploads\/2023\/10\/1000139052-682x1024.jpg\" alt=\"\" class=\"wp-image-60978\" srcset=\"https:\/\/fuentesfidedignas.com.mx\/wp-content\/uploads\/2023\/10\/1000139052-682x1024.jpg 682w, https:\/\/fuentesfidedignas.com.mx\/wp-content\/uploads\/2023\/10\/1000139052-200x300.jpg 200w, https:\/\/fuentesfidedignas.com.mx\/wp-content\/uploads\/2023\/10\/1000139052-768x1152.jpg 768w, https:\/\/fuentesfidedignas.com.mx\/wp-content\/uploads\/2023\/10\/1000139052-696x1044.jpg 696w, https:\/\/fuentesfidedignas.com.mx\/wp-content\/uploads\/2023\/10\/1000139052-280x420.jpg 280w, https:\/\/fuentesfidedignas.com.mx\/wp-content\/uploads\/2023\/10\/1000139052.jpg 853w\" sizes=\"(max-width: 682px) 100vw, 682px\" \/><\/figure>\n\n\n\n<figure class=\"wp-block-image size-large\"><img decoding=\"async\" width=\"682\" height=\"1024\" data-id=\"60979\" src=\"https:\/\/fuentesfidedignas.com.mx\/wp-content\/uploads\/2023\/10\/1000139073-682x1024.jpg\" alt=\"\" class=\"wp-image-60979\" srcset=\"https:\/\/fuentesfidedignas.com.mx\/wp-content\/uploads\/2023\/10\/1000139073-682x1024.jpg 682w, https:\/\/fuentesfidedignas.com.mx\/wp-content\/uploads\/2023\/10\/1000139073-200x300.jpg 200w, https:\/\/fuentesfidedignas.com.mx\/wp-content\/uploads\/2023\/10\/1000139073-768x1152.jpg 768w, https:\/\/fuentesfidedignas.com.mx\/wp-content\/uploads\/2023\/10\/1000139073-696x1044.jpg 696w, https:\/\/fuentesfidedignas.com.mx\/wp-content\/uploads\/2023\/10\/1000139073-280x420.jpg 280w, https:\/\/fuentesfidedignas.com.mx\/wp-content\/uploads\/2023\/10\/1000139073.jpg 853w\" sizes=\"(max-width: 682px) 100vw, 682px\" \/><\/figure>\n\n\n\n<figure class=\"wp-block-image size-large\"><img decoding=\"async\" width=\"1024\" height=\"682\" data-id=\"60980\" src=\"https:\/\/fuentesfidedignas.com.mx\/wp-content\/uploads\/2023\/10\/1000139061-1024x682.jpg\" alt=\"\" class=\"wp-image-60980\" srcset=\"https:\/\/fuentesfidedignas.com.mx\/wp-content\/uploads\/2023\/10\/1000139061-1024x682.jpg 1024w, https:\/\/fuentesfidedignas.com.mx\/wp-content\/uploads\/2023\/10\/1000139061-300x200.jpg 300w, https:\/\/fuentesfidedignas.com.mx\/wp-content\/uploads\/2023\/10\/1000139061-768x512.jpg 768w, https:\/\/fuentesfidedignas.com.mx\/wp-content\/uploads\/2023\/10\/1000139061-696x464.jpg 696w, https:\/\/fuentesfidedignas.com.mx\/wp-content\/uploads\/2023\/10\/1000139061-1068x712.jpg 1068w, https:\/\/fuentesfidedignas.com.mx\/wp-content\/uploads\/2023\/10\/1000139061-630x420.jpg 630w, https:\/\/fuentesfidedignas.com.mx\/wp-content\/uploads\/2023\/10\/1000139061.jpg 1280w\" sizes=\"(max-width: 1024px) 100vw, 1024px\" \/><\/figure>\n\n\n\n<figure class=\"wp-block-image size-large\"><img decoding=\"async\" width=\"682\" height=\"1024\" data-id=\"60982\" src=\"https:\/\/fuentesfidedignas.com.mx\/wp-content\/uploads\/2023\/10\/1000139079-682x1024.jpg\" alt=\"\" class=\"wp-image-60982\" srcset=\"https:\/\/fuentesfidedignas.com.mx\/wp-content\/uploads\/2023\/10\/1000139079-682x1024.jpg 682w, https:\/\/fuentesfidedignas.com.mx\/wp-content\/uploads\/2023\/10\/1000139079-200x300.jpg 200w, https:\/\/fuentesfidedignas.com.mx\/wp-content\/uploads\/2023\/10\/1000139079-768x1152.jpg 768w, https:\/\/fuentesfidedignas.com.mx\/wp-content\/uploads\/2023\/10\/1000139079-696x1044.jpg 696w, https:\/\/fuentesfidedignas.com.mx\/wp-content\/uploads\/2023\/10\/1000139079-280x420.jpg 280w, https:\/\/fuentesfidedignas.com.mx\/wp-content\/uploads\/2023\/10\/1000139079.jpg 853w\" sizes=\"(max-width: 682px) 100vw, 682px\" \/><\/figure>\n\n\n\n<figure class=\"wp-block-image size-large\"><img decoding=\"async\" width=\"750\" height=\"1024\" data-id=\"60981\" src=\"https:\/\/fuentesfidedignas.com.mx\/wp-content\/uploads\/2023\/10\/1000139046-750x1024.jpg\" alt=\"\" class=\"wp-image-60981\" srcset=\"https:\/\/fuentesfidedignas.com.mx\/wp-content\/uploads\/2023\/10\/1000139046-750x1024.jpg 750w, https:\/\/fuentesfidedignas.com.mx\/wp-content\/uploads\/2023\/10\/1000139046-220x300.jpg 220w, https:\/\/fuentesfidedignas.com.mx\/wp-content\/uploads\/2023\/10\/1000139046-768x1049.jpg 768w, https:\/\/fuentesfidedignas.com.mx\/wp-content\/uploads\/2023\/10\/1000139046-696x951.jpg 696w, https:\/\/fuentesfidedignas.com.mx\/wp-content\/uploads\/2023\/10\/1000139046-308x420.jpg 308w, https:\/\/fuentesfidedignas.com.mx\/wp-content\/uploads\/2023\/10\/1000139046.jpg 864w\" sizes=\"(max-width: 750px) 100vw, 750px\" \/><\/figure>\n\n\n\n<figure class=\"wp-block-image size-large\"><img decoding=\"async\" width=\"1024\" height=\"682\" data-id=\"60983\" src=\"https:\/\/fuentesfidedignas.com.mx\/wp-content\/uploads\/2023\/10\/1000139055-1024x682.jpg\" alt=\"\" class=\"wp-image-60983\" srcset=\"https:\/\/fuentesfidedignas.com.mx\/wp-content\/uploads\/2023\/10\/1000139055-1024x682.jpg 1024w, https:\/\/fuentesfidedignas.com.mx\/wp-content\/uploads\/2023\/10\/1000139055-300x200.jpg 300w, https:\/\/fuentesfidedignas.com.mx\/wp-content\/uploads\/2023\/10\/1000139055-768x512.jpg 768w, https:\/\/fuentesfidedignas.com.mx\/wp-content\/uploads\/2023\/10\/1000139055-696x464.jpg 696w, https:\/\/fuentesfidedignas.com.mx\/wp-content\/uploads\/2023\/10\/1000139055-1068x712.jpg 1068w, https:\/\/fuentesfidedignas.com.mx\/wp-content\/uploads\/2023\/10\/1000139055-630x420.jpg 630w, https:\/\/fuentesfidedignas.com.mx\/wp-content\/uploads\/2023\/10\/1000139055.jpg 1280w\" sizes=\"(max-width: 1024px) 100vw, 1024px\" \/><\/figure>\n\n\n\n<figure class=\"wp-block-image size-large\"><img decoding=\"async\" width=\"1024\" height=\"682\" data-id=\"60984\" src=\"https:\/\/fuentesfidedignas.com.mx\/wp-content\/uploads\/2023\/10\/1000139076-1024x682.jpg\" alt=\"\" class=\"wp-image-60984\" srcset=\"https:\/\/fuentesfidedignas.com.mx\/wp-content\/uploads\/2023\/10\/1000139076-1024x682.jpg 1024w, https:\/\/fuentesfidedignas.com.mx\/wp-content\/uploads\/2023\/10\/1000139076-300x200.jpg 300w, https:\/\/fuentesfidedignas.com.mx\/wp-content\/uploads\/2023\/10\/1000139076-768x512.jpg 768w, https:\/\/fuentesfidedignas.com.mx\/wp-content\/uploads\/2023\/10\/1000139076-696x464.jpg 696w, https:\/\/fuentesfidedignas.com.mx\/wp-content\/uploads\/2023\/10\/1000139076-1068x712.jpg 1068w, https:\/\/fuentesfidedignas.com.mx\/wp-content\/uploads\/2023\/10\/1000139076-630x420.jpg 630w, https:\/\/fuentesfidedignas.com.mx\/wp-content\/uploads\/2023\/10\/1000139076.jpg 1280w\" sizes=\"(max-width: 1024px) 100vw, 1024px\" \/><\/figure>\n\n\n\n<figure class=\"wp-block-image size-large\"><img decoding=\"async\" width=\"682\" height=\"1024\" data-id=\"60985\" src=\"https:\/\/fuentesfidedignas.com.mx\/wp-content\/uploads\/2023\/10\/1000139043-682x1024.jpg\" alt=\"\" class=\"wp-image-60985\" srcset=\"https:\/\/fuentesfidedignas.com.mx\/wp-content\/uploads\/2023\/10\/1000139043-682x1024.jpg 682w, https:\/\/fuentesfidedignas.com.mx\/wp-content\/uploads\/2023\/10\/1000139043-200x300.jpg 200w, https:\/\/fuentesfidedignas.com.mx\/wp-content\/uploads\/2023\/10\/1000139043-768x1152.jpg 768w, https:\/\/fuentesfidedignas.com.mx\/wp-content\/uploads\/2023\/10\/1000139043-696x1044.jpg 696w, https:\/\/fuentesfidedignas.com.mx\/wp-content\/uploads\/2023\/10\/1000139043-280x420.jpg 280w, https:\/\/fuentesfidedignas.com.mx\/wp-content\/uploads\/2023\/10\/1000139043.jpg 853w\" sizes=\"(max-width: 682px) 100vw, 682px\" \/><\/figure>\n\n\n\n<figure class=\"wp-block-image size-large\"><img decoding=\"async\" width=\"1024\" height=\"682\" data-id=\"60986\" src=\"https:\/\/fuentesfidedignas.com.mx\/wp-content\/uploads\/2023\/10\/1000139049-1024x682.jpg\" alt=\"\" class=\"wp-image-60986\" srcset=\"https:\/\/fuentesfidedignas.com.mx\/wp-content\/uploads\/2023\/10\/1000139049-1024x682.jpg 1024w, https:\/\/fuentesfidedignas.com.mx\/wp-content\/uploads\/2023\/10\/1000139049-300x200.jpg 300w, https:\/\/fuentesfidedignas.com.mx\/wp-content\/uploads\/2023\/10\/1000139049-768x512.jpg 768w, https:\/\/fuentesfidedignas.com.mx\/wp-content\/uploads\/2023\/10\/1000139049-696x464.jpg 696w, https:\/\/fuentesfidedignas.com.mx\/wp-content\/uploads\/2023\/10\/1000139049-1068x712.jpg 1068w, https:\/\/fuentesfidedignas.com.mx\/wp-content\/uploads\/2023\/10\/1000139049-630x420.jpg 630w, https:\/\/fuentesfidedignas.com.mx\/wp-content\/uploads\/2023\/10\/1000139049.jpg 1280w\" sizes=\"(max-width: 1024px) 100vw, 1024px\" \/><\/figure>\n\n\n\n<figure class=\"wp-block-image size-large\"><img decoding=\"async\" width=\"682\" height=\"1024\" data-id=\"60987\" src=\"https:\/\/fuentesfidedignas.com.mx\/wp-content\/uploads\/2023\/10\/1000139058-682x1024.jpg\" alt=\"\" class=\"wp-image-60987\" srcset=\"https:\/\/fuentesfidedignas.com.mx\/wp-content\/uploads\/2023\/10\/1000139058-682x1024.jpg 682w, https:\/\/fuentesfidedignas.com.mx\/wp-content\/uploads\/2023\/10\/1000139058-200x300.jpg 200w, https:\/\/fuentesfidedignas.com.mx\/wp-content\/uploads\/2023\/10\/1000139058-768x1152.jpg 768w, https:\/\/fuentesfidedignas.com.mx\/wp-content\/uploads\/2023\/10\/1000139058-696x1044.jpg 696w, https:\/\/fuentesfidedignas.com.mx\/wp-content\/uploads\/2023\/10\/1000139058-280x420.jpg 280w, https:\/\/fuentesfidedignas.com.mx\/wp-content\/uploads\/2023\/10\/1000139058.jpg 853w\" sizes=\"(max-width: 682px) 100vw, 682px\" \/><\/figure>\n\n\n\n<figure class=\"wp-block-image size-large\"><img decoding=\"async\" width=\"1024\" height=\"682\" data-id=\"60988\" src=\"https:\/\/fuentesfidedignas.com.mx\/wp-content\/uploads\/2023\/10\/1000139082-1024x682.jpg\" alt=\"\" class=\"wp-image-60988\" srcset=\"https:\/\/fuentesfidedignas.com.mx\/wp-content\/uploads\/2023\/10\/1000139082-1024x682.jpg 1024w, https:\/\/fuentesfidedignas.com.mx\/wp-content\/uploads\/2023\/10\/1000139082-300x200.jpg 300w, https:\/\/fuentesfidedignas.com.mx\/wp-content\/uploads\/2023\/10\/1000139082-768x512.jpg 768w, https:\/\/fuentesfidedignas.com.mx\/wp-content\/uploads\/2023\/10\/1000139082-696x464.jpg 696w, https:\/\/fuentesfidedignas.com.mx\/wp-content\/uploads\/2023\/10\/1000139082-1068x712.jpg 1068w, https:\/\/fuentesfidedignas.com.mx\/wp-content\/uploads\/2023\/10\/1000139082-630x420.jpg 630w, https:\/\/fuentesfidedignas.com.mx\/wp-content\/uploads\/2023\/10\/1000139082.jpg 1280w\" sizes=\"(max-width: 1024px) 100vw, 1024px\" \/><\/figure>\n\n\n\n<figure class=\"wp-block-image size-large\"><img decoding=\"async\" width=\"682\" height=\"1024\" data-id=\"60989\" src=\"https:\/\/fuentesfidedignas.com.mx\/wp-content\/uploads\/2023\/10\/1000139070-682x1024.jpg\" alt=\"\" class=\"wp-image-60989\" srcset=\"https:\/\/fuentesfidedignas.com.mx\/wp-content\/uploads\/2023\/10\/1000139070-682x1024.jpg 682w, https:\/\/fuentesfidedignas.com.mx\/wp-content\/uploads\/2023\/10\/1000139070-200x300.jpg 200w, https:\/\/fuentesfidedignas.com.mx\/wp-content\/uploads\/2023\/10\/1000139070-768x1152.jpg 768w, https:\/\/fuentesfidedignas.com.mx\/wp-content\/uploads\/2023\/10\/1000139070-696x1044.jpg 696w, https:\/\/fuentesfidedignas.com.mx\/wp-content\/uploads\/2023\/10\/1000139070-280x420.jpg 280w, https:\/\/fuentesfidedignas.com.mx\/wp-content\/uploads\/2023\/10\/1000139070.jpg 853w\" sizes=\"(max-width: 682px) 100vw, 682px\" \/><\/figure>\n<\/figure>\n\n\n\n<p>El presidente municipal Gildardo Leyva estuvo acompa\u00f1ado de la sindica Bertha Alicia Lim\u00f3n Rivera, el regidor Jos\u00e9 Maria Flores Soto, la Directora del Instituto Municipal del Deporte, Guadalupe Torres Zavala y el Director de Seguridad P\u00fablica, Natanael Telles Ibarra.<\/p>\n\n\n\n<p>\u201cEl triunfo fue para los visitantes, pero para m\u00ed todos son campeones. Que tengan excelente domingo\u201d, expres\u00f3 el mandatario.<\/p>\n\n\n\n<p>Los asistentes vivieron un ambiente familiar y un buen espect\u00e1culo deportivo y aprovecharon la oportunidad para agradecer al presidente por la rehabilitaci\u00f3n del estadio de f\u00fatbol, la cual se realiz\u00f3 semanas atr\u00e1s, por la Direcci\u00f3n de Construcci\u00f3n y Obras P\u00fablicas.<\/p>\n","protected":false},"excerpt":{"rendered":"<p>La final de esta liga se disput\u00f3 en el estadio del Campo Seco, entre Charay y La Constancia, en la rama varonil, resultando victorioso el equipo visitante. Mientras que la femenil fueron Vulpix las campeonas ante Aviaci\u00f3n FC El Fuerte, Sinaloa a 01 de octubre del 2023.- Cerrando la semana con actividad deportiva, el Alcalde [&hellip;]<\/p>\n","protected":false},"author":4,"featured_media":60991,"comment_status":"open","ping_status":"open","sticky":false,"template":"","format":"standard","meta":{"tdm_status":"","tdm_grid_status":"","footnotes":""},"categories":[1],"tags":[],"class_list":{"0":"post-60977","1":"post","2":"type-post","3":"status-publish","4":"format-standard","5":"has-post-thumbnail","7":"category-sin-categoria"},"yoast_head":"<!-- This site is optimized with the Yoast SEO plugin v27.5 - https:\/\/yoast.com\/product\/yoast-seo-wordpress\/ -->\n<title>Alcalde Gildardo Leyva premia en la final de Liga De F\u00fatbol Ejidal de Charay - Fuentes Fidedignas<\/title>\n<meta name=\"robots\" content=\"index, follow, max-snippet:-1, max-image-preview:large, max-video-preview:-1\" \/>\n<link rel=\"canonical\" href=\"https:\/\/fuentesfidedignas.com.mx\/index.php\/2023\/10\/01\/alcalde-gildardo-leyva-premia-en-la-final-de-liga-de-futbol-ejidal-de-charay\/\" \/>\n<meta property=\"og:locale\" content=\"es_MX\" \/>\n<meta property=\"og:type\" content=\"article\" \/>\n<meta property=\"og:title\" content=\"Alcalde Gildardo Leyva premia en la final de Liga De F\u00fatbol Ejidal de Charay - Fuentes Fidedignas\" \/>\n<meta property=\"og:description\" content=\"La final de esta liga se disput\u00f3 en el estadio del Campo Seco, entre Charay y La Constancia, en la rama varonil, resultando victorioso el equipo visitante. Mientras que la femenil fueron Vulpix las campeonas ante Aviaci\u00f3n FC El Fuerte, Sinaloa a 01 de octubre del 2023.- Cerrando la semana con actividad deportiva, el Alcalde [&hellip;]\" \/>\n<meta property=\"og:url\" content=\"https:\/\/fuentesfidedignas.com.mx\/index.php\/2023\/10\/01\/alcalde-gildardo-leyva-premia-en-la-final-de-liga-de-futbol-ejidal-de-charay\/\" \/>\n<meta property=\"og:site_name\" content=\"Fuentes Fidedignas\" \/>\n<meta property=\"article:publisher\" content=\"https:\/\/www.facebook.com\/Fuentes-Fidedignas-368234489921644\" \/>\n<meta property=\"article:published_time\" content=\"2023-10-02T02:36:45+00:00\" \/>\n<meta property=\"article:modified_time\" content=\"2023-10-02T02:38:57+00:00\" \/>\n<meta property=\"og:image\" content=\"https:\/\/fuentesfidedignas.com.mx\/wp-content\/uploads\/2023\/10\/IMG-20231001-WA0072.jpg\" \/>\n\t<meta property=\"og:image:width\" content=\"1280\" \/>\n\t<meta property=\"og:image:height\" content=\"853\" \/>\n\t<meta property=\"og:image:type\" content=\"image\/jpeg\" \/>\n<meta name=\"author\" content=\"Redacci\u00f3n\" \/>\n<meta name=\"twitter:card\" content=\"summary_large_image\" \/>\n<meta name=\"twitter:creator\" content=\"@fidedignas\" \/>\n<meta name=\"twitter:site\" content=\"@fidedignas\" \/>\n<meta name=\"twitter:label1\" content=\"Escrito por\" \/>\n\t<meta name=\"twitter:data1\" content=\"Redacci\u00f3n\" \/>\n\t<meta name=\"twitter:label2\" content=\"Tiempo de lectura\" \/>\n\t<meta name=\"twitter:data2\" content=\"4 minutos\" \/>\n<script type=\"application\/ld+json\" class=\"yoast-schema-graph\">{\"@context\":\"https:\\\/\\\/schema.org\",\"@graph\":[{\"@type\":\"Article\",\"@id\":\"https:\\\/\\\/fuentesfidedignas.com.mx\\\/index.php\\\/2023\\\/10\\\/01\\\/alcalde-gildardo-leyva-premia-en-la-final-de-liga-de-futbol-ejidal-de-charay\\\/#article\",\"isPartOf\":{\"@id\":\"https:\\\/\\\/fuentesfidedignas.com.mx\\\/index.php\\\/2023\\\/10\\\/01\\\/alcalde-gildardo-leyva-premia-en-la-final-de-liga-de-futbol-ejidal-de-charay\\\/\"},\"author\":{\"name\":\"Redacci\u00f3n\",\"@id\":\"https:\\\/\\\/fuentesfidedignas.com.mx\\\/#\\\/schema\\\/person\\\/331be9283d37198e2acd5750279085b0\"},\"headline\":\"Alcalde Gildardo Leyva premia en la final de Liga De F\u00fatbol Ejidal de Charay\",\"datePublished\":\"2023-10-02T02:36:45+00:00\",\"dateModified\":\"2023-10-02T02:38:57+00:00\",\"mainEntityOfPage\":{\"@id\":\"https:\\\/\\\/fuentesfidedignas.com.mx\\\/index.php\\\/2023\\\/10\\\/01\\\/alcalde-gildardo-leyva-premia-en-la-final-de-liga-de-futbol-ejidal-de-charay\\\/\"},\"wordCount\":270,\"commentCount\":0,\"publisher\":{\"@id\":\"https:\\\/\\\/fuentesfidedignas.com.mx\\\/#organization\"},\"image\":{\"@id\":\"https:\\\/\\\/fuentesfidedignas.com.mx\\\/index.php\\\/2023\\\/10\\\/01\\\/alcalde-gildardo-leyva-premia-en-la-final-de-liga-de-futbol-ejidal-de-charay\\\/#primaryimage\"},\"thumbnailUrl\":\"https:\\\/\\\/fuentesfidedignas.com.mx\\\/wp-content\\\/uploads\\\/2023\\\/10\\\/IMG-20231001-WA0072.jpg\",\"inLanguage\":\"es\",\"potentialAction\":[{\"@type\":\"CommentAction\",\"name\":\"Comment\",\"target\":[\"https:\\\/\\\/fuentesfidedignas.com.mx\\\/index.php\\\/2023\\\/10\\\/01\\\/alcalde-gildardo-leyva-premia-en-la-final-de-liga-de-futbol-ejidal-de-charay\\\/#respond\"]}]},{\"@type\":\"WebPage\",\"@id\":\"https:\\\/\\\/fuentesfidedignas.com.mx\\\/index.php\\\/2023\\\/10\\\/01\\\/alcalde-gildardo-leyva-premia-en-la-final-de-liga-de-futbol-ejidal-de-charay\\\/\",\"url\":\"https:\\\/\\\/fuentesfidedignas.com.mx\\\/index.php\\\/2023\\\/10\\\/01\\\/alcalde-gildardo-leyva-premia-en-la-final-de-liga-de-futbol-ejidal-de-charay\\\/\",\"name\":\"Alcalde Gildardo Leyva premia en la final de Liga De F\u00fatbol Ejidal de Charay - Fuentes Fidedignas\",\"isPartOf\":{\"@id\":\"https:\\\/\\\/fuentesfidedignas.com.mx\\\/#website\"},\"primaryImageOfPage\":{\"@id\":\"https:\\\/\\\/fuentesfidedignas.com.mx\\\/index.php\\\/2023\\\/10\\\/01\\\/alcalde-gildardo-leyva-premia-en-la-final-de-liga-de-futbol-ejidal-de-charay\\\/#primaryimage\"},\"image\":{\"@id\":\"https:\\\/\\\/fuentesfidedignas.com.mx\\\/index.php\\\/2023\\\/10\\\/01\\\/alcalde-gildardo-leyva-premia-en-la-final-de-liga-de-futbol-ejidal-de-charay\\\/#primaryimage\"},\"thumbnailUrl\":\"https:\\\/\\\/fuentesfidedignas.com.mx\\\/wp-content\\\/uploads\\\/2023\\\/10\\\/IMG-20231001-WA0072.jpg\",\"datePublished\":\"2023-10-02T02:36:45+00:00\",\"dateModified\":\"2023-10-02T02:38:57+00:00\",\"breadcrumb\":{\"@id\":\"https:\\\/\\\/fuentesfidedignas.com.mx\\\/index.php\\\/2023\\\/10\\\/01\\\/alcalde-gildardo-leyva-premia-en-la-final-de-liga-de-futbol-ejidal-de-charay\\\/#breadcrumb\"},\"inLanguage\":\"es\",\"potentialAction\":[{\"@type\":\"ReadAction\",\"target\":[\"https:\\\/\\\/fuentesfidedignas.com.mx\\\/index.php\\\/2023\\\/10\\\/01\\\/alcalde-gildardo-leyva-premia-en-la-final-de-liga-de-futbol-ejidal-de-charay\\\/\"]}]},{\"@type\":\"ImageObject\",\"inLanguage\":\"es\",\"@id\":\"https:\\\/\\\/fuentesfidedignas.com.mx\\\/index.php\\\/2023\\\/10\\\/01\\\/alcalde-gildardo-leyva-premia-en-la-final-de-liga-de-futbol-ejidal-de-charay\\\/#primaryimage\",\"url\":\"https:\\\/\\\/fuentesfidedignas.com.mx\\\/wp-content\\\/uploads\\\/2023\\\/10\\\/IMG-20231001-WA0072.jpg\",\"contentUrl\":\"https:\\\/\\\/fuentesfidedignas.com.mx\\\/wp-content\\\/uploads\\\/2023\\\/10\\\/IMG-20231001-WA0072.jpg\",\"width\":1280,\"height\":853},{\"@type\":\"BreadcrumbList\",\"@id\":\"https:\\\/\\\/fuentesfidedignas.com.mx\\\/index.php\\\/2023\\\/10\\\/01\\\/alcalde-gildardo-leyva-premia-en-la-final-de-liga-de-futbol-ejidal-de-charay\\\/#breadcrumb\",\"itemListElement\":[{\"@type\":\"ListItem\",\"position\":1,\"name\":\"Inicio\",\"item\":\"https:\\\/\\\/fuentesfidedignas.com.mx\\\/\"},{\"@type\":\"ListItem\",\"position\":2,\"name\":\"Alcalde Gildardo Leyva premia en la final de Liga De F\u00fatbol Ejidal de Charay\"}]},{\"@type\":\"WebSite\",\"@id\":\"https:\\\/\\\/fuentesfidedignas.com.mx\\\/#website\",\"url\":\"https:\\\/\\\/fuentesfidedignas.com.mx\\\/\",\"name\":\"Fuentes Fidedignas\",\"description\":\"Otro sitio realizado con WordPress\",\"publisher\":{\"@id\":\"https:\\\/\\\/fuentesfidedignas.com.mx\\\/#organization\"},\"potentialAction\":[{\"@type\":\"SearchAction\",\"target\":{\"@type\":\"EntryPoint\",\"urlTemplate\":\"https:\\\/\\\/fuentesfidedignas.com.mx\\\/?s={search_term_string}\"},\"query-input\":{\"@type\":\"PropertyValueSpecification\",\"valueRequired\":true,\"valueName\":\"search_term_string\"}}],\"inLanguage\":\"es\"},{\"@type\":\"Organization\",\"@id\":\"https:\\\/\\\/fuentesfidedignas.com.mx\\\/#organization\",\"name\":\"Fuentes Fidedignas\",\"url\":\"https:\\\/\\\/fuentesfidedignas.com.mx\\\/\",\"logo\":{\"@type\":\"ImageObject\",\"inLanguage\":\"es\",\"@id\":\"https:\\\/\\\/fuentesfidedignas.com.mx\\\/#\\\/schema\\\/logo\\\/image\\\/\",\"url\":\"https:\\\/\\\/fuentesfidedignas.com.mx\\\/wp-content\\\/uploads\\\/2021\\\/04\\\/logo-retina.png\",\"contentUrl\":\"https:\\\/\\\/fuentesfidedignas.com.mx\\\/wp-content\\\/uploads\\\/2021\\\/04\\\/logo-retina.png\",\"width\":280,\"height\":51,\"caption\":\"Fuentes Fidedignas\"},\"image\":{\"@id\":\"https:\\\/\\\/fuentesfidedignas.com.mx\\\/#\\\/schema\\\/logo\\\/image\\\/\"},\"sameAs\":[\"https:\\\/\\\/www.facebook.com\\\/Fuentes-Fidedignas-368234489921644\",\"https:\\\/\\\/x.com\\\/fidedignas\"]},{\"@type\":\"Person\",\"@id\":\"https:\\\/\\\/fuentesfidedignas.com.mx\\\/#\\\/schema\\\/person\\\/331be9283d37198e2acd5750279085b0\",\"name\":\"Redacci\u00f3n\",\"image\":{\"@type\":\"ImageObject\",\"inLanguage\":\"es\",\"@id\":\"https:\\\/\\\/secure.gravatar.com\\\/avatar\\\/f6d8782c11d12b2d4ad3fbb6931aeab5309937a4d6cd2fc9cfaa28a6396a5aec?s=96&d=mm&r=g\",\"url\":\"https:\\\/\\\/secure.gravatar.com\\\/avatar\\\/f6d8782c11d12b2d4ad3fbb6931aeab5309937a4d6cd2fc9cfaa28a6396a5aec?s=96&d=mm&r=g\",\"contentUrl\":\"https:\\\/\\\/secure.gravatar.com\\\/avatar\\\/f6d8782c11d12b2d4ad3fbb6931aeab5309937a4d6cd2fc9cfaa28a6396a5aec?s=96&d=mm&r=g\",\"caption\":\"Redacci\u00f3n\"},\"url\":\"https:\\\/\\\/fuentesfidedignas.com.mx\\\/index.php\\\/author\\\/redaccion\\\/\"}]}<\/script>\n<!-- \/ Yoast SEO plugin. -->","yoast_head_json":{"title":"Alcalde Gildardo Leyva premia en la final de Liga De F\u00fatbol Ejidal de Charay - Fuentes Fidedignas","robots":{"index":"index","follow":"follow","max-snippet":"max-snippet:-1","max-image-preview":"max-image-preview:large","max-video-preview":"max-video-preview:-1"},"canonical":"https:\/\/fuentesfidedignas.com.mx\/index.php\/2023\/10\/01\/alcalde-gildardo-leyva-premia-en-la-final-de-liga-de-futbol-ejidal-de-charay\/","og_locale":"es_MX","og_type":"article","og_title":"Alcalde Gildardo Leyva premia en la final de Liga De F\u00fatbol Ejidal de Charay - Fuentes Fidedignas","og_description":"La final de esta liga se disput\u00f3 en el estadio del Campo Seco, entre Charay y La Constancia, en la rama varonil, resultando victorioso el equipo visitante. Mientras que la femenil fueron Vulpix las campeonas ante Aviaci\u00f3n FC El Fuerte, Sinaloa a 01 de octubre del 2023.- Cerrando la semana con actividad deportiva, el Alcalde [&hellip;]","og_url":"https:\/\/fuentesfidedignas.com.mx\/index.php\/2023\/10\/01\/alcalde-gildardo-leyva-premia-en-la-final-de-liga-de-futbol-ejidal-de-charay\/","og_site_name":"Fuentes Fidedignas","article_publisher":"https:\/\/www.facebook.com\/Fuentes-Fidedignas-368234489921644","article_published_time":"2023-10-02T02:36:45+00:00","article_modified_time":"2023-10-02T02:38:57+00:00","og_image":[{"width":1280,"height":853,"url":"https:\/\/fuentesfidedignas.com.mx\/wp-content\/uploads\/2023\/10\/IMG-20231001-WA0072.jpg","type":"image\/jpeg"}],"author":"Redacci\u00f3n","twitter_card":"summary_large_image","twitter_creator":"@fidedignas","twitter_site":"@fidedignas","twitter_misc":{"Escrito por":"Redacci\u00f3n","Tiempo de lectura":"4 minutos"},"schema":{"@context":"https:\/\/schema.org","@graph":[{"@type":"Article","@id":"https:\/\/fuentesfidedignas.com.mx\/index.php\/2023\/10\/01\/alcalde-gildardo-leyva-premia-en-la-final-de-liga-de-futbol-ejidal-de-charay\/#article","isPartOf":{"@id":"https:\/\/fuentesfidedignas.com.mx\/index.php\/2023\/10\/01\/alcalde-gildardo-leyva-premia-en-la-final-de-liga-de-futbol-ejidal-de-charay\/"},"author":{"name":"Redacci\u00f3n","@id":"https:\/\/fuentesfidedignas.com.mx\/#\/schema\/person\/331be9283d37198e2acd5750279085b0"},"headline":"Alcalde Gildardo Leyva premia en la final de Liga De F\u00fatbol Ejidal de Charay","datePublished":"2023-10-02T02:36:45+00:00","dateModified":"2023-10-02T02:38:57+00:00","mainEntityOfPage":{"@id":"https:\/\/fuentesfidedignas.com.mx\/index.php\/2023\/10\/01\/alcalde-gildardo-leyva-premia-en-la-final-de-liga-de-futbol-ejidal-de-charay\/"},"wordCount":270,"commentCount":0,"publisher":{"@id":"https:\/\/fuentesfidedignas.com.mx\/#organization"},"image":{"@id":"https:\/\/fuentesfidedignas.com.mx\/index.php\/2023\/10\/01\/alcalde-gildardo-leyva-premia-en-la-final-de-liga-de-futbol-ejidal-de-charay\/#primaryimage"},"thumbnailUrl":"https:\/\/fuentesfidedignas.com.mx\/wp-content\/uploads\/2023\/10\/IMG-20231001-WA0072.jpg","inLanguage":"es","potentialAction":[{"@type":"CommentAction","name":"Comment","target":["https:\/\/fuentesfidedignas.com.mx\/index.php\/2023\/10\/01\/alcalde-gildardo-leyva-premia-en-la-final-de-liga-de-futbol-ejidal-de-charay\/#respond"]}]},{"@type":"WebPage","@id":"https:\/\/fuentesfidedignas.com.mx\/index.php\/2023\/10\/01\/alcalde-gildardo-leyva-premia-en-la-final-de-liga-de-futbol-ejidal-de-charay\/","url":"https:\/\/fuentesfidedignas.com.mx\/index.php\/2023\/10\/01\/alcalde-gildardo-leyva-premia-en-la-final-de-liga-de-futbol-ejidal-de-charay\/","name":"Alcalde Gildardo Leyva premia en la final de Liga De F\u00fatbol Ejidal de Charay - Fuentes Fidedignas","isPartOf":{"@id":"https:\/\/fuentesfidedignas.com.mx\/#website"},"primaryImageOfPage":{"@id":"https:\/\/fuentesfidedignas.com.mx\/index.php\/2023\/10\/01\/alcalde-gildardo-leyva-premia-en-la-final-de-liga-de-futbol-ejidal-de-charay\/#primaryimage"},"image":{"@id":"https:\/\/fuentesfidedignas.com.mx\/index.php\/2023\/10\/01\/alcalde-gildardo-leyva-premia-en-la-final-de-liga-de-futbol-ejidal-de-charay\/#primaryimage"},"thumbnailUrl":"https:\/\/fuentesfidedignas.com.mx\/wp-content\/uploads\/2023\/10\/IMG-20231001-WA0072.jpg","datePublished":"2023-10-02T02:36:45+00:00","dateModified":"2023-10-02T02:38:57+00:00","breadcrumb":{"@id":"https:\/\/fuentesfidedignas.com.mx\/index.php\/2023\/10\/01\/alcalde-gildardo-leyva-premia-en-la-final-de-liga-de-futbol-ejidal-de-charay\/#breadcrumb"},"inLanguage":"es","potentialAction":[{"@type":"ReadAction","target":["https:\/\/fuentesfidedignas.com.mx\/index.php\/2023\/10\/01\/alcalde-gildardo-leyva-premia-en-la-final-de-liga-de-futbol-ejidal-de-charay\/"]}]},{"@type":"ImageObject","inLanguage":"es","@id":"https:\/\/fuentesfidedignas.com.mx\/index.php\/2023\/10\/01\/alcalde-gildardo-leyva-premia-en-la-final-de-liga-de-futbol-ejidal-de-charay\/#primaryimage","url":"https:\/\/fuentesfidedignas.com.mx\/wp-content\/uploads\/2023\/10\/IMG-20231001-WA0072.jpg","contentUrl":"https:\/\/fuentesfidedignas.com.mx\/wp-content\/uploads\/2023\/10\/IMG-20231001-WA0072.jpg","width":1280,"height":853},{"@type":"BreadcrumbList","@id":"https:\/\/fuentesfidedignas.com.mx\/index.php\/2023\/10\/01\/alcalde-gildardo-leyva-premia-en-la-final-de-liga-de-futbol-ejidal-de-charay\/#breadcrumb","itemListElement":[{"@type":"ListItem","position":1,"name":"Inicio","item":"https:\/\/fuentesfidedignas.com.mx\/"},{"@type":"ListItem","position":2,"name":"Alcalde Gildardo Leyva premia en la final de Liga De F\u00fatbol Ejidal de Charay"}]},{"@type":"WebSite","@id":"https:\/\/fuentesfidedignas.com.mx\/#website","url":"https:\/\/fuentesfidedignas.com.mx\/","name":"Fuentes Fidedignas","description":"Otro sitio realizado con WordPress","publisher":{"@id":"https:\/\/fuentesfidedignas.com.mx\/#organization"},"potentialAction":[{"@type":"SearchAction","target":{"@type":"EntryPoint","urlTemplate":"https:\/\/fuentesfidedignas.com.mx\/?s={search_term_string}"},"query-input":{"@type":"PropertyValueSpecification","valueRequired":true,"valueName":"search_term_string"}}],"inLanguage":"es"},{"@type":"Organization","@id":"https:\/\/fuentesfidedignas.com.mx\/#organization","name":"Fuentes Fidedignas","url":"https:\/\/fuentesfidedignas.com.mx\/","logo":{"@type":"ImageObject","inLanguage":"es","@id":"https:\/\/fuentesfidedignas.com.mx\/#\/schema\/logo\/image\/","url":"https:\/\/fuentesfidedignas.com.mx\/wp-content\/uploads\/2021\/04\/logo-retina.png","contentUrl":"https:\/\/fuentesfidedignas.com.mx\/wp-content\/uploads\/2021\/04\/logo-retina.png","width":280,"height":51,"caption":"Fuentes Fidedignas"},"image":{"@id":"https:\/\/fuentesfidedignas.com.mx\/#\/schema\/logo\/image\/"},"sameAs":["https:\/\/www.facebook.com\/Fuentes-Fidedignas-368234489921644","https:\/\/x.com\/fidedignas"]},{"@type":"Person","@id":"https:\/\/fuentesfidedignas.com.mx\/#\/schema\/person\/331be9283d37198e2acd5750279085b0","name":"Redacci\u00f3n","image":{"@type":"ImageObject","inLanguage":"es","@id":"https:\/\/secure.gravatar.com\/avatar\/f6d8782c11d12b2d4ad3fbb6931aeab5309937a4d6cd2fc9cfaa28a6396a5aec?s=96&d=mm&r=g","url":"https:\/\/secure.gravatar.com\/avatar\/f6d8782c11d12b2d4ad3fbb6931aeab5309937a4d6cd2fc9cfaa28a6396a5aec?s=96&d=mm&r=g","contentUrl":"https:\/\/secure.gravatar.com\/avatar\/f6d8782c11d12b2d4ad3fbb6931aeab5309937a4d6cd2fc9cfaa28a6396a5aec?s=96&d=mm&r=g","caption":"Redacci\u00f3n"},"url":"https:\/\/fuentesfidedignas.com.mx\/index.php\/author\/redaccion\/"}]}},"_links":{"self":[{"href":"https:\/\/fuentesfidedignas.com.mx\/index.php\/wp-json\/wp\/v2\/posts\/60977","targetHints":{"allow":["GET"]}}],"collection":[{"href":"https:\/\/fuentesfidedignas.com.mx\/index.php\/wp-json\/wp\/v2\/posts"}],"about":[{"href":"https:\/\/fuentesfidedignas.com.mx\/index.php\/wp-json\/wp\/v2\/types\/post"}],"author":[{"embeddable":true,"href":"https:\/\/fuentesfidedignas.com.mx\/index.php\/wp-json\/wp\/v2\/users\/4"}],"replies":[{"embeddable":true,"href":"https:\/\/fuentesfidedignas.com.mx\/index.php\/wp-json\/wp\/v2\/comments?post=60977"}],"version-history":[{"count":1,"href":"https:\/\/fuentesfidedignas.com.mx\/index.php\/wp-json\/wp\/v2\/posts\/60977\/revisions"}],"predecessor-version":[{"id":60990,"href":"https:\/\/fuentesfidedignas.com.mx\/index.php\/wp-json\/wp\/v2\/posts\/60977\/revisions\/60990"}],"wp:featuredmedia":[{"embeddable":true,"href":"https:\/\/fuentesfidedignas.com.mx\/index.php\/wp-json\/wp\/v2\/media\/60991"}],"wp:attachment":[{"href":"https:\/\/fuentesfidedignas.com.mx\/index.php\/wp-json\/wp\/v2\/media?parent=60977"}],"wp:term":[{"taxonomy":"category","embeddable":true,"href":"https:\/\/fuentesfidedignas.com.mx\/index.php\/wp-json\/wp\/v2\/categories?post=60977"},{"taxonomy":"post_tag","embeddable":true,"href":"https:\/\/fuentesfidedignas.com.mx\/index.php\/wp-json\/wp\/v2\/tags?post=60977"}],"curies":[{"name":"wp","href":"https:\/\/api.w.org\/{rel}","templated":true}]}}