{"id":60963,"date":"2023-10-01T17:13:30","date_gmt":"2023-10-02T00:13:30","guid":{"rendered":"https:\/\/fuentesfidedignas.com.mx\/?p=60963"},"modified":"2023-10-01T17:14:09","modified_gmt":"2023-10-02T00:14:09","slug":"video-al-menos-siete-muertos-por-colapso-de-iglesia-en-ciudad-madero-tamaulipas","status":"publish","type":"post","link":"https:\/\/fuentesfidedignas.com.mx\/index.php\/2023\/10\/01\/video-al-menos-siete-muertos-por-colapso-de-iglesia-en-ciudad-madero-tamaulipas\/","title":{"rendered":"VIDEO | Al menos siete muertos por colapso de iglesia en Ciudad Madero, Tamaulipas"},"content":{"rendered":"\n<p><strong><em>Servicios de emergencia se movilizaron a la iglesia, ubicada entre las calles Chihuahua y Nuevo Le\u00f3n, colonia Unidad Nacional<\/em><\/strong><\/p>\n\n\n\n<p>TAMAULIPAS.- La tarde de este domingo, el techo de la Parroquia de la Santa Cruz en Ciudad Madero, Tamaulipas, colaps\u00f3.<\/p>\n\n\n\n<blockquote class=\"twitter-tweet\"><p lang=\"es\" dir=\"ltr\">Colaps\u00f3 el techo de la iglesia de la Santa Cruz en Ciudad Madero, Tamaulipas.<br><br>Reportan varios muertos y heridos<a href=\"https:\/\/t.co\/GxAiNTJoT7\">pic.twitter.com\/GxAiNTJoT7<\/a><\/p>&mdash; Joaqu\u00edn L\u00f3pez-D\u00f3riga (@lopezdoriga) <a href=\"https:\/\/twitter.com\/lopezdoriga\/status\/1708605835813761175?ref_src=twsrc%5Etfw\">October 1, 2023<\/a><\/blockquote> <script async src=\"https:\/\/platform.twitter.com\/widgets.js\" charset=\"utf-8\"><\/script>\n\n\n\n<p>Servicios de emergencia se movilizaron a la iglesia, ubicada entre las calles Chihuahua y Nuevo Le\u00f3n, colonia Unidad Nacional.<\/p>\n\n\n\n<p>En su \u00faltimo reporte, las autoridades confirmaron siete muertos y el rescate de 10 personas tras el colapso de la Parroquia Santa Cruz en Ciudad Madero, Tamaulipas. Fueron trasladadas tres personas al Hospital Civil y siete m\u00e1s al Hospital General Dr. Carlos Canseco.<\/p>\n\n\n\n<blockquote class=\"twitter-tweet\"><p lang=\"es\" dir=\"ltr\">Para labores de rescate en la iglesia de la Santa Cruz de Ciudad Madero se solicita: <br><br>S\u00e1banas <br>Colchonetas <br>L\u00e1mparas <br>Serruchos <br>Agua <br>Suero <br>Polines <br>Material de curaci\u00f3n (gasas, algod\u00f3n, alcohol, soluci\u00f3n salina) <br><br>V\u00eda <a href=\"https:\/\/twitter.com\/PachitaRex?ref_src=twsrc%5Etfw\">@PachitaRex<\/a> <a href=\"https:\/\/twitter.com\/hashtag\/Tamaulipas?src=hash&amp;ref_src=twsrc%5Etfw\">#Tamaulipas<\/a><br><br>M\u00e1s en\u2026 <a href=\"https:\/\/t.co\/YorEDceNtW\">pic.twitter.com\/YorEDceNtW<\/a><\/p>&mdash; Joaqu\u00edn L\u00f3pez-D\u00f3riga (@lopezdoriga) <a href=\"https:\/\/twitter.com\/lopezdoriga\/status\/1708617164347883775?ref_src=twsrc%5Etfw\">October 1, 2023<\/a><\/blockquote> <script async src=\"https:\/\/platform.twitter.com\/widgets.js\" charset=\"utf-8\"><\/script>\n\n\n\n<p>El Ej\u00e9rcito Mexicano activ\u00f3 el Plan DN-III para atender la emergencia. En el sitio fueron desplegadas siete unidades de Guardia Nacional y Guardia Estatal, dos de Protecci\u00f3n Civil y siete de Cruz Roja.<\/p>\n\n\n\n<p>El obispo de la Di\u00f3cesis de Tampico, Jos\u00e9 Armando \u00c1lvarez Cano, se\u00f1al\u00f3 que el incidente se registr\u00f3 en medio de una misa y pidi\u00f3 a las personas que se encuentren en la zona que colaboren con las labores de rescate.<\/p>\n\n\n\n<blockquote class=\"twitter-tweet\"><p lang=\"es\" dir=\"ltr\">Este fue el momento en que colaps\u00f3 el techo de la Iglesia de Santa Cruz, en Ciudad Madero, Tampico.<br><br>Servicios de emergencia en la zona<a href=\"https:\/\/t.co\/wTv8sIPirC\">pic.twitter.com\/wTv8sIPirC<\/a><\/p>&mdash; Joaqu\u00edn L\u00f3pez-D\u00f3riga (@lopezdoriga) <a href=\"https:\/\/twitter.com\/lopezdoriga\/status\/1708612610931757483?ref_src=twsrc%5Etfw\">October 1, 2023<\/a><\/blockquote> <script async src=\"https:\/\/platform.twitter.com\/widgets.js\" charset=\"utf-8\"><\/script>\n","protected":false},"excerpt":{"rendered":"<p>Servicios de emergencia se movilizaron a la iglesia, ubicada entre las calles Chihuahua y Nuevo Le\u00f3n, colonia Unidad Nacional TAMAULIPAS.- La tarde de este domingo, el techo de la Parroquia de la Santa Cruz en Ciudad Madero, Tamaulipas, colaps\u00f3. Colaps\u00f3 el techo de la iglesia de la Santa Cruz en Ciudad Madero, Tamaulipas. Reportan varios [&hellip;]<\/p>\n","protected":false},"author":47,"featured_media":60964,"comment_status":"open","ping_status":"open","sticky":false,"template":"","format":"standard","meta":{"tdm_status":"","tdm_grid_status":"","footnotes":""},"categories":[39],"tags":[],"class_list":{"0":"post-60963","1":"post","2":"type-post","3":"status-publish","4":"format-standard","5":"has-post-thumbnail","7":"category-noticias-nacionales"},"yoast_head":"<!-- This site is optimized with the Yoast SEO plugin v27.5 - https:\/\/yoast.com\/product\/yoast-seo-wordpress\/ -->\n<title>VIDEO | Al menos siete muertos por colapso de iglesia en Ciudad Madero, Tamaulipas - Fuentes Fidedignas<\/title>\n<meta name=\"robots\" content=\"index, follow, max-snippet:-1, max-image-preview:large, max-video-preview:-1\" \/>\n<link rel=\"canonical\" href=\"https:\/\/fuentesfidedignas.com.mx\/index.php\/2023\/10\/01\/video-al-menos-siete-muertos-por-colapso-de-iglesia-en-ciudad-madero-tamaulipas\/\" \/>\n<meta property=\"og:locale\" content=\"es_MX\" \/>\n<meta property=\"og:type\" content=\"article\" \/>\n<meta property=\"og:title\" content=\"VIDEO | Al menos siete muertos por colapso de iglesia en Ciudad Madero, Tamaulipas - Fuentes Fidedignas\" \/>\n<meta property=\"og:description\" content=\"Servicios de emergencia se movilizaron a la iglesia, ubicada entre las calles Chihuahua y Nuevo Le\u00f3n, colonia Unidad Nacional TAMAULIPAS.- La tarde de este domingo, el techo de la Parroquia de la Santa Cruz en Ciudad Madero, Tamaulipas, colaps\u00f3. Colaps\u00f3 el techo de la iglesia de la Santa Cruz en Ciudad Madero, Tamaulipas. Reportan varios [&hellip;]\" \/>\n<meta property=\"og:url\" content=\"https:\/\/fuentesfidedignas.com.mx\/index.php\/2023\/10\/01\/video-al-menos-siete-muertos-por-colapso-de-iglesia-en-ciudad-madero-tamaulipas\/\" \/>\n<meta property=\"og:site_name\" content=\"Fuentes Fidedignas\" \/>\n<meta property=\"article:publisher\" content=\"https:\/\/www.facebook.com\/Fuentes-Fidedignas-368234489921644\" \/>\n<meta property=\"article:published_time\" content=\"2023-10-02T00:13:30+00:00\" \/>\n<meta property=\"article:modified_time\" content=\"2023-10-02T00:14:09+00:00\" \/>\n<meta property=\"og:image\" content=\"https:\/\/fuentesfidedignas.com.mx\/wp-content\/uploads\/2023\/10\/TEMPLO_TAMAULIPAS.jpg\" \/>\n\t<meta property=\"og:image:width\" content=\"900\" \/>\n\t<meta property=\"og:image:height\" content=\"508\" \/>\n\t<meta property=\"og:image:type\" content=\"image\/jpeg\" \/>\n<meta name=\"author\" content=\"L\u00f3pez D\u00f3riga\" \/>\n<meta name=\"twitter:card\" content=\"summary_large_image\" \/>\n<meta name=\"twitter:creator\" content=\"@fidedignas\" \/>\n<meta name=\"twitter:site\" content=\"@fidedignas\" \/>\n<meta name=\"twitter:label1\" content=\"Escrito por\" \/>\n\t<meta name=\"twitter:data1\" content=\"L\u00f3pez D\u00f3riga\" \/>\n\t<meta name=\"twitter:label2\" content=\"Tiempo de lectura\" \/>\n\t<meta name=\"twitter:data2\" content=\"1 minuto\" \/>\n<script type=\"application\/ld+json\" class=\"yoast-schema-graph\">{\"@context\":\"https:\\\/\\\/schema.org\",\"@graph\":[{\"@type\":\"Article\",\"@id\":\"https:\\\/\\\/fuentesfidedignas.com.mx\\\/index.php\\\/2023\\\/10\\\/01\\\/video-al-menos-siete-muertos-por-colapso-de-iglesia-en-ciudad-madero-tamaulipas\\\/#article\",\"isPartOf\":{\"@id\":\"https:\\\/\\\/fuentesfidedignas.com.mx\\\/index.php\\\/2023\\\/10\\\/01\\\/video-al-menos-siete-muertos-por-colapso-de-iglesia-en-ciudad-madero-tamaulipas\\\/\"},\"author\":{\"name\":\"L\u00f3pez D\u00f3riga\",\"@id\":\"https:\\\/\\\/fuentesfidedignas.com.mx\\\/#\\\/schema\\\/person\\\/67d852f0557c8509146a4b9ddebd543a\"},\"headline\":\"VIDEO | Al menos siete muertos por colapso de iglesia en Ciudad Madero, Tamaulipas\",\"datePublished\":\"2023-10-02T00:13:30+00:00\",\"dateModified\":\"2023-10-02T00:14:09+00:00\",\"mainEntityOfPage\":{\"@id\":\"https:\\\/\\\/fuentesfidedignas.com.mx\\\/index.php\\\/2023\\\/10\\\/01\\\/video-al-menos-siete-muertos-por-colapso-de-iglesia-en-ciudad-madero-tamaulipas\\\/\"},\"wordCount\":316,\"commentCount\":0,\"publisher\":{\"@id\":\"https:\\\/\\\/fuentesfidedignas.com.mx\\\/#organization\"},\"image\":{\"@id\":\"https:\\\/\\\/fuentesfidedignas.com.mx\\\/index.php\\\/2023\\\/10\\\/01\\\/video-al-menos-siete-muertos-por-colapso-de-iglesia-en-ciudad-madero-tamaulipas\\\/#primaryimage\"},\"thumbnailUrl\":\"https:\\\/\\\/fuentesfidedignas.com.mx\\\/wp-content\\\/uploads\\\/2023\\\/10\\\/TEMPLO_TAMAULIPAS.jpg\",\"articleSection\":[\"NOTICIAS NACIONALES\"],\"inLanguage\":\"es\",\"potentialAction\":[{\"@type\":\"CommentAction\",\"name\":\"Comment\",\"target\":[\"https:\\\/\\\/fuentesfidedignas.com.mx\\\/index.php\\\/2023\\\/10\\\/01\\\/video-al-menos-siete-muertos-por-colapso-de-iglesia-en-ciudad-madero-tamaulipas\\\/#respond\"]}]},{\"@type\":\"WebPage\",\"@id\":\"https:\\\/\\\/fuentesfidedignas.com.mx\\\/index.php\\\/2023\\\/10\\\/01\\\/video-al-menos-siete-muertos-por-colapso-de-iglesia-en-ciudad-madero-tamaulipas\\\/\",\"url\":\"https:\\\/\\\/fuentesfidedignas.com.mx\\\/index.php\\\/2023\\\/10\\\/01\\\/video-al-menos-siete-muertos-por-colapso-de-iglesia-en-ciudad-madero-tamaulipas\\\/\",\"name\":\"VIDEO | Al menos siete muertos por colapso de iglesia en Ciudad Madero, Tamaulipas - Fuentes Fidedignas\",\"isPartOf\":{\"@id\":\"https:\\\/\\\/fuentesfidedignas.com.mx\\\/#website\"},\"primaryImageOfPage\":{\"@id\":\"https:\\\/\\\/fuentesfidedignas.com.mx\\\/index.php\\\/2023\\\/10\\\/01\\\/video-al-menos-siete-muertos-por-colapso-de-iglesia-en-ciudad-madero-tamaulipas\\\/#primaryimage\"},\"image\":{\"@id\":\"https:\\\/\\\/fuentesfidedignas.com.mx\\\/index.php\\\/2023\\\/10\\\/01\\\/video-al-menos-siete-muertos-por-colapso-de-iglesia-en-ciudad-madero-tamaulipas\\\/#primaryimage\"},\"thumbnailUrl\":\"https:\\\/\\\/fuentesfidedignas.com.mx\\\/wp-content\\\/uploads\\\/2023\\\/10\\\/TEMPLO_TAMAULIPAS.jpg\",\"datePublished\":\"2023-10-02T00:13:30+00:00\",\"dateModified\":\"2023-10-02T00:14:09+00:00\",\"breadcrumb\":{\"@id\":\"https:\\\/\\\/fuentesfidedignas.com.mx\\\/index.php\\\/2023\\\/10\\\/01\\\/video-al-menos-siete-muertos-por-colapso-de-iglesia-en-ciudad-madero-tamaulipas\\\/#breadcrumb\"},\"inLanguage\":\"es\",\"potentialAction\":[{\"@type\":\"ReadAction\",\"target\":[\"https:\\\/\\\/fuentesfidedignas.com.mx\\\/index.php\\\/2023\\\/10\\\/01\\\/video-al-menos-siete-muertos-por-colapso-de-iglesia-en-ciudad-madero-tamaulipas\\\/\"]}]},{\"@type\":\"ImageObject\",\"inLanguage\":\"es\",\"@id\":\"https:\\\/\\\/fuentesfidedignas.com.mx\\\/index.php\\\/2023\\\/10\\\/01\\\/video-al-menos-siete-muertos-por-colapso-de-iglesia-en-ciudad-madero-tamaulipas\\\/#primaryimage\",\"url\":\"https:\\\/\\\/fuentesfidedignas.com.mx\\\/wp-content\\\/uploads\\\/2023\\\/10\\\/TEMPLO_TAMAULIPAS.jpg\",\"contentUrl\":\"https:\\\/\\\/fuentesfidedignas.com.mx\\\/wp-content\\\/uploads\\\/2023\\\/10\\\/TEMPLO_TAMAULIPAS.jpg\",\"width\":900,\"height\":508},{\"@type\":\"BreadcrumbList\",\"@id\":\"https:\\\/\\\/fuentesfidedignas.com.mx\\\/index.php\\\/2023\\\/10\\\/01\\\/video-al-menos-siete-muertos-por-colapso-de-iglesia-en-ciudad-madero-tamaulipas\\\/#breadcrumb\",\"itemListElement\":[{\"@type\":\"ListItem\",\"position\":1,\"name\":\"Inicio\",\"item\":\"https:\\\/\\\/fuentesfidedignas.com.mx\\\/\"},{\"@type\":\"ListItem\",\"position\":2,\"name\":\"VIDEO | Al menos siete muertos por colapso de iglesia en Ciudad Madero, Tamaulipas\"}]},{\"@type\":\"WebSite\",\"@id\":\"https:\\\/\\\/fuentesfidedignas.com.mx\\\/#website\",\"url\":\"https:\\\/\\\/fuentesfidedignas.com.mx\\\/\",\"name\":\"Fuentes Fidedignas\",\"description\":\"Otro sitio realizado con WordPress\",\"publisher\":{\"@id\":\"https:\\\/\\\/fuentesfidedignas.com.mx\\\/#organization\"},\"potentialAction\":[{\"@type\":\"SearchAction\",\"target\":{\"@type\":\"EntryPoint\",\"urlTemplate\":\"https:\\\/\\\/fuentesfidedignas.com.mx\\\/?s={search_term_string}\"},\"query-input\":{\"@type\":\"PropertyValueSpecification\",\"valueRequired\":true,\"valueName\":\"search_term_string\"}}],\"inLanguage\":\"es\"},{\"@type\":\"Organization\",\"@id\":\"https:\\\/\\\/fuentesfidedignas.com.mx\\\/#organization\",\"name\":\"Fuentes Fidedignas\",\"url\":\"https:\\\/\\\/fuentesfidedignas.com.mx\\\/\",\"logo\":{\"@type\":\"ImageObject\",\"inLanguage\":\"es\",\"@id\":\"https:\\\/\\\/fuentesfidedignas.com.mx\\\/#\\\/schema\\\/logo\\\/image\\\/\",\"url\":\"https:\\\/\\\/fuentesfidedignas.com.mx\\\/wp-content\\\/uploads\\\/2021\\\/04\\\/logo-retina.png\",\"contentUrl\":\"https:\\\/\\\/fuentesfidedignas.com.mx\\\/wp-content\\\/uploads\\\/2021\\\/04\\\/logo-retina.png\",\"width\":280,\"height\":51,\"caption\":\"Fuentes Fidedignas\"},\"image\":{\"@id\":\"https:\\\/\\\/fuentesfidedignas.com.mx\\\/#\\\/schema\\\/logo\\\/image\\\/\"},\"sameAs\":[\"https:\\\/\\\/www.facebook.com\\\/Fuentes-Fidedignas-368234489921644\",\"https:\\\/\\\/x.com\\\/fidedignas\"]},{\"@type\":\"Person\",\"@id\":\"https:\\\/\\\/fuentesfidedignas.com.mx\\\/#\\\/schema\\\/person\\\/67d852f0557c8509146a4b9ddebd543a\",\"name\":\"L\u00f3pez D\u00f3riga\",\"image\":{\"@type\":\"ImageObject\",\"inLanguage\":\"es\",\"@id\":\"https:\\\/\\\/secure.gravatar.com\\\/avatar\\\/e525b06574ca18b33cded59dfe5778d6c823b9513154eff47da551b0551bdd1e?s=96&d=mm&r=g\",\"url\":\"https:\\\/\\\/secure.gravatar.com\\\/avatar\\\/e525b06574ca18b33cded59dfe5778d6c823b9513154eff47da551b0551bdd1e?s=96&d=mm&r=g\",\"contentUrl\":\"https:\\\/\\\/secure.gravatar.com\\\/avatar\\\/e525b06574ca18b33cded59dfe5778d6c823b9513154eff47da551b0551bdd1e?s=96&d=mm&r=g\",\"caption\":\"L\u00f3pez D\u00f3riga\"},\"url\":\"https:\\\/\\\/fuentesfidedignas.com.mx\\\/index.php\\\/author\\\/doriga\\\/\"}]}<\/script>\n<!-- \/ Yoast SEO plugin. -->","yoast_head_json":{"title":"VIDEO | Al menos siete muertos por colapso de iglesia en Ciudad Madero, Tamaulipas - Fuentes Fidedignas","robots":{"index":"index","follow":"follow","max-snippet":"max-snippet:-1","max-image-preview":"max-image-preview:large","max-video-preview":"max-video-preview:-1"},"canonical":"https:\/\/fuentesfidedignas.com.mx\/index.php\/2023\/10\/01\/video-al-menos-siete-muertos-por-colapso-de-iglesia-en-ciudad-madero-tamaulipas\/","og_locale":"es_MX","og_type":"article","og_title":"VIDEO | Al menos siete muertos por colapso de iglesia en Ciudad Madero, Tamaulipas - Fuentes Fidedignas","og_description":"Servicios de emergencia se movilizaron a la iglesia, ubicada entre las calles Chihuahua y Nuevo Le\u00f3n, colonia Unidad Nacional TAMAULIPAS.- La tarde de este domingo, el techo de la Parroquia de la Santa Cruz en Ciudad Madero, Tamaulipas, colaps\u00f3. Colaps\u00f3 el techo de la iglesia de la Santa Cruz en Ciudad Madero, Tamaulipas. Reportan varios [&hellip;]","og_url":"https:\/\/fuentesfidedignas.com.mx\/index.php\/2023\/10\/01\/video-al-menos-siete-muertos-por-colapso-de-iglesia-en-ciudad-madero-tamaulipas\/","og_site_name":"Fuentes Fidedignas","article_publisher":"https:\/\/www.facebook.com\/Fuentes-Fidedignas-368234489921644","article_published_time":"2023-10-02T00:13:30+00:00","article_modified_time":"2023-10-02T00:14:09+00:00","og_image":[{"width":900,"height":508,"url":"https:\/\/fuentesfidedignas.com.mx\/wp-content\/uploads\/2023\/10\/TEMPLO_TAMAULIPAS.jpg","type":"image\/jpeg"}],"author":"L\u00f3pez D\u00f3riga","twitter_card":"summary_large_image","twitter_creator":"@fidedignas","twitter_site":"@fidedignas","twitter_misc":{"Escrito por":"L\u00f3pez D\u00f3riga","Tiempo de lectura":"1 minuto"},"schema":{"@context":"https:\/\/schema.org","@graph":[{"@type":"Article","@id":"https:\/\/fuentesfidedignas.com.mx\/index.php\/2023\/10\/01\/video-al-menos-siete-muertos-por-colapso-de-iglesia-en-ciudad-madero-tamaulipas\/#article","isPartOf":{"@id":"https:\/\/fuentesfidedignas.com.mx\/index.php\/2023\/10\/01\/video-al-menos-siete-muertos-por-colapso-de-iglesia-en-ciudad-madero-tamaulipas\/"},"author":{"name":"L\u00f3pez D\u00f3riga","@id":"https:\/\/fuentesfidedignas.com.mx\/#\/schema\/person\/67d852f0557c8509146a4b9ddebd543a"},"headline":"VIDEO | Al menos siete muertos por colapso de iglesia en Ciudad Madero, Tamaulipas","datePublished":"2023-10-02T00:13:30+00:00","dateModified":"2023-10-02T00:14:09+00:00","mainEntityOfPage":{"@id":"https:\/\/fuentesfidedignas.com.mx\/index.php\/2023\/10\/01\/video-al-menos-siete-muertos-por-colapso-de-iglesia-en-ciudad-madero-tamaulipas\/"},"wordCount":316,"commentCount":0,"publisher":{"@id":"https:\/\/fuentesfidedignas.com.mx\/#organization"},"image":{"@id":"https:\/\/fuentesfidedignas.com.mx\/index.php\/2023\/10\/01\/video-al-menos-siete-muertos-por-colapso-de-iglesia-en-ciudad-madero-tamaulipas\/#primaryimage"},"thumbnailUrl":"https:\/\/fuentesfidedignas.com.mx\/wp-content\/uploads\/2023\/10\/TEMPLO_TAMAULIPAS.jpg","articleSection":["NOTICIAS NACIONALES"],"inLanguage":"es","potentialAction":[{"@type":"CommentAction","name":"Comment","target":["https:\/\/fuentesfidedignas.com.mx\/index.php\/2023\/10\/01\/video-al-menos-siete-muertos-por-colapso-de-iglesia-en-ciudad-madero-tamaulipas\/#respond"]}]},{"@type":"WebPage","@id":"https:\/\/fuentesfidedignas.com.mx\/index.php\/2023\/10\/01\/video-al-menos-siete-muertos-por-colapso-de-iglesia-en-ciudad-madero-tamaulipas\/","url":"https:\/\/fuentesfidedignas.com.mx\/index.php\/2023\/10\/01\/video-al-menos-siete-muertos-por-colapso-de-iglesia-en-ciudad-madero-tamaulipas\/","name":"VIDEO | Al menos siete muertos por colapso de iglesia en Ciudad Madero, Tamaulipas - Fuentes Fidedignas","isPartOf":{"@id":"https:\/\/fuentesfidedignas.com.mx\/#website"},"primaryImageOfPage":{"@id":"https:\/\/fuentesfidedignas.com.mx\/index.php\/2023\/10\/01\/video-al-menos-siete-muertos-por-colapso-de-iglesia-en-ciudad-madero-tamaulipas\/#primaryimage"},"image":{"@id":"https:\/\/fuentesfidedignas.com.mx\/index.php\/2023\/10\/01\/video-al-menos-siete-muertos-por-colapso-de-iglesia-en-ciudad-madero-tamaulipas\/#primaryimage"},"thumbnailUrl":"https:\/\/fuentesfidedignas.com.mx\/wp-content\/uploads\/2023\/10\/TEMPLO_TAMAULIPAS.jpg","datePublished":"2023-10-02T00:13:30+00:00","dateModified":"2023-10-02T00:14:09+00:00","breadcrumb":{"@id":"https:\/\/fuentesfidedignas.com.mx\/index.php\/2023\/10\/01\/video-al-menos-siete-muertos-por-colapso-de-iglesia-en-ciudad-madero-tamaulipas\/#breadcrumb"},"inLanguage":"es","potentialAction":[{"@type":"ReadAction","target":["https:\/\/fuentesfidedignas.com.mx\/index.php\/2023\/10\/01\/video-al-menos-siete-muertos-por-colapso-de-iglesia-en-ciudad-madero-tamaulipas\/"]}]},{"@type":"ImageObject","inLanguage":"es","@id":"https:\/\/fuentesfidedignas.com.mx\/index.php\/2023\/10\/01\/video-al-menos-siete-muertos-por-colapso-de-iglesia-en-ciudad-madero-tamaulipas\/#primaryimage","url":"https:\/\/fuentesfidedignas.com.mx\/wp-content\/uploads\/2023\/10\/TEMPLO_TAMAULIPAS.jpg","contentUrl":"https:\/\/fuentesfidedignas.com.mx\/wp-content\/uploads\/2023\/10\/TEMPLO_TAMAULIPAS.jpg","width":900,"height":508},{"@type":"BreadcrumbList","@id":"https:\/\/fuentesfidedignas.com.mx\/index.php\/2023\/10\/01\/video-al-menos-siete-muertos-por-colapso-de-iglesia-en-ciudad-madero-tamaulipas\/#breadcrumb","itemListElement":[{"@type":"ListItem","position":1,"name":"Inicio","item":"https:\/\/fuentesfidedignas.com.mx\/"},{"@type":"ListItem","position":2,"name":"VIDEO | Al menos siete muertos por colapso de iglesia en Ciudad Madero, Tamaulipas"}]},{"@type":"WebSite","@id":"https:\/\/fuentesfidedignas.com.mx\/#website","url":"https:\/\/fuentesfidedignas.com.mx\/","name":"Fuentes Fidedignas","description":"Otro sitio realizado con WordPress","publisher":{"@id":"https:\/\/fuentesfidedignas.com.mx\/#organization"},"potentialAction":[{"@type":"SearchAction","target":{"@type":"EntryPoint","urlTemplate":"https:\/\/fuentesfidedignas.com.mx\/?s={search_term_string}"},"query-input":{"@type":"PropertyValueSpecification","valueRequired":true,"valueName":"search_term_string"}}],"inLanguage":"es"},{"@type":"Organization","@id":"https:\/\/fuentesfidedignas.com.mx\/#organization","name":"Fuentes Fidedignas","url":"https:\/\/fuentesfidedignas.com.mx\/","logo":{"@type":"ImageObject","inLanguage":"es","@id":"https:\/\/fuentesfidedignas.com.mx\/#\/schema\/logo\/image\/","url":"https:\/\/fuentesfidedignas.com.mx\/wp-content\/uploads\/2021\/04\/logo-retina.png","contentUrl":"https:\/\/fuentesfidedignas.com.mx\/wp-content\/uploads\/2021\/04\/logo-retina.png","width":280,"height":51,"caption":"Fuentes Fidedignas"},"image":{"@id":"https:\/\/fuentesfidedignas.com.mx\/#\/schema\/logo\/image\/"},"sameAs":["https:\/\/www.facebook.com\/Fuentes-Fidedignas-368234489921644","https:\/\/x.com\/fidedignas"]},{"@type":"Person","@id":"https:\/\/fuentesfidedignas.com.mx\/#\/schema\/person\/67d852f0557c8509146a4b9ddebd543a","name":"L\u00f3pez D\u00f3riga","image":{"@type":"ImageObject","inLanguage":"es","@id":"https:\/\/secure.gravatar.com\/avatar\/e525b06574ca18b33cded59dfe5778d6c823b9513154eff47da551b0551bdd1e?s=96&d=mm&r=g","url":"https:\/\/secure.gravatar.com\/avatar\/e525b06574ca18b33cded59dfe5778d6c823b9513154eff47da551b0551bdd1e?s=96&d=mm&r=g","contentUrl":"https:\/\/secure.gravatar.com\/avatar\/e525b06574ca18b33cded59dfe5778d6c823b9513154eff47da551b0551bdd1e?s=96&d=mm&r=g","caption":"L\u00f3pez D\u00f3riga"},"url":"https:\/\/fuentesfidedignas.com.mx\/index.php\/author\/doriga\/"}]}},"_links":{"self":[{"href":"https:\/\/fuentesfidedignas.com.mx\/index.php\/wp-json\/wp\/v2\/posts\/60963","targetHints":{"allow":["GET"]}}],"collection":[{"href":"https:\/\/fuentesfidedignas.com.mx\/index.php\/wp-json\/wp\/v2\/posts"}],"about":[{"href":"https:\/\/fuentesfidedignas.com.mx\/index.php\/wp-json\/wp\/v2\/types\/post"}],"author":[{"embeddable":true,"href":"https:\/\/fuentesfidedignas.com.mx\/index.php\/wp-json\/wp\/v2\/users\/47"}],"replies":[{"embeddable":true,"href":"https:\/\/fuentesfidedignas.com.mx\/index.php\/wp-json\/wp\/v2\/comments?post=60963"}],"version-history":[{"count":1,"href":"https:\/\/fuentesfidedignas.com.mx\/index.php\/wp-json\/wp\/v2\/posts\/60963\/revisions"}],"predecessor-version":[{"id":60965,"href":"https:\/\/fuentesfidedignas.com.mx\/index.php\/wp-json\/wp\/v2\/posts\/60963\/revisions\/60965"}],"wp:featuredmedia":[{"embeddable":true,"href":"https:\/\/fuentesfidedignas.com.mx\/index.php\/wp-json\/wp\/v2\/media\/60964"}],"wp:attachment":[{"href":"https:\/\/fuentesfidedignas.com.mx\/index.php\/wp-json\/wp\/v2\/media?parent=60963"}],"wp:term":[{"taxonomy":"category","embeddable":true,"href":"https:\/\/fuentesfidedignas.com.mx\/index.php\/wp-json\/wp\/v2\/categories?post=60963"},{"taxonomy":"post_tag","embeddable":true,"href":"https:\/\/fuentesfidedignas.com.mx\/index.php\/wp-json\/wp\/v2\/tags?post=60963"}],"curies":[{"name":"wp","href":"https:\/\/api.w.org\/{rel}","templated":true}]}}