{"id":60888,"date":"2023-09-30T10:39:14","date_gmt":"2023-09-30T17:39:14","guid":{"rendered":"https:\/\/fuentesfidedignas.com.mx\/?p=60888"},"modified":"2023-09-30T10:39:15","modified_gmt":"2023-09-30T17:39:15","slug":"regidor-de-morena-se-lanza-desde-balcon-en-palacio-municipal-en-guanajuato","status":"publish","type":"post","link":"https:\/\/fuentesfidedignas.com.mx\/index.php\/2023\/09\/30\/regidor-de-morena-se-lanza-desde-balcon-en-palacio-municipal-en-guanajuato\/","title":{"rendered":"Regidor de Morena se lanza desde balc\u00f3n en palacio municipal en Guanajuato"},"content":{"rendered":"\n<p><em><strong>El alcalde Germ\u00e1n Cervantes Vega confirm\u00f3 los hechos a trav\u00e9s de redes sociales<\/strong><\/em><\/p>\n\n\n\n<p>Guanajuato.- El estado de salud de\u00a0<strong>Jorge Luis Zamora Cabrera<\/strong>, regidor de Morena, se encuentra delicado a ra\u00edz de haber ca\u00eddo del segundo piso del palacio municipal de\u00a0<strong>Salvatierra, Guanajuato<\/strong>. Los primeros reportes se\u00f1alan que el joven se avent\u00f3 desde una ventana del edificio.<\/p>\n\n\n\n<p>Los hechos ocurrieron durante la tarde del viernes 29 de septiembre. De acuerdo con fuentes consultadas por\u00a0<em>Proceso,\u00a0<\/em>el tambi\u00e9n\u00a0<strong>exsecretario de Diversidad Sexual de Morena\u00a0<\/strong>en Guanajuato arrib\u00f3 al inmueble presidencial visiblemente alterado y sostuvo una\u00a0<strong>discusi\u00f3n\u00a0<\/strong>con el personal de seguridad que se encontraba resguardando el edificio.<\/p>\n\n\n\n<p>Tras unos minutos de intercambiar palabras, Zamora Cabrera presuntamente ingres\u00f3 por la fuerza y se dirigi\u00f3 al sal\u00f3n de cabildos, donde finalmente se habr\u00eda aventado hacia el exterior. Cabe destacar que al momento de los hechos no se encontraba nadie en el palacio municipal.<\/p>\n\n\n\n<p>El cuerpo del morenista qued\u00f3 tendido sobre el asfalto mientras\u00a0<strong>personal m\u00e9dico\u00a0<\/strong>arribaba al lugar. Testigos refirieron que, adem\u00e1s de las lesiones provocadas por la ca\u00edda, Zamora Cabrera tambi\u00e9n presentaba heridas por arma de fuego.<\/p>\n\n\n\n<p>El joven fue ingresado a un hospital local de Salvatierra, donde permanece internado.<\/p>\n\n\n\n<p><img decoding=\"async\" alt=\"Jorge Luis Zamora, regidor de Salvatierra, Guanajuato. (Foto: Facebook Jorge Luis Zamora)\" height=\"960\" width=\"959\" src=\"https:\/\/www.infobae.com\/new-resizer\/iD8kBlYmu95SAD5V6F872KbCw98=\/arc-anglerfish-arc2-prod-infobae\/public\/FXVTSJL7DVDQBJL7ZXN5KL4JIU.jpg\" srcset=\"https:\/\/www.infobae.com\/new-resizer\/i0TJ9F03zcpScDTgw8KSATWjEAg=\/420x420\/filters:format(webp):quality(85)\/cloudfront-us-east-1.images.arcpublishing.com\/infobae\/FXVTSJL7DVDQBJL7ZXN5KL4JIU.jpg 420w,https:\/\/www.infobae.com\/new-resizer\/kE1dXR101lUqEVym4tL5VcE1O6Y=\/768x768\/filters:format(webp):quality(85)\/cloudfront-us-east-1.images.arcpublishing.com\/infobae\/FXVTSJL7DVDQBJL7ZXN5KL4JIU.jpg 768w,https:\/\/www.infobae.com\/new-resizer\/aBplWOPCmkQDhM0_Splja3-d08s=\/992x992\/filters:format(webp):quality(85)\/cloudfront-us-east-1.images.arcpublishing.com\/infobae\/FXVTSJL7DVDQBJL7ZXN5KL4JIU.jpg 992w,https:\/\/www.infobae.com\/new-resizer\/Wt0bmcGLByjHPqNtMajBH4P7F2Y=\/1200x1200\/filters:format(webp):quality(85)\/cloudfront-us-east-1.images.arcpublishing.com\/infobae\/FXVTSJL7DVDQBJL7ZXN5KL4JIU.jpg 1200w,https:\/\/www.infobae.com\/new-resizer\/iKHdAqr_nSe93zCpBv_ifLIeGZY=\/1440x1440\/filters:format(webp):quality(85)\/cloudfront-us-east-1.images.arcpublishing.com\/infobae\/FXVTSJL7DVDQBJL7ZXN5KL4JIU.jpg 1440w\">Jorge Luis Zamora, regidor de Salvatierra, Guanajuato. (Foto: Facebook Jorge Luis Zamora)<\/p>\n\n\n\n<h2 class=\"wp-block-heading\">Secretario Nacional de J\u00f3venes en Morena pide esclarecer los hechos<\/h2>\n\n\n\n<p>Cerca de las 21:00 horas, la presidencia municipal de Salvatierra confirm\u00f3 los hechos.<\/p>\n\n\n\n<p>\u201cDesde el primer momento de lo ocurrido, se le brind\u00f3 la atenci\u00f3n m\u00e9dica necesaria y fue trasladado a recibir atenci\u00f3n a un nosocomio local. El gobierno brinda su mayor disposici\u00f3n, as\u00ed como a sus familiares.\u00a0<strong>Oramos por una recuperaci\u00f3n favorable<\/strong>\u201d, se lee en un comunicado.<\/p>\n\n\n\n<p>Por otra parte,<strong>\u00a0Germ\u00e1n Cervantes Vega<\/strong>, alcalde de Salvatierra, dedic\u00f3 un mensaje de apoyo a Zamora Cabrera desde su cuenta personal de Facebook.<\/p>\n\n\n\n<p>\u201cMis oraciones, las de mi familia y todos los que conformamos la actual Administraci\u00f3n est\u00e1n con nuestro compa\u00f1ero, Jorge Luis Zamora. (&#8230;) Me encuentro al pendiente de su estado de salud y he puesto a disposici\u00f3n cualquier apoyo que as\u00ed lo requiera&nbsp;<strong>su familia<\/strong>. Espero de todo coraz\u00f3n una evoluci\u00f3n favorable\u201d, escribi\u00f3 el panista.<\/p>\n\n\n\n<p><img decoding=\"async\" alt=\"El alcalde panista no detall\u00f3 que ocurri\u00f3. (Foto: Captura de pantalla | Facebook Germ\u00e1n Cervantes Vega)\" height=\"254\" width=\"502\" src=\"https:\/\/www.infobae.com\/new-resizer\/GI2Uc7zb6azHVPYXlnyQcW9NcoI=\/arc-anglerfish-arc2-prod-infobae\/public\/26FK5INVSJGNZD7LQBFYE2LIE4.png\" srcset=\"https:\/\/www.infobae.com\/new-resizer\/jKGu6c0O8yRZK931AwnA7g7yOw0=\/420x236\/filters:format(webp):quality(85)\/cloudfront-us-east-1.images.arcpublishing.com\/infobae\/26FK5INVSJGNZD7LQBFYE2LIE4.png 420w,https:\/\/www.infobae.com\/new-resizer\/zyXk_EC_-3FJmZhslzcuTxETNEg=\/768x432\/filters:format(webp):quality(85)\/cloudfront-us-east-1.images.arcpublishing.com\/infobae\/26FK5INVSJGNZD7LQBFYE2LIE4.png 768w,https:\/\/www.infobae.com\/new-resizer\/EAceFt0jWrBMytOjRFSB_0X-hIc=\/992x558\/filters:format(webp):quality(85)\/cloudfront-us-east-1.images.arcpublishing.com\/infobae\/26FK5INVSJGNZD7LQBFYE2LIE4.png 992w,https:\/\/www.infobae.com\/new-resizer\/J_O24uM45zJjZ4cyeqoXWFMjabc=\/1200x675\/filters:format(webp):quality(85)\/cloudfront-us-east-1.images.arcpublishing.com\/infobae\/26FK5INVSJGNZD7LQBFYE2LIE4.png 1200w,https:\/\/www.infobae.com\/new-resizer\/rvNPpIFkVYVO-0nJAkDxOJLtycA=\/1440x810\/filters:format(webp):quality(85)\/cloudfront-us-east-1.images.arcpublishing.com\/infobae\/26FK5INVSJGNZD7LQBFYE2LIE4.png 1440w\">El alcalde panista no detall\u00f3 que ocurri\u00f3. (Foto: Captura de pantalla | Facebook Germ\u00e1n Cervantes Vega)<\/p>\n\n\n\n<p>Horas m\u00e1s tarde, el secretario Nacional de J\u00f3venes en Morena,&nbsp;<strong>Alejandro Porras Mar\u00edn<\/strong>, exigi\u00f3 al gobierno de Guanajuato esclarecer los hechos. \u201cSeguimos atentos de su recuperaci\u00f3n y de la respuesta de las autoridades\u201d, declar\u00f3.<\/p>\n\n\n\n<p>Y, aunque el gobernador de Guanajuato, Diego Sinhue Rodr\u00edguez Vallejo, no se pronunci\u00f3 al respecto, el secretario de Gobierno,&nbsp;<strong>Jes\u00fas Oviedo<\/strong>, s\u00ed lo hizo.<\/p>\n\n\n\n<p>\u201cEstaremos atentos de la salud del regidor Jorge Luis Zamora Cabrera, mantendremos estrecha comunicaci\u00f3n con el Municipio de Salvatierra\u201d, asegur\u00f3.<\/p>\n\n\n\n<h2 class=\"wp-block-heading\">\u00bfQui\u00e9n es Jorge Luis Zamora Cabrera?<\/h2>\n\n\n\n<p>Jorge Luis Zamora Cabrera se encuentra cumpliendo su segundo periodo consecutivo como regidor de Salvatierra. El primero fue de 2018 a 2021 y el segundo<strong>&nbsp;concluir\u00e1 en 2024<\/strong>.<\/p>\n\n\n\n<p>Seg\u00fan refieren medios locales, el morenista se identifica a s\u00ed mismo como miembro de la&nbsp;<strong>comunidad LGBT+<\/strong>, raz\u00f3n por la cual fue secretario de Diversidad Sexual en Guanajuato previ\u00f3 a obtener la regidur\u00eda.<\/p>\n","protected":false},"excerpt":{"rendered":"<p>El alcalde Germ\u00e1n Cervantes Vega confirm\u00f3 los hechos a trav\u00e9s de redes sociales Guanajuato.- El estado de salud de\u00a0Jorge Luis Zamora Cabrera, regidor de Morena, se encuentra delicado a ra\u00edz de haber ca\u00eddo del segundo piso del palacio municipal de\u00a0Salvatierra, Guanajuato. Los primeros reportes se\u00f1alan que el joven se avent\u00f3 desde una ventana del edificio. [&hellip;]<\/p>\n","protected":false},"author":41,"featured_media":60889,"comment_status":"open","ping_status":"open","sticky":false,"template":"","format":"standard","meta":{"tdm_status":"","tdm_grid_status":"","footnotes":""},"categories":[39],"tags":[],"class_list":{"0":"post-60888","1":"post","2":"type-post","3":"status-publish","4":"format-standard","5":"has-post-thumbnail","7":"category-noticias-nacionales"},"yoast_head":"<!-- This site is optimized with the Yoast SEO plugin v27.4 - https:\/\/yoast.com\/product\/yoast-seo-wordpress\/ -->\n<title>Regidor de Morena se lanza desde balc\u00f3n en palacio municipal en Guanajuato - Fuentes Fidedignas<\/title>\n<meta name=\"robots\" content=\"index, follow, max-snippet:-1, max-image-preview:large, max-video-preview:-1\" \/>\n<link rel=\"canonical\" href=\"https:\/\/fuentesfidedignas.com.mx\/index.php\/2023\/09\/30\/regidor-de-morena-se-lanza-desde-balcon-en-palacio-municipal-en-guanajuato\/\" \/>\n<meta property=\"og:locale\" content=\"es_MX\" \/>\n<meta property=\"og:type\" content=\"article\" \/>\n<meta property=\"og:title\" content=\"Regidor de Morena se lanza desde balc\u00f3n en palacio municipal en Guanajuato - Fuentes Fidedignas\" \/>\n<meta property=\"og:description\" content=\"El alcalde Germ\u00e1n Cervantes Vega confirm\u00f3 los hechos a trav\u00e9s de redes sociales Guanajuato.- El estado de salud de\u00a0Jorge Luis Zamora Cabrera, regidor de Morena, se encuentra delicado a ra\u00edz de haber ca\u00eddo del segundo piso del palacio municipal de\u00a0Salvatierra, Guanajuato. Los primeros reportes se\u00f1alan que el joven se avent\u00f3 desde una ventana del edificio. [&hellip;]\" \/>\n<meta property=\"og:url\" content=\"https:\/\/fuentesfidedignas.com.mx\/index.php\/2023\/09\/30\/regidor-de-morena-se-lanza-desde-balcon-en-palacio-municipal-en-guanajuato\/\" \/>\n<meta property=\"og:site_name\" content=\"Fuentes Fidedignas\" \/>\n<meta property=\"article:publisher\" content=\"https:\/\/www.facebook.com\/Fuentes-Fidedignas-368234489921644\" \/>\n<meta property=\"article:published_time\" content=\"2023-09-30T17:39:14+00:00\" \/>\n<meta property=\"article:modified_time\" content=\"2023-09-30T17:39:15+00:00\" \/>\n<meta property=\"og:image\" content=\"https:\/\/fuentesfidedignas.com.mx\/wp-content\/uploads\/2023\/09\/comunidad-237089546.jpg\" \/>\n\t<meta property=\"og:image:width\" content=\"1024\" \/>\n\t<meta property=\"og:image:height\" content=\"576\" \/>\n\t<meta property=\"og:image:type\" content=\"image\/jpeg\" \/>\n<meta name=\"author\" content=\"Infobae\" \/>\n<meta name=\"twitter:card\" content=\"summary_large_image\" \/>\n<meta name=\"twitter:creator\" content=\"@fidedignas\" \/>\n<meta name=\"twitter:site\" content=\"@fidedignas\" \/>\n<meta name=\"twitter:label1\" content=\"Escrito por\" \/>\n\t<meta name=\"twitter:data1\" content=\"Infobae\" \/>\n\t<meta name=\"twitter:label2\" content=\"Tiempo de lectura\" \/>\n\t<meta name=\"twitter:data2\" content=\"3 minutos\" \/>\n<script type=\"application\/ld+json\" class=\"yoast-schema-graph\">{\"@context\":\"https:\\\/\\\/schema.org\",\"@graph\":[{\"@type\":\"Article\",\"@id\":\"https:\\\/\\\/fuentesfidedignas.com.mx\\\/index.php\\\/2023\\\/09\\\/30\\\/regidor-de-morena-se-lanza-desde-balcon-en-palacio-municipal-en-guanajuato\\\/#article\",\"isPartOf\":{\"@id\":\"https:\\\/\\\/fuentesfidedignas.com.mx\\\/index.php\\\/2023\\\/09\\\/30\\\/regidor-de-morena-se-lanza-desde-balcon-en-palacio-municipal-en-guanajuato\\\/\"},\"author\":{\"name\":\"Infobae\",\"@id\":\"https:\\\/\\\/fuentesfidedignas.com.mx\\\/#\\\/schema\\\/person\\\/8575896a7c1067d352f6c1cd6582c389\"},\"headline\":\"Regidor de Morena se lanza desde balc\u00f3n en palacio municipal en Guanajuato\",\"datePublished\":\"2023-09-30T17:39:14+00:00\",\"dateModified\":\"2023-09-30T17:39:15+00:00\",\"mainEntityOfPage\":{\"@id\":\"https:\\\/\\\/fuentesfidedignas.com.mx\\\/index.php\\\/2023\\\/09\\\/30\\\/regidor-de-morena-se-lanza-desde-balcon-en-palacio-municipal-en-guanajuato\\\/\"},\"wordCount\":566,\"commentCount\":0,\"publisher\":{\"@id\":\"https:\\\/\\\/fuentesfidedignas.com.mx\\\/#organization\"},\"image\":{\"@id\":\"https:\\\/\\\/fuentesfidedignas.com.mx\\\/index.php\\\/2023\\\/09\\\/30\\\/regidor-de-morena-se-lanza-desde-balcon-en-palacio-municipal-en-guanajuato\\\/#primaryimage\"},\"thumbnailUrl\":\"https:\\\/\\\/fuentesfidedignas.com.mx\\\/wp-content\\\/uploads\\\/2023\\\/09\\\/comunidad-237089546.jpg\",\"articleSection\":[\"NOTICIAS NACIONALES\"],\"inLanguage\":\"es\",\"potentialAction\":[{\"@type\":\"CommentAction\",\"name\":\"Comment\",\"target\":[\"https:\\\/\\\/fuentesfidedignas.com.mx\\\/index.php\\\/2023\\\/09\\\/30\\\/regidor-de-morena-se-lanza-desde-balcon-en-palacio-municipal-en-guanajuato\\\/#respond\"]}]},{\"@type\":\"WebPage\",\"@id\":\"https:\\\/\\\/fuentesfidedignas.com.mx\\\/index.php\\\/2023\\\/09\\\/30\\\/regidor-de-morena-se-lanza-desde-balcon-en-palacio-municipal-en-guanajuato\\\/\",\"url\":\"https:\\\/\\\/fuentesfidedignas.com.mx\\\/index.php\\\/2023\\\/09\\\/30\\\/regidor-de-morena-se-lanza-desde-balcon-en-palacio-municipal-en-guanajuato\\\/\",\"name\":\"Regidor de Morena se lanza desde balc\u00f3n en palacio municipal en Guanajuato - Fuentes Fidedignas\",\"isPartOf\":{\"@id\":\"https:\\\/\\\/fuentesfidedignas.com.mx\\\/#website\"},\"primaryImageOfPage\":{\"@id\":\"https:\\\/\\\/fuentesfidedignas.com.mx\\\/index.php\\\/2023\\\/09\\\/30\\\/regidor-de-morena-se-lanza-desde-balcon-en-palacio-municipal-en-guanajuato\\\/#primaryimage\"},\"image\":{\"@id\":\"https:\\\/\\\/fuentesfidedignas.com.mx\\\/index.php\\\/2023\\\/09\\\/30\\\/regidor-de-morena-se-lanza-desde-balcon-en-palacio-municipal-en-guanajuato\\\/#primaryimage\"},\"thumbnailUrl\":\"https:\\\/\\\/fuentesfidedignas.com.mx\\\/wp-content\\\/uploads\\\/2023\\\/09\\\/comunidad-237089546.jpg\",\"datePublished\":\"2023-09-30T17:39:14+00:00\",\"dateModified\":\"2023-09-30T17:39:15+00:00\",\"breadcrumb\":{\"@id\":\"https:\\\/\\\/fuentesfidedignas.com.mx\\\/index.php\\\/2023\\\/09\\\/30\\\/regidor-de-morena-se-lanza-desde-balcon-en-palacio-municipal-en-guanajuato\\\/#breadcrumb\"},\"inLanguage\":\"es\",\"potentialAction\":[{\"@type\":\"ReadAction\",\"target\":[\"https:\\\/\\\/fuentesfidedignas.com.mx\\\/index.php\\\/2023\\\/09\\\/30\\\/regidor-de-morena-se-lanza-desde-balcon-en-palacio-municipal-en-guanajuato\\\/\"]}]},{\"@type\":\"ImageObject\",\"inLanguage\":\"es\",\"@id\":\"https:\\\/\\\/fuentesfidedignas.com.mx\\\/index.php\\\/2023\\\/09\\\/30\\\/regidor-de-morena-se-lanza-desde-balcon-en-palacio-municipal-en-guanajuato\\\/#primaryimage\",\"url\":\"https:\\\/\\\/fuentesfidedignas.com.mx\\\/wp-content\\\/uploads\\\/2023\\\/09\\\/comunidad-237089546.jpg\",\"contentUrl\":\"https:\\\/\\\/fuentesfidedignas.com.mx\\\/wp-content\\\/uploads\\\/2023\\\/09\\\/comunidad-237089546.jpg\",\"width\":1024,\"height\":576},{\"@type\":\"BreadcrumbList\",\"@id\":\"https:\\\/\\\/fuentesfidedignas.com.mx\\\/index.php\\\/2023\\\/09\\\/30\\\/regidor-de-morena-se-lanza-desde-balcon-en-palacio-municipal-en-guanajuato\\\/#breadcrumb\",\"itemListElement\":[{\"@type\":\"ListItem\",\"position\":1,\"name\":\"Inicio\",\"item\":\"https:\\\/\\\/fuentesfidedignas.com.mx\\\/\"},{\"@type\":\"ListItem\",\"position\":2,\"name\":\"Regidor de Morena se lanza desde balc\u00f3n en palacio municipal en Guanajuato\"}]},{\"@type\":\"WebSite\",\"@id\":\"https:\\\/\\\/fuentesfidedignas.com.mx\\\/#website\",\"url\":\"https:\\\/\\\/fuentesfidedignas.com.mx\\\/\",\"name\":\"Fuentes Fidedignas\",\"description\":\"Otro sitio realizado con WordPress\",\"publisher\":{\"@id\":\"https:\\\/\\\/fuentesfidedignas.com.mx\\\/#organization\"},\"potentialAction\":[{\"@type\":\"SearchAction\",\"target\":{\"@type\":\"EntryPoint\",\"urlTemplate\":\"https:\\\/\\\/fuentesfidedignas.com.mx\\\/?s={search_term_string}\"},\"query-input\":{\"@type\":\"PropertyValueSpecification\",\"valueRequired\":true,\"valueName\":\"search_term_string\"}}],\"inLanguage\":\"es\"},{\"@type\":\"Organization\",\"@id\":\"https:\\\/\\\/fuentesfidedignas.com.mx\\\/#organization\",\"name\":\"Fuentes Fidedignas\",\"url\":\"https:\\\/\\\/fuentesfidedignas.com.mx\\\/\",\"logo\":{\"@type\":\"ImageObject\",\"inLanguage\":\"es\",\"@id\":\"https:\\\/\\\/fuentesfidedignas.com.mx\\\/#\\\/schema\\\/logo\\\/image\\\/\",\"url\":\"https:\\\/\\\/fuentesfidedignas.com.mx\\\/wp-content\\\/uploads\\\/2021\\\/04\\\/logo-retina.png\",\"contentUrl\":\"https:\\\/\\\/fuentesfidedignas.com.mx\\\/wp-content\\\/uploads\\\/2021\\\/04\\\/logo-retina.png\",\"width\":280,\"height\":51,\"caption\":\"Fuentes Fidedignas\"},\"image\":{\"@id\":\"https:\\\/\\\/fuentesfidedignas.com.mx\\\/#\\\/schema\\\/logo\\\/image\\\/\"},\"sameAs\":[\"https:\\\/\\\/www.facebook.com\\\/Fuentes-Fidedignas-368234489921644\",\"https:\\\/\\\/x.com\\\/fidedignas\"]},{\"@type\":\"Person\",\"@id\":\"https:\\\/\\\/fuentesfidedignas.com.mx\\\/#\\\/schema\\\/person\\\/8575896a7c1067d352f6c1cd6582c389\",\"name\":\"Infobae\",\"image\":{\"@type\":\"ImageObject\",\"inLanguage\":\"es\",\"@id\":\"https:\\\/\\\/secure.gravatar.com\\\/avatar\\\/e4ec95706f8d1670343f6526fdcec45474bab17475a851434a64ca12b5acba1c?s=96&d=mm&r=g\",\"url\":\"https:\\\/\\\/secure.gravatar.com\\\/avatar\\\/e4ec95706f8d1670343f6526fdcec45474bab17475a851434a64ca12b5acba1c?s=96&d=mm&r=g\",\"contentUrl\":\"https:\\\/\\\/secure.gravatar.com\\\/avatar\\\/e4ec95706f8d1670343f6526fdcec45474bab17475a851434a64ca12b5acba1c?s=96&d=mm&r=g\",\"caption\":\"Infobae\"},\"url\":\"https:\\\/\\\/fuentesfidedignas.com.mx\\\/index.php\\\/author\\\/infobae\\\/\"}]}<\/script>\n<!-- \/ Yoast SEO plugin. -->","yoast_head_json":{"title":"Regidor de Morena se lanza desde balc\u00f3n en palacio municipal en Guanajuato - Fuentes Fidedignas","robots":{"index":"index","follow":"follow","max-snippet":"max-snippet:-1","max-image-preview":"max-image-preview:large","max-video-preview":"max-video-preview:-1"},"canonical":"https:\/\/fuentesfidedignas.com.mx\/index.php\/2023\/09\/30\/regidor-de-morena-se-lanza-desde-balcon-en-palacio-municipal-en-guanajuato\/","og_locale":"es_MX","og_type":"article","og_title":"Regidor de Morena se lanza desde balc\u00f3n en palacio municipal en Guanajuato - Fuentes Fidedignas","og_description":"El alcalde Germ\u00e1n Cervantes Vega confirm\u00f3 los hechos a trav\u00e9s de redes sociales Guanajuato.- El estado de salud de\u00a0Jorge Luis Zamora Cabrera, regidor de Morena, se encuentra delicado a ra\u00edz de haber ca\u00eddo del segundo piso del palacio municipal de\u00a0Salvatierra, Guanajuato. Los primeros reportes se\u00f1alan que el joven se avent\u00f3 desde una ventana del edificio. [&hellip;]","og_url":"https:\/\/fuentesfidedignas.com.mx\/index.php\/2023\/09\/30\/regidor-de-morena-se-lanza-desde-balcon-en-palacio-municipal-en-guanajuato\/","og_site_name":"Fuentes Fidedignas","article_publisher":"https:\/\/www.facebook.com\/Fuentes-Fidedignas-368234489921644","article_published_time":"2023-09-30T17:39:14+00:00","article_modified_time":"2023-09-30T17:39:15+00:00","og_image":[{"width":1024,"height":576,"url":"https:\/\/fuentesfidedignas.com.mx\/wp-content\/uploads\/2023\/09\/comunidad-237089546.jpg","type":"image\/jpeg"}],"author":"Infobae","twitter_card":"summary_large_image","twitter_creator":"@fidedignas","twitter_site":"@fidedignas","twitter_misc":{"Escrito por":"Infobae","Tiempo de lectura":"3 minutos"},"schema":{"@context":"https:\/\/schema.org","@graph":[{"@type":"Article","@id":"https:\/\/fuentesfidedignas.com.mx\/index.php\/2023\/09\/30\/regidor-de-morena-se-lanza-desde-balcon-en-palacio-municipal-en-guanajuato\/#article","isPartOf":{"@id":"https:\/\/fuentesfidedignas.com.mx\/index.php\/2023\/09\/30\/regidor-de-morena-se-lanza-desde-balcon-en-palacio-municipal-en-guanajuato\/"},"author":{"name":"Infobae","@id":"https:\/\/fuentesfidedignas.com.mx\/#\/schema\/person\/8575896a7c1067d352f6c1cd6582c389"},"headline":"Regidor de Morena se lanza desde balc\u00f3n en palacio municipal en Guanajuato","datePublished":"2023-09-30T17:39:14+00:00","dateModified":"2023-09-30T17:39:15+00:00","mainEntityOfPage":{"@id":"https:\/\/fuentesfidedignas.com.mx\/index.php\/2023\/09\/30\/regidor-de-morena-se-lanza-desde-balcon-en-palacio-municipal-en-guanajuato\/"},"wordCount":566,"commentCount":0,"publisher":{"@id":"https:\/\/fuentesfidedignas.com.mx\/#organization"},"image":{"@id":"https:\/\/fuentesfidedignas.com.mx\/index.php\/2023\/09\/30\/regidor-de-morena-se-lanza-desde-balcon-en-palacio-municipal-en-guanajuato\/#primaryimage"},"thumbnailUrl":"https:\/\/fuentesfidedignas.com.mx\/wp-content\/uploads\/2023\/09\/comunidad-237089546.jpg","articleSection":["NOTICIAS NACIONALES"],"inLanguage":"es","potentialAction":[{"@type":"CommentAction","name":"Comment","target":["https:\/\/fuentesfidedignas.com.mx\/index.php\/2023\/09\/30\/regidor-de-morena-se-lanza-desde-balcon-en-palacio-municipal-en-guanajuato\/#respond"]}]},{"@type":"WebPage","@id":"https:\/\/fuentesfidedignas.com.mx\/index.php\/2023\/09\/30\/regidor-de-morena-se-lanza-desde-balcon-en-palacio-municipal-en-guanajuato\/","url":"https:\/\/fuentesfidedignas.com.mx\/index.php\/2023\/09\/30\/regidor-de-morena-se-lanza-desde-balcon-en-palacio-municipal-en-guanajuato\/","name":"Regidor de Morena se lanza desde balc\u00f3n en palacio municipal en Guanajuato - Fuentes Fidedignas","isPartOf":{"@id":"https:\/\/fuentesfidedignas.com.mx\/#website"},"primaryImageOfPage":{"@id":"https:\/\/fuentesfidedignas.com.mx\/index.php\/2023\/09\/30\/regidor-de-morena-se-lanza-desde-balcon-en-palacio-municipal-en-guanajuato\/#primaryimage"},"image":{"@id":"https:\/\/fuentesfidedignas.com.mx\/index.php\/2023\/09\/30\/regidor-de-morena-se-lanza-desde-balcon-en-palacio-municipal-en-guanajuato\/#primaryimage"},"thumbnailUrl":"https:\/\/fuentesfidedignas.com.mx\/wp-content\/uploads\/2023\/09\/comunidad-237089546.jpg","datePublished":"2023-09-30T17:39:14+00:00","dateModified":"2023-09-30T17:39:15+00:00","breadcrumb":{"@id":"https:\/\/fuentesfidedignas.com.mx\/index.php\/2023\/09\/30\/regidor-de-morena-se-lanza-desde-balcon-en-palacio-municipal-en-guanajuato\/#breadcrumb"},"inLanguage":"es","potentialAction":[{"@type":"ReadAction","target":["https:\/\/fuentesfidedignas.com.mx\/index.php\/2023\/09\/30\/regidor-de-morena-se-lanza-desde-balcon-en-palacio-municipal-en-guanajuato\/"]}]},{"@type":"ImageObject","inLanguage":"es","@id":"https:\/\/fuentesfidedignas.com.mx\/index.php\/2023\/09\/30\/regidor-de-morena-se-lanza-desde-balcon-en-palacio-municipal-en-guanajuato\/#primaryimage","url":"https:\/\/fuentesfidedignas.com.mx\/wp-content\/uploads\/2023\/09\/comunidad-237089546.jpg","contentUrl":"https:\/\/fuentesfidedignas.com.mx\/wp-content\/uploads\/2023\/09\/comunidad-237089546.jpg","width":1024,"height":576},{"@type":"BreadcrumbList","@id":"https:\/\/fuentesfidedignas.com.mx\/index.php\/2023\/09\/30\/regidor-de-morena-se-lanza-desde-balcon-en-palacio-municipal-en-guanajuato\/#breadcrumb","itemListElement":[{"@type":"ListItem","position":1,"name":"Inicio","item":"https:\/\/fuentesfidedignas.com.mx\/"},{"@type":"ListItem","position":2,"name":"Regidor de Morena se lanza desde balc\u00f3n en palacio municipal en Guanajuato"}]},{"@type":"WebSite","@id":"https:\/\/fuentesfidedignas.com.mx\/#website","url":"https:\/\/fuentesfidedignas.com.mx\/","name":"Fuentes Fidedignas","description":"Otro sitio realizado con WordPress","publisher":{"@id":"https:\/\/fuentesfidedignas.com.mx\/#organization"},"potentialAction":[{"@type":"SearchAction","target":{"@type":"EntryPoint","urlTemplate":"https:\/\/fuentesfidedignas.com.mx\/?s={search_term_string}"},"query-input":{"@type":"PropertyValueSpecification","valueRequired":true,"valueName":"search_term_string"}}],"inLanguage":"es"},{"@type":"Organization","@id":"https:\/\/fuentesfidedignas.com.mx\/#organization","name":"Fuentes Fidedignas","url":"https:\/\/fuentesfidedignas.com.mx\/","logo":{"@type":"ImageObject","inLanguage":"es","@id":"https:\/\/fuentesfidedignas.com.mx\/#\/schema\/logo\/image\/","url":"https:\/\/fuentesfidedignas.com.mx\/wp-content\/uploads\/2021\/04\/logo-retina.png","contentUrl":"https:\/\/fuentesfidedignas.com.mx\/wp-content\/uploads\/2021\/04\/logo-retina.png","width":280,"height":51,"caption":"Fuentes Fidedignas"},"image":{"@id":"https:\/\/fuentesfidedignas.com.mx\/#\/schema\/logo\/image\/"},"sameAs":["https:\/\/www.facebook.com\/Fuentes-Fidedignas-368234489921644","https:\/\/x.com\/fidedignas"]},{"@type":"Person","@id":"https:\/\/fuentesfidedignas.com.mx\/#\/schema\/person\/8575896a7c1067d352f6c1cd6582c389","name":"Infobae","image":{"@type":"ImageObject","inLanguage":"es","@id":"https:\/\/secure.gravatar.com\/avatar\/e4ec95706f8d1670343f6526fdcec45474bab17475a851434a64ca12b5acba1c?s=96&d=mm&r=g","url":"https:\/\/secure.gravatar.com\/avatar\/e4ec95706f8d1670343f6526fdcec45474bab17475a851434a64ca12b5acba1c?s=96&d=mm&r=g","contentUrl":"https:\/\/secure.gravatar.com\/avatar\/e4ec95706f8d1670343f6526fdcec45474bab17475a851434a64ca12b5acba1c?s=96&d=mm&r=g","caption":"Infobae"},"url":"https:\/\/fuentesfidedignas.com.mx\/index.php\/author\/infobae\/"}]}},"_links":{"self":[{"href":"https:\/\/fuentesfidedignas.com.mx\/index.php\/wp-json\/wp\/v2\/posts\/60888","targetHints":{"allow":["GET"]}}],"collection":[{"href":"https:\/\/fuentesfidedignas.com.mx\/index.php\/wp-json\/wp\/v2\/posts"}],"about":[{"href":"https:\/\/fuentesfidedignas.com.mx\/index.php\/wp-json\/wp\/v2\/types\/post"}],"author":[{"embeddable":true,"href":"https:\/\/fuentesfidedignas.com.mx\/index.php\/wp-json\/wp\/v2\/users\/41"}],"replies":[{"embeddable":true,"href":"https:\/\/fuentesfidedignas.com.mx\/index.php\/wp-json\/wp\/v2\/comments?post=60888"}],"version-history":[{"count":1,"href":"https:\/\/fuentesfidedignas.com.mx\/index.php\/wp-json\/wp\/v2\/posts\/60888\/revisions"}],"predecessor-version":[{"id":60890,"href":"https:\/\/fuentesfidedignas.com.mx\/index.php\/wp-json\/wp\/v2\/posts\/60888\/revisions\/60890"}],"wp:featuredmedia":[{"embeddable":true,"href":"https:\/\/fuentesfidedignas.com.mx\/index.php\/wp-json\/wp\/v2\/media\/60889"}],"wp:attachment":[{"href":"https:\/\/fuentesfidedignas.com.mx\/index.php\/wp-json\/wp\/v2\/media?parent=60888"}],"wp:term":[{"taxonomy":"category","embeddable":true,"href":"https:\/\/fuentesfidedignas.com.mx\/index.php\/wp-json\/wp\/v2\/categories?post=60888"},{"taxonomy":"post_tag","embeddable":true,"href":"https:\/\/fuentesfidedignas.com.mx\/index.php\/wp-json\/wp\/v2\/tags?post=60888"}],"curies":[{"name":"wp","href":"https:\/\/api.w.org\/{rel}","templated":true}]}}