{"id":60868,"date":"2023-09-30T08:05:17","date_gmt":"2023-09-30T15:05:17","guid":{"rendered":"https:\/\/fuentesfidedignas.com.mx\/?p=60868"},"modified":"2023-09-30T08:06:54","modified_gmt":"2023-09-30T15:06:54","slug":"dante-delgado-le-guina-el-ojo-a-marcelo-ebrard-no-lo-descarta-como-candidato-de-mc-en-2024","status":"publish","type":"post","link":"https:\/\/fuentesfidedignas.com.mx\/index.php\/2023\/09\/30\/dante-delgado-le-guina-el-ojo-a-marcelo-ebrard-no-lo-descarta-como-candidato-de-mc-en-2024\/","title":{"rendered":"\u00bfDante Delgado le \u2018gui\u00f1a el ojo\u2019 a Marcelo Ebrard? No lo descarta como candidato de MC en 2024"},"content":{"rendered":"\n<p><strong><em>Cuestionado sobre la posibilidad de que Marcelo Ebrard represente a MC en 2024, Dante Delgado pidi\u00f3 esperar la convocatoria del partido<\/em><\/strong><\/p>\n\n\n\n<p>Ciudad de M\u00e9xico. Dante Delgado, el dirigente nacional de Movimiento Ciudadano (MC), dej\u00f3 abierta la posibilidad a que el excanciller Marcelo Ebrard pueda ser considerado como candidato presidencial del partido naranja en las pr\u00f3ximas elecciones de 2024.<\/p>\n\n\n\n<p>Durante una reuni\u00f3n de la Coordinadora Ciudadana Nacional de Movimiento Ciudadano, Delgado fue cuestionado sobre la probabilidad de que el exsecretario de Relaciones Exteriores se registre como aspirante externo a la candidatura por la Presidencia de M\u00e9xico.<\/p>\n\n\n\n<p>En este sentido, dej\u00f3 entrever que su movimiento pol\u00edtico podr\u00eda recibir de brazos abiertos al a\u00fan morenista en caso de que busque sumarse a sus filas; no obstante, se\u00f1al\u00f3 que para ello deber\u00e1n esperar a la&nbsp;<strong>convocatoria oficial<\/strong>&nbsp;que se dar\u00e1 a conocer a finales de octubre.<\/p>\n\n\n\n<p>\u201c<strong>Nosotros no estamos encartado ni descartado a nadie<\/strong>, apenas va a salir la convocatoria (&#8230;) En el caso del licenciado Marcelo Ebrard, y otros mexicanos muy destacados, son nuestros amigos, de tiempo atr\u00e1s hemos estado en luchas, siempre hemos estado\u201d, declar\u00f3 Delgado Rannauro previo a la reuni\u00f3n.<\/p>\n\n\n\n<figure class=\"wp-block-embed is-type-rich is-provider-twitter wp-block-embed-twitter\"><div class=\"wp-block-embed__wrapper\">\n<blockquote class=\"twitter-tweet\" data-width=\"550\" data-dnt=\"true\"><p lang=\"es\" dir=\"ltr\">Dante Delgado dijo que Marcelo Ebrard no est\u00e1 encartado ni descartado y que de acuerdo a la convocatoria que emita el partido podr\u00eda registrarse como candidato a la presidencia por este partido pol\u00edtico. <a href=\"https:\/\/t.co\/LJTiUZi1NV\">pic.twitter.com\/LJTiUZi1NV<\/a><\/p>&mdash; Angel Gallegos (@gallegoso) <a href=\"https:\/\/twitter.com\/gallegoso\/status\/1706801065406964021?ref_src=twsrc%5Etfw\">September 26, 2023<\/a><\/blockquote><script async src=\"https:\/\/platform.twitter.com\/widgets.js\" charset=\"utf-8\"><\/script>\n<\/div><\/figure>\n\n\n\n<p>El tambi\u00e9n senador de MC reiter\u00f3 que el&nbsp;<strong>27 de octubre<\/strong>&nbsp;se publicar\u00e1 la convocatoria oficial para todos aquellos ciudadanos que quieran inscribirse al proceso interno del partido, por lo que record\u00f3 que los aspirantes deber\u00e1n tener un&nbsp;<strong>historial acreditado en diferentes \u00e1reas<\/strong>, principalmente en el servicio p\u00fablico.https:\/\/d-10323534141698817742.ampproject.net\/2309151607000\/frame.html<\/p>\n\n\n\n<p>\u201c<em>Tenemos que aprobar la convocatoria y les vuelvo a decir, vean los documentos b\u00e1sicos, al menos el 50% de las candidaturas de Movimiento Ciudadano en todos los niveles, municipal, estatal y federal son provenientes de la ciudadan\u00eda<\/em>\u201d, apunt\u00f3.<\/p>\n\n\n\n<h2 class=\"wp-block-heading\">MC define reglas rumbo al 2024<\/h2>\n\n\n\n<p>Este viernes, la dirigencia y los militantes de Movimiento Ciudadano discutieron a puerta cerrada la convocatoria que definir\u00e1 los<strong>&nbsp;criterios de selecci\u00f3n<\/strong>&nbsp;<strong>y participaci\u00f3n&nbsp;<\/strong>de quienes busquen competir por la candidatura presidencial y otros cargos de elecci\u00f3n popular en 2024.<\/p>\n\n\n\n<p>Se estableci\u00f3 que el<a href=\"https:\/\/www.elfinanciero.com.mx\/nacional\/2023\/09\/05\/mc-busca-candidato-presidencial-que-requisitos-debe-cumplir-esto-dice-luis-donaldo-colosio\/\">&nbsp;periodo de registro<\/a>para los precandidatos comenzar\u00e1 a partir del pr\u00f3ximo&nbsp;<strong>3 de noviembre<\/strong>. Para ello, deber\u00e1n reunir<strong>&nbsp;500 mil firmas<\/strong>&nbsp;de apoyos ciudadanos. Posteriormente, la emisi\u00f3n de dict\u00e1menes de procedencia de registro de los precandidatos se realizar\u00e1 a m\u00e1s tardar el&nbsp;<strong>6 de noviembre<\/strong>.<\/p>\n\n\n\n<p>Ser\u00e1 hasta el&nbsp;<strong>19 de enero de 2024<\/strong>&nbsp;cuando Movimiento Ciudadano elija a qui\u00e9n ser\u00e1 su&nbsp;<strong>abanderado en las elecciones presidenciales<\/strong>. Por otro lado, el registro de precandidatos a una senadur\u00eda y una diputaci\u00f3n por mayor\u00eda relativa ser\u00e1 del 4 al 11 de noviembre.<\/p>\n","protected":false},"excerpt":{"rendered":"<p>Cuestionado sobre la posibilidad de que Marcelo Ebrard represente a MC en 2024, Dante Delgado pidi\u00f3 esperar la convocatoria del partido Ciudad de M\u00e9xico. Dante Delgado, el dirigente nacional de Movimiento Ciudadano (MC), dej\u00f3 abierta la posibilidad a que el excanciller Marcelo Ebrard pueda ser considerado como candidato presidencial del partido naranja en las pr\u00f3ximas [&hellip;]<\/p>\n","protected":false},"author":21,"featured_media":60870,"comment_status":"open","ping_status":"open","sticky":false,"template":"","format":"standard","meta":{"tdm_status":"","tdm_grid_status":"","footnotes":""},"categories":[39,1],"tags":[],"class_list":{"0":"post-60868","1":"post","2":"type-post","3":"status-publish","4":"format-standard","5":"has-post-thumbnail","7":"category-noticias-nacionales","8":"category-sin-categoria"},"yoast_head":"<!-- This site is optimized with the Yoast SEO plugin v27.5 - https:\/\/yoast.com\/product\/yoast-seo-wordpress\/ -->\n<title>\u00bfDante Delgado le \u2018gui\u00f1a el ojo\u2019 a Marcelo Ebrard? No lo descarta como candidato de MC en 2024 - Fuentes Fidedignas<\/title>\n<meta name=\"robots\" content=\"index, follow, max-snippet:-1, max-image-preview:large, max-video-preview:-1\" \/>\n<link rel=\"canonical\" href=\"https:\/\/fuentesfidedignas.com.mx\/index.php\/2023\/09\/30\/dante-delgado-le-guina-el-ojo-a-marcelo-ebrard-no-lo-descarta-como-candidato-de-mc-en-2024\/\" \/>\n<meta property=\"og:locale\" content=\"es_MX\" \/>\n<meta property=\"og:type\" content=\"article\" \/>\n<meta property=\"og:title\" content=\"\u00bfDante Delgado le \u2018gui\u00f1a el ojo\u2019 a Marcelo Ebrard? No lo descarta como candidato de MC en 2024 - Fuentes Fidedignas\" \/>\n<meta property=\"og:description\" content=\"Cuestionado sobre la posibilidad de que Marcelo Ebrard represente a MC en 2024, Dante Delgado pidi\u00f3 esperar la convocatoria del partido Ciudad de M\u00e9xico. Dante Delgado, el dirigente nacional de Movimiento Ciudadano (MC), dej\u00f3 abierta la posibilidad a que el excanciller Marcelo Ebrard pueda ser considerado como candidato presidencial del partido naranja en las pr\u00f3ximas [&hellip;]\" \/>\n<meta property=\"og:url\" content=\"https:\/\/fuentesfidedignas.com.mx\/index.php\/2023\/09\/30\/dante-delgado-le-guina-el-ojo-a-marcelo-ebrard-no-lo-descarta-como-candidato-de-mc-en-2024\/\" \/>\n<meta property=\"og:site_name\" content=\"Fuentes Fidedignas\" \/>\n<meta property=\"article:publisher\" content=\"https:\/\/www.facebook.com\/Fuentes-Fidedignas-368234489921644\" \/>\n<meta property=\"article:published_time\" content=\"2023-09-30T15:05:17+00:00\" \/>\n<meta property=\"article:modified_time\" content=\"2023-09-30T15:06:54+00:00\" \/>\n<meta property=\"og:image\" content=\"https:\/\/fuentesfidedignas.com.mx\/wp-content\/uploads\/2023\/09\/Screenshot_20230930_080201_Chrome.jpg\" \/>\n\t<meta property=\"og:image:width\" content=\"1079\" \/>\n\t<meta property=\"og:image:height\" content=\"600\" \/>\n\t<meta property=\"og:image:type\" content=\"image\/jpeg\" \/>\n<meta name=\"author\" content=\"El Financiero\" \/>\n<meta name=\"twitter:card\" content=\"summary_large_image\" \/>\n<meta name=\"twitter:creator\" content=\"@fidedignas\" \/>\n<meta name=\"twitter:site\" content=\"@fidedignas\" \/>\n<meta name=\"twitter:label1\" content=\"Escrito por\" \/>\n\t<meta name=\"twitter:data1\" content=\"El Financiero\" \/>\n\t<meta name=\"twitter:label2\" content=\"Tiempo de lectura\" \/>\n\t<meta name=\"twitter:data2\" content=\"2 minutos\" \/>\n<script type=\"application\/ld+json\" class=\"yoast-schema-graph\">{\"@context\":\"https:\\\/\\\/schema.org\",\"@graph\":[{\"@type\":\"Article\",\"@id\":\"https:\\\/\\\/fuentesfidedignas.com.mx\\\/index.php\\\/2023\\\/09\\\/30\\\/dante-delgado-le-guina-el-ojo-a-marcelo-ebrard-no-lo-descarta-como-candidato-de-mc-en-2024\\\/#article\",\"isPartOf\":{\"@id\":\"https:\\\/\\\/fuentesfidedignas.com.mx\\\/index.php\\\/2023\\\/09\\\/30\\\/dante-delgado-le-guina-el-ojo-a-marcelo-ebrard-no-lo-descarta-como-candidato-de-mc-en-2024\\\/\"},\"author\":{\"name\":\"El Financiero\",\"@id\":\"https:\\\/\\\/fuentesfidedignas.com.mx\\\/#\\\/schema\\\/person\\\/494f7e0dce8dfaaec5b64f16615b78e9\"},\"headline\":\"\u00bfDante Delgado le \u2018gui\u00f1a el ojo\u2019 a Marcelo Ebrard? No lo descarta como candidato de MC en 2024\",\"datePublished\":\"2023-09-30T15:05:17+00:00\",\"dateModified\":\"2023-09-30T15:06:54+00:00\",\"mainEntityOfPage\":{\"@id\":\"https:\\\/\\\/fuentesfidedignas.com.mx\\\/index.php\\\/2023\\\/09\\\/30\\\/dante-delgado-le-guina-el-ojo-a-marcelo-ebrard-no-lo-descarta-como-candidato-de-mc-en-2024\\\/\"},\"wordCount\":480,\"commentCount\":0,\"publisher\":{\"@id\":\"https:\\\/\\\/fuentesfidedignas.com.mx\\\/#organization\"},\"image\":{\"@id\":\"https:\\\/\\\/fuentesfidedignas.com.mx\\\/index.php\\\/2023\\\/09\\\/30\\\/dante-delgado-le-guina-el-ojo-a-marcelo-ebrard-no-lo-descarta-como-candidato-de-mc-en-2024\\\/#primaryimage\"},\"thumbnailUrl\":\"https:\\\/\\\/fuentesfidedignas.com.mx\\\/wp-content\\\/uploads\\\/2023\\\/09\\\/Screenshot_20230930_080201_Chrome.jpg\",\"articleSection\":[\"NOTICIAS NACIONALES\"],\"inLanguage\":\"es\",\"potentialAction\":[{\"@type\":\"CommentAction\",\"name\":\"Comment\",\"target\":[\"https:\\\/\\\/fuentesfidedignas.com.mx\\\/index.php\\\/2023\\\/09\\\/30\\\/dante-delgado-le-guina-el-ojo-a-marcelo-ebrard-no-lo-descarta-como-candidato-de-mc-en-2024\\\/#respond\"]}]},{\"@type\":\"WebPage\",\"@id\":\"https:\\\/\\\/fuentesfidedignas.com.mx\\\/index.php\\\/2023\\\/09\\\/30\\\/dante-delgado-le-guina-el-ojo-a-marcelo-ebrard-no-lo-descarta-como-candidato-de-mc-en-2024\\\/\",\"url\":\"https:\\\/\\\/fuentesfidedignas.com.mx\\\/index.php\\\/2023\\\/09\\\/30\\\/dante-delgado-le-guina-el-ojo-a-marcelo-ebrard-no-lo-descarta-como-candidato-de-mc-en-2024\\\/\",\"name\":\"\u00bfDante Delgado le \u2018gui\u00f1a el ojo\u2019 a Marcelo Ebrard? No lo descarta como candidato de MC en 2024 - Fuentes Fidedignas\",\"isPartOf\":{\"@id\":\"https:\\\/\\\/fuentesfidedignas.com.mx\\\/#website\"},\"primaryImageOfPage\":{\"@id\":\"https:\\\/\\\/fuentesfidedignas.com.mx\\\/index.php\\\/2023\\\/09\\\/30\\\/dante-delgado-le-guina-el-ojo-a-marcelo-ebrard-no-lo-descarta-como-candidato-de-mc-en-2024\\\/#primaryimage\"},\"image\":{\"@id\":\"https:\\\/\\\/fuentesfidedignas.com.mx\\\/index.php\\\/2023\\\/09\\\/30\\\/dante-delgado-le-guina-el-ojo-a-marcelo-ebrard-no-lo-descarta-como-candidato-de-mc-en-2024\\\/#primaryimage\"},\"thumbnailUrl\":\"https:\\\/\\\/fuentesfidedignas.com.mx\\\/wp-content\\\/uploads\\\/2023\\\/09\\\/Screenshot_20230930_080201_Chrome.jpg\",\"datePublished\":\"2023-09-30T15:05:17+00:00\",\"dateModified\":\"2023-09-30T15:06:54+00:00\",\"breadcrumb\":{\"@id\":\"https:\\\/\\\/fuentesfidedignas.com.mx\\\/index.php\\\/2023\\\/09\\\/30\\\/dante-delgado-le-guina-el-ojo-a-marcelo-ebrard-no-lo-descarta-como-candidato-de-mc-en-2024\\\/#breadcrumb\"},\"inLanguage\":\"es\",\"potentialAction\":[{\"@type\":\"ReadAction\",\"target\":[\"https:\\\/\\\/fuentesfidedignas.com.mx\\\/index.php\\\/2023\\\/09\\\/30\\\/dante-delgado-le-guina-el-ojo-a-marcelo-ebrard-no-lo-descarta-como-candidato-de-mc-en-2024\\\/\"]}]},{\"@type\":\"ImageObject\",\"inLanguage\":\"es\",\"@id\":\"https:\\\/\\\/fuentesfidedignas.com.mx\\\/index.php\\\/2023\\\/09\\\/30\\\/dante-delgado-le-guina-el-ojo-a-marcelo-ebrard-no-lo-descarta-como-candidato-de-mc-en-2024\\\/#primaryimage\",\"url\":\"https:\\\/\\\/fuentesfidedignas.com.mx\\\/wp-content\\\/uploads\\\/2023\\\/09\\\/Screenshot_20230930_080201_Chrome.jpg\",\"contentUrl\":\"https:\\\/\\\/fuentesfidedignas.com.mx\\\/wp-content\\\/uploads\\\/2023\\\/09\\\/Screenshot_20230930_080201_Chrome.jpg\",\"width\":1079,\"height\":600},{\"@type\":\"BreadcrumbList\",\"@id\":\"https:\\\/\\\/fuentesfidedignas.com.mx\\\/index.php\\\/2023\\\/09\\\/30\\\/dante-delgado-le-guina-el-ojo-a-marcelo-ebrard-no-lo-descarta-como-candidato-de-mc-en-2024\\\/#breadcrumb\",\"itemListElement\":[{\"@type\":\"ListItem\",\"position\":1,\"name\":\"Inicio\",\"item\":\"https:\\\/\\\/fuentesfidedignas.com.mx\\\/\"},{\"@type\":\"ListItem\",\"position\":2,\"name\":\"\u00bfDante Delgado le \u2018gui\u00f1a el ojo\u2019 a Marcelo Ebrard? No lo descarta como candidato de MC en 2024\"}]},{\"@type\":\"WebSite\",\"@id\":\"https:\\\/\\\/fuentesfidedignas.com.mx\\\/#website\",\"url\":\"https:\\\/\\\/fuentesfidedignas.com.mx\\\/\",\"name\":\"Fuentes Fidedignas\",\"description\":\"Otro sitio realizado con WordPress\",\"publisher\":{\"@id\":\"https:\\\/\\\/fuentesfidedignas.com.mx\\\/#organization\"},\"potentialAction\":[{\"@type\":\"SearchAction\",\"target\":{\"@type\":\"EntryPoint\",\"urlTemplate\":\"https:\\\/\\\/fuentesfidedignas.com.mx\\\/?s={search_term_string}\"},\"query-input\":{\"@type\":\"PropertyValueSpecification\",\"valueRequired\":true,\"valueName\":\"search_term_string\"}}],\"inLanguage\":\"es\"},{\"@type\":\"Organization\",\"@id\":\"https:\\\/\\\/fuentesfidedignas.com.mx\\\/#organization\",\"name\":\"Fuentes Fidedignas\",\"url\":\"https:\\\/\\\/fuentesfidedignas.com.mx\\\/\",\"logo\":{\"@type\":\"ImageObject\",\"inLanguage\":\"es\",\"@id\":\"https:\\\/\\\/fuentesfidedignas.com.mx\\\/#\\\/schema\\\/logo\\\/image\\\/\",\"url\":\"https:\\\/\\\/fuentesfidedignas.com.mx\\\/wp-content\\\/uploads\\\/2021\\\/04\\\/logo-retina.png\",\"contentUrl\":\"https:\\\/\\\/fuentesfidedignas.com.mx\\\/wp-content\\\/uploads\\\/2021\\\/04\\\/logo-retina.png\",\"width\":280,\"height\":51,\"caption\":\"Fuentes Fidedignas\"},\"image\":{\"@id\":\"https:\\\/\\\/fuentesfidedignas.com.mx\\\/#\\\/schema\\\/logo\\\/image\\\/\"},\"sameAs\":[\"https:\\\/\\\/www.facebook.com\\\/Fuentes-Fidedignas-368234489921644\",\"https:\\\/\\\/x.com\\\/fidedignas\"]},{\"@type\":\"Person\",\"@id\":\"https:\\\/\\\/fuentesfidedignas.com.mx\\\/#\\\/schema\\\/person\\\/494f7e0dce8dfaaec5b64f16615b78e9\",\"name\":\"El Financiero\",\"image\":{\"@type\":\"ImageObject\",\"inLanguage\":\"es\",\"@id\":\"https:\\\/\\\/secure.gravatar.com\\\/avatar\\\/88c0f3f2079389318ef8dd35c22cb997212aa89646e357ba59b318db26ed91a9?s=96&d=mm&r=g\",\"url\":\"https:\\\/\\\/secure.gravatar.com\\\/avatar\\\/88c0f3f2079389318ef8dd35c22cb997212aa89646e357ba59b318db26ed91a9?s=96&d=mm&r=g\",\"contentUrl\":\"https:\\\/\\\/secure.gravatar.com\\\/avatar\\\/88c0f3f2079389318ef8dd35c22cb997212aa89646e357ba59b318db26ed91a9?s=96&d=mm&r=g\",\"caption\":\"El Financiero\"},\"url\":\"https:\\\/\\\/fuentesfidedignas.com.mx\\\/index.php\\\/author\\\/financiero\\\/\"}]}<\/script>\n<!-- \/ Yoast SEO plugin. -->","yoast_head_json":{"title":"\u00bfDante Delgado le \u2018gui\u00f1a el ojo\u2019 a Marcelo Ebrard? No lo descarta como candidato de MC en 2024 - Fuentes Fidedignas","robots":{"index":"index","follow":"follow","max-snippet":"max-snippet:-1","max-image-preview":"max-image-preview:large","max-video-preview":"max-video-preview:-1"},"canonical":"https:\/\/fuentesfidedignas.com.mx\/index.php\/2023\/09\/30\/dante-delgado-le-guina-el-ojo-a-marcelo-ebrard-no-lo-descarta-como-candidato-de-mc-en-2024\/","og_locale":"es_MX","og_type":"article","og_title":"\u00bfDante Delgado le \u2018gui\u00f1a el ojo\u2019 a Marcelo Ebrard? No lo descarta como candidato de MC en 2024 - Fuentes Fidedignas","og_description":"Cuestionado sobre la posibilidad de que Marcelo Ebrard represente a MC en 2024, Dante Delgado pidi\u00f3 esperar la convocatoria del partido Ciudad de M\u00e9xico. Dante Delgado, el dirigente nacional de Movimiento Ciudadano (MC), dej\u00f3 abierta la posibilidad a que el excanciller Marcelo Ebrard pueda ser considerado como candidato presidencial del partido naranja en las pr\u00f3ximas [&hellip;]","og_url":"https:\/\/fuentesfidedignas.com.mx\/index.php\/2023\/09\/30\/dante-delgado-le-guina-el-ojo-a-marcelo-ebrard-no-lo-descarta-como-candidato-de-mc-en-2024\/","og_site_name":"Fuentes Fidedignas","article_publisher":"https:\/\/www.facebook.com\/Fuentes-Fidedignas-368234489921644","article_published_time":"2023-09-30T15:05:17+00:00","article_modified_time":"2023-09-30T15:06:54+00:00","og_image":[{"width":1079,"height":600,"url":"https:\/\/fuentesfidedignas.com.mx\/wp-content\/uploads\/2023\/09\/Screenshot_20230930_080201_Chrome.jpg","type":"image\/jpeg"}],"author":"El Financiero","twitter_card":"summary_large_image","twitter_creator":"@fidedignas","twitter_site":"@fidedignas","twitter_misc":{"Escrito por":"El Financiero","Tiempo de lectura":"2 minutos"},"schema":{"@context":"https:\/\/schema.org","@graph":[{"@type":"Article","@id":"https:\/\/fuentesfidedignas.com.mx\/index.php\/2023\/09\/30\/dante-delgado-le-guina-el-ojo-a-marcelo-ebrard-no-lo-descarta-como-candidato-de-mc-en-2024\/#article","isPartOf":{"@id":"https:\/\/fuentesfidedignas.com.mx\/index.php\/2023\/09\/30\/dante-delgado-le-guina-el-ojo-a-marcelo-ebrard-no-lo-descarta-como-candidato-de-mc-en-2024\/"},"author":{"name":"El Financiero","@id":"https:\/\/fuentesfidedignas.com.mx\/#\/schema\/person\/494f7e0dce8dfaaec5b64f16615b78e9"},"headline":"\u00bfDante Delgado le \u2018gui\u00f1a el ojo\u2019 a Marcelo Ebrard? No lo descarta como candidato de MC en 2024","datePublished":"2023-09-30T15:05:17+00:00","dateModified":"2023-09-30T15:06:54+00:00","mainEntityOfPage":{"@id":"https:\/\/fuentesfidedignas.com.mx\/index.php\/2023\/09\/30\/dante-delgado-le-guina-el-ojo-a-marcelo-ebrard-no-lo-descarta-como-candidato-de-mc-en-2024\/"},"wordCount":480,"commentCount":0,"publisher":{"@id":"https:\/\/fuentesfidedignas.com.mx\/#organization"},"image":{"@id":"https:\/\/fuentesfidedignas.com.mx\/index.php\/2023\/09\/30\/dante-delgado-le-guina-el-ojo-a-marcelo-ebrard-no-lo-descarta-como-candidato-de-mc-en-2024\/#primaryimage"},"thumbnailUrl":"https:\/\/fuentesfidedignas.com.mx\/wp-content\/uploads\/2023\/09\/Screenshot_20230930_080201_Chrome.jpg","articleSection":["NOTICIAS NACIONALES"],"inLanguage":"es","potentialAction":[{"@type":"CommentAction","name":"Comment","target":["https:\/\/fuentesfidedignas.com.mx\/index.php\/2023\/09\/30\/dante-delgado-le-guina-el-ojo-a-marcelo-ebrard-no-lo-descarta-como-candidato-de-mc-en-2024\/#respond"]}]},{"@type":"WebPage","@id":"https:\/\/fuentesfidedignas.com.mx\/index.php\/2023\/09\/30\/dante-delgado-le-guina-el-ojo-a-marcelo-ebrard-no-lo-descarta-como-candidato-de-mc-en-2024\/","url":"https:\/\/fuentesfidedignas.com.mx\/index.php\/2023\/09\/30\/dante-delgado-le-guina-el-ojo-a-marcelo-ebrard-no-lo-descarta-como-candidato-de-mc-en-2024\/","name":"\u00bfDante Delgado le \u2018gui\u00f1a el ojo\u2019 a Marcelo Ebrard? No lo descarta como candidato de MC en 2024 - Fuentes Fidedignas","isPartOf":{"@id":"https:\/\/fuentesfidedignas.com.mx\/#website"},"primaryImageOfPage":{"@id":"https:\/\/fuentesfidedignas.com.mx\/index.php\/2023\/09\/30\/dante-delgado-le-guina-el-ojo-a-marcelo-ebrard-no-lo-descarta-como-candidato-de-mc-en-2024\/#primaryimage"},"image":{"@id":"https:\/\/fuentesfidedignas.com.mx\/index.php\/2023\/09\/30\/dante-delgado-le-guina-el-ojo-a-marcelo-ebrard-no-lo-descarta-como-candidato-de-mc-en-2024\/#primaryimage"},"thumbnailUrl":"https:\/\/fuentesfidedignas.com.mx\/wp-content\/uploads\/2023\/09\/Screenshot_20230930_080201_Chrome.jpg","datePublished":"2023-09-30T15:05:17+00:00","dateModified":"2023-09-30T15:06:54+00:00","breadcrumb":{"@id":"https:\/\/fuentesfidedignas.com.mx\/index.php\/2023\/09\/30\/dante-delgado-le-guina-el-ojo-a-marcelo-ebrard-no-lo-descarta-como-candidato-de-mc-en-2024\/#breadcrumb"},"inLanguage":"es","potentialAction":[{"@type":"ReadAction","target":["https:\/\/fuentesfidedignas.com.mx\/index.php\/2023\/09\/30\/dante-delgado-le-guina-el-ojo-a-marcelo-ebrard-no-lo-descarta-como-candidato-de-mc-en-2024\/"]}]},{"@type":"ImageObject","inLanguage":"es","@id":"https:\/\/fuentesfidedignas.com.mx\/index.php\/2023\/09\/30\/dante-delgado-le-guina-el-ojo-a-marcelo-ebrard-no-lo-descarta-como-candidato-de-mc-en-2024\/#primaryimage","url":"https:\/\/fuentesfidedignas.com.mx\/wp-content\/uploads\/2023\/09\/Screenshot_20230930_080201_Chrome.jpg","contentUrl":"https:\/\/fuentesfidedignas.com.mx\/wp-content\/uploads\/2023\/09\/Screenshot_20230930_080201_Chrome.jpg","width":1079,"height":600},{"@type":"BreadcrumbList","@id":"https:\/\/fuentesfidedignas.com.mx\/index.php\/2023\/09\/30\/dante-delgado-le-guina-el-ojo-a-marcelo-ebrard-no-lo-descarta-como-candidato-de-mc-en-2024\/#breadcrumb","itemListElement":[{"@type":"ListItem","position":1,"name":"Inicio","item":"https:\/\/fuentesfidedignas.com.mx\/"},{"@type":"ListItem","position":2,"name":"\u00bfDante Delgado le \u2018gui\u00f1a el ojo\u2019 a Marcelo Ebrard? No lo descarta como candidato de MC en 2024"}]},{"@type":"WebSite","@id":"https:\/\/fuentesfidedignas.com.mx\/#website","url":"https:\/\/fuentesfidedignas.com.mx\/","name":"Fuentes Fidedignas","description":"Otro sitio realizado con WordPress","publisher":{"@id":"https:\/\/fuentesfidedignas.com.mx\/#organization"},"potentialAction":[{"@type":"SearchAction","target":{"@type":"EntryPoint","urlTemplate":"https:\/\/fuentesfidedignas.com.mx\/?s={search_term_string}"},"query-input":{"@type":"PropertyValueSpecification","valueRequired":true,"valueName":"search_term_string"}}],"inLanguage":"es"},{"@type":"Organization","@id":"https:\/\/fuentesfidedignas.com.mx\/#organization","name":"Fuentes Fidedignas","url":"https:\/\/fuentesfidedignas.com.mx\/","logo":{"@type":"ImageObject","inLanguage":"es","@id":"https:\/\/fuentesfidedignas.com.mx\/#\/schema\/logo\/image\/","url":"https:\/\/fuentesfidedignas.com.mx\/wp-content\/uploads\/2021\/04\/logo-retina.png","contentUrl":"https:\/\/fuentesfidedignas.com.mx\/wp-content\/uploads\/2021\/04\/logo-retina.png","width":280,"height":51,"caption":"Fuentes Fidedignas"},"image":{"@id":"https:\/\/fuentesfidedignas.com.mx\/#\/schema\/logo\/image\/"},"sameAs":["https:\/\/www.facebook.com\/Fuentes-Fidedignas-368234489921644","https:\/\/x.com\/fidedignas"]},{"@type":"Person","@id":"https:\/\/fuentesfidedignas.com.mx\/#\/schema\/person\/494f7e0dce8dfaaec5b64f16615b78e9","name":"El Financiero","image":{"@type":"ImageObject","inLanguage":"es","@id":"https:\/\/secure.gravatar.com\/avatar\/88c0f3f2079389318ef8dd35c22cb997212aa89646e357ba59b318db26ed91a9?s=96&d=mm&r=g","url":"https:\/\/secure.gravatar.com\/avatar\/88c0f3f2079389318ef8dd35c22cb997212aa89646e357ba59b318db26ed91a9?s=96&d=mm&r=g","contentUrl":"https:\/\/secure.gravatar.com\/avatar\/88c0f3f2079389318ef8dd35c22cb997212aa89646e357ba59b318db26ed91a9?s=96&d=mm&r=g","caption":"El Financiero"},"url":"https:\/\/fuentesfidedignas.com.mx\/index.php\/author\/financiero\/"}]}},"_links":{"self":[{"href":"https:\/\/fuentesfidedignas.com.mx\/index.php\/wp-json\/wp\/v2\/posts\/60868","targetHints":{"allow":["GET"]}}],"collection":[{"href":"https:\/\/fuentesfidedignas.com.mx\/index.php\/wp-json\/wp\/v2\/posts"}],"about":[{"href":"https:\/\/fuentesfidedignas.com.mx\/index.php\/wp-json\/wp\/v2\/types\/post"}],"author":[{"embeddable":true,"href":"https:\/\/fuentesfidedignas.com.mx\/index.php\/wp-json\/wp\/v2\/users\/21"}],"replies":[{"embeddable":true,"href":"https:\/\/fuentesfidedignas.com.mx\/index.php\/wp-json\/wp\/v2\/comments?post=60868"}],"version-history":[{"count":1,"href":"https:\/\/fuentesfidedignas.com.mx\/index.php\/wp-json\/wp\/v2\/posts\/60868\/revisions"}],"predecessor-version":[{"id":60869,"href":"https:\/\/fuentesfidedignas.com.mx\/index.php\/wp-json\/wp\/v2\/posts\/60868\/revisions\/60869"}],"wp:featuredmedia":[{"embeddable":true,"href":"https:\/\/fuentesfidedignas.com.mx\/index.php\/wp-json\/wp\/v2\/media\/60870"}],"wp:attachment":[{"href":"https:\/\/fuentesfidedignas.com.mx\/index.php\/wp-json\/wp\/v2\/media?parent=60868"}],"wp:term":[{"taxonomy":"category","embeddable":true,"href":"https:\/\/fuentesfidedignas.com.mx\/index.php\/wp-json\/wp\/v2\/categories?post=60868"},{"taxonomy":"post_tag","embeddable":true,"href":"https:\/\/fuentesfidedignas.com.mx\/index.php\/wp-json\/wp\/v2\/tags?post=60868"}],"curies":[{"name":"wp","href":"https:\/\/api.w.org\/{rel}","templated":true}]}}