{"id":60853,"date":"2023-09-29T18:27:00","date_gmt":"2023-09-30T01:27:00","guid":{"rendered":"https:\/\/fuentesfidedignas.com.mx\/?p=60853"},"modified":"2023-09-29T18:27:22","modified_gmt":"2023-09-30T01:27:22","slug":"expo-sindicaturas-destaca-la-gastronomia-en-el-492-aniversario-de-culiacan","status":"publish","type":"post","link":"https:\/\/fuentesfidedignas.com.mx\/index.php\/2023\/09\/29\/expo-sindicaturas-destaca-la-gastronomia-en-el-492-aniversario-de-culiacan\/","title":{"rendered":"Expo Sindicaturas destaca la gastronom\u00eda en el 492 Aniversario de Culiac\u00e1n"},"content":{"rendered":"\n<p><strong><em>Esta actividad ha sido solo el inicio de las celebraciones, y ha dejado una huella imborrable en los asistentes, quienes han disfrutado de la incre\u00edble comida, la hermosa artesan\u00eda y la maravillosa cultura que Culiac\u00e1n tiene para ofrecer.<\/em><\/strong><\/p>\n\n\n\n<p>Culiac\u00e1n, Sin.\u2013 Culiac\u00e1n, la capital del estado de Sinaloa, se encuentra de fiesta en su aniversario n\u00famero 492, y para conmemorar este importante evento, la Expo Sindicaturas, llevada a cabo en la avenida principal de la ciudad, ha resaltado la rica gastronom\u00eda que este municipio tiene para ofrecer.<\/p>\n\n\n\n<p>Durante esta emocionante festividad, la Expo Sindicaturas ha brindado a los asistentes la oportunidad de sumergirse adem\u00e1s en la cultura culiacanense.<\/p>\n\n\n\n<p>La delicia de la gastronom\u00eda ha sido uno de los aspectos m\u00e1s destacados, con una amplia variedad de platillos tradicionales que han deleitado el paladar de los visitantes.<\/p>\n\n\n\n<p>Desde los sabrosos mariscos hasta los t\u00edpicos antojitos mexicanos, tacos, machaca de Tepuche, shots de aguachiles de Eldorado, pan de Higueras de Abuya, coricos de El Tamarindo entre muchos otros aperitivos; este espacio ha sido el lugar perfecto para disfrutar de una verdadera experiencia culinaria.<\/p>\n\n\n\n<p>Adem\u00e1s de alimentos t\u00edpicos, una muestra artesanal tambi\u00e9n ha formado parte del corredor. Los habitantes de 12 sindicaturas como Culiacancito, El Tamarindo, Higueras de Abuya, Tepuche, San Lorenzo, Imala, Eldorado, Costa Rica, Quil\u00e1, Baila, Sanalona, Aguaruto, estuvieron presentes.<\/p>\n\n\n\n<p>El 492 Aniversario de Culiac\u00e1n contin\u00faa con una serie de eventos y actividades que se llevar\u00e1n a cabo durante este fin de semana. Desde presentaciones art\u00edsticas, musicales, los residentes y visitantes de Culiac\u00e1n podr\u00e1n sumergirse a\u00fan m\u00e1s en la rica tradici\u00f3n, alegr\u00eda y esencia de esta ciudad.<\/p>\n\n\n\n<p>La Expo Sindicaturas ha sido solo el inicio de las celebraciones, y ha dejado una huella imborrable en los asistentes, quienes han disfrutado de la incre\u00edble comida, la hermosa artesan\u00eda y la maravillosa cultura que Culiac\u00e1n tiene para ofrecer.<\/p>\n\n\n\n<p>Se invita a ciudadan\u00eda a visitar la Expo Sindicaturas que tambi\u00e9n estar\u00e1 ma\u00f1ana s\u00e1bado a partir de las 5 de la tarde en la avenida \u00c1lvaro Obreg\u00f3n, entre calles Miguel Hidalgo y Benito Ju\u00e1rez.<\/p>\n","protected":false},"excerpt":{"rendered":"<p>Esta actividad ha sido solo el inicio de las celebraciones, y ha dejado una huella imborrable en los asistentes, quienes han disfrutado de la incre\u00edble comida, la hermosa artesan\u00eda y la maravillosa cultura que Culiac\u00e1n tiene para ofrecer. Culiac\u00e1n, Sin.\u2013 Culiac\u00e1n, la capital del estado de Sinaloa, se encuentra de fiesta en su aniversario n\u00famero [&hellip;]<\/p>\n","protected":false},"author":4,"featured_media":60854,"comment_status":"open","ping_status":"open","sticky":false,"template":"","format":"standard","meta":{"tdm_status":"","tdm_grid_status":"","footnotes":""},"categories":[1],"tags":[],"class_list":{"0":"post-60853","1":"post","2":"type-post","3":"status-publish","4":"format-standard","5":"has-post-thumbnail","7":"category-sin-categoria"},"yoast_head":"<!-- This site is optimized with the Yoast SEO plugin v27.5 - https:\/\/yoast.com\/product\/yoast-seo-wordpress\/ -->\n<title>Expo Sindicaturas destaca la gastronom\u00eda en el 492 Aniversario de Culiac\u00e1n - Fuentes Fidedignas<\/title>\n<meta name=\"robots\" content=\"index, follow, max-snippet:-1, max-image-preview:large, max-video-preview:-1\" \/>\n<link rel=\"canonical\" href=\"https:\/\/fuentesfidedignas.com.mx\/index.php\/2023\/09\/29\/expo-sindicaturas-destaca-la-gastronomia-en-el-492-aniversario-de-culiacan\/\" \/>\n<meta property=\"og:locale\" content=\"es_MX\" \/>\n<meta property=\"og:type\" content=\"article\" \/>\n<meta property=\"og:title\" content=\"Expo Sindicaturas destaca la gastronom\u00eda en el 492 Aniversario de Culiac\u00e1n - Fuentes Fidedignas\" \/>\n<meta property=\"og:description\" content=\"Esta actividad ha sido solo el inicio de las celebraciones, y ha dejado una huella imborrable en los asistentes, quienes han disfrutado de la incre\u00edble comida, la hermosa artesan\u00eda y la maravillosa cultura que Culiac\u00e1n tiene para ofrecer. Culiac\u00e1n, Sin.\u2013 Culiac\u00e1n, la capital del estado de Sinaloa, se encuentra de fiesta en su aniversario n\u00famero [&hellip;]\" \/>\n<meta property=\"og:url\" content=\"https:\/\/fuentesfidedignas.com.mx\/index.php\/2023\/09\/29\/expo-sindicaturas-destaca-la-gastronomia-en-el-492-aniversario-de-culiacan\/\" \/>\n<meta property=\"og:site_name\" content=\"Fuentes Fidedignas\" \/>\n<meta property=\"article:publisher\" content=\"https:\/\/www.facebook.com\/Fuentes-Fidedignas-368234489921644\" \/>\n<meta property=\"article:published_time\" content=\"2023-09-30T01:27:00+00:00\" \/>\n<meta property=\"article:modified_time\" content=\"2023-09-30T01:27:22+00:00\" \/>\n<meta property=\"og:image\" content=\"https:\/\/fuentesfidedignas.com.mx\/wp-content\/uploads\/2023\/09\/WhatsApp-Image-2023-09-29-at-6.21.29-PM.jpeg\" \/>\n\t<meta property=\"og:image:width\" content=\"2560\" \/>\n\t<meta property=\"og:image:height\" content=\"1706\" \/>\n\t<meta property=\"og:image:type\" content=\"image\/jpeg\" \/>\n<meta name=\"author\" content=\"Redacci\u00f3n\" \/>\n<meta name=\"twitter:card\" content=\"summary_large_image\" \/>\n<meta name=\"twitter:creator\" content=\"@fidedignas\" \/>\n<meta name=\"twitter:site\" content=\"@fidedignas\" \/>\n<meta name=\"twitter:label1\" content=\"Escrito por\" \/>\n\t<meta name=\"twitter:data1\" content=\"Redacci\u00f3n\" \/>\n\t<meta name=\"twitter:label2\" content=\"Tiempo de lectura\" \/>\n\t<meta name=\"twitter:data2\" content=\"2 minutos\" \/>\n<script type=\"application\/ld+json\" class=\"yoast-schema-graph\">{\"@context\":\"https:\\\/\\\/schema.org\",\"@graph\":[{\"@type\":\"Article\",\"@id\":\"https:\\\/\\\/fuentesfidedignas.com.mx\\\/index.php\\\/2023\\\/09\\\/29\\\/expo-sindicaturas-destaca-la-gastronomia-en-el-492-aniversario-de-culiacan\\\/#article\",\"isPartOf\":{\"@id\":\"https:\\\/\\\/fuentesfidedignas.com.mx\\\/index.php\\\/2023\\\/09\\\/29\\\/expo-sindicaturas-destaca-la-gastronomia-en-el-492-aniversario-de-culiacan\\\/\"},\"author\":{\"name\":\"Redacci\u00f3n\",\"@id\":\"https:\\\/\\\/fuentesfidedignas.com.mx\\\/#\\\/schema\\\/person\\\/331be9283d37198e2acd5750279085b0\"},\"headline\":\"Expo Sindicaturas destaca la gastronom\u00eda en el 492 Aniversario de Culiac\u00e1n\",\"datePublished\":\"2023-09-30T01:27:00+00:00\",\"dateModified\":\"2023-09-30T01:27:22+00:00\",\"mainEntityOfPage\":{\"@id\":\"https:\\\/\\\/fuentesfidedignas.com.mx\\\/index.php\\\/2023\\\/09\\\/29\\\/expo-sindicaturas-destaca-la-gastronomia-en-el-492-aniversario-de-culiacan\\\/\"},\"wordCount\":379,\"commentCount\":0,\"publisher\":{\"@id\":\"https:\\\/\\\/fuentesfidedignas.com.mx\\\/#organization\"},\"image\":{\"@id\":\"https:\\\/\\\/fuentesfidedignas.com.mx\\\/index.php\\\/2023\\\/09\\\/29\\\/expo-sindicaturas-destaca-la-gastronomia-en-el-492-aniversario-de-culiacan\\\/#primaryimage\"},\"thumbnailUrl\":\"https:\\\/\\\/fuentesfidedignas.com.mx\\\/wp-content\\\/uploads\\\/2023\\\/09\\\/WhatsApp-Image-2023-09-29-at-6.21.29-PM.jpeg\",\"inLanguage\":\"es\",\"potentialAction\":[{\"@type\":\"CommentAction\",\"name\":\"Comment\",\"target\":[\"https:\\\/\\\/fuentesfidedignas.com.mx\\\/index.php\\\/2023\\\/09\\\/29\\\/expo-sindicaturas-destaca-la-gastronomia-en-el-492-aniversario-de-culiacan\\\/#respond\"]}]},{\"@type\":\"WebPage\",\"@id\":\"https:\\\/\\\/fuentesfidedignas.com.mx\\\/index.php\\\/2023\\\/09\\\/29\\\/expo-sindicaturas-destaca-la-gastronomia-en-el-492-aniversario-de-culiacan\\\/\",\"url\":\"https:\\\/\\\/fuentesfidedignas.com.mx\\\/index.php\\\/2023\\\/09\\\/29\\\/expo-sindicaturas-destaca-la-gastronomia-en-el-492-aniversario-de-culiacan\\\/\",\"name\":\"Expo Sindicaturas destaca la gastronom\u00eda en el 492 Aniversario de Culiac\u00e1n - Fuentes Fidedignas\",\"isPartOf\":{\"@id\":\"https:\\\/\\\/fuentesfidedignas.com.mx\\\/#website\"},\"primaryImageOfPage\":{\"@id\":\"https:\\\/\\\/fuentesfidedignas.com.mx\\\/index.php\\\/2023\\\/09\\\/29\\\/expo-sindicaturas-destaca-la-gastronomia-en-el-492-aniversario-de-culiacan\\\/#primaryimage\"},\"image\":{\"@id\":\"https:\\\/\\\/fuentesfidedignas.com.mx\\\/index.php\\\/2023\\\/09\\\/29\\\/expo-sindicaturas-destaca-la-gastronomia-en-el-492-aniversario-de-culiacan\\\/#primaryimage\"},\"thumbnailUrl\":\"https:\\\/\\\/fuentesfidedignas.com.mx\\\/wp-content\\\/uploads\\\/2023\\\/09\\\/WhatsApp-Image-2023-09-29-at-6.21.29-PM.jpeg\",\"datePublished\":\"2023-09-30T01:27:00+00:00\",\"dateModified\":\"2023-09-30T01:27:22+00:00\",\"breadcrumb\":{\"@id\":\"https:\\\/\\\/fuentesfidedignas.com.mx\\\/index.php\\\/2023\\\/09\\\/29\\\/expo-sindicaturas-destaca-la-gastronomia-en-el-492-aniversario-de-culiacan\\\/#breadcrumb\"},\"inLanguage\":\"es\",\"potentialAction\":[{\"@type\":\"ReadAction\",\"target\":[\"https:\\\/\\\/fuentesfidedignas.com.mx\\\/index.php\\\/2023\\\/09\\\/29\\\/expo-sindicaturas-destaca-la-gastronomia-en-el-492-aniversario-de-culiacan\\\/\"]}]},{\"@type\":\"ImageObject\",\"inLanguage\":\"es\",\"@id\":\"https:\\\/\\\/fuentesfidedignas.com.mx\\\/index.php\\\/2023\\\/09\\\/29\\\/expo-sindicaturas-destaca-la-gastronomia-en-el-492-aniversario-de-culiacan\\\/#primaryimage\",\"url\":\"https:\\\/\\\/fuentesfidedignas.com.mx\\\/wp-content\\\/uploads\\\/2023\\\/09\\\/WhatsApp-Image-2023-09-29-at-6.21.29-PM.jpeg\",\"contentUrl\":\"https:\\\/\\\/fuentesfidedignas.com.mx\\\/wp-content\\\/uploads\\\/2023\\\/09\\\/WhatsApp-Image-2023-09-29-at-6.21.29-PM.jpeg\",\"width\":2560,\"height\":1706},{\"@type\":\"BreadcrumbList\",\"@id\":\"https:\\\/\\\/fuentesfidedignas.com.mx\\\/index.php\\\/2023\\\/09\\\/29\\\/expo-sindicaturas-destaca-la-gastronomia-en-el-492-aniversario-de-culiacan\\\/#breadcrumb\",\"itemListElement\":[{\"@type\":\"ListItem\",\"position\":1,\"name\":\"Inicio\",\"item\":\"https:\\\/\\\/fuentesfidedignas.com.mx\\\/\"},{\"@type\":\"ListItem\",\"position\":2,\"name\":\"Expo Sindicaturas destaca la gastronom\u00eda en el 492 Aniversario de Culiac\u00e1n\"}]},{\"@type\":\"WebSite\",\"@id\":\"https:\\\/\\\/fuentesfidedignas.com.mx\\\/#website\",\"url\":\"https:\\\/\\\/fuentesfidedignas.com.mx\\\/\",\"name\":\"Fuentes Fidedignas\",\"description\":\"Otro sitio realizado con WordPress\",\"publisher\":{\"@id\":\"https:\\\/\\\/fuentesfidedignas.com.mx\\\/#organization\"},\"potentialAction\":[{\"@type\":\"SearchAction\",\"target\":{\"@type\":\"EntryPoint\",\"urlTemplate\":\"https:\\\/\\\/fuentesfidedignas.com.mx\\\/?s={search_term_string}\"},\"query-input\":{\"@type\":\"PropertyValueSpecification\",\"valueRequired\":true,\"valueName\":\"search_term_string\"}}],\"inLanguage\":\"es\"},{\"@type\":\"Organization\",\"@id\":\"https:\\\/\\\/fuentesfidedignas.com.mx\\\/#organization\",\"name\":\"Fuentes Fidedignas\",\"url\":\"https:\\\/\\\/fuentesfidedignas.com.mx\\\/\",\"logo\":{\"@type\":\"ImageObject\",\"inLanguage\":\"es\",\"@id\":\"https:\\\/\\\/fuentesfidedignas.com.mx\\\/#\\\/schema\\\/logo\\\/image\\\/\",\"url\":\"https:\\\/\\\/fuentesfidedignas.com.mx\\\/wp-content\\\/uploads\\\/2021\\\/04\\\/logo-retina.png\",\"contentUrl\":\"https:\\\/\\\/fuentesfidedignas.com.mx\\\/wp-content\\\/uploads\\\/2021\\\/04\\\/logo-retina.png\",\"width\":280,\"height\":51,\"caption\":\"Fuentes Fidedignas\"},\"image\":{\"@id\":\"https:\\\/\\\/fuentesfidedignas.com.mx\\\/#\\\/schema\\\/logo\\\/image\\\/\"},\"sameAs\":[\"https:\\\/\\\/www.facebook.com\\\/Fuentes-Fidedignas-368234489921644\",\"https:\\\/\\\/x.com\\\/fidedignas\"]},{\"@type\":\"Person\",\"@id\":\"https:\\\/\\\/fuentesfidedignas.com.mx\\\/#\\\/schema\\\/person\\\/331be9283d37198e2acd5750279085b0\",\"name\":\"Redacci\u00f3n\",\"image\":{\"@type\":\"ImageObject\",\"inLanguage\":\"es\",\"@id\":\"https:\\\/\\\/secure.gravatar.com\\\/avatar\\\/f6d8782c11d12b2d4ad3fbb6931aeab5309937a4d6cd2fc9cfaa28a6396a5aec?s=96&d=mm&r=g\",\"url\":\"https:\\\/\\\/secure.gravatar.com\\\/avatar\\\/f6d8782c11d12b2d4ad3fbb6931aeab5309937a4d6cd2fc9cfaa28a6396a5aec?s=96&d=mm&r=g\",\"contentUrl\":\"https:\\\/\\\/secure.gravatar.com\\\/avatar\\\/f6d8782c11d12b2d4ad3fbb6931aeab5309937a4d6cd2fc9cfaa28a6396a5aec?s=96&d=mm&r=g\",\"caption\":\"Redacci\u00f3n\"},\"url\":\"https:\\\/\\\/fuentesfidedignas.com.mx\\\/index.php\\\/author\\\/redaccion\\\/\"}]}<\/script>\n<!-- \/ Yoast SEO plugin. -->","yoast_head_json":{"title":"Expo Sindicaturas destaca la gastronom\u00eda en el 492 Aniversario de Culiac\u00e1n - Fuentes Fidedignas","robots":{"index":"index","follow":"follow","max-snippet":"max-snippet:-1","max-image-preview":"max-image-preview:large","max-video-preview":"max-video-preview:-1"},"canonical":"https:\/\/fuentesfidedignas.com.mx\/index.php\/2023\/09\/29\/expo-sindicaturas-destaca-la-gastronomia-en-el-492-aniversario-de-culiacan\/","og_locale":"es_MX","og_type":"article","og_title":"Expo Sindicaturas destaca la gastronom\u00eda en el 492 Aniversario de Culiac\u00e1n - Fuentes Fidedignas","og_description":"Esta actividad ha sido solo el inicio de las celebraciones, y ha dejado una huella imborrable en los asistentes, quienes han disfrutado de la incre\u00edble comida, la hermosa artesan\u00eda y la maravillosa cultura que Culiac\u00e1n tiene para ofrecer. Culiac\u00e1n, Sin.\u2013 Culiac\u00e1n, la capital del estado de Sinaloa, se encuentra de fiesta en su aniversario n\u00famero [&hellip;]","og_url":"https:\/\/fuentesfidedignas.com.mx\/index.php\/2023\/09\/29\/expo-sindicaturas-destaca-la-gastronomia-en-el-492-aniversario-de-culiacan\/","og_site_name":"Fuentes Fidedignas","article_publisher":"https:\/\/www.facebook.com\/Fuentes-Fidedignas-368234489921644","article_published_time":"2023-09-30T01:27:00+00:00","article_modified_time":"2023-09-30T01:27:22+00:00","og_image":[{"width":2560,"height":1706,"url":"https:\/\/fuentesfidedignas.com.mx\/wp-content\/uploads\/2023\/09\/WhatsApp-Image-2023-09-29-at-6.21.29-PM.jpeg","type":"image\/jpeg"}],"author":"Redacci\u00f3n","twitter_card":"summary_large_image","twitter_creator":"@fidedignas","twitter_site":"@fidedignas","twitter_misc":{"Escrito por":"Redacci\u00f3n","Tiempo de lectura":"2 minutos"},"schema":{"@context":"https:\/\/schema.org","@graph":[{"@type":"Article","@id":"https:\/\/fuentesfidedignas.com.mx\/index.php\/2023\/09\/29\/expo-sindicaturas-destaca-la-gastronomia-en-el-492-aniversario-de-culiacan\/#article","isPartOf":{"@id":"https:\/\/fuentesfidedignas.com.mx\/index.php\/2023\/09\/29\/expo-sindicaturas-destaca-la-gastronomia-en-el-492-aniversario-de-culiacan\/"},"author":{"name":"Redacci\u00f3n","@id":"https:\/\/fuentesfidedignas.com.mx\/#\/schema\/person\/331be9283d37198e2acd5750279085b0"},"headline":"Expo Sindicaturas destaca la gastronom\u00eda en el 492 Aniversario de Culiac\u00e1n","datePublished":"2023-09-30T01:27:00+00:00","dateModified":"2023-09-30T01:27:22+00:00","mainEntityOfPage":{"@id":"https:\/\/fuentesfidedignas.com.mx\/index.php\/2023\/09\/29\/expo-sindicaturas-destaca-la-gastronomia-en-el-492-aniversario-de-culiacan\/"},"wordCount":379,"commentCount":0,"publisher":{"@id":"https:\/\/fuentesfidedignas.com.mx\/#organization"},"image":{"@id":"https:\/\/fuentesfidedignas.com.mx\/index.php\/2023\/09\/29\/expo-sindicaturas-destaca-la-gastronomia-en-el-492-aniversario-de-culiacan\/#primaryimage"},"thumbnailUrl":"https:\/\/fuentesfidedignas.com.mx\/wp-content\/uploads\/2023\/09\/WhatsApp-Image-2023-09-29-at-6.21.29-PM.jpeg","inLanguage":"es","potentialAction":[{"@type":"CommentAction","name":"Comment","target":["https:\/\/fuentesfidedignas.com.mx\/index.php\/2023\/09\/29\/expo-sindicaturas-destaca-la-gastronomia-en-el-492-aniversario-de-culiacan\/#respond"]}]},{"@type":"WebPage","@id":"https:\/\/fuentesfidedignas.com.mx\/index.php\/2023\/09\/29\/expo-sindicaturas-destaca-la-gastronomia-en-el-492-aniversario-de-culiacan\/","url":"https:\/\/fuentesfidedignas.com.mx\/index.php\/2023\/09\/29\/expo-sindicaturas-destaca-la-gastronomia-en-el-492-aniversario-de-culiacan\/","name":"Expo Sindicaturas destaca la gastronom\u00eda en el 492 Aniversario de Culiac\u00e1n - Fuentes Fidedignas","isPartOf":{"@id":"https:\/\/fuentesfidedignas.com.mx\/#website"},"primaryImageOfPage":{"@id":"https:\/\/fuentesfidedignas.com.mx\/index.php\/2023\/09\/29\/expo-sindicaturas-destaca-la-gastronomia-en-el-492-aniversario-de-culiacan\/#primaryimage"},"image":{"@id":"https:\/\/fuentesfidedignas.com.mx\/index.php\/2023\/09\/29\/expo-sindicaturas-destaca-la-gastronomia-en-el-492-aniversario-de-culiacan\/#primaryimage"},"thumbnailUrl":"https:\/\/fuentesfidedignas.com.mx\/wp-content\/uploads\/2023\/09\/WhatsApp-Image-2023-09-29-at-6.21.29-PM.jpeg","datePublished":"2023-09-30T01:27:00+00:00","dateModified":"2023-09-30T01:27:22+00:00","breadcrumb":{"@id":"https:\/\/fuentesfidedignas.com.mx\/index.php\/2023\/09\/29\/expo-sindicaturas-destaca-la-gastronomia-en-el-492-aniversario-de-culiacan\/#breadcrumb"},"inLanguage":"es","potentialAction":[{"@type":"ReadAction","target":["https:\/\/fuentesfidedignas.com.mx\/index.php\/2023\/09\/29\/expo-sindicaturas-destaca-la-gastronomia-en-el-492-aniversario-de-culiacan\/"]}]},{"@type":"ImageObject","inLanguage":"es","@id":"https:\/\/fuentesfidedignas.com.mx\/index.php\/2023\/09\/29\/expo-sindicaturas-destaca-la-gastronomia-en-el-492-aniversario-de-culiacan\/#primaryimage","url":"https:\/\/fuentesfidedignas.com.mx\/wp-content\/uploads\/2023\/09\/WhatsApp-Image-2023-09-29-at-6.21.29-PM.jpeg","contentUrl":"https:\/\/fuentesfidedignas.com.mx\/wp-content\/uploads\/2023\/09\/WhatsApp-Image-2023-09-29-at-6.21.29-PM.jpeg","width":2560,"height":1706},{"@type":"BreadcrumbList","@id":"https:\/\/fuentesfidedignas.com.mx\/index.php\/2023\/09\/29\/expo-sindicaturas-destaca-la-gastronomia-en-el-492-aniversario-de-culiacan\/#breadcrumb","itemListElement":[{"@type":"ListItem","position":1,"name":"Inicio","item":"https:\/\/fuentesfidedignas.com.mx\/"},{"@type":"ListItem","position":2,"name":"Expo Sindicaturas destaca la gastronom\u00eda en el 492 Aniversario de Culiac\u00e1n"}]},{"@type":"WebSite","@id":"https:\/\/fuentesfidedignas.com.mx\/#website","url":"https:\/\/fuentesfidedignas.com.mx\/","name":"Fuentes Fidedignas","description":"Otro sitio realizado con WordPress","publisher":{"@id":"https:\/\/fuentesfidedignas.com.mx\/#organization"},"potentialAction":[{"@type":"SearchAction","target":{"@type":"EntryPoint","urlTemplate":"https:\/\/fuentesfidedignas.com.mx\/?s={search_term_string}"},"query-input":{"@type":"PropertyValueSpecification","valueRequired":true,"valueName":"search_term_string"}}],"inLanguage":"es"},{"@type":"Organization","@id":"https:\/\/fuentesfidedignas.com.mx\/#organization","name":"Fuentes Fidedignas","url":"https:\/\/fuentesfidedignas.com.mx\/","logo":{"@type":"ImageObject","inLanguage":"es","@id":"https:\/\/fuentesfidedignas.com.mx\/#\/schema\/logo\/image\/","url":"https:\/\/fuentesfidedignas.com.mx\/wp-content\/uploads\/2021\/04\/logo-retina.png","contentUrl":"https:\/\/fuentesfidedignas.com.mx\/wp-content\/uploads\/2021\/04\/logo-retina.png","width":280,"height":51,"caption":"Fuentes Fidedignas"},"image":{"@id":"https:\/\/fuentesfidedignas.com.mx\/#\/schema\/logo\/image\/"},"sameAs":["https:\/\/www.facebook.com\/Fuentes-Fidedignas-368234489921644","https:\/\/x.com\/fidedignas"]},{"@type":"Person","@id":"https:\/\/fuentesfidedignas.com.mx\/#\/schema\/person\/331be9283d37198e2acd5750279085b0","name":"Redacci\u00f3n","image":{"@type":"ImageObject","inLanguage":"es","@id":"https:\/\/secure.gravatar.com\/avatar\/f6d8782c11d12b2d4ad3fbb6931aeab5309937a4d6cd2fc9cfaa28a6396a5aec?s=96&d=mm&r=g","url":"https:\/\/secure.gravatar.com\/avatar\/f6d8782c11d12b2d4ad3fbb6931aeab5309937a4d6cd2fc9cfaa28a6396a5aec?s=96&d=mm&r=g","contentUrl":"https:\/\/secure.gravatar.com\/avatar\/f6d8782c11d12b2d4ad3fbb6931aeab5309937a4d6cd2fc9cfaa28a6396a5aec?s=96&d=mm&r=g","caption":"Redacci\u00f3n"},"url":"https:\/\/fuentesfidedignas.com.mx\/index.php\/author\/redaccion\/"}]}},"_links":{"self":[{"href":"https:\/\/fuentesfidedignas.com.mx\/index.php\/wp-json\/wp\/v2\/posts\/60853","targetHints":{"allow":["GET"]}}],"collection":[{"href":"https:\/\/fuentesfidedignas.com.mx\/index.php\/wp-json\/wp\/v2\/posts"}],"about":[{"href":"https:\/\/fuentesfidedignas.com.mx\/index.php\/wp-json\/wp\/v2\/types\/post"}],"author":[{"embeddable":true,"href":"https:\/\/fuentesfidedignas.com.mx\/index.php\/wp-json\/wp\/v2\/users\/4"}],"replies":[{"embeddable":true,"href":"https:\/\/fuentesfidedignas.com.mx\/index.php\/wp-json\/wp\/v2\/comments?post=60853"}],"version-history":[{"count":1,"href":"https:\/\/fuentesfidedignas.com.mx\/index.php\/wp-json\/wp\/v2\/posts\/60853\/revisions"}],"predecessor-version":[{"id":60855,"href":"https:\/\/fuentesfidedignas.com.mx\/index.php\/wp-json\/wp\/v2\/posts\/60853\/revisions\/60855"}],"wp:featuredmedia":[{"embeddable":true,"href":"https:\/\/fuentesfidedignas.com.mx\/index.php\/wp-json\/wp\/v2\/media\/60854"}],"wp:attachment":[{"href":"https:\/\/fuentesfidedignas.com.mx\/index.php\/wp-json\/wp\/v2\/media?parent=60853"}],"wp:term":[{"taxonomy":"category","embeddable":true,"href":"https:\/\/fuentesfidedignas.com.mx\/index.php\/wp-json\/wp\/v2\/categories?post=60853"},{"taxonomy":"post_tag","embeddable":true,"href":"https:\/\/fuentesfidedignas.com.mx\/index.php\/wp-json\/wp\/v2\/tags?post=60853"}],"curies":[{"name":"wp","href":"https:\/\/api.w.org\/{rel}","templated":true}]}}