{"id":60816,"date":"2023-09-30T01:39:39","date_gmt":"2023-09-30T08:39:39","guid":{"rendered":"https:\/\/fuentesfidedignas.com.mx\/?p=60816"},"modified":"2023-09-29T16:40:33","modified_gmt":"2023-09-29T23:40:33","slug":"bebe-no-puede-dormir-por-los-ronquidos-de-su-papa-y-su-reaccion-se-vuelve-viral","status":"publish","type":"post","link":"https:\/\/fuentesfidedignas.com.mx\/index.php\/2023\/09\/30\/bebe-no-puede-dormir-por-los-ronquidos-de-su-papa-y-su-reaccion-se-vuelve-viral\/","title":{"rendered":"Beb\u00e9 no puede dormir por los ronquidos de su pap\u00e1 y su reacci\u00f3n se vuelve viral"},"content":{"rendered":"\n<p><strong><em>Como era de esperarse el video se ha hecho viral y muchos de los comentarios bromean con la situaci\u00f3n.<\/em><\/strong><\/p>\n\n\n\n<p>Se viraliz\u00f3 en TikTok un video en donde un beb\u00e9 protagonizo una divertida escena en donde no lo dejan dormir y tuvo una peculiar reacci\u00f3n.<br>La cuenta hilarious_children, la cual se dedica a publicar videos de beb\u00e9s virales, ha mostrado el tierno momento donde una madre descubre el enojo de su beb\u00e9 debido a que los ronquidos de su pap\u00e1 no lo dejan dormir.<\/p>\n\n\n\n<p>\u201cLlegu\u00e9 a casa del trabajo y mi pobre beb\u00e9 fue despertado por mi molesto esposo\u201d, se puede leer en el video.<\/p>\n\n\n\n<p>As\u00ed mismo podemos escuchar los fuertes ronquidos del hombre mientras la mujer graba a su hijo y este tiene una cara de molestia por la interrupci\u00f3n de sus horas de sue\u00f1o.<\/p>\n\n\n\n<blockquote class=\"tiktok-embed\" cite=\"https:\/\/www.tiktok.com\/@hilarious_children\/video\/7280931744944114977\" data-video-id=\"7280931744944114977\" style=\"max-width: 605px;min-width: 325px;\" > <section> <a target=\"_blank\" title=\"@hilarious_children\" href=\"https:\/\/www.tiktok.com\/@hilarious_children?refer=embed\" rel=\"noopener\">@hilarious_children<\/a> Poor baby so confused with his dad snoring so loud. <a title=\"cutebaby\" target=\"_blank\" href=\"https:\/\/www.tiktok.com\/tag\/cutebaby?refer=embed\" rel=\"noopener\">#cutebaby<\/a> <a title=\"toddlersoftiktok\" target=\"_blank\" href=\"https:\/\/www.tiktok.com\/tag\/toddlersoftiktok?refer=embed\" rel=\"noopener\">#toddlersoftiktok<\/a> <a title=\"childrenoftiktok\" target=\"_blank\" href=\"https:\/\/www.tiktok.com\/tag\/childrenoftiktok?refer=embed\" rel=\"noopener\">#childrenoftiktok<\/a> <a title=\"babytryingtosleep\" target=\"_blank\" href=\"https:\/\/www.tiktok.com\/tag\/babytryingtosleep?refer=embed\" rel=\"noopener\">#babytryingtosleep<\/a> <a title=\"cutechildren\" target=\"_blank\" href=\"https:\/\/www.tiktok.com\/tag\/cutechildren?refer=embed\" rel=\"noopener\">#cutechildren<\/a> <a title=\"babyvsdad\" target=\"_blank\" href=\"https:\/\/www.tiktok.com\/tag\/babyvsdad?refer=embed\" rel=\"noopener\">#babyvsdad<\/a> <a title=\"adorablebaby\" target=\"_blank\" href=\"https:\/\/www.tiktok.com\/tag\/adorablebaby?refer=embed\" rel=\"noopener\">#adorablebaby<\/a> <a target=\"_blank\" title=\"\u266c Oh No - Kreepa\" href=\"https:\/\/www.tiktok.com\/music\/Oh-No-6586947002464996102?refer=embed\" rel=\"noopener\">\u266c Oh No &#8211; Kreepa<\/a> <\/section> <\/blockquote> <script async src=\"https:\/\/www.tiktok.com\/embed.js\"><\/script>\n\n\n\n<p>Como era de esperarse, el video r\u00e1pidamente llam\u00f3 la atenci\u00f3n de los usuarios y acumula m\u00e1s de 13 millones de reproducciones y cientos de comentarios con divertidos comentarios.<\/p>\n","protected":false},"excerpt":{"rendered":"<p>Como era de esperarse el video se ha hecho viral y muchos de los comentarios bromean con la situaci\u00f3n. Se viraliz\u00f3 en TikTok un video en donde un beb\u00e9 protagonizo una divertida escena en donde no lo dejan dormir y tuvo una peculiar reacci\u00f3n.La cuenta hilarious_children, la cual se dedica a publicar videos de beb\u00e9s [&hellip;]<\/p>\n","protected":false},"author":40,"featured_media":60817,"comment_status":"open","ping_status":"open","sticky":false,"template":"","format":"standard","meta":{"tdm_status":"","tdm_grid_status":"","footnotes":""},"categories":[40],"tags":[],"class_list":{"0":"post-60816","1":"post","2":"type-post","3":"status-publish","4":"format-standard","5":"has-post-thumbnail","7":"category-las-asombrosas"},"yoast_head":"<!-- This site is optimized with the Yoast SEO plugin v27.4 - https:\/\/yoast.com\/product\/yoast-seo-wordpress\/ -->\n<title>Beb\u00e9 no puede dormir por los ronquidos de su pap\u00e1 y su reacci\u00f3n se vuelve viral - Fuentes Fidedignas<\/title>\n<meta name=\"robots\" content=\"index, follow, max-snippet:-1, max-image-preview:large, max-video-preview:-1\" \/>\n<link rel=\"canonical\" href=\"https:\/\/fuentesfidedignas.com.mx\/index.php\/2023\/09\/30\/bebe-no-puede-dormir-por-los-ronquidos-de-su-papa-y-su-reaccion-se-vuelve-viral\/\" \/>\n<meta property=\"og:locale\" content=\"es_MX\" \/>\n<meta property=\"og:type\" content=\"article\" \/>\n<meta property=\"og:title\" content=\"Beb\u00e9 no puede dormir por los ronquidos de su pap\u00e1 y su reacci\u00f3n se vuelve viral - Fuentes Fidedignas\" \/>\n<meta property=\"og:description\" content=\"Como era de esperarse el video se ha hecho viral y muchos de los comentarios bromean con la situaci\u00f3n. Se viraliz\u00f3 en TikTok un video en donde un beb\u00e9 protagonizo una divertida escena en donde no lo dejan dormir y tuvo una peculiar reacci\u00f3n.La cuenta hilarious_children, la cual se dedica a publicar videos de beb\u00e9s [&hellip;]\" \/>\n<meta property=\"og:url\" content=\"https:\/\/fuentesfidedignas.com.mx\/index.php\/2023\/09\/30\/bebe-no-puede-dormir-por-los-ronquidos-de-su-papa-y-su-reaccion-se-vuelve-viral\/\" \/>\n<meta property=\"og:site_name\" content=\"Fuentes Fidedignas\" \/>\n<meta property=\"article:publisher\" content=\"https:\/\/www.facebook.com\/Fuentes-Fidedignas-368234489921644\" \/>\n<meta property=\"article:published_time\" content=\"2023-09-30T08:39:39+00:00\" \/>\n<meta property=\"og:image\" content=\"https:\/\/fuentesfidedignas.com.mx\/wp-content\/uploads\/2023\/09\/NINO_DORMIR.jpg\" \/>\n\t<meta property=\"og:image:width\" content=\"900\" \/>\n\t<meta property=\"og:image:height\" content=\"506\" \/>\n\t<meta property=\"og:image:type\" content=\"image\/jpeg\" \/>\n<meta name=\"author\" content=\"El Imparcial\" \/>\n<meta name=\"twitter:card\" content=\"summary_large_image\" \/>\n<meta name=\"twitter:creator\" content=\"@fidedignas\" \/>\n<meta name=\"twitter:site\" content=\"@fidedignas\" \/>\n<meta name=\"twitter:label1\" content=\"Escrito por\" \/>\n\t<meta name=\"twitter:data1\" content=\"El Imparcial\" \/>\n\t<meta name=\"twitter:label2\" content=\"Tiempo de lectura\" \/>\n\t<meta name=\"twitter:data2\" content=\"1 minuto\" \/>\n<script type=\"application\/ld+json\" class=\"yoast-schema-graph\">{\"@context\":\"https:\\\/\\\/schema.org\",\"@graph\":[{\"@type\":\"Article\",\"@id\":\"https:\\\/\\\/fuentesfidedignas.com.mx\\\/index.php\\\/2023\\\/09\\\/30\\\/bebe-no-puede-dormir-por-los-ronquidos-de-su-papa-y-su-reaccion-se-vuelve-viral\\\/#article\",\"isPartOf\":{\"@id\":\"https:\\\/\\\/fuentesfidedignas.com.mx\\\/index.php\\\/2023\\\/09\\\/30\\\/bebe-no-puede-dormir-por-los-ronquidos-de-su-papa-y-su-reaccion-se-vuelve-viral\\\/\"},\"author\":{\"name\":\"El Imparcial\",\"@id\":\"https:\\\/\\\/fuentesfidedignas.com.mx\\\/#\\\/schema\\\/person\\\/ff4db17f8fd9c584e0cfc2a0c436b8a1\"},\"headline\":\"Beb\u00e9 no puede dormir por los ronquidos de su pap\u00e1 y su reacci\u00f3n se vuelve viral\",\"datePublished\":\"2023-09-30T08:39:39+00:00\",\"mainEntityOfPage\":{\"@id\":\"https:\\\/\\\/fuentesfidedignas.com.mx\\\/index.php\\\/2023\\\/09\\\/30\\\/bebe-no-puede-dormir-por-los-ronquidos-de-su-papa-y-su-reaccion-se-vuelve-viral\\\/\"},\"wordCount\":211,\"commentCount\":0,\"publisher\":{\"@id\":\"https:\\\/\\\/fuentesfidedignas.com.mx\\\/#organization\"},\"image\":{\"@id\":\"https:\\\/\\\/fuentesfidedignas.com.mx\\\/index.php\\\/2023\\\/09\\\/30\\\/bebe-no-puede-dormir-por-los-ronquidos-de-su-papa-y-su-reaccion-se-vuelve-viral\\\/#primaryimage\"},\"thumbnailUrl\":\"https:\\\/\\\/fuentesfidedignas.com.mx\\\/wp-content\\\/uploads\\\/2023\\\/09\\\/NINO_DORMIR.jpg\",\"articleSection\":[\"LAS ASOMBROSAS\"],\"inLanguage\":\"es\",\"potentialAction\":[{\"@type\":\"CommentAction\",\"name\":\"Comment\",\"target\":[\"https:\\\/\\\/fuentesfidedignas.com.mx\\\/index.php\\\/2023\\\/09\\\/30\\\/bebe-no-puede-dormir-por-los-ronquidos-de-su-papa-y-su-reaccion-se-vuelve-viral\\\/#respond\"]}]},{\"@type\":\"WebPage\",\"@id\":\"https:\\\/\\\/fuentesfidedignas.com.mx\\\/index.php\\\/2023\\\/09\\\/30\\\/bebe-no-puede-dormir-por-los-ronquidos-de-su-papa-y-su-reaccion-se-vuelve-viral\\\/\",\"url\":\"https:\\\/\\\/fuentesfidedignas.com.mx\\\/index.php\\\/2023\\\/09\\\/30\\\/bebe-no-puede-dormir-por-los-ronquidos-de-su-papa-y-su-reaccion-se-vuelve-viral\\\/\",\"name\":\"Beb\u00e9 no puede dormir por los ronquidos de su pap\u00e1 y su reacci\u00f3n se vuelve viral - Fuentes Fidedignas\",\"isPartOf\":{\"@id\":\"https:\\\/\\\/fuentesfidedignas.com.mx\\\/#website\"},\"primaryImageOfPage\":{\"@id\":\"https:\\\/\\\/fuentesfidedignas.com.mx\\\/index.php\\\/2023\\\/09\\\/30\\\/bebe-no-puede-dormir-por-los-ronquidos-de-su-papa-y-su-reaccion-se-vuelve-viral\\\/#primaryimage\"},\"image\":{\"@id\":\"https:\\\/\\\/fuentesfidedignas.com.mx\\\/index.php\\\/2023\\\/09\\\/30\\\/bebe-no-puede-dormir-por-los-ronquidos-de-su-papa-y-su-reaccion-se-vuelve-viral\\\/#primaryimage\"},\"thumbnailUrl\":\"https:\\\/\\\/fuentesfidedignas.com.mx\\\/wp-content\\\/uploads\\\/2023\\\/09\\\/NINO_DORMIR.jpg\",\"datePublished\":\"2023-09-30T08:39:39+00:00\",\"breadcrumb\":{\"@id\":\"https:\\\/\\\/fuentesfidedignas.com.mx\\\/index.php\\\/2023\\\/09\\\/30\\\/bebe-no-puede-dormir-por-los-ronquidos-de-su-papa-y-su-reaccion-se-vuelve-viral\\\/#breadcrumb\"},\"inLanguage\":\"es\",\"potentialAction\":[{\"@type\":\"ReadAction\",\"target\":[\"https:\\\/\\\/fuentesfidedignas.com.mx\\\/index.php\\\/2023\\\/09\\\/30\\\/bebe-no-puede-dormir-por-los-ronquidos-de-su-papa-y-su-reaccion-se-vuelve-viral\\\/\"]}]},{\"@type\":\"ImageObject\",\"inLanguage\":\"es\",\"@id\":\"https:\\\/\\\/fuentesfidedignas.com.mx\\\/index.php\\\/2023\\\/09\\\/30\\\/bebe-no-puede-dormir-por-los-ronquidos-de-su-papa-y-su-reaccion-se-vuelve-viral\\\/#primaryimage\",\"url\":\"https:\\\/\\\/fuentesfidedignas.com.mx\\\/wp-content\\\/uploads\\\/2023\\\/09\\\/NINO_DORMIR.jpg\",\"contentUrl\":\"https:\\\/\\\/fuentesfidedignas.com.mx\\\/wp-content\\\/uploads\\\/2023\\\/09\\\/NINO_DORMIR.jpg\",\"width\":900,\"height\":506},{\"@type\":\"BreadcrumbList\",\"@id\":\"https:\\\/\\\/fuentesfidedignas.com.mx\\\/index.php\\\/2023\\\/09\\\/30\\\/bebe-no-puede-dormir-por-los-ronquidos-de-su-papa-y-su-reaccion-se-vuelve-viral\\\/#breadcrumb\",\"itemListElement\":[{\"@type\":\"ListItem\",\"position\":1,\"name\":\"Inicio\",\"item\":\"https:\\\/\\\/fuentesfidedignas.com.mx\\\/\"},{\"@type\":\"ListItem\",\"position\":2,\"name\":\"Beb\u00e9 no puede dormir por los ronquidos de su pap\u00e1 y su reacci\u00f3n se vuelve viral\"}]},{\"@type\":\"WebSite\",\"@id\":\"https:\\\/\\\/fuentesfidedignas.com.mx\\\/#website\",\"url\":\"https:\\\/\\\/fuentesfidedignas.com.mx\\\/\",\"name\":\"Fuentes Fidedignas\",\"description\":\"Otro sitio realizado con WordPress\",\"publisher\":{\"@id\":\"https:\\\/\\\/fuentesfidedignas.com.mx\\\/#organization\"},\"potentialAction\":[{\"@type\":\"SearchAction\",\"target\":{\"@type\":\"EntryPoint\",\"urlTemplate\":\"https:\\\/\\\/fuentesfidedignas.com.mx\\\/?s={search_term_string}\"},\"query-input\":{\"@type\":\"PropertyValueSpecification\",\"valueRequired\":true,\"valueName\":\"search_term_string\"}}],\"inLanguage\":\"es\"},{\"@type\":\"Organization\",\"@id\":\"https:\\\/\\\/fuentesfidedignas.com.mx\\\/#organization\",\"name\":\"Fuentes Fidedignas\",\"url\":\"https:\\\/\\\/fuentesfidedignas.com.mx\\\/\",\"logo\":{\"@type\":\"ImageObject\",\"inLanguage\":\"es\",\"@id\":\"https:\\\/\\\/fuentesfidedignas.com.mx\\\/#\\\/schema\\\/logo\\\/image\\\/\",\"url\":\"https:\\\/\\\/fuentesfidedignas.com.mx\\\/wp-content\\\/uploads\\\/2021\\\/04\\\/logo-retina.png\",\"contentUrl\":\"https:\\\/\\\/fuentesfidedignas.com.mx\\\/wp-content\\\/uploads\\\/2021\\\/04\\\/logo-retina.png\",\"width\":280,\"height\":51,\"caption\":\"Fuentes Fidedignas\"},\"image\":{\"@id\":\"https:\\\/\\\/fuentesfidedignas.com.mx\\\/#\\\/schema\\\/logo\\\/image\\\/\"},\"sameAs\":[\"https:\\\/\\\/www.facebook.com\\\/Fuentes-Fidedignas-368234489921644\",\"https:\\\/\\\/x.com\\\/fidedignas\"]},{\"@type\":\"Person\",\"@id\":\"https:\\\/\\\/fuentesfidedignas.com.mx\\\/#\\\/schema\\\/person\\\/ff4db17f8fd9c584e0cfc2a0c436b8a1\",\"name\":\"El Imparcial\",\"image\":{\"@type\":\"ImageObject\",\"inLanguage\":\"es\",\"@id\":\"https:\\\/\\\/secure.gravatar.com\\\/avatar\\\/accd6807585a75316c237ee783498317be6f66ab34c47c940966f26a3f613161?s=96&d=mm&r=g\",\"url\":\"https:\\\/\\\/secure.gravatar.com\\\/avatar\\\/accd6807585a75316c237ee783498317be6f66ab34c47c940966f26a3f613161?s=96&d=mm&r=g\",\"contentUrl\":\"https:\\\/\\\/secure.gravatar.com\\\/avatar\\\/accd6807585a75316c237ee783498317be6f66ab34c47c940966f26a3f613161?s=96&d=mm&r=g\",\"caption\":\"El Imparcial\"},\"url\":\"https:\\\/\\\/fuentesfidedignas.com.mx\\\/index.php\\\/author\\\/imparcial\\\/\"}]}<\/script>\n<!-- \/ Yoast SEO plugin. -->","yoast_head_json":{"title":"Beb\u00e9 no puede dormir por los ronquidos de su pap\u00e1 y su reacci\u00f3n se vuelve viral - Fuentes Fidedignas","robots":{"index":"index","follow":"follow","max-snippet":"max-snippet:-1","max-image-preview":"max-image-preview:large","max-video-preview":"max-video-preview:-1"},"canonical":"https:\/\/fuentesfidedignas.com.mx\/index.php\/2023\/09\/30\/bebe-no-puede-dormir-por-los-ronquidos-de-su-papa-y-su-reaccion-se-vuelve-viral\/","og_locale":"es_MX","og_type":"article","og_title":"Beb\u00e9 no puede dormir por los ronquidos de su pap\u00e1 y su reacci\u00f3n se vuelve viral - Fuentes Fidedignas","og_description":"Como era de esperarse el video se ha hecho viral y muchos de los comentarios bromean con la situaci\u00f3n. Se viraliz\u00f3 en TikTok un video en donde un beb\u00e9 protagonizo una divertida escena en donde no lo dejan dormir y tuvo una peculiar reacci\u00f3n.La cuenta hilarious_children, la cual se dedica a publicar videos de beb\u00e9s [&hellip;]","og_url":"https:\/\/fuentesfidedignas.com.mx\/index.php\/2023\/09\/30\/bebe-no-puede-dormir-por-los-ronquidos-de-su-papa-y-su-reaccion-se-vuelve-viral\/","og_site_name":"Fuentes Fidedignas","article_publisher":"https:\/\/www.facebook.com\/Fuentes-Fidedignas-368234489921644","article_published_time":"2023-09-30T08:39:39+00:00","og_image":[{"width":900,"height":506,"url":"https:\/\/fuentesfidedignas.com.mx\/wp-content\/uploads\/2023\/09\/NINO_DORMIR.jpg","type":"image\/jpeg"}],"author":"El Imparcial","twitter_card":"summary_large_image","twitter_creator":"@fidedignas","twitter_site":"@fidedignas","twitter_misc":{"Escrito por":"El Imparcial","Tiempo de lectura":"1 minuto"},"schema":{"@context":"https:\/\/schema.org","@graph":[{"@type":"Article","@id":"https:\/\/fuentesfidedignas.com.mx\/index.php\/2023\/09\/30\/bebe-no-puede-dormir-por-los-ronquidos-de-su-papa-y-su-reaccion-se-vuelve-viral\/#article","isPartOf":{"@id":"https:\/\/fuentesfidedignas.com.mx\/index.php\/2023\/09\/30\/bebe-no-puede-dormir-por-los-ronquidos-de-su-papa-y-su-reaccion-se-vuelve-viral\/"},"author":{"name":"El Imparcial","@id":"https:\/\/fuentesfidedignas.com.mx\/#\/schema\/person\/ff4db17f8fd9c584e0cfc2a0c436b8a1"},"headline":"Beb\u00e9 no puede dormir por los ronquidos de su pap\u00e1 y su reacci\u00f3n se vuelve viral","datePublished":"2023-09-30T08:39:39+00:00","mainEntityOfPage":{"@id":"https:\/\/fuentesfidedignas.com.mx\/index.php\/2023\/09\/30\/bebe-no-puede-dormir-por-los-ronquidos-de-su-papa-y-su-reaccion-se-vuelve-viral\/"},"wordCount":211,"commentCount":0,"publisher":{"@id":"https:\/\/fuentesfidedignas.com.mx\/#organization"},"image":{"@id":"https:\/\/fuentesfidedignas.com.mx\/index.php\/2023\/09\/30\/bebe-no-puede-dormir-por-los-ronquidos-de-su-papa-y-su-reaccion-se-vuelve-viral\/#primaryimage"},"thumbnailUrl":"https:\/\/fuentesfidedignas.com.mx\/wp-content\/uploads\/2023\/09\/NINO_DORMIR.jpg","articleSection":["LAS ASOMBROSAS"],"inLanguage":"es","potentialAction":[{"@type":"CommentAction","name":"Comment","target":["https:\/\/fuentesfidedignas.com.mx\/index.php\/2023\/09\/30\/bebe-no-puede-dormir-por-los-ronquidos-de-su-papa-y-su-reaccion-se-vuelve-viral\/#respond"]}]},{"@type":"WebPage","@id":"https:\/\/fuentesfidedignas.com.mx\/index.php\/2023\/09\/30\/bebe-no-puede-dormir-por-los-ronquidos-de-su-papa-y-su-reaccion-se-vuelve-viral\/","url":"https:\/\/fuentesfidedignas.com.mx\/index.php\/2023\/09\/30\/bebe-no-puede-dormir-por-los-ronquidos-de-su-papa-y-su-reaccion-se-vuelve-viral\/","name":"Beb\u00e9 no puede dormir por los ronquidos de su pap\u00e1 y su reacci\u00f3n se vuelve viral - Fuentes Fidedignas","isPartOf":{"@id":"https:\/\/fuentesfidedignas.com.mx\/#website"},"primaryImageOfPage":{"@id":"https:\/\/fuentesfidedignas.com.mx\/index.php\/2023\/09\/30\/bebe-no-puede-dormir-por-los-ronquidos-de-su-papa-y-su-reaccion-se-vuelve-viral\/#primaryimage"},"image":{"@id":"https:\/\/fuentesfidedignas.com.mx\/index.php\/2023\/09\/30\/bebe-no-puede-dormir-por-los-ronquidos-de-su-papa-y-su-reaccion-se-vuelve-viral\/#primaryimage"},"thumbnailUrl":"https:\/\/fuentesfidedignas.com.mx\/wp-content\/uploads\/2023\/09\/NINO_DORMIR.jpg","datePublished":"2023-09-30T08:39:39+00:00","breadcrumb":{"@id":"https:\/\/fuentesfidedignas.com.mx\/index.php\/2023\/09\/30\/bebe-no-puede-dormir-por-los-ronquidos-de-su-papa-y-su-reaccion-se-vuelve-viral\/#breadcrumb"},"inLanguage":"es","potentialAction":[{"@type":"ReadAction","target":["https:\/\/fuentesfidedignas.com.mx\/index.php\/2023\/09\/30\/bebe-no-puede-dormir-por-los-ronquidos-de-su-papa-y-su-reaccion-se-vuelve-viral\/"]}]},{"@type":"ImageObject","inLanguage":"es","@id":"https:\/\/fuentesfidedignas.com.mx\/index.php\/2023\/09\/30\/bebe-no-puede-dormir-por-los-ronquidos-de-su-papa-y-su-reaccion-se-vuelve-viral\/#primaryimage","url":"https:\/\/fuentesfidedignas.com.mx\/wp-content\/uploads\/2023\/09\/NINO_DORMIR.jpg","contentUrl":"https:\/\/fuentesfidedignas.com.mx\/wp-content\/uploads\/2023\/09\/NINO_DORMIR.jpg","width":900,"height":506},{"@type":"BreadcrumbList","@id":"https:\/\/fuentesfidedignas.com.mx\/index.php\/2023\/09\/30\/bebe-no-puede-dormir-por-los-ronquidos-de-su-papa-y-su-reaccion-se-vuelve-viral\/#breadcrumb","itemListElement":[{"@type":"ListItem","position":1,"name":"Inicio","item":"https:\/\/fuentesfidedignas.com.mx\/"},{"@type":"ListItem","position":2,"name":"Beb\u00e9 no puede dormir por los ronquidos de su pap\u00e1 y su reacci\u00f3n se vuelve viral"}]},{"@type":"WebSite","@id":"https:\/\/fuentesfidedignas.com.mx\/#website","url":"https:\/\/fuentesfidedignas.com.mx\/","name":"Fuentes Fidedignas","description":"Otro sitio realizado con WordPress","publisher":{"@id":"https:\/\/fuentesfidedignas.com.mx\/#organization"},"potentialAction":[{"@type":"SearchAction","target":{"@type":"EntryPoint","urlTemplate":"https:\/\/fuentesfidedignas.com.mx\/?s={search_term_string}"},"query-input":{"@type":"PropertyValueSpecification","valueRequired":true,"valueName":"search_term_string"}}],"inLanguage":"es"},{"@type":"Organization","@id":"https:\/\/fuentesfidedignas.com.mx\/#organization","name":"Fuentes Fidedignas","url":"https:\/\/fuentesfidedignas.com.mx\/","logo":{"@type":"ImageObject","inLanguage":"es","@id":"https:\/\/fuentesfidedignas.com.mx\/#\/schema\/logo\/image\/","url":"https:\/\/fuentesfidedignas.com.mx\/wp-content\/uploads\/2021\/04\/logo-retina.png","contentUrl":"https:\/\/fuentesfidedignas.com.mx\/wp-content\/uploads\/2021\/04\/logo-retina.png","width":280,"height":51,"caption":"Fuentes Fidedignas"},"image":{"@id":"https:\/\/fuentesfidedignas.com.mx\/#\/schema\/logo\/image\/"},"sameAs":["https:\/\/www.facebook.com\/Fuentes-Fidedignas-368234489921644","https:\/\/x.com\/fidedignas"]},{"@type":"Person","@id":"https:\/\/fuentesfidedignas.com.mx\/#\/schema\/person\/ff4db17f8fd9c584e0cfc2a0c436b8a1","name":"El Imparcial","image":{"@type":"ImageObject","inLanguage":"es","@id":"https:\/\/secure.gravatar.com\/avatar\/accd6807585a75316c237ee783498317be6f66ab34c47c940966f26a3f613161?s=96&d=mm&r=g","url":"https:\/\/secure.gravatar.com\/avatar\/accd6807585a75316c237ee783498317be6f66ab34c47c940966f26a3f613161?s=96&d=mm&r=g","contentUrl":"https:\/\/secure.gravatar.com\/avatar\/accd6807585a75316c237ee783498317be6f66ab34c47c940966f26a3f613161?s=96&d=mm&r=g","caption":"El Imparcial"},"url":"https:\/\/fuentesfidedignas.com.mx\/index.php\/author\/imparcial\/"}]}},"_links":{"self":[{"href":"https:\/\/fuentesfidedignas.com.mx\/index.php\/wp-json\/wp\/v2\/posts\/60816","targetHints":{"allow":["GET"]}}],"collection":[{"href":"https:\/\/fuentesfidedignas.com.mx\/index.php\/wp-json\/wp\/v2\/posts"}],"about":[{"href":"https:\/\/fuentesfidedignas.com.mx\/index.php\/wp-json\/wp\/v2\/types\/post"}],"author":[{"embeddable":true,"href":"https:\/\/fuentesfidedignas.com.mx\/index.php\/wp-json\/wp\/v2\/users\/40"}],"replies":[{"embeddable":true,"href":"https:\/\/fuentesfidedignas.com.mx\/index.php\/wp-json\/wp\/v2\/comments?post=60816"}],"version-history":[{"count":1,"href":"https:\/\/fuentesfidedignas.com.mx\/index.php\/wp-json\/wp\/v2\/posts\/60816\/revisions"}],"predecessor-version":[{"id":60818,"href":"https:\/\/fuentesfidedignas.com.mx\/index.php\/wp-json\/wp\/v2\/posts\/60816\/revisions\/60818"}],"wp:featuredmedia":[{"embeddable":true,"href":"https:\/\/fuentesfidedignas.com.mx\/index.php\/wp-json\/wp\/v2\/media\/60817"}],"wp:attachment":[{"href":"https:\/\/fuentesfidedignas.com.mx\/index.php\/wp-json\/wp\/v2\/media?parent=60816"}],"wp:term":[{"taxonomy":"category","embeddable":true,"href":"https:\/\/fuentesfidedignas.com.mx\/index.php\/wp-json\/wp\/v2\/categories?post=60816"},{"taxonomy":"post_tag","embeddable":true,"href":"https:\/\/fuentesfidedignas.com.mx\/index.php\/wp-json\/wp\/v2\/tags?post=60816"}],"curies":[{"name":"wp","href":"https:\/\/api.w.org\/{rel}","templated":true}]}}