{"id":60805,"date":"2023-09-29T16:19:21","date_gmt":"2023-09-29T23:19:21","guid":{"rendered":"https:\/\/fuentesfidedignas.com.mx\/?p=60805"},"modified":"2023-09-29T16:19:38","modified_gmt":"2023-09-29T23:19:38","slug":"junta-de-asistencia-privada-sinaloa-anuncia-rifa-de-la-filantropia-2023","status":"publish","type":"post","link":"https:\/\/fuentesfidedignas.com.mx\/index.php\/2023\/09\/29\/junta-de-asistencia-privada-sinaloa-anuncia-rifa-de-la-filantropia-2023\/","title":{"rendered":"Junta de Asistencia Privada Sinaloa anuncia \u201cRifa de la Filantrop\u00eda 2023\u201d."},"content":{"rendered":"\n<p><strong><em>Los premios a rifarse son 5 autom\u00f3viles Nissan; 10 pantallas de 55 pulgadas y 5 laptops<\/em><\/strong><\/p>\n\n\n\n<p>Culiac\u00e1n, Sin.- La Junta de Asistencia Privada del Estado de Sinaloa (JAP), anunci\u00f3 la \u201cRifa de la Filantrop\u00eda 2023\u201d, que tiene como prop\u00f3sito apoyar a las instituciones de Asistencia Privada (IAP) en sus gastos operativos y as\u00ed poder llegar a m\u00e1s beneficiarios.<\/p>\n\n\n\n<p>El presidente de la JAP Sinaloa, Mario C\u00f3rdova Arista, detall\u00f3 que la emisi\u00f3n de boletos es de 60 mil y estar\u00e1n participando 49 IAP de los diferentes municipios del estado. La meta a recaudar para las instituciones es de alrededor de 9 millones 600 mil pesos.<\/p>\n\n\n\n<p>\u201cLa rifa de la filantrop\u00eda 2023\u201d es hasta el momento, la m\u00e1s grande en estos \u00faltimos 20 a\u00f1os dentro de la JAP, logrando colocar 60 mil boletos y donde se pretende buscar el apoyo de m\u00e1s de 100 puntos para la venta de los mismos por parte de las instituciones de asistencia privada.\u201d<\/p>\n\n\n\n<p>C\u00f3rdova Arista, agradeci\u00f3 el incondicional apoyo que han venido brindando los medios de comunicaci\u00f3n, pues sin ellos, ser\u00eda imposible darle visibilidad a esta actividad, pues el mostrar siempre transparencia a la sociedad, ofrece confianza al momento de apoyar a cualquiera de las causas.<\/p>\n\n\n\n<p>Los premios a sortear son: 5 autom\u00f3viles marca Nissan (1er. lugar VERSA SENSE, 2do. y 3er. VERSA V DRIVE, 4to. y 5to. Lugar MARCH SENSE) modelos 2023; as\u00ed como, 10 pantallas de 55 pulgadas y 5 laptops.<\/p>\n\n\n\n<p>En representaci\u00f3n de las instituciones de asistencia privada, estuvieron Patricia Trejo y Asminda Zazueta, representantes de GANAC IAP, quienes se mostraron muy entusiasmadas de su participaci\u00f3n este a\u00f1o, ya que en el 2022 fueron la instituci\u00f3n que m\u00e1s boletos vendi\u00f3, motivando as\u00ed a las instrucciones participantes en esta edici\u00f3n.<\/p>\n\n\n\n<p>Entre las 49 instituciones que participan este a\u00f1o se encuentran: BAMX Culiac\u00e1n IAP; BAMX Guam\u00fachil IAP, BAMX Mazatl\u00e1n IAP; BAMX Los Mochis IAP; Oye IAP; APAC IAP; Estrella Gu\u00eda IAP, Casa del estudiante de San Ignacio IAP; GANAC IAP; Grupo BETA IAP; Misi\u00f3n de Na\u00edm IAP; Encauza IAP; Caritas Lomita IAP; Save the Children IAP; Albergue Mazatl\u00e1n IAP; entre otras.<\/p>\n\n\n\n<p>La Lic. Roc\u00edo L\u00f3pez, gerente comercial de Plaza Nissan resalt\u00f3 el compromiso y apoyo a la JAP por medio de esta rifa, actividad que vienen haciendo durante estos 20 a\u00f1os y por su parte el Lic. C\u00e9sar Arellano, consejero ciudadano de la JAP en el \u00e1mbito de Discapacidad, se comprometi\u00f3 en el apoyo a las instituciones para lograr una mejor y mayor venta en esta rifa.<\/p>\n\n\n\n<p>Al evento tambi\u00e9n acudieron Jes\u00fas Mario L\u00f3pez Angulo, secretario ejecutivo de la JAP Sinaloa; Daniela Peraza de C\u00f3rdova, consejeros ciudadanos de la JAP e instituciones participantes.<\/p>\n\n\n\n<p>La rifa se la filantrop\u00eda se llevar\u00e1 a cabo el d\u00eda 7 de diciembre del presente a\u00f1o a las 11 am en las instalaciones de Hotel Lucerna, el costo del boleto es&nbsp;de&nbsp;$160&nbsp;pesos.<\/p>\n","protected":false},"excerpt":{"rendered":"<p>Los premios a rifarse son 5 autom\u00f3viles Nissan; 10 pantallas de 55 pulgadas y 5 laptops Culiac\u00e1n, Sin.- La Junta de Asistencia Privada del Estado de Sinaloa (JAP), anunci\u00f3 la \u201cRifa de la Filantrop\u00eda 2023\u201d, que tiene como prop\u00f3sito apoyar a las instituciones de Asistencia Privada (IAP) en sus gastos operativos y as\u00ed poder llegar [&hellip;]<\/p>\n","protected":false},"author":4,"featured_media":60806,"comment_status":"open","ping_status":"open","sticky":false,"template":"","format":"standard","meta":{"tdm_status":"","tdm_grid_status":"","footnotes":""},"categories":[1],"tags":[],"class_list":{"0":"post-60805","1":"post","2":"type-post","3":"status-publish","4":"format-standard","5":"has-post-thumbnail","7":"category-sin-categoria"},"yoast_head":"<!-- This site is optimized with the Yoast SEO plugin v27.5 - https:\/\/yoast.com\/product\/yoast-seo-wordpress\/ -->\n<title>Junta de Asistencia Privada Sinaloa anuncia \u201cRifa de la Filantrop\u00eda 2023\u201d. - Fuentes Fidedignas<\/title>\n<meta name=\"robots\" content=\"index, follow, max-snippet:-1, max-image-preview:large, max-video-preview:-1\" \/>\n<link rel=\"canonical\" href=\"https:\/\/fuentesfidedignas.com.mx\/index.php\/2023\/09\/29\/junta-de-asistencia-privada-sinaloa-anuncia-rifa-de-la-filantropia-2023\/\" \/>\n<meta property=\"og:locale\" content=\"es_MX\" \/>\n<meta property=\"og:type\" content=\"article\" \/>\n<meta property=\"og:title\" content=\"Junta de Asistencia Privada Sinaloa anuncia \u201cRifa de la Filantrop\u00eda 2023\u201d. - Fuentes Fidedignas\" \/>\n<meta property=\"og:description\" content=\"Los premios a rifarse son 5 autom\u00f3viles Nissan; 10 pantallas de 55 pulgadas y 5 laptops Culiac\u00e1n, Sin.- La Junta de Asistencia Privada del Estado de Sinaloa (JAP), anunci\u00f3 la \u201cRifa de la Filantrop\u00eda 2023\u201d, que tiene como prop\u00f3sito apoyar a las instituciones de Asistencia Privada (IAP) en sus gastos operativos y as\u00ed poder llegar [&hellip;]\" \/>\n<meta property=\"og:url\" content=\"https:\/\/fuentesfidedignas.com.mx\/index.php\/2023\/09\/29\/junta-de-asistencia-privada-sinaloa-anuncia-rifa-de-la-filantropia-2023\/\" \/>\n<meta property=\"og:site_name\" content=\"Fuentes Fidedignas\" \/>\n<meta property=\"article:publisher\" content=\"https:\/\/www.facebook.com\/Fuentes-Fidedignas-368234489921644\" \/>\n<meta property=\"article:published_time\" content=\"2023-09-29T23:19:21+00:00\" \/>\n<meta property=\"article:modified_time\" content=\"2023-09-29T23:19:38+00:00\" \/>\n<meta property=\"og:image\" content=\"https:\/\/fuentesfidedignas.com.mx\/wp-content\/uploads\/2023\/09\/WhatsApp-Image-2023-09-29-at-10.12.35-AM.jpeg\" \/>\n\t<meta property=\"og:image:width\" content=\"1280\" \/>\n\t<meta property=\"og:image:height\" content=\"960\" \/>\n\t<meta property=\"og:image:type\" content=\"image\/jpeg\" \/>\n<meta name=\"author\" content=\"Redacci\u00f3n\" \/>\n<meta name=\"twitter:card\" content=\"summary_large_image\" \/>\n<meta name=\"twitter:creator\" content=\"@fidedignas\" \/>\n<meta name=\"twitter:site\" content=\"@fidedignas\" \/>\n<meta name=\"twitter:label1\" content=\"Escrito por\" \/>\n\t<meta name=\"twitter:data1\" content=\"Redacci\u00f3n\" \/>\n\t<meta name=\"twitter:label2\" content=\"Tiempo de lectura\" \/>\n\t<meta name=\"twitter:data2\" content=\"3 minutos\" \/>\n<script type=\"application\/ld+json\" class=\"yoast-schema-graph\">{\"@context\":\"https:\\\/\\\/schema.org\",\"@graph\":[{\"@type\":\"Article\",\"@id\":\"https:\\\/\\\/fuentesfidedignas.com.mx\\\/index.php\\\/2023\\\/09\\\/29\\\/junta-de-asistencia-privada-sinaloa-anuncia-rifa-de-la-filantropia-2023\\\/#article\",\"isPartOf\":{\"@id\":\"https:\\\/\\\/fuentesfidedignas.com.mx\\\/index.php\\\/2023\\\/09\\\/29\\\/junta-de-asistencia-privada-sinaloa-anuncia-rifa-de-la-filantropia-2023\\\/\"},\"author\":{\"name\":\"Redacci\u00f3n\",\"@id\":\"https:\\\/\\\/fuentesfidedignas.com.mx\\\/#\\\/schema\\\/person\\\/331be9283d37198e2acd5750279085b0\"},\"headline\":\"Junta de Asistencia Privada Sinaloa anuncia \u201cRifa de la Filantrop\u00eda 2023\u201d.\",\"datePublished\":\"2023-09-29T23:19:21+00:00\",\"dateModified\":\"2023-09-29T23:19:38+00:00\",\"mainEntityOfPage\":{\"@id\":\"https:\\\/\\\/fuentesfidedignas.com.mx\\\/index.php\\\/2023\\\/09\\\/29\\\/junta-de-asistencia-privada-sinaloa-anuncia-rifa-de-la-filantropia-2023\\\/\"},\"wordCount\":505,\"commentCount\":0,\"publisher\":{\"@id\":\"https:\\\/\\\/fuentesfidedignas.com.mx\\\/#organization\"},\"image\":{\"@id\":\"https:\\\/\\\/fuentesfidedignas.com.mx\\\/index.php\\\/2023\\\/09\\\/29\\\/junta-de-asistencia-privada-sinaloa-anuncia-rifa-de-la-filantropia-2023\\\/#primaryimage\"},\"thumbnailUrl\":\"https:\\\/\\\/fuentesfidedignas.com.mx\\\/wp-content\\\/uploads\\\/2023\\\/09\\\/WhatsApp-Image-2023-09-29-at-10.12.35-AM.jpeg\",\"inLanguage\":\"es\",\"potentialAction\":[{\"@type\":\"CommentAction\",\"name\":\"Comment\",\"target\":[\"https:\\\/\\\/fuentesfidedignas.com.mx\\\/index.php\\\/2023\\\/09\\\/29\\\/junta-de-asistencia-privada-sinaloa-anuncia-rifa-de-la-filantropia-2023\\\/#respond\"]}]},{\"@type\":\"WebPage\",\"@id\":\"https:\\\/\\\/fuentesfidedignas.com.mx\\\/index.php\\\/2023\\\/09\\\/29\\\/junta-de-asistencia-privada-sinaloa-anuncia-rifa-de-la-filantropia-2023\\\/\",\"url\":\"https:\\\/\\\/fuentesfidedignas.com.mx\\\/index.php\\\/2023\\\/09\\\/29\\\/junta-de-asistencia-privada-sinaloa-anuncia-rifa-de-la-filantropia-2023\\\/\",\"name\":\"Junta de Asistencia Privada Sinaloa anuncia \u201cRifa de la Filantrop\u00eda 2023\u201d. - Fuentes Fidedignas\",\"isPartOf\":{\"@id\":\"https:\\\/\\\/fuentesfidedignas.com.mx\\\/#website\"},\"primaryImageOfPage\":{\"@id\":\"https:\\\/\\\/fuentesfidedignas.com.mx\\\/index.php\\\/2023\\\/09\\\/29\\\/junta-de-asistencia-privada-sinaloa-anuncia-rifa-de-la-filantropia-2023\\\/#primaryimage\"},\"image\":{\"@id\":\"https:\\\/\\\/fuentesfidedignas.com.mx\\\/index.php\\\/2023\\\/09\\\/29\\\/junta-de-asistencia-privada-sinaloa-anuncia-rifa-de-la-filantropia-2023\\\/#primaryimage\"},\"thumbnailUrl\":\"https:\\\/\\\/fuentesfidedignas.com.mx\\\/wp-content\\\/uploads\\\/2023\\\/09\\\/WhatsApp-Image-2023-09-29-at-10.12.35-AM.jpeg\",\"datePublished\":\"2023-09-29T23:19:21+00:00\",\"dateModified\":\"2023-09-29T23:19:38+00:00\",\"breadcrumb\":{\"@id\":\"https:\\\/\\\/fuentesfidedignas.com.mx\\\/index.php\\\/2023\\\/09\\\/29\\\/junta-de-asistencia-privada-sinaloa-anuncia-rifa-de-la-filantropia-2023\\\/#breadcrumb\"},\"inLanguage\":\"es\",\"potentialAction\":[{\"@type\":\"ReadAction\",\"target\":[\"https:\\\/\\\/fuentesfidedignas.com.mx\\\/index.php\\\/2023\\\/09\\\/29\\\/junta-de-asistencia-privada-sinaloa-anuncia-rifa-de-la-filantropia-2023\\\/\"]}]},{\"@type\":\"ImageObject\",\"inLanguage\":\"es\",\"@id\":\"https:\\\/\\\/fuentesfidedignas.com.mx\\\/index.php\\\/2023\\\/09\\\/29\\\/junta-de-asistencia-privada-sinaloa-anuncia-rifa-de-la-filantropia-2023\\\/#primaryimage\",\"url\":\"https:\\\/\\\/fuentesfidedignas.com.mx\\\/wp-content\\\/uploads\\\/2023\\\/09\\\/WhatsApp-Image-2023-09-29-at-10.12.35-AM.jpeg\",\"contentUrl\":\"https:\\\/\\\/fuentesfidedignas.com.mx\\\/wp-content\\\/uploads\\\/2023\\\/09\\\/WhatsApp-Image-2023-09-29-at-10.12.35-AM.jpeg\",\"width\":1280,\"height\":960},{\"@type\":\"BreadcrumbList\",\"@id\":\"https:\\\/\\\/fuentesfidedignas.com.mx\\\/index.php\\\/2023\\\/09\\\/29\\\/junta-de-asistencia-privada-sinaloa-anuncia-rifa-de-la-filantropia-2023\\\/#breadcrumb\",\"itemListElement\":[{\"@type\":\"ListItem\",\"position\":1,\"name\":\"Inicio\",\"item\":\"https:\\\/\\\/fuentesfidedignas.com.mx\\\/\"},{\"@type\":\"ListItem\",\"position\":2,\"name\":\"Junta de Asistencia Privada Sinaloa anuncia \u201cRifa de la Filantrop\u00eda 2023\u201d.\"}]},{\"@type\":\"WebSite\",\"@id\":\"https:\\\/\\\/fuentesfidedignas.com.mx\\\/#website\",\"url\":\"https:\\\/\\\/fuentesfidedignas.com.mx\\\/\",\"name\":\"Fuentes Fidedignas\",\"description\":\"Otro sitio realizado con WordPress\",\"publisher\":{\"@id\":\"https:\\\/\\\/fuentesfidedignas.com.mx\\\/#organization\"},\"potentialAction\":[{\"@type\":\"SearchAction\",\"target\":{\"@type\":\"EntryPoint\",\"urlTemplate\":\"https:\\\/\\\/fuentesfidedignas.com.mx\\\/?s={search_term_string}\"},\"query-input\":{\"@type\":\"PropertyValueSpecification\",\"valueRequired\":true,\"valueName\":\"search_term_string\"}}],\"inLanguage\":\"es\"},{\"@type\":\"Organization\",\"@id\":\"https:\\\/\\\/fuentesfidedignas.com.mx\\\/#organization\",\"name\":\"Fuentes Fidedignas\",\"url\":\"https:\\\/\\\/fuentesfidedignas.com.mx\\\/\",\"logo\":{\"@type\":\"ImageObject\",\"inLanguage\":\"es\",\"@id\":\"https:\\\/\\\/fuentesfidedignas.com.mx\\\/#\\\/schema\\\/logo\\\/image\\\/\",\"url\":\"https:\\\/\\\/fuentesfidedignas.com.mx\\\/wp-content\\\/uploads\\\/2021\\\/04\\\/logo-retina.png\",\"contentUrl\":\"https:\\\/\\\/fuentesfidedignas.com.mx\\\/wp-content\\\/uploads\\\/2021\\\/04\\\/logo-retina.png\",\"width\":280,\"height\":51,\"caption\":\"Fuentes Fidedignas\"},\"image\":{\"@id\":\"https:\\\/\\\/fuentesfidedignas.com.mx\\\/#\\\/schema\\\/logo\\\/image\\\/\"},\"sameAs\":[\"https:\\\/\\\/www.facebook.com\\\/Fuentes-Fidedignas-368234489921644\",\"https:\\\/\\\/x.com\\\/fidedignas\"]},{\"@type\":\"Person\",\"@id\":\"https:\\\/\\\/fuentesfidedignas.com.mx\\\/#\\\/schema\\\/person\\\/331be9283d37198e2acd5750279085b0\",\"name\":\"Redacci\u00f3n\",\"image\":{\"@type\":\"ImageObject\",\"inLanguage\":\"es\",\"@id\":\"https:\\\/\\\/secure.gravatar.com\\\/avatar\\\/f6d8782c11d12b2d4ad3fbb6931aeab5309937a4d6cd2fc9cfaa28a6396a5aec?s=96&d=mm&r=g\",\"url\":\"https:\\\/\\\/secure.gravatar.com\\\/avatar\\\/f6d8782c11d12b2d4ad3fbb6931aeab5309937a4d6cd2fc9cfaa28a6396a5aec?s=96&d=mm&r=g\",\"contentUrl\":\"https:\\\/\\\/secure.gravatar.com\\\/avatar\\\/f6d8782c11d12b2d4ad3fbb6931aeab5309937a4d6cd2fc9cfaa28a6396a5aec?s=96&d=mm&r=g\",\"caption\":\"Redacci\u00f3n\"},\"url\":\"https:\\\/\\\/fuentesfidedignas.com.mx\\\/index.php\\\/author\\\/redaccion\\\/\"}]}<\/script>\n<!-- \/ Yoast SEO plugin. -->","yoast_head_json":{"title":"Junta de Asistencia Privada Sinaloa anuncia \u201cRifa de la Filantrop\u00eda 2023\u201d. - Fuentes Fidedignas","robots":{"index":"index","follow":"follow","max-snippet":"max-snippet:-1","max-image-preview":"max-image-preview:large","max-video-preview":"max-video-preview:-1"},"canonical":"https:\/\/fuentesfidedignas.com.mx\/index.php\/2023\/09\/29\/junta-de-asistencia-privada-sinaloa-anuncia-rifa-de-la-filantropia-2023\/","og_locale":"es_MX","og_type":"article","og_title":"Junta de Asistencia Privada Sinaloa anuncia \u201cRifa de la Filantrop\u00eda 2023\u201d. - Fuentes Fidedignas","og_description":"Los premios a rifarse son 5 autom\u00f3viles Nissan; 10 pantallas de 55 pulgadas y 5 laptops Culiac\u00e1n, Sin.- La Junta de Asistencia Privada del Estado de Sinaloa (JAP), anunci\u00f3 la \u201cRifa de la Filantrop\u00eda 2023\u201d, que tiene como prop\u00f3sito apoyar a las instituciones de Asistencia Privada (IAP) en sus gastos operativos y as\u00ed poder llegar [&hellip;]","og_url":"https:\/\/fuentesfidedignas.com.mx\/index.php\/2023\/09\/29\/junta-de-asistencia-privada-sinaloa-anuncia-rifa-de-la-filantropia-2023\/","og_site_name":"Fuentes Fidedignas","article_publisher":"https:\/\/www.facebook.com\/Fuentes-Fidedignas-368234489921644","article_published_time":"2023-09-29T23:19:21+00:00","article_modified_time":"2023-09-29T23:19:38+00:00","og_image":[{"width":1280,"height":960,"url":"https:\/\/fuentesfidedignas.com.mx\/wp-content\/uploads\/2023\/09\/WhatsApp-Image-2023-09-29-at-10.12.35-AM.jpeg","type":"image\/jpeg"}],"author":"Redacci\u00f3n","twitter_card":"summary_large_image","twitter_creator":"@fidedignas","twitter_site":"@fidedignas","twitter_misc":{"Escrito por":"Redacci\u00f3n","Tiempo de lectura":"3 minutos"},"schema":{"@context":"https:\/\/schema.org","@graph":[{"@type":"Article","@id":"https:\/\/fuentesfidedignas.com.mx\/index.php\/2023\/09\/29\/junta-de-asistencia-privada-sinaloa-anuncia-rifa-de-la-filantropia-2023\/#article","isPartOf":{"@id":"https:\/\/fuentesfidedignas.com.mx\/index.php\/2023\/09\/29\/junta-de-asistencia-privada-sinaloa-anuncia-rifa-de-la-filantropia-2023\/"},"author":{"name":"Redacci\u00f3n","@id":"https:\/\/fuentesfidedignas.com.mx\/#\/schema\/person\/331be9283d37198e2acd5750279085b0"},"headline":"Junta de Asistencia Privada Sinaloa anuncia \u201cRifa de la Filantrop\u00eda 2023\u201d.","datePublished":"2023-09-29T23:19:21+00:00","dateModified":"2023-09-29T23:19:38+00:00","mainEntityOfPage":{"@id":"https:\/\/fuentesfidedignas.com.mx\/index.php\/2023\/09\/29\/junta-de-asistencia-privada-sinaloa-anuncia-rifa-de-la-filantropia-2023\/"},"wordCount":505,"commentCount":0,"publisher":{"@id":"https:\/\/fuentesfidedignas.com.mx\/#organization"},"image":{"@id":"https:\/\/fuentesfidedignas.com.mx\/index.php\/2023\/09\/29\/junta-de-asistencia-privada-sinaloa-anuncia-rifa-de-la-filantropia-2023\/#primaryimage"},"thumbnailUrl":"https:\/\/fuentesfidedignas.com.mx\/wp-content\/uploads\/2023\/09\/WhatsApp-Image-2023-09-29-at-10.12.35-AM.jpeg","inLanguage":"es","potentialAction":[{"@type":"CommentAction","name":"Comment","target":["https:\/\/fuentesfidedignas.com.mx\/index.php\/2023\/09\/29\/junta-de-asistencia-privada-sinaloa-anuncia-rifa-de-la-filantropia-2023\/#respond"]}]},{"@type":"WebPage","@id":"https:\/\/fuentesfidedignas.com.mx\/index.php\/2023\/09\/29\/junta-de-asistencia-privada-sinaloa-anuncia-rifa-de-la-filantropia-2023\/","url":"https:\/\/fuentesfidedignas.com.mx\/index.php\/2023\/09\/29\/junta-de-asistencia-privada-sinaloa-anuncia-rifa-de-la-filantropia-2023\/","name":"Junta de Asistencia Privada Sinaloa anuncia \u201cRifa de la Filantrop\u00eda 2023\u201d. - Fuentes Fidedignas","isPartOf":{"@id":"https:\/\/fuentesfidedignas.com.mx\/#website"},"primaryImageOfPage":{"@id":"https:\/\/fuentesfidedignas.com.mx\/index.php\/2023\/09\/29\/junta-de-asistencia-privada-sinaloa-anuncia-rifa-de-la-filantropia-2023\/#primaryimage"},"image":{"@id":"https:\/\/fuentesfidedignas.com.mx\/index.php\/2023\/09\/29\/junta-de-asistencia-privada-sinaloa-anuncia-rifa-de-la-filantropia-2023\/#primaryimage"},"thumbnailUrl":"https:\/\/fuentesfidedignas.com.mx\/wp-content\/uploads\/2023\/09\/WhatsApp-Image-2023-09-29-at-10.12.35-AM.jpeg","datePublished":"2023-09-29T23:19:21+00:00","dateModified":"2023-09-29T23:19:38+00:00","breadcrumb":{"@id":"https:\/\/fuentesfidedignas.com.mx\/index.php\/2023\/09\/29\/junta-de-asistencia-privada-sinaloa-anuncia-rifa-de-la-filantropia-2023\/#breadcrumb"},"inLanguage":"es","potentialAction":[{"@type":"ReadAction","target":["https:\/\/fuentesfidedignas.com.mx\/index.php\/2023\/09\/29\/junta-de-asistencia-privada-sinaloa-anuncia-rifa-de-la-filantropia-2023\/"]}]},{"@type":"ImageObject","inLanguage":"es","@id":"https:\/\/fuentesfidedignas.com.mx\/index.php\/2023\/09\/29\/junta-de-asistencia-privada-sinaloa-anuncia-rifa-de-la-filantropia-2023\/#primaryimage","url":"https:\/\/fuentesfidedignas.com.mx\/wp-content\/uploads\/2023\/09\/WhatsApp-Image-2023-09-29-at-10.12.35-AM.jpeg","contentUrl":"https:\/\/fuentesfidedignas.com.mx\/wp-content\/uploads\/2023\/09\/WhatsApp-Image-2023-09-29-at-10.12.35-AM.jpeg","width":1280,"height":960},{"@type":"BreadcrumbList","@id":"https:\/\/fuentesfidedignas.com.mx\/index.php\/2023\/09\/29\/junta-de-asistencia-privada-sinaloa-anuncia-rifa-de-la-filantropia-2023\/#breadcrumb","itemListElement":[{"@type":"ListItem","position":1,"name":"Inicio","item":"https:\/\/fuentesfidedignas.com.mx\/"},{"@type":"ListItem","position":2,"name":"Junta de Asistencia Privada Sinaloa anuncia \u201cRifa de la Filantrop\u00eda 2023\u201d."}]},{"@type":"WebSite","@id":"https:\/\/fuentesfidedignas.com.mx\/#website","url":"https:\/\/fuentesfidedignas.com.mx\/","name":"Fuentes Fidedignas","description":"Otro sitio realizado con WordPress","publisher":{"@id":"https:\/\/fuentesfidedignas.com.mx\/#organization"},"potentialAction":[{"@type":"SearchAction","target":{"@type":"EntryPoint","urlTemplate":"https:\/\/fuentesfidedignas.com.mx\/?s={search_term_string}"},"query-input":{"@type":"PropertyValueSpecification","valueRequired":true,"valueName":"search_term_string"}}],"inLanguage":"es"},{"@type":"Organization","@id":"https:\/\/fuentesfidedignas.com.mx\/#organization","name":"Fuentes Fidedignas","url":"https:\/\/fuentesfidedignas.com.mx\/","logo":{"@type":"ImageObject","inLanguage":"es","@id":"https:\/\/fuentesfidedignas.com.mx\/#\/schema\/logo\/image\/","url":"https:\/\/fuentesfidedignas.com.mx\/wp-content\/uploads\/2021\/04\/logo-retina.png","contentUrl":"https:\/\/fuentesfidedignas.com.mx\/wp-content\/uploads\/2021\/04\/logo-retina.png","width":280,"height":51,"caption":"Fuentes Fidedignas"},"image":{"@id":"https:\/\/fuentesfidedignas.com.mx\/#\/schema\/logo\/image\/"},"sameAs":["https:\/\/www.facebook.com\/Fuentes-Fidedignas-368234489921644","https:\/\/x.com\/fidedignas"]},{"@type":"Person","@id":"https:\/\/fuentesfidedignas.com.mx\/#\/schema\/person\/331be9283d37198e2acd5750279085b0","name":"Redacci\u00f3n","image":{"@type":"ImageObject","inLanguage":"es","@id":"https:\/\/secure.gravatar.com\/avatar\/f6d8782c11d12b2d4ad3fbb6931aeab5309937a4d6cd2fc9cfaa28a6396a5aec?s=96&d=mm&r=g","url":"https:\/\/secure.gravatar.com\/avatar\/f6d8782c11d12b2d4ad3fbb6931aeab5309937a4d6cd2fc9cfaa28a6396a5aec?s=96&d=mm&r=g","contentUrl":"https:\/\/secure.gravatar.com\/avatar\/f6d8782c11d12b2d4ad3fbb6931aeab5309937a4d6cd2fc9cfaa28a6396a5aec?s=96&d=mm&r=g","caption":"Redacci\u00f3n"},"url":"https:\/\/fuentesfidedignas.com.mx\/index.php\/author\/redaccion\/"}]}},"_links":{"self":[{"href":"https:\/\/fuentesfidedignas.com.mx\/index.php\/wp-json\/wp\/v2\/posts\/60805","targetHints":{"allow":["GET"]}}],"collection":[{"href":"https:\/\/fuentesfidedignas.com.mx\/index.php\/wp-json\/wp\/v2\/posts"}],"about":[{"href":"https:\/\/fuentesfidedignas.com.mx\/index.php\/wp-json\/wp\/v2\/types\/post"}],"author":[{"embeddable":true,"href":"https:\/\/fuentesfidedignas.com.mx\/index.php\/wp-json\/wp\/v2\/users\/4"}],"replies":[{"embeddable":true,"href":"https:\/\/fuentesfidedignas.com.mx\/index.php\/wp-json\/wp\/v2\/comments?post=60805"}],"version-history":[{"count":1,"href":"https:\/\/fuentesfidedignas.com.mx\/index.php\/wp-json\/wp\/v2\/posts\/60805\/revisions"}],"predecessor-version":[{"id":60807,"href":"https:\/\/fuentesfidedignas.com.mx\/index.php\/wp-json\/wp\/v2\/posts\/60805\/revisions\/60807"}],"wp:featuredmedia":[{"embeddable":true,"href":"https:\/\/fuentesfidedignas.com.mx\/index.php\/wp-json\/wp\/v2\/media\/60806"}],"wp:attachment":[{"href":"https:\/\/fuentesfidedignas.com.mx\/index.php\/wp-json\/wp\/v2\/media?parent=60805"}],"wp:term":[{"taxonomy":"category","embeddable":true,"href":"https:\/\/fuentesfidedignas.com.mx\/index.php\/wp-json\/wp\/v2\/categories?post=60805"},{"taxonomy":"post_tag","embeddable":true,"href":"https:\/\/fuentesfidedignas.com.mx\/index.php\/wp-json\/wp\/v2\/tags?post=60805"}],"curies":[{"name":"wp","href":"https:\/\/api.w.org\/{rel}","templated":true}]}}