{"id":60799,"date":"2023-09-29T16:08:31","date_gmt":"2023-09-29T23:08:31","guid":{"rendered":"https:\/\/fuentesfidedignas.com.mx\/?p=60799"},"modified":"2023-09-29T16:08:48","modified_gmt":"2023-09-29T23:08:48","slug":"realizan-la-decimo-tercer-entrega-del-premio-nino-o-nina-cronista-de-culiacan","status":"publish","type":"post","link":"https:\/\/fuentesfidedignas.com.mx\/index.php\/2023\/09\/29\/realizan-la-decimo-tercer-entrega-del-premio-nino-o-nina-cronista-de-culiacan\/","title":{"rendered":"Realizan la d\u00e9cimo tercer Entrega del Premio &#8220;Ni\u00f1o o Ni\u00f1a Cronista de Culiac\u00e1n&#8221;"},"content":{"rendered":"\n<p><strong><em>Un total de 143 trabajos participaron en esta edici\u00f3n del concurso, en la que los j\u00f3venes cronistas plasmaron sus visiones y experiencias sobre la ciudad que los vio crecer.<\/em><\/strong><\/p>\n\n\n\n<p>Culiac\u00e1n, Sin.- En el marco de la celebraci\u00f3n del 492 Aniversario de la Ciudad, se llev\u00f3 a cabo la d\u00e9cimo tercera entrega del Premio &#8220;Ni\u00f1o o Ni\u00f1a Cronista de Culiac\u00e1n&#8221;, concurso que tiene como lema &#8220;No se puede querer lo que no se conoce&#8221;, y que reuni\u00f3 a j\u00f3venes talentos literarios que demostraron su pasi\u00f3n por la escritura y el deseo de dar a conocer la riqueza cultural de Culiac\u00e1n.<\/p>\n\n\n\n<p>Un total de 143 trabajos participaron en esta edici\u00f3n del concurso, en la que los j\u00f3venes cronistas plasmaron sus visiones y experiencias sobre la ciudad que los vio crecer.<\/p>\n\n\n\n<p>Tras un riguroso proceso de deliberaci\u00f3n por parte del jurado calificador, se seleccionaron a los 10 mejores relatos, destacando la calidad, creatividad y originalidad de todos ellos.<\/p>\n\n\n\n<p>Los ganadores de la d\u00e9cimo tercera edici\u00f3n del Premio &#8220;Ni\u00f1o o Ni\u00f1a Cronista de Culiac\u00e1n&#8221; son los siguientes: Aldo Emmanuel Uriarte Cruz, Abram Isaac Osuna Ureta, Andrea Garc\u00eda L\u00f3pez, Jes\u00fas Emmanuel V\u00e1squez M\u00e9ndez, Carolina Cabrera Dur\u00e1n, Eduardo Hip\u00f3lito Bon Ponce, Sidney Iveth Rojas L\u00f3pez, Dylan Garc\u00eda Arana y Domenica Gonz\u00e1lez C\u00e1rdenas.<\/p>\n\n\n\n<p>Sin embargo, la ganadora indiscutible de esta edici\u00f3n fue Milagros Guadalupe Pineda Bernal, alumna de sexto grado de la escuela primaria L\u00e1zaro C\u00e1rdenas, con su cr\u00f3nica titulada &#8220;Un viaje de ensue\u00f1o&#8221;.<\/p>\n\n\n\n<p>Durante la ceremonia de premiaci\u00f3n, Milagros agradeci\u00f3 al alcalde Juan de Dios G\u00e1mez Mend\u00edvil, por la realizaci\u00f3n de este concurso, resaltando la importancia de fomentar la escritura y el conocimiento de la ciudad entre los j\u00f3venes.<\/p>\n\n\n\n<p>Estuvieron presentes durante la ceremonia el director de Educaci\u00f3n Municipal Francisco Villa F\u00e9lix; la secretaria de Bienestar, Aline Krystabel Guerra Garc\u00eda; el presidente de la Comisi\u00f3n de Educaci\u00f3n, regidor Oscar Manuel Uribe Padilla; la presidenta de la Comisi\u00f3n de Acci\u00f3n Social y Cultural, regidora Elda Amor L\u00f3pez C\u00e1rdenas; el cronista de la ciudad, Francisco Padilla Beltr\u00e1n; y el director del Instituto Municipal de Cultura Culiac\u00e1n, Adolfo Plata Guzm\u00e1n.<\/p>\n","protected":false},"excerpt":{"rendered":"<p>Un total de 143 trabajos participaron en esta edici\u00f3n del concurso, en la que los j\u00f3venes cronistas plasmaron sus visiones y experiencias sobre la ciudad que los vio crecer. Culiac\u00e1n, Sin.- En el marco de la celebraci\u00f3n del 492 Aniversario de la Ciudad, se llev\u00f3 a cabo la d\u00e9cimo tercera entrega del Premio &#8220;Ni\u00f1o o [&hellip;]<\/p>\n","protected":false},"author":4,"featured_media":60800,"comment_status":"open","ping_status":"open","sticky":false,"template":"","format":"standard","meta":{"tdm_status":"","tdm_grid_status":"","footnotes":""},"categories":[1],"tags":[],"class_list":{"0":"post-60799","1":"post","2":"type-post","3":"status-publish","4":"format-standard","5":"has-post-thumbnail","7":"category-sin-categoria"},"yoast_head":"<!-- This site is optimized with the Yoast SEO plugin v27.5 - https:\/\/yoast.com\/product\/yoast-seo-wordpress\/ -->\n<title>Realizan la d\u00e9cimo tercer Entrega del Premio &quot;Ni\u00f1o o Ni\u00f1a Cronista de Culiac\u00e1n&quot; - Fuentes Fidedignas<\/title>\n<meta name=\"robots\" content=\"index, follow, max-snippet:-1, max-image-preview:large, max-video-preview:-1\" \/>\n<link rel=\"canonical\" href=\"https:\/\/fuentesfidedignas.com.mx\/index.php\/2023\/09\/29\/realizan-la-decimo-tercer-entrega-del-premio-nino-o-nina-cronista-de-culiacan\/\" \/>\n<meta property=\"og:locale\" content=\"es_MX\" \/>\n<meta property=\"og:type\" content=\"article\" \/>\n<meta property=\"og:title\" content=\"Realizan la d\u00e9cimo tercer Entrega del Premio &quot;Ni\u00f1o o Ni\u00f1a Cronista de Culiac\u00e1n&quot; - Fuentes Fidedignas\" \/>\n<meta property=\"og:description\" content=\"Un total de 143 trabajos participaron en esta edici\u00f3n del concurso, en la que los j\u00f3venes cronistas plasmaron sus visiones y experiencias sobre la ciudad que los vio crecer. Culiac\u00e1n, Sin.- En el marco de la celebraci\u00f3n del 492 Aniversario de la Ciudad, se llev\u00f3 a cabo la d\u00e9cimo tercera entrega del Premio &#8220;Ni\u00f1o o [&hellip;]\" \/>\n<meta property=\"og:url\" content=\"https:\/\/fuentesfidedignas.com.mx\/index.php\/2023\/09\/29\/realizan-la-decimo-tercer-entrega-del-premio-nino-o-nina-cronista-de-culiacan\/\" \/>\n<meta property=\"og:site_name\" content=\"Fuentes Fidedignas\" \/>\n<meta property=\"article:publisher\" content=\"https:\/\/www.facebook.com\/Fuentes-Fidedignas-368234489921644\" \/>\n<meta property=\"article:published_time\" content=\"2023-09-29T23:08:31+00:00\" \/>\n<meta property=\"article:modified_time\" content=\"2023-09-29T23:08:48+00:00\" \/>\n<meta property=\"og:image\" content=\"https:\/\/fuentesfidedignas.com.mx\/wp-content\/uploads\/2023\/09\/WhatsApp-Image-2023-09-29-at-1.49.58-PM.jpeg\" \/>\n\t<meta property=\"og:image:width\" content=\"1600\" \/>\n\t<meta property=\"og:image:height\" content=\"960\" \/>\n\t<meta property=\"og:image:type\" content=\"image\/jpeg\" \/>\n<meta name=\"author\" content=\"Redacci\u00f3n\" \/>\n<meta name=\"twitter:card\" content=\"summary_large_image\" \/>\n<meta name=\"twitter:creator\" content=\"@fidedignas\" \/>\n<meta name=\"twitter:site\" content=\"@fidedignas\" \/>\n<meta name=\"twitter:label1\" content=\"Escrito por\" \/>\n\t<meta name=\"twitter:data1\" content=\"Redacci\u00f3n\" \/>\n\t<meta name=\"twitter:label2\" content=\"Tiempo de lectura\" \/>\n\t<meta name=\"twitter:data2\" content=\"2 minutos\" \/>\n<script type=\"application\/ld+json\" class=\"yoast-schema-graph\">{\"@context\":\"https:\\\/\\\/schema.org\",\"@graph\":[{\"@type\":\"Article\",\"@id\":\"https:\\\/\\\/fuentesfidedignas.com.mx\\\/index.php\\\/2023\\\/09\\\/29\\\/realizan-la-decimo-tercer-entrega-del-premio-nino-o-nina-cronista-de-culiacan\\\/#article\",\"isPartOf\":{\"@id\":\"https:\\\/\\\/fuentesfidedignas.com.mx\\\/index.php\\\/2023\\\/09\\\/29\\\/realizan-la-decimo-tercer-entrega-del-premio-nino-o-nina-cronista-de-culiacan\\\/\"},\"author\":{\"name\":\"Redacci\u00f3n\",\"@id\":\"https:\\\/\\\/fuentesfidedignas.com.mx\\\/#\\\/schema\\\/person\\\/331be9283d37198e2acd5750279085b0\"},\"headline\":\"Realizan la d\u00e9cimo tercer Entrega del Premio &#8220;Ni\u00f1o o Ni\u00f1a Cronista de Culiac\u00e1n&#8221;\",\"datePublished\":\"2023-09-29T23:08:31+00:00\",\"dateModified\":\"2023-09-29T23:08:48+00:00\",\"mainEntityOfPage\":{\"@id\":\"https:\\\/\\\/fuentesfidedignas.com.mx\\\/index.php\\\/2023\\\/09\\\/29\\\/realizan-la-decimo-tercer-entrega-del-premio-nino-o-nina-cronista-de-culiacan\\\/\"},\"wordCount\":407,\"commentCount\":0,\"publisher\":{\"@id\":\"https:\\\/\\\/fuentesfidedignas.com.mx\\\/#organization\"},\"image\":{\"@id\":\"https:\\\/\\\/fuentesfidedignas.com.mx\\\/index.php\\\/2023\\\/09\\\/29\\\/realizan-la-decimo-tercer-entrega-del-premio-nino-o-nina-cronista-de-culiacan\\\/#primaryimage\"},\"thumbnailUrl\":\"https:\\\/\\\/fuentesfidedignas.com.mx\\\/wp-content\\\/uploads\\\/2023\\\/09\\\/WhatsApp-Image-2023-09-29-at-1.49.58-PM.jpeg\",\"inLanguage\":\"es\",\"potentialAction\":[{\"@type\":\"CommentAction\",\"name\":\"Comment\",\"target\":[\"https:\\\/\\\/fuentesfidedignas.com.mx\\\/index.php\\\/2023\\\/09\\\/29\\\/realizan-la-decimo-tercer-entrega-del-premio-nino-o-nina-cronista-de-culiacan\\\/#respond\"]}]},{\"@type\":\"WebPage\",\"@id\":\"https:\\\/\\\/fuentesfidedignas.com.mx\\\/index.php\\\/2023\\\/09\\\/29\\\/realizan-la-decimo-tercer-entrega-del-premio-nino-o-nina-cronista-de-culiacan\\\/\",\"url\":\"https:\\\/\\\/fuentesfidedignas.com.mx\\\/index.php\\\/2023\\\/09\\\/29\\\/realizan-la-decimo-tercer-entrega-del-premio-nino-o-nina-cronista-de-culiacan\\\/\",\"name\":\"Realizan la d\u00e9cimo tercer Entrega del Premio \\\"Ni\u00f1o o Ni\u00f1a Cronista de Culiac\u00e1n\\\" - Fuentes Fidedignas\",\"isPartOf\":{\"@id\":\"https:\\\/\\\/fuentesfidedignas.com.mx\\\/#website\"},\"primaryImageOfPage\":{\"@id\":\"https:\\\/\\\/fuentesfidedignas.com.mx\\\/index.php\\\/2023\\\/09\\\/29\\\/realizan-la-decimo-tercer-entrega-del-premio-nino-o-nina-cronista-de-culiacan\\\/#primaryimage\"},\"image\":{\"@id\":\"https:\\\/\\\/fuentesfidedignas.com.mx\\\/index.php\\\/2023\\\/09\\\/29\\\/realizan-la-decimo-tercer-entrega-del-premio-nino-o-nina-cronista-de-culiacan\\\/#primaryimage\"},\"thumbnailUrl\":\"https:\\\/\\\/fuentesfidedignas.com.mx\\\/wp-content\\\/uploads\\\/2023\\\/09\\\/WhatsApp-Image-2023-09-29-at-1.49.58-PM.jpeg\",\"datePublished\":\"2023-09-29T23:08:31+00:00\",\"dateModified\":\"2023-09-29T23:08:48+00:00\",\"breadcrumb\":{\"@id\":\"https:\\\/\\\/fuentesfidedignas.com.mx\\\/index.php\\\/2023\\\/09\\\/29\\\/realizan-la-decimo-tercer-entrega-del-premio-nino-o-nina-cronista-de-culiacan\\\/#breadcrumb\"},\"inLanguage\":\"es\",\"potentialAction\":[{\"@type\":\"ReadAction\",\"target\":[\"https:\\\/\\\/fuentesfidedignas.com.mx\\\/index.php\\\/2023\\\/09\\\/29\\\/realizan-la-decimo-tercer-entrega-del-premio-nino-o-nina-cronista-de-culiacan\\\/\"]}]},{\"@type\":\"ImageObject\",\"inLanguage\":\"es\",\"@id\":\"https:\\\/\\\/fuentesfidedignas.com.mx\\\/index.php\\\/2023\\\/09\\\/29\\\/realizan-la-decimo-tercer-entrega-del-premio-nino-o-nina-cronista-de-culiacan\\\/#primaryimage\",\"url\":\"https:\\\/\\\/fuentesfidedignas.com.mx\\\/wp-content\\\/uploads\\\/2023\\\/09\\\/WhatsApp-Image-2023-09-29-at-1.49.58-PM.jpeg\",\"contentUrl\":\"https:\\\/\\\/fuentesfidedignas.com.mx\\\/wp-content\\\/uploads\\\/2023\\\/09\\\/WhatsApp-Image-2023-09-29-at-1.49.58-PM.jpeg\",\"width\":1600,\"height\":960},{\"@type\":\"BreadcrumbList\",\"@id\":\"https:\\\/\\\/fuentesfidedignas.com.mx\\\/index.php\\\/2023\\\/09\\\/29\\\/realizan-la-decimo-tercer-entrega-del-premio-nino-o-nina-cronista-de-culiacan\\\/#breadcrumb\",\"itemListElement\":[{\"@type\":\"ListItem\",\"position\":1,\"name\":\"Inicio\",\"item\":\"https:\\\/\\\/fuentesfidedignas.com.mx\\\/\"},{\"@type\":\"ListItem\",\"position\":2,\"name\":\"Realizan la d\u00e9cimo tercer Entrega del Premio &#8220;Ni\u00f1o o Ni\u00f1a Cronista de Culiac\u00e1n&#8221;\"}]},{\"@type\":\"WebSite\",\"@id\":\"https:\\\/\\\/fuentesfidedignas.com.mx\\\/#website\",\"url\":\"https:\\\/\\\/fuentesfidedignas.com.mx\\\/\",\"name\":\"Fuentes Fidedignas\",\"description\":\"Otro sitio realizado con WordPress\",\"publisher\":{\"@id\":\"https:\\\/\\\/fuentesfidedignas.com.mx\\\/#organization\"},\"potentialAction\":[{\"@type\":\"SearchAction\",\"target\":{\"@type\":\"EntryPoint\",\"urlTemplate\":\"https:\\\/\\\/fuentesfidedignas.com.mx\\\/?s={search_term_string}\"},\"query-input\":{\"@type\":\"PropertyValueSpecification\",\"valueRequired\":true,\"valueName\":\"search_term_string\"}}],\"inLanguage\":\"es\"},{\"@type\":\"Organization\",\"@id\":\"https:\\\/\\\/fuentesfidedignas.com.mx\\\/#organization\",\"name\":\"Fuentes Fidedignas\",\"url\":\"https:\\\/\\\/fuentesfidedignas.com.mx\\\/\",\"logo\":{\"@type\":\"ImageObject\",\"inLanguage\":\"es\",\"@id\":\"https:\\\/\\\/fuentesfidedignas.com.mx\\\/#\\\/schema\\\/logo\\\/image\\\/\",\"url\":\"https:\\\/\\\/fuentesfidedignas.com.mx\\\/wp-content\\\/uploads\\\/2021\\\/04\\\/logo-retina.png\",\"contentUrl\":\"https:\\\/\\\/fuentesfidedignas.com.mx\\\/wp-content\\\/uploads\\\/2021\\\/04\\\/logo-retina.png\",\"width\":280,\"height\":51,\"caption\":\"Fuentes Fidedignas\"},\"image\":{\"@id\":\"https:\\\/\\\/fuentesfidedignas.com.mx\\\/#\\\/schema\\\/logo\\\/image\\\/\"},\"sameAs\":[\"https:\\\/\\\/www.facebook.com\\\/Fuentes-Fidedignas-368234489921644\",\"https:\\\/\\\/x.com\\\/fidedignas\"]},{\"@type\":\"Person\",\"@id\":\"https:\\\/\\\/fuentesfidedignas.com.mx\\\/#\\\/schema\\\/person\\\/331be9283d37198e2acd5750279085b0\",\"name\":\"Redacci\u00f3n\",\"image\":{\"@type\":\"ImageObject\",\"inLanguage\":\"es\",\"@id\":\"https:\\\/\\\/secure.gravatar.com\\\/avatar\\\/f6d8782c11d12b2d4ad3fbb6931aeab5309937a4d6cd2fc9cfaa28a6396a5aec?s=96&d=mm&r=g\",\"url\":\"https:\\\/\\\/secure.gravatar.com\\\/avatar\\\/f6d8782c11d12b2d4ad3fbb6931aeab5309937a4d6cd2fc9cfaa28a6396a5aec?s=96&d=mm&r=g\",\"contentUrl\":\"https:\\\/\\\/secure.gravatar.com\\\/avatar\\\/f6d8782c11d12b2d4ad3fbb6931aeab5309937a4d6cd2fc9cfaa28a6396a5aec?s=96&d=mm&r=g\",\"caption\":\"Redacci\u00f3n\"},\"url\":\"https:\\\/\\\/fuentesfidedignas.com.mx\\\/index.php\\\/author\\\/redaccion\\\/\"}]}<\/script>\n<!-- \/ Yoast SEO plugin. -->","yoast_head_json":{"title":"Realizan la d\u00e9cimo tercer Entrega del Premio \"Ni\u00f1o o Ni\u00f1a Cronista de Culiac\u00e1n\" - Fuentes Fidedignas","robots":{"index":"index","follow":"follow","max-snippet":"max-snippet:-1","max-image-preview":"max-image-preview:large","max-video-preview":"max-video-preview:-1"},"canonical":"https:\/\/fuentesfidedignas.com.mx\/index.php\/2023\/09\/29\/realizan-la-decimo-tercer-entrega-del-premio-nino-o-nina-cronista-de-culiacan\/","og_locale":"es_MX","og_type":"article","og_title":"Realizan la d\u00e9cimo tercer Entrega del Premio \"Ni\u00f1o o Ni\u00f1a Cronista de Culiac\u00e1n\" - Fuentes Fidedignas","og_description":"Un total de 143 trabajos participaron en esta edici\u00f3n del concurso, en la que los j\u00f3venes cronistas plasmaron sus visiones y experiencias sobre la ciudad que los vio crecer. Culiac\u00e1n, Sin.- En el marco de la celebraci\u00f3n del 492 Aniversario de la Ciudad, se llev\u00f3 a cabo la d\u00e9cimo tercera entrega del Premio &#8220;Ni\u00f1o o [&hellip;]","og_url":"https:\/\/fuentesfidedignas.com.mx\/index.php\/2023\/09\/29\/realizan-la-decimo-tercer-entrega-del-premio-nino-o-nina-cronista-de-culiacan\/","og_site_name":"Fuentes Fidedignas","article_publisher":"https:\/\/www.facebook.com\/Fuentes-Fidedignas-368234489921644","article_published_time":"2023-09-29T23:08:31+00:00","article_modified_time":"2023-09-29T23:08:48+00:00","og_image":[{"width":1600,"height":960,"url":"https:\/\/fuentesfidedignas.com.mx\/wp-content\/uploads\/2023\/09\/WhatsApp-Image-2023-09-29-at-1.49.58-PM.jpeg","type":"image\/jpeg"}],"author":"Redacci\u00f3n","twitter_card":"summary_large_image","twitter_creator":"@fidedignas","twitter_site":"@fidedignas","twitter_misc":{"Escrito por":"Redacci\u00f3n","Tiempo de lectura":"2 minutos"},"schema":{"@context":"https:\/\/schema.org","@graph":[{"@type":"Article","@id":"https:\/\/fuentesfidedignas.com.mx\/index.php\/2023\/09\/29\/realizan-la-decimo-tercer-entrega-del-premio-nino-o-nina-cronista-de-culiacan\/#article","isPartOf":{"@id":"https:\/\/fuentesfidedignas.com.mx\/index.php\/2023\/09\/29\/realizan-la-decimo-tercer-entrega-del-premio-nino-o-nina-cronista-de-culiacan\/"},"author":{"name":"Redacci\u00f3n","@id":"https:\/\/fuentesfidedignas.com.mx\/#\/schema\/person\/331be9283d37198e2acd5750279085b0"},"headline":"Realizan la d\u00e9cimo tercer Entrega del Premio &#8220;Ni\u00f1o o Ni\u00f1a Cronista de Culiac\u00e1n&#8221;","datePublished":"2023-09-29T23:08:31+00:00","dateModified":"2023-09-29T23:08:48+00:00","mainEntityOfPage":{"@id":"https:\/\/fuentesfidedignas.com.mx\/index.php\/2023\/09\/29\/realizan-la-decimo-tercer-entrega-del-premio-nino-o-nina-cronista-de-culiacan\/"},"wordCount":407,"commentCount":0,"publisher":{"@id":"https:\/\/fuentesfidedignas.com.mx\/#organization"},"image":{"@id":"https:\/\/fuentesfidedignas.com.mx\/index.php\/2023\/09\/29\/realizan-la-decimo-tercer-entrega-del-premio-nino-o-nina-cronista-de-culiacan\/#primaryimage"},"thumbnailUrl":"https:\/\/fuentesfidedignas.com.mx\/wp-content\/uploads\/2023\/09\/WhatsApp-Image-2023-09-29-at-1.49.58-PM.jpeg","inLanguage":"es","potentialAction":[{"@type":"CommentAction","name":"Comment","target":["https:\/\/fuentesfidedignas.com.mx\/index.php\/2023\/09\/29\/realizan-la-decimo-tercer-entrega-del-premio-nino-o-nina-cronista-de-culiacan\/#respond"]}]},{"@type":"WebPage","@id":"https:\/\/fuentesfidedignas.com.mx\/index.php\/2023\/09\/29\/realizan-la-decimo-tercer-entrega-del-premio-nino-o-nina-cronista-de-culiacan\/","url":"https:\/\/fuentesfidedignas.com.mx\/index.php\/2023\/09\/29\/realizan-la-decimo-tercer-entrega-del-premio-nino-o-nina-cronista-de-culiacan\/","name":"Realizan la d\u00e9cimo tercer Entrega del Premio \"Ni\u00f1o o Ni\u00f1a Cronista de Culiac\u00e1n\" - Fuentes Fidedignas","isPartOf":{"@id":"https:\/\/fuentesfidedignas.com.mx\/#website"},"primaryImageOfPage":{"@id":"https:\/\/fuentesfidedignas.com.mx\/index.php\/2023\/09\/29\/realizan-la-decimo-tercer-entrega-del-premio-nino-o-nina-cronista-de-culiacan\/#primaryimage"},"image":{"@id":"https:\/\/fuentesfidedignas.com.mx\/index.php\/2023\/09\/29\/realizan-la-decimo-tercer-entrega-del-premio-nino-o-nina-cronista-de-culiacan\/#primaryimage"},"thumbnailUrl":"https:\/\/fuentesfidedignas.com.mx\/wp-content\/uploads\/2023\/09\/WhatsApp-Image-2023-09-29-at-1.49.58-PM.jpeg","datePublished":"2023-09-29T23:08:31+00:00","dateModified":"2023-09-29T23:08:48+00:00","breadcrumb":{"@id":"https:\/\/fuentesfidedignas.com.mx\/index.php\/2023\/09\/29\/realizan-la-decimo-tercer-entrega-del-premio-nino-o-nina-cronista-de-culiacan\/#breadcrumb"},"inLanguage":"es","potentialAction":[{"@type":"ReadAction","target":["https:\/\/fuentesfidedignas.com.mx\/index.php\/2023\/09\/29\/realizan-la-decimo-tercer-entrega-del-premio-nino-o-nina-cronista-de-culiacan\/"]}]},{"@type":"ImageObject","inLanguage":"es","@id":"https:\/\/fuentesfidedignas.com.mx\/index.php\/2023\/09\/29\/realizan-la-decimo-tercer-entrega-del-premio-nino-o-nina-cronista-de-culiacan\/#primaryimage","url":"https:\/\/fuentesfidedignas.com.mx\/wp-content\/uploads\/2023\/09\/WhatsApp-Image-2023-09-29-at-1.49.58-PM.jpeg","contentUrl":"https:\/\/fuentesfidedignas.com.mx\/wp-content\/uploads\/2023\/09\/WhatsApp-Image-2023-09-29-at-1.49.58-PM.jpeg","width":1600,"height":960},{"@type":"BreadcrumbList","@id":"https:\/\/fuentesfidedignas.com.mx\/index.php\/2023\/09\/29\/realizan-la-decimo-tercer-entrega-del-premio-nino-o-nina-cronista-de-culiacan\/#breadcrumb","itemListElement":[{"@type":"ListItem","position":1,"name":"Inicio","item":"https:\/\/fuentesfidedignas.com.mx\/"},{"@type":"ListItem","position":2,"name":"Realizan la d\u00e9cimo tercer Entrega del Premio &#8220;Ni\u00f1o o Ni\u00f1a Cronista de Culiac\u00e1n&#8221;"}]},{"@type":"WebSite","@id":"https:\/\/fuentesfidedignas.com.mx\/#website","url":"https:\/\/fuentesfidedignas.com.mx\/","name":"Fuentes Fidedignas","description":"Otro sitio realizado con WordPress","publisher":{"@id":"https:\/\/fuentesfidedignas.com.mx\/#organization"},"potentialAction":[{"@type":"SearchAction","target":{"@type":"EntryPoint","urlTemplate":"https:\/\/fuentesfidedignas.com.mx\/?s={search_term_string}"},"query-input":{"@type":"PropertyValueSpecification","valueRequired":true,"valueName":"search_term_string"}}],"inLanguage":"es"},{"@type":"Organization","@id":"https:\/\/fuentesfidedignas.com.mx\/#organization","name":"Fuentes Fidedignas","url":"https:\/\/fuentesfidedignas.com.mx\/","logo":{"@type":"ImageObject","inLanguage":"es","@id":"https:\/\/fuentesfidedignas.com.mx\/#\/schema\/logo\/image\/","url":"https:\/\/fuentesfidedignas.com.mx\/wp-content\/uploads\/2021\/04\/logo-retina.png","contentUrl":"https:\/\/fuentesfidedignas.com.mx\/wp-content\/uploads\/2021\/04\/logo-retina.png","width":280,"height":51,"caption":"Fuentes Fidedignas"},"image":{"@id":"https:\/\/fuentesfidedignas.com.mx\/#\/schema\/logo\/image\/"},"sameAs":["https:\/\/www.facebook.com\/Fuentes-Fidedignas-368234489921644","https:\/\/x.com\/fidedignas"]},{"@type":"Person","@id":"https:\/\/fuentesfidedignas.com.mx\/#\/schema\/person\/331be9283d37198e2acd5750279085b0","name":"Redacci\u00f3n","image":{"@type":"ImageObject","inLanguage":"es","@id":"https:\/\/secure.gravatar.com\/avatar\/f6d8782c11d12b2d4ad3fbb6931aeab5309937a4d6cd2fc9cfaa28a6396a5aec?s=96&d=mm&r=g","url":"https:\/\/secure.gravatar.com\/avatar\/f6d8782c11d12b2d4ad3fbb6931aeab5309937a4d6cd2fc9cfaa28a6396a5aec?s=96&d=mm&r=g","contentUrl":"https:\/\/secure.gravatar.com\/avatar\/f6d8782c11d12b2d4ad3fbb6931aeab5309937a4d6cd2fc9cfaa28a6396a5aec?s=96&d=mm&r=g","caption":"Redacci\u00f3n"},"url":"https:\/\/fuentesfidedignas.com.mx\/index.php\/author\/redaccion\/"}]}},"_links":{"self":[{"href":"https:\/\/fuentesfidedignas.com.mx\/index.php\/wp-json\/wp\/v2\/posts\/60799","targetHints":{"allow":["GET"]}}],"collection":[{"href":"https:\/\/fuentesfidedignas.com.mx\/index.php\/wp-json\/wp\/v2\/posts"}],"about":[{"href":"https:\/\/fuentesfidedignas.com.mx\/index.php\/wp-json\/wp\/v2\/types\/post"}],"author":[{"embeddable":true,"href":"https:\/\/fuentesfidedignas.com.mx\/index.php\/wp-json\/wp\/v2\/users\/4"}],"replies":[{"embeddable":true,"href":"https:\/\/fuentesfidedignas.com.mx\/index.php\/wp-json\/wp\/v2\/comments?post=60799"}],"version-history":[{"count":1,"href":"https:\/\/fuentesfidedignas.com.mx\/index.php\/wp-json\/wp\/v2\/posts\/60799\/revisions"}],"predecessor-version":[{"id":60801,"href":"https:\/\/fuentesfidedignas.com.mx\/index.php\/wp-json\/wp\/v2\/posts\/60799\/revisions\/60801"}],"wp:featuredmedia":[{"embeddable":true,"href":"https:\/\/fuentesfidedignas.com.mx\/index.php\/wp-json\/wp\/v2\/media\/60800"}],"wp:attachment":[{"href":"https:\/\/fuentesfidedignas.com.mx\/index.php\/wp-json\/wp\/v2\/media?parent=60799"}],"wp:term":[{"taxonomy":"category","embeddable":true,"href":"https:\/\/fuentesfidedignas.com.mx\/index.php\/wp-json\/wp\/v2\/categories?post=60799"},{"taxonomy":"post_tag","embeddable":true,"href":"https:\/\/fuentesfidedignas.com.mx\/index.php\/wp-json\/wp\/v2\/tags?post=60799"}],"curies":[{"name":"wp","href":"https:\/\/api.w.org\/{rel}","templated":true}]}}