{"id":6079,"date":"2021-06-27T18:05:45","date_gmt":"2021-06-28T01:05:45","guid":{"rendered":"https:\/\/fuentesfidedignas.com.mx\/?p=6079"},"modified":"2021-06-27T18:05:47","modified_gmt":"2021-06-28T01:05:47","slug":"activan-alerta-naranja-de-peligro-alto-en-nayarit-y-jalisco-por-huracan-enrique","status":"publish","type":"post","link":"https:\/\/fuentesfidedignas.com.mx\/index.php\/2021\/06\/27\/activan-alerta-naranja-de-peligro-alto-en-nayarit-y-jalisco-por-huracan-enrique\/","title":{"rendered":"Activan alerta naranja de \u201cpeligro alto\u201d en Nayarit y Jalisco por hurac\u00e1n \u2018Enrique\u2019"},"content":{"rendered":"\n<p><strong><em>Adem\u00e1s, activ\u00f3 alerta amarilla de &#8220;peligro moderado&#8221; en Colima, Nayarit y Jalisco.<\/em><\/strong><\/p>\n\n\n\n<p>Ciudad de M\u00e9xico.- La Coordinaci\u00f3n Nacional de Protecci\u00f3n Civil (CNPC) activ\u00f3 este domingo la alerta naranja de \u201cpeligro alto\u201d en el sur de Nayarit y suroeste de Jalisco por las lluvias provocadas por el hurac\u00e1n \u2018Enrique\u2019.<\/p>\n\n\n\n<p>En sus redes sociales , la CNPC recomend\u00f3 a los habitantes de estos lugares, evacuar las zonas de riesgo, y acudir a un refugio temporal si la vivienda no es segura.<\/p>\n\n\n\n<figure class=\"wp-block-embed is-type-rich is-provider-twitter wp-block-embed-twitter\"><div class=\"wp-block-embed__wrapper\">\n<blockquote class=\"twitter-tweet\" data-width=\"550\" data-dnt=\"true\"><p lang=\"es\" dir=\"ltr\">\ud83d\udea9<a href=\"https:\/\/twitter.com\/hashtag\/Bolet%C3%ADn?src=hash&amp;ref_src=twsrc%5Etfw\">#Bolet\u00edn<\/a> <a href=\"https:\/\/twitter.com\/hashtag\/SIATCT?src=hash&amp;ref_src=twsrc%5Etfw\">#SIATCT<\/a><a href=\"https:\/\/twitter.com\/hashtag\/Hurac%C3%A1n?src=hash&amp;ref_src=twsrc%5Etfw\">#Hurac\u00e1n<\/a> <a href=\"https:\/\/twitter.com\/hashtag\/Categor%C3%ADa1?src=hash&amp;ref_src=twsrc%5Etfw\">#Categor\u00eda1<\/a>\ud83c\udf00<a href=\"https:\/\/twitter.com\/hashtag\/Enrique?src=hash&amp;ref_src=twsrc%5Etfw\">#Enrique<\/a><br><br>\ud83d\udccdSe localiza a 85 km al suroeste de <a href=\"https:\/\/twitter.com\/hashtag\/Playa?src=hash&amp;ref_src=twsrc%5Etfw\">#Playa<\/a> <a href=\"https:\/\/twitter.com\/hashtag\/Perula?src=hash&amp;ref_src=twsrc%5Etfw\">#Perula<\/a>, <a href=\"https:\/\/twitter.com\/hashtag\/Jalisco?src=hash&amp;ref_src=twsrc%5Etfw\">#Jalisco<\/a> y a 155 km al sur de Cabo Corrientes, Jal.<br><br>\u26a0\ufe0fOcasiona <a href=\"https:\/\/twitter.com\/hashtag\/Lluvias?src=hash&amp;ref_src=twsrc%5Etfw\">#Lluvias<\/a> intensas a puntuales extraordinarias, <a href=\"https:\/\/twitter.com\/hashtag\/Vientos?src=hash&amp;ref_src=twsrc%5Etfw\">#Vientos<\/a> muy fuertes y <a href=\"https:\/\/twitter.com\/hashtag\/Oleaje?src=hash&amp;ref_src=twsrc%5Etfw\">#Oleaje<\/a> elevado sobre el occidente y sur\ud83c\uddf2\ud83c\uddfd <a href=\"https:\/\/t.co\/y0Gg50IvgJ\">pic.twitter.com\/y0Gg50IvgJ<\/a><\/p>&mdash; Protecci\u00f3n Civil M\u00e9xico (@CNPC_MX) <a href=\"https:\/\/twitter.com\/CNPC_MX\/status\/1409277968715812868?ref_src=twsrc%5Etfw\">June 27, 2021<\/a><\/blockquote><script async src=\"https:\/\/platform.twitter.com\/widgets.js\" charset=\"utf-8\"><\/script>\n<\/div><\/figure>\n\n\n\n<p>Tambi\u00e9n si se vive cerca un r\u00edo o laguna, vigilar el nivel del agua, y cerrar puertas y ventanas, cortar el suministro de gas y electricidad.<\/p>\n\n\n\n<p>Adem\u00e1s, activ\u00f3 alerta amarilla de \u201cpeligro moderado\u201d al centro, norte, sur y oeste de Colima; al oeste, centro y este de Nayarit, y al centro, sur y sureste de Jalisco.<\/p>\n\n\n\n<p>Por ello, sugiri\u00f3 a los habitantes de estas zonas almacenas alimentos, aguas potable y tener a la mano art\u00edculos de emergencia; guardar los documentos importantes en bolsas de pl\u00e1stico, e identificar el refugio temporal m\u00e1s cercano y la ruta para llegar r\u00e1pido.<\/p>\n\n\n\n<p>Por la ma\u00f1ana, la Comisi\u00f3n Nacional del Agua de M\u00e9xico (Conagua) dijo que durante el transcurso de la tarde del domingo y la madrugada del lunes, \u2018Enrique\u2019 tendr\u00eda la m\u00e1xima cercan\u00eda a las costas de Jalisco, y que hab\u00eda una posibilidad de que lo hiciera como un hurac\u00e1n de categor\u00eda dos.<\/p>\n","protected":false},"excerpt":{"rendered":"<p>Adem\u00e1s, activ\u00f3 alerta amarilla de &#8220;peligro moderado&#8221; en Colima, Nayarit y Jalisco. Ciudad de M\u00e9xico.- La Coordinaci\u00f3n Nacional de Protecci\u00f3n Civil (CNPC) activ\u00f3 este domingo la alerta naranja de \u201cpeligro alto\u201d en el sur de Nayarit y suroeste de Jalisco por las lluvias provocadas por el hurac\u00e1n \u2018Enrique\u2019. En sus redes sociales , la CNPC [&hellip;]<\/p>\n","protected":false},"author":5,"featured_media":6080,"comment_status":"open","ping_status":"open","sticky":false,"template":"","format":"standard","meta":{"tdm_status":"","tdm_grid_status":"","footnotes":""},"categories":[37],"tags":[994,993,353],"class_list":{"0":"post-6079","1":"post","2":"type-post","3":"status-publish","4":"format-standard","5":"has-post-thumbnail","7":"category-nota-principal","8":"tag-cnpc","9":"tag-coordinacion-nacional-de-proteccion-civil","10":"tag-huracan"},"yoast_head":"<!-- This site is optimized with the Yoast SEO plugin v27.5 - https:\/\/yoast.com\/product\/yoast-seo-wordpress\/ -->\n<title>Activan alerta naranja de \u201cpeligro alto\u201d en Nayarit y Jalisco por hurac\u00e1n \u2018Enrique\u2019 - Fuentes Fidedignas<\/title>\n<meta name=\"robots\" content=\"index, follow, max-snippet:-1, max-image-preview:large, max-video-preview:-1\" \/>\n<link rel=\"canonical\" href=\"https:\/\/fuentesfidedignas.com.mx\/index.php\/2021\/06\/27\/activan-alerta-naranja-de-peligro-alto-en-nayarit-y-jalisco-por-huracan-enrique\/\" \/>\n<meta property=\"og:locale\" content=\"es_MX\" \/>\n<meta property=\"og:type\" content=\"article\" \/>\n<meta property=\"og:title\" content=\"Activan alerta naranja de \u201cpeligro alto\u201d en Nayarit y Jalisco por hurac\u00e1n \u2018Enrique\u2019 - Fuentes Fidedignas\" \/>\n<meta property=\"og:description\" content=\"Adem\u00e1s, activ\u00f3 alerta amarilla de &#8220;peligro moderado&#8221; en Colima, Nayarit y Jalisco. Ciudad de M\u00e9xico.- La Coordinaci\u00f3n Nacional de Protecci\u00f3n Civil (CNPC) activ\u00f3 este domingo la alerta naranja de \u201cpeligro alto\u201d en el sur de Nayarit y suroeste de Jalisco por las lluvias provocadas por el hurac\u00e1n \u2018Enrique\u2019. En sus redes sociales , la CNPC [&hellip;]\" \/>\n<meta property=\"og:url\" content=\"https:\/\/fuentesfidedignas.com.mx\/index.php\/2021\/06\/27\/activan-alerta-naranja-de-peligro-alto-en-nayarit-y-jalisco-por-huracan-enrique\/\" \/>\n<meta property=\"og:site_name\" content=\"Fuentes Fidedignas\" \/>\n<meta property=\"article:publisher\" content=\"https:\/\/www.facebook.com\/Fuentes-Fidedignas-368234489921644\" \/>\n<meta property=\"article:published_time\" content=\"2021-06-28T01:05:45+00:00\" \/>\n<meta property=\"article:modified_time\" content=\"2021-06-28T01:05:47+00:00\" \/>\n<meta property=\"og:image\" content=\"https:\/\/fuentesfidedignas.com.mx\/wp-content\/uploads\/2021\/06\/lluvia-640x360-1.jpg\" \/>\n\t<meta property=\"og:image:width\" content=\"640\" \/>\n\t<meta property=\"og:image:height\" content=\"360\" \/>\n\t<meta property=\"og:image:type\" content=\"image\/jpeg\" \/>\n<meta name=\"author\" content=\"Forbes\" \/>\n<meta name=\"twitter:card\" content=\"summary_large_image\" \/>\n<meta name=\"twitter:creator\" content=\"@fidedignas\" \/>\n<meta name=\"twitter:site\" content=\"@fidedignas\" \/>\n<meta name=\"twitter:label1\" content=\"Escrito por\" \/>\n\t<meta name=\"twitter:data1\" content=\"Forbes\" \/>\n\t<meta name=\"twitter:label2\" content=\"Tiempo de lectura\" \/>\n\t<meta name=\"twitter:data2\" content=\"1 minuto\" \/>\n<script type=\"application\/ld+json\" class=\"yoast-schema-graph\">{\"@context\":\"https:\\\/\\\/schema.org\",\"@graph\":[{\"@type\":\"Article\",\"@id\":\"https:\\\/\\\/fuentesfidedignas.com.mx\\\/index.php\\\/2021\\\/06\\\/27\\\/activan-alerta-naranja-de-peligro-alto-en-nayarit-y-jalisco-por-huracan-enrique\\\/#article\",\"isPartOf\":{\"@id\":\"https:\\\/\\\/fuentesfidedignas.com.mx\\\/index.php\\\/2021\\\/06\\\/27\\\/activan-alerta-naranja-de-peligro-alto-en-nayarit-y-jalisco-por-huracan-enrique\\\/\"},\"author\":{\"name\":\"Forbes\",\"@id\":\"https:\\\/\\\/fuentesfidedignas.com.mx\\\/#\\\/schema\\\/person\\\/5623d53fe2e579d825b1679734abcc44\"},\"headline\":\"Activan alerta naranja de \u201cpeligro alto\u201d en Nayarit y Jalisco por hurac\u00e1n \u2018Enrique\u2019\",\"datePublished\":\"2021-06-28T01:05:45+00:00\",\"dateModified\":\"2021-06-28T01:05:47+00:00\",\"mainEntityOfPage\":{\"@id\":\"https:\\\/\\\/fuentesfidedignas.com.mx\\\/index.php\\\/2021\\\/06\\\/27\\\/activan-alerta-naranja-de-peligro-alto-en-nayarit-y-jalisco-por-huracan-enrique\\\/\"},\"wordCount\":269,\"commentCount\":0,\"publisher\":{\"@id\":\"https:\\\/\\\/fuentesfidedignas.com.mx\\\/#organization\"},\"image\":{\"@id\":\"https:\\\/\\\/fuentesfidedignas.com.mx\\\/index.php\\\/2021\\\/06\\\/27\\\/activan-alerta-naranja-de-peligro-alto-en-nayarit-y-jalisco-por-huracan-enrique\\\/#primaryimage\"},\"thumbnailUrl\":\"https:\\\/\\\/fuentesfidedignas.com.mx\\\/wp-content\\\/uploads\\\/2021\\\/06\\\/lluvia-640x360-1.jpg\",\"keywords\":[\"CNPC\",\"Coordinaci\u00f3n Nacional de Protecci\u00f3n Civil\",\"Hurac\u00e1n\"],\"articleSection\":[\"NOTA PRINCIPAL\"],\"inLanguage\":\"es\",\"potentialAction\":[{\"@type\":\"CommentAction\",\"name\":\"Comment\",\"target\":[\"https:\\\/\\\/fuentesfidedignas.com.mx\\\/index.php\\\/2021\\\/06\\\/27\\\/activan-alerta-naranja-de-peligro-alto-en-nayarit-y-jalisco-por-huracan-enrique\\\/#respond\"]}]},{\"@type\":\"WebPage\",\"@id\":\"https:\\\/\\\/fuentesfidedignas.com.mx\\\/index.php\\\/2021\\\/06\\\/27\\\/activan-alerta-naranja-de-peligro-alto-en-nayarit-y-jalisco-por-huracan-enrique\\\/\",\"url\":\"https:\\\/\\\/fuentesfidedignas.com.mx\\\/index.php\\\/2021\\\/06\\\/27\\\/activan-alerta-naranja-de-peligro-alto-en-nayarit-y-jalisco-por-huracan-enrique\\\/\",\"name\":\"Activan alerta naranja de \u201cpeligro alto\u201d en Nayarit y Jalisco por hurac\u00e1n \u2018Enrique\u2019 - Fuentes Fidedignas\",\"isPartOf\":{\"@id\":\"https:\\\/\\\/fuentesfidedignas.com.mx\\\/#website\"},\"primaryImageOfPage\":{\"@id\":\"https:\\\/\\\/fuentesfidedignas.com.mx\\\/index.php\\\/2021\\\/06\\\/27\\\/activan-alerta-naranja-de-peligro-alto-en-nayarit-y-jalisco-por-huracan-enrique\\\/#primaryimage\"},\"image\":{\"@id\":\"https:\\\/\\\/fuentesfidedignas.com.mx\\\/index.php\\\/2021\\\/06\\\/27\\\/activan-alerta-naranja-de-peligro-alto-en-nayarit-y-jalisco-por-huracan-enrique\\\/#primaryimage\"},\"thumbnailUrl\":\"https:\\\/\\\/fuentesfidedignas.com.mx\\\/wp-content\\\/uploads\\\/2021\\\/06\\\/lluvia-640x360-1.jpg\",\"datePublished\":\"2021-06-28T01:05:45+00:00\",\"dateModified\":\"2021-06-28T01:05:47+00:00\",\"breadcrumb\":{\"@id\":\"https:\\\/\\\/fuentesfidedignas.com.mx\\\/index.php\\\/2021\\\/06\\\/27\\\/activan-alerta-naranja-de-peligro-alto-en-nayarit-y-jalisco-por-huracan-enrique\\\/#breadcrumb\"},\"inLanguage\":\"es\",\"potentialAction\":[{\"@type\":\"ReadAction\",\"target\":[\"https:\\\/\\\/fuentesfidedignas.com.mx\\\/index.php\\\/2021\\\/06\\\/27\\\/activan-alerta-naranja-de-peligro-alto-en-nayarit-y-jalisco-por-huracan-enrique\\\/\"]}]},{\"@type\":\"ImageObject\",\"inLanguage\":\"es\",\"@id\":\"https:\\\/\\\/fuentesfidedignas.com.mx\\\/index.php\\\/2021\\\/06\\\/27\\\/activan-alerta-naranja-de-peligro-alto-en-nayarit-y-jalisco-por-huracan-enrique\\\/#primaryimage\",\"url\":\"https:\\\/\\\/fuentesfidedignas.com.mx\\\/wp-content\\\/uploads\\\/2021\\\/06\\\/lluvia-640x360-1.jpg\",\"contentUrl\":\"https:\\\/\\\/fuentesfidedignas.com.mx\\\/wp-content\\\/uploads\\\/2021\\\/06\\\/lluvia-640x360-1.jpg\",\"width\":640,\"height\":360},{\"@type\":\"BreadcrumbList\",\"@id\":\"https:\\\/\\\/fuentesfidedignas.com.mx\\\/index.php\\\/2021\\\/06\\\/27\\\/activan-alerta-naranja-de-peligro-alto-en-nayarit-y-jalisco-por-huracan-enrique\\\/#breadcrumb\",\"itemListElement\":[{\"@type\":\"ListItem\",\"position\":1,\"name\":\"Inicio\",\"item\":\"https:\\\/\\\/fuentesfidedignas.com.mx\\\/\"},{\"@type\":\"ListItem\",\"position\":2,\"name\":\"Activan alerta naranja de \u201cpeligro alto\u201d en Nayarit y Jalisco por hurac\u00e1n \u2018Enrique\u2019\"}]},{\"@type\":\"WebSite\",\"@id\":\"https:\\\/\\\/fuentesfidedignas.com.mx\\\/#website\",\"url\":\"https:\\\/\\\/fuentesfidedignas.com.mx\\\/\",\"name\":\"Fuentes Fidedignas\",\"description\":\"Otro sitio realizado con WordPress\",\"publisher\":{\"@id\":\"https:\\\/\\\/fuentesfidedignas.com.mx\\\/#organization\"},\"potentialAction\":[{\"@type\":\"SearchAction\",\"target\":{\"@type\":\"EntryPoint\",\"urlTemplate\":\"https:\\\/\\\/fuentesfidedignas.com.mx\\\/?s={search_term_string}\"},\"query-input\":{\"@type\":\"PropertyValueSpecification\",\"valueRequired\":true,\"valueName\":\"search_term_string\"}}],\"inLanguage\":\"es\"},{\"@type\":\"Organization\",\"@id\":\"https:\\\/\\\/fuentesfidedignas.com.mx\\\/#organization\",\"name\":\"Fuentes Fidedignas\",\"url\":\"https:\\\/\\\/fuentesfidedignas.com.mx\\\/\",\"logo\":{\"@type\":\"ImageObject\",\"inLanguage\":\"es\",\"@id\":\"https:\\\/\\\/fuentesfidedignas.com.mx\\\/#\\\/schema\\\/logo\\\/image\\\/\",\"url\":\"https:\\\/\\\/fuentesfidedignas.com.mx\\\/wp-content\\\/uploads\\\/2021\\\/04\\\/logo-retina.png\",\"contentUrl\":\"https:\\\/\\\/fuentesfidedignas.com.mx\\\/wp-content\\\/uploads\\\/2021\\\/04\\\/logo-retina.png\",\"width\":280,\"height\":51,\"caption\":\"Fuentes Fidedignas\"},\"image\":{\"@id\":\"https:\\\/\\\/fuentesfidedignas.com.mx\\\/#\\\/schema\\\/logo\\\/image\\\/\"},\"sameAs\":[\"https:\\\/\\\/www.facebook.com\\\/Fuentes-Fidedignas-368234489921644\",\"https:\\\/\\\/x.com\\\/fidedignas\"]},{\"@type\":\"Person\",\"@id\":\"https:\\\/\\\/fuentesfidedignas.com.mx\\\/#\\\/schema\\\/person\\\/5623d53fe2e579d825b1679734abcc44\",\"name\":\"Forbes\",\"image\":{\"@type\":\"ImageObject\",\"inLanguage\":\"es\",\"@id\":\"https:\\\/\\\/secure.gravatar.com\\\/avatar\\\/87ce3dd4e41e60c22a79c758614f01a6bc2469255fc936ec7b15efb9bb5cb66f?s=96&d=mm&r=g\",\"url\":\"https:\\\/\\\/secure.gravatar.com\\\/avatar\\\/87ce3dd4e41e60c22a79c758614f01a6bc2469255fc936ec7b15efb9bb5cb66f?s=96&d=mm&r=g\",\"contentUrl\":\"https:\\\/\\\/secure.gravatar.com\\\/avatar\\\/87ce3dd4e41e60c22a79c758614f01a6bc2469255fc936ec7b15efb9bb5cb66f?s=96&d=mm&r=g\",\"caption\":\"Forbes\"},\"url\":\"https:\\\/\\\/fuentesfidedignas.com.mx\\\/index.php\\\/author\\\/forbes\\\/\"}]}<\/script>\n<!-- \/ Yoast SEO plugin. -->","yoast_head_json":{"title":"Activan alerta naranja de \u201cpeligro alto\u201d en Nayarit y Jalisco por hurac\u00e1n \u2018Enrique\u2019 - Fuentes Fidedignas","robots":{"index":"index","follow":"follow","max-snippet":"max-snippet:-1","max-image-preview":"max-image-preview:large","max-video-preview":"max-video-preview:-1"},"canonical":"https:\/\/fuentesfidedignas.com.mx\/index.php\/2021\/06\/27\/activan-alerta-naranja-de-peligro-alto-en-nayarit-y-jalisco-por-huracan-enrique\/","og_locale":"es_MX","og_type":"article","og_title":"Activan alerta naranja de \u201cpeligro alto\u201d en Nayarit y Jalisco por hurac\u00e1n \u2018Enrique\u2019 - Fuentes Fidedignas","og_description":"Adem\u00e1s, activ\u00f3 alerta amarilla de &#8220;peligro moderado&#8221; en Colima, Nayarit y Jalisco. Ciudad de M\u00e9xico.- La Coordinaci\u00f3n Nacional de Protecci\u00f3n Civil (CNPC) activ\u00f3 este domingo la alerta naranja de \u201cpeligro alto\u201d en el sur de Nayarit y suroeste de Jalisco por las lluvias provocadas por el hurac\u00e1n \u2018Enrique\u2019. En sus redes sociales , la CNPC [&hellip;]","og_url":"https:\/\/fuentesfidedignas.com.mx\/index.php\/2021\/06\/27\/activan-alerta-naranja-de-peligro-alto-en-nayarit-y-jalisco-por-huracan-enrique\/","og_site_name":"Fuentes Fidedignas","article_publisher":"https:\/\/www.facebook.com\/Fuentes-Fidedignas-368234489921644","article_published_time":"2021-06-28T01:05:45+00:00","article_modified_time":"2021-06-28T01:05:47+00:00","og_image":[{"width":640,"height":360,"url":"https:\/\/fuentesfidedignas.com.mx\/wp-content\/uploads\/2021\/06\/lluvia-640x360-1.jpg","type":"image\/jpeg"}],"author":"Forbes","twitter_card":"summary_large_image","twitter_creator":"@fidedignas","twitter_site":"@fidedignas","twitter_misc":{"Escrito por":"Forbes","Tiempo de lectura":"1 minuto"},"schema":{"@context":"https:\/\/schema.org","@graph":[{"@type":"Article","@id":"https:\/\/fuentesfidedignas.com.mx\/index.php\/2021\/06\/27\/activan-alerta-naranja-de-peligro-alto-en-nayarit-y-jalisco-por-huracan-enrique\/#article","isPartOf":{"@id":"https:\/\/fuentesfidedignas.com.mx\/index.php\/2021\/06\/27\/activan-alerta-naranja-de-peligro-alto-en-nayarit-y-jalisco-por-huracan-enrique\/"},"author":{"name":"Forbes","@id":"https:\/\/fuentesfidedignas.com.mx\/#\/schema\/person\/5623d53fe2e579d825b1679734abcc44"},"headline":"Activan alerta naranja de \u201cpeligro alto\u201d en Nayarit y Jalisco por hurac\u00e1n \u2018Enrique\u2019","datePublished":"2021-06-28T01:05:45+00:00","dateModified":"2021-06-28T01:05:47+00:00","mainEntityOfPage":{"@id":"https:\/\/fuentesfidedignas.com.mx\/index.php\/2021\/06\/27\/activan-alerta-naranja-de-peligro-alto-en-nayarit-y-jalisco-por-huracan-enrique\/"},"wordCount":269,"commentCount":0,"publisher":{"@id":"https:\/\/fuentesfidedignas.com.mx\/#organization"},"image":{"@id":"https:\/\/fuentesfidedignas.com.mx\/index.php\/2021\/06\/27\/activan-alerta-naranja-de-peligro-alto-en-nayarit-y-jalisco-por-huracan-enrique\/#primaryimage"},"thumbnailUrl":"https:\/\/fuentesfidedignas.com.mx\/wp-content\/uploads\/2021\/06\/lluvia-640x360-1.jpg","keywords":["CNPC","Coordinaci\u00f3n Nacional de Protecci\u00f3n Civil","Hurac\u00e1n"],"articleSection":["NOTA PRINCIPAL"],"inLanguage":"es","potentialAction":[{"@type":"CommentAction","name":"Comment","target":["https:\/\/fuentesfidedignas.com.mx\/index.php\/2021\/06\/27\/activan-alerta-naranja-de-peligro-alto-en-nayarit-y-jalisco-por-huracan-enrique\/#respond"]}]},{"@type":"WebPage","@id":"https:\/\/fuentesfidedignas.com.mx\/index.php\/2021\/06\/27\/activan-alerta-naranja-de-peligro-alto-en-nayarit-y-jalisco-por-huracan-enrique\/","url":"https:\/\/fuentesfidedignas.com.mx\/index.php\/2021\/06\/27\/activan-alerta-naranja-de-peligro-alto-en-nayarit-y-jalisco-por-huracan-enrique\/","name":"Activan alerta naranja de \u201cpeligro alto\u201d en Nayarit y Jalisco por hurac\u00e1n \u2018Enrique\u2019 - Fuentes Fidedignas","isPartOf":{"@id":"https:\/\/fuentesfidedignas.com.mx\/#website"},"primaryImageOfPage":{"@id":"https:\/\/fuentesfidedignas.com.mx\/index.php\/2021\/06\/27\/activan-alerta-naranja-de-peligro-alto-en-nayarit-y-jalisco-por-huracan-enrique\/#primaryimage"},"image":{"@id":"https:\/\/fuentesfidedignas.com.mx\/index.php\/2021\/06\/27\/activan-alerta-naranja-de-peligro-alto-en-nayarit-y-jalisco-por-huracan-enrique\/#primaryimage"},"thumbnailUrl":"https:\/\/fuentesfidedignas.com.mx\/wp-content\/uploads\/2021\/06\/lluvia-640x360-1.jpg","datePublished":"2021-06-28T01:05:45+00:00","dateModified":"2021-06-28T01:05:47+00:00","breadcrumb":{"@id":"https:\/\/fuentesfidedignas.com.mx\/index.php\/2021\/06\/27\/activan-alerta-naranja-de-peligro-alto-en-nayarit-y-jalisco-por-huracan-enrique\/#breadcrumb"},"inLanguage":"es","potentialAction":[{"@type":"ReadAction","target":["https:\/\/fuentesfidedignas.com.mx\/index.php\/2021\/06\/27\/activan-alerta-naranja-de-peligro-alto-en-nayarit-y-jalisco-por-huracan-enrique\/"]}]},{"@type":"ImageObject","inLanguage":"es","@id":"https:\/\/fuentesfidedignas.com.mx\/index.php\/2021\/06\/27\/activan-alerta-naranja-de-peligro-alto-en-nayarit-y-jalisco-por-huracan-enrique\/#primaryimage","url":"https:\/\/fuentesfidedignas.com.mx\/wp-content\/uploads\/2021\/06\/lluvia-640x360-1.jpg","contentUrl":"https:\/\/fuentesfidedignas.com.mx\/wp-content\/uploads\/2021\/06\/lluvia-640x360-1.jpg","width":640,"height":360},{"@type":"BreadcrumbList","@id":"https:\/\/fuentesfidedignas.com.mx\/index.php\/2021\/06\/27\/activan-alerta-naranja-de-peligro-alto-en-nayarit-y-jalisco-por-huracan-enrique\/#breadcrumb","itemListElement":[{"@type":"ListItem","position":1,"name":"Inicio","item":"https:\/\/fuentesfidedignas.com.mx\/"},{"@type":"ListItem","position":2,"name":"Activan alerta naranja de \u201cpeligro alto\u201d en Nayarit y Jalisco por hurac\u00e1n \u2018Enrique\u2019"}]},{"@type":"WebSite","@id":"https:\/\/fuentesfidedignas.com.mx\/#website","url":"https:\/\/fuentesfidedignas.com.mx\/","name":"Fuentes Fidedignas","description":"Otro sitio realizado con WordPress","publisher":{"@id":"https:\/\/fuentesfidedignas.com.mx\/#organization"},"potentialAction":[{"@type":"SearchAction","target":{"@type":"EntryPoint","urlTemplate":"https:\/\/fuentesfidedignas.com.mx\/?s={search_term_string}"},"query-input":{"@type":"PropertyValueSpecification","valueRequired":true,"valueName":"search_term_string"}}],"inLanguage":"es"},{"@type":"Organization","@id":"https:\/\/fuentesfidedignas.com.mx\/#organization","name":"Fuentes Fidedignas","url":"https:\/\/fuentesfidedignas.com.mx\/","logo":{"@type":"ImageObject","inLanguage":"es","@id":"https:\/\/fuentesfidedignas.com.mx\/#\/schema\/logo\/image\/","url":"https:\/\/fuentesfidedignas.com.mx\/wp-content\/uploads\/2021\/04\/logo-retina.png","contentUrl":"https:\/\/fuentesfidedignas.com.mx\/wp-content\/uploads\/2021\/04\/logo-retina.png","width":280,"height":51,"caption":"Fuentes Fidedignas"},"image":{"@id":"https:\/\/fuentesfidedignas.com.mx\/#\/schema\/logo\/image\/"},"sameAs":["https:\/\/www.facebook.com\/Fuentes-Fidedignas-368234489921644","https:\/\/x.com\/fidedignas"]},{"@type":"Person","@id":"https:\/\/fuentesfidedignas.com.mx\/#\/schema\/person\/5623d53fe2e579d825b1679734abcc44","name":"Forbes","image":{"@type":"ImageObject","inLanguage":"es","@id":"https:\/\/secure.gravatar.com\/avatar\/87ce3dd4e41e60c22a79c758614f01a6bc2469255fc936ec7b15efb9bb5cb66f?s=96&d=mm&r=g","url":"https:\/\/secure.gravatar.com\/avatar\/87ce3dd4e41e60c22a79c758614f01a6bc2469255fc936ec7b15efb9bb5cb66f?s=96&d=mm&r=g","contentUrl":"https:\/\/secure.gravatar.com\/avatar\/87ce3dd4e41e60c22a79c758614f01a6bc2469255fc936ec7b15efb9bb5cb66f?s=96&d=mm&r=g","caption":"Forbes"},"url":"https:\/\/fuentesfidedignas.com.mx\/index.php\/author\/forbes\/"}]}},"_links":{"self":[{"href":"https:\/\/fuentesfidedignas.com.mx\/index.php\/wp-json\/wp\/v2\/posts\/6079","targetHints":{"allow":["GET"]}}],"collection":[{"href":"https:\/\/fuentesfidedignas.com.mx\/index.php\/wp-json\/wp\/v2\/posts"}],"about":[{"href":"https:\/\/fuentesfidedignas.com.mx\/index.php\/wp-json\/wp\/v2\/types\/post"}],"author":[{"embeddable":true,"href":"https:\/\/fuentesfidedignas.com.mx\/index.php\/wp-json\/wp\/v2\/users\/5"}],"replies":[{"embeddable":true,"href":"https:\/\/fuentesfidedignas.com.mx\/index.php\/wp-json\/wp\/v2\/comments?post=6079"}],"version-history":[{"count":1,"href":"https:\/\/fuentesfidedignas.com.mx\/index.php\/wp-json\/wp\/v2\/posts\/6079\/revisions"}],"predecessor-version":[{"id":6081,"href":"https:\/\/fuentesfidedignas.com.mx\/index.php\/wp-json\/wp\/v2\/posts\/6079\/revisions\/6081"}],"wp:featuredmedia":[{"embeddable":true,"href":"https:\/\/fuentesfidedignas.com.mx\/index.php\/wp-json\/wp\/v2\/media\/6080"}],"wp:attachment":[{"href":"https:\/\/fuentesfidedignas.com.mx\/index.php\/wp-json\/wp\/v2\/media?parent=6079"}],"wp:term":[{"taxonomy":"category","embeddable":true,"href":"https:\/\/fuentesfidedignas.com.mx\/index.php\/wp-json\/wp\/v2\/categories?post=6079"},{"taxonomy":"post_tag","embeddable":true,"href":"https:\/\/fuentesfidedignas.com.mx\/index.php\/wp-json\/wp\/v2\/tags?post=6079"}],"curies":[{"name":"wp","href":"https:\/\/api.w.org\/{rel}","templated":true}]}}