{"id":60729,"date":"2023-09-29T08:03:27","date_gmt":"2023-09-29T15:03:27","guid":{"rendered":"https:\/\/fuentesfidedignas.com.mx\/?p=60729"},"modified":"2023-09-29T08:04:02","modified_gmt":"2023-09-29T15:04:02","slug":"exige-la-ssime-justicia-por-la-muerte-de-medico-que-murio-en-fuego-cruzado-cuando-laboraba","status":"publish","type":"post","link":"https:\/\/fuentesfidedignas.com.mx\/index.php\/2023\/09\/29\/exige-la-ssime-justicia-por-la-muerte-de-medico-que-murio-en-fuego-cruzado-cuando-laboraba\/","title":{"rendered":"Exige la SSIME justicia por la muerte de m\u00e9dico que muri\u00f3 en fuego cruzado cuando laboraba"},"content":{"rendered":"\n<p><strong><em>El gremio m\u00e9dico tambi\u00e9n se pronunci\u00f3 ante la inseguridad que viven <\/em><\/strong><\/p>\n\n\n\n<p>Culiac\u00e1n, Sin.- La Sociedad Sinaloense de M\u00e9dicos Especialistas (SSIME) exigi\u00f3 a trav\u00e9s de sus redes sociales justicia a las autoridades por la muerte de Otniel &#8220;N&#8221;, quien falleci\u00f3 el d\u00eda de ayer en fuego cruzado en el interior de la cl\u00ednica m\u00e9dica donde se encontraba laborando.<\/p>\n\n\n\n<p>&#8220;EXIJIMOS justicia a las autoridades y nos PRONUNCIAMOS ante la inseguridad que vivimos la comunidad medica&#8221;, se lee en el comunicado.<\/p>\n\n\n\n<figure class=\"wp-block-image size-full\"><img decoding=\"async\" width=\"758\" height=\"747\" src=\"https:\/\/fuentesfidedignas.com.mx\/wp-content\/uploads\/2023\/09\/OTNIEL_SSMAC.jpg\" alt=\"\" class=\"wp-image-60730\" srcset=\"https:\/\/fuentesfidedignas.com.mx\/wp-content\/uploads\/2023\/09\/OTNIEL_SSMAC.jpg 758w, https:\/\/fuentesfidedignas.com.mx\/wp-content\/uploads\/2023\/09\/OTNIEL_SSMAC-300x296.jpg 300w, https:\/\/fuentesfidedignas.com.mx\/wp-content\/uploads\/2023\/09\/OTNIEL_SSMAC-696x686.jpg 696w, https:\/\/fuentesfidedignas.com.mx\/wp-content\/uploads\/2023\/09\/OTNIEL_SSMAC-426x420.jpg 426w\" sizes=\"(max-width: 758px) 100vw, 758px\" \/><\/figure>\n\n\n\n<iframe loading=\"lazy\" src=\"https:\/\/www.facebook.com\/plugins\/post.php?href=https%3A%2F%2Fwww.facebook.com%2Fssime.ac%2Fposts%2Fpfbid0JdKsaBsmMFujBuTFv1D32JM6DLGZdpoFauQZt4BhwFDFt37pbCmXfHSzFkz32RFul&#038;show_text=true&#038;width=500\" width=\"500\" height=\"645\" style=\"border:none;overflow:hidden\" scrolling=\"no\" frameborder=\"0\" allowfullscreen=\"true\" allow=\"autoplay; clipboard-write; encrypted-media; picture-in-picture; web-share\"><\/iframe>\n","protected":false},"excerpt":{"rendered":"<p>El gremio m\u00e9dico tambi\u00e9n se pronunci\u00f3 ante la inseguridad que viven Culiac\u00e1n, Sin.- La Sociedad Sinaloense de M\u00e9dicos Especialistas (SSIME) exigi\u00f3 a trav\u00e9s de sus redes sociales justicia a las autoridades por la muerte de Otniel &#8220;N&#8221;, quien falleci\u00f3 el d\u00eda de ayer en fuego cruzado en el interior de la cl\u00ednica m\u00e9dica donde se [&hellip;]<\/p>\n","protected":false},"author":4,"featured_media":60731,"comment_status":"open","ping_status":"open","sticky":false,"template":"","format":"standard","meta":{"tdm_status":"","tdm_grid_status":"","footnotes":""},"categories":[38,1],"tags":[],"class_list":{"0":"post-60729","1":"post","2":"type-post","3":"status-publish","4":"format-standard","5":"has-post-thumbnail","7":"category-noticias-locales","8":"category-sin-categoria"},"yoast_head":"<!-- This site is optimized with the Yoast SEO plugin v27.5 - https:\/\/yoast.com\/product\/yoast-seo-wordpress\/ -->\n<title>Exige la SSIME justicia por la muerte de m\u00e9dico que muri\u00f3 en fuego cruzado cuando laboraba - Fuentes Fidedignas<\/title>\n<meta name=\"robots\" content=\"index, follow, max-snippet:-1, max-image-preview:large, max-video-preview:-1\" \/>\n<link rel=\"canonical\" href=\"https:\/\/fuentesfidedignas.com.mx\/index.php\/2023\/09\/29\/exige-la-ssime-justicia-por-la-muerte-de-medico-que-murio-en-fuego-cruzado-cuando-laboraba\/\" \/>\n<meta property=\"og:locale\" content=\"es_MX\" \/>\n<meta property=\"og:type\" content=\"article\" \/>\n<meta property=\"og:title\" content=\"Exige la SSIME justicia por la muerte de m\u00e9dico que muri\u00f3 en fuego cruzado cuando laboraba - Fuentes Fidedignas\" \/>\n<meta property=\"og:description\" content=\"El gremio m\u00e9dico tambi\u00e9n se pronunci\u00f3 ante la inseguridad que viven Culiac\u00e1n, Sin.- La Sociedad Sinaloense de M\u00e9dicos Especialistas (SSIME) exigi\u00f3 a trav\u00e9s de sus redes sociales justicia a las autoridades por la muerte de Otniel &#8220;N&#8221;, quien falleci\u00f3 el d\u00eda de ayer en fuego cruzado en el interior de la cl\u00ednica m\u00e9dica donde se [&hellip;]\" \/>\n<meta property=\"og:url\" content=\"https:\/\/fuentesfidedignas.com.mx\/index.php\/2023\/09\/29\/exige-la-ssime-justicia-por-la-muerte-de-medico-que-murio-en-fuego-cruzado-cuando-laboraba\/\" \/>\n<meta property=\"og:site_name\" content=\"Fuentes Fidedignas\" \/>\n<meta property=\"article:publisher\" content=\"https:\/\/www.facebook.com\/Fuentes-Fidedignas-368234489921644\" \/>\n<meta property=\"article:published_time\" content=\"2023-09-29T15:03:27+00:00\" \/>\n<meta property=\"article:modified_time\" content=\"2023-09-29T15:04:02+00:00\" \/>\n<meta property=\"og:image\" content=\"https:\/\/fuentesfidedignas.com.mx\/wp-content\/uploads\/2023\/09\/GREMIO_MEDICO.jpg\" \/>\n\t<meta property=\"og:image:width\" content=\"1200\" \/>\n\t<meta property=\"og:image:height\" content=\"800\" \/>\n\t<meta property=\"og:image:type\" content=\"image\/jpeg\" \/>\n<meta name=\"author\" content=\"Redacci\u00f3n\" \/>\n<meta name=\"twitter:card\" content=\"summary_large_image\" \/>\n<meta name=\"twitter:creator\" content=\"@fidedignas\" \/>\n<meta name=\"twitter:site\" content=\"@fidedignas\" \/>\n<meta name=\"twitter:label1\" content=\"Escrito por\" \/>\n\t<meta name=\"twitter:data1\" content=\"Redacci\u00f3n\" \/>\n\t<meta name=\"twitter:label2\" content=\"Tiempo de lectura\" \/>\n\t<meta name=\"twitter:data2\" content=\"1 minuto\" \/>\n<script type=\"application\/ld+json\" class=\"yoast-schema-graph\">{\"@context\":\"https:\\\/\\\/schema.org\",\"@graph\":[{\"@type\":\"Article\",\"@id\":\"https:\\\/\\\/fuentesfidedignas.com.mx\\\/index.php\\\/2023\\\/09\\\/29\\\/exige-la-ssime-justicia-por-la-muerte-de-medico-que-murio-en-fuego-cruzado-cuando-laboraba\\\/#article\",\"isPartOf\":{\"@id\":\"https:\\\/\\\/fuentesfidedignas.com.mx\\\/index.php\\\/2023\\\/09\\\/29\\\/exige-la-ssime-justicia-por-la-muerte-de-medico-que-murio-en-fuego-cruzado-cuando-laboraba\\\/\"},\"author\":{\"name\":\"Redacci\u00f3n\",\"@id\":\"https:\\\/\\\/fuentesfidedignas.com.mx\\\/#\\\/schema\\\/person\\\/331be9283d37198e2acd5750279085b0\"},\"headline\":\"Exige la SSIME justicia por la muerte de m\u00e9dico que muri\u00f3 en fuego cruzado cuando laboraba\",\"datePublished\":\"2023-09-29T15:03:27+00:00\",\"dateModified\":\"2023-09-29T15:04:02+00:00\",\"mainEntityOfPage\":{\"@id\":\"https:\\\/\\\/fuentesfidedignas.com.mx\\\/index.php\\\/2023\\\/09\\\/29\\\/exige-la-ssime-justicia-por-la-muerte-de-medico-que-murio-en-fuego-cruzado-cuando-laboraba\\\/\"},\"wordCount\":104,\"commentCount\":0,\"publisher\":{\"@id\":\"https:\\\/\\\/fuentesfidedignas.com.mx\\\/#organization\"},\"image\":{\"@id\":\"https:\\\/\\\/fuentesfidedignas.com.mx\\\/index.php\\\/2023\\\/09\\\/29\\\/exige-la-ssime-justicia-por-la-muerte-de-medico-que-murio-en-fuego-cruzado-cuando-laboraba\\\/#primaryimage\"},\"thumbnailUrl\":\"https:\\\/\\\/fuentesfidedignas.com.mx\\\/wp-content\\\/uploads\\\/2023\\\/09\\\/GREMIO_MEDICO.jpg\",\"articleSection\":[\"NOTICIAS LOCALES\"],\"inLanguage\":\"es\",\"potentialAction\":[{\"@type\":\"CommentAction\",\"name\":\"Comment\",\"target\":[\"https:\\\/\\\/fuentesfidedignas.com.mx\\\/index.php\\\/2023\\\/09\\\/29\\\/exige-la-ssime-justicia-por-la-muerte-de-medico-que-murio-en-fuego-cruzado-cuando-laboraba\\\/#respond\"]}]},{\"@type\":\"WebPage\",\"@id\":\"https:\\\/\\\/fuentesfidedignas.com.mx\\\/index.php\\\/2023\\\/09\\\/29\\\/exige-la-ssime-justicia-por-la-muerte-de-medico-que-murio-en-fuego-cruzado-cuando-laboraba\\\/\",\"url\":\"https:\\\/\\\/fuentesfidedignas.com.mx\\\/index.php\\\/2023\\\/09\\\/29\\\/exige-la-ssime-justicia-por-la-muerte-de-medico-que-murio-en-fuego-cruzado-cuando-laboraba\\\/\",\"name\":\"Exige la SSIME justicia por la muerte de m\u00e9dico que muri\u00f3 en fuego cruzado cuando laboraba - Fuentes Fidedignas\",\"isPartOf\":{\"@id\":\"https:\\\/\\\/fuentesfidedignas.com.mx\\\/#website\"},\"primaryImageOfPage\":{\"@id\":\"https:\\\/\\\/fuentesfidedignas.com.mx\\\/index.php\\\/2023\\\/09\\\/29\\\/exige-la-ssime-justicia-por-la-muerte-de-medico-que-murio-en-fuego-cruzado-cuando-laboraba\\\/#primaryimage\"},\"image\":{\"@id\":\"https:\\\/\\\/fuentesfidedignas.com.mx\\\/index.php\\\/2023\\\/09\\\/29\\\/exige-la-ssime-justicia-por-la-muerte-de-medico-que-murio-en-fuego-cruzado-cuando-laboraba\\\/#primaryimage\"},\"thumbnailUrl\":\"https:\\\/\\\/fuentesfidedignas.com.mx\\\/wp-content\\\/uploads\\\/2023\\\/09\\\/GREMIO_MEDICO.jpg\",\"datePublished\":\"2023-09-29T15:03:27+00:00\",\"dateModified\":\"2023-09-29T15:04:02+00:00\",\"breadcrumb\":{\"@id\":\"https:\\\/\\\/fuentesfidedignas.com.mx\\\/index.php\\\/2023\\\/09\\\/29\\\/exige-la-ssime-justicia-por-la-muerte-de-medico-que-murio-en-fuego-cruzado-cuando-laboraba\\\/#breadcrumb\"},\"inLanguage\":\"es\",\"potentialAction\":[{\"@type\":\"ReadAction\",\"target\":[\"https:\\\/\\\/fuentesfidedignas.com.mx\\\/index.php\\\/2023\\\/09\\\/29\\\/exige-la-ssime-justicia-por-la-muerte-de-medico-que-murio-en-fuego-cruzado-cuando-laboraba\\\/\"]}]},{\"@type\":\"ImageObject\",\"inLanguage\":\"es\",\"@id\":\"https:\\\/\\\/fuentesfidedignas.com.mx\\\/index.php\\\/2023\\\/09\\\/29\\\/exige-la-ssime-justicia-por-la-muerte-de-medico-que-murio-en-fuego-cruzado-cuando-laboraba\\\/#primaryimage\",\"url\":\"https:\\\/\\\/fuentesfidedignas.com.mx\\\/wp-content\\\/uploads\\\/2023\\\/09\\\/GREMIO_MEDICO.jpg\",\"contentUrl\":\"https:\\\/\\\/fuentesfidedignas.com.mx\\\/wp-content\\\/uploads\\\/2023\\\/09\\\/GREMIO_MEDICO.jpg\",\"width\":1200,\"height\":800},{\"@type\":\"BreadcrumbList\",\"@id\":\"https:\\\/\\\/fuentesfidedignas.com.mx\\\/index.php\\\/2023\\\/09\\\/29\\\/exige-la-ssime-justicia-por-la-muerte-de-medico-que-murio-en-fuego-cruzado-cuando-laboraba\\\/#breadcrumb\",\"itemListElement\":[{\"@type\":\"ListItem\",\"position\":1,\"name\":\"Inicio\",\"item\":\"https:\\\/\\\/fuentesfidedignas.com.mx\\\/\"},{\"@type\":\"ListItem\",\"position\":2,\"name\":\"Exige la SSIME justicia por la muerte de m\u00e9dico que muri\u00f3 en fuego cruzado cuando laboraba\"}]},{\"@type\":\"WebSite\",\"@id\":\"https:\\\/\\\/fuentesfidedignas.com.mx\\\/#website\",\"url\":\"https:\\\/\\\/fuentesfidedignas.com.mx\\\/\",\"name\":\"Fuentes Fidedignas\",\"description\":\"Otro sitio realizado con WordPress\",\"publisher\":{\"@id\":\"https:\\\/\\\/fuentesfidedignas.com.mx\\\/#organization\"},\"potentialAction\":[{\"@type\":\"SearchAction\",\"target\":{\"@type\":\"EntryPoint\",\"urlTemplate\":\"https:\\\/\\\/fuentesfidedignas.com.mx\\\/?s={search_term_string}\"},\"query-input\":{\"@type\":\"PropertyValueSpecification\",\"valueRequired\":true,\"valueName\":\"search_term_string\"}}],\"inLanguage\":\"es\"},{\"@type\":\"Organization\",\"@id\":\"https:\\\/\\\/fuentesfidedignas.com.mx\\\/#organization\",\"name\":\"Fuentes Fidedignas\",\"url\":\"https:\\\/\\\/fuentesfidedignas.com.mx\\\/\",\"logo\":{\"@type\":\"ImageObject\",\"inLanguage\":\"es\",\"@id\":\"https:\\\/\\\/fuentesfidedignas.com.mx\\\/#\\\/schema\\\/logo\\\/image\\\/\",\"url\":\"https:\\\/\\\/fuentesfidedignas.com.mx\\\/wp-content\\\/uploads\\\/2021\\\/04\\\/logo-retina.png\",\"contentUrl\":\"https:\\\/\\\/fuentesfidedignas.com.mx\\\/wp-content\\\/uploads\\\/2021\\\/04\\\/logo-retina.png\",\"width\":280,\"height\":51,\"caption\":\"Fuentes Fidedignas\"},\"image\":{\"@id\":\"https:\\\/\\\/fuentesfidedignas.com.mx\\\/#\\\/schema\\\/logo\\\/image\\\/\"},\"sameAs\":[\"https:\\\/\\\/www.facebook.com\\\/Fuentes-Fidedignas-368234489921644\",\"https:\\\/\\\/x.com\\\/fidedignas\"]},{\"@type\":\"Person\",\"@id\":\"https:\\\/\\\/fuentesfidedignas.com.mx\\\/#\\\/schema\\\/person\\\/331be9283d37198e2acd5750279085b0\",\"name\":\"Redacci\u00f3n\",\"image\":{\"@type\":\"ImageObject\",\"inLanguage\":\"es\",\"@id\":\"https:\\\/\\\/secure.gravatar.com\\\/avatar\\\/f6d8782c11d12b2d4ad3fbb6931aeab5309937a4d6cd2fc9cfaa28a6396a5aec?s=96&d=mm&r=g\",\"url\":\"https:\\\/\\\/secure.gravatar.com\\\/avatar\\\/f6d8782c11d12b2d4ad3fbb6931aeab5309937a4d6cd2fc9cfaa28a6396a5aec?s=96&d=mm&r=g\",\"contentUrl\":\"https:\\\/\\\/secure.gravatar.com\\\/avatar\\\/f6d8782c11d12b2d4ad3fbb6931aeab5309937a4d6cd2fc9cfaa28a6396a5aec?s=96&d=mm&r=g\",\"caption\":\"Redacci\u00f3n\"},\"url\":\"https:\\\/\\\/fuentesfidedignas.com.mx\\\/index.php\\\/author\\\/redaccion\\\/\"}]}<\/script>\n<!-- \/ Yoast SEO plugin. -->","yoast_head_json":{"title":"Exige la SSIME justicia por la muerte de m\u00e9dico que muri\u00f3 en fuego cruzado cuando laboraba - Fuentes Fidedignas","robots":{"index":"index","follow":"follow","max-snippet":"max-snippet:-1","max-image-preview":"max-image-preview:large","max-video-preview":"max-video-preview:-1"},"canonical":"https:\/\/fuentesfidedignas.com.mx\/index.php\/2023\/09\/29\/exige-la-ssime-justicia-por-la-muerte-de-medico-que-murio-en-fuego-cruzado-cuando-laboraba\/","og_locale":"es_MX","og_type":"article","og_title":"Exige la SSIME justicia por la muerte de m\u00e9dico que muri\u00f3 en fuego cruzado cuando laboraba - Fuentes Fidedignas","og_description":"El gremio m\u00e9dico tambi\u00e9n se pronunci\u00f3 ante la inseguridad que viven Culiac\u00e1n, Sin.- La Sociedad Sinaloense de M\u00e9dicos Especialistas (SSIME) exigi\u00f3 a trav\u00e9s de sus redes sociales justicia a las autoridades por la muerte de Otniel &#8220;N&#8221;, quien falleci\u00f3 el d\u00eda de ayer en fuego cruzado en el interior de la cl\u00ednica m\u00e9dica donde se [&hellip;]","og_url":"https:\/\/fuentesfidedignas.com.mx\/index.php\/2023\/09\/29\/exige-la-ssime-justicia-por-la-muerte-de-medico-que-murio-en-fuego-cruzado-cuando-laboraba\/","og_site_name":"Fuentes Fidedignas","article_publisher":"https:\/\/www.facebook.com\/Fuentes-Fidedignas-368234489921644","article_published_time":"2023-09-29T15:03:27+00:00","article_modified_time":"2023-09-29T15:04:02+00:00","og_image":[{"width":1200,"height":800,"url":"https:\/\/fuentesfidedignas.com.mx\/wp-content\/uploads\/2023\/09\/GREMIO_MEDICO.jpg","type":"image\/jpeg"}],"author":"Redacci\u00f3n","twitter_card":"summary_large_image","twitter_creator":"@fidedignas","twitter_site":"@fidedignas","twitter_misc":{"Escrito por":"Redacci\u00f3n","Tiempo de lectura":"1 minuto"},"schema":{"@context":"https:\/\/schema.org","@graph":[{"@type":"Article","@id":"https:\/\/fuentesfidedignas.com.mx\/index.php\/2023\/09\/29\/exige-la-ssime-justicia-por-la-muerte-de-medico-que-murio-en-fuego-cruzado-cuando-laboraba\/#article","isPartOf":{"@id":"https:\/\/fuentesfidedignas.com.mx\/index.php\/2023\/09\/29\/exige-la-ssime-justicia-por-la-muerte-de-medico-que-murio-en-fuego-cruzado-cuando-laboraba\/"},"author":{"name":"Redacci\u00f3n","@id":"https:\/\/fuentesfidedignas.com.mx\/#\/schema\/person\/331be9283d37198e2acd5750279085b0"},"headline":"Exige la SSIME justicia por la muerte de m\u00e9dico que muri\u00f3 en fuego cruzado cuando laboraba","datePublished":"2023-09-29T15:03:27+00:00","dateModified":"2023-09-29T15:04:02+00:00","mainEntityOfPage":{"@id":"https:\/\/fuentesfidedignas.com.mx\/index.php\/2023\/09\/29\/exige-la-ssime-justicia-por-la-muerte-de-medico-que-murio-en-fuego-cruzado-cuando-laboraba\/"},"wordCount":104,"commentCount":0,"publisher":{"@id":"https:\/\/fuentesfidedignas.com.mx\/#organization"},"image":{"@id":"https:\/\/fuentesfidedignas.com.mx\/index.php\/2023\/09\/29\/exige-la-ssime-justicia-por-la-muerte-de-medico-que-murio-en-fuego-cruzado-cuando-laboraba\/#primaryimage"},"thumbnailUrl":"https:\/\/fuentesfidedignas.com.mx\/wp-content\/uploads\/2023\/09\/GREMIO_MEDICO.jpg","articleSection":["NOTICIAS LOCALES"],"inLanguage":"es","potentialAction":[{"@type":"CommentAction","name":"Comment","target":["https:\/\/fuentesfidedignas.com.mx\/index.php\/2023\/09\/29\/exige-la-ssime-justicia-por-la-muerte-de-medico-que-murio-en-fuego-cruzado-cuando-laboraba\/#respond"]}]},{"@type":"WebPage","@id":"https:\/\/fuentesfidedignas.com.mx\/index.php\/2023\/09\/29\/exige-la-ssime-justicia-por-la-muerte-de-medico-que-murio-en-fuego-cruzado-cuando-laboraba\/","url":"https:\/\/fuentesfidedignas.com.mx\/index.php\/2023\/09\/29\/exige-la-ssime-justicia-por-la-muerte-de-medico-que-murio-en-fuego-cruzado-cuando-laboraba\/","name":"Exige la SSIME justicia por la muerte de m\u00e9dico que muri\u00f3 en fuego cruzado cuando laboraba - Fuentes Fidedignas","isPartOf":{"@id":"https:\/\/fuentesfidedignas.com.mx\/#website"},"primaryImageOfPage":{"@id":"https:\/\/fuentesfidedignas.com.mx\/index.php\/2023\/09\/29\/exige-la-ssime-justicia-por-la-muerte-de-medico-que-murio-en-fuego-cruzado-cuando-laboraba\/#primaryimage"},"image":{"@id":"https:\/\/fuentesfidedignas.com.mx\/index.php\/2023\/09\/29\/exige-la-ssime-justicia-por-la-muerte-de-medico-que-murio-en-fuego-cruzado-cuando-laboraba\/#primaryimage"},"thumbnailUrl":"https:\/\/fuentesfidedignas.com.mx\/wp-content\/uploads\/2023\/09\/GREMIO_MEDICO.jpg","datePublished":"2023-09-29T15:03:27+00:00","dateModified":"2023-09-29T15:04:02+00:00","breadcrumb":{"@id":"https:\/\/fuentesfidedignas.com.mx\/index.php\/2023\/09\/29\/exige-la-ssime-justicia-por-la-muerte-de-medico-que-murio-en-fuego-cruzado-cuando-laboraba\/#breadcrumb"},"inLanguage":"es","potentialAction":[{"@type":"ReadAction","target":["https:\/\/fuentesfidedignas.com.mx\/index.php\/2023\/09\/29\/exige-la-ssime-justicia-por-la-muerte-de-medico-que-murio-en-fuego-cruzado-cuando-laboraba\/"]}]},{"@type":"ImageObject","inLanguage":"es","@id":"https:\/\/fuentesfidedignas.com.mx\/index.php\/2023\/09\/29\/exige-la-ssime-justicia-por-la-muerte-de-medico-que-murio-en-fuego-cruzado-cuando-laboraba\/#primaryimage","url":"https:\/\/fuentesfidedignas.com.mx\/wp-content\/uploads\/2023\/09\/GREMIO_MEDICO.jpg","contentUrl":"https:\/\/fuentesfidedignas.com.mx\/wp-content\/uploads\/2023\/09\/GREMIO_MEDICO.jpg","width":1200,"height":800},{"@type":"BreadcrumbList","@id":"https:\/\/fuentesfidedignas.com.mx\/index.php\/2023\/09\/29\/exige-la-ssime-justicia-por-la-muerte-de-medico-que-murio-en-fuego-cruzado-cuando-laboraba\/#breadcrumb","itemListElement":[{"@type":"ListItem","position":1,"name":"Inicio","item":"https:\/\/fuentesfidedignas.com.mx\/"},{"@type":"ListItem","position":2,"name":"Exige la SSIME justicia por la muerte de m\u00e9dico que muri\u00f3 en fuego cruzado cuando laboraba"}]},{"@type":"WebSite","@id":"https:\/\/fuentesfidedignas.com.mx\/#website","url":"https:\/\/fuentesfidedignas.com.mx\/","name":"Fuentes Fidedignas","description":"Otro sitio realizado con WordPress","publisher":{"@id":"https:\/\/fuentesfidedignas.com.mx\/#organization"},"potentialAction":[{"@type":"SearchAction","target":{"@type":"EntryPoint","urlTemplate":"https:\/\/fuentesfidedignas.com.mx\/?s={search_term_string}"},"query-input":{"@type":"PropertyValueSpecification","valueRequired":true,"valueName":"search_term_string"}}],"inLanguage":"es"},{"@type":"Organization","@id":"https:\/\/fuentesfidedignas.com.mx\/#organization","name":"Fuentes Fidedignas","url":"https:\/\/fuentesfidedignas.com.mx\/","logo":{"@type":"ImageObject","inLanguage":"es","@id":"https:\/\/fuentesfidedignas.com.mx\/#\/schema\/logo\/image\/","url":"https:\/\/fuentesfidedignas.com.mx\/wp-content\/uploads\/2021\/04\/logo-retina.png","contentUrl":"https:\/\/fuentesfidedignas.com.mx\/wp-content\/uploads\/2021\/04\/logo-retina.png","width":280,"height":51,"caption":"Fuentes Fidedignas"},"image":{"@id":"https:\/\/fuentesfidedignas.com.mx\/#\/schema\/logo\/image\/"},"sameAs":["https:\/\/www.facebook.com\/Fuentes-Fidedignas-368234489921644","https:\/\/x.com\/fidedignas"]},{"@type":"Person","@id":"https:\/\/fuentesfidedignas.com.mx\/#\/schema\/person\/331be9283d37198e2acd5750279085b0","name":"Redacci\u00f3n","image":{"@type":"ImageObject","inLanguage":"es","@id":"https:\/\/secure.gravatar.com\/avatar\/f6d8782c11d12b2d4ad3fbb6931aeab5309937a4d6cd2fc9cfaa28a6396a5aec?s=96&d=mm&r=g","url":"https:\/\/secure.gravatar.com\/avatar\/f6d8782c11d12b2d4ad3fbb6931aeab5309937a4d6cd2fc9cfaa28a6396a5aec?s=96&d=mm&r=g","contentUrl":"https:\/\/secure.gravatar.com\/avatar\/f6d8782c11d12b2d4ad3fbb6931aeab5309937a4d6cd2fc9cfaa28a6396a5aec?s=96&d=mm&r=g","caption":"Redacci\u00f3n"},"url":"https:\/\/fuentesfidedignas.com.mx\/index.php\/author\/redaccion\/"}]}},"_links":{"self":[{"href":"https:\/\/fuentesfidedignas.com.mx\/index.php\/wp-json\/wp\/v2\/posts\/60729","targetHints":{"allow":["GET"]}}],"collection":[{"href":"https:\/\/fuentesfidedignas.com.mx\/index.php\/wp-json\/wp\/v2\/posts"}],"about":[{"href":"https:\/\/fuentesfidedignas.com.mx\/index.php\/wp-json\/wp\/v2\/types\/post"}],"author":[{"embeddable":true,"href":"https:\/\/fuentesfidedignas.com.mx\/index.php\/wp-json\/wp\/v2\/users\/4"}],"replies":[{"embeddable":true,"href":"https:\/\/fuentesfidedignas.com.mx\/index.php\/wp-json\/wp\/v2\/comments?post=60729"}],"version-history":[{"count":1,"href":"https:\/\/fuentesfidedignas.com.mx\/index.php\/wp-json\/wp\/v2\/posts\/60729\/revisions"}],"predecessor-version":[{"id":60732,"href":"https:\/\/fuentesfidedignas.com.mx\/index.php\/wp-json\/wp\/v2\/posts\/60729\/revisions\/60732"}],"wp:featuredmedia":[{"embeddable":true,"href":"https:\/\/fuentesfidedignas.com.mx\/index.php\/wp-json\/wp\/v2\/media\/60731"}],"wp:attachment":[{"href":"https:\/\/fuentesfidedignas.com.mx\/index.php\/wp-json\/wp\/v2\/media?parent=60729"}],"wp:term":[{"taxonomy":"category","embeddable":true,"href":"https:\/\/fuentesfidedignas.com.mx\/index.php\/wp-json\/wp\/v2\/categories?post=60729"},{"taxonomy":"post_tag","embeddable":true,"href":"https:\/\/fuentesfidedignas.com.mx\/index.php\/wp-json\/wp\/v2\/tags?post=60729"}],"curies":[{"name":"wp","href":"https:\/\/api.w.org\/{rel}","templated":true}]}}