{"id":60471,"date":"2023-09-27T11:47:00","date_gmt":"2023-09-27T18:47:00","guid":{"rendered":"https:\/\/fuentesfidedignas.com.mx\/?p=60471"},"modified":"2023-09-27T11:48:40","modified_gmt":"2023-09-27T18:48:40","slug":"javier-gaxiola-anuncia-inversiones-por-300-mdd-para-comunidad-manufacturera-en-sinaloa","status":"publish","type":"post","link":"https:\/\/fuentesfidedignas.com.mx\/index.php\/2023\/09\/27\/javier-gaxiola-anuncia-inversiones-por-300-mdd-para-comunidad-manufacturera-en-sinaloa\/","title":{"rendered":"Javier Gaxiola anuncia inversiones por 300 mdd para comunidad manufacturera en Sinaloa"},"content":{"rendered":"\n<p><strong><em>Tetakawi tendr\u00e1 capacidad para albergar alrededor de 300 millones de d\u00f3lares en lo que son naves industriales con la maquinaria o rob\u00f3tica que llevan adentro<\/em><\/strong><\/p>\n\n\n\n<p>Culiac\u00e1n, Sin. Javier Gaxiola Coppel, secretario de Econom\u00eda del Gobierno de Sinaloa, anunci\u00f3 el inicio de operaciones de \u201cTetakawi\u201d, la primera comunidad manufacturera de Sinaloa que detonar\u00e1 la creaci\u00f3n de empleos en la entidad con una inversi\u00f3n que supera los 300 millones de d\u00f3lares en sus naves industriales.<\/p>\n\n\n\n<p><strong>\u201cEl desarrollo del talento va de la mano con mejor paga y mejores ingresos<\/strong>\u201d, coment\u00f3.<\/p>\n\n\n\n<p>Explic\u00f3 que esta empresa es la comunidad manufacturera m\u00e1s grande de M\u00e9xico y tiene tres d\u00e9cadas de experiencia en reclutamiento de personal, impulsando el talento mexicano para alcanzar su m\u00e1ximo potencial.<\/p>\n\n\n\n<p>\u201c<strong>Va a tener capacidad para albergar alrededor de 300 millones de d\u00f3lares en lo que son naves industriales con la maquinaria o rob\u00f3tica que llevan adentro, si es para el sector aeroespacial, si es para el sector automotriz, para el sector de dispositivos m\u00e9dicos, para el sector de electr\u00f3nica\u201d, <\/strong>afirm\u00f3.<\/p>\n\n\n\n<p>Sostuvo que en los pr\u00f3ximos a\u00f1os se tendr\u00e1 la capacidad de generar alrededor de 10 mil empleos de manufactura que traer\u00e1n consigo ingresos, prestaciones como Infonavit y centros con Guarder\u00edas y capacitaci\u00f3n, vincul\u00e1ndose con universidades.<\/p>\n\n\n\n<p>\u201c<strong>Ah\u00ed antecito de llegar al aeropuerto de Mazatl\u00e1n, porque el objetivo es llevar desarrollo de capacidades e ingresos a las comunidades del sur, de Mazatl\u00e1n<\/strong>\u201d, asever\u00f3 al subrayar que con este notable avance se cerrar\u00e1 mejor este sexenio.<\/p>\n\n\n\n<p>El Secretario de Econom\u00eda, Javier Gaxiola Coppel, apunt\u00f3 que 2024 iniciar\u00e1 en Sinaloa muy din\u00e1mico con estas inversiones de gran escala.<\/p>\n\n\n\n<p>Puntualiz\u00f3 que vienen tambi\u00e9n grandes inversiones en el norte de Sinaloa con temas de aprovechamiento del gas natural, entre otros.<\/p>\n\n\n\n<p>\u201c<strong>No olvidemos nunca la inversi\u00f3n cautiva, que es la inversi\u00f3n privada, que ya est\u00e1 por llegar a los 50 mil millones de pesos en Sinaloa<\/strong>\u201d, sostuvo<\/p>\n\n\n\n<p>\u201cQue es principalmente \u2013explic\u00f3- inversi\u00f3n en temas de bien ra\u00edz, ll\u00e1mese un local comercial, un peque\u00f1o local comercial, una plaza comercial, vivienda de todos los niveles, hoteles, torres de departamentos y de oficinas, y parques industriales\u201d.<\/p>\n\n\n\n<p>Gaxiola Coppel sostuvo que en Sinaloa se generan inversiones regionales y nacionales, al enfatizar que trabajar en el gobierno de Rub\u00e9n Rocha Moya lo tiene entusiasmado por lo que se ha logrado.<\/p>\n\n\n\n<p>\u201cHemos logrado hacer realidad ideas y tenemos logros que se han estado llevando a cabo y quisiera seguir impulsando Sinaloa\u201d, finaliz\u00f3, respondiendo as\u00ed una pregunta sobre sus aspiraciones pol\u00edticas. \u201cSeguiremos trabajando\u201d, dijo.<\/p>\n","protected":false},"excerpt":{"rendered":"<p>Tetakawi tendr\u00e1 capacidad para albergar alrededor de 300 millones de d\u00f3lares en lo que son naves industriales con la maquinaria o rob\u00f3tica que llevan adentro Culiac\u00e1n, Sin. Javier Gaxiola Coppel, secretario de Econom\u00eda del Gobierno de Sinaloa, anunci\u00f3 el inicio de operaciones de \u201cTetakawi\u201d, la primera comunidad manufacturera de Sinaloa que detonar\u00e1 la creaci\u00f3n de [&hellip;]<\/p>\n","protected":false},"author":112,"featured_media":60473,"comment_status":"open","ping_status":"open","sticky":false,"template":"","format":"standard","meta":{"tdm_status":"","tdm_grid_status":"","footnotes":""},"categories":[38,1],"tags":[],"class_list":{"0":"post-60471","1":"post","2":"type-post","3":"status-publish","4":"format-standard","5":"has-post-thumbnail","7":"category-noticias-locales","8":"category-sin-categoria"},"yoast_head":"<!-- This site is optimized with the Yoast SEO plugin v27.4 - https:\/\/yoast.com\/product\/yoast-seo-wordpress\/ -->\n<title>Javier Gaxiola anuncia inversiones por 300 mdd para comunidad manufacturera en Sinaloa - Fuentes Fidedignas<\/title>\n<meta name=\"robots\" content=\"index, follow, max-snippet:-1, max-image-preview:large, max-video-preview:-1\" \/>\n<link rel=\"canonical\" href=\"https:\/\/fuentesfidedignas.com.mx\/index.php\/2023\/09\/27\/javier-gaxiola-anuncia-inversiones-por-300-mdd-para-comunidad-manufacturera-en-sinaloa\/\" \/>\n<meta property=\"og:locale\" content=\"es_MX\" \/>\n<meta property=\"og:type\" content=\"article\" \/>\n<meta property=\"og:title\" content=\"Javier Gaxiola anuncia inversiones por 300 mdd para comunidad manufacturera en Sinaloa - Fuentes Fidedignas\" \/>\n<meta property=\"og:description\" content=\"Tetakawi tendr\u00e1 capacidad para albergar alrededor de 300 millones de d\u00f3lares en lo que son naves industriales con la maquinaria o rob\u00f3tica que llevan adentro Culiac\u00e1n, Sin. Javier Gaxiola Coppel, secretario de Econom\u00eda del Gobierno de Sinaloa, anunci\u00f3 el inicio de operaciones de \u201cTetakawi\u201d, la primera comunidad manufacturera de Sinaloa que detonar\u00e1 la creaci\u00f3n de [&hellip;]\" \/>\n<meta property=\"og:url\" content=\"https:\/\/fuentesfidedignas.com.mx\/index.php\/2023\/09\/27\/javier-gaxiola-anuncia-inversiones-por-300-mdd-para-comunidad-manufacturera-en-sinaloa\/\" \/>\n<meta property=\"og:site_name\" content=\"Fuentes Fidedignas\" \/>\n<meta property=\"article:publisher\" content=\"https:\/\/www.facebook.com\/Fuentes-Fidedignas-368234489921644\" \/>\n<meta property=\"article:published_time\" content=\"2023-09-27T18:47:00+00:00\" \/>\n<meta property=\"article:modified_time\" content=\"2023-09-27T18:48:40+00:00\" \/>\n<meta property=\"og:image\" content=\"https:\/\/fuentesfidedignas.com.mx\/wp-content\/uploads\/2023\/09\/IMG-20230927-WA0021.jpg\" \/>\n\t<meta property=\"og:image:width\" content=\"1024\" \/>\n\t<meta property=\"og:image:height\" content=\"768\" \/>\n\t<meta property=\"og:image:type\" content=\"image\/jpeg\" \/>\n<meta name=\"author\" content=\"Leonardo Gutierrez\" \/>\n<meta name=\"twitter:card\" content=\"summary_large_image\" \/>\n<meta name=\"twitter:creator\" content=\"@fidedignas\" \/>\n<meta name=\"twitter:site\" content=\"@fidedignas\" \/>\n<meta name=\"twitter:label1\" content=\"Escrito por\" \/>\n\t<meta name=\"twitter:data1\" content=\"Leonardo Gutierrez\" \/>\n\t<meta name=\"twitter:label2\" content=\"Tiempo de lectura\" \/>\n\t<meta name=\"twitter:data2\" content=\"2 minutos\" \/>\n<script type=\"application\/ld+json\" class=\"yoast-schema-graph\">{\"@context\":\"https:\\\/\\\/schema.org\",\"@graph\":[{\"@type\":\"Article\",\"@id\":\"https:\\\/\\\/fuentesfidedignas.com.mx\\\/index.php\\\/2023\\\/09\\\/27\\\/javier-gaxiola-anuncia-inversiones-por-300-mdd-para-comunidad-manufacturera-en-sinaloa\\\/#article\",\"isPartOf\":{\"@id\":\"https:\\\/\\\/fuentesfidedignas.com.mx\\\/index.php\\\/2023\\\/09\\\/27\\\/javier-gaxiola-anuncia-inversiones-por-300-mdd-para-comunidad-manufacturera-en-sinaloa\\\/\"},\"author\":{\"name\":\"Leonardo Gutierrez\",\"@id\":\"https:\\\/\\\/fuentesfidedignas.com.mx\\\/#\\\/schema\\\/person\\\/c77df25c00baae1d4fdc0340db6f364c\"},\"headline\":\"Javier Gaxiola anuncia inversiones por 300 mdd para comunidad manufacturera en Sinaloa\",\"datePublished\":\"2023-09-27T18:47:00+00:00\",\"dateModified\":\"2023-09-27T18:48:40+00:00\",\"mainEntityOfPage\":{\"@id\":\"https:\\\/\\\/fuentesfidedignas.com.mx\\\/index.php\\\/2023\\\/09\\\/27\\\/javier-gaxiola-anuncia-inversiones-por-300-mdd-para-comunidad-manufacturera-en-sinaloa\\\/\"},\"wordCount\":449,\"commentCount\":0,\"publisher\":{\"@id\":\"https:\\\/\\\/fuentesfidedignas.com.mx\\\/#organization\"},\"image\":{\"@id\":\"https:\\\/\\\/fuentesfidedignas.com.mx\\\/index.php\\\/2023\\\/09\\\/27\\\/javier-gaxiola-anuncia-inversiones-por-300-mdd-para-comunidad-manufacturera-en-sinaloa\\\/#primaryimage\"},\"thumbnailUrl\":\"https:\\\/\\\/fuentesfidedignas.com.mx\\\/wp-content\\\/uploads\\\/2023\\\/09\\\/IMG-20230927-WA0021.jpg\",\"articleSection\":[\"NOTICIAS LOCALES\"],\"inLanguage\":\"es\",\"potentialAction\":[{\"@type\":\"CommentAction\",\"name\":\"Comment\",\"target\":[\"https:\\\/\\\/fuentesfidedignas.com.mx\\\/index.php\\\/2023\\\/09\\\/27\\\/javier-gaxiola-anuncia-inversiones-por-300-mdd-para-comunidad-manufacturera-en-sinaloa\\\/#respond\"]}]},{\"@type\":\"WebPage\",\"@id\":\"https:\\\/\\\/fuentesfidedignas.com.mx\\\/index.php\\\/2023\\\/09\\\/27\\\/javier-gaxiola-anuncia-inversiones-por-300-mdd-para-comunidad-manufacturera-en-sinaloa\\\/\",\"url\":\"https:\\\/\\\/fuentesfidedignas.com.mx\\\/index.php\\\/2023\\\/09\\\/27\\\/javier-gaxiola-anuncia-inversiones-por-300-mdd-para-comunidad-manufacturera-en-sinaloa\\\/\",\"name\":\"Javier Gaxiola anuncia inversiones por 300 mdd para comunidad manufacturera en Sinaloa - Fuentes Fidedignas\",\"isPartOf\":{\"@id\":\"https:\\\/\\\/fuentesfidedignas.com.mx\\\/#website\"},\"primaryImageOfPage\":{\"@id\":\"https:\\\/\\\/fuentesfidedignas.com.mx\\\/index.php\\\/2023\\\/09\\\/27\\\/javier-gaxiola-anuncia-inversiones-por-300-mdd-para-comunidad-manufacturera-en-sinaloa\\\/#primaryimage\"},\"image\":{\"@id\":\"https:\\\/\\\/fuentesfidedignas.com.mx\\\/index.php\\\/2023\\\/09\\\/27\\\/javier-gaxiola-anuncia-inversiones-por-300-mdd-para-comunidad-manufacturera-en-sinaloa\\\/#primaryimage\"},\"thumbnailUrl\":\"https:\\\/\\\/fuentesfidedignas.com.mx\\\/wp-content\\\/uploads\\\/2023\\\/09\\\/IMG-20230927-WA0021.jpg\",\"datePublished\":\"2023-09-27T18:47:00+00:00\",\"dateModified\":\"2023-09-27T18:48:40+00:00\",\"breadcrumb\":{\"@id\":\"https:\\\/\\\/fuentesfidedignas.com.mx\\\/index.php\\\/2023\\\/09\\\/27\\\/javier-gaxiola-anuncia-inversiones-por-300-mdd-para-comunidad-manufacturera-en-sinaloa\\\/#breadcrumb\"},\"inLanguage\":\"es\",\"potentialAction\":[{\"@type\":\"ReadAction\",\"target\":[\"https:\\\/\\\/fuentesfidedignas.com.mx\\\/index.php\\\/2023\\\/09\\\/27\\\/javier-gaxiola-anuncia-inversiones-por-300-mdd-para-comunidad-manufacturera-en-sinaloa\\\/\"]}]},{\"@type\":\"ImageObject\",\"inLanguage\":\"es\",\"@id\":\"https:\\\/\\\/fuentesfidedignas.com.mx\\\/index.php\\\/2023\\\/09\\\/27\\\/javier-gaxiola-anuncia-inversiones-por-300-mdd-para-comunidad-manufacturera-en-sinaloa\\\/#primaryimage\",\"url\":\"https:\\\/\\\/fuentesfidedignas.com.mx\\\/wp-content\\\/uploads\\\/2023\\\/09\\\/IMG-20230927-WA0021.jpg\",\"contentUrl\":\"https:\\\/\\\/fuentesfidedignas.com.mx\\\/wp-content\\\/uploads\\\/2023\\\/09\\\/IMG-20230927-WA0021.jpg\",\"width\":1024,\"height\":768},{\"@type\":\"BreadcrumbList\",\"@id\":\"https:\\\/\\\/fuentesfidedignas.com.mx\\\/index.php\\\/2023\\\/09\\\/27\\\/javier-gaxiola-anuncia-inversiones-por-300-mdd-para-comunidad-manufacturera-en-sinaloa\\\/#breadcrumb\",\"itemListElement\":[{\"@type\":\"ListItem\",\"position\":1,\"name\":\"Inicio\",\"item\":\"https:\\\/\\\/fuentesfidedignas.com.mx\\\/\"},{\"@type\":\"ListItem\",\"position\":2,\"name\":\"Javier Gaxiola anuncia inversiones por 300 mdd para comunidad manufacturera en Sinaloa\"}]},{\"@type\":\"WebSite\",\"@id\":\"https:\\\/\\\/fuentesfidedignas.com.mx\\\/#website\",\"url\":\"https:\\\/\\\/fuentesfidedignas.com.mx\\\/\",\"name\":\"Fuentes Fidedignas\",\"description\":\"Otro sitio realizado con WordPress\",\"publisher\":{\"@id\":\"https:\\\/\\\/fuentesfidedignas.com.mx\\\/#organization\"},\"potentialAction\":[{\"@type\":\"SearchAction\",\"target\":{\"@type\":\"EntryPoint\",\"urlTemplate\":\"https:\\\/\\\/fuentesfidedignas.com.mx\\\/?s={search_term_string}\"},\"query-input\":{\"@type\":\"PropertyValueSpecification\",\"valueRequired\":true,\"valueName\":\"search_term_string\"}}],\"inLanguage\":\"es\"},{\"@type\":\"Organization\",\"@id\":\"https:\\\/\\\/fuentesfidedignas.com.mx\\\/#organization\",\"name\":\"Fuentes Fidedignas\",\"url\":\"https:\\\/\\\/fuentesfidedignas.com.mx\\\/\",\"logo\":{\"@type\":\"ImageObject\",\"inLanguage\":\"es\",\"@id\":\"https:\\\/\\\/fuentesfidedignas.com.mx\\\/#\\\/schema\\\/logo\\\/image\\\/\",\"url\":\"https:\\\/\\\/fuentesfidedignas.com.mx\\\/wp-content\\\/uploads\\\/2021\\\/04\\\/logo-retina.png\",\"contentUrl\":\"https:\\\/\\\/fuentesfidedignas.com.mx\\\/wp-content\\\/uploads\\\/2021\\\/04\\\/logo-retina.png\",\"width\":280,\"height\":51,\"caption\":\"Fuentes Fidedignas\"},\"image\":{\"@id\":\"https:\\\/\\\/fuentesfidedignas.com.mx\\\/#\\\/schema\\\/logo\\\/image\\\/\"},\"sameAs\":[\"https:\\\/\\\/www.facebook.com\\\/Fuentes-Fidedignas-368234489921644\",\"https:\\\/\\\/x.com\\\/fidedignas\"]},{\"@type\":\"Person\",\"@id\":\"https:\\\/\\\/fuentesfidedignas.com.mx\\\/#\\\/schema\\\/person\\\/c77df25c00baae1d4fdc0340db6f364c\",\"name\":\"Leonardo Gutierrez\",\"image\":{\"@type\":\"ImageObject\",\"inLanguage\":\"es\",\"@id\":\"https:\\\/\\\/secure.gravatar.com\\\/avatar\\\/17b13a7a986cc98ca4d7337340bcac5945cbae677961c354aefb3c7962c8cc1f?s=96&d=mm&r=g\",\"url\":\"https:\\\/\\\/secure.gravatar.com\\\/avatar\\\/17b13a7a986cc98ca4d7337340bcac5945cbae677961c354aefb3c7962c8cc1f?s=96&d=mm&r=g\",\"contentUrl\":\"https:\\\/\\\/secure.gravatar.com\\\/avatar\\\/17b13a7a986cc98ca4d7337340bcac5945cbae677961c354aefb3c7962c8cc1f?s=96&d=mm&r=g\",\"caption\":\"Leonardo Gutierrez\"},\"url\":\"https:\\\/\\\/fuentesfidedignas.com.mx\\\/index.php\\\/author\\\/leonardogut\\\/\"}]}<\/script>\n<!-- \/ Yoast SEO plugin. -->","yoast_head_json":{"title":"Javier Gaxiola anuncia inversiones por 300 mdd para comunidad manufacturera en Sinaloa - Fuentes Fidedignas","robots":{"index":"index","follow":"follow","max-snippet":"max-snippet:-1","max-image-preview":"max-image-preview:large","max-video-preview":"max-video-preview:-1"},"canonical":"https:\/\/fuentesfidedignas.com.mx\/index.php\/2023\/09\/27\/javier-gaxiola-anuncia-inversiones-por-300-mdd-para-comunidad-manufacturera-en-sinaloa\/","og_locale":"es_MX","og_type":"article","og_title":"Javier Gaxiola anuncia inversiones por 300 mdd para comunidad manufacturera en Sinaloa - Fuentes Fidedignas","og_description":"Tetakawi tendr\u00e1 capacidad para albergar alrededor de 300 millones de d\u00f3lares en lo que son naves industriales con la maquinaria o rob\u00f3tica que llevan adentro Culiac\u00e1n, Sin. Javier Gaxiola Coppel, secretario de Econom\u00eda del Gobierno de Sinaloa, anunci\u00f3 el inicio de operaciones de \u201cTetakawi\u201d, la primera comunidad manufacturera de Sinaloa que detonar\u00e1 la creaci\u00f3n de [&hellip;]","og_url":"https:\/\/fuentesfidedignas.com.mx\/index.php\/2023\/09\/27\/javier-gaxiola-anuncia-inversiones-por-300-mdd-para-comunidad-manufacturera-en-sinaloa\/","og_site_name":"Fuentes Fidedignas","article_publisher":"https:\/\/www.facebook.com\/Fuentes-Fidedignas-368234489921644","article_published_time":"2023-09-27T18:47:00+00:00","article_modified_time":"2023-09-27T18:48:40+00:00","og_image":[{"width":1024,"height":768,"url":"https:\/\/fuentesfidedignas.com.mx\/wp-content\/uploads\/2023\/09\/IMG-20230927-WA0021.jpg","type":"image\/jpeg"}],"author":"Leonardo Gutierrez","twitter_card":"summary_large_image","twitter_creator":"@fidedignas","twitter_site":"@fidedignas","twitter_misc":{"Escrito por":"Leonardo Gutierrez","Tiempo de lectura":"2 minutos"},"schema":{"@context":"https:\/\/schema.org","@graph":[{"@type":"Article","@id":"https:\/\/fuentesfidedignas.com.mx\/index.php\/2023\/09\/27\/javier-gaxiola-anuncia-inversiones-por-300-mdd-para-comunidad-manufacturera-en-sinaloa\/#article","isPartOf":{"@id":"https:\/\/fuentesfidedignas.com.mx\/index.php\/2023\/09\/27\/javier-gaxiola-anuncia-inversiones-por-300-mdd-para-comunidad-manufacturera-en-sinaloa\/"},"author":{"name":"Leonardo Gutierrez","@id":"https:\/\/fuentesfidedignas.com.mx\/#\/schema\/person\/c77df25c00baae1d4fdc0340db6f364c"},"headline":"Javier Gaxiola anuncia inversiones por 300 mdd para comunidad manufacturera en Sinaloa","datePublished":"2023-09-27T18:47:00+00:00","dateModified":"2023-09-27T18:48:40+00:00","mainEntityOfPage":{"@id":"https:\/\/fuentesfidedignas.com.mx\/index.php\/2023\/09\/27\/javier-gaxiola-anuncia-inversiones-por-300-mdd-para-comunidad-manufacturera-en-sinaloa\/"},"wordCount":449,"commentCount":0,"publisher":{"@id":"https:\/\/fuentesfidedignas.com.mx\/#organization"},"image":{"@id":"https:\/\/fuentesfidedignas.com.mx\/index.php\/2023\/09\/27\/javier-gaxiola-anuncia-inversiones-por-300-mdd-para-comunidad-manufacturera-en-sinaloa\/#primaryimage"},"thumbnailUrl":"https:\/\/fuentesfidedignas.com.mx\/wp-content\/uploads\/2023\/09\/IMG-20230927-WA0021.jpg","articleSection":["NOTICIAS LOCALES"],"inLanguage":"es","potentialAction":[{"@type":"CommentAction","name":"Comment","target":["https:\/\/fuentesfidedignas.com.mx\/index.php\/2023\/09\/27\/javier-gaxiola-anuncia-inversiones-por-300-mdd-para-comunidad-manufacturera-en-sinaloa\/#respond"]}]},{"@type":"WebPage","@id":"https:\/\/fuentesfidedignas.com.mx\/index.php\/2023\/09\/27\/javier-gaxiola-anuncia-inversiones-por-300-mdd-para-comunidad-manufacturera-en-sinaloa\/","url":"https:\/\/fuentesfidedignas.com.mx\/index.php\/2023\/09\/27\/javier-gaxiola-anuncia-inversiones-por-300-mdd-para-comunidad-manufacturera-en-sinaloa\/","name":"Javier Gaxiola anuncia inversiones por 300 mdd para comunidad manufacturera en Sinaloa - Fuentes Fidedignas","isPartOf":{"@id":"https:\/\/fuentesfidedignas.com.mx\/#website"},"primaryImageOfPage":{"@id":"https:\/\/fuentesfidedignas.com.mx\/index.php\/2023\/09\/27\/javier-gaxiola-anuncia-inversiones-por-300-mdd-para-comunidad-manufacturera-en-sinaloa\/#primaryimage"},"image":{"@id":"https:\/\/fuentesfidedignas.com.mx\/index.php\/2023\/09\/27\/javier-gaxiola-anuncia-inversiones-por-300-mdd-para-comunidad-manufacturera-en-sinaloa\/#primaryimage"},"thumbnailUrl":"https:\/\/fuentesfidedignas.com.mx\/wp-content\/uploads\/2023\/09\/IMG-20230927-WA0021.jpg","datePublished":"2023-09-27T18:47:00+00:00","dateModified":"2023-09-27T18:48:40+00:00","breadcrumb":{"@id":"https:\/\/fuentesfidedignas.com.mx\/index.php\/2023\/09\/27\/javier-gaxiola-anuncia-inversiones-por-300-mdd-para-comunidad-manufacturera-en-sinaloa\/#breadcrumb"},"inLanguage":"es","potentialAction":[{"@type":"ReadAction","target":["https:\/\/fuentesfidedignas.com.mx\/index.php\/2023\/09\/27\/javier-gaxiola-anuncia-inversiones-por-300-mdd-para-comunidad-manufacturera-en-sinaloa\/"]}]},{"@type":"ImageObject","inLanguage":"es","@id":"https:\/\/fuentesfidedignas.com.mx\/index.php\/2023\/09\/27\/javier-gaxiola-anuncia-inversiones-por-300-mdd-para-comunidad-manufacturera-en-sinaloa\/#primaryimage","url":"https:\/\/fuentesfidedignas.com.mx\/wp-content\/uploads\/2023\/09\/IMG-20230927-WA0021.jpg","contentUrl":"https:\/\/fuentesfidedignas.com.mx\/wp-content\/uploads\/2023\/09\/IMG-20230927-WA0021.jpg","width":1024,"height":768},{"@type":"BreadcrumbList","@id":"https:\/\/fuentesfidedignas.com.mx\/index.php\/2023\/09\/27\/javier-gaxiola-anuncia-inversiones-por-300-mdd-para-comunidad-manufacturera-en-sinaloa\/#breadcrumb","itemListElement":[{"@type":"ListItem","position":1,"name":"Inicio","item":"https:\/\/fuentesfidedignas.com.mx\/"},{"@type":"ListItem","position":2,"name":"Javier Gaxiola anuncia inversiones por 300 mdd para comunidad manufacturera en Sinaloa"}]},{"@type":"WebSite","@id":"https:\/\/fuentesfidedignas.com.mx\/#website","url":"https:\/\/fuentesfidedignas.com.mx\/","name":"Fuentes Fidedignas","description":"Otro sitio realizado con WordPress","publisher":{"@id":"https:\/\/fuentesfidedignas.com.mx\/#organization"},"potentialAction":[{"@type":"SearchAction","target":{"@type":"EntryPoint","urlTemplate":"https:\/\/fuentesfidedignas.com.mx\/?s={search_term_string}"},"query-input":{"@type":"PropertyValueSpecification","valueRequired":true,"valueName":"search_term_string"}}],"inLanguage":"es"},{"@type":"Organization","@id":"https:\/\/fuentesfidedignas.com.mx\/#organization","name":"Fuentes Fidedignas","url":"https:\/\/fuentesfidedignas.com.mx\/","logo":{"@type":"ImageObject","inLanguage":"es","@id":"https:\/\/fuentesfidedignas.com.mx\/#\/schema\/logo\/image\/","url":"https:\/\/fuentesfidedignas.com.mx\/wp-content\/uploads\/2021\/04\/logo-retina.png","contentUrl":"https:\/\/fuentesfidedignas.com.mx\/wp-content\/uploads\/2021\/04\/logo-retina.png","width":280,"height":51,"caption":"Fuentes Fidedignas"},"image":{"@id":"https:\/\/fuentesfidedignas.com.mx\/#\/schema\/logo\/image\/"},"sameAs":["https:\/\/www.facebook.com\/Fuentes-Fidedignas-368234489921644","https:\/\/x.com\/fidedignas"]},{"@type":"Person","@id":"https:\/\/fuentesfidedignas.com.mx\/#\/schema\/person\/c77df25c00baae1d4fdc0340db6f364c","name":"Leonardo Gutierrez","image":{"@type":"ImageObject","inLanguage":"es","@id":"https:\/\/secure.gravatar.com\/avatar\/17b13a7a986cc98ca4d7337340bcac5945cbae677961c354aefb3c7962c8cc1f?s=96&d=mm&r=g","url":"https:\/\/secure.gravatar.com\/avatar\/17b13a7a986cc98ca4d7337340bcac5945cbae677961c354aefb3c7962c8cc1f?s=96&d=mm&r=g","contentUrl":"https:\/\/secure.gravatar.com\/avatar\/17b13a7a986cc98ca4d7337340bcac5945cbae677961c354aefb3c7962c8cc1f?s=96&d=mm&r=g","caption":"Leonardo Gutierrez"},"url":"https:\/\/fuentesfidedignas.com.mx\/index.php\/author\/leonardogut\/"}]}},"_links":{"self":[{"href":"https:\/\/fuentesfidedignas.com.mx\/index.php\/wp-json\/wp\/v2\/posts\/60471","targetHints":{"allow":["GET"]}}],"collection":[{"href":"https:\/\/fuentesfidedignas.com.mx\/index.php\/wp-json\/wp\/v2\/posts"}],"about":[{"href":"https:\/\/fuentesfidedignas.com.mx\/index.php\/wp-json\/wp\/v2\/types\/post"}],"author":[{"embeddable":true,"href":"https:\/\/fuentesfidedignas.com.mx\/index.php\/wp-json\/wp\/v2\/users\/112"}],"replies":[{"embeddable":true,"href":"https:\/\/fuentesfidedignas.com.mx\/index.php\/wp-json\/wp\/v2\/comments?post=60471"}],"version-history":[{"count":1,"href":"https:\/\/fuentesfidedignas.com.mx\/index.php\/wp-json\/wp\/v2\/posts\/60471\/revisions"}],"predecessor-version":[{"id":60472,"href":"https:\/\/fuentesfidedignas.com.mx\/index.php\/wp-json\/wp\/v2\/posts\/60471\/revisions\/60472"}],"wp:featuredmedia":[{"embeddable":true,"href":"https:\/\/fuentesfidedignas.com.mx\/index.php\/wp-json\/wp\/v2\/media\/60473"}],"wp:attachment":[{"href":"https:\/\/fuentesfidedignas.com.mx\/index.php\/wp-json\/wp\/v2\/media?parent=60471"}],"wp:term":[{"taxonomy":"category","embeddable":true,"href":"https:\/\/fuentesfidedignas.com.mx\/index.php\/wp-json\/wp\/v2\/categories?post=60471"},{"taxonomy":"post_tag","embeddable":true,"href":"https:\/\/fuentesfidedignas.com.mx\/index.php\/wp-json\/wp\/v2\/tags?post=60471"}],"curies":[{"name":"wp","href":"https:\/\/api.w.org\/{rel}","templated":true}]}}