{"id":60457,"date":"2023-09-27T09:56:38","date_gmt":"2023-09-27T16:56:38","guid":{"rendered":"https:\/\/fuentesfidedignas.com.mx\/?p=60457"},"modified":"2023-09-27T17:32:43","modified_gmt":"2023-09-28T00:32:43","slug":"lanza-el-iees-convocatoria-para-integrar-los-consejos-distritales-y-municipales-para-las-elecciones-del-2024","status":"publish","type":"post","link":"https:\/\/fuentesfidedignas.com.mx\/index.php\/2023\/09\/27\/lanza-el-iees-convocatoria-para-integrar-los-consejos-distritales-y-municipales-para-las-elecciones-del-2024\/","title":{"rendered":"Lanza el IEES convocatoria para integrar los Consejos Distritales y Municipales para las elecciones del 2024"},"content":{"rendered":"\n<p><strong><em>En esta convocatoria pueden participar toda la sociedad y el registro queda abierto a partir de hoy 27 de septiembre y hasta el \u00faltimo minuto del 16 de octubre del presente a\u00f1o.<\/em><\/strong><\/p>\n\n\n\n<p>Culiac\u00e1n, Sin.- El consejero y titular de la Comisi\u00f3n de Organizaci\u00f3n y Vigilancia Electoral del Instituto Electoral del Estado de Sinaloa (IEES), Mart\u00edn Gonz\u00e1lez Burgos anunci\u00f3 en rueda de prensa la convocatoria para la integraci\u00f3n de los Consejos Distritales y Municipales que funcionar\u00e1n durante el Proceso Electoral Sinaloa 2023-2024.<\/p>\n\n\n\n<p>Gonz\u00e1lez Burgos mencion\u00f3 que durante el proceso del 2024 se renovar\u00e1n en Sinaloa los 20 ayuntamientos de los 20 municipios que integran la divisi\u00f3n pol\u00edtica del estado de Sinaloa, con la irrupci\u00f3n de dos municipios nuevos: El dorado y Juan Jos\u00e9 R\u00edos, as\u00ed como la totalidad del Congreso del Estado, 40 diputaciones, 24 de mayor\u00eda relativa y 16 de representaci\u00f3n proporcional.<\/p>\n\n\n\n<p>Por lo anterior, se\u00f1al\u00f3 que se requiere la instalaci\u00f3n de consejos distritales y municipales.<\/p>\n\n\n\n<p>El consejero dijo que con la convocatoria que el d\u00eda de ayer se aprob\u00f3 por el Consejo General del IEES se inici\u00f3 con la operatividad, organizaci\u00f3n y log\u00edstica del proceso electoral 2023-2024, pues se instalaron 28 oficinas de consejos distritales y municipales, pues son los organismos desconcentrados del Instituto Electoral en todo el estado de Sinaloa.<\/p>\n\n\n\n<p>&#8220;Es muy importante esta convocatoria. Le hacemos un llamado a la sociedad, a la ciudadan\u00eda, a todos los grupos, a todas las personas que se interesen en participar en esta integraci\u00f3n de consejos distritales y municipales&#8221;, exhort\u00f3. <\/p>\n\n\n\n<p>Dijo que es muy importante que la ciudadan\u00eda se involucre, pues son un elemento fundamental en cada municipio y en cada distrito .<\/p>\n\n\n\n<p>&#8220;Es importante que la ciudadan\u00eda vigile el proceso, que la ciudadan\u00eda lleve a cabo el conteo de votos, que entregue la constancia de mayor\u00eda y que sea la propia sociedad la que concurra y haga el trabajo, as\u00ed como se hace en la mesa directiva de casilla que tambi\u00e9n se compone de ciudadanos y ciudadanas&#8221;, resalt\u00f3.<\/p>\n\n\n\n<p>Detall\u00f3 que en esta convocatoria pueden participar toda la sociedad y el registro queda abierto a partir de hoy 27 de septiembre y hasta el \u00faltimo minuto del 16 de octubre del presente a\u00f1o.<\/p>\n\n\n\n<p>Los requisitos son los siguientes:<\/p>\n\n\n\n<ul class=\"wp-block-list\">\n<li>Ser mayor de 25 a\u00f1os al d\u00eda de su designaci\u00f3n.<\/li>\n\n\n\n<li>Ciudadano sinaloense<\/li>\n\n\n\n<li>No tener condena o sanci\u00f3n por violencia pol\u00edtica<\/li>\n\n\n\n<li>No haber desempe\u00f1ado, ni estar en cargos de direcci\u00f3n nacional, estatal o municipal en partido u organizaci\u00f3n pol\u00edtica.<\/li>\n<\/ul>\n\n\n\n<p>Para m\u00e1s informaci\u00f3n entra a: <a href=\"https:\/\/www.ieesinaloa.mx\/?page_id=89578\">iees.mx\/page_i<\/a><a href=\"https:\/\/www.ieesinaloa.mx\/\">d=89578<\/a><\/p>\n\n\n\n<p><\/p>\n\n\n\n<p><\/p>\n\n\n\n<p><\/p>\n\n\n\n<div data-wp-interactive=\"core\/file\" class=\"wp-block-file\"><object data-wp-bind--hidden=\"!state.hasPdfPreview\" hidden class=\"wp-block-file__embed\" data=\"https:\/\/fuentesfidedignas.com.mx\/wp-content\/uploads\/2023\/09\/CONVOCATORIA-2023-2024-FINAL-BAJA.pdf\" type=\"application\/pdf\" style=\"width:100%;height:600px\" aria-label=\"Incrustado de CONVOCATORIA-2023-2024-FINAL-BAJA.\"><\/object><a id=\"wp-block-file--media-110860b1-6141-459c-8bbf-10ad4ac1962c\" href=\"https:\/\/fuentesfidedignas.com.mx\/wp-content\/uploads\/2023\/09\/CONVOCATORIA-2023-2024-FINAL-BAJA.pdf\">CONVOCATORIA-2023-2024-FINAL-BAJA<\/a><a href=\"https:\/\/fuentesfidedignas.com.mx\/wp-content\/uploads\/2023\/09\/CONVOCATORIA-2023-2024-FINAL-BAJA.pdf\" class=\"wp-block-file__button wp-element-button\" download aria-describedby=\"wp-block-file--media-110860b1-6141-459c-8bbf-10ad4ac1962c\">Descarga<\/a><\/div>\n\n\n\n<p><\/p>\n","protected":false},"excerpt":{"rendered":"<p>En esta convocatoria pueden participar toda la sociedad y el registro queda abierto a partir de hoy 27 de septiembre y hasta el \u00faltimo minuto del 16 de octubre del presente a\u00f1o. Culiac\u00e1n, Sin.- El consejero y titular de la Comisi\u00f3n de Organizaci\u00f3n y Vigilancia Electoral del Instituto Electoral del Estado de Sinaloa (IEES), Mart\u00edn [&hellip;]<\/p>\n","protected":false},"author":112,"featured_media":60462,"comment_status":"open","ping_status":"open","sticky":false,"template":"","format":"standard","meta":{"tdm_status":"","tdm_grid_status":"","footnotes":""},"categories":[38],"tags":[],"class_list":{"0":"post-60457","1":"post","2":"type-post","3":"status-publish","4":"format-standard","5":"has-post-thumbnail","7":"category-noticias-locales"},"yoast_head":"<!-- This site is optimized with the Yoast SEO plugin v27.4 - https:\/\/yoast.com\/product\/yoast-seo-wordpress\/ -->\n<title>Lanza el IEES convocatoria para integrar los Consejos Distritales y Municipales para las elecciones del 2024 - Fuentes Fidedignas<\/title>\n<meta name=\"robots\" content=\"index, follow, max-snippet:-1, max-image-preview:large, max-video-preview:-1\" \/>\n<link rel=\"canonical\" href=\"https:\/\/fuentesfidedignas.com.mx\/index.php\/2023\/09\/27\/lanza-el-iees-convocatoria-para-integrar-los-consejos-distritales-y-municipales-para-las-elecciones-del-2024\/\" \/>\n<meta property=\"og:locale\" content=\"es_MX\" \/>\n<meta property=\"og:type\" content=\"article\" \/>\n<meta property=\"og:title\" content=\"Lanza el IEES convocatoria para integrar los Consejos Distritales y Municipales para las elecciones del 2024 - Fuentes Fidedignas\" \/>\n<meta property=\"og:description\" content=\"En esta convocatoria pueden participar toda la sociedad y el registro queda abierto a partir de hoy 27 de septiembre y hasta el \u00faltimo minuto del 16 de octubre del presente a\u00f1o. Culiac\u00e1n, Sin.- El consejero y titular de la Comisi\u00f3n de Organizaci\u00f3n y Vigilancia Electoral del Instituto Electoral del Estado de Sinaloa (IEES), Mart\u00edn [&hellip;]\" \/>\n<meta property=\"og:url\" content=\"https:\/\/fuentesfidedignas.com.mx\/index.php\/2023\/09\/27\/lanza-el-iees-convocatoria-para-integrar-los-consejos-distritales-y-municipales-para-las-elecciones-del-2024\/\" \/>\n<meta property=\"og:site_name\" content=\"Fuentes Fidedignas\" \/>\n<meta property=\"article:publisher\" content=\"https:\/\/www.facebook.com\/Fuentes-Fidedignas-368234489921644\" \/>\n<meta property=\"article:published_time\" content=\"2023-09-27T16:56:38+00:00\" \/>\n<meta property=\"article:modified_time\" content=\"2023-09-28T00:32:43+00:00\" \/>\n<meta property=\"og:image\" content=\"https:\/\/fuentesfidedignas.com.mx\/wp-content\/uploads\/2023\/09\/WhatsApp-Image-2023-09-27-at-9.01.39-AM.jpeg\" \/>\n\t<meta property=\"og:image:width\" content=\"1600\" \/>\n\t<meta property=\"og:image:height\" content=\"900\" \/>\n\t<meta property=\"og:image:type\" content=\"image\/jpeg\" \/>\n<meta name=\"author\" content=\"Leonardo Gutierrez\" \/>\n<meta name=\"twitter:card\" content=\"summary_large_image\" \/>\n<meta name=\"twitter:creator\" content=\"@fidedignas\" \/>\n<meta name=\"twitter:site\" content=\"@fidedignas\" \/>\n<meta name=\"twitter:label1\" content=\"Escrito por\" \/>\n\t<meta name=\"twitter:data1\" content=\"Leonardo Gutierrez\" \/>\n\t<meta name=\"twitter:label2\" content=\"Tiempo de lectura\" \/>\n\t<meta name=\"twitter:data2\" content=\"2 minutos\" \/>\n<script type=\"application\/ld+json\" class=\"yoast-schema-graph\">{\"@context\":\"https:\\\/\\\/schema.org\",\"@graph\":[{\"@type\":\"Article\",\"@id\":\"https:\\\/\\\/fuentesfidedignas.com.mx\\\/index.php\\\/2023\\\/09\\\/27\\\/lanza-el-iees-convocatoria-para-integrar-los-consejos-distritales-y-municipales-para-las-elecciones-del-2024\\\/#article\",\"isPartOf\":{\"@id\":\"https:\\\/\\\/fuentesfidedignas.com.mx\\\/index.php\\\/2023\\\/09\\\/27\\\/lanza-el-iees-convocatoria-para-integrar-los-consejos-distritales-y-municipales-para-las-elecciones-del-2024\\\/\"},\"author\":{\"name\":\"Leonardo Gutierrez\",\"@id\":\"https:\\\/\\\/fuentesfidedignas.com.mx\\\/#\\\/schema\\\/person\\\/c77df25c00baae1d4fdc0340db6f364c\"},\"headline\":\"Lanza el IEES convocatoria para integrar los Consejos Distritales y Municipales para las elecciones del 2024\",\"datePublished\":\"2023-09-27T16:56:38+00:00\",\"dateModified\":\"2023-09-28T00:32:43+00:00\",\"mainEntityOfPage\":{\"@id\":\"https:\\\/\\\/fuentesfidedignas.com.mx\\\/index.php\\\/2023\\\/09\\\/27\\\/lanza-el-iees-convocatoria-para-integrar-los-consejos-distritales-y-municipales-para-las-elecciones-del-2024\\\/\"},\"wordCount\":462,\"commentCount\":0,\"publisher\":{\"@id\":\"https:\\\/\\\/fuentesfidedignas.com.mx\\\/#organization\"},\"image\":{\"@id\":\"https:\\\/\\\/fuentesfidedignas.com.mx\\\/index.php\\\/2023\\\/09\\\/27\\\/lanza-el-iees-convocatoria-para-integrar-los-consejos-distritales-y-municipales-para-las-elecciones-del-2024\\\/#primaryimage\"},\"thumbnailUrl\":\"https:\\\/\\\/fuentesfidedignas.com.mx\\\/wp-content\\\/uploads\\\/2023\\\/09\\\/WhatsApp-Image-2023-09-27-at-9.01.39-AM.jpeg\",\"articleSection\":[\"NOTICIAS LOCALES\"],\"inLanguage\":\"es\",\"potentialAction\":[{\"@type\":\"CommentAction\",\"name\":\"Comment\",\"target\":[\"https:\\\/\\\/fuentesfidedignas.com.mx\\\/index.php\\\/2023\\\/09\\\/27\\\/lanza-el-iees-convocatoria-para-integrar-los-consejos-distritales-y-municipales-para-las-elecciones-del-2024\\\/#respond\"]}]},{\"@type\":\"WebPage\",\"@id\":\"https:\\\/\\\/fuentesfidedignas.com.mx\\\/index.php\\\/2023\\\/09\\\/27\\\/lanza-el-iees-convocatoria-para-integrar-los-consejos-distritales-y-municipales-para-las-elecciones-del-2024\\\/\",\"url\":\"https:\\\/\\\/fuentesfidedignas.com.mx\\\/index.php\\\/2023\\\/09\\\/27\\\/lanza-el-iees-convocatoria-para-integrar-los-consejos-distritales-y-municipales-para-las-elecciones-del-2024\\\/\",\"name\":\"Lanza el IEES convocatoria para integrar los Consejos Distritales y Municipales para las elecciones del 2024 - Fuentes Fidedignas\",\"isPartOf\":{\"@id\":\"https:\\\/\\\/fuentesfidedignas.com.mx\\\/#website\"},\"primaryImageOfPage\":{\"@id\":\"https:\\\/\\\/fuentesfidedignas.com.mx\\\/index.php\\\/2023\\\/09\\\/27\\\/lanza-el-iees-convocatoria-para-integrar-los-consejos-distritales-y-municipales-para-las-elecciones-del-2024\\\/#primaryimage\"},\"image\":{\"@id\":\"https:\\\/\\\/fuentesfidedignas.com.mx\\\/index.php\\\/2023\\\/09\\\/27\\\/lanza-el-iees-convocatoria-para-integrar-los-consejos-distritales-y-municipales-para-las-elecciones-del-2024\\\/#primaryimage\"},\"thumbnailUrl\":\"https:\\\/\\\/fuentesfidedignas.com.mx\\\/wp-content\\\/uploads\\\/2023\\\/09\\\/WhatsApp-Image-2023-09-27-at-9.01.39-AM.jpeg\",\"datePublished\":\"2023-09-27T16:56:38+00:00\",\"dateModified\":\"2023-09-28T00:32:43+00:00\",\"breadcrumb\":{\"@id\":\"https:\\\/\\\/fuentesfidedignas.com.mx\\\/index.php\\\/2023\\\/09\\\/27\\\/lanza-el-iees-convocatoria-para-integrar-los-consejos-distritales-y-municipales-para-las-elecciones-del-2024\\\/#breadcrumb\"},\"inLanguage\":\"es\",\"potentialAction\":[{\"@type\":\"ReadAction\",\"target\":[\"https:\\\/\\\/fuentesfidedignas.com.mx\\\/index.php\\\/2023\\\/09\\\/27\\\/lanza-el-iees-convocatoria-para-integrar-los-consejos-distritales-y-municipales-para-las-elecciones-del-2024\\\/\"]}]},{\"@type\":\"ImageObject\",\"inLanguage\":\"es\",\"@id\":\"https:\\\/\\\/fuentesfidedignas.com.mx\\\/index.php\\\/2023\\\/09\\\/27\\\/lanza-el-iees-convocatoria-para-integrar-los-consejos-distritales-y-municipales-para-las-elecciones-del-2024\\\/#primaryimage\",\"url\":\"https:\\\/\\\/fuentesfidedignas.com.mx\\\/wp-content\\\/uploads\\\/2023\\\/09\\\/WhatsApp-Image-2023-09-27-at-9.01.39-AM.jpeg\",\"contentUrl\":\"https:\\\/\\\/fuentesfidedignas.com.mx\\\/wp-content\\\/uploads\\\/2023\\\/09\\\/WhatsApp-Image-2023-09-27-at-9.01.39-AM.jpeg\",\"width\":1600,\"height\":900},{\"@type\":\"BreadcrumbList\",\"@id\":\"https:\\\/\\\/fuentesfidedignas.com.mx\\\/index.php\\\/2023\\\/09\\\/27\\\/lanza-el-iees-convocatoria-para-integrar-los-consejos-distritales-y-municipales-para-las-elecciones-del-2024\\\/#breadcrumb\",\"itemListElement\":[{\"@type\":\"ListItem\",\"position\":1,\"name\":\"Inicio\",\"item\":\"https:\\\/\\\/fuentesfidedignas.com.mx\\\/\"},{\"@type\":\"ListItem\",\"position\":2,\"name\":\"Lanza el IEES convocatoria para integrar los Consejos Distritales y Municipales para las elecciones del 2024\"}]},{\"@type\":\"WebSite\",\"@id\":\"https:\\\/\\\/fuentesfidedignas.com.mx\\\/#website\",\"url\":\"https:\\\/\\\/fuentesfidedignas.com.mx\\\/\",\"name\":\"Fuentes Fidedignas\",\"description\":\"Otro sitio realizado con WordPress\",\"publisher\":{\"@id\":\"https:\\\/\\\/fuentesfidedignas.com.mx\\\/#organization\"},\"potentialAction\":[{\"@type\":\"SearchAction\",\"target\":{\"@type\":\"EntryPoint\",\"urlTemplate\":\"https:\\\/\\\/fuentesfidedignas.com.mx\\\/?s={search_term_string}\"},\"query-input\":{\"@type\":\"PropertyValueSpecification\",\"valueRequired\":true,\"valueName\":\"search_term_string\"}}],\"inLanguage\":\"es\"},{\"@type\":\"Organization\",\"@id\":\"https:\\\/\\\/fuentesfidedignas.com.mx\\\/#organization\",\"name\":\"Fuentes Fidedignas\",\"url\":\"https:\\\/\\\/fuentesfidedignas.com.mx\\\/\",\"logo\":{\"@type\":\"ImageObject\",\"inLanguage\":\"es\",\"@id\":\"https:\\\/\\\/fuentesfidedignas.com.mx\\\/#\\\/schema\\\/logo\\\/image\\\/\",\"url\":\"https:\\\/\\\/fuentesfidedignas.com.mx\\\/wp-content\\\/uploads\\\/2021\\\/04\\\/logo-retina.png\",\"contentUrl\":\"https:\\\/\\\/fuentesfidedignas.com.mx\\\/wp-content\\\/uploads\\\/2021\\\/04\\\/logo-retina.png\",\"width\":280,\"height\":51,\"caption\":\"Fuentes Fidedignas\"},\"image\":{\"@id\":\"https:\\\/\\\/fuentesfidedignas.com.mx\\\/#\\\/schema\\\/logo\\\/image\\\/\"},\"sameAs\":[\"https:\\\/\\\/www.facebook.com\\\/Fuentes-Fidedignas-368234489921644\",\"https:\\\/\\\/x.com\\\/fidedignas\"]},{\"@type\":\"Person\",\"@id\":\"https:\\\/\\\/fuentesfidedignas.com.mx\\\/#\\\/schema\\\/person\\\/c77df25c00baae1d4fdc0340db6f364c\",\"name\":\"Leonardo Gutierrez\",\"image\":{\"@type\":\"ImageObject\",\"inLanguage\":\"es\",\"@id\":\"https:\\\/\\\/secure.gravatar.com\\\/avatar\\\/17b13a7a986cc98ca4d7337340bcac5945cbae677961c354aefb3c7962c8cc1f?s=96&d=mm&r=g\",\"url\":\"https:\\\/\\\/secure.gravatar.com\\\/avatar\\\/17b13a7a986cc98ca4d7337340bcac5945cbae677961c354aefb3c7962c8cc1f?s=96&d=mm&r=g\",\"contentUrl\":\"https:\\\/\\\/secure.gravatar.com\\\/avatar\\\/17b13a7a986cc98ca4d7337340bcac5945cbae677961c354aefb3c7962c8cc1f?s=96&d=mm&r=g\",\"caption\":\"Leonardo Gutierrez\"},\"url\":\"https:\\\/\\\/fuentesfidedignas.com.mx\\\/index.php\\\/author\\\/leonardogut\\\/\"}]}<\/script>\n<!-- \/ Yoast SEO plugin. -->","yoast_head_json":{"title":"Lanza el IEES convocatoria para integrar los Consejos Distritales y Municipales para las elecciones del 2024 - Fuentes Fidedignas","robots":{"index":"index","follow":"follow","max-snippet":"max-snippet:-1","max-image-preview":"max-image-preview:large","max-video-preview":"max-video-preview:-1"},"canonical":"https:\/\/fuentesfidedignas.com.mx\/index.php\/2023\/09\/27\/lanza-el-iees-convocatoria-para-integrar-los-consejos-distritales-y-municipales-para-las-elecciones-del-2024\/","og_locale":"es_MX","og_type":"article","og_title":"Lanza el IEES convocatoria para integrar los Consejos Distritales y Municipales para las elecciones del 2024 - Fuentes Fidedignas","og_description":"En esta convocatoria pueden participar toda la sociedad y el registro queda abierto a partir de hoy 27 de septiembre y hasta el \u00faltimo minuto del 16 de octubre del presente a\u00f1o. Culiac\u00e1n, Sin.- El consejero y titular de la Comisi\u00f3n de Organizaci\u00f3n y Vigilancia Electoral del Instituto Electoral del Estado de Sinaloa (IEES), Mart\u00edn [&hellip;]","og_url":"https:\/\/fuentesfidedignas.com.mx\/index.php\/2023\/09\/27\/lanza-el-iees-convocatoria-para-integrar-los-consejos-distritales-y-municipales-para-las-elecciones-del-2024\/","og_site_name":"Fuentes Fidedignas","article_publisher":"https:\/\/www.facebook.com\/Fuentes-Fidedignas-368234489921644","article_published_time":"2023-09-27T16:56:38+00:00","article_modified_time":"2023-09-28T00:32:43+00:00","og_image":[{"width":1600,"height":900,"url":"https:\/\/fuentesfidedignas.com.mx\/wp-content\/uploads\/2023\/09\/WhatsApp-Image-2023-09-27-at-9.01.39-AM.jpeg","type":"image\/jpeg"}],"author":"Leonardo Gutierrez","twitter_card":"summary_large_image","twitter_creator":"@fidedignas","twitter_site":"@fidedignas","twitter_misc":{"Escrito por":"Leonardo Gutierrez","Tiempo de lectura":"2 minutos"},"schema":{"@context":"https:\/\/schema.org","@graph":[{"@type":"Article","@id":"https:\/\/fuentesfidedignas.com.mx\/index.php\/2023\/09\/27\/lanza-el-iees-convocatoria-para-integrar-los-consejos-distritales-y-municipales-para-las-elecciones-del-2024\/#article","isPartOf":{"@id":"https:\/\/fuentesfidedignas.com.mx\/index.php\/2023\/09\/27\/lanza-el-iees-convocatoria-para-integrar-los-consejos-distritales-y-municipales-para-las-elecciones-del-2024\/"},"author":{"name":"Leonardo Gutierrez","@id":"https:\/\/fuentesfidedignas.com.mx\/#\/schema\/person\/c77df25c00baae1d4fdc0340db6f364c"},"headline":"Lanza el IEES convocatoria para integrar los Consejos Distritales y Municipales para las elecciones del 2024","datePublished":"2023-09-27T16:56:38+00:00","dateModified":"2023-09-28T00:32:43+00:00","mainEntityOfPage":{"@id":"https:\/\/fuentesfidedignas.com.mx\/index.php\/2023\/09\/27\/lanza-el-iees-convocatoria-para-integrar-los-consejos-distritales-y-municipales-para-las-elecciones-del-2024\/"},"wordCount":462,"commentCount":0,"publisher":{"@id":"https:\/\/fuentesfidedignas.com.mx\/#organization"},"image":{"@id":"https:\/\/fuentesfidedignas.com.mx\/index.php\/2023\/09\/27\/lanza-el-iees-convocatoria-para-integrar-los-consejos-distritales-y-municipales-para-las-elecciones-del-2024\/#primaryimage"},"thumbnailUrl":"https:\/\/fuentesfidedignas.com.mx\/wp-content\/uploads\/2023\/09\/WhatsApp-Image-2023-09-27-at-9.01.39-AM.jpeg","articleSection":["NOTICIAS LOCALES"],"inLanguage":"es","potentialAction":[{"@type":"CommentAction","name":"Comment","target":["https:\/\/fuentesfidedignas.com.mx\/index.php\/2023\/09\/27\/lanza-el-iees-convocatoria-para-integrar-los-consejos-distritales-y-municipales-para-las-elecciones-del-2024\/#respond"]}]},{"@type":"WebPage","@id":"https:\/\/fuentesfidedignas.com.mx\/index.php\/2023\/09\/27\/lanza-el-iees-convocatoria-para-integrar-los-consejos-distritales-y-municipales-para-las-elecciones-del-2024\/","url":"https:\/\/fuentesfidedignas.com.mx\/index.php\/2023\/09\/27\/lanza-el-iees-convocatoria-para-integrar-los-consejos-distritales-y-municipales-para-las-elecciones-del-2024\/","name":"Lanza el IEES convocatoria para integrar los Consejos Distritales y Municipales para las elecciones del 2024 - Fuentes Fidedignas","isPartOf":{"@id":"https:\/\/fuentesfidedignas.com.mx\/#website"},"primaryImageOfPage":{"@id":"https:\/\/fuentesfidedignas.com.mx\/index.php\/2023\/09\/27\/lanza-el-iees-convocatoria-para-integrar-los-consejos-distritales-y-municipales-para-las-elecciones-del-2024\/#primaryimage"},"image":{"@id":"https:\/\/fuentesfidedignas.com.mx\/index.php\/2023\/09\/27\/lanza-el-iees-convocatoria-para-integrar-los-consejos-distritales-y-municipales-para-las-elecciones-del-2024\/#primaryimage"},"thumbnailUrl":"https:\/\/fuentesfidedignas.com.mx\/wp-content\/uploads\/2023\/09\/WhatsApp-Image-2023-09-27-at-9.01.39-AM.jpeg","datePublished":"2023-09-27T16:56:38+00:00","dateModified":"2023-09-28T00:32:43+00:00","breadcrumb":{"@id":"https:\/\/fuentesfidedignas.com.mx\/index.php\/2023\/09\/27\/lanza-el-iees-convocatoria-para-integrar-los-consejos-distritales-y-municipales-para-las-elecciones-del-2024\/#breadcrumb"},"inLanguage":"es","potentialAction":[{"@type":"ReadAction","target":["https:\/\/fuentesfidedignas.com.mx\/index.php\/2023\/09\/27\/lanza-el-iees-convocatoria-para-integrar-los-consejos-distritales-y-municipales-para-las-elecciones-del-2024\/"]}]},{"@type":"ImageObject","inLanguage":"es","@id":"https:\/\/fuentesfidedignas.com.mx\/index.php\/2023\/09\/27\/lanza-el-iees-convocatoria-para-integrar-los-consejos-distritales-y-municipales-para-las-elecciones-del-2024\/#primaryimage","url":"https:\/\/fuentesfidedignas.com.mx\/wp-content\/uploads\/2023\/09\/WhatsApp-Image-2023-09-27-at-9.01.39-AM.jpeg","contentUrl":"https:\/\/fuentesfidedignas.com.mx\/wp-content\/uploads\/2023\/09\/WhatsApp-Image-2023-09-27-at-9.01.39-AM.jpeg","width":1600,"height":900},{"@type":"BreadcrumbList","@id":"https:\/\/fuentesfidedignas.com.mx\/index.php\/2023\/09\/27\/lanza-el-iees-convocatoria-para-integrar-los-consejos-distritales-y-municipales-para-las-elecciones-del-2024\/#breadcrumb","itemListElement":[{"@type":"ListItem","position":1,"name":"Inicio","item":"https:\/\/fuentesfidedignas.com.mx\/"},{"@type":"ListItem","position":2,"name":"Lanza el IEES convocatoria para integrar los Consejos Distritales y Municipales para las elecciones del 2024"}]},{"@type":"WebSite","@id":"https:\/\/fuentesfidedignas.com.mx\/#website","url":"https:\/\/fuentesfidedignas.com.mx\/","name":"Fuentes Fidedignas","description":"Otro sitio realizado con WordPress","publisher":{"@id":"https:\/\/fuentesfidedignas.com.mx\/#organization"},"potentialAction":[{"@type":"SearchAction","target":{"@type":"EntryPoint","urlTemplate":"https:\/\/fuentesfidedignas.com.mx\/?s={search_term_string}"},"query-input":{"@type":"PropertyValueSpecification","valueRequired":true,"valueName":"search_term_string"}}],"inLanguage":"es"},{"@type":"Organization","@id":"https:\/\/fuentesfidedignas.com.mx\/#organization","name":"Fuentes Fidedignas","url":"https:\/\/fuentesfidedignas.com.mx\/","logo":{"@type":"ImageObject","inLanguage":"es","@id":"https:\/\/fuentesfidedignas.com.mx\/#\/schema\/logo\/image\/","url":"https:\/\/fuentesfidedignas.com.mx\/wp-content\/uploads\/2021\/04\/logo-retina.png","contentUrl":"https:\/\/fuentesfidedignas.com.mx\/wp-content\/uploads\/2021\/04\/logo-retina.png","width":280,"height":51,"caption":"Fuentes Fidedignas"},"image":{"@id":"https:\/\/fuentesfidedignas.com.mx\/#\/schema\/logo\/image\/"},"sameAs":["https:\/\/www.facebook.com\/Fuentes-Fidedignas-368234489921644","https:\/\/x.com\/fidedignas"]},{"@type":"Person","@id":"https:\/\/fuentesfidedignas.com.mx\/#\/schema\/person\/c77df25c00baae1d4fdc0340db6f364c","name":"Leonardo Gutierrez","image":{"@type":"ImageObject","inLanguage":"es","@id":"https:\/\/secure.gravatar.com\/avatar\/17b13a7a986cc98ca4d7337340bcac5945cbae677961c354aefb3c7962c8cc1f?s=96&d=mm&r=g","url":"https:\/\/secure.gravatar.com\/avatar\/17b13a7a986cc98ca4d7337340bcac5945cbae677961c354aefb3c7962c8cc1f?s=96&d=mm&r=g","contentUrl":"https:\/\/secure.gravatar.com\/avatar\/17b13a7a986cc98ca4d7337340bcac5945cbae677961c354aefb3c7962c8cc1f?s=96&d=mm&r=g","caption":"Leonardo Gutierrez"},"url":"https:\/\/fuentesfidedignas.com.mx\/index.php\/author\/leonardogut\/"}]}},"_links":{"self":[{"href":"https:\/\/fuentesfidedignas.com.mx\/index.php\/wp-json\/wp\/v2\/posts\/60457","targetHints":{"allow":["GET"]}}],"collection":[{"href":"https:\/\/fuentesfidedignas.com.mx\/index.php\/wp-json\/wp\/v2\/posts"}],"about":[{"href":"https:\/\/fuentesfidedignas.com.mx\/index.php\/wp-json\/wp\/v2\/types\/post"}],"author":[{"embeddable":true,"href":"https:\/\/fuentesfidedignas.com.mx\/index.php\/wp-json\/wp\/v2\/users\/112"}],"replies":[{"embeddable":true,"href":"https:\/\/fuentesfidedignas.com.mx\/index.php\/wp-json\/wp\/v2\/comments?post=60457"}],"version-history":[{"count":4,"href":"https:\/\/fuentesfidedignas.com.mx\/index.php\/wp-json\/wp\/v2\/posts\/60457\/revisions"}],"predecessor-version":[{"id":60546,"href":"https:\/\/fuentesfidedignas.com.mx\/index.php\/wp-json\/wp\/v2\/posts\/60457\/revisions\/60546"}],"wp:featuredmedia":[{"embeddable":true,"href":"https:\/\/fuentesfidedignas.com.mx\/index.php\/wp-json\/wp\/v2\/media\/60462"}],"wp:attachment":[{"href":"https:\/\/fuentesfidedignas.com.mx\/index.php\/wp-json\/wp\/v2\/media?parent=60457"}],"wp:term":[{"taxonomy":"category","embeddable":true,"href":"https:\/\/fuentesfidedignas.com.mx\/index.php\/wp-json\/wp\/v2\/categories?post=60457"},{"taxonomy":"post_tag","embeddable":true,"href":"https:\/\/fuentesfidedignas.com.mx\/index.php\/wp-json\/wp\/v2\/tags?post=60457"}],"curies":[{"name":"wp","href":"https:\/\/api.w.org\/{rel}","templated":true}]}}