{"id":60400,"date":"2023-09-26T17:37:45","date_gmt":"2023-09-27T00:37:45","guid":{"rendered":"https:\/\/fuentesfidedignas.com.mx\/?p=60400"},"modified":"2023-09-26T17:38:13","modified_gmt":"2023-09-27T00:38:13","slug":"apoya-economia-a-2-mil-ganaderos-de-sinaloa-con-pacas-de-alimento","status":"publish","type":"post","link":"https:\/\/fuentesfidedignas.com.mx\/index.php\/2023\/09\/26\/apoya-economia-a-2-mil-ganaderos-de-sinaloa-con-pacas-de-alimento\/","title":{"rendered":"Apoya Econom\u00eda a 2 mil ganaderos de Sinaloa con pacas de alimento"},"content":{"rendered":"\n<p><strong><em>A trav\u00e9s de la Secretar\u00eda de Econom\u00eda y en coordinaci\u00f3n con Asociaciones locales y municipios, el Gobierno de Rub\u00e9n Rocha Moya aplic\u00f3 un plan emergente para las unidades econ\u00f3micas ganaderas por la sequia, apoyando a 2 mil productores.<\/em><\/strong><\/p>\n\n\n\n<p>Culiac\u00e1n, Sin.- La Secretar\u00eda de Econom\u00eda aplic\u00f3 un plan emergente a causa de la sequ\u00eda con apoyos en pacas de alimento para las unidades econ\u00f3micas ganaderas en todo el estado.<\/p>\n\n\n\n<p>El subsecretario de Gesti\u00f3n de Fondos y Financiamiento, Omar Gill Santini inform\u00f3 que se apoy\u00f3 a 2,000 productores de todo Sinaloa, distribuyendo un total de 1,500 toneladas de alimento.<\/p>\n\n\n\n<p>\u201cEs mucha la necesidad de agua y en este caso de pastura para los animales para los peque\u00f1os ganaderos, estos apoyos son un programa noble y le llega a la gente que ocupa este tipo de ayuda\u201d, expres\u00f3 Omar Gill.<\/p>\n\n\n\n<p>El funcionario del estado dijo que se han coordinado con las Asociaciones Ganaderas en los municipios, Ayuntamientos y con la Uni\u00f3n Ganadera Regional para llevar estos apoyos a los peque\u00f1os ganaderos.<\/p>\n\n\n\n<p>Resalt\u00f3 que estas pacas de alimento ayudan al peque\u00f1o ganadero a mantener su ganado en esta fase cr\u00edtica, lo combinan con concentrado y ma\u00edz molido para sus vacas.<\/p>\n\n\n\n<p>Mientras tanto Mart\u00edn Eduardo Samaniego Cotera, presidente de la Asociaci\u00f3n Ganadera local de Culiac\u00e1n dijo que este tipo de apoyo en pacas de alimentos para ganado llega en buen momento por la fase complicada de falta de agua.<\/p>\n\n\n\n<p>\u201cAgradecemos el apoyo de gobierno del estado, del gobernador Rub\u00e9n Rocha Moya que por conducto de nuestro Secretario de Econom\u00eda, Javier Gaxiola Coppel est\u00e1 obedeciendo a nuestras demandas en la medida de lo posible y ojal\u00e1 pues vamos a requerir m\u00e1s apoyos\u201d, expres\u00f3.<\/p>\n\n\n\n<p>Esta pastura en paca o forraje de ma\u00edz es muy demandada y el apoyo ayuda a los ganaderos, se est\u00e1 distribuyendo equitativamente entre los productores, mencion\u00f3 Mart\u00edn Eduardo Samaniego Cotera.<\/p>\n","protected":false},"excerpt":{"rendered":"<p>A trav\u00e9s de la Secretar\u00eda de Econom\u00eda y en coordinaci\u00f3n con Asociaciones locales y municipios, el Gobierno de Rub\u00e9n Rocha Moya aplic\u00f3 un plan emergente para las unidades econ\u00f3micas ganaderas por la sequia, apoyando a 2 mil productores. Culiac\u00e1n, Sin.- La Secretar\u00eda de Econom\u00eda aplic\u00f3 un plan emergente a causa de la sequ\u00eda con apoyos [&hellip;]<\/p>\n","protected":false},"author":4,"featured_media":60401,"comment_status":"open","ping_status":"open","sticky":false,"template":"","format":"standard","meta":{"tdm_status":"","tdm_grid_status":"","footnotes":""},"categories":[1],"tags":[],"class_list":{"0":"post-60400","1":"post","2":"type-post","3":"status-publish","4":"format-standard","5":"has-post-thumbnail","7":"category-sin-categoria"},"yoast_head":"<!-- This site is optimized with the Yoast SEO plugin v27.5 - https:\/\/yoast.com\/product\/yoast-seo-wordpress\/ -->\n<title>Apoya Econom\u00eda a 2 mil ganaderos de Sinaloa con pacas de alimento - Fuentes Fidedignas<\/title>\n<meta name=\"robots\" content=\"index, follow, max-snippet:-1, max-image-preview:large, max-video-preview:-1\" \/>\n<link rel=\"canonical\" href=\"https:\/\/fuentesfidedignas.com.mx\/index.php\/2023\/09\/26\/apoya-economia-a-2-mil-ganaderos-de-sinaloa-con-pacas-de-alimento\/\" \/>\n<meta property=\"og:locale\" content=\"es_MX\" \/>\n<meta property=\"og:type\" content=\"article\" \/>\n<meta property=\"og:title\" content=\"Apoya Econom\u00eda a 2 mil ganaderos de Sinaloa con pacas de alimento - Fuentes Fidedignas\" \/>\n<meta property=\"og:description\" content=\"A trav\u00e9s de la Secretar\u00eda de Econom\u00eda y en coordinaci\u00f3n con Asociaciones locales y municipios, el Gobierno de Rub\u00e9n Rocha Moya aplic\u00f3 un plan emergente para las unidades econ\u00f3micas ganaderas por la sequia, apoyando a 2 mil productores. Culiac\u00e1n, Sin.- La Secretar\u00eda de Econom\u00eda aplic\u00f3 un plan emergente a causa de la sequ\u00eda con apoyos [&hellip;]\" \/>\n<meta property=\"og:url\" content=\"https:\/\/fuentesfidedignas.com.mx\/index.php\/2023\/09\/26\/apoya-economia-a-2-mil-ganaderos-de-sinaloa-con-pacas-de-alimento\/\" \/>\n<meta property=\"og:site_name\" content=\"Fuentes Fidedignas\" \/>\n<meta property=\"article:publisher\" content=\"https:\/\/www.facebook.com\/Fuentes-Fidedignas-368234489921644\" \/>\n<meta property=\"article:published_time\" content=\"2023-09-27T00:37:45+00:00\" \/>\n<meta property=\"article:modified_time\" content=\"2023-09-27T00:38:13+00:00\" \/>\n<meta property=\"og:image\" content=\"https:\/\/fuentesfidedignas.com.mx\/wp-content\/uploads\/2023\/09\/PACAS_GANADO.jpeg\" \/>\n\t<meta property=\"og:image:width\" content=\"1600\" \/>\n\t<meta property=\"og:image:height\" content=\"1066\" \/>\n\t<meta property=\"og:image:type\" content=\"image\/jpeg\" \/>\n<meta name=\"author\" content=\"Redacci\u00f3n\" \/>\n<meta name=\"twitter:card\" content=\"summary_large_image\" \/>\n<meta name=\"twitter:creator\" content=\"@fidedignas\" \/>\n<meta name=\"twitter:site\" content=\"@fidedignas\" \/>\n<meta name=\"twitter:label1\" content=\"Escrito por\" \/>\n\t<meta name=\"twitter:data1\" content=\"Redacci\u00f3n\" \/>\n\t<meta name=\"twitter:label2\" content=\"Tiempo de lectura\" \/>\n\t<meta name=\"twitter:data2\" content=\"2 minutos\" \/>\n<script type=\"application\/ld+json\" class=\"yoast-schema-graph\">{\"@context\":\"https:\\\/\\\/schema.org\",\"@graph\":[{\"@type\":\"Article\",\"@id\":\"https:\\\/\\\/fuentesfidedignas.com.mx\\\/index.php\\\/2023\\\/09\\\/26\\\/apoya-economia-a-2-mil-ganaderos-de-sinaloa-con-pacas-de-alimento\\\/#article\",\"isPartOf\":{\"@id\":\"https:\\\/\\\/fuentesfidedignas.com.mx\\\/index.php\\\/2023\\\/09\\\/26\\\/apoya-economia-a-2-mil-ganaderos-de-sinaloa-con-pacas-de-alimento\\\/\"},\"author\":{\"name\":\"Redacci\u00f3n\",\"@id\":\"https:\\\/\\\/fuentesfidedignas.com.mx\\\/#\\\/schema\\\/person\\\/331be9283d37198e2acd5750279085b0\"},\"headline\":\"Apoya Econom\u00eda a 2 mil ganaderos de Sinaloa con pacas de alimento\",\"datePublished\":\"2023-09-27T00:37:45+00:00\",\"dateModified\":\"2023-09-27T00:38:13+00:00\",\"mainEntityOfPage\":{\"@id\":\"https:\\\/\\\/fuentesfidedignas.com.mx\\\/index.php\\\/2023\\\/09\\\/26\\\/apoya-economia-a-2-mil-ganaderos-de-sinaloa-con-pacas-de-alimento\\\/\"},\"wordCount\":343,\"commentCount\":0,\"publisher\":{\"@id\":\"https:\\\/\\\/fuentesfidedignas.com.mx\\\/#organization\"},\"image\":{\"@id\":\"https:\\\/\\\/fuentesfidedignas.com.mx\\\/index.php\\\/2023\\\/09\\\/26\\\/apoya-economia-a-2-mil-ganaderos-de-sinaloa-con-pacas-de-alimento\\\/#primaryimage\"},\"thumbnailUrl\":\"https:\\\/\\\/fuentesfidedignas.com.mx\\\/wp-content\\\/uploads\\\/2023\\\/09\\\/PACAS_GANADO.jpeg\",\"inLanguage\":\"es\",\"potentialAction\":[{\"@type\":\"CommentAction\",\"name\":\"Comment\",\"target\":[\"https:\\\/\\\/fuentesfidedignas.com.mx\\\/index.php\\\/2023\\\/09\\\/26\\\/apoya-economia-a-2-mil-ganaderos-de-sinaloa-con-pacas-de-alimento\\\/#respond\"]}]},{\"@type\":\"WebPage\",\"@id\":\"https:\\\/\\\/fuentesfidedignas.com.mx\\\/index.php\\\/2023\\\/09\\\/26\\\/apoya-economia-a-2-mil-ganaderos-de-sinaloa-con-pacas-de-alimento\\\/\",\"url\":\"https:\\\/\\\/fuentesfidedignas.com.mx\\\/index.php\\\/2023\\\/09\\\/26\\\/apoya-economia-a-2-mil-ganaderos-de-sinaloa-con-pacas-de-alimento\\\/\",\"name\":\"Apoya Econom\u00eda a 2 mil ganaderos de Sinaloa con pacas de alimento - Fuentes Fidedignas\",\"isPartOf\":{\"@id\":\"https:\\\/\\\/fuentesfidedignas.com.mx\\\/#website\"},\"primaryImageOfPage\":{\"@id\":\"https:\\\/\\\/fuentesfidedignas.com.mx\\\/index.php\\\/2023\\\/09\\\/26\\\/apoya-economia-a-2-mil-ganaderos-de-sinaloa-con-pacas-de-alimento\\\/#primaryimage\"},\"image\":{\"@id\":\"https:\\\/\\\/fuentesfidedignas.com.mx\\\/index.php\\\/2023\\\/09\\\/26\\\/apoya-economia-a-2-mil-ganaderos-de-sinaloa-con-pacas-de-alimento\\\/#primaryimage\"},\"thumbnailUrl\":\"https:\\\/\\\/fuentesfidedignas.com.mx\\\/wp-content\\\/uploads\\\/2023\\\/09\\\/PACAS_GANADO.jpeg\",\"datePublished\":\"2023-09-27T00:37:45+00:00\",\"dateModified\":\"2023-09-27T00:38:13+00:00\",\"breadcrumb\":{\"@id\":\"https:\\\/\\\/fuentesfidedignas.com.mx\\\/index.php\\\/2023\\\/09\\\/26\\\/apoya-economia-a-2-mil-ganaderos-de-sinaloa-con-pacas-de-alimento\\\/#breadcrumb\"},\"inLanguage\":\"es\",\"potentialAction\":[{\"@type\":\"ReadAction\",\"target\":[\"https:\\\/\\\/fuentesfidedignas.com.mx\\\/index.php\\\/2023\\\/09\\\/26\\\/apoya-economia-a-2-mil-ganaderos-de-sinaloa-con-pacas-de-alimento\\\/\"]}]},{\"@type\":\"ImageObject\",\"inLanguage\":\"es\",\"@id\":\"https:\\\/\\\/fuentesfidedignas.com.mx\\\/index.php\\\/2023\\\/09\\\/26\\\/apoya-economia-a-2-mil-ganaderos-de-sinaloa-con-pacas-de-alimento\\\/#primaryimage\",\"url\":\"https:\\\/\\\/fuentesfidedignas.com.mx\\\/wp-content\\\/uploads\\\/2023\\\/09\\\/PACAS_GANADO.jpeg\",\"contentUrl\":\"https:\\\/\\\/fuentesfidedignas.com.mx\\\/wp-content\\\/uploads\\\/2023\\\/09\\\/PACAS_GANADO.jpeg\",\"width\":1600,\"height\":1066},{\"@type\":\"BreadcrumbList\",\"@id\":\"https:\\\/\\\/fuentesfidedignas.com.mx\\\/index.php\\\/2023\\\/09\\\/26\\\/apoya-economia-a-2-mil-ganaderos-de-sinaloa-con-pacas-de-alimento\\\/#breadcrumb\",\"itemListElement\":[{\"@type\":\"ListItem\",\"position\":1,\"name\":\"Inicio\",\"item\":\"https:\\\/\\\/fuentesfidedignas.com.mx\\\/\"},{\"@type\":\"ListItem\",\"position\":2,\"name\":\"Apoya Econom\u00eda a 2 mil ganaderos de Sinaloa con pacas de alimento\"}]},{\"@type\":\"WebSite\",\"@id\":\"https:\\\/\\\/fuentesfidedignas.com.mx\\\/#website\",\"url\":\"https:\\\/\\\/fuentesfidedignas.com.mx\\\/\",\"name\":\"Fuentes Fidedignas\",\"description\":\"Otro sitio realizado con WordPress\",\"publisher\":{\"@id\":\"https:\\\/\\\/fuentesfidedignas.com.mx\\\/#organization\"},\"potentialAction\":[{\"@type\":\"SearchAction\",\"target\":{\"@type\":\"EntryPoint\",\"urlTemplate\":\"https:\\\/\\\/fuentesfidedignas.com.mx\\\/?s={search_term_string}\"},\"query-input\":{\"@type\":\"PropertyValueSpecification\",\"valueRequired\":true,\"valueName\":\"search_term_string\"}}],\"inLanguage\":\"es\"},{\"@type\":\"Organization\",\"@id\":\"https:\\\/\\\/fuentesfidedignas.com.mx\\\/#organization\",\"name\":\"Fuentes Fidedignas\",\"url\":\"https:\\\/\\\/fuentesfidedignas.com.mx\\\/\",\"logo\":{\"@type\":\"ImageObject\",\"inLanguage\":\"es\",\"@id\":\"https:\\\/\\\/fuentesfidedignas.com.mx\\\/#\\\/schema\\\/logo\\\/image\\\/\",\"url\":\"https:\\\/\\\/fuentesfidedignas.com.mx\\\/wp-content\\\/uploads\\\/2021\\\/04\\\/logo-retina.png\",\"contentUrl\":\"https:\\\/\\\/fuentesfidedignas.com.mx\\\/wp-content\\\/uploads\\\/2021\\\/04\\\/logo-retina.png\",\"width\":280,\"height\":51,\"caption\":\"Fuentes Fidedignas\"},\"image\":{\"@id\":\"https:\\\/\\\/fuentesfidedignas.com.mx\\\/#\\\/schema\\\/logo\\\/image\\\/\"},\"sameAs\":[\"https:\\\/\\\/www.facebook.com\\\/Fuentes-Fidedignas-368234489921644\",\"https:\\\/\\\/x.com\\\/fidedignas\"]},{\"@type\":\"Person\",\"@id\":\"https:\\\/\\\/fuentesfidedignas.com.mx\\\/#\\\/schema\\\/person\\\/331be9283d37198e2acd5750279085b0\",\"name\":\"Redacci\u00f3n\",\"image\":{\"@type\":\"ImageObject\",\"inLanguage\":\"es\",\"@id\":\"https:\\\/\\\/secure.gravatar.com\\\/avatar\\\/f6d8782c11d12b2d4ad3fbb6931aeab5309937a4d6cd2fc9cfaa28a6396a5aec?s=96&d=mm&r=g\",\"url\":\"https:\\\/\\\/secure.gravatar.com\\\/avatar\\\/f6d8782c11d12b2d4ad3fbb6931aeab5309937a4d6cd2fc9cfaa28a6396a5aec?s=96&d=mm&r=g\",\"contentUrl\":\"https:\\\/\\\/secure.gravatar.com\\\/avatar\\\/f6d8782c11d12b2d4ad3fbb6931aeab5309937a4d6cd2fc9cfaa28a6396a5aec?s=96&d=mm&r=g\",\"caption\":\"Redacci\u00f3n\"},\"url\":\"https:\\\/\\\/fuentesfidedignas.com.mx\\\/index.php\\\/author\\\/redaccion\\\/\"}]}<\/script>\n<!-- \/ Yoast SEO plugin. -->","yoast_head_json":{"title":"Apoya Econom\u00eda a 2 mil ganaderos de Sinaloa con pacas de alimento - Fuentes Fidedignas","robots":{"index":"index","follow":"follow","max-snippet":"max-snippet:-1","max-image-preview":"max-image-preview:large","max-video-preview":"max-video-preview:-1"},"canonical":"https:\/\/fuentesfidedignas.com.mx\/index.php\/2023\/09\/26\/apoya-economia-a-2-mil-ganaderos-de-sinaloa-con-pacas-de-alimento\/","og_locale":"es_MX","og_type":"article","og_title":"Apoya Econom\u00eda a 2 mil ganaderos de Sinaloa con pacas de alimento - Fuentes Fidedignas","og_description":"A trav\u00e9s de la Secretar\u00eda de Econom\u00eda y en coordinaci\u00f3n con Asociaciones locales y municipios, el Gobierno de Rub\u00e9n Rocha Moya aplic\u00f3 un plan emergente para las unidades econ\u00f3micas ganaderas por la sequia, apoyando a 2 mil productores. Culiac\u00e1n, Sin.- La Secretar\u00eda de Econom\u00eda aplic\u00f3 un plan emergente a causa de la sequ\u00eda con apoyos [&hellip;]","og_url":"https:\/\/fuentesfidedignas.com.mx\/index.php\/2023\/09\/26\/apoya-economia-a-2-mil-ganaderos-de-sinaloa-con-pacas-de-alimento\/","og_site_name":"Fuentes Fidedignas","article_publisher":"https:\/\/www.facebook.com\/Fuentes-Fidedignas-368234489921644","article_published_time":"2023-09-27T00:37:45+00:00","article_modified_time":"2023-09-27T00:38:13+00:00","og_image":[{"width":1600,"height":1066,"url":"https:\/\/fuentesfidedignas.com.mx\/wp-content\/uploads\/2023\/09\/PACAS_GANADO.jpeg","type":"image\/jpeg"}],"author":"Redacci\u00f3n","twitter_card":"summary_large_image","twitter_creator":"@fidedignas","twitter_site":"@fidedignas","twitter_misc":{"Escrito por":"Redacci\u00f3n","Tiempo de lectura":"2 minutos"},"schema":{"@context":"https:\/\/schema.org","@graph":[{"@type":"Article","@id":"https:\/\/fuentesfidedignas.com.mx\/index.php\/2023\/09\/26\/apoya-economia-a-2-mil-ganaderos-de-sinaloa-con-pacas-de-alimento\/#article","isPartOf":{"@id":"https:\/\/fuentesfidedignas.com.mx\/index.php\/2023\/09\/26\/apoya-economia-a-2-mil-ganaderos-de-sinaloa-con-pacas-de-alimento\/"},"author":{"name":"Redacci\u00f3n","@id":"https:\/\/fuentesfidedignas.com.mx\/#\/schema\/person\/331be9283d37198e2acd5750279085b0"},"headline":"Apoya Econom\u00eda a 2 mil ganaderos de Sinaloa con pacas de alimento","datePublished":"2023-09-27T00:37:45+00:00","dateModified":"2023-09-27T00:38:13+00:00","mainEntityOfPage":{"@id":"https:\/\/fuentesfidedignas.com.mx\/index.php\/2023\/09\/26\/apoya-economia-a-2-mil-ganaderos-de-sinaloa-con-pacas-de-alimento\/"},"wordCount":343,"commentCount":0,"publisher":{"@id":"https:\/\/fuentesfidedignas.com.mx\/#organization"},"image":{"@id":"https:\/\/fuentesfidedignas.com.mx\/index.php\/2023\/09\/26\/apoya-economia-a-2-mil-ganaderos-de-sinaloa-con-pacas-de-alimento\/#primaryimage"},"thumbnailUrl":"https:\/\/fuentesfidedignas.com.mx\/wp-content\/uploads\/2023\/09\/PACAS_GANADO.jpeg","inLanguage":"es","potentialAction":[{"@type":"CommentAction","name":"Comment","target":["https:\/\/fuentesfidedignas.com.mx\/index.php\/2023\/09\/26\/apoya-economia-a-2-mil-ganaderos-de-sinaloa-con-pacas-de-alimento\/#respond"]}]},{"@type":"WebPage","@id":"https:\/\/fuentesfidedignas.com.mx\/index.php\/2023\/09\/26\/apoya-economia-a-2-mil-ganaderos-de-sinaloa-con-pacas-de-alimento\/","url":"https:\/\/fuentesfidedignas.com.mx\/index.php\/2023\/09\/26\/apoya-economia-a-2-mil-ganaderos-de-sinaloa-con-pacas-de-alimento\/","name":"Apoya Econom\u00eda a 2 mil ganaderos de Sinaloa con pacas de alimento - Fuentes Fidedignas","isPartOf":{"@id":"https:\/\/fuentesfidedignas.com.mx\/#website"},"primaryImageOfPage":{"@id":"https:\/\/fuentesfidedignas.com.mx\/index.php\/2023\/09\/26\/apoya-economia-a-2-mil-ganaderos-de-sinaloa-con-pacas-de-alimento\/#primaryimage"},"image":{"@id":"https:\/\/fuentesfidedignas.com.mx\/index.php\/2023\/09\/26\/apoya-economia-a-2-mil-ganaderos-de-sinaloa-con-pacas-de-alimento\/#primaryimage"},"thumbnailUrl":"https:\/\/fuentesfidedignas.com.mx\/wp-content\/uploads\/2023\/09\/PACAS_GANADO.jpeg","datePublished":"2023-09-27T00:37:45+00:00","dateModified":"2023-09-27T00:38:13+00:00","breadcrumb":{"@id":"https:\/\/fuentesfidedignas.com.mx\/index.php\/2023\/09\/26\/apoya-economia-a-2-mil-ganaderos-de-sinaloa-con-pacas-de-alimento\/#breadcrumb"},"inLanguage":"es","potentialAction":[{"@type":"ReadAction","target":["https:\/\/fuentesfidedignas.com.mx\/index.php\/2023\/09\/26\/apoya-economia-a-2-mil-ganaderos-de-sinaloa-con-pacas-de-alimento\/"]}]},{"@type":"ImageObject","inLanguage":"es","@id":"https:\/\/fuentesfidedignas.com.mx\/index.php\/2023\/09\/26\/apoya-economia-a-2-mil-ganaderos-de-sinaloa-con-pacas-de-alimento\/#primaryimage","url":"https:\/\/fuentesfidedignas.com.mx\/wp-content\/uploads\/2023\/09\/PACAS_GANADO.jpeg","contentUrl":"https:\/\/fuentesfidedignas.com.mx\/wp-content\/uploads\/2023\/09\/PACAS_GANADO.jpeg","width":1600,"height":1066},{"@type":"BreadcrumbList","@id":"https:\/\/fuentesfidedignas.com.mx\/index.php\/2023\/09\/26\/apoya-economia-a-2-mil-ganaderos-de-sinaloa-con-pacas-de-alimento\/#breadcrumb","itemListElement":[{"@type":"ListItem","position":1,"name":"Inicio","item":"https:\/\/fuentesfidedignas.com.mx\/"},{"@type":"ListItem","position":2,"name":"Apoya Econom\u00eda a 2 mil ganaderos de Sinaloa con pacas de alimento"}]},{"@type":"WebSite","@id":"https:\/\/fuentesfidedignas.com.mx\/#website","url":"https:\/\/fuentesfidedignas.com.mx\/","name":"Fuentes Fidedignas","description":"Otro sitio realizado con WordPress","publisher":{"@id":"https:\/\/fuentesfidedignas.com.mx\/#organization"},"potentialAction":[{"@type":"SearchAction","target":{"@type":"EntryPoint","urlTemplate":"https:\/\/fuentesfidedignas.com.mx\/?s={search_term_string}"},"query-input":{"@type":"PropertyValueSpecification","valueRequired":true,"valueName":"search_term_string"}}],"inLanguage":"es"},{"@type":"Organization","@id":"https:\/\/fuentesfidedignas.com.mx\/#organization","name":"Fuentes Fidedignas","url":"https:\/\/fuentesfidedignas.com.mx\/","logo":{"@type":"ImageObject","inLanguage":"es","@id":"https:\/\/fuentesfidedignas.com.mx\/#\/schema\/logo\/image\/","url":"https:\/\/fuentesfidedignas.com.mx\/wp-content\/uploads\/2021\/04\/logo-retina.png","contentUrl":"https:\/\/fuentesfidedignas.com.mx\/wp-content\/uploads\/2021\/04\/logo-retina.png","width":280,"height":51,"caption":"Fuentes Fidedignas"},"image":{"@id":"https:\/\/fuentesfidedignas.com.mx\/#\/schema\/logo\/image\/"},"sameAs":["https:\/\/www.facebook.com\/Fuentes-Fidedignas-368234489921644","https:\/\/x.com\/fidedignas"]},{"@type":"Person","@id":"https:\/\/fuentesfidedignas.com.mx\/#\/schema\/person\/331be9283d37198e2acd5750279085b0","name":"Redacci\u00f3n","image":{"@type":"ImageObject","inLanguage":"es","@id":"https:\/\/secure.gravatar.com\/avatar\/f6d8782c11d12b2d4ad3fbb6931aeab5309937a4d6cd2fc9cfaa28a6396a5aec?s=96&d=mm&r=g","url":"https:\/\/secure.gravatar.com\/avatar\/f6d8782c11d12b2d4ad3fbb6931aeab5309937a4d6cd2fc9cfaa28a6396a5aec?s=96&d=mm&r=g","contentUrl":"https:\/\/secure.gravatar.com\/avatar\/f6d8782c11d12b2d4ad3fbb6931aeab5309937a4d6cd2fc9cfaa28a6396a5aec?s=96&d=mm&r=g","caption":"Redacci\u00f3n"},"url":"https:\/\/fuentesfidedignas.com.mx\/index.php\/author\/redaccion\/"}]}},"_links":{"self":[{"href":"https:\/\/fuentesfidedignas.com.mx\/index.php\/wp-json\/wp\/v2\/posts\/60400","targetHints":{"allow":["GET"]}}],"collection":[{"href":"https:\/\/fuentesfidedignas.com.mx\/index.php\/wp-json\/wp\/v2\/posts"}],"about":[{"href":"https:\/\/fuentesfidedignas.com.mx\/index.php\/wp-json\/wp\/v2\/types\/post"}],"author":[{"embeddable":true,"href":"https:\/\/fuentesfidedignas.com.mx\/index.php\/wp-json\/wp\/v2\/users\/4"}],"replies":[{"embeddable":true,"href":"https:\/\/fuentesfidedignas.com.mx\/index.php\/wp-json\/wp\/v2\/comments?post=60400"}],"version-history":[{"count":1,"href":"https:\/\/fuentesfidedignas.com.mx\/index.php\/wp-json\/wp\/v2\/posts\/60400\/revisions"}],"predecessor-version":[{"id":60402,"href":"https:\/\/fuentesfidedignas.com.mx\/index.php\/wp-json\/wp\/v2\/posts\/60400\/revisions\/60402"}],"wp:featuredmedia":[{"embeddable":true,"href":"https:\/\/fuentesfidedignas.com.mx\/index.php\/wp-json\/wp\/v2\/media\/60401"}],"wp:attachment":[{"href":"https:\/\/fuentesfidedignas.com.mx\/index.php\/wp-json\/wp\/v2\/media?parent=60400"}],"wp:term":[{"taxonomy":"category","embeddable":true,"href":"https:\/\/fuentesfidedignas.com.mx\/index.php\/wp-json\/wp\/v2\/categories?post=60400"},{"taxonomy":"post_tag","embeddable":true,"href":"https:\/\/fuentesfidedignas.com.mx\/index.php\/wp-json\/wp\/v2\/tags?post=60400"}],"curies":[{"name":"wp","href":"https:\/\/api.w.org\/{rel}","templated":true}]}}