{"id":60394,"date":"2023-09-26T17:16:21","date_gmt":"2023-09-27T00:16:21","guid":{"rendered":"https:\/\/fuentesfidedignas.com.mx\/?p=60394"},"modified":"2023-09-26T17:16:57","modified_gmt":"2023-09-27T00:16:57","slug":"llevan-a-cabo-la-primera-sesion-ordinaria-2023-de-la-comision-permanente-de-prevencion-del-delito-y-participacion-ciudadana","status":"publish","type":"post","link":"https:\/\/fuentesfidedignas.com.mx\/index.php\/2023\/09\/26\/llevan-a-cabo-la-primera-sesion-ordinaria-2023-de-la-comision-permanente-de-prevencion-del-delito-y-participacion-ciudadana\/","title":{"rendered":"Llevan a cabo la primera sesi\u00f3n ordinaria 2023 de la Comisi\u00f3n Permanente de Prevenci\u00f3n del Delito y Participaci\u00f3n Ciudadana"},"content":{"rendered":"\n<p><strong><em>Durante la reuni\u00f3n se acord\u00f3 una propuesta para incorporar a siete ciudadanos al Consejo Nacional de Seguridad P\u00fablica, como invitados permanentes a este \u00f3rgano, la cual deber\u00e1 ratificarse en la pr\u00f3xima sesi\u00f3n nacional.<\/em><\/strong><\/p>\n\n\n\n<p>Culiac\u00e1n, Sin.- Con el firme prop\u00f3sito de atender las causas estructurales de la violencia y el delito, a trav\u00e9s de la homologaci\u00f3n de criterios en las estrategias de prevenci\u00f3n, este martes el Gobernador Rub\u00e9n Rocha Moya encabez\u00f3 la Primera Sesi\u00f3n Ordinaria 2023 de la Comisi\u00f3n Permanente de Prevenci\u00f3n del Delito y Participaci\u00f3n Ciudadana del Consejo Nacional de Seguridad P\u00fablica, en cuyo marco, se aprob\u00f3 la propuesta para que siete ciudadanos se incorporen como invitados permanentes al Consejo Nacional de Seguridad P\u00fablica, cinco de ellos en calidad de propietarios y los dos restantes, como suplentes, adem\u00e1s de revisar lo relativo a los modelos de trabajos de prevenci\u00f3n municipal y nacional.<\/p>\n\n\n\n<p>En compa\u00f1\u00eda de Clara Luz Flores Carrales, Secretaria Ejecutiva del Sistema Nacional de Seguridad P\u00fablica, Mar\u00eda Carmina Ceballos Mart\u00ednez, titular del Centro Nacional de Prevenci\u00f3n del Delito y Participaci\u00f3n Ciudadana y Ricardo Guillermo Jenny del Rinc\u00f3n, Secretario Ejecutivo del Sistema Estatal de Seguridad P\u00fablica de Sinaloa, el mandatario estatal se enlaz\u00f3 v\u00eda zoom con Rosa Icela Rodr\u00edguez Vel\u00e1zquez, Secretaria de Seguridad P\u00fablica Federal, a quien le dieron a conocer los nombres de los ciudadanos propuestos y el resto de los acuerdos tomados.<\/p>\n\n\n\n<p>Los ciudadanos que la Comisi\u00f3n Permanente propone para ser parte del Consejo Nacional son Miguel Enrique Calder\u00f3n Quevedo, Jos\u00e9 de Jes\u00fas Rodr\u00edguez C\u00e1rdenas, Silvia Herrera Soberanes, Marco Antonio de la Garza, Ignacio Manjarrez Ayub y como suplentes, Miguel \u00c1ngel Mart\u00ednez Mill\u00e1n y Ana Mar\u00eda Esquivel Hern\u00e1ndez. La propuesta ser\u00e1 ratificada en sesi\u00f3n del Consejo Nacional de Seguridad P\u00fablica, encabezado por el Presidente Andr\u00e9s Manuel L\u00f3pez Obrador y una vez aprobada se les tomar\u00e1 protesta a los invitados ciudadanos.<\/p>\n\n\n\n<p>&#8220;Vimos el Modelo Municipal de Prevenci\u00f3n Social de la Violencia y la Delincuencia, el Programa Nacional para la Prevenci\u00f3n Social de la Violencia y la Delincuencia 2022 &#8211; 2024 tambi\u00e9n, la Secretaria estuvo dando cuenta de esto y lo estuvimos aprobando. Agradezco infinitamente Secretaria, su presencia, su atenci\u00f3n y sus buenos oficios para ayudarnos a todas y todos los gobernadores&#8221;, expres\u00f3 el Ejecutivo Estatal.<\/p>\n\n\n\n<p>Tras agradecer que los trabajos de la Comisi\u00f3n Permanente que preside el Gobernador est\u00e9n avanzando acorde a lo programado, Rosa Icela Rodr\u00edguez destac\u00f3 la importancia de la coordinaci\u00f3n de los tres niveles de gobierno al implementar los programas de prevenci\u00f3n desde la federaci\u00f3n, al considerar que los municipios son pieza clave para ejecutar de manera eficiente estas estrategias y obtener los resultados esperados.<\/p>\n\n\n\n<p>&#8220;Hoy quiero destacar de igual forma, la publicaci\u00f3n y puesta en marcha del Programa Nacional en la Prevenci\u00f3n Social de la Violencia y la Delincuencia 2023 &#8211; 2024, cuya elaboraci\u00f3n fue coordinada por el Centro Nacional de Prevenci\u00f3n del Delito y Participaci\u00f3n Ciudadana, con el fin de instrumentar acciones, constancias hom\u00f3logas en los distintos \u00f3rdenes de gobierno y con actores estrat\u00e9gicos, pues tenemos claro que s\u00f3lo trabajando con organizaci\u00f3n y con la acci\u00f3n colectiva, se puede construir una sociedad sin violencia&#8221;, concluy\u00f3 la Secretaria.<\/p>\n\n\n\n<p>Durante este encuentro, destac\u00f3 la presencia de Enrique Inzunza C\u00e1zarez, Secretario General de Gobierno, Gerardo M\u00e9rida S\u00e1nchez, Secretario de Seguridad P\u00fablica Estatal, Thania Karina Parra y Parra, titular del Centro Estatal de Prevenci\u00f3n Social de la Violencia y la Delincuencia con Participaci\u00f3n Ciudadana, as\u00ed como la participaci\u00f3n v\u00eda zoom de Cuitl\u00e1huac Garc\u00eda Jim\u00e9nez, Gobernador de Veracruz y Vocal de la Comisi\u00f3n Permanente, Sonia Ang\u00e9lica Col\u00edn Aboytes, Subsecretar\u00eda de Prevenci\u00f3n Social y Atenci\u00f3n a V\u00edctimas del Gobierno de Quer\u00e9taro, entre otros integrantes e invitados especiales.<\/p>\n","protected":false},"excerpt":{"rendered":"<p>Durante la reuni\u00f3n se acord\u00f3 una propuesta para incorporar a siete ciudadanos al Consejo Nacional de Seguridad P\u00fablica, como invitados permanentes a este \u00f3rgano, la cual deber\u00e1 ratificarse en la pr\u00f3xima sesi\u00f3n nacional. Culiac\u00e1n, Sin.- Con el firme prop\u00f3sito de atender las causas estructurales de la violencia y el delito, a trav\u00e9s de la homologaci\u00f3n [&hellip;]<\/p>\n","protected":false},"author":4,"featured_media":60395,"comment_status":"open","ping_status":"open","sticky":false,"template":"","format":"standard","meta":{"tdm_status":"","tdm_grid_status":"","footnotes":""},"categories":[1],"tags":[],"class_list":{"0":"post-60394","1":"post","2":"type-post","3":"status-publish","4":"format-standard","5":"has-post-thumbnail","7":"category-sin-categoria"},"yoast_head":"<!-- This site is optimized with the Yoast SEO plugin v27.5 - https:\/\/yoast.com\/product\/yoast-seo-wordpress\/ -->\n<title>Llevan a cabo la primera sesi\u00f3n ordinaria 2023 de la Comisi\u00f3n Permanente de Prevenci\u00f3n del Delito y Participaci\u00f3n Ciudadana - Fuentes Fidedignas<\/title>\n<meta name=\"robots\" content=\"index, follow, max-snippet:-1, max-image-preview:large, max-video-preview:-1\" \/>\n<link rel=\"canonical\" href=\"https:\/\/fuentesfidedignas.com.mx\/index.php\/2023\/09\/26\/llevan-a-cabo-la-primera-sesion-ordinaria-2023-de-la-comision-permanente-de-prevencion-del-delito-y-participacion-ciudadana\/\" \/>\n<meta property=\"og:locale\" content=\"es_MX\" \/>\n<meta property=\"og:type\" content=\"article\" \/>\n<meta property=\"og:title\" content=\"Llevan a cabo la primera sesi\u00f3n ordinaria 2023 de la Comisi\u00f3n Permanente de Prevenci\u00f3n del Delito y Participaci\u00f3n Ciudadana - Fuentes Fidedignas\" \/>\n<meta property=\"og:description\" content=\"Durante la reuni\u00f3n se acord\u00f3 una propuesta para incorporar a siete ciudadanos al Consejo Nacional de Seguridad P\u00fablica, como invitados permanentes a este \u00f3rgano, la cual deber\u00e1 ratificarse en la pr\u00f3xima sesi\u00f3n nacional. Culiac\u00e1n, Sin.- Con el firme prop\u00f3sito de atender las causas estructurales de la violencia y el delito, a trav\u00e9s de la homologaci\u00f3n [&hellip;]\" \/>\n<meta property=\"og:url\" content=\"https:\/\/fuentesfidedignas.com.mx\/index.php\/2023\/09\/26\/llevan-a-cabo-la-primera-sesion-ordinaria-2023-de-la-comision-permanente-de-prevencion-del-delito-y-participacion-ciudadana\/\" \/>\n<meta property=\"og:site_name\" content=\"Fuentes Fidedignas\" \/>\n<meta property=\"article:publisher\" content=\"https:\/\/www.facebook.com\/Fuentes-Fidedignas-368234489921644\" \/>\n<meta property=\"article:published_time\" content=\"2023-09-27T00:16:21+00:00\" \/>\n<meta property=\"article:modified_time\" content=\"2023-09-27T00:16:57+00:00\" \/>\n<meta property=\"og:image\" content=\"https:\/\/fuentesfidedignas.com.mx\/wp-content\/uploads\/2023\/09\/WhatsApp-Image-2023-09-26-at-3.06.28-PM.jpeg\" \/>\n\t<meta property=\"og:image:width\" content=\"1600\" \/>\n\t<meta property=\"og:image:height\" content=\"1066\" \/>\n\t<meta property=\"og:image:type\" content=\"image\/jpeg\" \/>\n<meta name=\"author\" content=\"Redacci\u00f3n\" \/>\n<meta name=\"twitter:card\" content=\"summary_large_image\" \/>\n<meta name=\"twitter:creator\" content=\"@fidedignas\" \/>\n<meta name=\"twitter:site\" content=\"@fidedignas\" \/>\n<meta name=\"twitter:label1\" content=\"Escrito por\" \/>\n\t<meta name=\"twitter:data1\" content=\"Redacci\u00f3n\" \/>\n\t<meta name=\"twitter:label2\" content=\"Tiempo de lectura\" \/>\n\t<meta name=\"twitter:data2\" content=\"3 minutos\" \/>\n<script type=\"application\/ld+json\" class=\"yoast-schema-graph\">{\"@context\":\"https:\\\/\\\/schema.org\",\"@graph\":[{\"@type\":\"Article\",\"@id\":\"https:\\\/\\\/fuentesfidedignas.com.mx\\\/index.php\\\/2023\\\/09\\\/26\\\/llevan-a-cabo-la-primera-sesion-ordinaria-2023-de-la-comision-permanente-de-prevencion-del-delito-y-participacion-ciudadana\\\/#article\",\"isPartOf\":{\"@id\":\"https:\\\/\\\/fuentesfidedignas.com.mx\\\/index.php\\\/2023\\\/09\\\/26\\\/llevan-a-cabo-la-primera-sesion-ordinaria-2023-de-la-comision-permanente-de-prevencion-del-delito-y-participacion-ciudadana\\\/\"},\"author\":{\"name\":\"Redacci\u00f3n\",\"@id\":\"https:\\\/\\\/fuentesfidedignas.com.mx\\\/#\\\/schema\\\/person\\\/331be9283d37198e2acd5750279085b0\"},\"headline\":\"Llevan a cabo la primera sesi\u00f3n ordinaria 2023 de la Comisi\u00f3n Permanente de Prevenci\u00f3n del Delito y Participaci\u00f3n Ciudadana\",\"datePublished\":\"2023-09-27T00:16:21+00:00\",\"dateModified\":\"2023-09-27T00:16:57+00:00\",\"mainEntityOfPage\":{\"@id\":\"https:\\\/\\\/fuentesfidedignas.com.mx\\\/index.php\\\/2023\\\/09\\\/26\\\/llevan-a-cabo-la-primera-sesion-ordinaria-2023-de-la-comision-permanente-de-prevencion-del-delito-y-participacion-ciudadana\\\/\"},\"wordCount\":697,\"commentCount\":0,\"publisher\":{\"@id\":\"https:\\\/\\\/fuentesfidedignas.com.mx\\\/#organization\"},\"image\":{\"@id\":\"https:\\\/\\\/fuentesfidedignas.com.mx\\\/index.php\\\/2023\\\/09\\\/26\\\/llevan-a-cabo-la-primera-sesion-ordinaria-2023-de-la-comision-permanente-de-prevencion-del-delito-y-participacion-ciudadana\\\/#primaryimage\"},\"thumbnailUrl\":\"https:\\\/\\\/fuentesfidedignas.com.mx\\\/wp-content\\\/uploads\\\/2023\\\/09\\\/WhatsApp-Image-2023-09-26-at-3.06.28-PM.jpeg\",\"inLanguage\":\"es\",\"potentialAction\":[{\"@type\":\"CommentAction\",\"name\":\"Comment\",\"target\":[\"https:\\\/\\\/fuentesfidedignas.com.mx\\\/index.php\\\/2023\\\/09\\\/26\\\/llevan-a-cabo-la-primera-sesion-ordinaria-2023-de-la-comision-permanente-de-prevencion-del-delito-y-participacion-ciudadana\\\/#respond\"]}]},{\"@type\":\"WebPage\",\"@id\":\"https:\\\/\\\/fuentesfidedignas.com.mx\\\/index.php\\\/2023\\\/09\\\/26\\\/llevan-a-cabo-la-primera-sesion-ordinaria-2023-de-la-comision-permanente-de-prevencion-del-delito-y-participacion-ciudadana\\\/\",\"url\":\"https:\\\/\\\/fuentesfidedignas.com.mx\\\/index.php\\\/2023\\\/09\\\/26\\\/llevan-a-cabo-la-primera-sesion-ordinaria-2023-de-la-comision-permanente-de-prevencion-del-delito-y-participacion-ciudadana\\\/\",\"name\":\"Llevan a cabo la primera sesi\u00f3n ordinaria 2023 de la Comisi\u00f3n Permanente de Prevenci\u00f3n del Delito y Participaci\u00f3n Ciudadana - Fuentes Fidedignas\",\"isPartOf\":{\"@id\":\"https:\\\/\\\/fuentesfidedignas.com.mx\\\/#website\"},\"primaryImageOfPage\":{\"@id\":\"https:\\\/\\\/fuentesfidedignas.com.mx\\\/index.php\\\/2023\\\/09\\\/26\\\/llevan-a-cabo-la-primera-sesion-ordinaria-2023-de-la-comision-permanente-de-prevencion-del-delito-y-participacion-ciudadana\\\/#primaryimage\"},\"image\":{\"@id\":\"https:\\\/\\\/fuentesfidedignas.com.mx\\\/index.php\\\/2023\\\/09\\\/26\\\/llevan-a-cabo-la-primera-sesion-ordinaria-2023-de-la-comision-permanente-de-prevencion-del-delito-y-participacion-ciudadana\\\/#primaryimage\"},\"thumbnailUrl\":\"https:\\\/\\\/fuentesfidedignas.com.mx\\\/wp-content\\\/uploads\\\/2023\\\/09\\\/WhatsApp-Image-2023-09-26-at-3.06.28-PM.jpeg\",\"datePublished\":\"2023-09-27T00:16:21+00:00\",\"dateModified\":\"2023-09-27T00:16:57+00:00\",\"breadcrumb\":{\"@id\":\"https:\\\/\\\/fuentesfidedignas.com.mx\\\/index.php\\\/2023\\\/09\\\/26\\\/llevan-a-cabo-la-primera-sesion-ordinaria-2023-de-la-comision-permanente-de-prevencion-del-delito-y-participacion-ciudadana\\\/#breadcrumb\"},\"inLanguage\":\"es\",\"potentialAction\":[{\"@type\":\"ReadAction\",\"target\":[\"https:\\\/\\\/fuentesfidedignas.com.mx\\\/index.php\\\/2023\\\/09\\\/26\\\/llevan-a-cabo-la-primera-sesion-ordinaria-2023-de-la-comision-permanente-de-prevencion-del-delito-y-participacion-ciudadana\\\/\"]}]},{\"@type\":\"ImageObject\",\"inLanguage\":\"es\",\"@id\":\"https:\\\/\\\/fuentesfidedignas.com.mx\\\/index.php\\\/2023\\\/09\\\/26\\\/llevan-a-cabo-la-primera-sesion-ordinaria-2023-de-la-comision-permanente-de-prevencion-del-delito-y-participacion-ciudadana\\\/#primaryimage\",\"url\":\"https:\\\/\\\/fuentesfidedignas.com.mx\\\/wp-content\\\/uploads\\\/2023\\\/09\\\/WhatsApp-Image-2023-09-26-at-3.06.28-PM.jpeg\",\"contentUrl\":\"https:\\\/\\\/fuentesfidedignas.com.mx\\\/wp-content\\\/uploads\\\/2023\\\/09\\\/WhatsApp-Image-2023-09-26-at-3.06.28-PM.jpeg\",\"width\":1600,\"height\":1066},{\"@type\":\"BreadcrumbList\",\"@id\":\"https:\\\/\\\/fuentesfidedignas.com.mx\\\/index.php\\\/2023\\\/09\\\/26\\\/llevan-a-cabo-la-primera-sesion-ordinaria-2023-de-la-comision-permanente-de-prevencion-del-delito-y-participacion-ciudadana\\\/#breadcrumb\",\"itemListElement\":[{\"@type\":\"ListItem\",\"position\":1,\"name\":\"Inicio\",\"item\":\"https:\\\/\\\/fuentesfidedignas.com.mx\\\/\"},{\"@type\":\"ListItem\",\"position\":2,\"name\":\"Llevan a cabo la primera sesi\u00f3n ordinaria 2023 de la Comisi\u00f3n Permanente de Prevenci\u00f3n del Delito y Participaci\u00f3n Ciudadana\"}]},{\"@type\":\"WebSite\",\"@id\":\"https:\\\/\\\/fuentesfidedignas.com.mx\\\/#website\",\"url\":\"https:\\\/\\\/fuentesfidedignas.com.mx\\\/\",\"name\":\"Fuentes Fidedignas\",\"description\":\"Otro sitio realizado con WordPress\",\"publisher\":{\"@id\":\"https:\\\/\\\/fuentesfidedignas.com.mx\\\/#organization\"},\"potentialAction\":[{\"@type\":\"SearchAction\",\"target\":{\"@type\":\"EntryPoint\",\"urlTemplate\":\"https:\\\/\\\/fuentesfidedignas.com.mx\\\/?s={search_term_string}\"},\"query-input\":{\"@type\":\"PropertyValueSpecification\",\"valueRequired\":true,\"valueName\":\"search_term_string\"}}],\"inLanguage\":\"es\"},{\"@type\":\"Organization\",\"@id\":\"https:\\\/\\\/fuentesfidedignas.com.mx\\\/#organization\",\"name\":\"Fuentes Fidedignas\",\"url\":\"https:\\\/\\\/fuentesfidedignas.com.mx\\\/\",\"logo\":{\"@type\":\"ImageObject\",\"inLanguage\":\"es\",\"@id\":\"https:\\\/\\\/fuentesfidedignas.com.mx\\\/#\\\/schema\\\/logo\\\/image\\\/\",\"url\":\"https:\\\/\\\/fuentesfidedignas.com.mx\\\/wp-content\\\/uploads\\\/2021\\\/04\\\/logo-retina.png\",\"contentUrl\":\"https:\\\/\\\/fuentesfidedignas.com.mx\\\/wp-content\\\/uploads\\\/2021\\\/04\\\/logo-retina.png\",\"width\":280,\"height\":51,\"caption\":\"Fuentes Fidedignas\"},\"image\":{\"@id\":\"https:\\\/\\\/fuentesfidedignas.com.mx\\\/#\\\/schema\\\/logo\\\/image\\\/\"},\"sameAs\":[\"https:\\\/\\\/www.facebook.com\\\/Fuentes-Fidedignas-368234489921644\",\"https:\\\/\\\/x.com\\\/fidedignas\"]},{\"@type\":\"Person\",\"@id\":\"https:\\\/\\\/fuentesfidedignas.com.mx\\\/#\\\/schema\\\/person\\\/331be9283d37198e2acd5750279085b0\",\"name\":\"Redacci\u00f3n\",\"image\":{\"@type\":\"ImageObject\",\"inLanguage\":\"es\",\"@id\":\"https:\\\/\\\/secure.gravatar.com\\\/avatar\\\/f6d8782c11d12b2d4ad3fbb6931aeab5309937a4d6cd2fc9cfaa28a6396a5aec?s=96&d=mm&r=g\",\"url\":\"https:\\\/\\\/secure.gravatar.com\\\/avatar\\\/f6d8782c11d12b2d4ad3fbb6931aeab5309937a4d6cd2fc9cfaa28a6396a5aec?s=96&d=mm&r=g\",\"contentUrl\":\"https:\\\/\\\/secure.gravatar.com\\\/avatar\\\/f6d8782c11d12b2d4ad3fbb6931aeab5309937a4d6cd2fc9cfaa28a6396a5aec?s=96&d=mm&r=g\",\"caption\":\"Redacci\u00f3n\"},\"url\":\"https:\\\/\\\/fuentesfidedignas.com.mx\\\/index.php\\\/author\\\/redaccion\\\/\"}]}<\/script>\n<!-- \/ Yoast SEO plugin. -->","yoast_head_json":{"title":"Llevan a cabo la primera sesi\u00f3n ordinaria 2023 de la Comisi\u00f3n Permanente de Prevenci\u00f3n del Delito y Participaci\u00f3n Ciudadana - Fuentes Fidedignas","robots":{"index":"index","follow":"follow","max-snippet":"max-snippet:-1","max-image-preview":"max-image-preview:large","max-video-preview":"max-video-preview:-1"},"canonical":"https:\/\/fuentesfidedignas.com.mx\/index.php\/2023\/09\/26\/llevan-a-cabo-la-primera-sesion-ordinaria-2023-de-la-comision-permanente-de-prevencion-del-delito-y-participacion-ciudadana\/","og_locale":"es_MX","og_type":"article","og_title":"Llevan a cabo la primera sesi\u00f3n ordinaria 2023 de la Comisi\u00f3n Permanente de Prevenci\u00f3n del Delito y Participaci\u00f3n Ciudadana - Fuentes Fidedignas","og_description":"Durante la reuni\u00f3n se acord\u00f3 una propuesta para incorporar a siete ciudadanos al Consejo Nacional de Seguridad P\u00fablica, como invitados permanentes a este \u00f3rgano, la cual deber\u00e1 ratificarse en la pr\u00f3xima sesi\u00f3n nacional. Culiac\u00e1n, Sin.- Con el firme prop\u00f3sito de atender las causas estructurales de la violencia y el delito, a trav\u00e9s de la homologaci\u00f3n [&hellip;]","og_url":"https:\/\/fuentesfidedignas.com.mx\/index.php\/2023\/09\/26\/llevan-a-cabo-la-primera-sesion-ordinaria-2023-de-la-comision-permanente-de-prevencion-del-delito-y-participacion-ciudadana\/","og_site_name":"Fuentes Fidedignas","article_publisher":"https:\/\/www.facebook.com\/Fuentes-Fidedignas-368234489921644","article_published_time":"2023-09-27T00:16:21+00:00","article_modified_time":"2023-09-27T00:16:57+00:00","og_image":[{"width":1600,"height":1066,"url":"https:\/\/fuentesfidedignas.com.mx\/wp-content\/uploads\/2023\/09\/WhatsApp-Image-2023-09-26-at-3.06.28-PM.jpeg","type":"image\/jpeg"}],"author":"Redacci\u00f3n","twitter_card":"summary_large_image","twitter_creator":"@fidedignas","twitter_site":"@fidedignas","twitter_misc":{"Escrito por":"Redacci\u00f3n","Tiempo de lectura":"3 minutos"},"schema":{"@context":"https:\/\/schema.org","@graph":[{"@type":"Article","@id":"https:\/\/fuentesfidedignas.com.mx\/index.php\/2023\/09\/26\/llevan-a-cabo-la-primera-sesion-ordinaria-2023-de-la-comision-permanente-de-prevencion-del-delito-y-participacion-ciudadana\/#article","isPartOf":{"@id":"https:\/\/fuentesfidedignas.com.mx\/index.php\/2023\/09\/26\/llevan-a-cabo-la-primera-sesion-ordinaria-2023-de-la-comision-permanente-de-prevencion-del-delito-y-participacion-ciudadana\/"},"author":{"name":"Redacci\u00f3n","@id":"https:\/\/fuentesfidedignas.com.mx\/#\/schema\/person\/331be9283d37198e2acd5750279085b0"},"headline":"Llevan a cabo la primera sesi\u00f3n ordinaria 2023 de la Comisi\u00f3n Permanente de Prevenci\u00f3n del Delito y Participaci\u00f3n Ciudadana","datePublished":"2023-09-27T00:16:21+00:00","dateModified":"2023-09-27T00:16:57+00:00","mainEntityOfPage":{"@id":"https:\/\/fuentesfidedignas.com.mx\/index.php\/2023\/09\/26\/llevan-a-cabo-la-primera-sesion-ordinaria-2023-de-la-comision-permanente-de-prevencion-del-delito-y-participacion-ciudadana\/"},"wordCount":697,"commentCount":0,"publisher":{"@id":"https:\/\/fuentesfidedignas.com.mx\/#organization"},"image":{"@id":"https:\/\/fuentesfidedignas.com.mx\/index.php\/2023\/09\/26\/llevan-a-cabo-la-primera-sesion-ordinaria-2023-de-la-comision-permanente-de-prevencion-del-delito-y-participacion-ciudadana\/#primaryimage"},"thumbnailUrl":"https:\/\/fuentesfidedignas.com.mx\/wp-content\/uploads\/2023\/09\/WhatsApp-Image-2023-09-26-at-3.06.28-PM.jpeg","inLanguage":"es","potentialAction":[{"@type":"CommentAction","name":"Comment","target":["https:\/\/fuentesfidedignas.com.mx\/index.php\/2023\/09\/26\/llevan-a-cabo-la-primera-sesion-ordinaria-2023-de-la-comision-permanente-de-prevencion-del-delito-y-participacion-ciudadana\/#respond"]}]},{"@type":"WebPage","@id":"https:\/\/fuentesfidedignas.com.mx\/index.php\/2023\/09\/26\/llevan-a-cabo-la-primera-sesion-ordinaria-2023-de-la-comision-permanente-de-prevencion-del-delito-y-participacion-ciudadana\/","url":"https:\/\/fuentesfidedignas.com.mx\/index.php\/2023\/09\/26\/llevan-a-cabo-la-primera-sesion-ordinaria-2023-de-la-comision-permanente-de-prevencion-del-delito-y-participacion-ciudadana\/","name":"Llevan a cabo la primera sesi\u00f3n ordinaria 2023 de la Comisi\u00f3n Permanente de Prevenci\u00f3n del Delito y Participaci\u00f3n Ciudadana - Fuentes Fidedignas","isPartOf":{"@id":"https:\/\/fuentesfidedignas.com.mx\/#website"},"primaryImageOfPage":{"@id":"https:\/\/fuentesfidedignas.com.mx\/index.php\/2023\/09\/26\/llevan-a-cabo-la-primera-sesion-ordinaria-2023-de-la-comision-permanente-de-prevencion-del-delito-y-participacion-ciudadana\/#primaryimage"},"image":{"@id":"https:\/\/fuentesfidedignas.com.mx\/index.php\/2023\/09\/26\/llevan-a-cabo-la-primera-sesion-ordinaria-2023-de-la-comision-permanente-de-prevencion-del-delito-y-participacion-ciudadana\/#primaryimage"},"thumbnailUrl":"https:\/\/fuentesfidedignas.com.mx\/wp-content\/uploads\/2023\/09\/WhatsApp-Image-2023-09-26-at-3.06.28-PM.jpeg","datePublished":"2023-09-27T00:16:21+00:00","dateModified":"2023-09-27T00:16:57+00:00","breadcrumb":{"@id":"https:\/\/fuentesfidedignas.com.mx\/index.php\/2023\/09\/26\/llevan-a-cabo-la-primera-sesion-ordinaria-2023-de-la-comision-permanente-de-prevencion-del-delito-y-participacion-ciudadana\/#breadcrumb"},"inLanguage":"es","potentialAction":[{"@type":"ReadAction","target":["https:\/\/fuentesfidedignas.com.mx\/index.php\/2023\/09\/26\/llevan-a-cabo-la-primera-sesion-ordinaria-2023-de-la-comision-permanente-de-prevencion-del-delito-y-participacion-ciudadana\/"]}]},{"@type":"ImageObject","inLanguage":"es","@id":"https:\/\/fuentesfidedignas.com.mx\/index.php\/2023\/09\/26\/llevan-a-cabo-la-primera-sesion-ordinaria-2023-de-la-comision-permanente-de-prevencion-del-delito-y-participacion-ciudadana\/#primaryimage","url":"https:\/\/fuentesfidedignas.com.mx\/wp-content\/uploads\/2023\/09\/WhatsApp-Image-2023-09-26-at-3.06.28-PM.jpeg","contentUrl":"https:\/\/fuentesfidedignas.com.mx\/wp-content\/uploads\/2023\/09\/WhatsApp-Image-2023-09-26-at-3.06.28-PM.jpeg","width":1600,"height":1066},{"@type":"BreadcrumbList","@id":"https:\/\/fuentesfidedignas.com.mx\/index.php\/2023\/09\/26\/llevan-a-cabo-la-primera-sesion-ordinaria-2023-de-la-comision-permanente-de-prevencion-del-delito-y-participacion-ciudadana\/#breadcrumb","itemListElement":[{"@type":"ListItem","position":1,"name":"Inicio","item":"https:\/\/fuentesfidedignas.com.mx\/"},{"@type":"ListItem","position":2,"name":"Llevan a cabo la primera sesi\u00f3n ordinaria 2023 de la Comisi\u00f3n Permanente de Prevenci\u00f3n del Delito y Participaci\u00f3n Ciudadana"}]},{"@type":"WebSite","@id":"https:\/\/fuentesfidedignas.com.mx\/#website","url":"https:\/\/fuentesfidedignas.com.mx\/","name":"Fuentes Fidedignas","description":"Otro sitio realizado con WordPress","publisher":{"@id":"https:\/\/fuentesfidedignas.com.mx\/#organization"},"potentialAction":[{"@type":"SearchAction","target":{"@type":"EntryPoint","urlTemplate":"https:\/\/fuentesfidedignas.com.mx\/?s={search_term_string}"},"query-input":{"@type":"PropertyValueSpecification","valueRequired":true,"valueName":"search_term_string"}}],"inLanguage":"es"},{"@type":"Organization","@id":"https:\/\/fuentesfidedignas.com.mx\/#organization","name":"Fuentes Fidedignas","url":"https:\/\/fuentesfidedignas.com.mx\/","logo":{"@type":"ImageObject","inLanguage":"es","@id":"https:\/\/fuentesfidedignas.com.mx\/#\/schema\/logo\/image\/","url":"https:\/\/fuentesfidedignas.com.mx\/wp-content\/uploads\/2021\/04\/logo-retina.png","contentUrl":"https:\/\/fuentesfidedignas.com.mx\/wp-content\/uploads\/2021\/04\/logo-retina.png","width":280,"height":51,"caption":"Fuentes Fidedignas"},"image":{"@id":"https:\/\/fuentesfidedignas.com.mx\/#\/schema\/logo\/image\/"},"sameAs":["https:\/\/www.facebook.com\/Fuentes-Fidedignas-368234489921644","https:\/\/x.com\/fidedignas"]},{"@type":"Person","@id":"https:\/\/fuentesfidedignas.com.mx\/#\/schema\/person\/331be9283d37198e2acd5750279085b0","name":"Redacci\u00f3n","image":{"@type":"ImageObject","inLanguage":"es","@id":"https:\/\/secure.gravatar.com\/avatar\/f6d8782c11d12b2d4ad3fbb6931aeab5309937a4d6cd2fc9cfaa28a6396a5aec?s=96&d=mm&r=g","url":"https:\/\/secure.gravatar.com\/avatar\/f6d8782c11d12b2d4ad3fbb6931aeab5309937a4d6cd2fc9cfaa28a6396a5aec?s=96&d=mm&r=g","contentUrl":"https:\/\/secure.gravatar.com\/avatar\/f6d8782c11d12b2d4ad3fbb6931aeab5309937a4d6cd2fc9cfaa28a6396a5aec?s=96&d=mm&r=g","caption":"Redacci\u00f3n"},"url":"https:\/\/fuentesfidedignas.com.mx\/index.php\/author\/redaccion\/"}]}},"_links":{"self":[{"href":"https:\/\/fuentesfidedignas.com.mx\/index.php\/wp-json\/wp\/v2\/posts\/60394","targetHints":{"allow":["GET"]}}],"collection":[{"href":"https:\/\/fuentesfidedignas.com.mx\/index.php\/wp-json\/wp\/v2\/posts"}],"about":[{"href":"https:\/\/fuentesfidedignas.com.mx\/index.php\/wp-json\/wp\/v2\/types\/post"}],"author":[{"embeddable":true,"href":"https:\/\/fuentesfidedignas.com.mx\/index.php\/wp-json\/wp\/v2\/users\/4"}],"replies":[{"embeddable":true,"href":"https:\/\/fuentesfidedignas.com.mx\/index.php\/wp-json\/wp\/v2\/comments?post=60394"}],"version-history":[{"count":1,"href":"https:\/\/fuentesfidedignas.com.mx\/index.php\/wp-json\/wp\/v2\/posts\/60394\/revisions"}],"predecessor-version":[{"id":60396,"href":"https:\/\/fuentesfidedignas.com.mx\/index.php\/wp-json\/wp\/v2\/posts\/60394\/revisions\/60396"}],"wp:featuredmedia":[{"embeddable":true,"href":"https:\/\/fuentesfidedignas.com.mx\/index.php\/wp-json\/wp\/v2\/media\/60395"}],"wp:attachment":[{"href":"https:\/\/fuentesfidedignas.com.mx\/index.php\/wp-json\/wp\/v2\/media?parent=60394"}],"wp:term":[{"taxonomy":"category","embeddable":true,"href":"https:\/\/fuentesfidedignas.com.mx\/index.php\/wp-json\/wp\/v2\/categories?post=60394"},{"taxonomy":"post_tag","embeddable":true,"href":"https:\/\/fuentesfidedignas.com.mx\/index.php\/wp-json\/wp\/v2\/tags?post=60394"}],"curies":[{"name":"wp","href":"https:\/\/api.w.org\/{rel}","templated":true}]}}