{"id":60377,"date":"2023-09-26T16:07:15","date_gmt":"2023-09-26T23:07:15","guid":{"rendered":"https:\/\/fuentesfidedignas.com.mx\/?p=60377"},"modified":"2023-09-26T16:08:13","modified_gmt":"2023-09-26T23:08:13","slug":"el-fuerte-presente-en-el-tianguis-internacional-de-pueblos-magicos-de-los-angeles","status":"publish","type":"post","link":"https:\/\/fuentesfidedignas.com.mx\/index.php\/2023\/09\/26\/el-fuerte-presente-en-el-tianguis-internacional-de-pueblos-magicos-de-los-angeles\/","title":{"rendered":"El Fuerte presente en el Tianguis Internacional de Pueblos M\u00e1gicos de Los \u00c1ngeles"},"content":{"rendered":"\n<p><strong><em>En la segunda edici\u00f3n de este evento tur\u00edstico, el municipio de El Fuerte particip\u00f3 con un stand de muestras gastron\u00f3micas y artesan\u00edas<\/em><\/strong><\/p>\n\n\n\n<p>El Fuerte, Sin.- La Direcci\u00f3n de Turismo, a trav\u00e9s de su titular Carlos Adri\u00e1n Cota Rodr\u00edguez, inform\u00f3 sobre la participaci\u00f3n de El Fuerte, en el Tianguis Internacional del Pueblos M\u00e1gicos, el cual se celebr\u00f3 del 22 al 24 de septiembre en la ciudad de Los \u00c1ngeles California, evento de talla mundial, que re\u00fane a los principales destinos tur\u00edsticos del mundo, para que exponga, sus atractivos, gastronom\u00eda y cultura.<\/p>\n\n\n\n<figure class=\"wp-block-gallery has-nested-images columns-default is-cropped wp-block-gallery-1 is-layout-flex wp-block-gallery-is-layout-flex\">\n<figure class=\"wp-block-image size-large\"><img decoding=\"async\" width=\"768\" height=\"1024\" data-id=\"60379\" src=\"https:\/\/fuentesfidedignas.com.mx\/wp-content\/uploads\/2023\/09\/1000135249-768x1024.jpg\" alt=\"\" class=\"wp-image-60379\" srcset=\"https:\/\/fuentesfidedignas.com.mx\/wp-content\/uploads\/2023\/09\/1000135249-768x1024.jpg 768w, https:\/\/fuentesfidedignas.com.mx\/wp-content\/uploads\/2023\/09\/1000135249-225x300.jpg 225w, https:\/\/fuentesfidedignas.com.mx\/wp-content\/uploads\/2023\/09\/1000135249.jpg 960w\" sizes=\"(max-width: 768px) 100vw, 768px\" \/><\/figure>\n\n\n\n<figure class=\"wp-block-image size-large\"><img decoding=\"async\" width=\"576\" height=\"1024\" data-id=\"60378\" src=\"https:\/\/fuentesfidedignas.com.mx\/wp-content\/uploads\/2023\/09\/1000135261-576x1024.jpg\" alt=\"\" class=\"wp-image-60378\" srcset=\"https:\/\/fuentesfidedignas.com.mx\/wp-content\/uploads\/2023\/09\/1000135261-576x1024.jpg 576w, https:\/\/fuentesfidedignas.com.mx\/wp-content\/uploads\/2023\/09\/1000135261-169x300.jpg 169w, https:\/\/fuentesfidedignas.com.mx\/wp-content\/uploads\/2023\/09\/1000135261.jpg 720w\" sizes=\"(max-width: 576px) 100vw, 576px\" \/><\/figure>\n\n\n\n<figure class=\"wp-block-image size-large\"><img decoding=\"async\" width=\"1024\" height=\"768\" data-id=\"60385\" src=\"https:\/\/fuentesfidedignas.com.mx\/wp-content\/uploads\/2023\/09\/1000135240-1024x768.jpg\" alt=\"\" class=\"wp-image-60385\" srcset=\"https:\/\/fuentesfidedignas.com.mx\/wp-content\/uploads\/2023\/09\/1000135240-1024x768.jpg 1024w, https:\/\/fuentesfidedignas.com.mx\/wp-content\/uploads\/2023\/09\/1000135240-300x225.jpg 300w, https:\/\/fuentesfidedignas.com.mx\/wp-content\/uploads\/2023\/09\/1000135240-768x576.jpg 768w, https:\/\/fuentesfidedignas.com.mx\/wp-content\/uploads\/2023\/09\/1000135240-1536x1152.jpg 1536w, https:\/\/fuentesfidedignas.com.mx\/wp-content\/uploads\/2023\/09\/1000135240.jpg 1600w\" sizes=\"(max-width: 1024px) 100vw, 1024px\" \/><\/figure>\n\n\n\n<figure class=\"wp-block-image size-large\"><img decoding=\"async\" width=\"576\" height=\"1024\" data-id=\"60381\" src=\"https:\/\/fuentesfidedignas.com.mx\/wp-content\/uploads\/2023\/09\/1000135243-576x1024.jpg\" alt=\"\" class=\"wp-image-60381\" srcset=\"https:\/\/fuentesfidedignas.com.mx\/wp-content\/uploads\/2023\/09\/1000135243-576x1024.jpg 576w, https:\/\/fuentesfidedignas.com.mx\/wp-content\/uploads\/2023\/09\/1000135243-169x300.jpg 169w, https:\/\/fuentesfidedignas.com.mx\/wp-content\/uploads\/2023\/09\/1000135243-768x1365.jpg 768w, https:\/\/fuentesfidedignas.com.mx\/wp-content\/uploads\/2023\/09\/1000135243-864x1536.jpg 864w, https:\/\/fuentesfidedignas.com.mx\/wp-content\/uploads\/2023\/09\/1000135243.jpg 900w\" sizes=\"(max-width: 576px) 100vw, 576px\" \/><\/figure>\n\n\n\n<figure class=\"wp-block-image size-large\"><img decoding=\"async\" width=\"768\" height=\"1024\" data-id=\"60384\" src=\"https:\/\/fuentesfidedignas.com.mx\/wp-content\/uploads\/2023\/09\/1000135255-768x1024.jpg\" alt=\"\" class=\"wp-image-60384\" srcset=\"https:\/\/fuentesfidedignas.com.mx\/wp-content\/uploads\/2023\/09\/1000135255-768x1024.jpg 768w, https:\/\/fuentesfidedignas.com.mx\/wp-content\/uploads\/2023\/09\/1000135255-225x300.jpg 225w, https:\/\/fuentesfidedignas.com.mx\/wp-content\/uploads\/2023\/09\/1000135255-1152x1536.jpg 1152w, https:\/\/fuentesfidedignas.com.mx\/wp-content\/uploads\/2023\/09\/1000135255.jpg 1200w\" sizes=\"(max-width: 768px) 100vw, 768px\" \/><\/figure>\n\n\n\n<figure class=\"wp-block-image size-large\"><img decoding=\"async\" width=\"1024\" height=\"768\" data-id=\"60380\" src=\"https:\/\/fuentesfidedignas.com.mx\/wp-content\/uploads\/2023\/09\/1000135252-1024x768.jpg\" alt=\"\" class=\"wp-image-60380\" srcset=\"https:\/\/fuentesfidedignas.com.mx\/wp-content\/uploads\/2023\/09\/1000135252-1024x768.jpg 1024w, https:\/\/fuentesfidedignas.com.mx\/wp-content\/uploads\/2023\/09\/1000135252-300x225.jpg 300w, https:\/\/fuentesfidedignas.com.mx\/wp-content\/uploads\/2023\/09\/1000135252-768x576.jpg 768w, https:\/\/fuentesfidedignas.com.mx\/wp-content\/uploads\/2023\/09\/1000135252-1536x1152.jpg 1536w, https:\/\/fuentesfidedignas.com.mx\/wp-content\/uploads\/2023\/09\/1000135252.jpg 1600w\" sizes=\"(max-width: 1024px) 100vw, 1024px\" \/><\/figure>\n\n\n\n<figure class=\"wp-block-image size-large\"><img decoding=\"async\" width=\"576\" height=\"1024\" data-id=\"60382\" src=\"https:\/\/fuentesfidedignas.com.mx\/wp-content\/uploads\/2023\/09\/1000135264-576x1024.jpg\" alt=\"\" class=\"wp-image-60382\" srcset=\"https:\/\/fuentesfidedignas.com.mx\/wp-content\/uploads\/2023\/09\/1000135264-576x1024.jpg 576w, https:\/\/fuentesfidedignas.com.mx\/wp-content\/uploads\/2023\/09\/1000135264-169x300.jpg 169w, https:\/\/fuentesfidedignas.com.mx\/wp-content\/uploads\/2023\/09\/1000135264-768x1365.jpg 768w, https:\/\/fuentesfidedignas.com.mx\/wp-content\/uploads\/2023\/09\/1000135264-864x1536.jpg 864w, https:\/\/fuentesfidedignas.com.mx\/wp-content\/uploads\/2023\/09\/1000135264.jpg 900w\" sizes=\"(max-width: 576px) 100vw, 576px\" \/><\/figure>\n\n\n\n<figure class=\"wp-block-image size-large\"><img decoding=\"async\" width=\"768\" height=\"1024\" data-id=\"60383\" src=\"https:\/\/fuentesfidedignas.com.mx\/wp-content\/uploads\/2023\/09\/1000135237-768x1024.jpg\" alt=\"\" class=\"wp-image-60383\" srcset=\"https:\/\/fuentesfidedignas.com.mx\/wp-content\/uploads\/2023\/09\/1000135237-768x1024.jpg 768w, https:\/\/fuentesfidedignas.com.mx\/wp-content\/uploads\/2023\/09\/1000135237-225x300.jpg 225w, https:\/\/fuentesfidedignas.com.mx\/wp-content\/uploads\/2023\/09\/1000135237-1152x1536.jpg 1152w, https:\/\/fuentesfidedignas.com.mx\/wp-content\/uploads\/2023\/09\/1000135237.jpg 1200w\" sizes=\"(max-width: 768px) 100vw, 768px\" \/><\/figure>\n\n\n\n<figure class=\"wp-block-image size-large\"><img decoding=\"async\" width=\"1024\" height=\"768\" data-id=\"60386\" src=\"https:\/\/fuentesfidedignas.com.mx\/wp-content\/uploads\/2023\/09\/1000135246-1024x768.jpg\" alt=\"\" class=\"wp-image-60386\" srcset=\"https:\/\/fuentesfidedignas.com.mx\/wp-content\/uploads\/2023\/09\/1000135246-1024x768.jpg 1024w, https:\/\/fuentesfidedignas.com.mx\/wp-content\/uploads\/2023\/09\/1000135246-300x225.jpg 300w, https:\/\/fuentesfidedignas.com.mx\/wp-content\/uploads\/2023\/09\/1000135246-768x576.jpg 768w, https:\/\/fuentesfidedignas.com.mx\/wp-content\/uploads\/2023\/09\/1000135246.jpg 1280w\" sizes=\"(max-width: 1024px) 100vw, 1024px\" \/><\/figure>\n<\/figure>\n\n\n\n<p>La Secretaria de Turismo de Sinaloa coordin\u00f3 a los cuatro pueblos m\u00e1gicos del estado, brindando un espacio para el municipio de El Fuerte donde se puso a disposici\u00f3n de los presentes muestras de productos t\u00edpicos de la regi\u00f3n, artesan\u00eda yoreme, folletos y videos promocionales.<\/p>\n\n\n\n<p>Cota Rodr\u00edguez inform\u00f3 que en este evento estuvo el Secretario de Turismo, Miguel Torruco Marques, quien reconoci\u00f3 que el stand de Sinaloa fue de los m\u00e1s visitados, por ciudadanos americanos y por la comunidad latina que radica all\u00e1.<\/p>\n\n\n\n<p>Este tipo de actividades buscan detonar la afluencia tur\u00edstica internacional en los pueblos m\u00e1gicos, gracias a suma de esfuerzos de los tres niveles de gobierno, para aprovechar al m\u00e1ximo esta plataforma.<\/p>\n","protected":false},"excerpt":{"rendered":"<p>En la segunda edici\u00f3n de este evento tur\u00edstico, el municipio de El Fuerte particip\u00f3 con un stand de muestras gastron\u00f3micas y artesan\u00edas El Fuerte, Sin.- La Direcci\u00f3n de Turismo, a trav\u00e9s de su titular Carlos Adri\u00e1n Cota Rodr\u00edguez, inform\u00f3 sobre la participaci\u00f3n de El Fuerte, en el Tianguis Internacional del Pueblos M\u00e1gicos, el cual se [&hellip;]<\/p>\n","protected":false},"author":4,"featured_media":60388,"comment_status":"open","ping_status":"open","sticky":false,"template":"","format":"standard","meta":{"tdm_status":"","tdm_grid_status":"","footnotes":""},"categories":[38,1],"tags":[],"class_list":{"0":"post-60377","1":"post","2":"type-post","3":"status-publish","4":"format-standard","5":"has-post-thumbnail","7":"category-noticias-locales","8":"category-sin-categoria"},"yoast_head":"<!-- This site is optimized with the Yoast SEO plugin v27.5 - https:\/\/yoast.com\/product\/yoast-seo-wordpress\/ -->\n<title>El Fuerte presente en el Tianguis Internacional de Pueblos M\u00e1gicos de Los \u00c1ngeles - Fuentes Fidedignas<\/title>\n<meta name=\"robots\" content=\"index, follow, max-snippet:-1, max-image-preview:large, max-video-preview:-1\" \/>\n<link rel=\"canonical\" href=\"https:\/\/fuentesfidedignas.com.mx\/index.php\/2023\/09\/26\/el-fuerte-presente-en-el-tianguis-internacional-de-pueblos-magicos-de-los-angeles\/\" \/>\n<meta property=\"og:locale\" content=\"es_MX\" \/>\n<meta property=\"og:type\" content=\"article\" \/>\n<meta property=\"og:title\" content=\"El Fuerte presente en el Tianguis Internacional de Pueblos M\u00e1gicos de Los \u00c1ngeles - Fuentes Fidedignas\" \/>\n<meta property=\"og:description\" content=\"En la segunda edici\u00f3n de este evento tur\u00edstico, el municipio de El Fuerte particip\u00f3 con un stand de muestras gastron\u00f3micas y artesan\u00edas El Fuerte, Sin.- La Direcci\u00f3n de Turismo, a trav\u00e9s de su titular Carlos Adri\u00e1n Cota Rodr\u00edguez, inform\u00f3 sobre la participaci\u00f3n de El Fuerte, en el Tianguis Internacional del Pueblos M\u00e1gicos, el cual se [&hellip;]\" \/>\n<meta property=\"og:url\" content=\"https:\/\/fuentesfidedignas.com.mx\/index.php\/2023\/09\/26\/el-fuerte-presente-en-el-tianguis-internacional-de-pueblos-magicos-de-los-angeles\/\" \/>\n<meta property=\"og:site_name\" content=\"Fuentes Fidedignas\" \/>\n<meta property=\"article:publisher\" content=\"https:\/\/www.facebook.com\/Fuentes-Fidedignas-368234489921644\" \/>\n<meta property=\"article:published_time\" content=\"2023-09-26T23:07:15+00:00\" \/>\n<meta property=\"article:modified_time\" content=\"2023-09-26T23:08:13+00:00\" \/>\n<meta property=\"og:image\" content=\"https:\/\/fuentesfidedignas.com.mx\/wp-content\/uploads\/2023\/09\/IMG-20230926-WA0066.jpg\" \/>\n\t<meta property=\"og:image:width\" content=\"1200\" \/>\n\t<meta property=\"og:image:height\" content=\"1600\" \/>\n\t<meta property=\"og:image:type\" content=\"image\/jpeg\" \/>\n<meta name=\"author\" content=\"Redacci\u00f3n\" \/>\n<meta name=\"twitter:card\" content=\"summary_large_image\" \/>\n<meta name=\"twitter:creator\" content=\"@fidedignas\" \/>\n<meta name=\"twitter:site\" content=\"@fidedignas\" \/>\n<meta name=\"twitter:label1\" content=\"Escrito por\" \/>\n\t<meta name=\"twitter:data1\" content=\"Redacci\u00f3n\" \/>\n\t<meta name=\"twitter:label2\" content=\"Tiempo de lectura\" \/>\n\t<meta name=\"twitter:data2\" content=\"3 minutos\" \/>\n<script type=\"application\/ld+json\" class=\"yoast-schema-graph\">{\"@context\":\"https:\\\/\\\/schema.org\",\"@graph\":[{\"@type\":\"Article\",\"@id\":\"https:\\\/\\\/fuentesfidedignas.com.mx\\\/index.php\\\/2023\\\/09\\\/26\\\/el-fuerte-presente-en-el-tianguis-internacional-de-pueblos-magicos-de-los-angeles\\\/#article\",\"isPartOf\":{\"@id\":\"https:\\\/\\\/fuentesfidedignas.com.mx\\\/index.php\\\/2023\\\/09\\\/26\\\/el-fuerte-presente-en-el-tianguis-internacional-de-pueblos-magicos-de-los-angeles\\\/\"},\"author\":{\"name\":\"Redacci\u00f3n\",\"@id\":\"https:\\\/\\\/fuentesfidedignas.com.mx\\\/#\\\/schema\\\/person\\\/331be9283d37198e2acd5750279085b0\"},\"headline\":\"El Fuerte presente en el Tianguis Internacional de Pueblos M\u00e1gicos de Los \u00c1ngeles\",\"datePublished\":\"2023-09-26T23:07:15+00:00\",\"dateModified\":\"2023-09-26T23:08:13+00:00\",\"mainEntityOfPage\":{\"@id\":\"https:\\\/\\\/fuentesfidedignas.com.mx\\\/index.php\\\/2023\\\/09\\\/26\\\/el-fuerte-presente-en-el-tianguis-internacional-de-pueblos-magicos-de-los-angeles\\\/\"},\"wordCount\":239,\"commentCount\":0,\"publisher\":{\"@id\":\"https:\\\/\\\/fuentesfidedignas.com.mx\\\/#organization\"},\"image\":{\"@id\":\"https:\\\/\\\/fuentesfidedignas.com.mx\\\/index.php\\\/2023\\\/09\\\/26\\\/el-fuerte-presente-en-el-tianguis-internacional-de-pueblos-magicos-de-los-angeles\\\/#primaryimage\"},\"thumbnailUrl\":\"https:\\\/\\\/fuentesfidedignas.com.mx\\\/wp-content\\\/uploads\\\/2023\\\/09\\\/IMG-20230926-WA0066.jpg\",\"articleSection\":[\"NOTICIAS LOCALES\"],\"inLanguage\":\"es\",\"potentialAction\":[{\"@type\":\"CommentAction\",\"name\":\"Comment\",\"target\":[\"https:\\\/\\\/fuentesfidedignas.com.mx\\\/index.php\\\/2023\\\/09\\\/26\\\/el-fuerte-presente-en-el-tianguis-internacional-de-pueblos-magicos-de-los-angeles\\\/#respond\"]}]},{\"@type\":\"WebPage\",\"@id\":\"https:\\\/\\\/fuentesfidedignas.com.mx\\\/index.php\\\/2023\\\/09\\\/26\\\/el-fuerte-presente-en-el-tianguis-internacional-de-pueblos-magicos-de-los-angeles\\\/\",\"url\":\"https:\\\/\\\/fuentesfidedignas.com.mx\\\/index.php\\\/2023\\\/09\\\/26\\\/el-fuerte-presente-en-el-tianguis-internacional-de-pueblos-magicos-de-los-angeles\\\/\",\"name\":\"El Fuerte presente en el Tianguis Internacional de Pueblos M\u00e1gicos de Los \u00c1ngeles - Fuentes Fidedignas\",\"isPartOf\":{\"@id\":\"https:\\\/\\\/fuentesfidedignas.com.mx\\\/#website\"},\"primaryImageOfPage\":{\"@id\":\"https:\\\/\\\/fuentesfidedignas.com.mx\\\/index.php\\\/2023\\\/09\\\/26\\\/el-fuerte-presente-en-el-tianguis-internacional-de-pueblos-magicos-de-los-angeles\\\/#primaryimage\"},\"image\":{\"@id\":\"https:\\\/\\\/fuentesfidedignas.com.mx\\\/index.php\\\/2023\\\/09\\\/26\\\/el-fuerte-presente-en-el-tianguis-internacional-de-pueblos-magicos-de-los-angeles\\\/#primaryimage\"},\"thumbnailUrl\":\"https:\\\/\\\/fuentesfidedignas.com.mx\\\/wp-content\\\/uploads\\\/2023\\\/09\\\/IMG-20230926-WA0066.jpg\",\"datePublished\":\"2023-09-26T23:07:15+00:00\",\"dateModified\":\"2023-09-26T23:08:13+00:00\",\"breadcrumb\":{\"@id\":\"https:\\\/\\\/fuentesfidedignas.com.mx\\\/index.php\\\/2023\\\/09\\\/26\\\/el-fuerte-presente-en-el-tianguis-internacional-de-pueblos-magicos-de-los-angeles\\\/#breadcrumb\"},\"inLanguage\":\"es\",\"potentialAction\":[{\"@type\":\"ReadAction\",\"target\":[\"https:\\\/\\\/fuentesfidedignas.com.mx\\\/index.php\\\/2023\\\/09\\\/26\\\/el-fuerte-presente-en-el-tianguis-internacional-de-pueblos-magicos-de-los-angeles\\\/\"]}]},{\"@type\":\"ImageObject\",\"inLanguage\":\"es\",\"@id\":\"https:\\\/\\\/fuentesfidedignas.com.mx\\\/index.php\\\/2023\\\/09\\\/26\\\/el-fuerte-presente-en-el-tianguis-internacional-de-pueblos-magicos-de-los-angeles\\\/#primaryimage\",\"url\":\"https:\\\/\\\/fuentesfidedignas.com.mx\\\/wp-content\\\/uploads\\\/2023\\\/09\\\/IMG-20230926-WA0066.jpg\",\"contentUrl\":\"https:\\\/\\\/fuentesfidedignas.com.mx\\\/wp-content\\\/uploads\\\/2023\\\/09\\\/IMG-20230926-WA0066.jpg\",\"width\":1200,\"height\":1600},{\"@type\":\"BreadcrumbList\",\"@id\":\"https:\\\/\\\/fuentesfidedignas.com.mx\\\/index.php\\\/2023\\\/09\\\/26\\\/el-fuerte-presente-en-el-tianguis-internacional-de-pueblos-magicos-de-los-angeles\\\/#breadcrumb\",\"itemListElement\":[{\"@type\":\"ListItem\",\"position\":1,\"name\":\"Inicio\",\"item\":\"https:\\\/\\\/fuentesfidedignas.com.mx\\\/\"},{\"@type\":\"ListItem\",\"position\":2,\"name\":\"El Fuerte presente en el Tianguis Internacional de Pueblos M\u00e1gicos de Los \u00c1ngeles\"}]},{\"@type\":\"WebSite\",\"@id\":\"https:\\\/\\\/fuentesfidedignas.com.mx\\\/#website\",\"url\":\"https:\\\/\\\/fuentesfidedignas.com.mx\\\/\",\"name\":\"Fuentes Fidedignas\",\"description\":\"Otro sitio realizado con WordPress\",\"publisher\":{\"@id\":\"https:\\\/\\\/fuentesfidedignas.com.mx\\\/#organization\"},\"potentialAction\":[{\"@type\":\"SearchAction\",\"target\":{\"@type\":\"EntryPoint\",\"urlTemplate\":\"https:\\\/\\\/fuentesfidedignas.com.mx\\\/?s={search_term_string}\"},\"query-input\":{\"@type\":\"PropertyValueSpecification\",\"valueRequired\":true,\"valueName\":\"search_term_string\"}}],\"inLanguage\":\"es\"},{\"@type\":\"Organization\",\"@id\":\"https:\\\/\\\/fuentesfidedignas.com.mx\\\/#organization\",\"name\":\"Fuentes Fidedignas\",\"url\":\"https:\\\/\\\/fuentesfidedignas.com.mx\\\/\",\"logo\":{\"@type\":\"ImageObject\",\"inLanguage\":\"es\",\"@id\":\"https:\\\/\\\/fuentesfidedignas.com.mx\\\/#\\\/schema\\\/logo\\\/image\\\/\",\"url\":\"https:\\\/\\\/fuentesfidedignas.com.mx\\\/wp-content\\\/uploads\\\/2021\\\/04\\\/logo-retina.png\",\"contentUrl\":\"https:\\\/\\\/fuentesfidedignas.com.mx\\\/wp-content\\\/uploads\\\/2021\\\/04\\\/logo-retina.png\",\"width\":280,\"height\":51,\"caption\":\"Fuentes Fidedignas\"},\"image\":{\"@id\":\"https:\\\/\\\/fuentesfidedignas.com.mx\\\/#\\\/schema\\\/logo\\\/image\\\/\"},\"sameAs\":[\"https:\\\/\\\/www.facebook.com\\\/Fuentes-Fidedignas-368234489921644\",\"https:\\\/\\\/x.com\\\/fidedignas\"]},{\"@type\":\"Person\",\"@id\":\"https:\\\/\\\/fuentesfidedignas.com.mx\\\/#\\\/schema\\\/person\\\/331be9283d37198e2acd5750279085b0\",\"name\":\"Redacci\u00f3n\",\"image\":{\"@type\":\"ImageObject\",\"inLanguage\":\"es\",\"@id\":\"https:\\\/\\\/secure.gravatar.com\\\/avatar\\\/f6d8782c11d12b2d4ad3fbb6931aeab5309937a4d6cd2fc9cfaa28a6396a5aec?s=96&d=mm&r=g\",\"url\":\"https:\\\/\\\/secure.gravatar.com\\\/avatar\\\/f6d8782c11d12b2d4ad3fbb6931aeab5309937a4d6cd2fc9cfaa28a6396a5aec?s=96&d=mm&r=g\",\"contentUrl\":\"https:\\\/\\\/secure.gravatar.com\\\/avatar\\\/f6d8782c11d12b2d4ad3fbb6931aeab5309937a4d6cd2fc9cfaa28a6396a5aec?s=96&d=mm&r=g\",\"caption\":\"Redacci\u00f3n\"},\"url\":\"https:\\\/\\\/fuentesfidedignas.com.mx\\\/index.php\\\/author\\\/redaccion\\\/\"}]}<\/script>\n<!-- \/ Yoast SEO plugin. -->","yoast_head_json":{"title":"El Fuerte presente en el Tianguis Internacional de Pueblos M\u00e1gicos de Los \u00c1ngeles - Fuentes Fidedignas","robots":{"index":"index","follow":"follow","max-snippet":"max-snippet:-1","max-image-preview":"max-image-preview:large","max-video-preview":"max-video-preview:-1"},"canonical":"https:\/\/fuentesfidedignas.com.mx\/index.php\/2023\/09\/26\/el-fuerte-presente-en-el-tianguis-internacional-de-pueblos-magicos-de-los-angeles\/","og_locale":"es_MX","og_type":"article","og_title":"El Fuerte presente en el Tianguis Internacional de Pueblos M\u00e1gicos de Los \u00c1ngeles - Fuentes Fidedignas","og_description":"En la segunda edici\u00f3n de este evento tur\u00edstico, el municipio de El Fuerte particip\u00f3 con un stand de muestras gastron\u00f3micas y artesan\u00edas El Fuerte, Sin.- La Direcci\u00f3n de Turismo, a trav\u00e9s de su titular Carlos Adri\u00e1n Cota Rodr\u00edguez, inform\u00f3 sobre la participaci\u00f3n de El Fuerte, en el Tianguis Internacional del Pueblos M\u00e1gicos, el cual se [&hellip;]","og_url":"https:\/\/fuentesfidedignas.com.mx\/index.php\/2023\/09\/26\/el-fuerte-presente-en-el-tianguis-internacional-de-pueblos-magicos-de-los-angeles\/","og_site_name":"Fuentes Fidedignas","article_publisher":"https:\/\/www.facebook.com\/Fuentes-Fidedignas-368234489921644","article_published_time":"2023-09-26T23:07:15+00:00","article_modified_time":"2023-09-26T23:08:13+00:00","og_image":[{"width":1200,"height":1600,"url":"https:\/\/fuentesfidedignas.com.mx\/wp-content\/uploads\/2023\/09\/IMG-20230926-WA0066.jpg","type":"image\/jpeg"}],"author":"Redacci\u00f3n","twitter_card":"summary_large_image","twitter_creator":"@fidedignas","twitter_site":"@fidedignas","twitter_misc":{"Escrito por":"Redacci\u00f3n","Tiempo de lectura":"3 minutos"},"schema":{"@context":"https:\/\/schema.org","@graph":[{"@type":"Article","@id":"https:\/\/fuentesfidedignas.com.mx\/index.php\/2023\/09\/26\/el-fuerte-presente-en-el-tianguis-internacional-de-pueblos-magicos-de-los-angeles\/#article","isPartOf":{"@id":"https:\/\/fuentesfidedignas.com.mx\/index.php\/2023\/09\/26\/el-fuerte-presente-en-el-tianguis-internacional-de-pueblos-magicos-de-los-angeles\/"},"author":{"name":"Redacci\u00f3n","@id":"https:\/\/fuentesfidedignas.com.mx\/#\/schema\/person\/331be9283d37198e2acd5750279085b0"},"headline":"El Fuerte presente en el Tianguis Internacional de Pueblos M\u00e1gicos de Los \u00c1ngeles","datePublished":"2023-09-26T23:07:15+00:00","dateModified":"2023-09-26T23:08:13+00:00","mainEntityOfPage":{"@id":"https:\/\/fuentesfidedignas.com.mx\/index.php\/2023\/09\/26\/el-fuerte-presente-en-el-tianguis-internacional-de-pueblos-magicos-de-los-angeles\/"},"wordCount":239,"commentCount":0,"publisher":{"@id":"https:\/\/fuentesfidedignas.com.mx\/#organization"},"image":{"@id":"https:\/\/fuentesfidedignas.com.mx\/index.php\/2023\/09\/26\/el-fuerte-presente-en-el-tianguis-internacional-de-pueblos-magicos-de-los-angeles\/#primaryimage"},"thumbnailUrl":"https:\/\/fuentesfidedignas.com.mx\/wp-content\/uploads\/2023\/09\/IMG-20230926-WA0066.jpg","articleSection":["NOTICIAS LOCALES"],"inLanguage":"es","potentialAction":[{"@type":"CommentAction","name":"Comment","target":["https:\/\/fuentesfidedignas.com.mx\/index.php\/2023\/09\/26\/el-fuerte-presente-en-el-tianguis-internacional-de-pueblos-magicos-de-los-angeles\/#respond"]}]},{"@type":"WebPage","@id":"https:\/\/fuentesfidedignas.com.mx\/index.php\/2023\/09\/26\/el-fuerte-presente-en-el-tianguis-internacional-de-pueblos-magicos-de-los-angeles\/","url":"https:\/\/fuentesfidedignas.com.mx\/index.php\/2023\/09\/26\/el-fuerte-presente-en-el-tianguis-internacional-de-pueblos-magicos-de-los-angeles\/","name":"El Fuerte presente en el Tianguis Internacional de Pueblos M\u00e1gicos de Los \u00c1ngeles - Fuentes Fidedignas","isPartOf":{"@id":"https:\/\/fuentesfidedignas.com.mx\/#website"},"primaryImageOfPage":{"@id":"https:\/\/fuentesfidedignas.com.mx\/index.php\/2023\/09\/26\/el-fuerte-presente-en-el-tianguis-internacional-de-pueblos-magicos-de-los-angeles\/#primaryimage"},"image":{"@id":"https:\/\/fuentesfidedignas.com.mx\/index.php\/2023\/09\/26\/el-fuerte-presente-en-el-tianguis-internacional-de-pueblos-magicos-de-los-angeles\/#primaryimage"},"thumbnailUrl":"https:\/\/fuentesfidedignas.com.mx\/wp-content\/uploads\/2023\/09\/IMG-20230926-WA0066.jpg","datePublished":"2023-09-26T23:07:15+00:00","dateModified":"2023-09-26T23:08:13+00:00","breadcrumb":{"@id":"https:\/\/fuentesfidedignas.com.mx\/index.php\/2023\/09\/26\/el-fuerte-presente-en-el-tianguis-internacional-de-pueblos-magicos-de-los-angeles\/#breadcrumb"},"inLanguage":"es","potentialAction":[{"@type":"ReadAction","target":["https:\/\/fuentesfidedignas.com.mx\/index.php\/2023\/09\/26\/el-fuerte-presente-en-el-tianguis-internacional-de-pueblos-magicos-de-los-angeles\/"]}]},{"@type":"ImageObject","inLanguage":"es","@id":"https:\/\/fuentesfidedignas.com.mx\/index.php\/2023\/09\/26\/el-fuerte-presente-en-el-tianguis-internacional-de-pueblos-magicos-de-los-angeles\/#primaryimage","url":"https:\/\/fuentesfidedignas.com.mx\/wp-content\/uploads\/2023\/09\/IMG-20230926-WA0066.jpg","contentUrl":"https:\/\/fuentesfidedignas.com.mx\/wp-content\/uploads\/2023\/09\/IMG-20230926-WA0066.jpg","width":1200,"height":1600},{"@type":"BreadcrumbList","@id":"https:\/\/fuentesfidedignas.com.mx\/index.php\/2023\/09\/26\/el-fuerte-presente-en-el-tianguis-internacional-de-pueblos-magicos-de-los-angeles\/#breadcrumb","itemListElement":[{"@type":"ListItem","position":1,"name":"Inicio","item":"https:\/\/fuentesfidedignas.com.mx\/"},{"@type":"ListItem","position":2,"name":"El Fuerte presente en el Tianguis Internacional de Pueblos M\u00e1gicos de Los \u00c1ngeles"}]},{"@type":"WebSite","@id":"https:\/\/fuentesfidedignas.com.mx\/#website","url":"https:\/\/fuentesfidedignas.com.mx\/","name":"Fuentes Fidedignas","description":"Otro sitio realizado con WordPress","publisher":{"@id":"https:\/\/fuentesfidedignas.com.mx\/#organization"},"potentialAction":[{"@type":"SearchAction","target":{"@type":"EntryPoint","urlTemplate":"https:\/\/fuentesfidedignas.com.mx\/?s={search_term_string}"},"query-input":{"@type":"PropertyValueSpecification","valueRequired":true,"valueName":"search_term_string"}}],"inLanguage":"es"},{"@type":"Organization","@id":"https:\/\/fuentesfidedignas.com.mx\/#organization","name":"Fuentes Fidedignas","url":"https:\/\/fuentesfidedignas.com.mx\/","logo":{"@type":"ImageObject","inLanguage":"es","@id":"https:\/\/fuentesfidedignas.com.mx\/#\/schema\/logo\/image\/","url":"https:\/\/fuentesfidedignas.com.mx\/wp-content\/uploads\/2021\/04\/logo-retina.png","contentUrl":"https:\/\/fuentesfidedignas.com.mx\/wp-content\/uploads\/2021\/04\/logo-retina.png","width":280,"height":51,"caption":"Fuentes Fidedignas"},"image":{"@id":"https:\/\/fuentesfidedignas.com.mx\/#\/schema\/logo\/image\/"},"sameAs":["https:\/\/www.facebook.com\/Fuentes-Fidedignas-368234489921644","https:\/\/x.com\/fidedignas"]},{"@type":"Person","@id":"https:\/\/fuentesfidedignas.com.mx\/#\/schema\/person\/331be9283d37198e2acd5750279085b0","name":"Redacci\u00f3n","image":{"@type":"ImageObject","inLanguage":"es","@id":"https:\/\/secure.gravatar.com\/avatar\/f6d8782c11d12b2d4ad3fbb6931aeab5309937a4d6cd2fc9cfaa28a6396a5aec?s=96&d=mm&r=g","url":"https:\/\/secure.gravatar.com\/avatar\/f6d8782c11d12b2d4ad3fbb6931aeab5309937a4d6cd2fc9cfaa28a6396a5aec?s=96&d=mm&r=g","contentUrl":"https:\/\/secure.gravatar.com\/avatar\/f6d8782c11d12b2d4ad3fbb6931aeab5309937a4d6cd2fc9cfaa28a6396a5aec?s=96&d=mm&r=g","caption":"Redacci\u00f3n"},"url":"https:\/\/fuentesfidedignas.com.mx\/index.php\/author\/redaccion\/"}]}},"_links":{"self":[{"href":"https:\/\/fuentesfidedignas.com.mx\/index.php\/wp-json\/wp\/v2\/posts\/60377","targetHints":{"allow":["GET"]}}],"collection":[{"href":"https:\/\/fuentesfidedignas.com.mx\/index.php\/wp-json\/wp\/v2\/posts"}],"about":[{"href":"https:\/\/fuentesfidedignas.com.mx\/index.php\/wp-json\/wp\/v2\/types\/post"}],"author":[{"embeddable":true,"href":"https:\/\/fuentesfidedignas.com.mx\/index.php\/wp-json\/wp\/v2\/users\/4"}],"replies":[{"embeddable":true,"href":"https:\/\/fuentesfidedignas.com.mx\/index.php\/wp-json\/wp\/v2\/comments?post=60377"}],"version-history":[{"count":1,"href":"https:\/\/fuentesfidedignas.com.mx\/index.php\/wp-json\/wp\/v2\/posts\/60377\/revisions"}],"predecessor-version":[{"id":60387,"href":"https:\/\/fuentesfidedignas.com.mx\/index.php\/wp-json\/wp\/v2\/posts\/60377\/revisions\/60387"}],"wp:featuredmedia":[{"embeddable":true,"href":"https:\/\/fuentesfidedignas.com.mx\/index.php\/wp-json\/wp\/v2\/media\/60388"}],"wp:attachment":[{"href":"https:\/\/fuentesfidedignas.com.mx\/index.php\/wp-json\/wp\/v2\/media?parent=60377"}],"wp:term":[{"taxonomy":"category","embeddable":true,"href":"https:\/\/fuentesfidedignas.com.mx\/index.php\/wp-json\/wp\/v2\/categories?post=60377"},{"taxonomy":"post_tag","embeddable":true,"href":"https:\/\/fuentesfidedignas.com.mx\/index.php\/wp-json\/wp\/v2\/tags?post=60377"}],"curies":[{"name":"wp","href":"https:\/\/api.w.org\/{rel}","templated":true}]}}