{"id":60374,"date":"2023-09-26T14:50:52","date_gmt":"2023-09-26T21:50:52","guid":{"rendered":"https:\/\/fuentesfidedignas.com.mx\/?p=60374"},"modified":"2023-09-26T14:51:31","modified_gmt":"2023-09-26T21:51:31","slug":"gobiernos-de-morena-han-salido-buenos-para-organizar-mitines-pero-no-para-gobernar-mc","status":"publish","type":"post","link":"https:\/\/fuentesfidedignas.com.mx\/index.php\/2023\/09\/26\/gobiernos-de-morena-han-salido-buenos-para-organizar-mitines-pero-no-para-gobernar-mc\/","title":{"rendered":"Gobiernos de Morena han salido buenos para organizar m\u00edtines, pero no para gobernar: MC"},"content":{"rendered":"\n<p><strong><em>Sergio Torres l\u00edder acus\u00f3 a los gobiernos de Morena de gastar del erario para organizar actos anticipados de campa\u00f1a, refiri\u00e9ndose a la visita de Claudia Sheinbaum el pasado s\u00e1bado<\/em><\/strong><\/p>\n\n\n\n<p>Guasave, Sin. El pasado s\u00e1bado, en Culiac\u00e1n, se recibi\u00f3 la visita de la virtual candidata a la presidencia de M\u00e9xico por Morena en el que se denunciaron acarreos de personas de todos los municipios para llenar el evento. Por lo anterior, Sergio Torres, expres\u00f3 que estaban gastando dinero de las personas que se pueden invertir en obras para los municipios.<\/p>\n\n\n\n<p>Se\u00f1al\u00f3 que los municipios de Sinaloa est\u00e1n olvidados, que no ten\u00edan obras y algunos hasta tienen servicios p\u00fablicos deficientes mientras que el dinero, refiri\u00e9ndose a millones de pesos, lo gastaban para organizar eventos, rentar camiones, comida y ofrecer a la ciudadan\u00eda para que acepten ir a los m\u00edtines pol\u00edticos de Morena.<\/p>\n\n\n\n<p>Agreg\u00f3 que los presidentes municipales olvidaban sus responsabilidades en sus municipios por quedar bien al asistir a estos eventos mientras que las alcald\u00edas les hac\u00edan falta pavimentaciones, rescatar parques p\u00fablicos, reparar escuelas, entre otros, pero asegur\u00f3 que mejor prefer\u00edan hacer actos de proselitismo porque era lo \u00fanico que les sal\u00eda bien, por lo que los exhort\u00f3 a recorrer sus calles, que se den cuenta de las necesidades y se enfoquen en resolverlas, finaliz\u00f3.<\/p>\n","protected":false},"excerpt":{"rendered":"<p>Sergio Torres l\u00edder acus\u00f3 a los gobiernos de Morena de gastar del erario para organizar actos anticipados de campa\u00f1a, refiri\u00e9ndose a la visita de Claudia Sheinbaum el pasado s\u00e1bado Guasave, Sin. El pasado s\u00e1bado, en Culiac\u00e1n, se recibi\u00f3 la visita de la virtual candidata a la presidencia de M\u00e9xico por Morena en el que se [&hellip;]<\/p>\n","protected":false},"author":4,"featured_media":60376,"comment_status":"open","ping_status":"open","sticky":false,"template":"","format":"standard","meta":{"tdm_status":"","tdm_grid_status":"","footnotes":""},"categories":[37,1],"tags":[],"class_list":{"0":"post-60374","1":"post","2":"type-post","3":"status-publish","4":"format-standard","5":"has-post-thumbnail","7":"category-nota-principal","8":"category-sin-categoria"},"yoast_head":"<!-- This site is optimized with the Yoast SEO plugin v27.5 - https:\/\/yoast.com\/product\/yoast-seo-wordpress\/ -->\n<title>Gobiernos de Morena han salido buenos para organizar m\u00edtines, pero no para gobernar: MC - Fuentes Fidedignas<\/title>\n<meta name=\"robots\" content=\"index, follow, max-snippet:-1, max-image-preview:large, max-video-preview:-1\" \/>\n<link rel=\"canonical\" href=\"https:\/\/fuentesfidedignas.com.mx\/index.php\/2023\/09\/26\/gobiernos-de-morena-han-salido-buenos-para-organizar-mitines-pero-no-para-gobernar-mc\/\" \/>\n<meta property=\"og:locale\" content=\"es_MX\" \/>\n<meta property=\"og:type\" content=\"article\" \/>\n<meta property=\"og:title\" content=\"Gobiernos de Morena han salido buenos para organizar m\u00edtines, pero no para gobernar: MC - Fuentes Fidedignas\" \/>\n<meta property=\"og:description\" content=\"Sergio Torres l\u00edder acus\u00f3 a los gobiernos de Morena de gastar del erario para organizar actos anticipados de campa\u00f1a, refiri\u00e9ndose a la visita de Claudia Sheinbaum el pasado s\u00e1bado Guasave, Sin. El pasado s\u00e1bado, en Culiac\u00e1n, se recibi\u00f3 la visita de la virtual candidata a la presidencia de M\u00e9xico por Morena en el que se [&hellip;]\" \/>\n<meta property=\"og:url\" content=\"https:\/\/fuentesfidedignas.com.mx\/index.php\/2023\/09\/26\/gobiernos-de-morena-han-salido-buenos-para-organizar-mitines-pero-no-para-gobernar-mc\/\" \/>\n<meta property=\"og:site_name\" content=\"Fuentes Fidedignas\" \/>\n<meta property=\"article:publisher\" content=\"https:\/\/www.facebook.com\/Fuentes-Fidedignas-368234489921644\" \/>\n<meta property=\"article:published_time\" content=\"2023-09-26T21:50:52+00:00\" \/>\n<meta property=\"article:modified_time\" content=\"2023-09-26T21:51:31+00:00\" \/>\n<meta property=\"og:image\" content=\"https:\/\/fuentesfidedignas.com.mx\/wp-content\/uploads\/2023\/09\/IMG-20230926-WA0047.jpg\" \/>\n\t<meta property=\"og:image:width\" content=\"1600\" \/>\n\t<meta property=\"og:image:height\" content=\"1067\" \/>\n\t<meta property=\"og:image:type\" content=\"image\/jpeg\" \/>\n<meta name=\"author\" content=\"Redacci\u00f3n\" \/>\n<meta name=\"twitter:card\" content=\"summary_large_image\" \/>\n<meta name=\"twitter:creator\" content=\"@fidedignas\" \/>\n<meta name=\"twitter:site\" content=\"@fidedignas\" \/>\n<meta name=\"twitter:label1\" content=\"Escrito por\" \/>\n\t<meta name=\"twitter:data1\" content=\"Redacci\u00f3n\" \/>\n\t<meta name=\"twitter:label2\" content=\"Tiempo de lectura\" \/>\n\t<meta name=\"twitter:data2\" content=\"1 minuto\" \/>\n<script type=\"application\/ld+json\" class=\"yoast-schema-graph\">{\"@context\":\"https:\\\/\\\/schema.org\",\"@graph\":[{\"@type\":\"Article\",\"@id\":\"https:\\\/\\\/fuentesfidedignas.com.mx\\\/index.php\\\/2023\\\/09\\\/26\\\/gobiernos-de-morena-han-salido-buenos-para-organizar-mitines-pero-no-para-gobernar-mc\\\/#article\",\"isPartOf\":{\"@id\":\"https:\\\/\\\/fuentesfidedignas.com.mx\\\/index.php\\\/2023\\\/09\\\/26\\\/gobiernos-de-morena-han-salido-buenos-para-organizar-mitines-pero-no-para-gobernar-mc\\\/\"},\"author\":{\"name\":\"Redacci\u00f3n\",\"@id\":\"https:\\\/\\\/fuentesfidedignas.com.mx\\\/#\\\/schema\\\/person\\\/331be9283d37198e2acd5750279085b0\"},\"headline\":\"Gobiernos de Morena han salido buenos para organizar m\u00edtines, pero no para gobernar: MC\",\"datePublished\":\"2023-09-26T21:50:52+00:00\",\"dateModified\":\"2023-09-26T21:51:31+00:00\",\"mainEntityOfPage\":{\"@id\":\"https:\\\/\\\/fuentesfidedignas.com.mx\\\/index.php\\\/2023\\\/09\\\/26\\\/gobiernos-de-morena-han-salido-buenos-para-organizar-mitines-pero-no-para-gobernar-mc\\\/\"},\"wordCount\":248,\"commentCount\":0,\"publisher\":{\"@id\":\"https:\\\/\\\/fuentesfidedignas.com.mx\\\/#organization\"},\"image\":{\"@id\":\"https:\\\/\\\/fuentesfidedignas.com.mx\\\/index.php\\\/2023\\\/09\\\/26\\\/gobiernos-de-morena-han-salido-buenos-para-organizar-mitines-pero-no-para-gobernar-mc\\\/#primaryimage\"},\"thumbnailUrl\":\"https:\\\/\\\/fuentesfidedignas.com.mx\\\/wp-content\\\/uploads\\\/2023\\\/09\\\/IMG-20230926-WA0047.jpg\",\"articleSection\":[\"NOTA PRINCIPAL\"],\"inLanguage\":\"es\",\"potentialAction\":[{\"@type\":\"CommentAction\",\"name\":\"Comment\",\"target\":[\"https:\\\/\\\/fuentesfidedignas.com.mx\\\/index.php\\\/2023\\\/09\\\/26\\\/gobiernos-de-morena-han-salido-buenos-para-organizar-mitines-pero-no-para-gobernar-mc\\\/#respond\"]}]},{\"@type\":\"WebPage\",\"@id\":\"https:\\\/\\\/fuentesfidedignas.com.mx\\\/index.php\\\/2023\\\/09\\\/26\\\/gobiernos-de-morena-han-salido-buenos-para-organizar-mitines-pero-no-para-gobernar-mc\\\/\",\"url\":\"https:\\\/\\\/fuentesfidedignas.com.mx\\\/index.php\\\/2023\\\/09\\\/26\\\/gobiernos-de-morena-han-salido-buenos-para-organizar-mitines-pero-no-para-gobernar-mc\\\/\",\"name\":\"Gobiernos de Morena han salido buenos para organizar m\u00edtines, pero no para gobernar: MC - Fuentes Fidedignas\",\"isPartOf\":{\"@id\":\"https:\\\/\\\/fuentesfidedignas.com.mx\\\/#website\"},\"primaryImageOfPage\":{\"@id\":\"https:\\\/\\\/fuentesfidedignas.com.mx\\\/index.php\\\/2023\\\/09\\\/26\\\/gobiernos-de-morena-han-salido-buenos-para-organizar-mitines-pero-no-para-gobernar-mc\\\/#primaryimage\"},\"image\":{\"@id\":\"https:\\\/\\\/fuentesfidedignas.com.mx\\\/index.php\\\/2023\\\/09\\\/26\\\/gobiernos-de-morena-han-salido-buenos-para-organizar-mitines-pero-no-para-gobernar-mc\\\/#primaryimage\"},\"thumbnailUrl\":\"https:\\\/\\\/fuentesfidedignas.com.mx\\\/wp-content\\\/uploads\\\/2023\\\/09\\\/IMG-20230926-WA0047.jpg\",\"datePublished\":\"2023-09-26T21:50:52+00:00\",\"dateModified\":\"2023-09-26T21:51:31+00:00\",\"breadcrumb\":{\"@id\":\"https:\\\/\\\/fuentesfidedignas.com.mx\\\/index.php\\\/2023\\\/09\\\/26\\\/gobiernos-de-morena-han-salido-buenos-para-organizar-mitines-pero-no-para-gobernar-mc\\\/#breadcrumb\"},\"inLanguage\":\"es\",\"potentialAction\":[{\"@type\":\"ReadAction\",\"target\":[\"https:\\\/\\\/fuentesfidedignas.com.mx\\\/index.php\\\/2023\\\/09\\\/26\\\/gobiernos-de-morena-han-salido-buenos-para-organizar-mitines-pero-no-para-gobernar-mc\\\/\"]}]},{\"@type\":\"ImageObject\",\"inLanguage\":\"es\",\"@id\":\"https:\\\/\\\/fuentesfidedignas.com.mx\\\/index.php\\\/2023\\\/09\\\/26\\\/gobiernos-de-morena-han-salido-buenos-para-organizar-mitines-pero-no-para-gobernar-mc\\\/#primaryimage\",\"url\":\"https:\\\/\\\/fuentesfidedignas.com.mx\\\/wp-content\\\/uploads\\\/2023\\\/09\\\/IMG-20230926-WA0047.jpg\",\"contentUrl\":\"https:\\\/\\\/fuentesfidedignas.com.mx\\\/wp-content\\\/uploads\\\/2023\\\/09\\\/IMG-20230926-WA0047.jpg\",\"width\":1600,\"height\":1067},{\"@type\":\"BreadcrumbList\",\"@id\":\"https:\\\/\\\/fuentesfidedignas.com.mx\\\/index.php\\\/2023\\\/09\\\/26\\\/gobiernos-de-morena-han-salido-buenos-para-organizar-mitines-pero-no-para-gobernar-mc\\\/#breadcrumb\",\"itemListElement\":[{\"@type\":\"ListItem\",\"position\":1,\"name\":\"Inicio\",\"item\":\"https:\\\/\\\/fuentesfidedignas.com.mx\\\/\"},{\"@type\":\"ListItem\",\"position\":2,\"name\":\"Gobiernos de Morena han salido buenos para organizar m\u00edtines, pero no para gobernar: MC\"}]},{\"@type\":\"WebSite\",\"@id\":\"https:\\\/\\\/fuentesfidedignas.com.mx\\\/#website\",\"url\":\"https:\\\/\\\/fuentesfidedignas.com.mx\\\/\",\"name\":\"Fuentes Fidedignas\",\"description\":\"Otro sitio realizado con WordPress\",\"publisher\":{\"@id\":\"https:\\\/\\\/fuentesfidedignas.com.mx\\\/#organization\"},\"potentialAction\":[{\"@type\":\"SearchAction\",\"target\":{\"@type\":\"EntryPoint\",\"urlTemplate\":\"https:\\\/\\\/fuentesfidedignas.com.mx\\\/?s={search_term_string}\"},\"query-input\":{\"@type\":\"PropertyValueSpecification\",\"valueRequired\":true,\"valueName\":\"search_term_string\"}}],\"inLanguage\":\"es\"},{\"@type\":\"Organization\",\"@id\":\"https:\\\/\\\/fuentesfidedignas.com.mx\\\/#organization\",\"name\":\"Fuentes Fidedignas\",\"url\":\"https:\\\/\\\/fuentesfidedignas.com.mx\\\/\",\"logo\":{\"@type\":\"ImageObject\",\"inLanguage\":\"es\",\"@id\":\"https:\\\/\\\/fuentesfidedignas.com.mx\\\/#\\\/schema\\\/logo\\\/image\\\/\",\"url\":\"https:\\\/\\\/fuentesfidedignas.com.mx\\\/wp-content\\\/uploads\\\/2021\\\/04\\\/logo-retina.png\",\"contentUrl\":\"https:\\\/\\\/fuentesfidedignas.com.mx\\\/wp-content\\\/uploads\\\/2021\\\/04\\\/logo-retina.png\",\"width\":280,\"height\":51,\"caption\":\"Fuentes Fidedignas\"},\"image\":{\"@id\":\"https:\\\/\\\/fuentesfidedignas.com.mx\\\/#\\\/schema\\\/logo\\\/image\\\/\"},\"sameAs\":[\"https:\\\/\\\/www.facebook.com\\\/Fuentes-Fidedignas-368234489921644\",\"https:\\\/\\\/x.com\\\/fidedignas\"]},{\"@type\":\"Person\",\"@id\":\"https:\\\/\\\/fuentesfidedignas.com.mx\\\/#\\\/schema\\\/person\\\/331be9283d37198e2acd5750279085b0\",\"name\":\"Redacci\u00f3n\",\"image\":{\"@type\":\"ImageObject\",\"inLanguage\":\"es\",\"@id\":\"https:\\\/\\\/secure.gravatar.com\\\/avatar\\\/f6d8782c11d12b2d4ad3fbb6931aeab5309937a4d6cd2fc9cfaa28a6396a5aec?s=96&d=mm&r=g\",\"url\":\"https:\\\/\\\/secure.gravatar.com\\\/avatar\\\/f6d8782c11d12b2d4ad3fbb6931aeab5309937a4d6cd2fc9cfaa28a6396a5aec?s=96&d=mm&r=g\",\"contentUrl\":\"https:\\\/\\\/secure.gravatar.com\\\/avatar\\\/f6d8782c11d12b2d4ad3fbb6931aeab5309937a4d6cd2fc9cfaa28a6396a5aec?s=96&d=mm&r=g\",\"caption\":\"Redacci\u00f3n\"},\"url\":\"https:\\\/\\\/fuentesfidedignas.com.mx\\\/index.php\\\/author\\\/redaccion\\\/\"}]}<\/script>\n<!-- \/ Yoast SEO plugin. -->","yoast_head_json":{"title":"Gobiernos de Morena han salido buenos para organizar m\u00edtines, pero no para gobernar: MC - Fuentes Fidedignas","robots":{"index":"index","follow":"follow","max-snippet":"max-snippet:-1","max-image-preview":"max-image-preview:large","max-video-preview":"max-video-preview:-1"},"canonical":"https:\/\/fuentesfidedignas.com.mx\/index.php\/2023\/09\/26\/gobiernos-de-morena-han-salido-buenos-para-organizar-mitines-pero-no-para-gobernar-mc\/","og_locale":"es_MX","og_type":"article","og_title":"Gobiernos de Morena han salido buenos para organizar m\u00edtines, pero no para gobernar: MC - Fuentes Fidedignas","og_description":"Sergio Torres l\u00edder acus\u00f3 a los gobiernos de Morena de gastar del erario para organizar actos anticipados de campa\u00f1a, refiri\u00e9ndose a la visita de Claudia Sheinbaum el pasado s\u00e1bado Guasave, Sin. El pasado s\u00e1bado, en Culiac\u00e1n, se recibi\u00f3 la visita de la virtual candidata a la presidencia de M\u00e9xico por Morena en el que se [&hellip;]","og_url":"https:\/\/fuentesfidedignas.com.mx\/index.php\/2023\/09\/26\/gobiernos-de-morena-han-salido-buenos-para-organizar-mitines-pero-no-para-gobernar-mc\/","og_site_name":"Fuentes Fidedignas","article_publisher":"https:\/\/www.facebook.com\/Fuentes-Fidedignas-368234489921644","article_published_time":"2023-09-26T21:50:52+00:00","article_modified_time":"2023-09-26T21:51:31+00:00","og_image":[{"width":1600,"height":1067,"url":"https:\/\/fuentesfidedignas.com.mx\/wp-content\/uploads\/2023\/09\/IMG-20230926-WA0047.jpg","type":"image\/jpeg"}],"author":"Redacci\u00f3n","twitter_card":"summary_large_image","twitter_creator":"@fidedignas","twitter_site":"@fidedignas","twitter_misc":{"Escrito por":"Redacci\u00f3n","Tiempo de lectura":"1 minuto"},"schema":{"@context":"https:\/\/schema.org","@graph":[{"@type":"Article","@id":"https:\/\/fuentesfidedignas.com.mx\/index.php\/2023\/09\/26\/gobiernos-de-morena-han-salido-buenos-para-organizar-mitines-pero-no-para-gobernar-mc\/#article","isPartOf":{"@id":"https:\/\/fuentesfidedignas.com.mx\/index.php\/2023\/09\/26\/gobiernos-de-morena-han-salido-buenos-para-organizar-mitines-pero-no-para-gobernar-mc\/"},"author":{"name":"Redacci\u00f3n","@id":"https:\/\/fuentesfidedignas.com.mx\/#\/schema\/person\/331be9283d37198e2acd5750279085b0"},"headline":"Gobiernos de Morena han salido buenos para organizar m\u00edtines, pero no para gobernar: MC","datePublished":"2023-09-26T21:50:52+00:00","dateModified":"2023-09-26T21:51:31+00:00","mainEntityOfPage":{"@id":"https:\/\/fuentesfidedignas.com.mx\/index.php\/2023\/09\/26\/gobiernos-de-morena-han-salido-buenos-para-organizar-mitines-pero-no-para-gobernar-mc\/"},"wordCount":248,"commentCount":0,"publisher":{"@id":"https:\/\/fuentesfidedignas.com.mx\/#organization"},"image":{"@id":"https:\/\/fuentesfidedignas.com.mx\/index.php\/2023\/09\/26\/gobiernos-de-morena-han-salido-buenos-para-organizar-mitines-pero-no-para-gobernar-mc\/#primaryimage"},"thumbnailUrl":"https:\/\/fuentesfidedignas.com.mx\/wp-content\/uploads\/2023\/09\/IMG-20230926-WA0047.jpg","articleSection":["NOTA PRINCIPAL"],"inLanguage":"es","potentialAction":[{"@type":"CommentAction","name":"Comment","target":["https:\/\/fuentesfidedignas.com.mx\/index.php\/2023\/09\/26\/gobiernos-de-morena-han-salido-buenos-para-organizar-mitines-pero-no-para-gobernar-mc\/#respond"]}]},{"@type":"WebPage","@id":"https:\/\/fuentesfidedignas.com.mx\/index.php\/2023\/09\/26\/gobiernos-de-morena-han-salido-buenos-para-organizar-mitines-pero-no-para-gobernar-mc\/","url":"https:\/\/fuentesfidedignas.com.mx\/index.php\/2023\/09\/26\/gobiernos-de-morena-han-salido-buenos-para-organizar-mitines-pero-no-para-gobernar-mc\/","name":"Gobiernos de Morena han salido buenos para organizar m\u00edtines, pero no para gobernar: MC - Fuentes Fidedignas","isPartOf":{"@id":"https:\/\/fuentesfidedignas.com.mx\/#website"},"primaryImageOfPage":{"@id":"https:\/\/fuentesfidedignas.com.mx\/index.php\/2023\/09\/26\/gobiernos-de-morena-han-salido-buenos-para-organizar-mitines-pero-no-para-gobernar-mc\/#primaryimage"},"image":{"@id":"https:\/\/fuentesfidedignas.com.mx\/index.php\/2023\/09\/26\/gobiernos-de-morena-han-salido-buenos-para-organizar-mitines-pero-no-para-gobernar-mc\/#primaryimage"},"thumbnailUrl":"https:\/\/fuentesfidedignas.com.mx\/wp-content\/uploads\/2023\/09\/IMG-20230926-WA0047.jpg","datePublished":"2023-09-26T21:50:52+00:00","dateModified":"2023-09-26T21:51:31+00:00","breadcrumb":{"@id":"https:\/\/fuentesfidedignas.com.mx\/index.php\/2023\/09\/26\/gobiernos-de-morena-han-salido-buenos-para-organizar-mitines-pero-no-para-gobernar-mc\/#breadcrumb"},"inLanguage":"es","potentialAction":[{"@type":"ReadAction","target":["https:\/\/fuentesfidedignas.com.mx\/index.php\/2023\/09\/26\/gobiernos-de-morena-han-salido-buenos-para-organizar-mitines-pero-no-para-gobernar-mc\/"]}]},{"@type":"ImageObject","inLanguage":"es","@id":"https:\/\/fuentesfidedignas.com.mx\/index.php\/2023\/09\/26\/gobiernos-de-morena-han-salido-buenos-para-organizar-mitines-pero-no-para-gobernar-mc\/#primaryimage","url":"https:\/\/fuentesfidedignas.com.mx\/wp-content\/uploads\/2023\/09\/IMG-20230926-WA0047.jpg","contentUrl":"https:\/\/fuentesfidedignas.com.mx\/wp-content\/uploads\/2023\/09\/IMG-20230926-WA0047.jpg","width":1600,"height":1067},{"@type":"BreadcrumbList","@id":"https:\/\/fuentesfidedignas.com.mx\/index.php\/2023\/09\/26\/gobiernos-de-morena-han-salido-buenos-para-organizar-mitines-pero-no-para-gobernar-mc\/#breadcrumb","itemListElement":[{"@type":"ListItem","position":1,"name":"Inicio","item":"https:\/\/fuentesfidedignas.com.mx\/"},{"@type":"ListItem","position":2,"name":"Gobiernos de Morena han salido buenos para organizar m\u00edtines, pero no para gobernar: MC"}]},{"@type":"WebSite","@id":"https:\/\/fuentesfidedignas.com.mx\/#website","url":"https:\/\/fuentesfidedignas.com.mx\/","name":"Fuentes Fidedignas","description":"Otro sitio realizado con WordPress","publisher":{"@id":"https:\/\/fuentesfidedignas.com.mx\/#organization"},"potentialAction":[{"@type":"SearchAction","target":{"@type":"EntryPoint","urlTemplate":"https:\/\/fuentesfidedignas.com.mx\/?s={search_term_string}"},"query-input":{"@type":"PropertyValueSpecification","valueRequired":true,"valueName":"search_term_string"}}],"inLanguage":"es"},{"@type":"Organization","@id":"https:\/\/fuentesfidedignas.com.mx\/#organization","name":"Fuentes Fidedignas","url":"https:\/\/fuentesfidedignas.com.mx\/","logo":{"@type":"ImageObject","inLanguage":"es","@id":"https:\/\/fuentesfidedignas.com.mx\/#\/schema\/logo\/image\/","url":"https:\/\/fuentesfidedignas.com.mx\/wp-content\/uploads\/2021\/04\/logo-retina.png","contentUrl":"https:\/\/fuentesfidedignas.com.mx\/wp-content\/uploads\/2021\/04\/logo-retina.png","width":280,"height":51,"caption":"Fuentes Fidedignas"},"image":{"@id":"https:\/\/fuentesfidedignas.com.mx\/#\/schema\/logo\/image\/"},"sameAs":["https:\/\/www.facebook.com\/Fuentes-Fidedignas-368234489921644","https:\/\/x.com\/fidedignas"]},{"@type":"Person","@id":"https:\/\/fuentesfidedignas.com.mx\/#\/schema\/person\/331be9283d37198e2acd5750279085b0","name":"Redacci\u00f3n","image":{"@type":"ImageObject","inLanguage":"es","@id":"https:\/\/secure.gravatar.com\/avatar\/f6d8782c11d12b2d4ad3fbb6931aeab5309937a4d6cd2fc9cfaa28a6396a5aec?s=96&d=mm&r=g","url":"https:\/\/secure.gravatar.com\/avatar\/f6d8782c11d12b2d4ad3fbb6931aeab5309937a4d6cd2fc9cfaa28a6396a5aec?s=96&d=mm&r=g","contentUrl":"https:\/\/secure.gravatar.com\/avatar\/f6d8782c11d12b2d4ad3fbb6931aeab5309937a4d6cd2fc9cfaa28a6396a5aec?s=96&d=mm&r=g","caption":"Redacci\u00f3n"},"url":"https:\/\/fuentesfidedignas.com.mx\/index.php\/author\/redaccion\/"}]}},"_links":{"self":[{"href":"https:\/\/fuentesfidedignas.com.mx\/index.php\/wp-json\/wp\/v2\/posts\/60374","targetHints":{"allow":["GET"]}}],"collection":[{"href":"https:\/\/fuentesfidedignas.com.mx\/index.php\/wp-json\/wp\/v2\/posts"}],"about":[{"href":"https:\/\/fuentesfidedignas.com.mx\/index.php\/wp-json\/wp\/v2\/types\/post"}],"author":[{"embeddable":true,"href":"https:\/\/fuentesfidedignas.com.mx\/index.php\/wp-json\/wp\/v2\/users\/4"}],"replies":[{"embeddable":true,"href":"https:\/\/fuentesfidedignas.com.mx\/index.php\/wp-json\/wp\/v2\/comments?post=60374"}],"version-history":[{"count":1,"href":"https:\/\/fuentesfidedignas.com.mx\/index.php\/wp-json\/wp\/v2\/posts\/60374\/revisions"}],"predecessor-version":[{"id":60375,"href":"https:\/\/fuentesfidedignas.com.mx\/index.php\/wp-json\/wp\/v2\/posts\/60374\/revisions\/60375"}],"wp:featuredmedia":[{"embeddable":true,"href":"https:\/\/fuentesfidedignas.com.mx\/index.php\/wp-json\/wp\/v2\/media\/60376"}],"wp:attachment":[{"href":"https:\/\/fuentesfidedignas.com.mx\/index.php\/wp-json\/wp\/v2\/media?parent=60374"}],"wp:term":[{"taxonomy":"category","embeddable":true,"href":"https:\/\/fuentesfidedignas.com.mx\/index.php\/wp-json\/wp\/v2\/categories?post=60374"},{"taxonomy":"post_tag","embeddable":true,"href":"https:\/\/fuentesfidedignas.com.mx\/index.php\/wp-json\/wp\/v2\/tags?post=60374"}],"curies":[{"name":"wp","href":"https:\/\/api.w.org\/{rel}","templated":true}]}}