{"id":60278,"date":"2023-09-25T18:28:23","date_gmt":"2023-09-26T01:28:23","guid":{"rendered":"https:\/\/fuentesfidedignas.com.mx\/?p=60278"},"modified":"2023-09-25T18:28:52","modified_gmt":"2023-09-26T01:28:52","slug":"primera-infancia-es-tema-de-prioridad-para-el-gobierno-de-sinaloa-rocha","status":"publish","type":"post","link":"https:\/\/fuentesfidedignas.com.mx\/index.php\/2023\/09\/25\/primera-infancia-es-tema-de-prioridad-para-el-gobierno-de-sinaloa-rocha\/","title":{"rendered":"Primera Infancia es tema de prioridad para el gobierno de Sinaloa: Rocha"},"content":{"rendered":"\n<p><strong><em>El mandatario estatal inaugur\u00f3 en Mazatl\u00e1n el Encuentro Nacional Primera Infancia y Trabajo Infantil, donde explic\u00f3 que se debe enfrentar las problem\u00e1ticas de la primera infancia y trabajar para darles soluci\u00f3n a trav\u00e9s de la transversalidad institucional.<\/em><\/strong><\/p>\n\n\n\n<p>Mazatl\u00e1n, Sin.- El gobernador Rub\u00e9n Rocha Moya inaugur\u00f3 en el puerto de Mazatl\u00e1n el Encuentro Nacional Primera Infancia y Trabajo Infantil, el cual tiene como prop\u00f3sito propiciar un espacio de di\u00e1logo e intercambio de experiencias en materia de atenci\u00f3n a la Primera Infancia y de la problem\u00e1tica del Trabajo Infantil, en tres sectores: jornaleros, industria de maquiladoras y sector tur\u00edstico, adem\u00e1s de la promoci\u00f3n de alternativas de atenci\u00f3n integral en favor de los ni\u00f1os y las ni\u00f1as.<\/p>\n\n\n\n<p>Ante autoridades del DIF Nacional, UNICEF y de Organismos en favor de la ni\u00f1ez el gobernador Rocha explic\u00f3 que se le dar\u00e1 prioridad al tema de los problemas dentro de la primera infancia y que esto se lograr\u00e1 con un trabajo de transversalidad entre las instituciones de su administraci\u00f3n.<\/p>\n\n\n\n<p>\u201cPara que el problema tenga soluci\u00f3n, primero hay que reconocerlo, tenemos el rezago, ese rezago hay que enfrentarlo con toda la corporaci\u00f3n que podamos dar cada uno de nosotros\u201d, dijo.<\/p>\n\n\n\n<p>Por su parte la titular del Sistema DIF Nacional Nuria Fern\u00e1ndez Espresate mencion\u00f3 que se necesitan soluciones reales para mejorar la situaci\u00f3n del trabajo a edades tempranas, de manera en la que se mejoren las condiciones para las y los adolescentes que necesiten de un trabajo y rescatando a las y los ni\u00f1os que se encuentren ejerciendo alg\u00fan trabajo en vez de encontrarse dentro de las instituciones de educaci\u00f3n.<\/p>\n\n\n\n<figure class=\"wp-block-gallery has-nested-images columns-default is-cropped wp-block-gallery-1 is-layout-flex wp-block-gallery-is-layout-flex\">\n<figure class=\"wp-block-image size-large\"><img decoding=\"async\" width=\"1024\" height=\"682\" data-id=\"60292\" src=\"https:\/\/fuentesfidedignas.com.mx\/wp-content\/uploads\/2023\/09\/WhatsApp-Image-2023-09-25-at-6.16.25-PM-1024x682.jpeg\" alt=\"\" class=\"wp-image-60292\" srcset=\"https:\/\/fuentesfidedignas.com.mx\/wp-content\/uploads\/2023\/09\/WhatsApp-Image-2023-09-25-at-6.16.25-PM-1024x682.jpeg 1024w, https:\/\/fuentesfidedignas.com.mx\/wp-content\/uploads\/2023\/09\/WhatsApp-Image-2023-09-25-at-6.16.25-PM-300x200.jpeg 300w, https:\/\/fuentesfidedignas.com.mx\/wp-content\/uploads\/2023\/09\/WhatsApp-Image-2023-09-25-at-6.16.25-PM-768x512.jpeg 768w, https:\/\/fuentesfidedignas.com.mx\/wp-content\/uploads\/2023\/09\/WhatsApp-Image-2023-09-25-at-6.16.25-PM-1536x1023.jpeg 1536w, https:\/\/fuentesfidedignas.com.mx\/wp-content\/uploads\/2023\/09\/WhatsApp-Image-2023-09-25-at-6.16.25-PM-696x464.jpeg 696w, https:\/\/fuentesfidedignas.com.mx\/wp-content\/uploads\/2023\/09\/WhatsApp-Image-2023-09-25-at-6.16.25-PM-1068x712.jpeg 1068w, https:\/\/fuentesfidedignas.com.mx\/wp-content\/uploads\/2023\/09\/WhatsApp-Image-2023-09-25-at-6.16.25-PM-630x420.jpeg 630w, https:\/\/fuentesfidedignas.com.mx\/wp-content\/uploads\/2023\/09\/WhatsApp-Image-2023-09-25-at-6.16.25-PM.jpeg 1600w\" sizes=\"(max-width: 1024px) 100vw, 1024px\" \/><\/figure>\n\n\n\n<figure class=\"wp-block-image size-large\"><img decoding=\"async\" width=\"1024\" height=\"552\" data-id=\"60291\" src=\"https:\/\/fuentesfidedignas.com.mx\/wp-content\/uploads\/2023\/09\/WhatsApp-Image-2023-09-25-at-6.16.25-PM-1-1024x552.jpeg\" alt=\"\" class=\"wp-image-60291\" srcset=\"https:\/\/fuentesfidedignas.com.mx\/wp-content\/uploads\/2023\/09\/WhatsApp-Image-2023-09-25-at-6.16.25-PM-1-1024x552.jpeg 1024w, https:\/\/fuentesfidedignas.com.mx\/wp-content\/uploads\/2023\/09\/WhatsApp-Image-2023-09-25-at-6.16.25-PM-1-300x162.jpeg 300w, https:\/\/fuentesfidedignas.com.mx\/wp-content\/uploads\/2023\/09\/WhatsApp-Image-2023-09-25-at-6.16.25-PM-1-768x414.jpeg 768w, https:\/\/fuentesfidedignas.com.mx\/wp-content\/uploads\/2023\/09\/WhatsApp-Image-2023-09-25-at-6.16.25-PM-1-1536x828.jpeg 1536w, https:\/\/fuentesfidedignas.com.mx\/wp-content\/uploads\/2023\/09\/WhatsApp-Image-2023-09-25-at-6.16.25-PM-1-696x375.jpeg 696w, https:\/\/fuentesfidedignas.com.mx\/wp-content\/uploads\/2023\/09\/WhatsApp-Image-2023-09-25-at-6.16.25-PM-1-1068x576.jpeg 1068w, https:\/\/fuentesfidedignas.com.mx\/wp-content\/uploads\/2023\/09\/WhatsApp-Image-2023-09-25-at-6.16.25-PM-1-779x420.jpeg 779w, https:\/\/fuentesfidedignas.com.mx\/wp-content\/uploads\/2023\/09\/WhatsApp-Image-2023-09-25-at-6.16.25-PM-1.jpeg 1600w\" sizes=\"(max-width: 1024px) 100vw, 1024px\" \/><\/figure>\n\n\n\n<figure class=\"wp-block-image size-large\"><img decoding=\"async\" width=\"1024\" height=\"682\" data-id=\"60290\" src=\"https:\/\/fuentesfidedignas.com.mx\/wp-content\/uploads\/2023\/09\/WhatsApp-Image-2023-09-25-at-6.16.26-PM-1024x682.jpeg\" alt=\"\" class=\"wp-image-60290\" srcset=\"https:\/\/fuentesfidedignas.com.mx\/wp-content\/uploads\/2023\/09\/WhatsApp-Image-2023-09-25-at-6.16.26-PM-1024x682.jpeg 1024w, https:\/\/fuentesfidedignas.com.mx\/wp-content\/uploads\/2023\/09\/WhatsApp-Image-2023-09-25-at-6.16.26-PM-300x200.jpeg 300w, https:\/\/fuentesfidedignas.com.mx\/wp-content\/uploads\/2023\/09\/WhatsApp-Image-2023-09-25-at-6.16.26-PM-768x512.jpeg 768w, https:\/\/fuentesfidedignas.com.mx\/wp-content\/uploads\/2023\/09\/WhatsApp-Image-2023-09-25-at-6.16.26-PM-1536x1023.jpeg 1536w, https:\/\/fuentesfidedignas.com.mx\/wp-content\/uploads\/2023\/09\/WhatsApp-Image-2023-09-25-at-6.16.26-PM-696x464.jpeg 696w, https:\/\/fuentesfidedignas.com.mx\/wp-content\/uploads\/2023\/09\/WhatsApp-Image-2023-09-25-at-6.16.26-PM-1068x712.jpeg 1068w, https:\/\/fuentesfidedignas.com.mx\/wp-content\/uploads\/2023\/09\/WhatsApp-Image-2023-09-25-at-6.16.26-PM-630x420.jpeg 630w, https:\/\/fuentesfidedignas.com.mx\/wp-content\/uploads\/2023\/09\/WhatsApp-Image-2023-09-25-at-6.16.26-PM.jpeg 1600w\" sizes=\"(max-width: 1024px) 100vw, 1024px\" \/><\/figure>\n\n\n\n<figure class=\"wp-block-image size-large\"><img decoding=\"async\" width=\"1024\" height=\"682\" data-id=\"60289\" src=\"https:\/\/fuentesfidedignas.com.mx\/wp-content\/uploads\/2023\/09\/WhatsApp-Image-2023-09-25-at-6.16.25-PM-2-1024x682.jpeg\" alt=\"\" class=\"wp-image-60289\" srcset=\"https:\/\/fuentesfidedignas.com.mx\/wp-content\/uploads\/2023\/09\/WhatsApp-Image-2023-09-25-at-6.16.25-PM-2-1024x682.jpeg 1024w, https:\/\/fuentesfidedignas.com.mx\/wp-content\/uploads\/2023\/09\/WhatsApp-Image-2023-09-25-at-6.16.25-PM-2-300x200.jpeg 300w, https:\/\/fuentesfidedignas.com.mx\/wp-content\/uploads\/2023\/09\/WhatsApp-Image-2023-09-25-at-6.16.25-PM-2-768x512.jpeg 768w, https:\/\/fuentesfidedignas.com.mx\/wp-content\/uploads\/2023\/09\/WhatsApp-Image-2023-09-25-at-6.16.25-PM-2-1536x1023.jpeg 1536w, https:\/\/fuentesfidedignas.com.mx\/wp-content\/uploads\/2023\/09\/WhatsApp-Image-2023-09-25-at-6.16.25-PM-2-696x464.jpeg 696w, https:\/\/fuentesfidedignas.com.mx\/wp-content\/uploads\/2023\/09\/WhatsApp-Image-2023-09-25-at-6.16.25-PM-2-1068x712.jpeg 1068w, https:\/\/fuentesfidedignas.com.mx\/wp-content\/uploads\/2023\/09\/WhatsApp-Image-2023-09-25-at-6.16.25-PM-2-630x420.jpeg 630w, https:\/\/fuentesfidedignas.com.mx\/wp-content\/uploads\/2023\/09\/WhatsApp-Image-2023-09-25-at-6.16.25-PM-2.jpeg 1600w\" sizes=\"(max-width: 1024px) 100vw, 1024px\" \/><\/figure>\n\n\n\n<figure class=\"wp-block-image size-large\"><img decoding=\"async\" width=\"1024\" height=\"682\" data-id=\"60288\" src=\"https:\/\/fuentesfidedignas.com.mx\/wp-content\/uploads\/2023\/09\/WhatsApp-Image-2023-09-25-at-6.16.26-PM-1-1024x682.jpeg\" alt=\"\" class=\"wp-image-60288\" srcset=\"https:\/\/fuentesfidedignas.com.mx\/wp-content\/uploads\/2023\/09\/WhatsApp-Image-2023-09-25-at-6.16.26-PM-1-1024x682.jpeg 1024w, https:\/\/fuentesfidedignas.com.mx\/wp-content\/uploads\/2023\/09\/WhatsApp-Image-2023-09-25-at-6.16.26-PM-1-300x200.jpeg 300w, https:\/\/fuentesfidedignas.com.mx\/wp-content\/uploads\/2023\/09\/WhatsApp-Image-2023-09-25-at-6.16.26-PM-1-768x512.jpeg 768w, https:\/\/fuentesfidedignas.com.mx\/wp-content\/uploads\/2023\/09\/WhatsApp-Image-2023-09-25-at-6.16.26-PM-1-1536x1023.jpeg 1536w, https:\/\/fuentesfidedignas.com.mx\/wp-content\/uploads\/2023\/09\/WhatsApp-Image-2023-09-25-at-6.16.26-PM-1-696x464.jpeg 696w, https:\/\/fuentesfidedignas.com.mx\/wp-content\/uploads\/2023\/09\/WhatsApp-Image-2023-09-25-at-6.16.26-PM-1-1068x712.jpeg 1068w, https:\/\/fuentesfidedignas.com.mx\/wp-content\/uploads\/2023\/09\/WhatsApp-Image-2023-09-25-at-6.16.26-PM-1-630x420.jpeg 630w, https:\/\/fuentesfidedignas.com.mx\/wp-content\/uploads\/2023\/09\/WhatsApp-Image-2023-09-25-at-6.16.26-PM-1.jpeg 1600w\" sizes=\"(max-width: 1024px) 100vw, 1024px\" \/><\/figure>\n<\/figure>\n\n\n\n<p>\u201cNecesitamos pensar soluciones efectivas y reales, precisamente porque la salud mental es una prioridad y las chavas y los chavos no pueden estar en las calles\u2026 Necesitamos soluciones reales, no solamente voluntad, no solamente coraz\u00f3n\u201d, dijo.<\/p>\n\n\n\n<p>La presidenta del Sistema DIF Estatal Eneyda Rocha Ruiz destac\u00f3 que aunque a\u00fan hay desaf\u00edos en el estado con el tema de la primera infancia, continuar\u00e1n trabajando bajo el liderazgo del gobernador Rub\u00e9n Rocha Moya hasta alcanzar el bienestar de las y los ni\u00f1os de Sinaloa.<\/p>\n\n\n\n<p>\u201cDebemos reconocer que a\u00fan hay rezagos, todos ellos son desaf\u00edos que estamos enfrentando con determinaci\u00f3n, afortunadamente tenemos a un gobernante con un profundo amor a la ni\u00f1ez en tanto a su formaci\u00f3n y profesor normalista, junto a \u00e9l y bajo su liderazgo estoy segura de que seguiremos avanzando hasta lograr alcanzar el bienestar de las ni\u00f1as y ni\u00f1os de Sinaloa\u201d, asegur\u00f3.<\/p>\n\n\n\n<p>Acompa\u00f1aron al gobernador el alcalde de Mazatl\u00e1n Edgar Augusto Gonz\u00e1lez Zatarain y su esposa Mar\u00eda Teresa Apodaca presidenta del Sistema DIF Municipal, el representante de la UNICEF Luis Fernando Carrera Castro, el secretario ejecutivo del CONEVAL Jos\u00e9 Nabor Cruz Marcelo y el titular de la CONASAMA Juan Manuel Quijada Gayt\u00e1n, as\u00ed como presidentas, presidentes, directoras y directores de los DIF Estatales invitados a este encuentro nacional.<\/p>\n\n\n\n<p>p<\/p>\n\n\n\n<figure class=\"wp-block-gallery has-nested-images columns-default is-cropped wp-block-gallery-2 is-layout-flex wp-block-gallery-is-layout-flex\">\n<figure class=\"wp-block-image size-large\"><img decoding=\"async\" width=\"1024\" height=\"682\" data-id=\"60279\" src=\"https:\/\/fuentesfidedignas.com.mx\/wp-content\/uploads\/2023\/09\/WhatsApp-Image-2023-09-25-at-6.16.30-PM-1024x682.jpeg\" alt=\"\" class=\"wp-image-60279\" srcset=\"https:\/\/fuentesfidedignas.com.mx\/wp-content\/uploads\/2023\/09\/WhatsApp-Image-2023-09-25-at-6.16.30-PM-1024x682.jpeg 1024w, https:\/\/fuentesfidedignas.com.mx\/wp-content\/uploads\/2023\/09\/WhatsApp-Image-2023-09-25-at-6.16.30-PM-300x200.jpeg 300w, https:\/\/fuentesfidedignas.com.mx\/wp-content\/uploads\/2023\/09\/WhatsApp-Image-2023-09-25-at-6.16.30-PM-768x512.jpeg 768w, https:\/\/fuentesfidedignas.com.mx\/wp-content\/uploads\/2023\/09\/WhatsApp-Image-2023-09-25-at-6.16.30-PM-1536x1023.jpeg 1536w, https:\/\/fuentesfidedignas.com.mx\/wp-content\/uploads\/2023\/09\/WhatsApp-Image-2023-09-25-at-6.16.30-PM-696x464.jpeg 696w, https:\/\/fuentesfidedignas.com.mx\/wp-content\/uploads\/2023\/09\/WhatsApp-Image-2023-09-25-at-6.16.30-PM-1068x712.jpeg 1068w, https:\/\/fuentesfidedignas.com.mx\/wp-content\/uploads\/2023\/09\/WhatsApp-Image-2023-09-25-at-6.16.30-PM-630x420.jpeg 630w, https:\/\/fuentesfidedignas.com.mx\/wp-content\/uploads\/2023\/09\/WhatsApp-Image-2023-09-25-at-6.16.30-PM.jpeg 1600w\" sizes=\"(max-width: 1024px) 100vw, 1024px\" \/><\/figure>\n\n\n\n<figure class=\"wp-block-image size-large\"><img decoding=\"async\" width=\"1024\" height=\"642\" data-id=\"60280\" src=\"https:\/\/fuentesfidedignas.com.mx\/wp-content\/uploads\/2023\/09\/WhatsApp-Image-2023-09-25-at-6.16.29-PM-1-1024x642.jpeg\" alt=\"\" class=\"wp-image-60280\" srcset=\"https:\/\/fuentesfidedignas.com.mx\/wp-content\/uploads\/2023\/09\/WhatsApp-Image-2023-09-25-at-6.16.29-PM-1-1024x642.jpeg 1024w, https:\/\/fuentesfidedignas.com.mx\/wp-content\/uploads\/2023\/09\/WhatsApp-Image-2023-09-25-at-6.16.29-PM-1-300x188.jpeg 300w, https:\/\/fuentesfidedignas.com.mx\/wp-content\/uploads\/2023\/09\/WhatsApp-Image-2023-09-25-at-6.16.29-PM-1-768x481.jpeg 768w, https:\/\/fuentesfidedignas.com.mx\/wp-content\/uploads\/2023\/09\/WhatsApp-Image-2023-09-25-at-6.16.29-PM-1-1536x963.jpeg 1536w, https:\/\/fuentesfidedignas.com.mx\/wp-content\/uploads\/2023\/09\/WhatsApp-Image-2023-09-25-at-6.16.29-PM-1-696x436.jpeg 696w, https:\/\/fuentesfidedignas.com.mx\/wp-content\/uploads\/2023\/09\/WhatsApp-Image-2023-09-25-at-6.16.29-PM-1-1068x670.jpeg 1068w, https:\/\/fuentesfidedignas.com.mx\/wp-content\/uploads\/2023\/09\/WhatsApp-Image-2023-09-25-at-6.16.29-PM-1-670x420.jpeg 670w, https:\/\/fuentesfidedignas.com.mx\/wp-content\/uploads\/2023\/09\/WhatsApp-Image-2023-09-25-at-6.16.29-PM-1.jpeg 1600w\" sizes=\"(max-width: 1024px) 100vw, 1024px\" \/><\/figure>\n\n\n\n<figure class=\"wp-block-image size-large\"><img decoding=\"async\" width=\"1024\" height=\"682\" data-id=\"60282\" src=\"https:\/\/fuentesfidedignas.com.mx\/wp-content\/uploads\/2023\/09\/WhatsApp-Image-2023-09-25-at-6.16.28-PM-2-1024x682.jpeg\" alt=\"\" class=\"wp-image-60282\" srcset=\"https:\/\/fuentesfidedignas.com.mx\/wp-content\/uploads\/2023\/09\/WhatsApp-Image-2023-09-25-at-6.16.28-PM-2-1024x682.jpeg 1024w, https:\/\/fuentesfidedignas.com.mx\/wp-content\/uploads\/2023\/09\/WhatsApp-Image-2023-09-25-at-6.16.28-PM-2-300x200.jpeg 300w, https:\/\/fuentesfidedignas.com.mx\/wp-content\/uploads\/2023\/09\/WhatsApp-Image-2023-09-25-at-6.16.28-PM-2-768x512.jpeg 768w, https:\/\/fuentesfidedignas.com.mx\/wp-content\/uploads\/2023\/09\/WhatsApp-Image-2023-09-25-at-6.16.28-PM-2-1536x1023.jpeg 1536w, https:\/\/fuentesfidedignas.com.mx\/wp-content\/uploads\/2023\/09\/WhatsApp-Image-2023-09-25-at-6.16.28-PM-2-696x464.jpeg 696w, https:\/\/fuentesfidedignas.com.mx\/wp-content\/uploads\/2023\/09\/WhatsApp-Image-2023-09-25-at-6.16.28-PM-2-1068x712.jpeg 1068w, https:\/\/fuentesfidedignas.com.mx\/wp-content\/uploads\/2023\/09\/WhatsApp-Image-2023-09-25-at-6.16.28-PM-2-630x420.jpeg 630w, https:\/\/fuentesfidedignas.com.mx\/wp-content\/uploads\/2023\/09\/WhatsApp-Image-2023-09-25-at-6.16.28-PM-2.jpeg 1600w\" sizes=\"(max-width: 1024px) 100vw, 1024px\" \/><\/figure>\n\n\n\n<figure class=\"wp-block-image size-large\"><img decoding=\"async\" width=\"1024\" height=\"682\" data-id=\"60283\" src=\"https:\/\/fuentesfidedignas.com.mx\/wp-content\/uploads\/2023\/09\/WhatsApp-Image-2023-09-25-at-6.16.28-PM-1-1024x682.jpeg\" alt=\"\" class=\"wp-image-60283\" srcset=\"https:\/\/fuentesfidedignas.com.mx\/wp-content\/uploads\/2023\/09\/WhatsApp-Image-2023-09-25-at-6.16.28-PM-1-1024x682.jpeg 1024w, https:\/\/fuentesfidedignas.com.mx\/wp-content\/uploads\/2023\/09\/WhatsApp-Image-2023-09-25-at-6.16.28-PM-1-300x200.jpeg 300w, https:\/\/fuentesfidedignas.com.mx\/wp-content\/uploads\/2023\/09\/WhatsApp-Image-2023-09-25-at-6.16.28-PM-1-768x512.jpeg 768w, https:\/\/fuentesfidedignas.com.mx\/wp-content\/uploads\/2023\/09\/WhatsApp-Image-2023-09-25-at-6.16.28-PM-1-1536x1023.jpeg 1536w, https:\/\/fuentesfidedignas.com.mx\/wp-content\/uploads\/2023\/09\/WhatsApp-Image-2023-09-25-at-6.16.28-PM-1-696x464.jpeg 696w, https:\/\/fuentesfidedignas.com.mx\/wp-content\/uploads\/2023\/09\/WhatsApp-Image-2023-09-25-at-6.16.28-PM-1-1068x712.jpeg 1068w, https:\/\/fuentesfidedignas.com.mx\/wp-content\/uploads\/2023\/09\/WhatsApp-Image-2023-09-25-at-6.16.28-PM-1-630x420.jpeg 630w, https:\/\/fuentesfidedignas.com.mx\/wp-content\/uploads\/2023\/09\/WhatsApp-Image-2023-09-25-at-6.16.28-PM-1.jpeg 1600w\" sizes=\"(max-width: 1024px) 100vw, 1024px\" \/><\/figure>\n\n\n\n<figure class=\"wp-block-image size-large\"><img decoding=\"async\" width=\"1024\" height=\"682\" data-id=\"60284\" src=\"https:\/\/fuentesfidedignas.com.mx\/wp-content\/uploads\/2023\/09\/WhatsApp-Image-2023-09-25-at-6.16.28-PM-1024x682.jpeg\" alt=\"\" class=\"wp-image-60284\" srcset=\"https:\/\/fuentesfidedignas.com.mx\/wp-content\/uploads\/2023\/09\/WhatsApp-Image-2023-09-25-at-6.16.28-PM-1024x682.jpeg 1024w, https:\/\/fuentesfidedignas.com.mx\/wp-content\/uploads\/2023\/09\/WhatsApp-Image-2023-09-25-at-6.16.28-PM-300x200.jpeg 300w, https:\/\/fuentesfidedignas.com.mx\/wp-content\/uploads\/2023\/09\/WhatsApp-Image-2023-09-25-at-6.16.28-PM-768x512.jpeg 768w, https:\/\/fuentesfidedignas.com.mx\/wp-content\/uploads\/2023\/09\/WhatsApp-Image-2023-09-25-at-6.16.28-PM-1536x1023.jpeg 1536w, https:\/\/fuentesfidedignas.com.mx\/wp-content\/uploads\/2023\/09\/WhatsApp-Image-2023-09-25-at-6.16.28-PM-696x464.jpeg 696w, https:\/\/fuentesfidedignas.com.mx\/wp-content\/uploads\/2023\/09\/WhatsApp-Image-2023-09-25-at-6.16.28-PM-1068x712.jpeg 1068w, https:\/\/fuentesfidedignas.com.mx\/wp-content\/uploads\/2023\/09\/WhatsApp-Image-2023-09-25-at-6.16.28-PM-630x420.jpeg 630w, https:\/\/fuentesfidedignas.com.mx\/wp-content\/uploads\/2023\/09\/WhatsApp-Image-2023-09-25-at-6.16.28-PM.jpeg 1600w\" sizes=\"(max-width: 1024px) 100vw, 1024px\" \/><\/figure>\n\n\n\n<figure class=\"wp-block-image size-large\"><img decoding=\"async\" width=\"1024\" height=\"682\" data-id=\"60285\" src=\"https:\/\/fuentesfidedignas.com.mx\/wp-content\/uploads\/2023\/09\/WhatsApp-Image-2023-09-25-at-6.16.27-PM-1-1024x682.jpeg\" alt=\"\" class=\"wp-image-60285\" srcset=\"https:\/\/fuentesfidedignas.com.mx\/wp-content\/uploads\/2023\/09\/WhatsApp-Image-2023-09-25-at-6.16.27-PM-1-1024x682.jpeg 1024w, https:\/\/fuentesfidedignas.com.mx\/wp-content\/uploads\/2023\/09\/WhatsApp-Image-2023-09-25-at-6.16.27-PM-1-300x200.jpeg 300w, https:\/\/fuentesfidedignas.com.mx\/wp-content\/uploads\/2023\/09\/WhatsApp-Image-2023-09-25-at-6.16.27-PM-1-768x512.jpeg 768w, https:\/\/fuentesfidedignas.com.mx\/wp-content\/uploads\/2023\/09\/WhatsApp-Image-2023-09-25-at-6.16.27-PM-1-1536x1023.jpeg 1536w, https:\/\/fuentesfidedignas.com.mx\/wp-content\/uploads\/2023\/09\/WhatsApp-Image-2023-09-25-at-6.16.27-PM-1-696x464.jpeg 696w, https:\/\/fuentesfidedignas.com.mx\/wp-content\/uploads\/2023\/09\/WhatsApp-Image-2023-09-25-at-6.16.27-PM-1-1068x712.jpeg 1068w, https:\/\/fuentesfidedignas.com.mx\/wp-content\/uploads\/2023\/09\/WhatsApp-Image-2023-09-25-at-6.16.27-PM-1-630x420.jpeg 630w, https:\/\/fuentesfidedignas.com.mx\/wp-content\/uploads\/2023\/09\/WhatsApp-Image-2023-09-25-at-6.16.27-PM-1.jpeg 1600w\" sizes=\"(max-width: 1024px) 100vw, 1024px\" \/><\/figure>\n\n\n\n<figure class=\"wp-block-image size-large\"><img decoding=\"async\" width=\"1024\" height=\"682\" data-id=\"60287\" src=\"https:\/\/fuentesfidedignas.com.mx\/wp-content\/uploads\/2023\/09\/WhatsApp-Image-2023-09-25-at-6.16.26-PM-2-1024x682.jpeg\" alt=\"\" class=\"wp-image-60287\" srcset=\"https:\/\/fuentesfidedignas.com.mx\/wp-content\/uploads\/2023\/09\/WhatsApp-Image-2023-09-25-at-6.16.26-PM-2-1024x682.jpeg 1024w, https:\/\/fuentesfidedignas.com.mx\/wp-content\/uploads\/2023\/09\/WhatsApp-Image-2023-09-25-at-6.16.26-PM-2-300x200.jpeg 300w, https:\/\/fuentesfidedignas.com.mx\/wp-content\/uploads\/2023\/09\/WhatsApp-Image-2023-09-25-at-6.16.26-PM-2-768x512.jpeg 768w, https:\/\/fuentesfidedignas.com.mx\/wp-content\/uploads\/2023\/09\/WhatsApp-Image-2023-09-25-at-6.16.26-PM-2-1536x1023.jpeg 1536w, https:\/\/fuentesfidedignas.com.mx\/wp-content\/uploads\/2023\/09\/WhatsApp-Image-2023-09-25-at-6.16.26-PM-2-696x464.jpeg 696w, https:\/\/fuentesfidedignas.com.mx\/wp-content\/uploads\/2023\/09\/WhatsApp-Image-2023-09-25-at-6.16.26-PM-2-1068x712.jpeg 1068w, https:\/\/fuentesfidedignas.com.mx\/wp-content\/uploads\/2023\/09\/WhatsApp-Image-2023-09-25-at-6.16.26-PM-2-630x420.jpeg 630w, https:\/\/fuentesfidedignas.com.mx\/wp-content\/uploads\/2023\/09\/WhatsApp-Image-2023-09-25-at-6.16.26-PM-2.jpeg 1600w\" sizes=\"(max-width: 1024px) 100vw, 1024px\" \/><\/figure>\n<\/figure>\n","protected":false},"excerpt":{"rendered":"<p>El mandatario estatal inaugur\u00f3 en Mazatl\u00e1n el Encuentro Nacional Primera Infancia y Trabajo Infantil, donde explic\u00f3 que se debe enfrentar las problem\u00e1ticas de la primera infancia y trabajar para darles soluci\u00f3n a trav\u00e9s de la transversalidad institucional. Mazatl\u00e1n, Sin.- El gobernador Rub\u00e9n Rocha Moya inaugur\u00f3 en el puerto de Mazatl\u00e1n el Encuentro Nacional Primera Infancia [&hellip;]<\/p>\n","protected":false},"author":4,"featured_media":60281,"comment_status":"open","ping_status":"open","sticky":false,"template":"","format":"standard","meta":{"tdm_status":"","tdm_grid_status":"","footnotes":""},"categories":[38,1],"tags":[],"class_list":{"0":"post-60278","1":"post","2":"type-post","3":"status-publish","4":"format-standard","5":"has-post-thumbnail","7":"category-noticias-locales","8":"category-sin-categoria"},"yoast_head":"<!-- This site is optimized with the Yoast SEO plugin v27.5 - https:\/\/yoast.com\/product\/yoast-seo-wordpress\/ -->\n<title>Primera Infancia es tema de prioridad para el gobierno de Sinaloa: Rocha - Fuentes Fidedignas<\/title>\n<meta name=\"robots\" content=\"index, follow, max-snippet:-1, max-image-preview:large, max-video-preview:-1\" \/>\n<link rel=\"canonical\" href=\"https:\/\/fuentesfidedignas.com.mx\/index.php\/2023\/09\/25\/primera-infancia-es-tema-de-prioridad-para-el-gobierno-de-sinaloa-rocha\/\" \/>\n<meta property=\"og:locale\" content=\"es_MX\" \/>\n<meta property=\"og:type\" content=\"article\" \/>\n<meta property=\"og:title\" content=\"Primera Infancia es tema de prioridad para el gobierno de Sinaloa: Rocha - Fuentes Fidedignas\" \/>\n<meta property=\"og:description\" content=\"El mandatario estatal inaugur\u00f3 en Mazatl\u00e1n el Encuentro Nacional Primera Infancia y Trabajo Infantil, donde explic\u00f3 que se debe enfrentar las problem\u00e1ticas de la primera infancia y trabajar para darles soluci\u00f3n a trav\u00e9s de la transversalidad institucional. Mazatl\u00e1n, Sin.- El gobernador Rub\u00e9n Rocha Moya inaugur\u00f3 en el puerto de Mazatl\u00e1n el Encuentro Nacional Primera Infancia [&hellip;]\" \/>\n<meta property=\"og:url\" content=\"https:\/\/fuentesfidedignas.com.mx\/index.php\/2023\/09\/25\/primera-infancia-es-tema-de-prioridad-para-el-gobierno-de-sinaloa-rocha\/\" \/>\n<meta property=\"og:site_name\" content=\"Fuentes Fidedignas\" \/>\n<meta property=\"article:publisher\" content=\"https:\/\/www.facebook.com\/Fuentes-Fidedignas-368234489921644\" \/>\n<meta property=\"article:published_time\" content=\"2023-09-26T01:28:23+00:00\" \/>\n<meta property=\"article:modified_time\" content=\"2023-09-26T01:28:52+00:00\" \/>\n<meta property=\"og:image\" content=\"https:\/\/fuentesfidedignas.com.mx\/wp-content\/uploads\/2023\/09\/WhatsApp-Image-2023-09-25-at-6.16.29-PM.jpeg\" \/>\n\t<meta property=\"og:image:width\" content=\"1600\" \/>\n\t<meta property=\"og:image:height\" content=\"1066\" \/>\n\t<meta property=\"og:image:type\" content=\"image\/jpeg\" \/>\n<meta name=\"author\" content=\"Redacci\u00f3n\" \/>\n<meta name=\"twitter:card\" content=\"summary_large_image\" \/>\n<meta name=\"twitter:creator\" content=\"@fidedignas\" \/>\n<meta name=\"twitter:site\" content=\"@fidedignas\" \/>\n<meta name=\"twitter:label1\" content=\"Escrito por\" \/>\n\t<meta name=\"twitter:data1\" content=\"Redacci\u00f3n\" \/>\n\t<meta name=\"twitter:label2\" content=\"Tiempo de lectura\" \/>\n\t<meta name=\"twitter:data2\" content=\"5 minutos\" \/>\n<script type=\"application\/ld+json\" class=\"yoast-schema-graph\">{\"@context\":\"https:\\\/\\\/schema.org\",\"@graph\":[{\"@type\":\"Article\",\"@id\":\"https:\\\/\\\/fuentesfidedignas.com.mx\\\/index.php\\\/2023\\\/09\\\/25\\\/primera-infancia-es-tema-de-prioridad-para-el-gobierno-de-sinaloa-rocha\\\/#article\",\"isPartOf\":{\"@id\":\"https:\\\/\\\/fuentesfidedignas.com.mx\\\/index.php\\\/2023\\\/09\\\/25\\\/primera-infancia-es-tema-de-prioridad-para-el-gobierno-de-sinaloa-rocha\\\/\"},\"author\":{\"name\":\"Redacci\u00f3n\",\"@id\":\"https:\\\/\\\/fuentesfidedignas.com.mx\\\/#\\\/schema\\\/person\\\/331be9283d37198e2acd5750279085b0\"},\"headline\":\"Primera Infancia es tema de prioridad para el gobierno de Sinaloa: Rocha\",\"datePublished\":\"2023-09-26T01:28:23+00:00\",\"dateModified\":\"2023-09-26T01:28:52+00:00\",\"mainEntityOfPage\":{\"@id\":\"https:\\\/\\\/fuentesfidedignas.com.mx\\\/index.php\\\/2023\\\/09\\\/25\\\/primera-infancia-es-tema-de-prioridad-para-el-gobierno-de-sinaloa-rocha\\\/\"},\"wordCount\":529,\"commentCount\":0,\"publisher\":{\"@id\":\"https:\\\/\\\/fuentesfidedignas.com.mx\\\/#organization\"},\"image\":{\"@id\":\"https:\\\/\\\/fuentesfidedignas.com.mx\\\/index.php\\\/2023\\\/09\\\/25\\\/primera-infancia-es-tema-de-prioridad-para-el-gobierno-de-sinaloa-rocha\\\/#primaryimage\"},\"thumbnailUrl\":\"https:\\\/\\\/fuentesfidedignas.com.mx\\\/wp-content\\\/uploads\\\/2023\\\/09\\\/WhatsApp-Image-2023-09-25-at-6.16.29-PM.jpeg\",\"articleSection\":[\"NOTICIAS LOCALES\"],\"inLanguage\":\"es\",\"potentialAction\":[{\"@type\":\"CommentAction\",\"name\":\"Comment\",\"target\":[\"https:\\\/\\\/fuentesfidedignas.com.mx\\\/index.php\\\/2023\\\/09\\\/25\\\/primera-infancia-es-tema-de-prioridad-para-el-gobierno-de-sinaloa-rocha\\\/#respond\"]}]},{\"@type\":\"WebPage\",\"@id\":\"https:\\\/\\\/fuentesfidedignas.com.mx\\\/index.php\\\/2023\\\/09\\\/25\\\/primera-infancia-es-tema-de-prioridad-para-el-gobierno-de-sinaloa-rocha\\\/\",\"url\":\"https:\\\/\\\/fuentesfidedignas.com.mx\\\/index.php\\\/2023\\\/09\\\/25\\\/primera-infancia-es-tema-de-prioridad-para-el-gobierno-de-sinaloa-rocha\\\/\",\"name\":\"Primera Infancia es tema de prioridad para el gobierno de Sinaloa: Rocha - Fuentes Fidedignas\",\"isPartOf\":{\"@id\":\"https:\\\/\\\/fuentesfidedignas.com.mx\\\/#website\"},\"primaryImageOfPage\":{\"@id\":\"https:\\\/\\\/fuentesfidedignas.com.mx\\\/index.php\\\/2023\\\/09\\\/25\\\/primera-infancia-es-tema-de-prioridad-para-el-gobierno-de-sinaloa-rocha\\\/#primaryimage\"},\"image\":{\"@id\":\"https:\\\/\\\/fuentesfidedignas.com.mx\\\/index.php\\\/2023\\\/09\\\/25\\\/primera-infancia-es-tema-de-prioridad-para-el-gobierno-de-sinaloa-rocha\\\/#primaryimage\"},\"thumbnailUrl\":\"https:\\\/\\\/fuentesfidedignas.com.mx\\\/wp-content\\\/uploads\\\/2023\\\/09\\\/WhatsApp-Image-2023-09-25-at-6.16.29-PM.jpeg\",\"datePublished\":\"2023-09-26T01:28:23+00:00\",\"dateModified\":\"2023-09-26T01:28:52+00:00\",\"breadcrumb\":{\"@id\":\"https:\\\/\\\/fuentesfidedignas.com.mx\\\/index.php\\\/2023\\\/09\\\/25\\\/primera-infancia-es-tema-de-prioridad-para-el-gobierno-de-sinaloa-rocha\\\/#breadcrumb\"},\"inLanguage\":\"es\",\"potentialAction\":[{\"@type\":\"ReadAction\",\"target\":[\"https:\\\/\\\/fuentesfidedignas.com.mx\\\/index.php\\\/2023\\\/09\\\/25\\\/primera-infancia-es-tema-de-prioridad-para-el-gobierno-de-sinaloa-rocha\\\/\"]}]},{\"@type\":\"ImageObject\",\"inLanguage\":\"es\",\"@id\":\"https:\\\/\\\/fuentesfidedignas.com.mx\\\/index.php\\\/2023\\\/09\\\/25\\\/primera-infancia-es-tema-de-prioridad-para-el-gobierno-de-sinaloa-rocha\\\/#primaryimage\",\"url\":\"https:\\\/\\\/fuentesfidedignas.com.mx\\\/wp-content\\\/uploads\\\/2023\\\/09\\\/WhatsApp-Image-2023-09-25-at-6.16.29-PM.jpeg\",\"contentUrl\":\"https:\\\/\\\/fuentesfidedignas.com.mx\\\/wp-content\\\/uploads\\\/2023\\\/09\\\/WhatsApp-Image-2023-09-25-at-6.16.29-PM.jpeg\",\"width\":1600,\"height\":1066},{\"@type\":\"BreadcrumbList\",\"@id\":\"https:\\\/\\\/fuentesfidedignas.com.mx\\\/index.php\\\/2023\\\/09\\\/25\\\/primera-infancia-es-tema-de-prioridad-para-el-gobierno-de-sinaloa-rocha\\\/#breadcrumb\",\"itemListElement\":[{\"@type\":\"ListItem\",\"position\":1,\"name\":\"Inicio\",\"item\":\"https:\\\/\\\/fuentesfidedignas.com.mx\\\/\"},{\"@type\":\"ListItem\",\"position\":2,\"name\":\"Primera Infancia es tema de prioridad para el gobierno de Sinaloa: Rocha\"}]},{\"@type\":\"WebSite\",\"@id\":\"https:\\\/\\\/fuentesfidedignas.com.mx\\\/#website\",\"url\":\"https:\\\/\\\/fuentesfidedignas.com.mx\\\/\",\"name\":\"Fuentes Fidedignas\",\"description\":\"Otro sitio realizado con WordPress\",\"publisher\":{\"@id\":\"https:\\\/\\\/fuentesfidedignas.com.mx\\\/#organization\"},\"potentialAction\":[{\"@type\":\"SearchAction\",\"target\":{\"@type\":\"EntryPoint\",\"urlTemplate\":\"https:\\\/\\\/fuentesfidedignas.com.mx\\\/?s={search_term_string}\"},\"query-input\":{\"@type\":\"PropertyValueSpecification\",\"valueRequired\":true,\"valueName\":\"search_term_string\"}}],\"inLanguage\":\"es\"},{\"@type\":\"Organization\",\"@id\":\"https:\\\/\\\/fuentesfidedignas.com.mx\\\/#organization\",\"name\":\"Fuentes Fidedignas\",\"url\":\"https:\\\/\\\/fuentesfidedignas.com.mx\\\/\",\"logo\":{\"@type\":\"ImageObject\",\"inLanguage\":\"es\",\"@id\":\"https:\\\/\\\/fuentesfidedignas.com.mx\\\/#\\\/schema\\\/logo\\\/image\\\/\",\"url\":\"https:\\\/\\\/fuentesfidedignas.com.mx\\\/wp-content\\\/uploads\\\/2021\\\/04\\\/logo-retina.png\",\"contentUrl\":\"https:\\\/\\\/fuentesfidedignas.com.mx\\\/wp-content\\\/uploads\\\/2021\\\/04\\\/logo-retina.png\",\"width\":280,\"height\":51,\"caption\":\"Fuentes Fidedignas\"},\"image\":{\"@id\":\"https:\\\/\\\/fuentesfidedignas.com.mx\\\/#\\\/schema\\\/logo\\\/image\\\/\"},\"sameAs\":[\"https:\\\/\\\/www.facebook.com\\\/Fuentes-Fidedignas-368234489921644\",\"https:\\\/\\\/x.com\\\/fidedignas\"]},{\"@type\":\"Person\",\"@id\":\"https:\\\/\\\/fuentesfidedignas.com.mx\\\/#\\\/schema\\\/person\\\/331be9283d37198e2acd5750279085b0\",\"name\":\"Redacci\u00f3n\",\"image\":{\"@type\":\"ImageObject\",\"inLanguage\":\"es\",\"@id\":\"https:\\\/\\\/secure.gravatar.com\\\/avatar\\\/f6d8782c11d12b2d4ad3fbb6931aeab5309937a4d6cd2fc9cfaa28a6396a5aec?s=96&d=mm&r=g\",\"url\":\"https:\\\/\\\/secure.gravatar.com\\\/avatar\\\/f6d8782c11d12b2d4ad3fbb6931aeab5309937a4d6cd2fc9cfaa28a6396a5aec?s=96&d=mm&r=g\",\"contentUrl\":\"https:\\\/\\\/secure.gravatar.com\\\/avatar\\\/f6d8782c11d12b2d4ad3fbb6931aeab5309937a4d6cd2fc9cfaa28a6396a5aec?s=96&d=mm&r=g\",\"caption\":\"Redacci\u00f3n\"},\"url\":\"https:\\\/\\\/fuentesfidedignas.com.mx\\\/index.php\\\/author\\\/redaccion\\\/\"}]}<\/script>\n<!-- \/ Yoast SEO plugin. -->","yoast_head_json":{"title":"Primera Infancia es tema de prioridad para el gobierno de Sinaloa: Rocha - Fuentes Fidedignas","robots":{"index":"index","follow":"follow","max-snippet":"max-snippet:-1","max-image-preview":"max-image-preview:large","max-video-preview":"max-video-preview:-1"},"canonical":"https:\/\/fuentesfidedignas.com.mx\/index.php\/2023\/09\/25\/primera-infancia-es-tema-de-prioridad-para-el-gobierno-de-sinaloa-rocha\/","og_locale":"es_MX","og_type":"article","og_title":"Primera Infancia es tema de prioridad para el gobierno de Sinaloa: Rocha - Fuentes Fidedignas","og_description":"El mandatario estatal inaugur\u00f3 en Mazatl\u00e1n el Encuentro Nacional Primera Infancia y Trabajo Infantil, donde explic\u00f3 que se debe enfrentar las problem\u00e1ticas de la primera infancia y trabajar para darles soluci\u00f3n a trav\u00e9s de la transversalidad institucional. Mazatl\u00e1n, Sin.- El gobernador Rub\u00e9n Rocha Moya inaugur\u00f3 en el puerto de Mazatl\u00e1n el Encuentro Nacional Primera Infancia [&hellip;]","og_url":"https:\/\/fuentesfidedignas.com.mx\/index.php\/2023\/09\/25\/primera-infancia-es-tema-de-prioridad-para-el-gobierno-de-sinaloa-rocha\/","og_site_name":"Fuentes Fidedignas","article_publisher":"https:\/\/www.facebook.com\/Fuentes-Fidedignas-368234489921644","article_published_time":"2023-09-26T01:28:23+00:00","article_modified_time":"2023-09-26T01:28:52+00:00","og_image":[{"width":1600,"height":1066,"url":"https:\/\/fuentesfidedignas.com.mx\/wp-content\/uploads\/2023\/09\/WhatsApp-Image-2023-09-25-at-6.16.29-PM.jpeg","type":"image\/jpeg"}],"author":"Redacci\u00f3n","twitter_card":"summary_large_image","twitter_creator":"@fidedignas","twitter_site":"@fidedignas","twitter_misc":{"Escrito por":"Redacci\u00f3n","Tiempo de lectura":"5 minutos"},"schema":{"@context":"https:\/\/schema.org","@graph":[{"@type":"Article","@id":"https:\/\/fuentesfidedignas.com.mx\/index.php\/2023\/09\/25\/primera-infancia-es-tema-de-prioridad-para-el-gobierno-de-sinaloa-rocha\/#article","isPartOf":{"@id":"https:\/\/fuentesfidedignas.com.mx\/index.php\/2023\/09\/25\/primera-infancia-es-tema-de-prioridad-para-el-gobierno-de-sinaloa-rocha\/"},"author":{"name":"Redacci\u00f3n","@id":"https:\/\/fuentesfidedignas.com.mx\/#\/schema\/person\/331be9283d37198e2acd5750279085b0"},"headline":"Primera Infancia es tema de prioridad para el gobierno de Sinaloa: Rocha","datePublished":"2023-09-26T01:28:23+00:00","dateModified":"2023-09-26T01:28:52+00:00","mainEntityOfPage":{"@id":"https:\/\/fuentesfidedignas.com.mx\/index.php\/2023\/09\/25\/primera-infancia-es-tema-de-prioridad-para-el-gobierno-de-sinaloa-rocha\/"},"wordCount":529,"commentCount":0,"publisher":{"@id":"https:\/\/fuentesfidedignas.com.mx\/#organization"},"image":{"@id":"https:\/\/fuentesfidedignas.com.mx\/index.php\/2023\/09\/25\/primera-infancia-es-tema-de-prioridad-para-el-gobierno-de-sinaloa-rocha\/#primaryimage"},"thumbnailUrl":"https:\/\/fuentesfidedignas.com.mx\/wp-content\/uploads\/2023\/09\/WhatsApp-Image-2023-09-25-at-6.16.29-PM.jpeg","articleSection":["NOTICIAS LOCALES"],"inLanguage":"es","potentialAction":[{"@type":"CommentAction","name":"Comment","target":["https:\/\/fuentesfidedignas.com.mx\/index.php\/2023\/09\/25\/primera-infancia-es-tema-de-prioridad-para-el-gobierno-de-sinaloa-rocha\/#respond"]}]},{"@type":"WebPage","@id":"https:\/\/fuentesfidedignas.com.mx\/index.php\/2023\/09\/25\/primera-infancia-es-tema-de-prioridad-para-el-gobierno-de-sinaloa-rocha\/","url":"https:\/\/fuentesfidedignas.com.mx\/index.php\/2023\/09\/25\/primera-infancia-es-tema-de-prioridad-para-el-gobierno-de-sinaloa-rocha\/","name":"Primera Infancia es tema de prioridad para el gobierno de Sinaloa: Rocha - Fuentes Fidedignas","isPartOf":{"@id":"https:\/\/fuentesfidedignas.com.mx\/#website"},"primaryImageOfPage":{"@id":"https:\/\/fuentesfidedignas.com.mx\/index.php\/2023\/09\/25\/primera-infancia-es-tema-de-prioridad-para-el-gobierno-de-sinaloa-rocha\/#primaryimage"},"image":{"@id":"https:\/\/fuentesfidedignas.com.mx\/index.php\/2023\/09\/25\/primera-infancia-es-tema-de-prioridad-para-el-gobierno-de-sinaloa-rocha\/#primaryimage"},"thumbnailUrl":"https:\/\/fuentesfidedignas.com.mx\/wp-content\/uploads\/2023\/09\/WhatsApp-Image-2023-09-25-at-6.16.29-PM.jpeg","datePublished":"2023-09-26T01:28:23+00:00","dateModified":"2023-09-26T01:28:52+00:00","breadcrumb":{"@id":"https:\/\/fuentesfidedignas.com.mx\/index.php\/2023\/09\/25\/primera-infancia-es-tema-de-prioridad-para-el-gobierno-de-sinaloa-rocha\/#breadcrumb"},"inLanguage":"es","potentialAction":[{"@type":"ReadAction","target":["https:\/\/fuentesfidedignas.com.mx\/index.php\/2023\/09\/25\/primera-infancia-es-tema-de-prioridad-para-el-gobierno-de-sinaloa-rocha\/"]}]},{"@type":"ImageObject","inLanguage":"es","@id":"https:\/\/fuentesfidedignas.com.mx\/index.php\/2023\/09\/25\/primera-infancia-es-tema-de-prioridad-para-el-gobierno-de-sinaloa-rocha\/#primaryimage","url":"https:\/\/fuentesfidedignas.com.mx\/wp-content\/uploads\/2023\/09\/WhatsApp-Image-2023-09-25-at-6.16.29-PM.jpeg","contentUrl":"https:\/\/fuentesfidedignas.com.mx\/wp-content\/uploads\/2023\/09\/WhatsApp-Image-2023-09-25-at-6.16.29-PM.jpeg","width":1600,"height":1066},{"@type":"BreadcrumbList","@id":"https:\/\/fuentesfidedignas.com.mx\/index.php\/2023\/09\/25\/primera-infancia-es-tema-de-prioridad-para-el-gobierno-de-sinaloa-rocha\/#breadcrumb","itemListElement":[{"@type":"ListItem","position":1,"name":"Inicio","item":"https:\/\/fuentesfidedignas.com.mx\/"},{"@type":"ListItem","position":2,"name":"Primera Infancia es tema de prioridad para el gobierno de Sinaloa: Rocha"}]},{"@type":"WebSite","@id":"https:\/\/fuentesfidedignas.com.mx\/#website","url":"https:\/\/fuentesfidedignas.com.mx\/","name":"Fuentes Fidedignas","description":"Otro sitio realizado con WordPress","publisher":{"@id":"https:\/\/fuentesfidedignas.com.mx\/#organization"},"potentialAction":[{"@type":"SearchAction","target":{"@type":"EntryPoint","urlTemplate":"https:\/\/fuentesfidedignas.com.mx\/?s={search_term_string}"},"query-input":{"@type":"PropertyValueSpecification","valueRequired":true,"valueName":"search_term_string"}}],"inLanguage":"es"},{"@type":"Organization","@id":"https:\/\/fuentesfidedignas.com.mx\/#organization","name":"Fuentes Fidedignas","url":"https:\/\/fuentesfidedignas.com.mx\/","logo":{"@type":"ImageObject","inLanguage":"es","@id":"https:\/\/fuentesfidedignas.com.mx\/#\/schema\/logo\/image\/","url":"https:\/\/fuentesfidedignas.com.mx\/wp-content\/uploads\/2021\/04\/logo-retina.png","contentUrl":"https:\/\/fuentesfidedignas.com.mx\/wp-content\/uploads\/2021\/04\/logo-retina.png","width":280,"height":51,"caption":"Fuentes Fidedignas"},"image":{"@id":"https:\/\/fuentesfidedignas.com.mx\/#\/schema\/logo\/image\/"},"sameAs":["https:\/\/www.facebook.com\/Fuentes-Fidedignas-368234489921644","https:\/\/x.com\/fidedignas"]},{"@type":"Person","@id":"https:\/\/fuentesfidedignas.com.mx\/#\/schema\/person\/331be9283d37198e2acd5750279085b0","name":"Redacci\u00f3n","image":{"@type":"ImageObject","inLanguage":"es","@id":"https:\/\/secure.gravatar.com\/avatar\/f6d8782c11d12b2d4ad3fbb6931aeab5309937a4d6cd2fc9cfaa28a6396a5aec?s=96&d=mm&r=g","url":"https:\/\/secure.gravatar.com\/avatar\/f6d8782c11d12b2d4ad3fbb6931aeab5309937a4d6cd2fc9cfaa28a6396a5aec?s=96&d=mm&r=g","contentUrl":"https:\/\/secure.gravatar.com\/avatar\/f6d8782c11d12b2d4ad3fbb6931aeab5309937a4d6cd2fc9cfaa28a6396a5aec?s=96&d=mm&r=g","caption":"Redacci\u00f3n"},"url":"https:\/\/fuentesfidedignas.com.mx\/index.php\/author\/redaccion\/"}]}},"_links":{"self":[{"href":"https:\/\/fuentesfidedignas.com.mx\/index.php\/wp-json\/wp\/v2\/posts\/60278","targetHints":{"allow":["GET"]}}],"collection":[{"href":"https:\/\/fuentesfidedignas.com.mx\/index.php\/wp-json\/wp\/v2\/posts"}],"about":[{"href":"https:\/\/fuentesfidedignas.com.mx\/index.php\/wp-json\/wp\/v2\/types\/post"}],"author":[{"embeddable":true,"href":"https:\/\/fuentesfidedignas.com.mx\/index.php\/wp-json\/wp\/v2\/users\/4"}],"replies":[{"embeddable":true,"href":"https:\/\/fuentesfidedignas.com.mx\/index.php\/wp-json\/wp\/v2\/comments?post=60278"}],"version-history":[{"count":1,"href":"https:\/\/fuentesfidedignas.com.mx\/index.php\/wp-json\/wp\/v2\/posts\/60278\/revisions"}],"predecessor-version":[{"id":60293,"href":"https:\/\/fuentesfidedignas.com.mx\/index.php\/wp-json\/wp\/v2\/posts\/60278\/revisions\/60293"}],"wp:featuredmedia":[{"embeddable":true,"href":"https:\/\/fuentesfidedignas.com.mx\/index.php\/wp-json\/wp\/v2\/media\/60281"}],"wp:attachment":[{"href":"https:\/\/fuentesfidedignas.com.mx\/index.php\/wp-json\/wp\/v2\/media?parent=60278"}],"wp:term":[{"taxonomy":"category","embeddable":true,"href":"https:\/\/fuentesfidedignas.com.mx\/index.php\/wp-json\/wp\/v2\/categories?post=60278"},{"taxonomy":"post_tag","embeddable":true,"href":"https:\/\/fuentesfidedignas.com.mx\/index.php\/wp-json\/wp\/v2\/tags?post=60278"}],"curies":[{"name":"wp","href":"https:\/\/api.w.org\/{rel}","templated":true}]}}