{"id":60274,"date":"2023-09-26T01:13:37","date_gmt":"2023-09-26T08:13:37","guid":{"rendered":"https:\/\/fuentesfidedignas.com.mx\/?p=60274"},"modified":"2023-09-25T18:15:03","modified_gmt":"2023-09-26T01:15:03","slug":"video-abuelita-celebra-sus-90-anos-como-quinceanera-festejo-se-vuelve-viral","status":"publish","type":"post","link":"https:\/\/fuentesfidedignas.com.mx\/index.php\/2023\/09\/26\/video-abuelita-celebra-sus-90-anos-como-quinceanera-festejo-se-vuelve-viral\/","title":{"rendered":"VIDEO: Abuelita celebra sus 90 a\u00f1os como quincea\u00f1era; festejo se vuelve viral"},"content":{"rendered":"\n<p><strong><em>Una abuelita celebr\u00f3 su cumplea\u00f1os n\u00famero 90 como \u201cquincea\u00f1era\u201d, luciendo un esplendoroso vestido y disfrutando el baile con mucha jovialidad y alegr\u00eda.<\/em><\/strong><\/p>\n\n\n\n<p>En TikTok, se volvi\u00f3 viral el festejo de una mujer que decidi\u00f3 festejar su cumplea\u00f1os n\u00famero 90 de una manera muy especial; la abuelita se convirti\u00f3 en quincea\u00f1era&nbsp;por un d\u00eda al cumplir \u201cseis veces 15\u201d.<\/p>\n\n\n\n<p>La usuario @eugecucco comparti\u00f3 el video en redes sociales en el que se puede ver a la mujer de 90 a\u00f1os celebrando su cumplea\u00f1os en un sal\u00f3n de eventos con decenas de invitados.<\/p>\n\n\n\n<p>En el clip compartido en TikTok se puede apreciar como la mujer entra por la puerta al sal\u00f3n de eventos sobre una peque\u00f1a plataforma jalada por una motocicleta, en sus manos carga un letrero en el que se puede leer la frase \u201c6 veces 15\u201d refiri\u00e9ndose a su edad.<\/p>\n\n\n\n<p>Antonia, al parecer el nombre de la abuelita festejada, visti\u00f3 un vestido blanco con un cintur\u00f3n en color rosa y una diadema adornada para dar parecido a una corona.<\/p>\n\n\n\n<p>Tras compartir c\u00f3mo fue su entrada triunfal, a Antonia se le puede apreciar disfrutando de su fiesta en compa\u00f1\u00eda de sus familiares.<\/p>\n\n\n\n<p>M\u00e1s tarde la festejada aparece en el video con otro tipo de ropa, al parecer para su comodidad, pero esto no impide que siga disfrutando la fiesta ya que tambi\u00e9n porta un gorro y un silbato de fiesta para comenzar a bailar con sus familiares.<\/p>\n\n\n\n<blockquote class=\"tiktok-embed\" cite=\"https:\/\/www.tiktok.com\/@eugecucco\/video\/7275488292181642502\" data-video-id=\"7275488292181642502\" style=\"max-width: 605px;min-width: 325px;\" > <section> <a target=\"_blank\" title=\"@eugecucco\" href=\"https:\/\/www.tiktok.com\/@eugecucco?refer=embed\" rel=\"noopener\">@eugecucco<\/a> <p>El cumple de 90 de mi bisabuela fue el evento familiar del a\u00f1o. Tengo pruebas:<\/p> <a target=\"_blank\" title=\"\u266c sonido original - Eugenia Cucco\" href=\"https:\/\/www.tiktok.com\/music\/sonido-original-7275488323971009285?refer=embed\" rel=\"noopener\">\u266c sonido original &#8211; Eugenia Cucco<\/a> <\/section> <\/blockquote> <script async src=\"https:\/\/www.tiktok.com\/embed.js\"><\/script>\n\n\n\n<ul class=\"wp-block-list\">\n<li>\u201cLa amo se\u00f1ora, no la conozco, pero la amo mucho\u201d<\/li>\n\n\n\n<li>\u201cGracias por darle los mejores seis veces 15\u201d<\/li>\n\n\n\n<li>\u201cTe amo mi abuelita quincea\u00f1era\u201d<\/li>\n\n\n\n<li>\u201cSi llego a los 90 a\u00f1os no dir\u00e9 nada, pero habr\u00e1 se\u00f1ales\u201d<\/li>\n\n\n\n<li>\u201c90 a\u00f1os y est\u00e1 mejor que yo\u201d<\/li>\n\n\n\n<li>\u201cTengo 38 y la mitad de la energ\u00eda de esa mujer\u201d<\/li>\n\n\n\n<li>\u201cEsa entrada triunfal, divina, la amamos\u201d, se puede leer en los comentarios.<\/li>\n<\/ul>\n","protected":false},"excerpt":{"rendered":"<p>Una abuelita celebr\u00f3 su cumplea\u00f1os n\u00famero 90 como \u201cquincea\u00f1era\u201d, luciendo un esplendoroso vestido y disfrutando el baile con mucha jovialidad y alegr\u00eda. En TikTok, se volvi\u00f3 viral el festejo de una mujer que decidi\u00f3 festejar su cumplea\u00f1os n\u00famero 90 de una manera muy especial; la abuelita se convirti\u00f3 en quincea\u00f1era&nbsp;por un d\u00eda al cumplir \u201cseis [&hellip;]<\/p>\n","protected":false},"author":40,"featured_media":60275,"comment_status":"open","ping_status":"open","sticky":false,"template":"","format":"standard","meta":{"tdm_status":"","tdm_grid_status":"","footnotes":""},"categories":[40],"tags":[],"class_list":{"0":"post-60274","1":"post","2":"type-post","3":"status-publish","4":"format-standard","5":"has-post-thumbnail","7":"category-las-asombrosas"},"yoast_head":"<!-- This site is optimized with the Yoast SEO plugin v27.4 - https:\/\/yoast.com\/product\/yoast-seo-wordpress\/ -->\n<title>VIDEO: Abuelita celebra sus 90 a\u00f1os como quincea\u00f1era; festejo se vuelve viral - Fuentes Fidedignas<\/title>\n<meta name=\"robots\" content=\"index, follow, max-snippet:-1, max-image-preview:large, max-video-preview:-1\" \/>\n<link rel=\"canonical\" href=\"https:\/\/fuentesfidedignas.com.mx\/index.php\/2023\/09\/26\/video-abuelita-celebra-sus-90-anos-como-quinceanera-festejo-se-vuelve-viral\/\" \/>\n<meta property=\"og:locale\" content=\"es_MX\" \/>\n<meta property=\"og:type\" content=\"article\" \/>\n<meta property=\"og:title\" content=\"VIDEO: Abuelita celebra sus 90 a\u00f1os como quincea\u00f1era; festejo se vuelve viral - Fuentes Fidedignas\" \/>\n<meta property=\"og:description\" content=\"Una abuelita celebr\u00f3 su cumplea\u00f1os n\u00famero 90 como \u201cquincea\u00f1era\u201d, luciendo un esplendoroso vestido y disfrutando el baile con mucha jovialidad y alegr\u00eda. En TikTok, se volvi\u00f3 viral el festejo de una mujer que decidi\u00f3 festejar su cumplea\u00f1os n\u00famero 90 de una manera muy especial; la abuelita se convirti\u00f3 en quincea\u00f1era&nbsp;por un d\u00eda al cumplir \u201cseis [&hellip;]\" \/>\n<meta property=\"og:url\" content=\"https:\/\/fuentesfidedignas.com.mx\/index.php\/2023\/09\/26\/video-abuelita-celebra-sus-90-anos-como-quinceanera-festejo-se-vuelve-viral\/\" \/>\n<meta property=\"og:site_name\" content=\"Fuentes Fidedignas\" \/>\n<meta property=\"article:publisher\" content=\"https:\/\/www.facebook.com\/Fuentes-Fidedignas-368234489921644\" \/>\n<meta property=\"article:published_time\" content=\"2023-09-26T08:13:37+00:00\" \/>\n<meta property=\"og:image\" content=\"https:\/\/fuentesfidedignas.com.mx\/wp-content\/uploads\/2023\/09\/ABUELITA_90.jpg\" \/>\n\t<meta property=\"og:image:width\" content=\"865\" \/>\n\t<meta property=\"og:image:height\" content=\"527\" \/>\n\t<meta property=\"og:image:type\" content=\"image\/jpeg\" \/>\n<meta name=\"author\" content=\"El Imparcial\" \/>\n<meta name=\"twitter:card\" content=\"summary_large_image\" \/>\n<meta name=\"twitter:creator\" content=\"@fidedignas\" \/>\n<meta name=\"twitter:site\" content=\"@fidedignas\" \/>\n<meta name=\"twitter:label1\" content=\"Escrito por\" \/>\n\t<meta name=\"twitter:data1\" content=\"El Imparcial\" \/>\n\t<meta name=\"twitter:label2\" content=\"Tiempo de lectura\" \/>\n\t<meta name=\"twitter:data2\" content=\"2 minutos\" \/>\n<script type=\"application\/ld+json\" class=\"yoast-schema-graph\">{\"@context\":\"https:\\\/\\\/schema.org\",\"@graph\":[{\"@type\":\"Article\",\"@id\":\"https:\\\/\\\/fuentesfidedignas.com.mx\\\/index.php\\\/2023\\\/09\\\/26\\\/video-abuelita-celebra-sus-90-anos-como-quinceanera-festejo-se-vuelve-viral\\\/#article\",\"isPartOf\":{\"@id\":\"https:\\\/\\\/fuentesfidedignas.com.mx\\\/index.php\\\/2023\\\/09\\\/26\\\/video-abuelita-celebra-sus-90-anos-como-quinceanera-festejo-se-vuelve-viral\\\/\"},\"author\":{\"name\":\"El Imparcial\",\"@id\":\"https:\\\/\\\/fuentesfidedignas.com.mx\\\/#\\\/schema\\\/person\\\/ff4db17f8fd9c584e0cfc2a0c436b8a1\"},\"headline\":\"VIDEO: Abuelita celebra sus 90 a\u00f1os como quincea\u00f1era; festejo se vuelve viral\",\"datePublished\":\"2023-09-26T08:13:37+00:00\",\"mainEntityOfPage\":{\"@id\":\"https:\\\/\\\/fuentesfidedignas.com.mx\\\/index.php\\\/2023\\\/09\\\/26\\\/video-abuelita-celebra-sus-90-anos-como-quinceanera-festejo-se-vuelve-viral\\\/\"},\"wordCount\":351,\"commentCount\":0,\"publisher\":{\"@id\":\"https:\\\/\\\/fuentesfidedignas.com.mx\\\/#organization\"},\"image\":{\"@id\":\"https:\\\/\\\/fuentesfidedignas.com.mx\\\/index.php\\\/2023\\\/09\\\/26\\\/video-abuelita-celebra-sus-90-anos-como-quinceanera-festejo-se-vuelve-viral\\\/#primaryimage\"},\"thumbnailUrl\":\"https:\\\/\\\/fuentesfidedignas.com.mx\\\/wp-content\\\/uploads\\\/2023\\\/09\\\/ABUELITA_90.jpg\",\"articleSection\":[\"LAS ASOMBROSAS\"],\"inLanguage\":\"es\",\"potentialAction\":[{\"@type\":\"CommentAction\",\"name\":\"Comment\",\"target\":[\"https:\\\/\\\/fuentesfidedignas.com.mx\\\/index.php\\\/2023\\\/09\\\/26\\\/video-abuelita-celebra-sus-90-anos-como-quinceanera-festejo-se-vuelve-viral\\\/#respond\"]}]},{\"@type\":\"WebPage\",\"@id\":\"https:\\\/\\\/fuentesfidedignas.com.mx\\\/index.php\\\/2023\\\/09\\\/26\\\/video-abuelita-celebra-sus-90-anos-como-quinceanera-festejo-se-vuelve-viral\\\/\",\"url\":\"https:\\\/\\\/fuentesfidedignas.com.mx\\\/index.php\\\/2023\\\/09\\\/26\\\/video-abuelita-celebra-sus-90-anos-como-quinceanera-festejo-se-vuelve-viral\\\/\",\"name\":\"VIDEO: Abuelita celebra sus 90 a\u00f1os como quincea\u00f1era; festejo se vuelve viral - Fuentes Fidedignas\",\"isPartOf\":{\"@id\":\"https:\\\/\\\/fuentesfidedignas.com.mx\\\/#website\"},\"primaryImageOfPage\":{\"@id\":\"https:\\\/\\\/fuentesfidedignas.com.mx\\\/index.php\\\/2023\\\/09\\\/26\\\/video-abuelita-celebra-sus-90-anos-como-quinceanera-festejo-se-vuelve-viral\\\/#primaryimage\"},\"image\":{\"@id\":\"https:\\\/\\\/fuentesfidedignas.com.mx\\\/index.php\\\/2023\\\/09\\\/26\\\/video-abuelita-celebra-sus-90-anos-como-quinceanera-festejo-se-vuelve-viral\\\/#primaryimage\"},\"thumbnailUrl\":\"https:\\\/\\\/fuentesfidedignas.com.mx\\\/wp-content\\\/uploads\\\/2023\\\/09\\\/ABUELITA_90.jpg\",\"datePublished\":\"2023-09-26T08:13:37+00:00\",\"breadcrumb\":{\"@id\":\"https:\\\/\\\/fuentesfidedignas.com.mx\\\/index.php\\\/2023\\\/09\\\/26\\\/video-abuelita-celebra-sus-90-anos-como-quinceanera-festejo-se-vuelve-viral\\\/#breadcrumb\"},\"inLanguage\":\"es\",\"potentialAction\":[{\"@type\":\"ReadAction\",\"target\":[\"https:\\\/\\\/fuentesfidedignas.com.mx\\\/index.php\\\/2023\\\/09\\\/26\\\/video-abuelita-celebra-sus-90-anos-como-quinceanera-festejo-se-vuelve-viral\\\/\"]}]},{\"@type\":\"ImageObject\",\"inLanguage\":\"es\",\"@id\":\"https:\\\/\\\/fuentesfidedignas.com.mx\\\/index.php\\\/2023\\\/09\\\/26\\\/video-abuelita-celebra-sus-90-anos-como-quinceanera-festejo-se-vuelve-viral\\\/#primaryimage\",\"url\":\"https:\\\/\\\/fuentesfidedignas.com.mx\\\/wp-content\\\/uploads\\\/2023\\\/09\\\/ABUELITA_90.jpg\",\"contentUrl\":\"https:\\\/\\\/fuentesfidedignas.com.mx\\\/wp-content\\\/uploads\\\/2023\\\/09\\\/ABUELITA_90.jpg\",\"width\":865,\"height\":527},{\"@type\":\"BreadcrumbList\",\"@id\":\"https:\\\/\\\/fuentesfidedignas.com.mx\\\/index.php\\\/2023\\\/09\\\/26\\\/video-abuelita-celebra-sus-90-anos-como-quinceanera-festejo-se-vuelve-viral\\\/#breadcrumb\",\"itemListElement\":[{\"@type\":\"ListItem\",\"position\":1,\"name\":\"Inicio\",\"item\":\"https:\\\/\\\/fuentesfidedignas.com.mx\\\/\"},{\"@type\":\"ListItem\",\"position\":2,\"name\":\"VIDEO: Abuelita celebra sus 90 a\u00f1os como quincea\u00f1era; festejo se vuelve viral\"}]},{\"@type\":\"WebSite\",\"@id\":\"https:\\\/\\\/fuentesfidedignas.com.mx\\\/#website\",\"url\":\"https:\\\/\\\/fuentesfidedignas.com.mx\\\/\",\"name\":\"Fuentes Fidedignas\",\"description\":\"Otro sitio realizado con WordPress\",\"publisher\":{\"@id\":\"https:\\\/\\\/fuentesfidedignas.com.mx\\\/#organization\"},\"potentialAction\":[{\"@type\":\"SearchAction\",\"target\":{\"@type\":\"EntryPoint\",\"urlTemplate\":\"https:\\\/\\\/fuentesfidedignas.com.mx\\\/?s={search_term_string}\"},\"query-input\":{\"@type\":\"PropertyValueSpecification\",\"valueRequired\":true,\"valueName\":\"search_term_string\"}}],\"inLanguage\":\"es\"},{\"@type\":\"Organization\",\"@id\":\"https:\\\/\\\/fuentesfidedignas.com.mx\\\/#organization\",\"name\":\"Fuentes Fidedignas\",\"url\":\"https:\\\/\\\/fuentesfidedignas.com.mx\\\/\",\"logo\":{\"@type\":\"ImageObject\",\"inLanguage\":\"es\",\"@id\":\"https:\\\/\\\/fuentesfidedignas.com.mx\\\/#\\\/schema\\\/logo\\\/image\\\/\",\"url\":\"https:\\\/\\\/fuentesfidedignas.com.mx\\\/wp-content\\\/uploads\\\/2021\\\/04\\\/logo-retina.png\",\"contentUrl\":\"https:\\\/\\\/fuentesfidedignas.com.mx\\\/wp-content\\\/uploads\\\/2021\\\/04\\\/logo-retina.png\",\"width\":280,\"height\":51,\"caption\":\"Fuentes Fidedignas\"},\"image\":{\"@id\":\"https:\\\/\\\/fuentesfidedignas.com.mx\\\/#\\\/schema\\\/logo\\\/image\\\/\"},\"sameAs\":[\"https:\\\/\\\/www.facebook.com\\\/Fuentes-Fidedignas-368234489921644\",\"https:\\\/\\\/x.com\\\/fidedignas\"]},{\"@type\":\"Person\",\"@id\":\"https:\\\/\\\/fuentesfidedignas.com.mx\\\/#\\\/schema\\\/person\\\/ff4db17f8fd9c584e0cfc2a0c436b8a1\",\"name\":\"El Imparcial\",\"image\":{\"@type\":\"ImageObject\",\"inLanguage\":\"es\",\"@id\":\"https:\\\/\\\/secure.gravatar.com\\\/avatar\\\/accd6807585a75316c237ee783498317be6f66ab34c47c940966f26a3f613161?s=96&d=mm&r=g\",\"url\":\"https:\\\/\\\/secure.gravatar.com\\\/avatar\\\/accd6807585a75316c237ee783498317be6f66ab34c47c940966f26a3f613161?s=96&d=mm&r=g\",\"contentUrl\":\"https:\\\/\\\/secure.gravatar.com\\\/avatar\\\/accd6807585a75316c237ee783498317be6f66ab34c47c940966f26a3f613161?s=96&d=mm&r=g\",\"caption\":\"El Imparcial\"},\"url\":\"https:\\\/\\\/fuentesfidedignas.com.mx\\\/index.php\\\/author\\\/imparcial\\\/\"}]}<\/script>\n<!-- \/ Yoast SEO plugin. -->","yoast_head_json":{"title":"VIDEO: Abuelita celebra sus 90 a\u00f1os como quincea\u00f1era; festejo se vuelve viral - Fuentes Fidedignas","robots":{"index":"index","follow":"follow","max-snippet":"max-snippet:-1","max-image-preview":"max-image-preview:large","max-video-preview":"max-video-preview:-1"},"canonical":"https:\/\/fuentesfidedignas.com.mx\/index.php\/2023\/09\/26\/video-abuelita-celebra-sus-90-anos-como-quinceanera-festejo-se-vuelve-viral\/","og_locale":"es_MX","og_type":"article","og_title":"VIDEO: Abuelita celebra sus 90 a\u00f1os como quincea\u00f1era; festejo se vuelve viral - Fuentes Fidedignas","og_description":"Una abuelita celebr\u00f3 su cumplea\u00f1os n\u00famero 90 como \u201cquincea\u00f1era\u201d, luciendo un esplendoroso vestido y disfrutando el baile con mucha jovialidad y alegr\u00eda. En TikTok, se volvi\u00f3 viral el festejo de una mujer que decidi\u00f3 festejar su cumplea\u00f1os n\u00famero 90 de una manera muy especial; la abuelita se convirti\u00f3 en quincea\u00f1era&nbsp;por un d\u00eda al cumplir \u201cseis [&hellip;]","og_url":"https:\/\/fuentesfidedignas.com.mx\/index.php\/2023\/09\/26\/video-abuelita-celebra-sus-90-anos-como-quinceanera-festejo-se-vuelve-viral\/","og_site_name":"Fuentes Fidedignas","article_publisher":"https:\/\/www.facebook.com\/Fuentes-Fidedignas-368234489921644","article_published_time":"2023-09-26T08:13:37+00:00","og_image":[{"width":865,"height":527,"url":"https:\/\/fuentesfidedignas.com.mx\/wp-content\/uploads\/2023\/09\/ABUELITA_90.jpg","type":"image\/jpeg"}],"author":"El Imparcial","twitter_card":"summary_large_image","twitter_creator":"@fidedignas","twitter_site":"@fidedignas","twitter_misc":{"Escrito por":"El Imparcial","Tiempo de lectura":"2 minutos"},"schema":{"@context":"https:\/\/schema.org","@graph":[{"@type":"Article","@id":"https:\/\/fuentesfidedignas.com.mx\/index.php\/2023\/09\/26\/video-abuelita-celebra-sus-90-anos-como-quinceanera-festejo-se-vuelve-viral\/#article","isPartOf":{"@id":"https:\/\/fuentesfidedignas.com.mx\/index.php\/2023\/09\/26\/video-abuelita-celebra-sus-90-anos-como-quinceanera-festejo-se-vuelve-viral\/"},"author":{"name":"El Imparcial","@id":"https:\/\/fuentesfidedignas.com.mx\/#\/schema\/person\/ff4db17f8fd9c584e0cfc2a0c436b8a1"},"headline":"VIDEO: Abuelita celebra sus 90 a\u00f1os como quincea\u00f1era; festejo se vuelve viral","datePublished":"2023-09-26T08:13:37+00:00","mainEntityOfPage":{"@id":"https:\/\/fuentesfidedignas.com.mx\/index.php\/2023\/09\/26\/video-abuelita-celebra-sus-90-anos-como-quinceanera-festejo-se-vuelve-viral\/"},"wordCount":351,"commentCount":0,"publisher":{"@id":"https:\/\/fuentesfidedignas.com.mx\/#organization"},"image":{"@id":"https:\/\/fuentesfidedignas.com.mx\/index.php\/2023\/09\/26\/video-abuelita-celebra-sus-90-anos-como-quinceanera-festejo-se-vuelve-viral\/#primaryimage"},"thumbnailUrl":"https:\/\/fuentesfidedignas.com.mx\/wp-content\/uploads\/2023\/09\/ABUELITA_90.jpg","articleSection":["LAS ASOMBROSAS"],"inLanguage":"es","potentialAction":[{"@type":"CommentAction","name":"Comment","target":["https:\/\/fuentesfidedignas.com.mx\/index.php\/2023\/09\/26\/video-abuelita-celebra-sus-90-anos-como-quinceanera-festejo-se-vuelve-viral\/#respond"]}]},{"@type":"WebPage","@id":"https:\/\/fuentesfidedignas.com.mx\/index.php\/2023\/09\/26\/video-abuelita-celebra-sus-90-anos-como-quinceanera-festejo-se-vuelve-viral\/","url":"https:\/\/fuentesfidedignas.com.mx\/index.php\/2023\/09\/26\/video-abuelita-celebra-sus-90-anos-como-quinceanera-festejo-se-vuelve-viral\/","name":"VIDEO: Abuelita celebra sus 90 a\u00f1os como quincea\u00f1era; festejo se vuelve viral - Fuentes Fidedignas","isPartOf":{"@id":"https:\/\/fuentesfidedignas.com.mx\/#website"},"primaryImageOfPage":{"@id":"https:\/\/fuentesfidedignas.com.mx\/index.php\/2023\/09\/26\/video-abuelita-celebra-sus-90-anos-como-quinceanera-festejo-se-vuelve-viral\/#primaryimage"},"image":{"@id":"https:\/\/fuentesfidedignas.com.mx\/index.php\/2023\/09\/26\/video-abuelita-celebra-sus-90-anos-como-quinceanera-festejo-se-vuelve-viral\/#primaryimage"},"thumbnailUrl":"https:\/\/fuentesfidedignas.com.mx\/wp-content\/uploads\/2023\/09\/ABUELITA_90.jpg","datePublished":"2023-09-26T08:13:37+00:00","breadcrumb":{"@id":"https:\/\/fuentesfidedignas.com.mx\/index.php\/2023\/09\/26\/video-abuelita-celebra-sus-90-anos-como-quinceanera-festejo-se-vuelve-viral\/#breadcrumb"},"inLanguage":"es","potentialAction":[{"@type":"ReadAction","target":["https:\/\/fuentesfidedignas.com.mx\/index.php\/2023\/09\/26\/video-abuelita-celebra-sus-90-anos-como-quinceanera-festejo-se-vuelve-viral\/"]}]},{"@type":"ImageObject","inLanguage":"es","@id":"https:\/\/fuentesfidedignas.com.mx\/index.php\/2023\/09\/26\/video-abuelita-celebra-sus-90-anos-como-quinceanera-festejo-se-vuelve-viral\/#primaryimage","url":"https:\/\/fuentesfidedignas.com.mx\/wp-content\/uploads\/2023\/09\/ABUELITA_90.jpg","contentUrl":"https:\/\/fuentesfidedignas.com.mx\/wp-content\/uploads\/2023\/09\/ABUELITA_90.jpg","width":865,"height":527},{"@type":"BreadcrumbList","@id":"https:\/\/fuentesfidedignas.com.mx\/index.php\/2023\/09\/26\/video-abuelita-celebra-sus-90-anos-como-quinceanera-festejo-se-vuelve-viral\/#breadcrumb","itemListElement":[{"@type":"ListItem","position":1,"name":"Inicio","item":"https:\/\/fuentesfidedignas.com.mx\/"},{"@type":"ListItem","position":2,"name":"VIDEO: Abuelita celebra sus 90 a\u00f1os como quincea\u00f1era; festejo se vuelve viral"}]},{"@type":"WebSite","@id":"https:\/\/fuentesfidedignas.com.mx\/#website","url":"https:\/\/fuentesfidedignas.com.mx\/","name":"Fuentes Fidedignas","description":"Otro sitio realizado con WordPress","publisher":{"@id":"https:\/\/fuentesfidedignas.com.mx\/#organization"},"potentialAction":[{"@type":"SearchAction","target":{"@type":"EntryPoint","urlTemplate":"https:\/\/fuentesfidedignas.com.mx\/?s={search_term_string}"},"query-input":{"@type":"PropertyValueSpecification","valueRequired":true,"valueName":"search_term_string"}}],"inLanguage":"es"},{"@type":"Organization","@id":"https:\/\/fuentesfidedignas.com.mx\/#organization","name":"Fuentes Fidedignas","url":"https:\/\/fuentesfidedignas.com.mx\/","logo":{"@type":"ImageObject","inLanguage":"es","@id":"https:\/\/fuentesfidedignas.com.mx\/#\/schema\/logo\/image\/","url":"https:\/\/fuentesfidedignas.com.mx\/wp-content\/uploads\/2021\/04\/logo-retina.png","contentUrl":"https:\/\/fuentesfidedignas.com.mx\/wp-content\/uploads\/2021\/04\/logo-retina.png","width":280,"height":51,"caption":"Fuentes Fidedignas"},"image":{"@id":"https:\/\/fuentesfidedignas.com.mx\/#\/schema\/logo\/image\/"},"sameAs":["https:\/\/www.facebook.com\/Fuentes-Fidedignas-368234489921644","https:\/\/x.com\/fidedignas"]},{"@type":"Person","@id":"https:\/\/fuentesfidedignas.com.mx\/#\/schema\/person\/ff4db17f8fd9c584e0cfc2a0c436b8a1","name":"El Imparcial","image":{"@type":"ImageObject","inLanguage":"es","@id":"https:\/\/secure.gravatar.com\/avatar\/accd6807585a75316c237ee783498317be6f66ab34c47c940966f26a3f613161?s=96&d=mm&r=g","url":"https:\/\/secure.gravatar.com\/avatar\/accd6807585a75316c237ee783498317be6f66ab34c47c940966f26a3f613161?s=96&d=mm&r=g","contentUrl":"https:\/\/secure.gravatar.com\/avatar\/accd6807585a75316c237ee783498317be6f66ab34c47c940966f26a3f613161?s=96&d=mm&r=g","caption":"El Imparcial"},"url":"https:\/\/fuentesfidedignas.com.mx\/index.php\/author\/imparcial\/"}]}},"_links":{"self":[{"href":"https:\/\/fuentesfidedignas.com.mx\/index.php\/wp-json\/wp\/v2\/posts\/60274","targetHints":{"allow":["GET"]}}],"collection":[{"href":"https:\/\/fuentesfidedignas.com.mx\/index.php\/wp-json\/wp\/v2\/posts"}],"about":[{"href":"https:\/\/fuentesfidedignas.com.mx\/index.php\/wp-json\/wp\/v2\/types\/post"}],"author":[{"embeddable":true,"href":"https:\/\/fuentesfidedignas.com.mx\/index.php\/wp-json\/wp\/v2\/users\/40"}],"replies":[{"embeddable":true,"href":"https:\/\/fuentesfidedignas.com.mx\/index.php\/wp-json\/wp\/v2\/comments?post=60274"}],"version-history":[{"count":2,"href":"https:\/\/fuentesfidedignas.com.mx\/index.php\/wp-json\/wp\/v2\/posts\/60274\/revisions"}],"predecessor-version":[{"id":60277,"href":"https:\/\/fuentesfidedignas.com.mx\/index.php\/wp-json\/wp\/v2\/posts\/60274\/revisions\/60277"}],"wp:featuredmedia":[{"embeddable":true,"href":"https:\/\/fuentesfidedignas.com.mx\/index.php\/wp-json\/wp\/v2\/media\/60275"}],"wp:attachment":[{"href":"https:\/\/fuentesfidedignas.com.mx\/index.php\/wp-json\/wp\/v2\/media?parent=60274"}],"wp:term":[{"taxonomy":"category","embeddable":true,"href":"https:\/\/fuentesfidedignas.com.mx\/index.php\/wp-json\/wp\/v2\/categories?post=60274"},{"taxonomy":"post_tag","embeddable":true,"href":"https:\/\/fuentesfidedignas.com.mx\/index.php\/wp-json\/wp\/v2\/tags?post=60274"}],"curies":[{"name":"wp","href":"https:\/\/api.w.org\/{rel}","templated":true}]}}