{"id":60220,"date":"2023-09-25T16:07:07","date_gmt":"2023-09-25T23:07:07","guid":{"rendered":"https:\/\/fuentesfidedignas.com.mx\/?p=60220"},"modified":"2023-09-25T16:10:22","modified_gmt":"2023-09-25T23:10:22","slug":"aportacion-del-heroico-colegio-militar-a-la-nacion-es-historica-y-apreciada-por-los-sinaloenses-rocha","status":"publish","type":"post","link":"https:\/\/fuentesfidedignas.com.mx\/index.php\/2023\/09\/25\/aportacion-del-heroico-colegio-militar-a-la-nacion-es-historica-y-apreciada-por-los-sinaloenses-rocha\/","title":{"rendered":"Aportaci\u00f3n del Heroico Colegio Militar a la naci\u00f3n es hist\u00f3rica y apreciada por los sinaloenses: Rocha"},"content":{"rendered":"\n<p><em><strong>El mandatario estatal asisti\u00f3 este lunes a la sesi\u00f3n solemne del Congreso local en la que se brind\u00f3 un merecido reconocimiento por los 200 a\u00f1os de existencia de esta instituci\u00f3n.<\/strong><\/em><\/p>\n\n\n\n<p>Culiac\u00e1n, Sin.- Como un merecido y justo reconocimiento a la instituci\u00f3n m\u00e1s respetada y apreciada por los mexicanos por su aportaci\u00f3n con cuadros calificados t\u00e9cnica, te\u00f3rica y c\u00edvicamente a las fuerzas armadas de la naci\u00f3n, calific\u00f3 el Gobernador Rub\u00e9n Rocha Moya la develaci\u00f3n de la Inscripci\u00f3n en Letras Doradas de la Leyenda &#8220;2023, A\u00f1o del Bicentenario del Heroico Colegio Militar&#8221;, al acudir este lunes a la Sesi\u00f3n Solemne del H. Congreso del Estado de Sinaloa con este motivo, acto al que tambi\u00e9n asistieron como invitados de honor el General de Divisi\u00f3n D. E. M. Francisco Jes\u00fas Leana Ojeda, Comandante de la Tercera Regi\u00f3n Militar y Jes\u00fas Iv\u00e1n Ch\u00e1vez Rangel, Presidente del Supremo Tribunal de Justicia del Estado.<\/p>\n\n\n\n<figure class=\"wp-block-gallery has-nested-images columns-default is-cropped wp-block-gallery-1 is-layout-flex wp-block-gallery-is-layout-flex\">\n<figure class=\"wp-block-image size-large\"><img decoding=\"async\" width=\"1024\" height=\"682\" data-id=\"60221\" src=\"https:\/\/fuentesfidedignas.com.mx\/wp-content\/uploads\/2023\/09\/1000134634-1024x682.jpg\" alt=\"\" class=\"wp-image-60221\" srcset=\"https:\/\/fuentesfidedignas.com.mx\/wp-content\/uploads\/2023\/09\/1000134634-1024x682.jpg 1024w, https:\/\/fuentesfidedignas.com.mx\/wp-content\/uploads\/2023\/09\/1000134634-300x200.jpg 300w, https:\/\/fuentesfidedignas.com.mx\/wp-content\/uploads\/2023\/09\/1000134634-768x512.jpg 768w, https:\/\/fuentesfidedignas.com.mx\/wp-content\/uploads\/2023\/09\/1000134634-1536x1023.jpg 1536w, https:\/\/fuentesfidedignas.com.mx\/wp-content\/uploads\/2023\/09\/1000134634.jpg 1600w\" sizes=\"(max-width: 1024px) 100vw, 1024px\" \/><\/figure>\n\n\n\n<figure class=\"wp-block-image size-large\"><img decoding=\"async\" width=\"1024\" height=\"682\" data-id=\"60222\" src=\"https:\/\/fuentesfidedignas.com.mx\/wp-content\/uploads\/2023\/09\/1000134633-1024x682.jpg\" alt=\"\" class=\"wp-image-60222\" srcset=\"https:\/\/fuentesfidedignas.com.mx\/wp-content\/uploads\/2023\/09\/1000134633-1024x682.jpg 1024w, https:\/\/fuentesfidedignas.com.mx\/wp-content\/uploads\/2023\/09\/1000134633-300x200.jpg 300w, https:\/\/fuentesfidedignas.com.mx\/wp-content\/uploads\/2023\/09\/1000134633-768x512.jpg 768w, https:\/\/fuentesfidedignas.com.mx\/wp-content\/uploads\/2023\/09\/1000134633-1536x1023.jpg 1536w, https:\/\/fuentesfidedignas.com.mx\/wp-content\/uploads\/2023\/09\/1000134633.jpg 1600w\" sizes=\"(max-width: 1024px) 100vw, 1024px\" \/><\/figure>\n\n\n\n<figure class=\"wp-block-image size-large\"><img decoding=\"async\" width=\"1024\" height=\"682\" data-id=\"60224\" src=\"https:\/\/fuentesfidedignas.com.mx\/wp-content\/uploads\/2023\/09\/1000134636-1024x682.jpg\" alt=\"\" class=\"wp-image-60224\" srcset=\"https:\/\/fuentesfidedignas.com.mx\/wp-content\/uploads\/2023\/09\/1000134636-1024x682.jpg 1024w, https:\/\/fuentesfidedignas.com.mx\/wp-content\/uploads\/2023\/09\/1000134636-300x200.jpg 300w, https:\/\/fuentesfidedignas.com.mx\/wp-content\/uploads\/2023\/09\/1000134636-768x512.jpg 768w, https:\/\/fuentesfidedignas.com.mx\/wp-content\/uploads\/2023\/09\/1000134636-1536x1023.jpg 1536w, https:\/\/fuentesfidedignas.com.mx\/wp-content\/uploads\/2023\/09\/1000134636.jpg 1600w\" sizes=\"(max-width: 1024px) 100vw, 1024px\" \/><\/figure>\n\n\n\n<figure class=\"wp-block-image size-large\"><img decoding=\"async\" width=\"1024\" height=\"682\" data-id=\"60223\" src=\"https:\/\/fuentesfidedignas.com.mx\/wp-content\/uploads\/2023\/09\/1000134625-1024x682.jpg\" alt=\"\" class=\"wp-image-60223\" srcset=\"https:\/\/fuentesfidedignas.com.mx\/wp-content\/uploads\/2023\/09\/1000134625-1024x682.jpg 1024w, https:\/\/fuentesfidedignas.com.mx\/wp-content\/uploads\/2023\/09\/1000134625-300x200.jpg 300w, https:\/\/fuentesfidedignas.com.mx\/wp-content\/uploads\/2023\/09\/1000134625-768x512.jpg 768w, https:\/\/fuentesfidedignas.com.mx\/wp-content\/uploads\/2023\/09\/1000134625-1536x1023.jpg 1536w, https:\/\/fuentesfidedignas.com.mx\/wp-content\/uploads\/2023\/09\/1000134625.jpg 1600w\" sizes=\"(max-width: 1024px) 100vw, 1024px\" \/><\/figure>\n\n\n\n<figure class=\"wp-block-image size-large\"><img decoding=\"async\" width=\"1024\" height=\"682\" data-id=\"60225\" src=\"https:\/\/fuentesfidedignas.com.mx\/wp-content\/uploads\/2023\/09\/1000134624-1024x682.jpg\" alt=\"\" class=\"wp-image-60225\" srcset=\"https:\/\/fuentesfidedignas.com.mx\/wp-content\/uploads\/2023\/09\/1000134624-1024x682.jpg 1024w, https:\/\/fuentesfidedignas.com.mx\/wp-content\/uploads\/2023\/09\/1000134624-300x200.jpg 300w, https:\/\/fuentesfidedignas.com.mx\/wp-content\/uploads\/2023\/09\/1000134624-768x512.jpg 768w, https:\/\/fuentesfidedignas.com.mx\/wp-content\/uploads\/2023\/09\/1000134624-1536x1023.jpg 1536w, https:\/\/fuentesfidedignas.com.mx\/wp-content\/uploads\/2023\/09\/1000134624.jpg 1600w\" sizes=\"(max-width: 1024px) 100vw, 1024px\" \/><\/figure>\n\n\n\n<figure class=\"wp-block-image size-large\"><img decoding=\"async\" width=\"1024\" height=\"682\" data-id=\"60226\" src=\"https:\/\/fuentesfidedignas.com.mx\/wp-content\/uploads\/2023\/09\/1000134637-1024x682.jpg\" alt=\"\" class=\"wp-image-60226\" srcset=\"https:\/\/fuentesfidedignas.com.mx\/wp-content\/uploads\/2023\/09\/1000134637-1024x682.jpg 1024w, https:\/\/fuentesfidedignas.com.mx\/wp-content\/uploads\/2023\/09\/1000134637-300x200.jpg 300w, https:\/\/fuentesfidedignas.com.mx\/wp-content\/uploads\/2023\/09\/1000134637-768x512.jpg 768w, https:\/\/fuentesfidedignas.com.mx\/wp-content\/uploads\/2023\/09\/1000134637-1536x1023.jpg 1536w, https:\/\/fuentesfidedignas.com.mx\/wp-content\/uploads\/2023\/09\/1000134637.jpg 1600w\" sizes=\"(max-width: 1024px) 100vw, 1024px\" \/><\/figure>\n\n\n\n<figure class=\"wp-block-image size-large\"><img decoding=\"async\" width=\"1024\" height=\"682\" data-id=\"60228\" src=\"https:\/\/fuentesfidedignas.com.mx\/wp-content\/uploads\/2023\/09\/1000134639-1024x682.jpg\" alt=\"\" class=\"wp-image-60228\" srcset=\"https:\/\/fuentesfidedignas.com.mx\/wp-content\/uploads\/2023\/09\/1000134639-1024x682.jpg 1024w, https:\/\/fuentesfidedignas.com.mx\/wp-content\/uploads\/2023\/09\/1000134639-300x200.jpg 300w, https:\/\/fuentesfidedignas.com.mx\/wp-content\/uploads\/2023\/09\/1000134639-768x512.jpg 768w, https:\/\/fuentesfidedignas.com.mx\/wp-content\/uploads\/2023\/09\/1000134639-1536x1023.jpg 1536w, https:\/\/fuentesfidedignas.com.mx\/wp-content\/uploads\/2023\/09\/1000134639.jpg 1600w\" sizes=\"(max-width: 1024px) 100vw, 1024px\" \/><\/figure>\n\n\n\n<figure class=\"wp-block-image size-large\"><img decoding=\"async\" width=\"1024\" height=\"682\" data-id=\"60227\" src=\"https:\/\/fuentesfidedignas.com.mx\/wp-content\/uploads\/2023\/09\/1000134628-1024x682.jpg\" alt=\"\" class=\"wp-image-60227\" srcset=\"https:\/\/fuentesfidedignas.com.mx\/wp-content\/uploads\/2023\/09\/1000134628-1024x682.jpg 1024w, https:\/\/fuentesfidedignas.com.mx\/wp-content\/uploads\/2023\/09\/1000134628-300x200.jpg 300w, https:\/\/fuentesfidedignas.com.mx\/wp-content\/uploads\/2023\/09\/1000134628-768x512.jpg 768w, https:\/\/fuentesfidedignas.com.mx\/wp-content\/uploads\/2023\/09\/1000134628-1536x1023.jpg 1536w, https:\/\/fuentesfidedignas.com.mx\/wp-content\/uploads\/2023\/09\/1000134628.jpg 1600w\" sizes=\"(max-width: 1024px) 100vw, 1024px\" \/><\/figure>\n\n\n\n<figure class=\"wp-block-image size-large\"><img decoding=\"async\" width=\"1024\" height=\"682\" data-id=\"60229\" src=\"https:\/\/fuentesfidedignas.com.mx\/wp-content\/uploads\/2023\/09\/1000134640-1024x682.jpg\" alt=\"\" class=\"wp-image-60229\" srcset=\"https:\/\/fuentesfidedignas.com.mx\/wp-content\/uploads\/2023\/09\/1000134640-1024x682.jpg 1024w, https:\/\/fuentesfidedignas.com.mx\/wp-content\/uploads\/2023\/09\/1000134640-300x200.jpg 300w, https:\/\/fuentesfidedignas.com.mx\/wp-content\/uploads\/2023\/09\/1000134640-768x512.jpg 768w, https:\/\/fuentesfidedignas.com.mx\/wp-content\/uploads\/2023\/09\/1000134640-1536x1023.jpg 1536w, https:\/\/fuentesfidedignas.com.mx\/wp-content\/uploads\/2023\/09\/1000134640.jpg 1600w\" sizes=\"(max-width: 1024px) 100vw, 1024px\" \/><\/figure>\n<\/figure>\n\n\n\n<p>El mandatario estatal se\u00f1al\u00f3 que los egresados del Colegio han contribuido de manera determinante a la profesionalizaci\u00f3n de la labor militar, destacando el muy honroso papel de los hijos de este insigne colegio, cuya existencia durante largos 200 a\u00f1os, son precisamente los que comprenden el tiempo de vida independiente de M\u00e9xico, en los cuales, esta noble instituci\u00f3n ha protagonizado inolvidables gestas heroicas.<\/p>\n\n\n\n<p>&#8220;La ocasi\u00f3n es sin duda hist\u00f3rica, porque se trata de rendirle reconocimiento a una instituci\u00f3n fundamental de la patria. A lo largo de dos siglos, el Heroico Colegio Militar ha sido pilar en la formaci\u00f3n de los cuadros encargados de la defensa de nuestra patria, lo han hecho enarbolando siempre los principios del valor, lealtad y honor, en el desempe\u00f1o de su alta encomienda&#8221;, expres\u00f3 el Gobernador.<\/p>\n\n\n\n<p>Durante su intervenci\u00f3n, el Coronel de Infanter\u00eda D. E. M. V\u00edctor Hugo Serrano Estrada, Comandante del Cuerpo de Cadetes del Colegio homenajeado, consider\u00f3 que este reconocimiento ayudar\u00e1 a difundir entre las nuevas y venideras legislaciones la vida y obra de ciudadanos ejemplares.<\/p>\n\n\n\n<p>&#8220;Para quienes integramos el ej\u00e9rcito y fuerza a\u00e9rea mexicanos, constituye un gran honor encontrarnos en la Sexag\u00e9sima Cuarta Legislatura del Congreso Libre y Soberano de Sinaloa y ser testigos de este momento hist\u00f3rico en el que el pueblo de esta entidad federativa se une a la celebraci\u00f3n por el bicentenario de la creaci\u00f3n del Heroico Colegio Militar&#8221;, indic\u00f3 el Coronel.<\/p>\n\n\n\n<p>Finalmente, Ricardo Madrid P\u00e9rez, Presidente de la Mesa Directiva del Congreso, se\u00f1al\u00f3 que el pueblo sinaloense valora y reconoce la labor del ej\u00e9rcito al cuidar las instalaciones estrat\u00e9gicas, defender la soberan\u00eda y democracia, la construcci\u00f3n de infraestructura para el bienestar del pa\u00eds.<\/p>\n\n\n\n<p>En este importante encuentro destac\u00f3 la presencia de Enrique Inzunza C\u00e1zarez, Secretario General de Gobierno, Alfredo Salgado Vargas, Comandante de la 9a Zona Militar, Sara Bruna Qui\u00f1\u00f3nez Estrada, Fiscal General del Estado, Omar Alejandro L\u00f3pez Campos, Delegado de Programas para el Bienestar en Sinaloa, la Diputada Federal Ana Ayala, Alcaldes de diversos municipios y funcionarios del gabinete estatal.<\/p>\n","protected":false},"excerpt":{"rendered":"<p>El mandatario estatal asisti\u00f3 este lunes a la sesi\u00f3n solemne del Congreso local en la que se brind\u00f3 un merecido reconocimiento por los 200 a\u00f1os de existencia de esta instituci\u00f3n. Culiac\u00e1n, Sin.- Como un merecido y justo reconocimiento a la instituci\u00f3n m\u00e1s respetada y apreciada por los mexicanos por su aportaci\u00f3n con cuadros calificados t\u00e9cnica, [&hellip;]<\/p>\n","protected":false},"author":4,"featured_media":60231,"comment_status":"open","ping_status":"open","sticky":false,"template":"","format":"standard","meta":{"tdm_status":"","tdm_grid_status":"","footnotes":""},"categories":[1],"tags":[],"class_list":{"0":"post-60220","1":"post","2":"type-post","3":"status-publish","4":"format-standard","5":"has-post-thumbnail","7":"category-sin-categoria"},"yoast_head":"<!-- This site is optimized with the Yoast SEO plugin v27.5 - https:\/\/yoast.com\/product\/yoast-seo-wordpress\/ -->\n<title>Aportaci\u00f3n del Heroico Colegio Militar a la naci\u00f3n es hist\u00f3rica y apreciada por los sinaloenses: Rocha - Fuentes Fidedignas<\/title>\n<meta name=\"robots\" content=\"index, follow, max-snippet:-1, max-image-preview:large, max-video-preview:-1\" \/>\n<link rel=\"canonical\" href=\"https:\/\/fuentesfidedignas.com.mx\/index.php\/2023\/09\/25\/aportacion-del-heroico-colegio-militar-a-la-nacion-es-historica-y-apreciada-por-los-sinaloenses-rocha\/\" \/>\n<meta property=\"og:locale\" content=\"es_MX\" \/>\n<meta property=\"og:type\" content=\"article\" \/>\n<meta property=\"og:title\" content=\"Aportaci\u00f3n del Heroico Colegio Militar a la naci\u00f3n es hist\u00f3rica y apreciada por los sinaloenses: Rocha - Fuentes Fidedignas\" \/>\n<meta property=\"og:description\" content=\"El mandatario estatal asisti\u00f3 este lunes a la sesi\u00f3n solemne del Congreso local en la que se brind\u00f3 un merecido reconocimiento por los 200 a\u00f1os de existencia de esta instituci\u00f3n. Culiac\u00e1n, Sin.- Como un merecido y justo reconocimiento a la instituci\u00f3n m\u00e1s respetada y apreciada por los mexicanos por su aportaci\u00f3n con cuadros calificados t\u00e9cnica, [&hellip;]\" \/>\n<meta property=\"og:url\" content=\"https:\/\/fuentesfidedignas.com.mx\/index.php\/2023\/09\/25\/aportacion-del-heroico-colegio-militar-a-la-nacion-es-historica-y-apreciada-por-los-sinaloenses-rocha\/\" \/>\n<meta property=\"og:site_name\" content=\"Fuentes Fidedignas\" \/>\n<meta property=\"article:publisher\" content=\"https:\/\/www.facebook.com\/Fuentes-Fidedignas-368234489921644\" \/>\n<meta property=\"article:published_time\" content=\"2023-09-25T23:07:07+00:00\" \/>\n<meta property=\"article:modified_time\" content=\"2023-09-25T23:10:22+00:00\" \/>\n<meta property=\"og:image\" content=\"https:\/\/fuentesfidedignas.com.mx\/wp-content\/uploads\/2023\/09\/IMG-20230925-WA0054.jpg\" \/>\n\t<meta property=\"og:image:width\" content=\"1600\" \/>\n\t<meta property=\"og:image:height\" content=\"1066\" \/>\n\t<meta property=\"og:image:type\" content=\"image\/jpeg\" \/>\n<meta name=\"author\" content=\"Redacci\u00f3n\" \/>\n<meta name=\"twitter:card\" content=\"summary_large_image\" \/>\n<meta name=\"twitter:creator\" content=\"@fidedignas\" \/>\n<meta name=\"twitter:site\" content=\"@fidedignas\" \/>\n<meta name=\"twitter:label1\" content=\"Escrito por\" \/>\n\t<meta name=\"twitter:data1\" content=\"Redacci\u00f3n\" \/>\n<script type=\"application\/ld+json\" class=\"yoast-schema-graph\">{\"@context\":\"https:\\\/\\\/schema.org\",\"@graph\":[{\"@type\":\"Article\",\"@id\":\"https:\\\/\\\/fuentesfidedignas.com.mx\\\/index.php\\\/2023\\\/09\\\/25\\\/aportacion-del-heroico-colegio-militar-a-la-nacion-es-historica-y-apreciada-por-los-sinaloenses-rocha\\\/#article\",\"isPartOf\":{\"@id\":\"https:\\\/\\\/fuentesfidedignas.com.mx\\\/index.php\\\/2023\\\/09\\\/25\\\/aportacion-del-heroico-colegio-militar-a-la-nacion-es-historica-y-apreciada-por-los-sinaloenses-rocha\\\/\"},\"author\":{\"name\":\"Redacci\u00f3n\",\"@id\":\"https:\\\/\\\/fuentesfidedignas.com.mx\\\/#\\\/schema\\\/person\\\/331be9283d37198e2acd5750279085b0\"},\"headline\":\"Aportaci\u00f3n del Heroico Colegio Militar a la naci\u00f3n es hist\u00f3rica y apreciada por los sinaloenses: Rocha\",\"datePublished\":\"2023-09-25T23:07:07+00:00\",\"dateModified\":\"2023-09-25T23:10:22+00:00\",\"mainEntityOfPage\":{\"@id\":\"https:\\\/\\\/fuentesfidedignas.com.mx\\\/index.php\\\/2023\\\/09\\\/25\\\/aportacion-del-heroico-colegio-militar-a-la-nacion-es-historica-y-apreciada-por-los-sinaloenses-rocha\\\/\"},\"wordCount\":547,\"commentCount\":0,\"publisher\":{\"@id\":\"https:\\\/\\\/fuentesfidedignas.com.mx\\\/#organization\"},\"image\":{\"@id\":\"https:\\\/\\\/fuentesfidedignas.com.mx\\\/index.php\\\/2023\\\/09\\\/25\\\/aportacion-del-heroico-colegio-militar-a-la-nacion-es-historica-y-apreciada-por-los-sinaloenses-rocha\\\/#primaryimage\"},\"thumbnailUrl\":\"https:\\\/\\\/fuentesfidedignas.com.mx\\\/wp-content\\\/uploads\\\/2023\\\/09\\\/IMG-20230925-WA0054.jpg\",\"inLanguage\":\"es\",\"potentialAction\":[{\"@type\":\"CommentAction\",\"name\":\"Comment\",\"target\":[\"https:\\\/\\\/fuentesfidedignas.com.mx\\\/index.php\\\/2023\\\/09\\\/25\\\/aportacion-del-heroico-colegio-militar-a-la-nacion-es-historica-y-apreciada-por-los-sinaloenses-rocha\\\/#respond\"]}]},{\"@type\":\"WebPage\",\"@id\":\"https:\\\/\\\/fuentesfidedignas.com.mx\\\/index.php\\\/2023\\\/09\\\/25\\\/aportacion-del-heroico-colegio-militar-a-la-nacion-es-historica-y-apreciada-por-los-sinaloenses-rocha\\\/\",\"url\":\"https:\\\/\\\/fuentesfidedignas.com.mx\\\/index.php\\\/2023\\\/09\\\/25\\\/aportacion-del-heroico-colegio-militar-a-la-nacion-es-historica-y-apreciada-por-los-sinaloenses-rocha\\\/\",\"name\":\"Aportaci\u00f3n del Heroico Colegio Militar a la naci\u00f3n es hist\u00f3rica y apreciada por los sinaloenses: Rocha - Fuentes Fidedignas\",\"isPartOf\":{\"@id\":\"https:\\\/\\\/fuentesfidedignas.com.mx\\\/#website\"},\"primaryImageOfPage\":{\"@id\":\"https:\\\/\\\/fuentesfidedignas.com.mx\\\/index.php\\\/2023\\\/09\\\/25\\\/aportacion-del-heroico-colegio-militar-a-la-nacion-es-historica-y-apreciada-por-los-sinaloenses-rocha\\\/#primaryimage\"},\"image\":{\"@id\":\"https:\\\/\\\/fuentesfidedignas.com.mx\\\/index.php\\\/2023\\\/09\\\/25\\\/aportacion-del-heroico-colegio-militar-a-la-nacion-es-historica-y-apreciada-por-los-sinaloenses-rocha\\\/#primaryimage\"},\"thumbnailUrl\":\"https:\\\/\\\/fuentesfidedignas.com.mx\\\/wp-content\\\/uploads\\\/2023\\\/09\\\/IMG-20230925-WA0054.jpg\",\"datePublished\":\"2023-09-25T23:07:07+00:00\",\"dateModified\":\"2023-09-25T23:10:22+00:00\",\"breadcrumb\":{\"@id\":\"https:\\\/\\\/fuentesfidedignas.com.mx\\\/index.php\\\/2023\\\/09\\\/25\\\/aportacion-del-heroico-colegio-militar-a-la-nacion-es-historica-y-apreciada-por-los-sinaloenses-rocha\\\/#breadcrumb\"},\"inLanguage\":\"es\",\"potentialAction\":[{\"@type\":\"ReadAction\",\"target\":[\"https:\\\/\\\/fuentesfidedignas.com.mx\\\/index.php\\\/2023\\\/09\\\/25\\\/aportacion-del-heroico-colegio-militar-a-la-nacion-es-historica-y-apreciada-por-los-sinaloenses-rocha\\\/\"]}]},{\"@type\":\"ImageObject\",\"inLanguage\":\"es\",\"@id\":\"https:\\\/\\\/fuentesfidedignas.com.mx\\\/index.php\\\/2023\\\/09\\\/25\\\/aportacion-del-heroico-colegio-militar-a-la-nacion-es-historica-y-apreciada-por-los-sinaloenses-rocha\\\/#primaryimage\",\"url\":\"https:\\\/\\\/fuentesfidedignas.com.mx\\\/wp-content\\\/uploads\\\/2023\\\/09\\\/IMG-20230925-WA0054.jpg\",\"contentUrl\":\"https:\\\/\\\/fuentesfidedignas.com.mx\\\/wp-content\\\/uploads\\\/2023\\\/09\\\/IMG-20230925-WA0054.jpg\",\"width\":1600,\"height\":1066},{\"@type\":\"BreadcrumbList\",\"@id\":\"https:\\\/\\\/fuentesfidedignas.com.mx\\\/index.php\\\/2023\\\/09\\\/25\\\/aportacion-del-heroico-colegio-militar-a-la-nacion-es-historica-y-apreciada-por-los-sinaloenses-rocha\\\/#breadcrumb\",\"itemListElement\":[{\"@type\":\"ListItem\",\"position\":1,\"name\":\"Inicio\",\"item\":\"https:\\\/\\\/fuentesfidedignas.com.mx\\\/\"},{\"@type\":\"ListItem\",\"position\":2,\"name\":\"Aportaci\u00f3n del Heroico Colegio Militar a la naci\u00f3n es hist\u00f3rica y apreciada por los sinaloenses: Rocha\"}]},{\"@type\":\"WebSite\",\"@id\":\"https:\\\/\\\/fuentesfidedignas.com.mx\\\/#website\",\"url\":\"https:\\\/\\\/fuentesfidedignas.com.mx\\\/\",\"name\":\"Fuentes Fidedignas\",\"description\":\"Otro sitio realizado con WordPress\",\"publisher\":{\"@id\":\"https:\\\/\\\/fuentesfidedignas.com.mx\\\/#organization\"},\"potentialAction\":[{\"@type\":\"SearchAction\",\"target\":{\"@type\":\"EntryPoint\",\"urlTemplate\":\"https:\\\/\\\/fuentesfidedignas.com.mx\\\/?s={search_term_string}\"},\"query-input\":{\"@type\":\"PropertyValueSpecification\",\"valueRequired\":true,\"valueName\":\"search_term_string\"}}],\"inLanguage\":\"es\"},{\"@type\":\"Organization\",\"@id\":\"https:\\\/\\\/fuentesfidedignas.com.mx\\\/#organization\",\"name\":\"Fuentes Fidedignas\",\"url\":\"https:\\\/\\\/fuentesfidedignas.com.mx\\\/\",\"logo\":{\"@type\":\"ImageObject\",\"inLanguage\":\"es\",\"@id\":\"https:\\\/\\\/fuentesfidedignas.com.mx\\\/#\\\/schema\\\/logo\\\/image\\\/\",\"url\":\"https:\\\/\\\/fuentesfidedignas.com.mx\\\/wp-content\\\/uploads\\\/2021\\\/04\\\/logo-retina.png\",\"contentUrl\":\"https:\\\/\\\/fuentesfidedignas.com.mx\\\/wp-content\\\/uploads\\\/2021\\\/04\\\/logo-retina.png\",\"width\":280,\"height\":51,\"caption\":\"Fuentes Fidedignas\"},\"image\":{\"@id\":\"https:\\\/\\\/fuentesfidedignas.com.mx\\\/#\\\/schema\\\/logo\\\/image\\\/\"},\"sameAs\":[\"https:\\\/\\\/www.facebook.com\\\/Fuentes-Fidedignas-368234489921644\",\"https:\\\/\\\/x.com\\\/fidedignas\"]},{\"@type\":\"Person\",\"@id\":\"https:\\\/\\\/fuentesfidedignas.com.mx\\\/#\\\/schema\\\/person\\\/331be9283d37198e2acd5750279085b0\",\"name\":\"Redacci\u00f3n\",\"image\":{\"@type\":\"ImageObject\",\"inLanguage\":\"es\",\"@id\":\"https:\\\/\\\/secure.gravatar.com\\\/avatar\\\/f6d8782c11d12b2d4ad3fbb6931aeab5309937a4d6cd2fc9cfaa28a6396a5aec?s=96&d=mm&r=g\",\"url\":\"https:\\\/\\\/secure.gravatar.com\\\/avatar\\\/f6d8782c11d12b2d4ad3fbb6931aeab5309937a4d6cd2fc9cfaa28a6396a5aec?s=96&d=mm&r=g\",\"contentUrl\":\"https:\\\/\\\/secure.gravatar.com\\\/avatar\\\/f6d8782c11d12b2d4ad3fbb6931aeab5309937a4d6cd2fc9cfaa28a6396a5aec?s=96&d=mm&r=g\",\"caption\":\"Redacci\u00f3n\"},\"url\":\"https:\\\/\\\/fuentesfidedignas.com.mx\\\/index.php\\\/author\\\/redaccion\\\/\"}]}<\/script>\n<!-- \/ Yoast SEO plugin. -->","yoast_head_json":{"title":"Aportaci\u00f3n del Heroico Colegio Militar a la naci\u00f3n es hist\u00f3rica y apreciada por los sinaloenses: Rocha - Fuentes Fidedignas","robots":{"index":"index","follow":"follow","max-snippet":"max-snippet:-1","max-image-preview":"max-image-preview:large","max-video-preview":"max-video-preview:-1"},"canonical":"https:\/\/fuentesfidedignas.com.mx\/index.php\/2023\/09\/25\/aportacion-del-heroico-colegio-militar-a-la-nacion-es-historica-y-apreciada-por-los-sinaloenses-rocha\/","og_locale":"es_MX","og_type":"article","og_title":"Aportaci\u00f3n del Heroico Colegio Militar a la naci\u00f3n es hist\u00f3rica y apreciada por los sinaloenses: Rocha - Fuentes Fidedignas","og_description":"El mandatario estatal asisti\u00f3 este lunes a la sesi\u00f3n solemne del Congreso local en la que se brind\u00f3 un merecido reconocimiento por los 200 a\u00f1os de existencia de esta instituci\u00f3n. Culiac\u00e1n, Sin.- Como un merecido y justo reconocimiento a la instituci\u00f3n m\u00e1s respetada y apreciada por los mexicanos por su aportaci\u00f3n con cuadros calificados t\u00e9cnica, [&hellip;]","og_url":"https:\/\/fuentesfidedignas.com.mx\/index.php\/2023\/09\/25\/aportacion-del-heroico-colegio-militar-a-la-nacion-es-historica-y-apreciada-por-los-sinaloenses-rocha\/","og_site_name":"Fuentes Fidedignas","article_publisher":"https:\/\/www.facebook.com\/Fuentes-Fidedignas-368234489921644","article_published_time":"2023-09-25T23:07:07+00:00","article_modified_time":"2023-09-25T23:10:22+00:00","og_image":[{"width":1600,"height":1066,"url":"https:\/\/fuentesfidedignas.com.mx\/wp-content\/uploads\/2023\/09\/IMG-20230925-WA0054.jpg","type":"image\/jpeg"}],"author":"Redacci\u00f3n","twitter_card":"summary_large_image","twitter_creator":"@fidedignas","twitter_site":"@fidedignas","twitter_misc":{"Escrito por":"Redacci\u00f3n"},"schema":{"@context":"https:\/\/schema.org","@graph":[{"@type":"Article","@id":"https:\/\/fuentesfidedignas.com.mx\/index.php\/2023\/09\/25\/aportacion-del-heroico-colegio-militar-a-la-nacion-es-historica-y-apreciada-por-los-sinaloenses-rocha\/#article","isPartOf":{"@id":"https:\/\/fuentesfidedignas.com.mx\/index.php\/2023\/09\/25\/aportacion-del-heroico-colegio-militar-a-la-nacion-es-historica-y-apreciada-por-los-sinaloenses-rocha\/"},"author":{"name":"Redacci\u00f3n","@id":"https:\/\/fuentesfidedignas.com.mx\/#\/schema\/person\/331be9283d37198e2acd5750279085b0"},"headline":"Aportaci\u00f3n del Heroico Colegio Militar a la naci\u00f3n es hist\u00f3rica y apreciada por los sinaloenses: Rocha","datePublished":"2023-09-25T23:07:07+00:00","dateModified":"2023-09-25T23:10:22+00:00","mainEntityOfPage":{"@id":"https:\/\/fuentesfidedignas.com.mx\/index.php\/2023\/09\/25\/aportacion-del-heroico-colegio-militar-a-la-nacion-es-historica-y-apreciada-por-los-sinaloenses-rocha\/"},"wordCount":547,"commentCount":0,"publisher":{"@id":"https:\/\/fuentesfidedignas.com.mx\/#organization"},"image":{"@id":"https:\/\/fuentesfidedignas.com.mx\/index.php\/2023\/09\/25\/aportacion-del-heroico-colegio-militar-a-la-nacion-es-historica-y-apreciada-por-los-sinaloenses-rocha\/#primaryimage"},"thumbnailUrl":"https:\/\/fuentesfidedignas.com.mx\/wp-content\/uploads\/2023\/09\/IMG-20230925-WA0054.jpg","inLanguage":"es","potentialAction":[{"@type":"CommentAction","name":"Comment","target":["https:\/\/fuentesfidedignas.com.mx\/index.php\/2023\/09\/25\/aportacion-del-heroico-colegio-militar-a-la-nacion-es-historica-y-apreciada-por-los-sinaloenses-rocha\/#respond"]}]},{"@type":"WebPage","@id":"https:\/\/fuentesfidedignas.com.mx\/index.php\/2023\/09\/25\/aportacion-del-heroico-colegio-militar-a-la-nacion-es-historica-y-apreciada-por-los-sinaloenses-rocha\/","url":"https:\/\/fuentesfidedignas.com.mx\/index.php\/2023\/09\/25\/aportacion-del-heroico-colegio-militar-a-la-nacion-es-historica-y-apreciada-por-los-sinaloenses-rocha\/","name":"Aportaci\u00f3n del Heroico Colegio Militar a la naci\u00f3n es hist\u00f3rica y apreciada por los sinaloenses: Rocha - Fuentes Fidedignas","isPartOf":{"@id":"https:\/\/fuentesfidedignas.com.mx\/#website"},"primaryImageOfPage":{"@id":"https:\/\/fuentesfidedignas.com.mx\/index.php\/2023\/09\/25\/aportacion-del-heroico-colegio-militar-a-la-nacion-es-historica-y-apreciada-por-los-sinaloenses-rocha\/#primaryimage"},"image":{"@id":"https:\/\/fuentesfidedignas.com.mx\/index.php\/2023\/09\/25\/aportacion-del-heroico-colegio-militar-a-la-nacion-es-historica-y-apreciada-por-los-sinaloenses-rocha\/#primaryimage"},"thumbnailUrl":"https:\/\/fuentesfidedignas.com.mx\/wp-content\/uploads\/2023\/09\/IMG-20230925-WA0054.jpg","datePublished":"2023-09-25T23:07:07+00:00","dateModified":"2023-09-25T23:10:22+00:00","breadcrumb":{"@id":"https:\/\/fuentesfidedignas.com.mx\/index.php\/2023\/09\/25\/aportacion-del-heroico-colegio-militar-a-la-nacion-es-historica-y-apreciada-por-los-sinaloenses-rocha\/#breadcrumb"},"inLanguage":"es","potentialAction":[{"@type":"ReadAction","target":["https:\/\/fuentesfidedignas.com.mx\/index.php\/2023\/09\/25\/aportacion-del-heroico-colegio-militar-a-la-nacion-es-historica-y-apreciada-por-los-sinaloenses-rocha\/"]}]},{"@type":"ImageObject","inLanguage":"es","@id":"https:\/\/fuentesfidedignas.com.mx\/index.php\/2023\/09\/25\/aportacion-del-heroico-colegio-militar-a-la-nacion-es-historica-y-apreciada-por-los-sinaloenses-rocha\/#primaryimage","url":"https:\/\/fuentesfidedignas.com.mx\/wp-content\/uploads\/2023\/09\/IMG-20230925-WA0054.jpg","contentUrl":"https:\/\/fuentesfidedignas.com.mx\/wp-content\/uploads\/2023\/09\/IMG-20230925-WA0054.jpg","width":1600,"height":1066},{"@type":"BreadcrumbList","@id":"https:\/\/fuentesfidedignas.com.mx\/index.php\/2023\/09\/25\/aportacion-del-heroico-colegio-militar-a-la-nacion-es-historica-y-apreciada-por-los-sinaloenses-rocha\/#breadcrumb","itemListElement":[{"@type":"ListItem","position":1,"name":"Inicio","item":"https:\/\/fuentesfidedignas.com.mx\/"},{"@type":"ListItem","position":2,"name":"Aportaci\u00f3n del Heroico Colegio Militar a la naci\u00f3n es hist\u00f3rica y apreciada por los sinaloenses: Rocha"}]},{"@type":"WebSite","@id":"https:\/\/fuentesfidedignas.com.mx\/#website","url":"https:\/\/fuentesfidedignas.com.mx\/","name":"Fuentes Fidedignas","description":"Otro sitio realizado con WordPress","publisher":{"@id":"https:\/\/fuentesfidedignas.com.mx\/#organization"},"potentialAction":[{"@type":"SearchAction","target":{"@type":"EntryPoint","urlTemplate":"https:\/\/fuentesfidedignas.com.mx\/?s={search_term_string}"},"query-input":{"@type":"PropertyValueSpecification","valueRequired":true,"valueName":"search_term_string"}}],"inLanguage":"es"},{"@type":"Organization","@id":"https:\/\/fuentesfidedignas.com.mx\/#organization","name":"Fuentes Fidedignas","url":"https:\/\/fuentesfidedignas.com.mx\/","logo":{"@type":"ImageObject","inLanguage":"es","@id":"https:\/\/fuentesfidedignas.com.mx\/#\/schema\/logo\/image\/","url":"https:\/\/fuentesfidedignas.com.mx\/wp-content\/uploads\/2021\/04\/logo-retina.png","contentUrl":"https:\/\/fuentesfidedignas.com.mx\/wp-content\/uploads\/2021\/04\/logo-retina.png","width":280,"height":51,"caption":"Fuentes Fidedignas"},"image":{"@id":"https:\/\/fuentesfidedignas.com.mx\/#\/schema\/logo\/image\/"},"sameAs":["https:\/\/www.facebook.com\/Fuentes-Fidedignas-368234489921644","https:\/\/x.com\/fidedignas"]},{"@type":"Person","@id":"https:\/\/fuentesfidedignas.com.mx\/#\/schema\/person\/331be9283d37198e2acd5750279085b0","name":"Redacci\u00f3n","image":{"@type":"ImageObject","inLanguage":"es","@id":"https:\/\/secure.gravatar.com\/avatar\/f6d8782c11d12b2d4ad3fbb6931aeab5309937a4d6cd2fc9cfaa28a6396a5aec?s=96&d=mm&r=g","url":"https:\/\/secure.gravatar.com\/avatar\/f6d8782c11d12b2d4ad3fbb6931aeab5309937a4d6cd2fc9cfaa28a6396a5aec?s=96&d=mm&r=g","contentUrl":"https:\/\/secure.gravatar.com\/avatar\/f6d8782c11d12b2d4ad3fbb6931aeab5309937a4d6cd2fc9cfaa28a6396a5aec?s=96&d=mm&r=g","caption":"Redacci\u00f3n"},"url":"https:\/\/fuentesfidedignas.com.mx\/index.php\/author\/redaccion\/"}]}},"_links":{"self":[{"href":"https:\/\/fuentesfidedignas.com.mx\/index.php\/wp-json\/wp\/v2\/posts\/60220","targetHints":{"allow":["GET"]}}],"collection":[{"href":"https:\/\/fuentesfidedignas.com.mx\/index.php\/wp-json\/wp\/v2\/posts"}],"about":[{"href":"https:\/\/fuentesfidedignas.com.mx\/index.php\/wp-json\/wp\/v2\/types\/post"}],"author":[{"embeddable":true,"href":"https:\/\/fuentesfidedignas.com.mx\/index.php\/wp-json\/wp\/v2\/users\/4"}],"replies":[{"embeddable":true,"href":"https:\/\/fuentesfidedignas.com.mx\/index.php\/wp-json\/wp\/v2\/comments?post=60220"}],"version-history":[{"count":1,"href":"https:\/\/fuentesfidedignas.com.mx\/index.php\/wp-json\/wp\/v2\/posts\/60220\/revisions"}],"predecessor-version":[{"id":60230,"href":"https:\/\/fuentesfidedignas.com.mx\/index.php\/wp-json\/wp\/v2\/posts\/60220\/revisions\/60230"}],"wp:featuredmedia":[{"embeddable":true,"href":"https:\/\/fuentesfidedignas.com.mx\/index.php\/wp-json\/wp\/v2\/media\/60231"}],"wp:attachment":[{"href":"https:\/\/fuentesfidedignas.com.mx\/index.php\/wp-json\/wp\/v2\/media?parent=60220"}],"wp:term":[{"taxonomy":"category","embeddable":true,"href":"https:\/\/fuentesfidedignas.com.mx\/index.php\/wp-json\/wp\/v2\/categories?post=60220"},{"taxonomy":"post_tag","embeddable":true,"href":"https:\/\/fuentesfidedignas.com.mx\/index.php\/wp-json\/wp\/v2\/tags?post=60220"}],"curies":[{"name":"wp","href":"https:\/\/api.w.org\/{rel}","templated":true}]}}