{"id":60204,"date":"2023-09-25T13:48:39","date_gmt":"2023-09-25T20:48:39","guid":{"rendered":"https:\/\/fuentesfidedignas.com.mx\/?p=60204"},"modified":"2023-09-25T13:49:28","modified_gmt":"2023-09-25T20:49:28","slug":"heroico-colegio-militar-pilar-de-convivencia-democratica-y-libre-de-mexico-ricardo-madrid","status":"publish","type":"post","link":"https:\/\/fuentesfidedignas.com.mx\/index.php\/2023\/09\/25\/heroico-colegio-militar-pilar-de-convivencia-democratica-y-libre-de-mexico-ricardo-madrid\/","title":{"rendered":"Heroico Colegio Militar, pilar de convivencia democr\u00e1tica y libre de M\u00e9xico: Ricardo Madrid"},"content":{"rendered":"\n<p><\/p>\n\n\n\n<p>Culiac\u00e1n, Sin. Inscribir en el Muro de Honor el bicentenario del Heroico Colegio Militar significa subrayar que la institucionalizaci\u00f3n del Ej\u00e9rcito Mexicano es uno de los pilares de la convivencia democr\u00e1tica, libre y justa de nuestra naci\u00f3n y de Sinaloa, expres\u00f3 el diputado Ricardo Madrid P\u00e9rez.<\/p>\n\n\n\n<figure class=\"wp-block-image size-large\"><img decoding=\"async\" width=\"1024\" height=\"685\" src=\"https:\/\/fuentesfidedignas.com.mx\/wp-content\/uploads\/2023\/09\/1000134510-1024x685.jpg\" alt=\"\" class=\"wp-image-60207\" srcset=\"https:\/\/fuentesfidedignas.com.mx\/wp-content\/uploads\/2023\/09\/1000134510-1024x685.jpg 1024w, https:\/\/fuentesfidedignas.com.mx\/wp-content\/uploads\/2023\/09\/1000134510-300x201.jpg 300w, https:\/\/fuentesfidedignas.com.mx\/wp-content\/uploads\/2023\/09\/1000134510-768x514.jpg 768w, https:\/\/fuentesfidedignas.com.mx\/wp-content\/uploads\/2023\/09\/1000134510-1536x1027.jpg 1536w, https:\/\/fuentesfidedignas.com.mx\/wp-content\/uploads\/2023\/09\/1000134510.jpg 1600w\" sizes=\"(max-width: 1024px) 100vw, 1024px\" \/><\/figure>\n\n\n\n<p>El presidente de la Mesa Directiva del Congreso del Estado resalt\u00f3 tambi\u00e9n en su mensaje durante la develaci\u00f3n de la leyenda \u201c2023: A\u00f1o del Bicentenario del Heroico Colegio Militar\u201d en el Muro de Honor del Sal\u00f3n de Sesiones, que este homenaje es tambi\u00e9n para todas y todos los estudiantes de esta prestigiada instituci\u00f3n, as\u00ed como a quienes han impartido clases y han sido directivos o personal de apoyo.<\/p>\n\n\n\n<p>La develaci\u00f3n de la leyenda en el Muro de Honor se llev\u00f3 a cabo con la presencia del gobernador Rub\u00e9n Rocha Moya, y del presidente del Supremo Tribunal de Justicia, Jes\u00fas Iv\u00e1n Ch\u00e1vez Rangel, y el presidente de la Junta de Coordinaci\u00f3n Pol\u00edtica, el diputado Feliciano Castro Mel\u00e9ndrez.<\/p>\n\n\n\n<figure class=\"wp-block-image size-full\"><img decoding=\"async\" width=\"945\" height=\"684\" src=\"https:\/\/fuentesfidedignas.com.mx\/wp-content\/uploads\/2023\/09\/1000134507.jpg\" alt=\"\" class=\"wp-image-60205\" srcset=\"https:\/\/fuentesfidedignas.com.mx\/wp-content\/uploads\/2023\/09\/1000134507.jpg 945w, https:\/\/fuentesfidedignas.com.mx\/wp-content\/uploads\/2023\/09\/1000134507-300x217.jpg 300w, https:\/\/fuentesfidedignas.com.mx\/wp-content\/uploads\/2023\/09\/1000134507-768x556.jpg 768w\" sizes=\"(max-width: 945px) 100vw, 945px\" \/><\/figure>\n\n\n\n<p>De igual manera se cont\u00f3 con la presencia del general Francisco Jes\u00fas Leana Ojeda, comandante de la III Regi\u00f3n Militar, y representante del general Luis Crescencio Sandoval Gonz\u00e1lez, secretario de la Defensa Nacional, as\u00ed como el comandante de la Novena Zona Militar, Alfredo Salgado Vargas.<\/p>\n\n\n\n<p>\u201cEl Heroico Colegio Militar \u2013dijo Madrid P\u00e9rez\u2014es una de las instituciones m\u00e1s antiguas del M\u00e9xico Independiente que ha sobrevivido hasta nuestros d\u00edas, y cuyas vicisitudes han estado ligadas estrechamente a la historia de M\u00e9xico\u201d.<br>Es una historia, puntualiz\u00f3, plagada de generosidad, de grandes proezas y gestas heroicas.<\/p>\n\n\n\n<p>De los hechos m\u00e1s destacables cit\u00f3 la gesta heroica de los Ni\u00f1os H\u00e9roes de Chapultepec ante la invasi\u00f3n estadunidense.<\/p>\n\n\n\n<p>A ello le sum\u00f3 otros hechos hist\u00f3ricos importantes:<br>*En 1828 fue leal al presidente Guadalupe Victoria, apoy\u00e1ndolo contra los alzados de la Acordada.<br>*En 1829 apoy\u00f3 al presidente Vicente Guerrero en contra del Vicepresidente Bustamante.<br>*En 1871 apoy\u00f3 al presidente Benito Ju\u00e1rez contra los alzados que se hab\u00edan hecho fuertes en la ciudadela.<br>*En 1875 defendi\u00f3 al gobierno de Sebasti\u00e1n Lerdo de tejada ante la insurrecci\u00f3n de Porfirio D\u00edaz.<\/p>\n\n\n\n<p>En resumen, afirm\u00f3, se puede decir que el Heroico Colegio Militar, con lealtad y patriotismo, ha estado siempre del lado correcto de la historia.<\/p>\n\n\n\n<p>Adem\u00e1s, destac\u00f3 que del Heroico Colegio Militar han egresado dos ilustres sinaloenses, como son Juan de Dios B\u00e1tiz Paredes y Pedro R. Zavala, cuyos nombres resalt\u00f3 que ahora estar\u00e1n junto, en el Muro de Honor, con la instituci\u00f3n que los form\u00f3.<\/p>\n\n\n\n<p>El diputado Ricardo Madrid resalt\u00f3 tambi\u00e9n que tanto el Ej\u00e9rcito Mexicano como la Fuerza A\u00e9rea Mexicana han recorrido un largo y complicado camino para alcanzar la profesionalizaci\u00f3n de miles de mexicanas y mexicanos que sirven a nuestro pa\u00eds desde sus filas.<\/p>\n\n\n\n<p>\u201cEl Heroico Colegio Militar ha sido una instituci\u00f3n clave\u2014afirm\u00f3&#8211; que ha aportado formaci\u00f3n educativa, liderazgo y prestigio a lo largo de 200 a\u00f1os de historia\u201d.<br>Al final de la Sesi\u00f3n Solemne en que se hizo la develaci\u00f3n de la citada leyenda, el gobernador Rub\u00e9n Rocha Moya entreg\u00f3 un reconocimiento<\/p>\n","protected":false},"excerpt":{"rendered":"<p>Culiac\u00e1n, Sin. Inscribir en el Muro de Honor el bicentenario del Heroico Colegio Militar significa subrayar que la institucionalizaci\u00f3n del Ej\u00e9rcito Mexicano es uno de los pilares de la convivencia democr\u00e1tica, libre y justa de nuestra naci\u00f3n y de Sinaloa, expres\u00f3 el diputado Ricardo Madrid P\u00e9rez. El presidente de la Mesa Directiva del Congreso del [&hellip;]<\/p>\n","protected":false},"author":4,"featured_media":60209,"comment_status":"open","ping_status":"open","sticky":false,"template":"","format":"standard","meta":{"tdm_status":"","tdm_grid_status":"","footnotes":""},"categories":[1],"tags":[],"class_list":{"0":"post-60204","1":"post","2":"type-post","3":"status-publish","4":"format-standard","5":"has-post-thumbnail","7":"category-sin-categoria"},"yoast_head":"<!-- This site is optimized with the Yoast SEO plugin v27.5 - https:\/\/yoast.com\/product\/yoast-seo-wordpress\/ -->\n<title>Heroico Colegio Militar, pilar de convivencia democr\u00e1tica y libre de M\u00e9xico: Ricardo Madrid - Fuentes Fidedignas<\/title>\n<meta name=\"robots\" content=\"index, follow, max-snippet:-1, max-image-preview:large, max-video-preview:-1\" \/>\n<link rel=\"canonical\" href=\"https:\/\/fuentesfidedignas.com.mx\/index.php\/2023\/09\/25\/heroico-colegio-militar-pilar-de-convivencia-democratica-y-libre-de-mexico-ricardo-madrid\/\" \/>\n<meta property=\"og:locale\" content=\"es_MX\" \/>\n<meta property=\"og:type\" content=\"article\" \/>\n<meta property=\"og:title\" content=\"Heroico Colegio Militar, pilar de convivencia democr\u00e1tica y libre de M\u00e9xico: Ricardo Madrid - Fuentes Fidedignas\" \/>\n<meta property=\"og:description\" content=\"Culiac\u00e1n, Sin. Inscribir en el Muro de Honor el bicentenario del Heroico Colegio Militar significa subrayar que la institucionalizaci\u00f3n del Ej\u00e9rcito Mexicano es uno de los pilares de la convivencia democr\u00e1tica, libre y justa de nuestra naci\u00f3n y de Sinaloa, expres\u00f3 el diputado Ricardo Madrid P\u00e9rez. El presidente de la Mesa Directiva del Congreso del [&hellip;]\" \/>\n<meta property=\"og:url\" content=\"https:\/\/fuentesfidedignas.com.mx\/index.php\/2023\/09\/25\/heroico-colegio-militar-pilar-de-convivencia-democratica-y-libre-de-mexico-ricardo-madrid\/\" \/>\n<meta property=\"og:site_name\" content=\"Fuentes Fidedignas\" \/>\n<meta property=\"article:publisher\" content=\"https:\/\/www.facebook.com\/Fuentes-Fidedignas-368234489921644\" \/>\n<meta property=\"article:published_time\" content=\"2023-09-25T20:48:39+00:00\" \/>\n<meta property=\"article:modified_time\" content=\"2023-09-25T20:49:28+00:00\" \/>\n<meta property=\"og:image\" content=\"https:\/\/fuentesfidedignas.com.mx\/wp-content\/uploads\/2023\/09\/IMG-20230925-WA0025.jpg\" \/>\n\t<meta property=\"og:image:width\" content=\"1024\" \/>\n\t<meta property=\"og:image:height\" content=\"684\" \/>\n\t<meta property=\"og:image:type\" content=\"image\/jpeg\" \/>\n<meta name=\"author\" content=\"Redacci\u00f3n\" \/>\n<meta name=\"twitter:card\" content=\"summary_large_image\" \/>\n<meta name=\"twitter:creator\" content=\"@fidedignas\" \/>\n<meta name=\"twitter:site\" content=\"@fidedignas\" \/>\n<meta name=\"twitter:label1\" content=\"Escrito por\" \/>\n\t<meta name=\"twitter:data1\" content=\"Redacci\u00f3n\" \/>\n\t<meta name=\"twitter:label2\" content=\"Tiempo de lectura\" \/>\n\t<meta name=\"twitter:data2\" content=\"3 minutos\" \/>\n<script type=\"application\/ld+json\" class=\"yoast-schema-graph\">{\"@context\":\"https:\\\/\\\/schema.org\",\"@graph\":[{\"@type\":\"Article\",\"@id\":\"https:\\\/\\\/fuentesfidedignas.com.mx\\\/index.php\\\/2023\\\/09\\\/25\\\/heroico-colegio-militar-pilar-de-convivencia-democratica-y-libre-de-mexico-ricardo-madrid\\\/#article\",\"isPartOf\":{\"@id\":\"https:\\\/\\\/fuentesfidedignas.com.mx\\\/index.php\\\/2023\\\/09\\\/25\\\/heroico-colegio-militar-pilar-de-convivencia-democratica-y-libre-de-mexico-ricardo-madrid\\\/\"},\"author\":{\"name\":\"Redacci\u00f3n\",\"@id\":\"https:\\\/\\\/fuentesfidedignas.com.mx\\\/#\\\/schema\\\/person\\\/331be9283d37198e2acd5750279085b0\"},\"headline\":\"Heroico Colegio Militar, pilar de convivencia democr\u00e1tica y libre de M\u00e9xico: Ricardo Madrid\",\"datePublished\":\"2023-09-25T20:48:39+00:00\",\"dateModified\":\"2023-09-25T20:49:28+00:00\",\"mainEntityOfPage\":{\"@id\":\"https:\\\/\\\/fuentesfidedignas.com.mx\\\/index.php\\\/2023\\\/09\\\/25\\\/heroico-colegio-militar-pilar-de-convivencia-democratica-y-libre-de-mexico-ricardo-madrid\\\/\"},\"wordCount\":563,\"commentCount\":0,\"publisher\":{\"@id\":\"https:\\\/\\\/fuentesfidedignas.com.mx\\\/#organization\"},\"image\":{\"@id\":\"https:\\\/\\\/fuentesfidedignas.com.mx\\\/index.php\\\/2023\\\/09\\\/25\\\/heroico-colegio-militar-pilar-de-convivencia-democratica-y-libre-de-mexico-ricardo-madrid\\\/#primaryimage\"},\"thumbnailUrl\":\"https:\\\/\\\/fuentesfidedignas.com.mx\\\/wp-content\\\/uploads\\\/2023\\\/09\\\/IMG-20230925-WA0025.jpg\",\"inLanguage\":\"es\",\"potentialAction\":[{\"@type\":\"CommentAction\",\"name\":\"Comment\",\"target\":[\"https:\\\/\\\/fuentesfidedignas.com.mx\\\/index.php\\\/2023\\\/09\\\/25\\\/heroico-colegio-militar-pilar-de-convivencia-democratica-y-libre-de-mexico-ricardo-madrid\\\/#respond\"]}]},{\"@type\":\"WebPage\",\"@id\":\"https:\\\/\\\/fuentesfidedignas.com.mx\\\/index.php\\\/2023\\\/09\\\/25\\\/heroico-colegio-militar-pilar-de-convivencia-democratica-y-libre-de-mexico-ricardo-madrid\\\/\",\"url\":\"https:\\\/\\\/fuentesfidedignas.com.mx\\\/index.php\\\/2023\\\/09\\\/25\\\/heroico-colegio-militar-pilar-de-convivencia-democratica-y-libre-de-mexico-ricardo-madrid\\\/\",\"name\":\"Heroico Colegio Militar, pilar de convivencia democr\u00e1tica y libre de M\u00e9xico: Ricardo Madrid - Fuentes Fidedignas\",\"isPartOf\":{\"@id\":\"https:\\\/\\\/fuentesfidedignas.com.mx\\\/#website\"},\"primaryImageOfPage\":{\"@id\":\"https:\\\/\\\/fuentesfidedignas.com.mx\\\/index.php\\\/2023\\\/09\\\/25\\\/heroico-colegio-militar-pilar-de-convivencia-democratica-y-libre-de-mexico-ricardo-madrid\\\/#primaryimage\"},\"image\":{\"@id\":\"https:\\\/\\\/fuentesfidedignas.com.mx\\\/index.php\\\/2023\\\/09\\\/25\\\/heroico-colegio-militar-pilar-de-convivencia-democratica-y-libre-de-mexico-ricardo-madrid\\\/#primaryimage\"},\"thumbnailUrl\":\"https:\\\/\\\/fuentesfidedignas.com.mx\\\/wp-content\\\/uploads\\\/2023\\\/09\\\/IMG-20230925-WA0025.jpg\",\"datePublished\":\"2023-09-25T20:48:39+00:00\",\"dateModified\":\"2023-09-25T20:49:28+00:00\",\"breadcrumb\":{\"@id\":\"https:\\\/\\\/fuentesfidedignas.com.mx\\\/index.php\\\/2023\\\/09\\\/25\\\/heroico-colegio-militar-pilar-de-convivencia-democratica-y-libre-de-mexico-ricardo-madrid\\\/#breadcrumb\"},\"inLanguage\":\"es\",\"potentialAction\":[{\"@type\":\"ReadAction\",\"target\":[\"https:\\\/\\\/fuentesfidedignas.com.mx\\\/index.php\\\/2023\\\/09\\\/25\\\/heroico-colegio-militar-pilar-de-convivencia-democratica-y-libre-de-mexico-ricardo-madrid\\\/\"]}]},{\"@type\":\"ImageObject\",\"inLanguage\":\"es\",\"@id\":\"https:\\\/\\\/fuentesfidedignas.com.mx\\\/index.php\\\/2023\\\/09\\\/25\\\/heroico-colegio-militar-pilar-de-convivencia-democratica-y-libre-de-mexico-ricardo-madrid\\\/#primaryimage\",\"url\":\"https:\\\/\\\/fuentesfidedignas.com.mx\\\/wp-content\\\/uploads\\\/2023\\\/09\\\/IMG-20230925-WA0025.jpg\",\"contentUrl\":\"https:\\\/\\\/fuentesfidedignas.com.mx\\\/wp-content\\\/uploads\\\/2023\\\/09\\\/IMG-20230925-WA0025.jpg\",\"width\":1024,\"height\":684},{\"@type\":\"BreadcrumbList\",\"@id\":\"https:\\\/\\\/fuentesfidedignas.com.mx\\\/index.php\\\/2023\\\/09\\\/25\\\/heroico-colegio-militar-pilar-de-convivencia-democratica-y-libre-de-mexico-ricardo-madrid\\\/#breadcrumb\",\"itemListElement\":[{\"@type\":\"ListItem\",\"position\":1,\"name\":\"Inicio\",\"item\":\"https:\\\/\\\/fuentesfidedignas.com.mx\\\/\"},{\"@type\":\"ListItem\",\"position\":2,\"name\":\"Heroico Colegio Militar, pilar de convivencia democr\u00e1tica y libre de M\u00e9xico: Ricardo Madrid\"}]},{\"@type\":\"WebSite\",\"@id\":\"https:\\\/\\\/fuentesfidedignas.com.mx\\\/#website\",\"url\":\"https:\\\/\\\/fuentesfidedignas.com.mx\\\/\",\"name\":\"Fuentes Fidedignas\",\"description\":\"Otro sitio realizado con WordPress\",\"publisher\":{\"@id\":\"https:\\\/\\\/fuentesfidedignas.com.mx\\\/#organization\"},\"potentialAction\":[{\"@type\":\"SearchAction\",\"target\":{\"@type\":\"EntryPoint\",\"urlTemplate\":\"https:\\\/\\\/fuentesfidedignas.com.mx\\\/?s={search_term_string}\"},\"query-input\":{\"@type\":\"PropertyValueSpecification\",\"valueRequired\":true,\"valueName\":\"search_term_string\"}}],\"inLanguage\":\"es\"},{\"@type\":\"Organization\",\"@id\":\"https:\\\/\\\/fuentesfidedignas.com.mx\\\/#organization\",\"name\":\"Fuentes Fidedignas\",\"url\":\"https:\\\/\\\/fuentesfidedignas.com.mx\\\/\",\"logo\":{\"@type\":\"ImageObject\",\"inLanguage\":\"es\",\"@id\":\"https:\\\/\\\/fuentesfidedignas.com.mx\\\/#\\\/schema\\\/logo\\\/image\\\/\",\"url\":\"https:\\\/\\\/fuentesfidedignas.com.mx\\\/wp-content\\\/uploads\\\/2021\\\/04\\\/logo-retina.png\",\"contentUrl\":\"https:\\\/\\\/fuentesfidedignas.com.mx\\\/wp-content\\\/uploads\\\/2021\\\/04\\\/logo-retina.png\",\"width\":280,\"height\":51,\"caption\":\"Fuentes Fidedignas\"},\"image\":{\"@id\":\"https:\\\/\\\/fuentesfidedignas.com.mx\\\/#\\\/schema\\\/logo\\\/image\\\/\"},\"sameAs\":[\"https:\\\/\\\/www.facebook.com\\\/Fuentes-Fidedignas-368234489921644\",\"https:\\\/\\\/x.com\\\/fidedignas\"]},{\"@type\":\"Person\",\"@id\":\"https:\\\/\\\/fuentesfidedignas.com.mx\\\/#\\\/schema\\\/person\\\/331be9283d37198e2acd5750279085b0\",\"name\":\"Redacci\u00f3n\",\"image\":{\"@type\":\"ImageObject\",\"inLanguage\":\"es\",\"@id\":\"https:\\\/\\\/secure.gravatar.com\\\/avatar\\\/f6d8782c11d12b2d4ad3fbb6931aeab5309937a4d6cd2fc9cfaa28a6396a5aec?s=96&d=mm&r=g\",\"url\":\"https:\\\/\\\/secure.gravatar.com\\\/avatar\\\/f6d8782c11d12b2d4ad3fbb6931aeab5309937a4d6cd2fc9cfaa28a6396a5aec?s=96&d=mm&r=g\",\"contentUrl\":\"https:\\\/\\\/secure.gravatar.com\\\/avatar\\\/f6d8782c11d12b2d4ad3fbb6931aeab5309937a4d6cd2fc9cfaa28a6396a5aec?s=96&d=mm&r=g\",\"caption\":\"Redacci\u00f3n\"},\"url\":\"https:\\\/\\\/fuentesfidedignas.com.mx\\\/index.php\\\/author\\\/redaccion\\\/\"}]}<\/script>\n<!-- \/ Yoast SEO plugin. -->","yoast_head_json":{"title":"Heroico Colegio Militar, pilar de convivencia democr\u00e1tica y libre de M\u00e9xico: Ricardo Madrid - Fuentes Fidedignas","robots":{"index":"index","follow":"follow","max-snippet":"max-snippet:-1","max-image-preview":"max-image-preview:large","max-video-preview":"max-video-preview:-1"},"canonical":"https:\/\/fuentesfidedignas.com.mx\/index.php\/2023\/09\/25\/heroico-colegio-militar-pilar-de-convivencia-democratica-y-libre-de-mexico-ricardo-madrid\/","og_locale":"es_MX","og_type":"article","og_title":"Heroico Colegio Militar, pilar de convivencia democr\u00e1tica y libre de M\u00e9xico: Ricardo Madrid - Fuentes Fidedignas","og_description":"Culiac\u00e1n, Sin. Inscribir en el Muro de Honor el bicentenario del Heroico Colegio Militar significa subrayar que la institucionalizaci\u00f3n del Ej\u00e9rcito Mexicano es uno de los pilares de la convivencia democr\u00e1tica, libre y justa de nuestra naci\u00f3n y de Sinaloa, expres\u00f3 el diputado Ricardo Madrid P\u00e9rez. El presidente de la Mesa Directiva del Congreso del [&hellip;]","og_url":"https:\/\/fuentesfidedignas.com.mx\/index.php\/2023\/09\/25\/heroico-colegio-militar-pilar-de-convivencia-democratica-y-libre-de-mexico-ricardo-madrid\/","og_site_name":"Fuentes Fidedignas","article_publisher":"https:\/\/www.facebook.com\/Fuentes-Fidedignas-368234489921644","article_published_time":"2023-09-25T20:48:39+00:00","article_modified_time":"2023-09-25T20:49:28+00:00","og_image":[{"width":1024,"height":684,"url":"https:\/\/fuentesfidedignas.com.mx\/wp-content\/uploads\/2023\/09\/IMG-20230925-WA0025.jpg","type":"image\/jpeg"}],"author":"Redacci\u00f3n","twitter_card":"summary_large_image","twitter_creator":"@fidedignas","twitter_site":"@fidedignas","twitter_misc":{"Escrito por":"Redacci\u00f3n","Tiempo de lectura":"3 minutos"},"schema":{"@context":"https:\/\/schema.org","@graph":[{"@type":"Article","@id":"https:\/\/fuentesfidedignas.com.mx\/index.php\/2023\/09\/25\/heroico-colegio-militar-pilar-de-convivencia-democratica-y-libre-de-mexico-ricardo-madrid\/#article","isPartOf":{"@id":"https:\/\/fuentesfidedignas.com.mx\/index.php\/2023\/09\/25\/heroico-colegio-militar-pilar-de-convivencia-democratica-y-libre-de-mexico-ricardo-madrid\/"},"author":{"name":"Redacci\u00f3n","@id":"https:\/\/fuentesfidedignas.com.mx\/#\/schema\/person\/331be9283d37198e2acd5750279085b0"},"headline":"Heroico Colegio Militar, pilar de convivencia democr\u00e1tica y libre de M\u00e9xico: Ricardo Madrid","datePublished":"2023-09-25T20:48:39+00:00","dateModified":"2023-09-25T20:49:28+00:00","mainEntityOfPage":{"@id":"https:\/\/fuentesfidedignas.com.mx\/index.php\/2023\/09\/25\/heroico-colegio-militar-pilar-de-convivencia-democratica-y-libre-de-mexico-ricardo-madrid\/"},"wordCount":563,"commentCount":0,"publisher":{"@id":"https:\/\/fuentesfidedignas.com.mx\/#organization"},"image":{"@id":"https:\/\/fuentesfidedignas.com.mx\/index.php\/2023\/09\/25\/heroico-colegio-militar-pilar-de-convivencia-democratica-y-libre-de-mexico-ricardo-madrid\/#primaryimage"},"thumbnailUrl":"https:\/\/fuentesfidedignas.com.mx\/wp-content\/uploads\/2023\/09\/IMG-20230925-WA0025.jpg","inLanguage":"es","potentialAction":[{"@type":"CommentAction","name":"Comment","target":["https:\/\/fuentesfidedignas.com.mx\/index.php\/2023\/09\/25\/heroico-colegio-militar-pilar-de-convivencia-democratica-y-libre-de-mexico-ricardo-madrid\/#respond"]}]},{"@type":"WebPage","@id":"https:\/\/fuentesfidedignas.com.mx\/index.php\/2023\/09\/25\/heroico-colegio-militar-pilar-de-convivencia-democratica-y-libre-de-mexico-ricardo-madrid\/","url":"https:\/\/fuentesfidedignas.com.mx\/index.php\/2023\/09\/25\/heroico-colegio-militar-pilar-de-convivencia-democratica-y-libre-de-mexico-ricardo-madrid\/","name":"Heroico Colegio Militar, pilar de convivencia democr\u00e1tica y libre de M\u00e9xico: Ricardo Madrid - Fuentes Fidedignas","isPartOf":{"@id":"https:\/\/fuentesfidedignas.com.mx\/#website"},"primaryImageOfPage":{"@id":"https:\/\/fuentesfidedignas.com.mx\/index.php\/2023\/09\/25\/heroico-colegio-militar-pilar-de-convivencia-democratica-y-libre-de-mexico-ricardo-madrid\/#primaryimage"},"image":{"@id":"https:\/\/fuentesfidedignas.com.mx\/index.php\/2023\/09\/25\/heroico-colegio-militar-pilar-de-convivencia-democratica-y-libre-de-mexico-ricardo-madrid\/#primaryimage"},"thumbnailUrl":"https:\/\/fuentesfidedignas.com.mx\/wp-content\/uploads\/2023\/09\/IMG-20230925-WA0025.jpg","datePublished":"2023-09-25T20:48:39+00:00","dateModified":"2023-09-25T20:49:28+00:00","breadcrumb":{"@id":"https:\/\/fuentesfidedignas.com.mx\/index.php\/2023\/09\/25\/heroico-colegio-militar-pilar-de-convivencia-democratica-y-libre-de-mexico-ricardo-madrid\/#breadcrumb"},"inLanguage":"es","potentialAction":[{"@type":"ReadAction","target":["https:\/\/fuentesfidedignas.com.mx\/index.php\/2023\/09\/25\/heroico-colegio-militar-pilar-de-convivencia-democratica-y-libre-de-mexico-ricardo-madrid\/"]}]},{"@type":"ImageObject","inLanguage":"es","@id":"https:\/\/fuentesfidedignas.com.mx\/index.php\/2023\/09\/25\/heroico-colegio-militar-pilar-de-convivencia-democratica-y-libre-de-mexico-ricardo-madrid\/#primaryimage","url":"https:\/\/fuentesfidedignas.com.mx\/wp-content\/uploads\/2023\/09\/IMG-20230925-WA0025.jpg","contentUrl":"https:\/\/fuentesfidedignas.com.mx\/wp-content\/uploads\/2023\/09\/IMG-20230925-WA0025.jpg","width":1024,"height":684},{"@type":"BreadcrumbList","@id":"https:\/\/fuentesfidedignas.com.mx\/index.php\/2023\/09\/25\/heroico-colegio-militar-pilar-de-convivencia-democratica-y-libre-de-mexico-ricardo-madrid\/#breadcrumb","itemListElement":[{"@type":"ListItem","position":1,"name":"Inicio","item":"https:\/\/fuentesfidedignas.com.mx\/"},{"@type":"ListItem","position":2,"name":"Heroico Colegio Militar, pilar de convivencia democr\u00e1tica y libre de M\u00e9xico: Ricardo Madrid"}]},{"@type":"WebSite","@id":"https:\/\/fuentesfidedignas.com.mx\/#website","url":"https:\/\/fuentesfidedignas.com.mx\/","name":"Fuentes Fidedignas","description":"Otro sitio realizado con WordPress","publisher":{"@id":"https:\/\/fuentesfidedignas.com.mx\/#organization"},"potentialAction":[{"@type":"SearchAction","target":{"@type":"EntryPoint","urlTemplate":"https:\/\/fuentesfidedignas.com.mx\/?s={search_term_string}"},"query-input":{"@type":"PropertyValueSpecification","valueRequired":true,"valueName":"search_term_string"}}],"inLanguage":"es"},{"@type":"Organization","@id":"https:\/\/fuentesfidedignas.com.mx\/#organization","name":"Fuentes Fidedignas","url":"https:\/\/fuentesfidedignas.com.mx\/","logo":{"@type":"ImageObject","inLanguage":"es","@id":"https:\/\/fuentesfidedignas.com.mx\/#\/schema\/logo\/image\/","url":"https:\/\/fuentesfidedignas.com.mx\/wp-content\/uploads\/2021\/04\/logo-retina.png","contentUrl":"https:\/\/fuentesfidedignas.com.mx\/wp-content\/uploads\/2021\/04\/logo-retina.png","width":280,"height":51,"caption":"Fuentes Fidedignas"},"image":{"@id":"https:\/\/fuentesfidedignas.com.mx\/#\/schema\/logo\/image\/"},"sameAs":["https:\/\/www.facebook.com\/Fuentes-Fidedignas-368234489921644","https:\/\/x.com\/fidedignas"]},{"@type":"Person","@id":"https:\/\/fuentesfidedignas.com.mx\/#\/schema\/person\/331be9283d37198e2acd5750279085b0","name":"Redacci\u00f3n","image":{"@type":"ImageObject","inLanguage":"es","@id":"https:\/\/secure.gravatar.com\/avatar\/f6d8782c11d12b2d4ad3fbb6931aeab5309937a4d6cd2fc9cfaa28a6396a5aec?s=96&d=mm&r=g","url":"https:\/\/secure.gravatar.com\/avatar\/f6d8782c11d12b2d4ad3fbb6931aeab5309937a4d6cd2fc9cfaa28a6396a5aec?s=96&d=mm&r=g","contentUrl":"https:\/\/secure.gravatar.com\/avatar\/f6d8782c11d12b2d4ad3fbb6931aeab5309937a4d6cd2fc9cfaa28a6396a5aec?s=96&d=mm&r=g","caption":"Redacci\u00f3n"},"url":"https:\/\/fuentesfidedignas.com.mx\/index.php\/author\/redaccion\/"}]}},"_links":{"self":[{"href":"https:\/\/fuentesfidedignas.com.mx\/index.php\/wp-json\/wp\/v2\/posts\/60204","targetHints":{"allow":["GET"]}}],"collection":[{"href":"https:\/\/fuentesfidedignas.com.mx\/index.php\/wp-json\/wp\/v2\/posts"}],"about":[{"href":"https:\/\/fuentesfidedignas.com.mx\/index.php\/wp-json\/wp\/v2\/types\/post"}],"author":[{"embeddable":true,"href":"https:\/\/fuentesfidedignas.com.mx\/index.php\/wp-json\/wp\/v2\/users\/4"}],"replies":[{"embeddable":true,"href":"https:\/\/fuentesfidedignas.com.mx\/index.php\/wp-json\/wp\/v2\/comments?post=60204"}],"version-history":[{"count":1,"href":"https:\/\/fuentesfidedignas.com.mx\/index.php\/wp-json\/wp\/v2\/posts\/60204\/revisions"}],"predecessor-version":[{"id":60208,"href":"https:\/\/fuentesfidedignas.com.mx\/index.php\/wp-json\/wp\/v2\/posts\/60204\/revisions\/60208"}],"wp:featuredmedia":[{"embeddable":true,"href":"https:\/\/fuentesfidedignas.com.mx\/index.php\/wp-json\/wp\/v2\/media\/60209"}],"wp:attachment":[{"href":"https:\/\/fuentesfidedignas.com.mx\/index.php\/wp-json\/wp\/v2\/media?parent=60204"}],"wp:term":[{"taxonomy":"category","embeddable":true,"href":"https:\/\/fuentesfidedignas.com.mx\/index.php\/wp-json\/wp\/v2\/categories?post=60204"},{"taxonomy":"post_tag","embeddable":true,"href":"https:\/\/fuentesfidedignas.com.mx\/index.php\/wp-json\/wp\/v2\/tags?post=60204"}],"curies":[{"name":"wp","href":"https:\/\/api.w.org\/{rel}","templated":true}]}}