{"id":60191,"date":"2023-09-25T11:18:52","date_gmt":"2023-09-25T18:18:52","guid":{"rendered":"https:\/\/fuentesfidedignas.com.mx\/?p=60191"},"modified":"2023-09-25T11:19:39","modified_gmt":"2023-09-25T18:19:39","slug":"atentado-lanzan-bombas-molotov-contra-embajada-de-cuba-en-eu","status":"publish","type":"post","link":"https:\/\/fuentesfidedignas.com.mx\/index.php\/2023\/09\/25\/atentado-lanzan-bombas-molotov-contra-embajada-de-cuba-en-eu\/","title":{"rendered":"\u00a1Atentado! Lanzan bombas molotov contra embajada de Cuba en EU"},"content":{"rendered":"\n<p><br><strong><em>El canciller cubano, Bruno Rodr\u00edguez, denunci\u00f3 que la embajada de su pa\u00eds en Washington fue objeto el domingo por la noche de una agresi\u00f3n con dos c\u00f3cteles molotov<\/em><\/strong><\/p>\n\n\n\n<p>Estados Unidos. El canciller cubano,<a href=\"https:\/\/www.excelsior.com.mx\/global\/2017\/09\/22\/1190095\" target=\"_blank\" rel=\"noreferrer noopener\"><strong>\u00a0Bruno Rodr\u00edguez<\/strong><\/a>, denunci\u00f3 que la embajada de su pa\u00eds en Washington fue objeto el domingo por la noche de una agresi\u00f3n con dos c\u00f3cteles molotov, descrita por el funcionario como un &#8220;<strong>ataque\u00a0<a href=\"https:\/\/www.excelsior.com.mx\/terrorismo\" target=\"_blank\" rel=\"noreferrer noopener\">terrorista<\/a><\/strong>&#8220;.<\/p>\n\n\n\n<blockquote class=\"wp-block-quote is-layout-flow wp-block-quote-is-layout-flow\">\n<p>La Embajada de Cuba en EU fue objeto de un ataque terrorista de un individuo que lanz\u00f3 2 c\u00f3cteles molotov&#8221;, dijo Rodr\u00edguez en un mensaje en su cuenta X, antes Twitter, en el que aclar\u00f3 que el personal de la representaci\u00f3n diplom\u00e1tica no sufri\u00f3 da\u00f1os.<\/p>\n<\/blockquote>\n\n\n\n<p>Inform\u00f3 tambi\u00e9n que las autoridades cubanas est\u00e1n &#8220;precisando los detalles&#8221; de esta agresi\u00f3n.<\/p>\n\n\n\n<blockquote class=\"wp-block-quote is-layout-flow wp-block-quote-is-layout-flow\">\n<p>Es el segundo ataque violento contra la sede diplom\u00e1tica en Washington&#8221;, a\u00f1adi\u00f3 el canciller, en referencia a otro incidente ocurrido en abril de 2020, cuando un hombre efectu\u00f3 disparos contra la embajada cubana en la capital estadounidense.<\/p>\n<\/blockquote>\n\n\n\n<p>El ataque de la noche del domingo ocurre unas horas despu\u00e9s de que el presidente&nbsp;<a href=\"https:\/\/www.excelsior.com.mx\/global\/miguel-diaz-canel-se-reune-con-el-papa-francisco-durante-su-gira-por-europa\/1593269\" target=\"_blank\" rel=\"noreferrer noopener\"><strong>Miguel D\u00edaz-Canel<\/strong><\/a>&nbsp;regresara a La Habana despu\u00e9s de haber pasado toda la semana en Nueva York, donde asisti\u00f3 a la Asamblea General de Naciones Unidas y a otras actividades con partidarios de Cuba en Estados Unidos.<\/p>\n\n\n\n<p>En Nueva York tambi\u00e9n se registraron manifestaciones de cubanos que residen en ese pa\u00eds en contra de la presencia de D\u00edaz-Canel en la Asamblea de la ONU, seg\u00fan mensajes y videos difundidos en redes sociales.<\/p>\n\n\n\n<blockquote class=\"wp-block-quote is-layout-flow wp-block-quote-is-layout-flow\">\n<p>Los grupos anticubanos acuden al terrorismo al sentir impunidad, algo sobre lo que #Cuba ha alertado a autoridades estadounidenses reiteradamente&#8221;, dijo Rodr\u00edguez en su mensaje en X.<\/p>\n<\/blockquote>\n\n\n\n<p>En abril de 2020, el canciller cubano convoc\u00f3 a la entonces encargada de negocios de&nbsp;<strong>Estados Unidos<\/strong>&nbsp;en&nbsp;<strong>La Habana, Mara Tekach<\/strong>, para expresar su &#8220;en\u00e9rgica protesta&#8221; por lo que denomin\u00f3 como una &#8220;agresi\u00f3n terrorista&#8221; contra su embajada.<\/p>\n\n\n\n<p>El tiroteo en esa ocasi\u00f3n dej\u00f3 profundas marcas en las columnas d\u00f3ricas de la entrada, rompi\u00f3 una farola y varios vidrios y molduras del frontis del edificio, constat\u00f3 la AFP.&nbsp;<\/p>\n","protected":false},"excerpt":{"rendered":"<p>El canciller cubano, Bruno Rodr\u00edguez, denunci\u00f3 que la embajada de su pa\u00eds en Washington fue objeto el domingo por la noche de una agresi\u00f3n con dos c\u00f3cteles molotov Estados Unidos. El canciller cubano,\u00a0Bruno Rodr\u00edguez, denunci\u00f3 que la embajada de su pa\u00eds en Washington fue objeto el domingo por la noche de una agresi\u00f3n con dos [&hellip;]<\/p>\n","protected":false},"author":12,"featured_media":60193,"comment_status":"open","ping_status":"open","sticky":false,"template":"","format":"standard","meta":{"tdm_status":"","tdm_grid_status":"","footnotes":""},"categories":[39],"tags":[],"class_list":{"0":"post-60191","1":"post","2":"type-post","3":"status-publish","4":"format-standard","5":"has-post-thumbnail","7":"category-noticias-nacionales"},"yoast_head":"<!-- This site is optimized with the Yoast SEO plugin v27.5 - https:\/\/yoast.com\/product\/yoast-seo-wordpress\/ -->\n<title>\u00a1Atentado! Lanzan bombas molotov contra embajada de Cuba en EU - Fuentes Fidedignas<\/title>\n<meta name=\"robots\" content=\"index, follow, max-snippet:-1, max-image-preview:large, max-video-preview:-1\" \/>\n<link rel=\"canonical\" href=\"https:\/\/fuentesfidedignas.com.mx\/index.php\/2023\/09\/25\/atentado-lanzan-bombas-molotov-contra-embajada-de-cuba-en-eu\/\" \/>\n<meta property=\"og:locale\" content=\"es_MX\" \/>\n<meta property=\"og:type\" content=\"article\" \/>\n<meta property=\"og:title\" content=\"\u00a1Atentado! Lanzan bombas molotov contra embajada de Cuba en EU - Fuentes Fidedignas\" \/>\n<meta property=\"og:description\" content=\"El canciller cubano, Bruno Rodr\u00edguez, denunci\u00f3 que la embajada de su pa\u00eds en Washington fue objeto el domingo por la noche de una agresi\u00f3n con dos c\u00f3cteles molotov Estados Unidos. El canciller cubano,\u00a0Bruno Rodr\u00edguez, denunci\u00f3 que la embajada de su pa\u00eds en Washington fue objeto el domingo por la noche de una agresi\u00f3n con dos [&hellip;]\" \/>\n<meta property=\"og:url\" content=\"https:\/\/fuentesfidedignas.com.mx\/index.php\/2023\/09\/25\/atentado-lanzan-bombas-molotov-contra-embajada-de-cuba-en-eu\/\" \/>\n<meta property=\"og:site_name\" content=\"Fuentes Fidedignas\" \/>\n<meta property=\"article:publisher\" content=\"https:\/\/www.facebook.com\/Fuentes-Fidedignas-368234489921644\" \/>\n<meta property=\"article:published_time\" content=\"2023-09-25T18:18:52+00:00\" \/>\n<meta property=\"article:modified_time\" content=\"2023-09-25T18:19:39+00:00\" \/>\n<meta property=\"og:image\" content=\"https:\/\/fuentesfidedignas.com.mx\/wp-content\/uploads\/2023\/09\/3010083.jpg\" \/>\n\t<meta property=\"og:image:width\" content=\"800\" \/>\n\t<meta property=\"og:image:height\" content=\"600\" \/>\n\t<meta property=\"og:image:type\" content=\"image\/jpeg\" \/>\n<meta name=\"author\" content=\"AFP\" \/>\n<meta name=\"twitter:card\" content=\"summary_large_image\" \/>\n<meta name=\"twitter:creator\" content=\"@fidedignas\" \/>\n<meta name=\"twitter:site\" content=\"@fidedignas\" \/>\n<meta name=\"twitter:label1\" content=\"Escrito por\" \/>\n\t<meta name=\"twitter:data1\" content=\"AFP\" \/>\n\t<meta name=\"twitter:label2\" content=\"Tiempo de lectura\" \/>\n\t<meta name=\"twitter:data2\" content=\"1 minuto\" \/>\n<script type=\"application\/ld+json\" class=\"yoast-schema-graph\">{\"@context\":\"https:\\\/\\\/schema.org\",\"@graph\":[{\"@type\":\"Article\",\"@id\":\"https:\\\/\\\/fuentesfidedignas.com.mx\\\/index.php\\\/2023\\\/09\\\/25\\\/atentado-lanzan-bombas-molotov-contra-embajada-de-cuba-en-eu\\\/#article\",\"isPartOf\":{\"@id\":\"https:\\\/\\\/fuentesfidedignas.com.mx\\\/index.php\\\/2023\\\/09\\\/25\\\/atentado-lanzan-bombas-molotov-contra-embajada-de-cuba-en-eu\\\/\"},\"author\":{\"name\":\"AFP\",\"@id\":\"https:\\\/\\\/fuentesfidedignas.com.mx\\\/#\\\/schema\\\/person\\\/1827b38c6cf89e1d6cc7d78ca3fae732\"},\"headline\":\"\u00a1Atentado! Lanzan bombas molotov contra embajada de Cuba en EU\",\"datePublished\":\"2023-09-25T18:18:52+00:00\",\"dateModified\":\"2023-09-25T18:19:39+00:00\",\"mainEntityOfPage\":{\"@id\":\"https:\\\/\\\/fuentesfidedignas.com.mx\\\/index.php\\\/2023\\\/09\\\/25\\\/atentado-lanzan-bombas-molotov-contra-embajada-de-cuba-en-eu\\\/\"},\"wordCount\":385,\"commentCount\":0,\"publisher\":{\"@id\":\"https:\\\/\\\/fuentesfidedignas.com.mx\\\/#organization\"},\"image\":{\"@id\":\"https:\\\/\\\/fuentesfidedignas.com.mx\\\/index.php\\\/2023\\\/09\\\/25\\\/atentado-lanzan-bombas-molotov-contra-embajada-de-cuba-en-eu\\\/#primaryimage\"},\"thumbnailUrl\":\"https:\\\/\\\/fuentesfidedignas.com.mx\\\/wp-content\\\/uploads\\\/2023\\\/09\\\/3010083.jpg\",\"articleSection\":[\"NOTICIAS NACIONALES\"],\"inLanguage\":\"es\",\"potentialAction\":[{\"@type\":\"CommentAction\",\"name\":\"Comment\",\"target\":[\"https:\\\/\\\/fuentesfidedignas.com.mx\\\/index.php\\\/2023\\\/09\\\/25\\\/atentado-lanzan-bombas-molotov-contra-embajada-de-cuba-en-eu\\\/#respond\"]}]},{\"@type\":\"WebPage\",\"@id\":\"https:\\\/\\\/fuentesfidedignas.com.mx\\\/index.php\\\/2023\\\/09\\\/25\\\/atentado-lanzan-bombas-molotov-contra-embajada-de-cuba-en-eu\\\/\",\"url\":\"https:\\\/\\\/fuentesfidedignas.com.mx\\\/index.php\\\/2023\\\/09\\\/25\\\/atentado-lanzan-bombas-molotov-contra-embajada-de-cuba-en-eu\\\/\",\"name\":\"\u00a1Atentado! Lanzan bombas molotov contra embajada de Cuba en EU - Fuentes Fidedignas\",\"isPartOf\":{\"@id\":\"https:\\\/\\\/fuentesfidedignas.com.mx\\\/#website\"},\"primaryImageOfPage\":{\"@id\":\"https:\\\/\\\/fuentesfidedignas.com.mx\\\/index.php\\\/2023\\\/09\\\/25\\\/atentado-lanzan-bombas-molotov-contra-embajada-de-cuba-en-eu\\\/#primaryimage\"},\"image\":{\"@id\":\"https:\\\/\\\/fuentesfidedignas.com.mx\\\/index.php\\\/2023\\\/09\\\/25\\\/atentado-lanzan-bombas-molotov-contra-embajada-de-cuba-en-eu\\\/#primaryimage\"},\"thumbnailUrl\":\"https:\\\/\\\/fuentesfidedignas.com.mx\\\/wp-content\\\/uploads\\\/2023\\\/09\\\/3010083.jpg\",\"datePublished\":\"2023-09-25T18:18:52+00:00\",\"dateModified\":\"2023-09-25T18:19:39+00:00\",\"breadcrumb\":{\"@id\":\"https:\\\/\\\/fuentesfidedignas.com.mx\\\/index.php\\\/2023\\\/09\\\/25\\\/atentado-lanzan-bombas-molotov-contra-embajada-de-cuba-en-eu\\\/#breadcrumb\"},\"inLanguage\":\"es\",\"potentialAction\":[{\"@type\":\"ReadAction\",\"target\":[\"https:\\\/\\\/fuentesfidedignas.com.mx\\\/index.php\\\/2023\\\/09\\\/25\\\/atentado-lanzan-bombas-molotov-contra-embajada-de-cuba-en-eu\\\/\"]}]},{\"@type\":\"ImageObject\",\"inLanguage\":\"es\",\"@id\":\"https:\\\/\\\/fuentesfidedignas.com.mx\\\/index.php\\\/2023\\\/09\\\/25\\\/atentado-lanzan-bombas-molotov-contra-embajada-de-cuba-en-eu\\\/#primaryimage\",\"url\":\"https:\\\/\\\/fuentesfidedignas.com.mx\\\/wp-content\\\/uploads\\\/2023\\\/09\\\/3010083.jpg\",\"contentUrl\":\"https:\\\/\\\/fuentesfidedignas.com.mx\\\/wp-content\\\/uploads\\\/2023\\\/09\\\/3010083.jpg\",\"width\":800,\"height\":600},{\"@type\":\"BreadcrumbList\",\"@id\":\"https:\\\/\\\/fuentesfidedignas.com.mx\\\/index.php\\\/2023\\\/09\\\/25\\\/atentado-lanzan-bombas-molotov-contra-embajada-de-cuba-en-eu\\\/#breadcrumb\",\"itemListElement\":[{\"@type\":\"ListItem\",\"position\":1,\"name\":\"Inicio\",\"item\":\"https:\\\/\\\/fuentesfidedignas.com.mx\\\/\"},{\"@type\":\"ListItem\",\"position\":2,\"name\":\"\u00a1Atentado! Lanzan bombas molotov contra embajada de Cuba en EU\"}]},{\"@type\":\"WebSite\",\"@id\":\"https:\\\/\\\/fuentesfidedignas.com.mx\\\/#website\",\"url\":\"https:\\\/\\\/fuentesfidedignas.com.mx\\\/\",\"name\":\"Fuentes Fidedignas\",\"description\":\"Otro sitio realizado con WordPress\",\"publisher\":{\"@id\":\"https:\\\/\\\/fuentesfidedignas.com.mx\\\/#organization\"},\"potentialAction\":[{\"@type\":\"SearchAction\",\"target\":{\"@type\":\"EntryPoint\",\"urlTemplate\":\"https:\\\/\\\/fuentesfidedignas.com.mx\\\/?s={search_term_string}\"},\"query-input\":{\"@type\":\"PropertyValueSpecification\",\"valueRequired\":true,\"valueName\":\"search_term_string\"}}],\"inLanguage\":\"es\"},{\"@type\":\"Organization\",\"@id\":\"https:\\\/\\\/fuentesfidedignas.com.mx\\\/#organization\",\"name\":\"Fuentes Fidedignas\",\"url\":\"https:\\\/\\\/fuentesfidedignas.com.mx\\\/\",\"logo\":{\"@type\":\"ImageObject\",\"inLanguage\":\"es\",\"@id\":\"https:\\\/\\\/fuentesfidedignas.com.mx\\\/#\\\/schema\\\/logo\\\/image\\\/\",\"url\":\"https:\\\/\\\/fuentesfidedignas.com.mx\\\/wp-content\\\/uploads\\\/2021\\\/04\\\/logo-retina.png\",\"contentUrl\":\"https:\\\/\\\/fuentesfidedignas.com.mx\\\/wp-content\\\/uploads\\\/2021\\\/04\\\/logo-retina.png\",\"width\":280,\"height\":51,\"caption\":\"Fuentes Fidedignas\"},\"image\":{\"@id\":\"https:\\\/\\\/fuentesfidedignas.com.mx\\\/#\\\/schema\\\/logo\\\/image\\\/\"},\"sameAs\":[\"https:\\\/\\\/www.facebook.com\\\/Fuentes-Fidedignas-368234489921644\",\"https:\\\/\\\/x.com\\\/fidedignas\"]},{\"@type\":\"Person\",\"@id\":\"https:\\\/\\\/fuentesfidedignas.com.mx\\\/#\\\/schema\\\/person\\\/1827b38c6cf89e1d6cc7d78ca3fae732\",\"name\":\"AFP\",\"image\":{\"@type\":\"ImageObject\",\"inLanguage\":\"es\",\"@id\":\"https:\\\/\\\/secure.gravatar.com\\\/avatar\\\/236827d2ee9bf15e1ea99e0c1cd1b467cffa55e324d177638d0f8de7950cbae6?s=96&d=mm&r=g\",\"url\":\"https:\\\/\\\/secure.gravatar.com\\\/avatar\\\/236827d2ee9bf15e1ea99e0c1cd1b467cffa55e324d177638d0f8de7950cbae6?s=96&d=mm&r=g\",\"contentUrl\":\"https:\\\/\\\/secure.gravatar.com\\\/avatar\\\/236827d2ee9bf15e1ea99e0c1cd1b467cffa55e324d177638d0f8de7950cbae6?s=96&d=mm&r=g\",\"caption\":\"AFP\"},\"url\":\"https:\\\/\\\/fuentesfidedignas.com.mx\\\/index.php\\\/author\\\/afp\\\/\"}]}<\/script>\n<!-- \/ Yoast SEO plugin. -->","yoast_head_json":{"title":"\u00a1Atentado! Lanzan bombas molotov contra embajada de Cuba en EU - Fuentes Fidedignas","robots":{"index":"index","follow":"follow","max-snippet":"max-snippet:-1","max-image-preview":"max-image-preview:large","max-video-preview":"max-video-preview:-1"},"canonical":"https:\/\/fuentesfidedignas.com.mx\/index.php\/2023\/09\/25\/atentado-lanzan-bombas-molotov-contra-embajada-de-cuba-en-eu\/","og_locale":"es_MX","og_type":"article","og_title":"\u00a1Atentado! Lanzan bombas molotov contra embajada de Cuba en EU - Fuentes Fidedignas","og_description":"El canciller cubano, Bruno Rodr\u00edguez, denunci\u00f3 que la embajada de su pa\u00eds en Washington fue objeto el domingo por la noche de una agresi\u00f3n con dos c\u00f3cteles molotov Estados Unidos. El canciller cubano,\u00a0Bruno Rodr\u00edguez, denunci\u00f3 que la embajada de su pa\u00eds en Washington fue objeto el domingo por la noche de una agresi\u00f3n con dos [&hellip;]","og_url":"https:\/\/fuentesfidedignas.com.mx\/index.php\/2023\/09\/25\/atentado-lanzan-bombas-molotov-contra-embajada-de-cuba-en-eu\/","og_site_name":"Fuentes Fidedignas","article_publisher":"https:\/\/www.facebook.com\/Fuentes-Fidedignas-368234489921644","article_published_time":"2023-09-25T18:18:52+00:00","article_modified_time":"2023-09-25T18:19:39+00:00","og_image":[{"width":800,"height":600,"url":"https:\/\/fuentesfidedignas.com.mx\/wp-content\/uploads\/2023\/09\/3010083.jpg","type":"image\/jpeg"}],"author":"AFP","twitter_card":"summary_large_image","twitter_creator":"@fidedignas","twitter_site":"@fidedignas","twitter_misc":{"Escrito por":"AFP","Tiempo de lectura":"1 minuto"},"schema":{"@context":"https:\/\/schema.org","@graph":[{"@type":"Article","@id":"https:\/\/fuentesfidedignas.com.mx\/index.php\/2023\/09\/25\/atentado-lanzan-bombas-molotov-contra-embajada-de-cuba-en-eu\/#article","isPartOf":{"@id":"https:\/\/fuentesfidedignas.com.mx\/index.php\/2023\/09\/25\/atentado-lanzan-bombas-molotov-contra-embajada-de-cuba-en-eu\/"},"author":{"name":"AFP","@id":"https:\/\/fuentesfidedignas.com.mx\/#\/schema\/person\/1827b38c6cf89e1d6cc7d78ca3fae732"},"headline":"\u00a1Atentado! Lanzan bombas molotov contra embajada de Cuba en EU","datePublished":"2023-09-25T18:18:52+00:00","dateModified":"2023-09-25T18:19:39+00:00","mainEntityOfPage":{"@id":"https:\/\/fuentesfidedignas.com.mx\/index.php\/2023\/09\/25\/atentado-lanzan-bombas-molotov-contra-embajada-de-cuba-en-eu\/"},"wordCount":385,"commentCount":0,"publisher":{"@id":"https:\/\/fuentesfidedignas.com.mx\/#organization"},"image":{"@id":"https:\/\/fuentesfidedignas.com.mx\/index.php\/2023\/09\/25\/atentado-lanzan-bombas-molotov-contra-embajada-de-cuba-en-eu\/#primaryimage"},"thumbnailUrl":"https:\/\/fuentesfidedignas.com.mx\/wp-content\/uploads\/2023\/09\/3010083.jpg","articleSection":["NOTICIAS NACIONALES"],"inLanguage":"es","potentialAction":[{"@type":"CommentAction","name":"Comment","target":["https:\/\/fuentesfidedignas.com.mx\/index.php\/2023\/09\/25\/atentado-lanzan-bombas-molotov-contra-embajada-de-cuba-en-eu\/#respond"]}]},{"@type":"WebPage","@id":"https:\/\/fuentesfidedignas.com.mx\/index.php\/2023\/09\/25\/atentado-lanzan-bombas-molotov-contra-embajada-de-cuba-en-eu\/","url":"https:\/\/fuentesfidedignas.com.mx\/index.php\/2023\/09\/25\/atentado-lanzan-bombas-molotov-contra-embajada-de-cuba-en-eu\/","name":"\u00a1Atentado! Lanzan bombas molotov contra embajada de Cuba en EU - Fuentes Fidedignas","isPartOf":{"@id":"https:\/\/fuentesfidedignas.com.mx\/#website"},"primaryImageOfPage":{"@id":"https:\/\/fuentesfidedignas.com.mx\/index.php\/2023\/09\/25\/atentado-lanzan-bombas-molotov-contra-embajada-de-cuba-en-eu\/#primaryimage"},"image":{"@id":"https:\/\/fuentesfidedignas.com.mx\/index.php\/2023\/09\/25\/atentado-lanzan-bombas-molotov-contra-embajada-de-cuba-en-eu\/#primaryimage"},"thumbnailUrl":"https:\/\/fuentesfidedignas.com.mx\/wp-content\/uploads\/2023\/09\/3010083.jpg","datePublished":"2023-09-25T18:18:52+00:00","dateModified":"2023-09-25T18:19:39+00:00","breadcrumb":{"@id":"https:\/\/fuentesfidedignas.com.mx\/index.php\/2023\/09\/25\/atentado-lanzan-bombas-molotov-contra-embajada-de-cuba-en-eu\/#breadcrumb"},"inLanguage":"es","potentialAction":[{"@type":"ReadAction","target":["https:\/\/fuentesfidedignas.com.mx\/index.php\/2023\/09\/25\/atentado-lanzan-bombas-molotov-contra-embajada-de-cuba-en-eu\/"]}]},{"@type":"ImageObject","inLanguage":"es","@id":"https:\/\/fuentesfidedignas.com.mx\/index.php\/2023\/09\/25\/atentado-lanzan-bombas-molotov-contra-embajada-de-cuba-en-eu\/#primaryimage","url":"https:\/\/fuentesfidedignas.com.mx\/wp-content\/uploads\/2023\/09\/3010083.jpg","contentUrl":"https:\/\/fuentesfidedignas.com.mx\/wp-content\/uploads\/2023\/09\/3010083.jpg","width":800,"height":600},{"@type":"BreadcrumbList","@id":"https:\/\/fuentesfidedignas.com.mx\/index.php\/2023\/09\/25\/atentado-lanzan-bombas-molotov-contra-embajada-de-cuba-en-eu\/#breadcrumb","itemListElement":[{"@type":"ListItem","position":1,"name":"Inicio","item":"https:\/\/fuentesfidedignas.com.mx\/"},{"@type":"ListItem","position":2,"name":"\u00a1Atentado! Lanzan bombas molotov contra embajada de Cuba en EU"}]},{"@type":"WebSite","@id":"https:\/\/fuentesfidedignas.com.mx\/#website","url":"https:\/\/fuentesfidedignas.com.mx\/","name":"Fuentes Fidedignas","description":"Otro sitio realizado con WordPress","publisher":{"@id":"https:\/\/fuentesfidedignas.com.mx\/#organization"},"potentialAction":[{"@type":"SearchAction","target":{"@type":"EntryPoint","urlTemplate":"https:\/\/fuentesfidedignas.com.mx\/?s={search_term_string}"},"query-input":{"@type":"PropertyValueSpecification","valueRequired":true,"valueName":"search_term_string"}}],"inLanguage":"es"},{"@type":"Organization","@id":"https:\/\/fuentesfidedignas.com.mx\/#organization","name":"Fuentes Fidedignas","url":"https:\/\/fuentesfidedignas.com.mx\/","logo":{"@type":"ImageObject","inLanguage":"es","@id":"https:\/\/fuentesfidedignas.com.mx\/#\/schema\/logo\/image\/","url":"https:\/\/fuentesfidedignas.com.mx\/wp-content\/uploads\/2021\/04\/logo-retina.png","contentUrl":"https:\/\/fuentesfidedignas.com.mx\/wp-content\/uploads\/2021\/04\/logo-retina.png","width":280,"height":51,"caption":"Fuentes Fidedignas"},"image":{"@id":"https:\/\/fuentesfidedignas.com.mx\/#\/schema\/logo\/image\/"},"sameAs":["https:\/\/www.facebook.com\/Fuentes-Fidedignas-368234489921644","https:\/\/x.com\/fidedignas"]},{"@type":"Person","@id":"https:\/\/fuentesfidedignas.com.mx\/#\/schema\/person\/1827b38c6cf89e1d6cc7d78ca3fae732","name":"AFP","image":{"@type":"ImageObject","inLanguage":"es","@id":"https:\/\/secure.gravatar.com\/avatar\/236827d2ee9bf15e1ea99e0c1cd1b467cffa55e324d177638d0f8de7950cbae6?s=96&d=mm&r=g","url":"https:\/\/secure.gravatar.com\/avatar\/236827d2ee9bf15e1ea99e0c1cd1b467cffa55e324d177638d0f8de7950cbae6?s=96&d=mm&r=g","contentUrl":"https:\/\/secure.gravatar.com\/avatar\/236827d2ee9bf15e1ea99e0c1cd1b467cffa55e324d177638d0f8de7950cbae6?s=96&d=mm&r=g","caption":"AFP"},"url":"https:\/\/fuentesfidedignas.com.mx\/index.php\/author\/afp\/"}]}},"_links":{"self":[{"href":"https:\/\/fuentesfidedignas.com.mx\/index.php\/wp-json\/wp\/v2\/posts\/60191","targetHints":{"allow":["GET"]}}],"collection":[{"href":"https:\/\/fuentesfidedignas.com.mx\/index.php\/wp-json\/wp\/v2\/posts"}],"about":[{"href":"https:\/\/fuentesfidedignas.com.mx\/index.php\/wp-json\/wp\/v2\/types\/post"}],"author":[{"embeddable":true,"href":"https:\/\/fuentesfidedignas.com.mx\/index.php\/wp-json\/wp\/v2\/users\/12"}],"replies":[{"embeddable":true,"href":"https:\/\/fuentesfidedignas.com.mx\/index.php\/wp-json\/wp\/v2\/comments?post=60191"}],"version-history":[{"count":1,"href":"https:\/\/fuentesfidedignas.com.mx\/index.php\/wp-json\/wp\/v2\/posts\/60191\/revisions"}],"predecessor-version":[{"id":60192,"href":"https:\/\/fuentesfidedignas.com.mx\/index.php\/wp-json\/wp\/v2\/posts\/60191\/revisions\/60192"}],"wp:featuredmedia":[{"embeddable":true,"href":"https:\/\/fuentesfidedignas.com.mx\/index.php\/wp-json\/wp\/v2\/media\/60193"}],"wp:attachment":[{"href":"https:\/\/fuentesfidedignas.com.mx\/index.php\/wp-json\/wp\/v2\/media?parent=60191"}],"wp:term":[{"taxonomy":"category","embeddable":true,"href":"https:\/\/fuentesfidedignas.com.mx\/index.php\/wp-json\/wp\/v2\/categories?post=60191"},{"taxonomy":"post_tag","embeddable":true,"href":"https:\/\/fuentesfidedignas.com.mx\/index.php\/wp-json\/wp\/v2\/tags?post=60191"}],"curies":[{"name":"wp","href":"https:\/\/api.w.org\/{rel}","templated":true}]}}