{"id":6018,"date":"2021-06-26T16:28:02","date_gmt":"2021-06-26T23:28:02","guid":{"rendered":"https:\/\/fuentesfidedignas.com.mx\/?p=6018"},"modified":"2021-06-26T16:29:47","modified_gmt":"2021-06-26T23:29:47","slug":"jared-borgueti-y-oliver-nuevos-inmortales-al-salon-de-la-fama-al-merito-deportivo-culiacan-2021","status":"publish","type":"post","link":"https:\/\/fuentesfidedignas.com.mx\/index.php\/2021\/06\/26\/jared-borgueti-y-oliver-nuevos-inmortales-al-salon-de-la-fama-al-merito-deportivo-culiacan-2021\/","title":{"rendered":"Jared Borgueti y Oliver, nuevos inmortales al Sal\u00f3n de la Fama al M\u00e9rito Deportivo Culiac\u00e1n 2021"},"content":{"rendered":"\n<p><\/p>\n\n\n\n<p style=\"margin-bottom:262px\">Culiac\u00e1n, Sin.- El exfutbolista y el exbeisbolista, Jared Borguetti y Oliver P\u00e9rez Mart\u00ednez, as\u00ed como el entrenador de ciclismo, Don H\u00e9ctor Avenda\u00f1o Le\u00f3n, son los tres nuevos inmortales que resultaron electos hoy para acceder al Sal\u00f3n de la Fama al M\u00e9rito Deportivo Culiac\u00e1n 2021, quienes ser\u00e1n entronizados el mi\u00e9rcoles 29 de septiembre en el marco del 490 Aniversario de la Fundaci\u00f3n de Culiac\u00e1n.<\/p>\n\n\n\n<p>El director general del Instituto MuniPfizercipal del Deporte y la Cultura F\u00edsica, Carlos Octavio Lara Cebreros, expres\u00f3 su felicitaci\u00f3n a los tres ganadores de este certamen, as\u00ed como a los siete participantes en total, al recalcar que todos son grandes personajes del deporte que han puesto muy en alto el nombre de Culiac\u00e1n y de M\u00e9xico en el \u00e1mbito internacional en cada una de las disciplinas que han sido parte de sus vidas.<\/p>\n\n\n\n<p>\u201cLos ganadores de esta elecci\u00f3n 2021 son deportistas con alta trayectoria\u2026son de lujo los que hoy ocupar\u00e1n un lugar en el Sal\u00f3n de la Fama, cuyo evento de entronizaci\u00f3n ser\u00e1 presidido por el Alcalde, Lic. Jes\u00fas Estrada Ferreiro en el Modular In\u00e9s Arredondo, (MIA) el pr\u00f3ximo 29 de septiembre\u201d, agreg\u00f3 el dirigente del deporte en Culiac\u00e1n.<\/p>\n\n\n\n<p>El periodista David Vel\u00e1zquez Robles, presidente del Comit\u00e9 Elector del Sal\u00f3n de la Fama de Culiac\u00e1n, dio la bienvenida al Comit\u00e9 Elector en pleno; posteriormente los felicit\u00f3 por haber realizado una excelente decisi\u00f3n para elegir a los nuevos inmortales que con su trayectoria han hecho de sus deportes que estos hayan obtenido resultados de alto impacto en lo internacional.<\/p>\n\n\n\n<p>\u201cAgradezco al organismo deportivo que represento, el gran trabajo que hicieron al respecto, porque no fue f\u00e1cil tomar una decisi\u00f3n cuando los siete candidatos que participaron en esta elecci\u00f3n ten\u00edan los m\u00e9ritos suficientes para acceder a ocupar un nicho en el Sal\u00f3n de la Fama de Culiac\u00e1n\u201d, dijo Vel\u00e1zquez Robles.<\/p>\n\n\n\n<p>El evento dio inicio a las 10 de la ma\u00f1ana con la presentaci\u00f3n de un video en el que exaltaron la trayectoria de los \u00faltimos 15 a\u00f1os antes de la elecci\u00f3n y luego se presentaron diapositivas comprobatorias de los logros obtenidos por cada uno de los siete candidatos del deporte.<\/p>\n\n\n\n<p>Inmediatamente, fueron propuestos como escrutadores y miembros del Comit\u00e9 Elector, Fausto Casta\u00f1os Sapien y Luis Manuel Tostado, quienes despu\u00e9s de recibir los votos de cada uno de los 30 miembros del Comit\u00e9 Elector de forma secreta y a la urna, el resultado favoreci\u00f3 a Jared Borguetti con 43 puntos, Oliver P\u00e9rez con 41 y Don H\u00e9ctor Avenda\u00f1o con 38 puntos, mismos que se impusieron a Mario Luna L\u00f3pez, (b\u00e9isbol); Horacio D\u00edaz L\u00f3pez (Promotor de softbol); Amadeo Zazueta Lafarga (Promotor de b\u00e9isbol) y Marco Santos B\u00e1ez (Entrenador de box).<\/p>\n\n\n\n<p>El proceso de votaci\u00f3n se llev\u00f3 a cabo en un marco de civilidad, honestidad y responsabilidad, esto para hacer del proceso un trabajo de altura, ya que se cumpli\u00f3 con el 75 por ciento del resultado de la votaci\u00f3n.<\/p>\n\n\n\n<p>En el evento se respetaron los protocolos sanitarios como el uso de cubrebocas y de gel antibacterial, as\u00ed como la sana distancia como medida preventiva para evitar nuevos contagios de COVID 19.<br>El proceso fue controlado por el personal del IMDEC para seguridad de los asistentes.<\/p>\n\n\n\n<p>El Comit\u00e9 Elector integrado por 30 asistentes, de principio a fin del proceso de elecci\u00f3n hab\u00edan dado los votos suficientes para que los deportistas internacionales Borgueti y P\u00e9rez Mart\u00ednez lograran la mayor\u00eda de los sufragios con 43 y 41 respectivamente, mientras que el tercer inmortal se impuso con 38 a Mario Arturo Luna (30) su m\u00e1s cercano contendiente; seguido de Amadeo Zazueta (29); Horacio D\u00edaz L\u00f3pez (21) y Marco Santos B\u00e1ez con 18.<\/p>\n\n\n\n<p>Finalmente, el presidente del Comit\u00e9 Elector, David Vel\u00e1zquez, agradeci\u00f3 al organismo deportivo que representa, el gran trabajo que \u201cse hizo al respecto, porque no fue f\u00e1cil decidir, pues los siete candidatos que participaron en esta elecci\u00f3n ten\u00edan los m\u00e9ritos suficientes para acceder a ocupar un nicho en el Sal\u00f3n de la Fama de Culiac\u00e1n\u201d.<\/p>\n","protected":false},"excerpt":{"rendered":"<p>Culiac\u00e1n, Sin.- El exfutbolista y el exbeisbolista, Jared Borguetti y Oliver P\u00e9rez Mart\u00ednez, as\u00ed como el entrenador de ciclismo, Don H\u00e9ctor Avenda\u00f1o Le\u00f3n, son los tres nuevos inmortales que resultaron electos hoy para acceder al Sal\u00f3n de la Fama al M\u00e9rito Deportivo Culiac\u00e1n 2021, quienes ser\u00e1n entronizados el mi\u00e9rcoles 29 de septiembre en el marco [&hellip;]<\/p>\n","protected":false},"author":4,"featured_media":6019,"comment_status":"open","ping_status":"open","sticky":false,"template":"","format":"standard","meta":{"tdm_status":"","tdm_grid_status":"","footnotes":""},"categories":[37],"tags":[],"class_list":{"0":"post-6018","1":"post","2":"type-post","3":"status-publish","4":"format-standard","5":"has-post-thumbnail","7":"category-nota-principal"},"yoast_head":"<!-- This site is optimized with the Yoast SEO plugin v27.5 - https:\/\/yoast.com\/product\/yoast-seo-wordpress\/ -->\n<title>Jared Borgueti y Oliver, nuevos inmortales al Sal\u00f3n de la Fama al M\u00e9rito Deportivo Culiac\u00e1n 2021 - Fuentes Fidedignas<\/title>\n<meta name=\"robots\" content=\"index, follow, max-snippet:-1, max-image-preview:large, max-video-preview:-1\" \/>\n<link rel=\"canonical\" href=\"https:\/\/fuentesfidedignas.com.mx\/index.php\/2021\/06\/26\/jared-borgueti-y-oliver-nuevos-inmortales-al-salon-de-la-fama-al-merito-deportivo-culiacan-2021\/\" \/>\n<meta property=\"og:locale\" content=\"es_MX\" \/>\n<meta property=\"og:type\" content=\"article\" \/>\n<meta property=\"og:title\" content=\"Jared Borgueti y Oliver, nuevos inmortales al Sal\u00f3n de la Fama al M\u00e9rito Deportivo Culiac\u00e1n 2021 - Fuentes Fidedignas\" \/>\n<meta property=\"og:description\" content=\"Culiac\u00e1n, Sin.- El exfutbolista y el exbeisbolista, Jared Borguetti y Oliver P\u00e9rez Mart\u00ednez, as\u00ed como el entrenador de ciclismo, Don H\u00e9ctor Avenda\u00f1o Le\u00f3n, son los tres nuevos inmortales que resultaron electos hoy para acceder al Sal\u00f3n de la Fama al M\u00e9rito Deportivo Culiac\u00e1n 2021, quienes ser\u00e1n entronizados el mi\u00e9rcoles 29 de septiembre en el marco [&hellip;]\" \/>\n<meta property=\"og:url\" content=\"https:\/\/fuentesfidedignas.com.mx\/index.php\/2021\/06\/26\/jared-borgueti-y-oliver-nuevos-inmortales-al-salon-de-la-fama-al-merito-deportivo-culiacan-2021\/\" \/>\n<meta property=\"og:site_name\" content=\"Fuentes Fidedignas\" \/>\n<meta property=\"article:publisher\" content=\"https:\/\/www.facebook.com\/Fuentes-Fidedignas-368234489921644\" \/>\n<meta property=\"article:published_time\" content=\"2021-06-26T23:28:02+00:00\" \/>\n<meta property=\"article:modified_time\" content=\"2021-06-26T23:29:47+00:00\" \/>\n<meta property=\"og:image\" content=\"https:\/\/fuentesfidedignas.com.mx\/wp-content\/uploads\/2021\/06\/IMG-20210627-WA0001.jpg\" \/>\n\t<meta property=\"og:image:width\" content=\"960\" \/>\n\t<meta property=\"og:image:height\" content=\"720\" \/>\n\t<meta property=\"og:image:type\" content=\"image\/jpeg\" \/>\n<meta name=\"author\" content=\"Redacci\u00f3n\" \/>\n<meta name=\"twitter:card\" content=\"summary_large_image\" \/>\n<meta name=\"twitter:creator\" content=\"@fidedignas\" \/>\n<meta name=\"twitter:site\" content=\"@fidedignas\" \/>\n<meta name=\"twitter:label1\" content=\"Escrito por\" \/>\n\t<meta name=\"twitter:data1\" content=\"Redacci\u00f3n\" \/>\n\t<meta name=\"twitter:label2\" content=\"Tiempo de lectura\" \/>\n\t<meta name=\"twitter:data2\" content=\"3 minutos\" \/>\n<script type=\"application\/ld+json\" class=\"yoast-schema-graph\">{\"@context\":\"https:\\\/\\\/schema.org\",\"@graph\":[{\"@type\":\"Article\",\"@id\":\"https:\\\/\\\/fuentesfidedignas.com.mx\\\/index.php\\\/2021\\\/06\\\/26\\\/jared-borgueti-y-oliver-nuevos-inmortales-al-salon-de-la-fama-al-merito-deportivo-culiacan-2021\\\/#article\",\"isPartOf\":{\"@id\":\"https:\\\/\\\/fuentesfidedignas.com.mx\\\/index.php\\\/2021\\\/06\\\/26\\\/jared-borgueti-y-oliver-nuevos-inmortales-al-salon-de-la-fama-al-merito-deportivo-culiacan-2021\\\/\"},\"author\":{\"name\":\"Redacci\u00f3n\",\"@id\":\"https:\\\/\\\/fuentesfidedignas.com.mx\\\/#\\\/schema\\\/person\\\/331be9283d37198e2acd5750279085b0\"},\"headline\":\"Jared Borgueti y Oliver, nuevos inmortales al Sal\u00f3n de la Fama al M\u00e9rito Deportivo Culiac\u00e1n 2021\",\"datePublished\":\"2021-06-26T23:28:02+00:00\",\"dateModified\":\"2021-06-26T23:29:47+00:00\",\"mainEntityOfPage\":{\"@id\":\"https:\\\/\\\/fuentesfidedignas.com.mx\\\/index.php\\\/2021\\\/06\\\/26\\\/jared-borgueti-y-oliver-nuevos-inmortales-al-salon-de-la-fama-al-merito-deportivo-culiacan-2021\\\/\"},\"wordCount\":720,\"commentCount\":0,\"publisher\":{\"@id\":\"https:\\\/\\\/fuentesfidedignas.com.mx\\\/#organization\"},\"image\":{\"@id\":\"https:\\\/\\\/fuentesfidedignas.com.mx\\\/index.php\\\/2021\\\/06\\\/26\\\/jared-borgueti-y-oliver-nuevos-inmortales-al-salon-de-la-fama-al-merito-deportivo-culiacan-2021\\\/#primaryimage\"},\"thumbnailUrl\":\"https:\\\/\\\/fuentesfidedignas.com.mx\\\/wp-content\\\/uploads\\\/2021\\\/06\\\/IMG-20210627-WA0001.jpg\",\"articleSection\":[\"NOTA PRINCIPAL\"],\"inLanguage\":\"es\",\"potentialAction\":[{\"@type\":\"CommentAction\",\"name\":\"Comment\",\"target\":[\"https:\\\/\\\/fuentesfidedignas.com.mx\\\/index.php\\\/2021\\\/06\\\/26\\\/jared-borgueti-y-oliver-nuevos-inmortales-al-salon-de-la-fama-al-merito-deportivo-culiacan-2021\\\/#respond\"]}]},{\"@type\":\"WebPage\",\"@id\":\"https:\\\/\\\/fuentesfidedignas.com.mx\\\/index.php\\\/2021\\\/06\\\/26\\\/jared-borgueti-y-oliver-nuevos-inmortales-al-salon-de-la-fama-al-merito-deportivo-culiacan-2021\\\/\",\"url\":\"https:\\\/\\\/fuentesfidedignas.com.mx\\\/index.php\\\/2021\\\/06\\\/26\\\/jared-borgueti-y-oliver-nuevos-inmortales-al-salon-de-la-fama-al-merito-deportivo-culiacan-2021\\\/\",\"name\":\"Jared Borgueti y Oliver, nuevos inmortales al Sal\u00f3n de la Fama al M\u00e9rito Deportivo Culiac\u00e1n 2021 - Fuentes Fidedignas\",\"isPartOf\":{\"@id\":\"https:\\\/\\\/fuentesfidedignas.com.mx\\\/#website\"},\"primaryImageOfPage\":{\"@id\":\"https:\\\/\\\/fuentesfidedignas.com.mx\\\/index.php\\\/2021\\\/06\\\/26\\\/jared-borgueti-y-oliver-nuevos-inmortales-al-salon-de-la-fama-al-merito-deportivo-culiacan-2021\\\/#primaryimage\"},\"image\":{\"@id\":\"https:\\\/\\\/fuentesfidedignas.com.mx\\\/index.php\\\/2021\\\/06\\\/26\\\/jared-borgueti-y-oliver-nuevos-inmortales-al-salon-de-la-fama-al-merito-deportivo-culiacan-2021\\\/#primaryimage\"},\"thumbnailUrl\":\"https:\\\/\\\/fuentesfidedignas.com.mx\\\/wp-content\\\/uploads\\\/2021\\\/06\\\/IMG-20210627-WA0001.jpg\",\"datePublished\":\"2021-06-26T23:28:02+00:00\",\"dateModified\":\"2021-06-26T23:29:47+00:00\",\"breadcrumb\":{\"@id\":\"https:\\\/\\\/fuentesfidedignas.com.mx\\\/index.php\\\/2021\\\/06\\\/26\\\/jared-borgueti-y-oliver-nuevos-inmortales-al-salon-de-la-fama-al-merito-deportivo-culiacan-2021\\\/#breadcrumb\"},\"inLanguage\":\"es\",\"potentialAction\":[{\"@type\":\"ReadAction\",\"target\":[\"https:\\\/\\\/fuentesfidedignas.com.mx\\\/index.php\\\/2021\\\/06\\\/26\\\/jared-borgueti-y-oliver-nuevos-inmortales-al-salon-de-la-fama-al-merito-deportivo-culiacan-2021\\\/\"]}]},{\"@type\":\"ImageObject\",\"inLanguage\":\"es\",\"@id\":\"https:\\\/\\\/fuentesfidedignas.com.mx\\\/index.php\\\/2021\\\/06\\\/26\\\/jared-borgueti-y-oliver-nuevos-inmortales-al-salon-de-la-fama-al-merito-deportivo-culiacan-2021\\\/#primaryimage\",\"url\":\"https:\\\/\\\/fuentesfidedignas.com.mx\\\/wp-content\\\/uploads\\\/2021\\\/06\\\/IMG-20210627-WA0001.jpg\",\"contentUrl\":\"https:\\\/\\\/fuentesfidedignas.com.mx\\\/wp-content\\\/uploads\\\/2021\\\/06\\\/IMG-20210627-WA0001.jpg\",\"width\":960,\"height\":720},{\"@type\":\"BreadcrumbList\",\"@id\":\"https:\\\/\\\/fuentesfidedignas.com.mx\\\/index.php\\\/2021\\\/06\\\/26\\\/jared-borgueti-y-oliver-nuevos-inmortales-al-salon-de-la-fama-al-merito-deportivo-culiacan-2021\\\/#breadcrumb\",\"itemListElement\":[{\"@type\":\"ListItem\",\"position\":1,\"name\":\"Inicio\",\"item\":\"https:\\\/\\\/fuentesfidedignas.com.mx\\\/\"},{\"@type\":\"ListItem\",\"position\":2,\"name\":\"Jared Borgueti y Oliver, nuevos inmortales al Sal\u00f3n de la Fama al M\u00e9rito Deportivo Culiac\u00e1n 2021\"}]},{\"@type\":\"WebSite\",\"@id\":\"https:\\\/\\\/fuentesfidedignas.com.mx\\\/#website\",\"url\":\"https:\\\/\\\/fuentesfidedignas.com.mx\\\/\",\"name\":\"Fuentes Fidedignas\",\"description\":\"Otro sitio realizado con WordPress\",\"publisher\":{\"@id\":\"https:\\\/\\\/fuentesfidedignas.com.mx\\\/#organization\"},\"potentialAction\":[{\"@type\":\"SearchAction\",\"target\":{\"@type\":\"EntryPoint\",\"urlTemplate\":\"https:\\\/\\\/fuentesfidedignas.com.mx\\\/?s={search_term_string}\"},\"query-input\":{\"@type\":\"PropertyValueSpecification\",\"valueRequired\":true,\"valueName\":\"search_term_string\"}}],\"inLanguage\":\"es\"},{\"@type\":\"Organization\",\"@id\":\"https:\\\/\\\/fuentesfidedignas.com.mx\\\/#organization\",\"name\":\"Fuentes Fidedignas\",\"url\":\"https:\\\/\\\/fuentesfidedignas.com.mx\\\/\",\"logo\":{\"@type\":\"ImageObject\",\"inLanguage\":\"es\",\"@id\":\"https:\\\/\\\/fuentesfidedignas.com.mx\\\/#\\\/schema\\\/logo\\\/image\\\/\",\"url\":\"https:\\\/\\\/fuentesfidedignas.com.mx\\\/wp-content\\\/uploads\\\/2021\\\/04\\\/logo-retina.png\",\"contentUrl\":\"https:\\\/\\\/fuentesfidedignas.com.mx\\\/wp-content\\\/uploads\\\/2021\\\/04\\\/logo-retina.png\",\"width\":280,\"height\":51,\"caption\":\"Fuentes Fidedignas\"},\"image\":{\"@id\":\"https:\\\/\\\/fuentesfidedignas.com.mx\\\/#\\\/schema\\\/logo\\\/image\\\/\"},\"sameAs\":[\"https:\\\/\\\/www.facebook.com\\\/Fuentes-Fidedignas-368234489921644\",\"https:\\\/\\\/x.com\\\/fidedignas\"]},{\"@type\":\"Person\",\"@id\":\"https:\\\/\\\/fuentesfidedignas.com.mx\\\/#\\\/schema\\\/person\\\/331be9283d37198e2acd5750279085b0\",\"name\":\"Redacci\u00f3n\",\"image\":{\"@type\":\"ImageObject\",\"inLanguage\":\"es\",\"@id\":\"https:\\\/\\\/secure.gravatar.com\\\/avatar\\\/f6d8782c11d12b2d4ad3fbb6931aeab5309937a4d6cd2fc9cfaa28a6396a5aec?s=96&d=mm&r=g\",\"url\":\"https:\\\/\\\/secure.gravatar.com\\\/avatar\\\/f6d8782c11d12b2d4ad3fbb6931aeab5309937a4d6cd2fc9cfaa28a6396a5aec?s=96&d=mm&r=g\",\"contentUrl\":\"https:\\\/\\\/secure.gravatar.com\\\/avatar\\\/f6d8782c11d12b2d4ad3fbb6931aeab5309937a4d6cd2fc9cfaa28a6396a5aec?s=96&d=mm&r=g\",\"caption\":\"Redacci\u00f3n\"},\"url\":\"https:\\\/\\\/fuentesfidedignas.com.mx\\\/index.php\\\/author\\\/redaccion\\\/\"}]}<\/script>\n<!-- \/ Yoast SEO plugin. -->","yoast_head_json":{"title":"Jared Borgueti y Oliver, nuevos inmortales al Sal\u00f3n de la Fama al M\u00e9rito Deportivo Culiac\u00e1n 2021 - Fuentes Fidedignas","robots":{"index":"index","follow":"follow","max-snippet":"max-snippet:-1","max-image-preview":"max-image-preview:large","max-video-preview":"max-video-preview:-1"},"canonical":"https:\/\/fuentesfidedignas.com.mx\/index.php\/2021\/06\/26\/jared-borgueti-y-oliver-nuevos-inmortales-al-salon-de-la-fama-al-merito-deportivo-culiacan-2021\/","og_locale":"es_MX","og_type":"article","og_title":"Jared Borgueti y Oliver, nuevos inmortales al Sal\u00f3n de la Fama al M\u00e9rito Deportivo Culiac\u00e1n 2021 - Fuentes Fidedignas","og_description":"Culiac\u00e1n, Sin.- El exfutbolista y el exbeisbolista, Jared Borguetti y Oliver P\u00e9rez Mart\u00ednez, as\u00ed como el entrenador de ciclismo, Don H\u00e9ctor Avenda\u00f1o Le\u00f3n, son los tres nuevos inmortales que resultaron electos hoy para acceder al Sal\u00f3n de la Fama al M\u00e9rito Deportivo Culiac\u00e1n 2021, quienes ser\u00e1n entronizados el mi\u00e9rcoles 29 de septiembre en el marco [&hellip;]","og_url":"https:\/\/fuentesfidedignas.com.mx\/index.php\/2021\/06\/26\/jared-borgueti-y-oliver-nuevos-inmortales-al-salon-de-la-fama-al-merito-deportivo-culiacan-2021\/","og_site_name":"Fuentes Fidedignas","article_publisher":"https:\/\/www.facebook.com\/Fuentes-Fidedignas-368234489921644","article_published_time":"2021-06-26T23:28:02+00:00","article_modified_time":"2021-06-26T23:29:47+00:00","og_image":[{"width":960,"height":720,"url":"https:\/\/fuentesfidedignas.com.mx\/wp-content\/uploads\/2021\/06\/IMG-20210627-WA0001.jpg","type":"image\/jpeg"}],"author":"Redacci\u00f3n","twitter_card":"summary_large_image","twitter_creator":"@fidedignas","twitter_site":"@fidedignas","twitter_misc":{"Escrito por":"Redacci\u00f3n","Tiempo de lectura":"3 minutos"},"schema":{"@context":"https:\/\/schema.org","@graph":[{"@type":"Article","@id":"https:\/\/fuentesfidedignas.com.mx\/index.php\/2021\/06\/26\/jared-borgueti-y-oliver-nuevos-inmortales-al-salon-de-la-fama-al-merito-deportivo-culiacan-2021\/#article","isPartOf":{"@id":"https:\/\/fuentesfidedignas.com.mx\/index.php\/2021\/06\/26\/jared-borgueti-y-oliver-nuevos-inmortales-al-salon-de-la-fama-al-merito-deportivo-culiacan-2021\/"},"author":{"name":"Redacci\u00f3n","@id":"https:\/\/fuentesfidedignas.com.mx\/#\/schema\/person\/331be9283d37198e2acd5750279085b0"},"headline":"Jared Borgueti y Oliver, nuevos inmortales al Sal\u00f3n de la Fama al M\u00e9rito Deportivo Culiac\u00e1n 2021","datePublished":"2021-06-26T23:28:02+00:00","dateModified":"2021-06-26T23:29:47+00:00","mainEntityOfPage":{"@id":"https:\/\/fuentesfidedignas.com.mx\/index.php\/2021\/06\/26\/jared-borgueti-y-oliver-nuevos-inmortales-al-salon-de-la-fama-al-merito-deportivo-culiacan-2021\/"},"wordCount":720,"commentCount":0,"publisher":{"@id":"https:\/\/fuentesfidedignas.com.mx\/#organization"},"image":{"@id":"https:\/\/fuentesfidedignas.com.mx\/index.php\/2021\/06\/26\/jared-borgueti-y-oliver-nuevos-inmortales-al-salon-de-la-fama-al-merito-deportivo-culiacan-2021\/#primaryimage"},"thumbnailUrl":"https:\/\/fuentesfidedignas.com.mx\/wp-content\/uploads\/2021\/06\/IMG-20210627-WA0001.jpg","articleSection":["NOTA PRINCIPAL"],"inLanguage":"es","potentialAction":[{"@type":"CommentAction","name":"Comment","target":["https:\/\/fuentesfidedignas.com.mx\/index.php\/2021\/06\/26\/jared-borgueti-y-oliver-nuevos-inmortales-al-salon-de-la-fama-al-merito-deportivo-culiacan-2021\/#respond"]}]},{"@type":"WebPage","@id":"https:\/\/fuentesfidedignas.com.mx\/index.php\/2021\/06\/26\/jared-borgueti-y-oliver-nuevos-inmortales-al-salon-de-la-fama-al-merito-deportivo-culiacan-2021\/","url":"https:\/\/fuentesfidedignas.com.mx\/index.php\/2021\/06\/26\/jared-borgueti-y-oliver-nuevos-inmortales-al-salon-de-la-fama-al-merito-deportivo-culiacan-2021\/","name":"Jared Borgueti y Oliver, nuevos inmortales al Sal\u00f3n de la Fama al M\u00e9rito Deportivo Culiac\u00e1n 2021 - Fuentes Fidedignas","isPartOf":{"@id":"https:\/\/fuentesfidedignas.com.mx\/#website"},"primaryImageOfPage":{"@id":"https:\/\/fuentesfidedignas.com.mx\/index.php\/2021\/06\/26\/jared-borgueti-y-oliver-nuevos-inmortales-al-salon-de-la-fama-al-merito-deportivo-culiacan-2021\/#primaryimage"},"image":{"@id":"https:\/\/fuentesfidedignas.com.mx\/index.php\/2021\/06\/26\/jared-borgueti-y-oliver-nuevos-inmortales-al-salon-de-la-fama-al-merito-deportivo-culiacan-2021\/#primaryimage"},"thumbnailUrl":"https:\/\/fuentesfidedignas.com.mx\/wp-content\/uploads\/2021\/06\/IMG-20210627-WA0001.jpg","datePublished":"2021-06-26T23:28:02+00:00","dateModified":"2021-06-26T23:29:47+00:00","breadcrumb":{"@id":"https:\/\/fuentesfidedignas.com.mx\/index.php\/2021\/06\/26\/jared-borgueti-y-oliver-nuevos-inmortales-al-salon-de-la-fama-al-merito-deportivo-culiacan-2021\/#breadcrumb"},"inLanguage":"es","potentialAction":[{"@type":"ReadAction","target":["https:\/\/fuentesfidedignas.com.mx\/index.php\/2021\/06\/26\/jared-borgueti-y-oliver-nuevos-inmortales-al-salon-de-la-fama-al-merito-deportivo-culiacan-2021\/"]}]},{"@type":"ImageObject","inLanguage":"es","@id":"https:\/\/fuentesfidedignas.com.mx\/index.php\/2021\/06\/26\/jared-borgueti-y-oliver-nuevos-inmortales-al-salon-de-la-fama-al-merito-deportivo-culiacan-2021\/#primaryimage","url":"https:\/\/fuentesfidedignas.com.mx\/wp-content\/uploads\/2021\/06\/IMG-20210627-WA0001.jpg","contentUrl":"https:\/\/fuentesfidedignas.com.mx\/wp-content\/uploads\/2021\/06\/IMG-20210627-WA0001.jpg","width":960,"height":720},{"@type":"BreadcrumbList","@id":"https:\/\/fuentesfidedignas.com.mx\/index.php\/2021\/06\/26\/jared-borgueti-y-oliver-nuevos-inmortales-al-salon-de-la-fama-al-merito-deportivo-culiacan-2021\/#breadcrumb","itemListElement":[{"@type":"ListItem","position":1,"name":"Inicio","item":"https:\/\/fuentesfidedignas.com.mx\/"},{"@type":"ListItem","position":2,"name":"Jared Borgueti y Oliver, nuevos inmortales al Sal\u00f3n de la Fama al M\u00e9rito Deportivo Culiac\u00e1n 2021"}]},{"@type":"WebSite","@id":"https:\/\/fuentesfidedignas.com.mx\/#website","url":"https:\/\/fuentesfidedignas.com.mx\/","name":"Fuentes Fidedignas","description":"Otro sitio realizado con WordPress","publisher":{"@id":"https:\/\/fuentesfidedignas.com.mx\/#organization"},"potentialAction":[{"@type":"SearchAction","target":{"@type":"EntryPoint","urlTemplate":"https:\/\/fuentesfidedignas.com.mx\/?s={search_term_string}"},"query-input":{"@type":"PropertyValueSpecification","valueRequired":true,"valueName":"search_term_string"}}],"inLanguage":"es"},{"@type":"Organization","@id":"https:\/\/fuentesfidedignas.com.mx\/#organization","name":"Fuentes Fidedignas","url":"https:\/\/fuentesfidedignas.com.mx\/","logo":{"@type":"ImageObject","inLanguage":"es","@id":"https:\/\/fuentesfidedignas.com.mx\/#\/schema\/logo\/image\/","url":"https:\/\/fuentesfidedignas.com.mx\/wp-content\/uploads\/2021\/04\/logo-retina.png","contentUrl":"https:\/\/fuentesfidedignas.com.mx\/wp-content\/uploads\/2021\/04\/logo-retina.png","width":280,"height":51,"caption":"Fuentes Fidedignas"},"image":{"@id":"https:\/\/fuentesfidedignas.com.mx\/#\/schema\/logo\/image\/"},"sameAs":["https:\/\/www.facebook.com\/Fuentes-Fidedignas-368234489921644","https:\/\/x.com\/fidedignas"]},{"@type":"Person","@id":"https:\/\/fuentesfidedignas.com.mx\/#\/schema\/person\/331be9283d37198e2acd5750279085b0","name":"Redacci\u00f3n","image":{"@type":"ImageObject","inLanguage":"es","@id":"https:\/\/secure.gravatar.com\/avatar\/f6d8782c11d12b2d4ad3fbb6931aeab5309937a4d6cd2fc9cfaa28a6396a5aec?s=96&d=mm&r=g","url":"https:\/\/secure.gravatar.com\/avatar\/f6d8782c11d12b2d4ad3fbb6931aeab5309937a4d6cd2fc9cfaa28a6396a5aec?s=96&d=mm&r=g","contentUrl":"https:\/\/secure.gravatar.com\/avatar\/f6d8782c11d12b2d4ad3fbb6931aeab5309937a4d6cd2fc9cfaa28a6396a5aec?s=96&d=mm&r=g","caption":"Redacci\u00f3n"},"url":"https:\/\/fuentesfidedignas.com.mx\/index.php\/author\/redaccion\/"}]}},"_links":{"self":[{"href":"https:\/\/fuentesfidedignas.com.mx\/index.php\/wp-json\/wp\/v2\/posts\/6018","targetHints":{"allow":["GET"]}}],"collection":[{"href":"https:\/\/fuentesfidedignas.com.mx\/index.php\/wp-json\/wp\/v2\/posts"}],"about":[{"href":"https:\/\/fuentesfidedignas.com.mx\/index.php\/wp-json\/wp\/v2\/types\/post"}],"author":[{"embeddable":true,"href":"https:\/\/fuentesfidedignas.com.mx\/index.php\/wp-json\/wp\/v2\/users\/4"}],"replies":[{"embeddable":true,"href":"https:\/\/fuentesfidedignas.com.mx\/index.php\/wp-json\/wp\/v2\/comments?post=6018"}],"version-history":[{"count":1,"href":"https:\/\/fuentesfidedignas.com.mx\/index.php\/wp-json\/wp\/v2\/posts\/6018\/revisions"}],"predecessor-version":[{"id":6020,"href":"https:\/\/fuentesfidedignas.com.mx\/index.php\/wp-json\/wp\/v2\/posts\/6018\/revisions\/6020"}],"wp:featuredmedia":[{"embeddable":true,"href":"https:\/\/fuentesfidedignas.com.mx\/index.php\/wp-json\/wp\/v2\/media\/6019"}],"wp:attachment":[{"href":"https:\/\/fuentesfidedignas.com.mx\/index.php\/wp-json\/wp\/v2\/media?parent=6018"}],"wp:term":[{"taxonomy":"category","embeddable":true,"href":"https:\/\/fuentesfidedignas.com.mx\/index.php\/wp-json\/wp\/v2\/categories?post=6018"},{"taxonomy":"post_tag","embeddable":true,"href":"https:\/\/fuentesfidedignas.com.mx\/index.php\/wp-json\/wp\/v2\/tags?post=6018"}],"curies":[{"name":"wp","href":"https:\/\/api.w.org\/{rel}","templated":true}]}}