{"id":60146,"date":"2023-09-24T18:02:56","date_gmt":"2023-09-25T01:02:56","guid":{"rendered":"https:\/\/fuentesfidedignas.com.mx\/?p=60146"},"modified":"2023-09-24T18:03:59","modified_gmt":"2023-09-25T01:03:59","slug":"la-iglesia-catolica-denuncia-el-control-de-regiones-en-chiapas-por-el-narcotrafico","status":"publish","type":"post","link":"https:\/\/fuentesfidedignas.com.mx\/index.php\/2023\/09\/24\/la-iglesia-catolica-denuncia-el-control-de-regiones-en-chiapas-por-el-narcotrafico\/","title":{"rendered":"La Iglesia Cat\u00f3lica denuncia el control de regiones en Chiapas por el narcotr\u00e1fico"},"content":{"rendered":"\n<p><strong><em>La Di\u00f3cesis de San Crist\u00f3bal de las Casas en Chiapas advierte sobre la creciente influencia de c\u00e1rteles de la droga en el estado, mientras videos de una caravana de sicarios en la regi\u00f3n suscitan indignaci\u00f3n en las redes sociales.<\/em><\/strong><\/p>\n\n\n\n<p>CHIAPAS.- C\u00e1rteles del narcotr\u00e1fico se han &#8220;apoderado&#8221; de regiones del estado mexicano de Chiapas ante la inacci\u00f3n de las autoridades, denunci\u00f3 la Iglesia Cat\u00f3lica, mientras el video de una caravana de sicarios desfilando ante pobladores de esa regi\u00f3n gener\u00f3 indignaci\u00f3n este domingo en redes sociales.<\/p>\n\n\n\n<p>&#8220;Nos encontramos en estado de sitio, en psicosis social, con narcobloqueos que usan como barrera humana a la sociedad civil&#8221;, se\u00f1al\u00f3 la Di\u00f3cesis de San Crist\u00f3bal de las Casas (Chiapas), en un comunicado divulgado el s\u00e1bado.<\/p>\n\n\n\n<p><strong>Caravana de sicarios en Chiapas<\/strong><br>Horas despu\u00e9s, se diseminaron en redes sociales videos donde se ve a unas 250 personas apostadas al lado de una carretera observando el paso de 15 ostentosas camionetas, artilladas y blindadas artesanalmente, y donde viajan hombres vestidos de comando y portando armas largas, mientras muchos los aplauden y celebran gritando &#8220;\u00a1Viva Sinaloa!&#8221;.<\/p>\n\n\n\n<p>Medios locales reportaron que el desfile es protagonizado por sicarios del C\u00e1rtel de Sinaloa y ocurri\u00f3 en la comunidad San Gregorio Chamic, en la sierra de Chiapas, muy cerca de la frontera con Guatemala.<\/p>\n\n\n\n<p>Ninguna autoridad estatal se manifest\u00f3 hasta el momento ante las denuncias de la Iglesia, ni por los videos.<\/p>\n\n\n\n<p><strong>Silencio de las autoridades<\/strong><br>&#8220;El silencio de las autoridades (\u2026) nos demuestra un Estado fallido y rebasado y\/o coludido con los grupos delincuenciales&#8221;, agrega la Di\u00f3cesis en el comunicado.<\/p>\n\n\n\n<p>En tanto, reclamos de pol\u00edticos de oposici\u00f3n, activistas de seguridad y derechos humanos y ciudadanos en general se desataron este domingo.<\/p>\n\n\n\n<p>&#8220;A plena luz del d\u00eda (\u2026) dan bienvenida al c\u00e1rtel de Sinaloa. (\u2026) Consecuencia del gobierno fallido ante el crimen organizado&#8221;, escribi\u00f3 en X (antes Twitter) el senador opositor Emilio \u00c1lvarez Icaza.<\/p>\n\n\n\n<p>La oficina en Chiapas del gremio empresarial Coparmex tambi\u00e9n denunci\u00f3 el s\u00e1bado que las desapariciones, extorsiones, bloqueo de v\u00edas y homicidios en la zona han afectado &#8220;la prestaci\u00f3n de servicios y oferta de bienes&#8221; y provocado otros perjuicios como la suspensi\u00f3n de clases.<\/p>\n\n\n\n<p>&#8220;Solicitamos (al gobierno) con car\u00e1cter de urgente un Programa de Acci\u00f3n Inmediata para fortalecer la seguridad en Chiapas, con \u00e9nfasis en la zona sierra&#8221;, se\u00f1al\u00f3 la Coparmex.<\/p>\n\n\n\n<p><strong>Disputa de territorios en Chiapas<\/strong><br>Los municipios serranos de Chiapas, fronterizos con Guatemala, son desde hace d\u00e9cadas pasos clave para el tr\u00e1fico de drogas, personas y mercanc\u00edas, y son disputados violentamente por los c\u00e1rteles de Sinaloa y Jalisco Nueva Generaci\u00f3n (CJNG), seg\u00fan datos de expertos.<\/p>\n\n\n\n<p>Tras a\u00f1os de dominio de la mafia sinaloense, el CJNG logr\u00f3 arrebatarle territorios, apoyado en la constituci\u00f3n de un brazo armado conocido como &#8220;El Ma\u00edz&#8221;, cuyos integrantes son en muchos casos enrolados bajo amenaza.<\/p>\n","protected":false},"excerpt":{"rendered":"<p>La Di\u00f3cesis de San Crist\u00f3bal de las Casas en Chiapas advierte sobre la creciente influencia de c\u00e1rteles de la droga en el estado, mientras videos de una caravana de sicarios en la regi\u00f3n suscitan indignaci\u00f3n en las redes sociales. CHIAPAS.- C\u00e1rteles del narcotr\u00e1fico se han &#8220;apoderado&#8221; de regiones del estado mexicano de Chiapas ante la [&hellip;]<\/p>\n","protected":false},"author":12,"featured_media":60147,"comment_status":"open","ping_status":"open","sticky":false,"template":"","format":"standard","meta":{"tdm_status":"","tdm_grid_status":"","footnotes":""},"categories":[39],"tags":[],"class_list":{"0":"post-60146","1":"post","2":"type-post","3":"status-publish","4":"format-standard","5":"has-post-thumbnail","7":"category-noticias-nacionales"},"yoast_head":"<!-- This site is optimized with the Yoast SEO plugin v27.5 - https:\/\/yoast.com\/product\/yoast-seo-wordpress\/ -->\n<title>La Iglesia Cat\u00f3lica denuncia el control de regiones en Chiapas por el narcotr\u00e1fico - Fuentes Fidedignas<\/title>\n<meta name=\"robots\" content=\"index, follow, max-snippet:-1, max-image-preview:large, max-video-preview:-1\" \/>\n<link rel=\"canonical\" href=\"https:\/\/fuentesfidedignas.com.mx\/index.php\/2023\/09\/24\/la-iglesia-catolica-denuncia-el-control-de-regiones-en-chiapas-por-el-narcotrafico\/\" \/>\n<meta property=\"og:locale\" content=\"es_MX\" \/>\n<meta property=\"og:type\" content=\"article\" \/>\n<meta property=\"og:title\" content=\"La Iglesia Cat\u00f3lica denuncia el control de regiones en Chiapas por el narcotr\u00e1fico - Fuentes Fidedignas\" \/>\n<meta property=\"og:description\" content=\"La Di\u00f3cesis de San Crist\u00f3bal de las Casas en Chiapas advierte sobre la creciente influencia de c\u00e1rteles de la droga en el estado, mientras videos de una caravana de sicarios en la regi\u00f3n suscitan indignaci\u00f3n en las redes sociales. CHIAPAS.- C\u00e1rteles del narcotr\u00e1fico se han &#8220;apoderado&#8221; de regiones del estado mexicano de Chiapas ante la [&hellip;]\" \/>\n<meta property=\"og:url\" content=\"https:\/\/fuentesfidedignas.com.mx\/index.php\/2023\/09\/24\/la-iglesia-catolica-denuncia-el-control-de-regiones-en-chiapas-por-el-narcotrafico\/\" \/>\n<meta property=\"og:site_name\" content=\"Fuentes Fidedignas\" \/>\n<meta property=\"article:publisher\" content=\"https:\/\/www.facebook.com\/Fuentes-Fidedignas-368234489921644\" \/>\n<meta property=\"article:published_time\" content=\"2023-09-25T01:02:56+00:00\" \/>\n<meta property=\"article:modified_time\" content=\"2023-09-25T01:03:59+00:00\" \/>\n<meta property=\"og:image\" content=\"https:\/\/fuentesfidedignas.com.mx\/wp-content\/uploads\/2023\/09\/PERSONAS_DESPLAZADAS.jpg\" \/>\n\t<meta property=\"og:image:width\" content=\"932\" \/>\n\t<meta property=\"og:image:height\" content=\"620\" \/>\n\t<meta property=\"og:image:type\" content=\"image\/jpeg\" \/>\n<meta name=\"author\" content=\"AFP\" \/>\n<meta name=\"twitter:card\" content=\"summary_large_image\" \/>\n<meta name=\"twitter:creator\" content=\"@fidedignas\" \/>\n<meta name=\"twitter:site\" content=\"@fidedignas\" \/>\n<meta name=\"twitter:label1\" content=\"Escrito por\" \/>\n\t<meta name=\"twitter:data1\" content=\"AFP\" \/>\n\t<meta name=\"twitter:label2\" content=\"Tiempo de lectura\" \/>\n\t<meta name=\"twitter:data2\" content=\"3 minutos\" \/>\n<script type=\"application\/ld+json\" class=\"yoast-schema-graph\">{\"@context\":\"https:\\\/\\\/schema.org\",\"@graph\":[{\"@type\":\"Article\",\"@id\":\"https:\\\/\\\/fuentesfidedignas.com.mx\\\/index.php\\\/2023\\\/09\\\/24\\\/la-iglesia-catolica-denuncia-el-control-de-regiones-en-chiapas-por-el-narcotrafico\\\/#article\",\"isPartOf\":{\"@id\":\"https:\\\/\\\/fuentesfidedignas.com.mx\\\/index.php\\\/2023\\\/09\\\/24\\\/la-iglesia-catolica-denuncia-el-control-de-regiones-en-chiapas-por-el-narcotrafico\\\/\"},\"author\":{\"name\":\"AFP\",\"@id\":\"https:\\\/\\\/fuentesfidedignas.com.mx\\\/#\\\/schema\\\/person\\\/1827b38c6cf89e1d6cc7d78ca3fae732\"},\"headline\":\"La Iglesia Cat\u00f3lica denuncia el control de regiones en Chiapas por el narcotr\u00e1fico\",\"datePublished\":\"2023-09-25T01:02:56+00:00\",\"dateModified\":\"2023-09-25T01:03:59+00:00\",\"mainEntityOfPage\":{\"@id\":\"https:\\\/\\\/fuentesfidedignas.com.mx\\\/index.php\\\/2023\\\/09\\\/24\\\/la-iglesia-catolica-denuncia-el-control-de-regiones-en-chiapas-por-el-narcotrafico\\\/\"},\"wordCount\":511,\"commentCount\":0,\"publisher\":{\"@id\":\"https:\\\/\\\/fuentesfidedignas.com.mx\\\/#organization\"},\"image\":{\"@id\":\"https:\\\/\\\/fuentesfidedignas.com.mx\\\/index.php\\\/2023\\\/09\\\/24\\\/la-iglesia-catolica-denuncia-el-control-de-regiones-en-chiapas-por-el-narcotrafico\\\/#primaryimage\"},\"thumbnailUrl\":\"https:\\\/\\\/fuentesfidedignas.com.mx\\\/wp-content\\\/uploads\\\/2023\\\/09\\\/PERSONAS_DESPLAZADAS.jpg\",\"articleSection\":[\"NOTICIAS NACIONALES\"],\"inLanguage\":\"es\",\"potentialAction\":[{\"@type\":\"CommentAction\",\"name\":\"Comment\",\"target\":[\"https:\\\/\\\/fuentesfidedignas.com.mx\\\/index.php\\\/2023\\\/09\\\/24\\\/la-iglesia-catolica-denuncia-el-control-de-regiones-en-chiapas-por-el-narcotrafico\\\/#respond\"]}]},{\"@type\":\"WebPage\",\"@id\":\"https:\\\/\\\/fuentesfidedignas.com.mx\\\/index.php\\\/2023\\\/09\\\/24\\\/la-iglesia-catolica-denuncia-el-control-de-regiones-en-chiapas-por-el-narcotrafico\\\/\",\"url\":\"https:\\\/\\\/fuentesfidedignas.com.mx\\\/index.php\\\/2023\\\/09\\\/24\\\/la-iglesia-catolica-denuncia-el-control-de-regiones-en-chiapas-por-el-narcotrafico\\\/\",\"name\":\"La Iglesia Cat\u00f3lica denuncia el control de regiones en Chiapas por el narcotr\u00e1fico - Fuentes Fidedignas\",\"isPartOf\":{\"@id\":\"https:\\\/\\\/fuentesfidedignas.com.mx\\\/#website\"},\"primaryImageOfPage\":{\"@id\":\"https:\\\/\\\/fuentesfidedignas.com.mx\\\/index.php\\\/2023\\\/09\\\/24\\\/la-iglesia-catolica-denuncia-el-control-de-regiones-en-chiapas-por-el-narcotrafico\\\/#primaryimage\"},\"image\":{\"@id\":\"https:\\\/\\\/fuentesfidedignas.com.mx\\\/index.php\\\/2023\\\/09\\\/24\\\/la-iglesia-catolica-denuncia-el-control-de-regiones-en-chiapas-por-el-narcotrafico\\\/#primaryimage\"},\"thumbnailUrl\":\"https:\\\/\\\/fuentesfidedignas.com.mx\\\/wp-content\\\/uploads\\\/2023\\\/09\\\/PERSONAS_DESPLAZADAS.jpg\",\"datePublished\":\"2023-09-25T01:02:56+00:00\",\"dateModified\":\"2023-09-25T01:03:59+00:00\",\"breadcrumb\":{\"@id\":\"https:\\\/\\\/fuentesfidedignas.com.mx\\\/index.php\\\/2023\\\/09\\\/24\\\/la-iglesia-catolica-denuncia-el-control-de-regiones-en-chiapas-por-el-narcotrafico\\\/#breadcrumb\"},\"inLanguage\":\"es\",\"potentialAction\":[{\"@type\":\"ReadAction\",\"target\":[\"https:\\\/\\\/fuentesfidedignas.com.mx\\\/index.php\\\/2023\\\/09\\\/24\\\/la-iglesia-catolica-denuncia-el-control-de-regiones-en-chiapas-por-el-narcotrafico\\\/\"]}]},{\"@type\":\"ImageObject\",\"inLanguage\":\"es\",\"@id\":\"https:\\\/\\\/fuentesfidedignas.com.mx\\\/index.php\\\/2023\\\/09\\\/24\\\/la-iglesia-catolica-denuncia-el-control-de-regiones-en-chiapas-por-el-narcotrafico\\\/#primaryimage\",\"url\":\"https:\\\/\\\/fuentesfidedignas.com.mx\\\/wp-content\\\/uploads\\\/2023\\\/09\\\/PERSONAS_DESPLAZADAS.jpg\",\"contentUrl\":\"https:\\\/\\\/fuentesfidedignas.com.mx\\\/wp-content\\\/uploads\\\/2023\\\/09\\\/PERSONAS_DESPLAZADAS.jpg\",\"width\":932,\"height\":620},{\"@type\":\"BreadcrumbList\",\"@id\":\"https:\\\/\\\/fuentesfidedignas.com.mx\\\/index.php\\\/2023\\\/09\\\/24\\\/la-iglesia-catolica-denuncia-el-control-de-regiones-en-chiapas-por-el-narcotrafico\\\/#breadcrumb\",\"itemListElement\":[{\"@type\":\"ListItem\",\"position\":1,\"name\":\"Inicio\",\"item\":\"https:\\\/\\\/fuentesfidedignas.com.mx\\\/\"},{\"@type\":\"ListItem\",\"position\":2,\"name\":\"La Iglesia Cat\u00f3lica denuncia el control de regiones en Chiapas por el narcotr\u00e1fico\"}]},{\"@type\":\"WebSite\",\"@id\":\"https:\\\/\\\/fuentesfidedignas.com.mx\\\/#website\",\"url\":\"https:\\\/\\\/fuentesfidedignas.com.mx\\\/\",\"name\":\"Fuentes Fidedignas\",\"description\":\"Otro sitio realizado con WordPress\",\"publisher\":{\"@id\":\"https:\\\/\\\/fuentesfidedignas.com.mx\\\/#organization\"},\"potentialAction\":[{\"@type\":\"SearchAction\",\"target\":{\"@type\":\"EntryPoint\",\"urlTemplate\":\"https:\\\/\\\/fuentesfidedignas.com.mx\\\/?s={search_term_string}\"},\"query-input\":{\"@type\":\"PropertyValueSpecification\",\"valueRequired\":true,\"valueName\":\"search_term_string\"}}],\"inLanguage\":\"es\"},{\"@type\":\"Organization\",\"@id\":\"https:\\\/\\\/fuentesfidedignas.com.mx\\\/#organization\",\"name\":\"Fuentes Fidedignas\",\"url\":\"https:\\\/\\\/fuentesfidedignas.com.mx\\\/\",\"logo\":{\"@type\":\"ImageObject\",\"inLanguage\":\"es\",\"@id\":\"https:\\\/\\\/fuentesfidedignas.com.mx\\\/#\\\/schema\\\/logo\\\/image\\\/\",\"url\":\"https:\\\/\\\/fuentesfidedignas.com.mx\\\/wp-content\\\/uploads\\\/2021\\\/04\\\/logo-retina.png\",\"contentUrl\":\"https:\\\/\\\/fuentesfidedignas.com.mx\\\/wp-content\\\/uploads\\\/2021\\\/04\\\/logo-retina.png\",\"width\":280,\"height\":51,\"caption\":\"Fuentes Fidedignas\"},\"image\":{\"@id\":\"https:\\\/\\\/fuentesfidedignas.com.mx\\\/#\\\/schema\\\/logo\\\/image\\\/\"},\"sameAs\":[\"https:\\\/\\\/www.facebook.com\\\/Fuentes-Fidedignas-368234489921644\",\"https:\\\/\\\/x.com\\\/fidedignas\"]},{\"@type\":\"Person\",\"@id\":\"https:\\\/\\\/fuentesfidedignas.com.mx\\\/#\\\/schema\\\/person\\\/1827b38c6cf89e1d6cc7d78ca3fae732\",\"name\":\"AFP\",\"image\":{\"@type\":\"ImageObject\",\"inLanguage\":\"es\",\"@id\":\"https:\\\/\\\/secure.gravatar.com\\\/avatar\\\/236827d2ee9bf15e1ea99e0c1cd1b467cffa55e324d177638d0f8de7950cbae6?s=96&d=mm&r=g\",\"url\":\"https:\\\/\\\/secure.gravatar.com\\\/avatar\\\/236827d2ee9bf15e1ea99e0c1cd1b467cffa55e324d177638d0f8de7950cbae6?s=96&d=mm&r=g\",\"contentUrl\":\"https:\\\/\\\/secure.gravatar.com\\\/avatar\\\/236827d2ee9bf15e1ea99e0c1cd1b467cffa55e324d177638d0f8de7950cbae6?s=96&d=mm&r=g\",\"caption\":\"AFP\"},\"url\":\"https:\\\/\\\/fuentesfidedignas.com.mx\\\/index.php\\\/author\\\/afp\\\/\"}]}<\/script>\n<!-- \/ Yoast SEO plugin. -->","yoast_head_json":{"title":"La Iglesia Cat\u00f3lica denuncia el control de regiones en Chiapas por el narcotr\u00e1fico - Fuentes Fidedignas","robots":{"index":"index","follow":"follow","max-snippet":"max-snippet:-1","max-image-preview":"max-image-preview:large","max-video-preview":"max-video-preview:-1"},"canonical":"https:\/\/fuentesfidedignas.com.mx\/index.php\/2023\/09\/24\/la-iglesia-catolica-denuncia-el-control-de-regiones-en-chiapas-por-el-narcotrafico\/","og_locale":"es_MX","og_type":"article","og_title":"La Iglesia Cat\u00f3lica denuncia el control de regiones en Chiapas por el narcotr\u00e1fico - Fuentes Fidedignas","og_description":"La Di\u00f3cesis de San Crist\u00f3bal de las Casas en Chiapas advierte sobre la creciente influencia de c\u00e1rteles de la droga en el estado, mientras videos de una caravana de sicarios en la regi\u00f3n suscitan indignaci\u00f3n en las redes sociales. CHIAPAS.- C\u00e1rteles del narcotr\u00e1fico se han &#8220;apoderado&#8221; de regiones del estado mexicano de Chiapas ante la [&hellip;]","og_url":"https:\/\/fuentesfidedignas.com.mx\/index.php\/2023\/09\/24\/la-iglesia-catolica-denuncia-el-control-de-regiones-en-chiapas-por-el-narcotrafico\/","og_site_name":"Fuentes Fidedignas","article_publisher":"https:\/\/www.facebook.com\/Fuentes-Fidedignas-368234489921644","article_published_time":"2023-09-25T01:02:56+00:00","article_modified_time":"2023-09-25T01:03:59+00:00","og_image":[{"width":932,"height":620,"url":"https:\/\/fuentesfidedignas.com.mx\/wp-content\/uploads\/2023\/09\/PERSONAS_DESPLAZADAS.jpg","type":"image\/jpeg"}],"author":"AFP","twitter_card":"summary_large_image","twitter_creator":"@fidedignas","twitter_site":"@fidedignas","twitter_misc":{"Escrito por":"AFP","Tiempo de lectura":"3 minutos"},"schema":{"@context":"https:\/\/schema.org","@graph":[{"@type":"Article","@id":"https:\/\/fuentesfidedignas.com.mx\/index.php\/2023\/09\/24\/la-iglesia-catolica-denuncia-el-control-de-regiones-en-chiapas-por-el-narcotrafico\/#article","isPartOf":{"@id":"https:\/\/fuentesfidedignas.com.mx\/index.php\/2023\/09\/24\/la-iglesia-catolica-denuncia-el-control-de-regiones-en-chiapas-por-el-narcotrafico\/"},"author":{"name":"AFP","@id":"https:\/\/fuentesfidedignas.com.mx\/#\/schema\/person\/1827b38c6cf89e1d6cc7d78ca3fae732"},"headline":"La Iglesia Cat\u00f3lica denuncia el control de regiones en Chiapas por el narcotr\u00e1fico","datePublished":"2023-09-25T01:02:56+00:00","dateModified":"2023-09-25T01:03:59+00:00","mainEntityOfPage":{"@id":"https:\/\/fuentesfidedignas.com.mx\/index.php\/2023\/09\/24\/la-iglesia-catolica-denuncia-el-control-de-regiones-en-chiapas-por-el-narcotrafico\/"},"wordCount":511,"commentCount":0,"publisher":{"@id":"https:\/\/fuentesfidedignas.com.mx\/#organization"},"image":{"@id":"https:\/\/fuentesfidedignas.com.mx\/index.php\/2023\/09\/24\/la-iglesia-catolica-denuncia-el-control-de-regiones-en-chiapas-por-el-narcotrafico\/#primaryimage"},"thumbnailUrl":"https:\/\/fuentesfidedignas.com.mx\/wp-content\/uploads\/2023\/09\/PERSONAS_DESPLAZADAS.jpg","articleSection":["NOTICIAS NACIONALES"],"inLanguage":"es","potentialAction":[{"@type":"CommentAction","name":"Comment","target":["https:\/\/fuentesfidedignas.com.mx\/index.php\/2023\/09\/24\/la-iglesia-catolica-denuncia-el-control-de-regiones-en-chiapas-por-el-narcotrafico\/#respond"]}]},{"@type":"WebPage","@id":"https:\/\/fuentesfidedignas.com.mx\/index.php\/2023\/09\/24\/la-iglesia-catolica-denuncia-el-control-de-regiones-en-chiapas-por-el-narcotrafico\/","url":"https:\/\/fuentesfidedignas.com.mx\/index.php\/2023\/09\/24\/la-iglesia-catolica-denuncia-el-control-de-regiones-en-chiapas-por-el-narcotrafico\/","name":"La Iglesia Cat\u00f3lica denuncia el control de regiones en Chiapas por el narcotr\u00e1fico - Fuentes Fidedignas","isPartOf":{"@id":"https:\/\/fuentesfidedignas.com.mx\/#website"},"primaryImageOfPage":{"@id":"https:\/\/fuentesfidedignas.com.mx\/index.php\/2023\/09\/24\/la-iglesia-catolica-denuncia-el-control-de-regiones-en-chiapas-por-el-narcotrafico\/#primaryimage"},"image":{"@id":"https:\/\/fuentesfidedignas.com.mx\/index.php\/2023\/09\/24\/la-iglesia-catolica-denuncia-el-control-de-regiones-en-chiapas-por-el-narcotrafico\/#primaryimage"},"thumbnailUrl":"https:\/\/fuentesfidedignas.com.mx\/wp-content\/uploads\/2023\/09\/PERSONAS_DESPLAZADAS.jpg","datePublished":"2023-09-25T01:02:56+00:00","dateModified":"2023-09-25T01:03:59+00:00","breadcrumb":{"@id":"https:\/\/fuentesfidedignas.com.mx\/index.php\/2023\/09\/24\/la-iglesia-catolica-denuncia-el-control-de-regiones-en-chiapas-por-el-narcotrafico\/#breadcrumb"},"inLanguage":"es","potentialAction":[{"@type":"ReadAction","target":["https:\/\/fuentesfidedignas.com.mx\/index.php\/2023\/09\/24\/la-iglesia-catolica-denuncia-el-control-de-regiones-en-chiapas-por-el-narcotrafico\/"]}]},{"@type":"ImageObject","inLanguage":"es","@id":"https:\/\/fuentesfidedignas.com.mx\/index.php\/2023\/09\/24\/la-iglesia-catolica-denuncia-el-control-de-regiones-en-chiapas-por-el-narcotrafico\/#primaryimage","url":"https:\/\/fuentesfidedignas.com.mx\/wp-content\/uploads\/2023\/09\/PERSONAS_DESPLAZADAS.jpg","contentUrl":"https:\/\/fuentesfidedignas.com.mx\/wp-content\/uploads\/2023\/09\/PERSONAS_DESPLAZADAS.jpg","width":932,"height":620},{"@type":"BreadcrumbList","@id":"https:\/\/fuentesfidedignas.com.mx\/index.php\/2023\/09\/24\/la-iglesia-catolica-denuncia-el-control-de-regiones-en-chiapas-por-el-narcotrafico\/#breadcrumb","itemListElement":[{"@type":"ListItem","position":1,"name":"Inicio","item":"https:\/\/fuentesfidedignas.com.mx\/"},{"@type":"ListItem","position":2,"name":"La Iglesia Cat\u00f3lica denuncia el control de regiones en Chiapas por el narcotr\u00e1fico"}]},{"@type":"WebSite","@id":"https:\/\/fuentesfidedignas.com.mx\/#website","url":"https:\/\/fuentesfidedignas.com.mx\/","name":"Fuentes Fidedignas","description":"Otro sitio realizado con WordPress","publisher":{"@id":"https:\/\/fuentesfidedignas.com.mx\/#organization"},"potentialAction":[{"@type":"SearchAction","target":{"@type":"EntryPoint","urlTemplate":"https:\/\/fuentesfidedignas.com.mx\/?s={search_term_string}"},"query-input":{"@type":"PropertyValueSpecification","valueRequired":true,"valueName":"search_term_string"}}],"inLanguage":"es"},{"@type":"Organization","@id":"https:\/\/fuentesfidedignas.com.mx\/#organization","name":"Fuentes Fidedignas","url":"https:\/\/fuentesfidedignas.com.mx\/","logo":{"@type":"ImageObject","inLanguage":"es","@id":"https:\/\/fuentesfidedignas.com.mx\/#\/schema\/logo\/image\/","url":"https:\/\/fuentesfidedignas.com.mx\/wp-content\/uploads\/2021\/04\/logo-retina.png","contentUrl":"https:\/\/fuentesfidedignas.com.mx\/wp-content\/uploads\/2021\/04\/logo-retina.png","width":280,"height":51,"caption":"Fuentes Fidedignas"},"image":{"@id":"https:\/\/fuentesfidedignas.com.mx\/#\/schema\/logo\/image\/"},"sameAs":["https:\/\/www.facebook.com\/Fuentes-Fidedignas-368234489921644","https:\/\/x.com\/fidedignas"]},{"@type":"Person","@id":"https:\/\/fuentesfidedignas.com.mx\/#\/schema\/person\/1827b38c6cf89e1d6cc7d78ca3fae732","name":"AFP","image":{"@type":"ImageObject","inLanguage":"es","@id":"https:\/\/secure.gravatar.com\/avatar\/236827d2ee9bf15e1ea99e0c1cd1b467cffa55e324d177638d0f8de7950cbae6?s=96&d=mm&r=g","url":"https:\/\/secure.gravatar.com\/avatar\/236827d2ee9bf15e1ea99e0c1cd1b467cffa55e324d177638d0f8de7950cbae6?s=96&d=mm&r=g","contentUrl":"https:\/\/secure.gravatar.com\/avatar\/236827d2ee9bf15e1ea99e0c1cd1b467cffa55e324d177638d0f8de7950cbae6?s=96&d=mm&r=g","caption":"AFP"},"url":"https:\/\/fuentesfidedignas.com.mx\/index.php\/author\/afp\/"}]}},"_links":{"self":[{"href":"https:\/\/fuentesfidedignas.com.mx\/index.php\/wp-json\/wp\/v2\/posts\/60146","targetHints":{"allow":["GET"]}}],"collection":[{"href":"https:\/\/fuentesfidedignas.com.mx\/index.php\/wp-json\/wp\/v2\/posts"}],"about":[{"href":"https:\/\/fuentesfidedignas.com.mx\/index.php\/wp-json\/wp\/v2\/types\/post"}],"author":[{"embeddable":true,"href":"https:\/\/fuentesfidedignas.com.mx\/index.php\/wp-json\/wp\/v2\/users\/12"}],"replies":[{"embeddable":true,"href":"https:\/\/fuentesfidedignas.com.mx\/index.php\/wp-json\/wp\/v2\/comments?post=60146"}],"version-history":[{"count":1,"href":"https:\/\/fuentesfidedignas.com.mx\/index.php\/wp-json\/wp\/v2\/posts\/60146\/revisions"}],"predecessor-version":[{"id":60148,"href":"https:\/\/fuentesfidedignas.com.mx\/index.php\/wp-json\/wp\/v2\/posts\/60146\/revisions\/60148"}],"wp:featuredmedia":[{"embeddable":true,"href":"https:\/\/fuentesfidedignas.com.mx\/index.php\/wp-json\/wp\/v2\/media\/60147"}],"wp:attachment":[{"href":"https:\/\/fuentesfidedignas.com.mx\/index.php\/wp-json\/wp\/v2\/media?parent=60146"}],"wp:term":[{"taxonomy":"category","embeddable":true,"href":"https:\/\/fuentesfidedignas.com.mx\/index.php\/wp-json\/wp\/v2\/categories?post=60146"},{"taxonomy":"post_tag","embeddable":true,"href":"https:\/\/fuentesfidedignas.com.mx\/index.php\/wp-json\/wp\/v2\/tags?post=60146"}],"curies":[{"name":"wp","href":"https:\/\/api.w.org\/{rel}","templated":true}]}}