{"id":60108,"date":"2023-09-23T14:53:37","date_gmt":"2023-09-23T21:53:37","guid":{"rendered":"https:\/\/fuentesfidedignas.com.mx\/?p=60108"},"modified":"2023-09-23T14:54:26","modified_gmt":"2023-09-23T21:54:26","slug":"movimiento-ciudadano-definira-hasta-enero-la-candidatura-presidencial","status":"publish","type":"post","link":"https:\/\/fuentesfidedignas.com.mx\/index.php\/2023\/09\/23\/movimiento-ciudadano-definira-hasta-enero-la-candidatura-presidencial\/","title":{"rendered":"Movimiento Ciudadano definir\u00e1 hasta enero la candidatura presidencial"},"content":{"rendered":"\n<p><strong><em>Dante Delgado, dirigente nacional de Movimiento Ciudadano, reiter\u00f3 que su partido ganar\u00e1 la Presidencia de la Rep\u00fablica en el 2024<\/em><\/strong><\/p>\n\n\n\n<p>Ciudad de M\u00e9xico. Dante Delgado, dirigente nacional de Movimiento Ciudadano, detall\u00f3 que ser\u00e1 hasta el 20 enero de 2024 cuando el partido naranja defina a su candidato a la Presidencia.<\/p>\n\n\n\n<p>Al asistir al Segundo Informe del alcalde de Monterrey, Luis Donaldo Colosio, el dirigente nacional de Movimiento Ciudadano apunt\u00f3 que ser\u00e1 una asamblea.<\/p>\n\n\n\n<p>\u201cLa campa\u00f1a empezar\u00e1 el d\u00eda 3 de marzo, hay tiempo suficiente, y adem\u00e1s lo he dicho antes y lo quiero reiterar hoy desde la ciudad de Monterrey: Movimiento Ciudadano ganar\u00e1 la Presidencia de la Rep\u00fablica el pr\u00f3ximo a\u00f1o\u201d, indic\u00f3.<\/p>\n\n\n\n<p>Delgado Rannauro detall\u00f3 los tiempos que tiene contemplados su partido de cara al pr\u00f3ximo proceso federal electoral.<\/p>\n\n\n\n<p>\u201cQuiero recordarles que apenas hace dos semanas se instal\u00f3 el Consejo General que dio inicio el proceso electoral, de tal suerte que nosotros notificaremos en el mes de octubre al Consejo General la convocatoria que vamos a aprobar el pr\u00f3ximo viernes 29 y esto nos podr\u00e1 dar oportunidad de que se puedan registrar las y los aspirantes a los diferentes cargos\u201d, manifest\u00f3<\/p>\n\n\n\n<blockquote class=\"wp-block-quote is-layout-flow wp-block-quote-is-layout-flow\">\n<p>Adem\u00e1s iniciar, en t\u00e9rminos de la ley, el 20 de noviembre las precampa\u00f1as que duran 60 d\u00edas, y despu\u00e9s de esos 60 d\u00edas de precampa\u00f1a, Movimiento Ciudadano tendr\u00e1, seguramente el 20 de enero la Asamblea Electoral Nacional donde se nombrar\u00e1 al candidato a Presidente\u201d, subray\u00f3.<\/p>\n<\/blockquote>\n\n\n\n<p>Tambi\u00e9n se refiri\u00f3 a las aspiraciones del gobernador de\u00a0<strong>Nuevo Le\u00f3n, Samuel Garc\u00eda<\/strong>, de quien apunt\u00f3 que lo ve en pleno ejercicio de sus derechos.<\/p>\n\n\n\n<p>\u201cYo lo veo como un ciudadano que est\u00e1 en pleno ejercicio de sus derechos pol\u00edticos (\u2026) Movimiento Ciudadano todav\u00eda no tiene candidatura, as\u00ed que si hay buen reconocimiento, es bueno para empezar\u201d, argument\u00f3.<\/p>\n\n\n\n<p><\/p>\n","protected":false},"excerpt":{"rendered":"<p>Dante Delgado, dirigente nacional de Movimiento Ciudadano, reiter\u00f3 que su partido ganar\u00e1 la Presidencia de la Rep\u00fablica en el 2024 Ciudad de M\u00e9xico. Dante Delgado, dirigente nacional de Movimiento Ciudadano, detall\u00f3 que ser\u00e1 hasta el 20 enero de 2024 cuando el partido naranja defina a su candidato a la Presidencia. Al asistir al Segundo Informe [&hellip;]<\/p>\n","protected":false},"author":47,"featured_media":60110,"comment_status":"open","ping_status":"open","sticky":false,"template":"","format":"standard","meta":{"tdm_status":"","tdm_grid_status":"","footnotes":""},"categories":[39],"tags":[],"class_list":{"0":"post-60108","1":"post","2":"type-post","3":"status-publish","4":"format-standard","5":"has-post-thumbnail","7":"category-noticias-nacionales"},"yoast_head":"<!-- This site is optimized with the Yoast SEO plugin v27.5 - https:\/\/yoast.com\/product\/yoast-seo-wordpress\/ -->\n<title>Movimiento Ciudadano definir\u00e1 hasta enero la candidatura presidencial - Fuentes Fidedignas<\/title>\n<meta name=\"robots\" content=\"index, follow, max-snippet:-1, max-image-preview:large, max-video-preview:-1\" \/>\n<link rel=\"canonical\" href=\"https:\/\/fuentesfidedignas.com.mx\/index.php\/2023\/09\/23\/movimiento-ciudadano-definira-hasta-enero-la-candidatura-presidencial\/\" \/>\n<meta property=\"og:locale\" content=\"es_MX\" \/>\n<meta property=\"og:type\" content=\"article\" \/>\n<meta property=\"og:title\" content=\"Movimiento Ciudadano definir\u00e1 hasta enero la candidatura presidencial - Fuentes Fidedignas\" \/>\n<meta property=\"og:description\" content=\"Dante Delgado, dirigente nacional de Movimiento Ciudadano, reiter\u00f3 que su partido ganar\u00e1 la Presidencia de la Rep\u00fablica en el 2024 Ciudad de M\u00e9xico. Dante Delgado, dirigente nacional de Movimiento Ciudadano, detall\u00f3 que ser\u00e1 hasta el 20 enero de 2024 cuando el partido naranja defina a su candidato a la Presidencia. Al asistir al Segundo Informe [&hellip;]\" \/>\n<meta property=\"og:url\" content=\"https:\/\/fuentesfidedignas.com.mx\/index.php\/2023\/09\/23\/movimiento-ciudadano-definira-hasta-enero-la-candidatura-presidencial\/\" \/>\n<meta property=\"og:site_name\" content=\"Fuentes Fidedignas\" \/>\n<meta property=\"article:publisher\" content=\"https:\/\/www.facebook.com\/Fuentes-Fidedignas-368234489921644\" \/>\n<meta property=\"article:published_time\" content=\"2023-09-23T21:53:37+00:00\" \/>\n<meta property=\"article:modified_time\" content=\"2023-09-23T21:54:26+00:00\" \/>\n<meta property=\"og:image\" content=\"https:\/\/fuentesfidedignas.com.mx\/wp-content\/uploads\/2023\/09\/dante-delgado-movimiento-ciudadano.jpg\" \/>\n\t<meta property=\"og:image:width\" content=\"1024\" \/>\n\t<meta property=\"og:image:height\" content=\"683\" \/>\n\t<meta property=\"og:image:type\" content=\"image\/jpeg\" \/>\n<meta name=\"author\" content=\"L\u00f3pez D\u00f3riga\" \/>\n<meta name=\"twitter:card\" content=\"summary_large_image\" \/>\n<meta name=\"twitter:creator\" content=\"@fidedignas\" \/>\n<meta name=\"twitter:site\" content=\"@fidedignas\" \/>\n<meta name=\"twitter:label1\" content=\"Escrito por\" \/>\n\t<meta name=\"twitter:data1\" content=\"L\u00f3pez D\u00f3riga\" \/>\n\t<meta name=\"twitter:label2\" content=\"Tiempo de lectura\" \/>\n\t<meta name=\"twitter:data2\" content=\"2 minutos\" \/>\n<script type=\"application\/ld+json\" class=\"yoast-schema-graph\">{\"@context\":\"https:\\\/\\\/schema.org\",\"@graph\":[{\"@type\":\"Article\",\"@id\":\"https:\\\/\\\/fuentesfidedignas.com.mx\\\/index.php\\\/2023\\\/09\\\/23\\\/movimiento-ciudadano-definira-hasta-enero-la-candidatura-presidencial\\\/#article\",\"isPartOf\":{\"@id\":\"https:\\\/\\\/fuentesfidedignas.com.mx\\\/index.php\\\/2023\\\/09\\\/23\\\/movimiento-ciudadano-definira-hasta-enero-la-candidatura-presidencial\\\/\"},\"author\":{\"name\":\"L\u00f3pez D\u00f3riga\",\"@id\":\"https:\\\/\\\/fuentesfidedignas.com.mx\\\/#\\\/schema\\\/person\\\/67d852f0557c8509146a4b9ddebd543a\"},\"headline\":\"Movimiento Ciudadano definir\u00e1 hasta enero la candidatura presidencial\",\"datePublished\":\"2023-09-23T21:53:37+00:00\",\"dateModified\":\"2023-09-23T21:54:26+00:00\",\"mainEntityOfPage\":{\"@id\":\"https:\\\/\\\/fuentesfidedignas.com.mx\\\/index.php\\\/2023\\\/09\\\/23\\\/movimiento-ciudadano-definira-hasta-enero-la-candidatura-presidencial\\\/\"},\"wordCount\":314,\"commentCount\":0,\"publisher\":{\"@id\":\"https:\\\/\\\/fuentesfidedignas.com.mx\\\/#organization\"},\"image\":{\"@id\":\"https:\\\/\\\/fuentesfidedignas.com.mx\\\/index.php\\\/2023\\\/09\\\/23\\\/movimiento-ciudadano-definira-hasta-enero-la-candidatura-presidencial\\\/#primaryimage\"},\"thumbnailUrl\":\"https:\\\/\\\/fuentesfidedignas.com.mx\\\/wp-content\\\/uploads\\\/2023\\\/09\\\/dante-delgado-movimiento-ciudadano.jpg\",\"articleSection\":[\"NOTICIAS NACIONALES\"],\"inLanguage\":\"es\",\"potentialAction\":[{\"@type\":\"CommentAction\",\"name\":\"Comment\",\"target\":[\"https:\\\/\\\/fuentesfidedignas.com.mx\\\/index.php\\\/2023\\\/09\\\/23\\\/movimiento-ciudadano-definira-hasta-enero-la-candidatura-presidencial\\\/#respond\"]}]},{\"@type\":\"WebPage\",\"@id\":\"https:\\\/\\\/fuentesfidedignas.com.mx\\\/index.php\\\/2023\\\/09\\\/23\\\/movimiento-ciudadano-definira-hasta-enero-la-candidatura-presidencial\\\/\",\"url\":\"https:\\\/\\\/fuentesfidedignas.com.mx\\\/index.php\\\/2023\\\/09\\\/23\\\/movimiento-ciudadano-definira-hasta-enero-la-candidatura-presidencial\\\/\",\"name\":\"Movimiento Ciudadano definir\u00e1 hasta enero la candidatura presidencial - Fuentes Fidedignas\",\"isPartOf\":{\"@id\":\"https:\\\/\\\/fuentesfidedignas.com.mx\\\/#website\"},\"primaryImageOfPage\":{\"@id\":\"https:\\\/\\\/fuentesfidedignas.com.mx\\\/index.php\\\/2023\\\/09\\\/23\\\/movimiento-ciudadano-definira-hasta-enero-la-candidatura-presidencial\\\/#primaryimage\"},\"image\":{\"@id\":\"https:\\\/\\\/fuentesfidedignas.com.mx\\\/index.php\\\/2023\\\/09\\\/23\\\/movimiento-ciudadano-definira-hasta-enero-la-candidatura-presidencial\\\/#primaryimage\"},\"thumbnailUrl\":\"https:\\\/\\\/fuentesfidedignas.com.mx\\\/wp-content\\\/uploads\\\/2023\\\/09\\\/dante-delgado-movimiento-ciudadano.jpg\",\"datePublished\":\"2023-09-23T21:53:37+00:00\",\"dateModified\":\"2023-09-23T21:54:26+00:00\",\"breadcrumb\":{\"@id\":\"https:\\\/\\\/fuentesfidedignas.com.mx\\\/index.php\\\/2023\\\/09\\\/23\\\/movimiento-ciudadano-definira-hasta-enero-la-candidatura-presidencial\\\/#breadcrumb\"},\"inLanguage\":\"es\",\"potentialAction\":[{\"@type\":\"ReadAction\",\"target\":[\"https:\\\/\\\/fuentesfidedignas.com.mx\\\/index.php\\\/2023\\\/09\\\/23\\\/movimiento-ciudadano-definira-hasta-enero-la-candidatura-presidencial\\\/\"]}]},{\"@type\":\"ImageObject\",\"inLanguage\":\"es\",\"@id\":\"https:\\\/\\\/fuentesfidedignas.com.mx\\\/index.php\\\/2023\\\/09\\\/23\\\/movimiento-ciudadano-definira-hasta-enero-la-candidatura-presidencial\\\/#primaryimage\",\"url\":\"https:\\\/\\\/fuentesfidedignas.com.mx\\\/wp-content\\\/uploads\\\/2023\\\/09\\\/dante-delgado-movimiento-ciudadano.jpg\",\"contentUrl\":\"https:\\\/\\\/fuentesfidedignas.com.mx\\\/wp-content\\\/uploads\\\/2023\\\/09\\\/dante-delgado-movimiento-ciudadano.jpg\",\"width\":1024,\"height\":683},{\"@type\":\"BreadcrumbList\",\"@id\":\"https:\\\/\\\/fuentesfidedignas.com.mx\\\/index.php\\\/2023\\\/09\\\/23\\\/movimiento-ciudadano-definira-hasta-enero-la-candidatura-presidencial\\\/#breadcrumb\",\"itemListElement\":[{\"@type\":\"ListItem\",\"position\":1,\"name\":\"Inicio\",\"item\":\"https:\\\/\\\/fuentesfidedignas.com.mx\\\/\"},{\"@type\":\"ListItem\",\"position\":2,\"name\":\"Movimiento Ciudadano definir\u00e1 hasta enero la candidatura presidencial\"}]},{\"@type\":\"WebSite\",\"@id\":\"https:\\\/\\\/fuentesfidedignas.com.mx\\\/#website\",\"url\":\"https:\\\/\\\/fuentesfidedignas.com.mx\\\/\",\"name\":\"Fuentes Fidedignas\",\"description\":\"Otro sitio realizado con WordPress\",\"publisher\":{\"@id\":\"https:\\\/\\\/fuentesfidedignas.com.mx\\\/#organization\"},\"potentialAction\":[{\"@type\":\"SearchAction\",\"target\":{\"@type\":\"EntryPoint\",\"urlTemplate\":\"https:\\\/\\\/fuentesfidedignas.com.mx\\\/?s={search_term_string}\"},\"query-input\":{\"@type\":\"PropertyValueSpecification\",\"valueRequired\":true,\"valueName\":\"search_term_string\"}}],\"inLanguage\":\"es\"},{\"@type\":\"Organization\",\"@id\":\"https:\\\/\\\/fuentesfidedignas.com.mx\\\/#organization\",\"name\":\"Fuentes Fidedignas\",\"url\":\"https:\\\/\\\/fuentesfidedignas.com.mx\\\/\",\"logo\":{\"@type\":\"ImageObject\",\"inLanguage\":\"es\",\"@id\":\"https:\\\/\\\/fuentesfidedignas.com.mx\\\/#\\\/schema\\\/logo\\\/image\\\/\",\"url\":\"https:\\\/\\\/fuentesfidedignas.com.mx\\\/wp-content\\\/uploads\\\/2021\\\/04\\\/logo-retina.png\",\"contentUrl\":\"https:\\\/\\\/fuentesfidedignas.com.mx\\\/wp-content\\\/uploads\\\/2021\\\/04\\\/logo-retina.png\",\"width\":280,\"height\":51,\"caption\":\"Fuentes Fidedignas\"},\"image\":{\"@id\":\"https:\\\/\\\/fuentesfidedignas.com.mx\\\/#\\\/schema\\\/logo\\\/image\\\/\"},\"sameAs\":[\"https:\\\/\\\/www.facebook.com\\\/Fuentes-Fidedignas-368234489921644\",\"https:\\\/\\\/x.com\\\/fidedignas\"]},{\"@type\":\"Person\",\"@id\":\"https:\\\/\\\/fuentesfidedignas.com.mx\\\/#\\\/schema\\\/person\\\/67d852f0557c8509146a4b9ddebd543a\",\"name\":\"L\u00f3pez D\u00f3riga\",\"image\":{\"@type\":\"ImageObject\",\"inLanguage\":\"es\",\"@id\":\"https:\\\/\\\/secure.gravatar.com\\\/avatar\\\/e525b06574ca18b33cded59dfe5778d6c823b9513154eff47da551b0551bdd1e?s=96&d=mm&r=g\",\"url\":\"https:\\\/\\\/secure.gravatar.com\\\/avatar\\\/e525b06574ca18b33cded59dfe5778d6c823b9513154eff47da551b0551bdd1e?s=96&d=mm&r=g\",\"contentUrl\":\"https:\\\/\\\/secure.gravatar.com\\\/avatar\\\/e525b06574ca18b33cded59dfe5778d6c823b9513154eff47da551b0551bdd1e?s=96&d=mm&r=g\",\"caption\":\"L\u00f3pez D\u00f3riga\"},\"url\":\"https:\\\/\\\/fuentesfidedignas.com.mx\\\/index.php\\\/author\\\/doriga\\\/\"}]}<\/script>\n<!-- \/ Yoast SEO plugin. -->","yoast_head_json":{"title":"Movimiento Ciudadano definir\u00e1 hasta enero la candidatura presidencial - Fuentes Fidedignas","robots":{"index":"index","follow":"follow","max-snippet":"max-snippet:-1","max-image-preview":"max-image-preview:large","max-video-preview":"max-video-preview:-1"},"canonical":"https:\/\/fuentesfidedignas.com.mx\/index.php\/2023\/09\/23\/movimiento-ciudadano-definira-hasta-enero-la-candidatura-presidencial\/","og_locale":"es_MX","og_type":"article","og_title":"Movimiento Ciudadano definir\u00e1 hasta enero la candidatura presidencial - Fuentes Fidedignas","og_description":"Dante Delgado, dirigente nacional de Movimiento Ciudadano, reiter\u00f3 que su partido ganar\u00e1 la Presidencia de la Rep\u00fablica en el 2024 Ciudad de M\u00e9xico. Dante Delgado, dirigente nacional de Movimiento Ciudadano, detall\u00f3 que ser\u00e1 hasta el 20 enero de 2024 cuando el partido naranja defina a su candidato a la Presidencia. Al asistir al Segundo Informe [&hellip;]","og_url":"https:\/\/fuentesfidedignas.com.mx\/index.php\/2023\/09\/23\/movimiento-ciudadano-definira-hasta-enero-la-candidatura-presidencial\/","og_site_name":"Fuentes Fidedignas","article_publisher":"https:\/\/www.facebook.com\/Fuentes-Fidedignas-368234489921644","article_published_time":"2023-09-23T21:53:37+00:00","article_modified_time":"2023-09-23T21:54:26+00:00","og_image":[{"width":1024,"height":683,"url":"https:\/\/fuentesfidedignas.com.mx\/wp-content\/uploads\/2023\/09\/dante-delgado-movimiento-ciudadano.jpg","type":"image\/jpeg"}],"author":"L\u00f3pez D\u00f3riga","twitter_card":"summary_large_image","twitter_creator":"@fidedignas","twitter_site":"@fidedignas","twitter_misc":{"Escrito por":"L\u00f3pez D\u00f3riga","Tiempo de lectura":"2 minutos"},"schema":{"@context":"https:\/\/schema.org","@graph":[{"@type":"Article","@id":"https:\/\/fuentesfidedignas.com.mx\/index.php\/2023\/09\/23\/movimiento-ciudadano-definira-hasta-enero-la-candidatura-presidencial\/#article","isPartOf":{"@id":"https:\/\/fuentesfidedignas.com.mx\/index.php\/2023\/09\/23\/movimiento-ciudadano-definira-hasta-enero-la-candidatura-presidencial\/"},"author":{"name":"L\u00f3pez D\u00f3riga","@id":"https:\/\/fuentesfidedignas.com.mx\/#\/schema\/person\/67d852f0557c8509146a4b9ddebd543a"},"headline":"Movimiento Ciudadano definir\u00e1 hasta enero la candidatura presidencial","datePublished":"2023-09-23T21:53:37+00:00","dateModified":"2023-09-23T21:54:26+00:00","mainEntityOfPage":{"@id":"https:\/\/fuentesfidedignas.com.mx\/index.php\/2023\/09\/23\/movimiento-ciudadano-definira-hasta-enero-la-candidatura-presidencial\/"},"wordCount":314,"commentCount":0,"publisher":{"@id":"https:\/\/fuentesfidedignas.com.mx\/#organization"},"image":{"@id":"https:\/\/fuentesfidedignas.com.mx\/index.php\/2023\/09\/23\/movimiento-ciudadano-definira-hasta-enero-la-candidatura-presidencial\/#primaryimage"},"thumbnailUrl":"https:\/\/fuentesfidedignas.com.mx\/wp-content\/uploads\/2023\/09\/dante-delgado-movimiento-ciudadano.jpg","articleSection":["NOTICIAS NACIONALES"],"inLanguage":"es","potentialAction":[{"@type":"CommentAction","name":"Comment","target":["https:\/\/fuentesfidedignas.com.mx\/index.php\/2023\/09\/23\/movimiento-ciudadano-definira-hasta-enero-la-candidatura-presidencial\/#respond"]}]},{"@type":"WebPage","@id":"https:\/\/fuentesfidedignas.com.mx\/index.php\/2023\/09\/23\/movimiento-ciudadano-definira-hasta-enero-la-candidatura-presidencial\/","url":"https:\/\/fuentesfidedignas.com.mx\/index.php\/2023\/09\/23\/movimiento-ciudadano-definira-hasta-enero-la-candidatura-presidencial\/","name":"Movimiento Ciudadano definir\u00e1 hasta enero la candidatura presidencial - Fuentes Fidedignas","isPartOf":{"@id":"https:\/\/fuentesfidedignas.com.mx\/#website"},"primaryImageOfPage":{"@id":"https:\/\/fuentesfidedignas.com.mx\/index.php\/2023\/09\/23\/movimiento-ciudadano-definira-hasta-enero-la-candidatura-presidencial\/#primaryimage"},"image":{"@id":"https:\/\/fuentesfidedignas.com.mx\/index.php\/2023\/09\/23\/movimiento-ciudadano-definira-hasta-enero-la-candidatura-presidencial\/#primaryimage"},"thumbnailUrl":"https:\/\/fuentesfidedignas.com.mx\/wp-content\/uploads\/2023\/09\/dante-delgado-movimiento-ciudadano.jpg","datePublished":"2023-09-23T21:53:37+00:00","dateModified":"2023-09-23T21:54:26+00:00","breadcrumb":{"@id":"https:\/\/fuentesfidedignas.com.mx\/index.php\/2023\/09\/23\/movimiento-ciudadano-definira-hasta-enero-la-candidatura-presidencial\/#breadcrumb"},"inLanguage":"es","potentialAction":[{"@type":"ReadAction","target":["https:\/\/fuentesfidedignas.com.mx\/index.php\/2023\/09\/23\/movimiento-ciudadano-definira-hasta-enero-la-candidatura-presidencial\/"]}]},{"@type":"ImageObject","inLanguage":"es","@id":"https:\/\/fuentesfidedignas.com.mx\/index.php\/2023\/09\/23\/movimiento-ciudadano-definira-hasta-enero-la-candidatura-presidencial\/#primaryimage","url":"https:\/\/fuentesfidedignas.com.mx\/wp-content\/uploads\/2023\/09\/dante-delgado-movimiento-ciudadano.jpg","contentUrl":"https:\/\/fuentesfidedignas.com.mx\/wp-content\/uploads\/2023\/09\/dante-delgado-movimiento-ciudadano.jpg","width":1024,"height":683},{"@type":"BreadcrumbList","@id":"https:\/\/fuentesfidedignas.com.mx\/index.php\/2023\/09\/23\/movimiento-ciudadano-definira-hasta-enero-la-candidatura-presidencial\/#breadcrumb","itemListElement":[{"@type":"ListItem","position":1,"name":"Inicio","item":"https:\/\/fuentesfidedignas.com.mx\/"},{"@type":"ListItem","position":2,"name":"Movimiento Ciudadano definir\u00e1 hasta enero la candidatura presidencial"}]},{"@type":"WebSite","@id":"https:\/\/fuentesfidedignas.com.mx\/#website","url":"https:\/\/fuentesfidedignas.com.mx\/","name":"Fuentes Fidedignas","description":"Otro sitio realizado con WordPress","publisher":{"@id":"https:\/\/fuentesfidedignas.com.mx\/#organization"},"potentialAction":[{"@type":"SearchAction","target":{"@type":"EntryPoint","urlTemplate":"https:\/\/fuentesfidedignas.com.mx\/?s={search_term_string}"},"query-input":{"@type":"PropertyValueSpecification","valueRequired":true,"valueName":"search_term_string"}}],"inLanguage":"es"},{"@type":"Organization","@id":"https:\/\/fuentesfidedignas.com.mx\/#organization","name":"Fuentes Fidedignas","url":"https:\/\/fuentesfidedignas.com.mx\/","logo":{"@type":"ImageObject","inLanguage":"es","@id":"https:\/\/fuentesfidedignas.com.mx\/#\/schema\/logo\/image\/","url":"https:\/\/fuentesfidedignas.com.mx\/wp-content\/uploads\/2021\/04\/logo-retina.png","contentUrl":"https:\/\/fuentesfidedignas.com.mx\/wp-content\/uploads\/2021\/04\/logo-retina.png","width":280,"height":51,"caption":"Fuentes Fidedignas"},"image":{"@id":"https:\/\/fuentesfidedignas.com.mx\/#\/schema\/logo\/image\/"},"sameAs":["https:\/\/www.facebook.com\/Fuentes-Fidedignas-368234489921644","https:\/\/x.com\/fidedignas"]},{"@type":"Person","@id":"https:\/\/fuentesfidedignas.com.mx\/#\/schema\/person\/67d852f0557c8509146a4b9ddebd543a","name":"L\u00f3pez D\u00f3riga","image":{"@type":"ImageObject","inLanguage":"es","@id":"https:\/\/secure.gravatar.com\/avatar\/e525b06574ca18b33cded59dfe5778d6c823b9513154eff47da551b0551bdd1e?s=96&d=mm&r=g","url":"https:\/\/secure.gravatar.com\/avatar\/e525b06574ca18b33cded59dfe5778d6c823b9513154eff47da551b0551bdd1e?s=96&d=mm&r=g","contentUrl":"https:\/\/secure.gravatar.com\/avatar\/e525b06574ca18b33cded59dfe5778d6c823b9513154eff47da551b0551bdd1e?s=96&d=mm&r=g","caption":"L\u00f3pez D\u00f3riga"},"url":"https:\/\/fuentesfidedignas.com.mx\/index.php\/author\/doriga\/"}]}},"_links":{"self":[{"href":"https:\/\/fuentesfidedignas.com.mx\/index.php\/wp-json\/wp\/v2\/posts\/60108","targetHints":{"allow":["GET"]}}],"collection":[{"href":"https:\/\/fuentesfidedignas.com.mx\/index.php\/wp-json\/wp\/v2\/posts"}],"about":[{"href":"https:\/\/fuentesfidedignas.com.mx\/index.php\/wp-json\/wp\/v2\/types\/post"}],"author":[{"embeddable":true,"href":"https:\/\/fuentesfidedignas.com.mx\/index.php\/wp-json\/wp\/v2\/users\/47"}],"replies":[{"embeddable":true,"href":"https:\/\/fuentesfidedignas.com.mx\/index.php\/wp-json\/wp\/v2\/comments?post=60108"}],"version-history":[{"count":1,"href":"https:\/\/fuentesfidedignas.com.mx\/index.php\/wp-json\/wp\/v2\/posts\/60108\/revisions"}],"predecessor-version":[{"id":60109,"href":"https:\/\/fuentesfidedignas.com.mx\/index.php\/wp-json\/wp\/v2\/posts\/60108\/revisions\/60109"}],"wp:featuredmedia":[{"embeddable":true,"href":"https:\/\/fuentesfidedignas.com.mx\/index.php\/wp-json\/wp\/v2\/media\/60110"}],"wp:attachment":[{"href":"https:\/\/fuentesfidedignas.com.mx\/index.php\/wp-json\/wp\/v2\/media?parent=60108"}],"wp:term":[{"taxonomy":"category","embeddable":true,"href":"https:\/\/fuentesfidedignas.com.mx\/index.php\/wp-json\/wp\/v2\/categories?post=60108"},{"taxonomy":"post_tag","embeddable":true,"href":"https:\/\/fuentesfidedignas.com.mx\/index.php\/wp-json\/wp\/v2\/tags?post=60108"}],"curies":[{"name":"wp","href":"https:\/\/api.w.org\/{rel}","templated":true}]}}