{"id":60105,"date":"2023-09-23T14:32:16","date_gmt":"2023-09-23T21:32:16","guid":{"rendered":"https:\/\/fuentesfidedignas.com.mx\/?p=60105"},"modified":"2023-09-23T14:34:25","modified_gmt":"2023-09-23T21:34:25","slug":"mas-primor-en-sinaloa-ricardo-madrid-se-suma-a-claudia-sheinbaum","status":"publish","type":"post","link":"https:\/\/fuentesfidedignas.com.mx\/index.php\/2023\/09\/23\/mas-primor-en-sinaloa-ricardo-madrid-se-suma-a-claudia-sheinbaum\/","title":{"rendered":"\u00a1M\u00e1s PRIMOR en Sinaloa! Ricardo Madrid se suma a Claudia Sheinbaum"},"content":{"rendered":"\n<p><strong><em>Los apapachos entre priistas y morenistas se encuentran a la orden del d\u00eda y encontraron su m\u00e1xima expresi\u00f3n este d\u00eda en el acto que celebr\u00f3 Claudia Sheinbaum en Sinaloa<\/em><\/strong><\/p>\n\n\n\n<p>Culiac\u00e1n, Sin. El diputado del PRI Ricardo Madrid P\u00e9rez, presidente de la Mesa Directiva de la Sexag\u00e9sima Cuarta Legislatura del Congreso del Estado de Sinaloa, apareci\u00f3 en los asientos de honor de las personalidades que apoyar\u00e1n en Sinaloa la candidatura a la Presidencia de la Rep\u00fablica de Claudia Sheinbaum.<\/p>\n\n\n\n<p>Los apapachos entre priistas y morenistas se encuentran a la orden del d\u00eda y encontraron su m\u00e1xima expresi\u00f3n este d\u00eda en el acto que celebr\u00f3 Claudia Sheinbaum en Sinaloa.<\/p>\n\n\n\n<p>Las campa\u00f1as sin gritones son como los velorios sin rezadoras y los entierros sin pla\u00f1ideras. Pero en este caso no fue un grit\u00f3n profesional sino un militante que descargo su malestar al observar la presencia de priistas en el acto de Claudia Sheinbaum: \u201c\u00a1M\u00e1s PriMor!\u201d, grit\u00f3 en el desorganizado evento donde la prensa no pod\u00eda acercarse al templete.<\/p>\n\n\n\n<p>El periodista de Fuentes Fidedignas pudo acercarse hasta el frente, fuera del espacio donde fue limitada la prensa, pero en un momento fue retirado. Sin embargo, Jes\u00fas Antonio Vald\u00e9s Palazuelos fue uno de los reconocidos pol\u00edticos que abandonaron las filas del tricolor para acudir a la toma de protesta de los comit\u00e9s de la Cuarta Transformaci\u00f3n en Sinaloa, que apoyar\u00e1n a Claudia Sheinbaum Pardo.<\/p>\n\n\n\n<p>Entrevistado durante el acto \u201cChuy\u201d Vald\u00e9s confes\u00f3 que hab\u00eda aceptado la invitaci\u00f3n para sumarse a Claudia Sheinbaum, sum\u00e1ndose a los nombres de otros priistas que temporalmente han dejado las filas del Partido Revolucionario Institucional como Feliciano Valle Sandoval, Fernando Pucheta, Gloria Himelda F\u00e9lix Niebla, Daniel Amador Gaxiola, Cinthia Valenzuela, Miguel Loaiza, Antonio Casta\u00f1eda y muy probablemente Gaby Ballardo.<\/p>\n","protected":false},"excerpt":{"rendered":"<p>Los apapachos entre priistas y morenistas se encuentran a la orden del d\u00eda y encontraron su m\u00e1xima expresi\u00f3n este d\u00eda en el acto que celebr\u00f3 Claudia Sheinbaum en Sinaloa Culiac\u00e1n, Sin. El diputado del PRI Ricardo Madrid P\u00e9rez, presidente de la Mesa Directiva de la Sexag\u00e9sima Cuarta Legislatura del Congreso del Estado de Sinaloa, apareci\u00f3 [&hellip;]<\/p>\n","protected":false},"author":112,"featured_media":60107,"comment_status":"open","ping_status":"open","sticky":false,"template":"","format":"standard","meta":{"tdm_status":"","tdm_grid_status":"","footnotes":""},"categories":[38],"tags":[],"class_list":{"0":"post-60105","1":"post","2":"type-post","3":"status-publish","4":"format-standard","5":"has-post-thumbnail","7":"category-noticias-locales"},"yoast_head":"<!-- This site is optimized with the Yoast SEO plugin v27.4 - https:\/\/yoast.com\/product\/yoast-seo-wordpress\/ -->\n<title>\u00a1M\u00e1s PRIMOR en Sinaloa! Ricardo Madrid se suma a Claudia Sheinbaum - Fuentes Fidedignas<\/title>\n<meta name=\"robots\" content=\"index, follow, max-snippet:-1, max-image-preview:large, max-video-preview:-1\" \/>\n<link rel=\"canonical\" href=\"https:\/\/fuentesfidedignas.com.mx\/index.php\/2023\/09\/23\/mas-primor-en-sinaloa-ricardo-madrid-se-suma-a-claudia-sheinbaum\/\" \/>\n<meta property=\"og:locale\" content=\"es_MX\" \/>\n<meta property=\"og:type\" content=\"article\" \/>\n<meta property=\"og:title\" content=\"\u00a1M\u00e1s PRIMOR en Sinaloa! Ricardo Madrid se suma a Claudia Sheinbaum - Fuentes Fidedignas\" \/>\n<meta property=\"og:description\" content=\"Los apapachos entre priistas y morenistas se encuentran a la orden del d\u00eda y encontraron su m\u00e1xima expresi\u00f3n este d\u00eda en el acto que celebr\u00f3 Claudia Sheinbaum en Sinaloa Culiac\u00e1n, Sin. El diputado del PRI Ricardo Madrid P\u00e9rez, presidente de la Mesa Directiva de la Sexag\u00e9sima Cuarta Legislatura del Congreso del Estado de Sinaloa, apareci\u00f3 [&hellip;]\" \/>\n<meta property=\"og:url\" content=\"https:\/\/fuentesfidedignas.com.mx\/index.php\/2023\/09\/23\/mas-primor-en-sinaloa-ricardo-madrid-se-suma-a-claudia-sheinbaum\/\" \/>\n<meta property=\"og:site_name\" content=\"Fuentes Fidedignas\" \/>\n<meta property=\"article:publisher\" content=\"https:\/\/www.facebook.com\/Fuentes-Fidedignas-368234489921644\" \/>\n<meta property=\"article:published_time\" content=\"2023-09-23T21:32:16+00:00\" \/>\n<meta property=\"article:modified_time\" content=\"2023-09-23T21:34:25+00:00\" \/>\n<meta property=\"og:image\" content=\"https:\/\/fuentesfidedignas.com.mx\/wp-content\/uploads\/2023\/09\/IMG-20230923-WA0020.jpg\" \/>\n\t<meta property=\"og:image:width\" content=\"622\" \/>\n\t<meta property=\"og:image:height\" content=\"443\" \/>\n\t<meta property=\"og:image:type\" content=\"image\/jpeg\" \/>\n<meta name=\"author\" content=\"Leonardo Gutierrez\" \/>\n<meta name=\"twitter:card\" content=\"summary_large_image\" \/>\n<meta name=\"twitter:creator\" content=\"@fidedignas\" \/>\n<meta name=\"twitter:site\" content=\"@fidedignas\" \/>\n<meta name=\"twitter:label1\" content=\"Escrito por\" \/>\n\t<meta name=\"twitter:data1\" content=\"Leonardo Gutierrez\" \/>\n\t<meta name=\"twitter:label2\" content=\"Tiempo de lectura\" \/>\n\t<meta name=\"twitter:data2\" content=\"2 minutos\" \/>\n<script type=\"application\/ld+json\" class=\"yoast-schema-graph\">{\"@context\":\"https:\\\/\\\/schema.org\",\"@graph\":[{\"@type\":\"Article\",\"@id\":\"https:\\\/\\\/fuentesfidedignas.com.mx\\\/index.php\\\/2023\\\/09\\\/23\\\/mas-primor-en-sinaloa-ricardo-madrid-se-suma-a-claudia-sheinbaum\\\/#article\",\"isPartOf\":{\"@id\":\"https:\\\/\\\/fuentesfidedignas.com.mx\\\/index.php\\\/2023\\\/09\\\/23\\\/mas-primor-en-sinaloa-ricardo-madrid-se-suma-a-claudia-sheinbaum\\\/\"},\"author\":{\"name\":\"Leonardo Gutierrez\",\"@id\":\"https:\\\/\\\/fuentesfidedignas.com.mx\\\/#\\\/schema\\\/person\\\/c77df25c00baae1d4fdc0340db6f364c\"},\"headline\":\"\u00a1M\u00e1s PRIMOR en Sinaloa! Ricardo Madrid se suma a Claudia Sheinbaum\",\"datePublished\":\"2023-09-23T21:32:16+00:00\",\"dateModified\":\"2023-09-23T21:34:25+00:00\",\"mainEntityOfPage\":{\"@id\":\"https:\\\/\\\/fuentesfidedignas.com.mx\\\/index.php\\\/2023\\\/09\\\/23\\\/mas-primor-en-sinaloa-ricardo-madrid-se-suma-a-claudia-sheinbaum\\\/\"},\"wordCount\":329,\"commentCount\":0,\"publisher\":{\"@id\":\"https:\\\/\\\/fuentesfidedignas.com.mx\\\/#organization\"},\"image\":{\"@id\":\"https:\\\/\\\/fuentesfidedignas.com.mx\\\/index.php\\\/2023\\\/09\\\/23\\\/mas-primor-en-sinaloa-ricardo-madrid-se-suma-a-claudia-sheinbaum\\\/#primaryimage\"},\"thumbnailUrl\":\"https:\\\/\\\/fuentesfidedignas.com.mx\\\/wp-content\\\/uploads\\\/2023\\\/09\\\/IMG-20230923-WA0020.jpg\",\"articleSection\":[\"NOTICIAS LOCALES\"],\"inLanguage\":\"es\",\"potentialAction\":[{\"@type\":\"CommentAction\",\"name\":\"Comment\",\"target\":[\"https:\\\/\\\/fuentesfidedignas.com.mx\\\/index.php\\\/2023\\\/09\\\/23\\\/mas-primor-en-sinaloa-ricardo-madrid-se-suma-a-claudia-sheinbaum\\\/#respond\"]}]},{\"@type\":\"WebPage\",\"@id\":\"https:\\\/\\\/fuentesfidedignas.com.mx\\\/index.php\\\/2023\\\/09\\\/23\\\/mas-primor-en-sinaloa-ricardo-madrid-se-suma-a-claudia-sheinbaum\\\/\",\"url\":\"https:\\\/\\\/fuentesfidedignas.com.mx\\\/index.php\\\/2023\\\/09\\\/23\\\/mas-primor-en-sinaloa-ricardo-madrid-se-suma-a-claudia-sheinbaum\\\/\",\"name\":\"\u00a1M\u00e1s PRIMOR en Sinaloa! Ricardo Madrid se suma a Claudia Sheinbaum - Fuentes Fidedignas\",\"isPartOf\":{\"@id\":\"https:\\\/\\\/fuentesfidedignas.com.mx\\\/#website\"},\"primaryImageOfPage\":{\"@id\":\"https:\\\/\\\/fuentesfidedignas.com.mx\\\/index.php\\\/2023\\\/09\\\/23\\\/mas-primor-en-sinaloa-ricardo-madrid-se-suma-a-claudia-sheinbaum\\\/#primaryimage\"},\"image\":{\"@id\":\"https:\\\/\\\/fuentesfidedignas.com.mx\\\/index.php\\\/2023\\\/09\\\/23\\\/mas-primor-en-sinaloa-ricardo-madrid-se-suma-a-claudia-sheinbaum\\\/#primaryimage\"},\"thumbnailUrl\":\"https:\\\/\\\/fuentesfidedignas.com.mx\\\/wp-content\\\/uploads\\\/2023\\\/09\\\/IMG-20230923-WA0020.jpg\",\"datePublished\":\"2023-09-23T21:32:16+00:00\",\"dateModified\":\"2023-09-23T21:34:25+00:00\",\"breadcrumb\":{\"@id\":\"https:\\\/\\\/fuentesfidedignas.com.mx\\\/index.php\\\/2023\\\/09\\\/23\\\/mas-primor-en-sinaloa-ricardo-madrid-se-suma-a-claudia-sheinbaum\\\/#breadcrumb\"},\"inLanguage\":\"es\",\"potentialAction\":[{\"@type\":\"ReadAction\",\"target\":[\"https:\\\/\\\/fuentesfidedignas.com.mx\\\/index.php\\\/2023\\\/09\\\/23\\\/mas-primor-en-sinaloa-ricardo-madrid-se-suma-a-claudia-sheinbaum\\\/\"]}]},{\"@type\":\"ImageObject\",\"inLanguage\":\"es\",\"@id\":\"https:\\\/\\\/fuentesfidedignas.com.mx\\\/index.php\\\/2023\\\/09\\\/23\\\/mas-primor-en-sinaloa-ricardo-madrid-se-suma-a-claudia-sheinbaum\\\/#primaryimage\",\"url\":\"https:\\\/\\\/fuentesfidedignas.com.mx\\\/wp-content\\\/uploads\\\/2023\\\/09\\\/IMG-20230923-WA0020.jpg\",\"contentUrl\":\"https:\\\/\\\/fuentesfidedignas.com.mx\\\/wp-content\\\/uploads\\\/2023\\\/09\\\/IMG-20230923-WA0020.jpg\",\"width\":622,\"height\":443},{\"@type\":\"BreadcrumbList\",\"@id\":\"https:\\\/\\\/fuentesfidedignas.com.mx\\\/index.php\\\/2023\\\/09\\\/23\\\/mas-primor-en-sinaloa-ricardo-madrid-se-suma-a-claudia-sheinbaum\\\/#breadcrumb\",\"itemListElement\":[{\"@type\":\"ListItem\",\"position\":1,\"name\":\"Inicio\",\"item\":\"https:\\\/\\\/fuentesfidedignas.com.mx\\\/\"},{\"@type\":\"ListItem\",\"position\":2,\"name\":\"\u00a1M\u00e1s PRIMOR en Sinaloa! Ricardo Madrid se suma a Claudia Sheinbaum\"}]},{\"@type\":\"WebSite\",\"@id\":\"https:\\\/\\\/fuentesfidedignas.com.mx\\\/#website\",\"url\":\"https:\\\/\\\/fuentesfidedignas.com.mx\\\/\",\"name\":\"Fuentes Fidedignas\",\"description\":\"Otro sitio realizado con WordPress\",\"publisher\":{\"@id\":\"https:\\\/\\\/fuentesfidedignas.com.mx\\\/#organization\"},\"potentialAction\":[{\"@type\":\"SearchAction\",\"target\":{\"@type\":\"EntryPoint\",\"urlTemplate\":\"https:\\\/\\\/fuentesfidedignas.com.mx\\\/?s={search_term_string}\"},\"query-input\":{\"@type\":\"PropertyValueSpecification\",\"valueRequired\":true,\"valueName\":\"search_term_string\"}}],\"inLanguage\":\"es\"},{\"@type\":\"Organization\",\"@id\":\"https:\\\/\\\/fuentesfidedignas.com.mx\\\/#organization\",\"name\":\"Fuentes Fidedignas\",\"url\":\"https:\\\/\\\/fuentesfidedignas.com.mx\\\/\",\"logo\":{\"@type\":\"ImageObject\",\"inLanguage\":\"es\",\"@id\":\"https:\\\/\\\/fuentesfidedignas.com.mx\\\/#\\\/schema\\\/logo\\\/image\\\/\",\"url\":\"https:\\\/\\\/fuentesfidedignas.com.mx\\\/wp-content\\\/uploads\\\/2021\\\/04\\\/logo-retina.png\",\"contentUrl\":\"https:\\\/\\\/fuentesfidedignas.com.mx\\\/wp-content\\\/uploads\\\/2021\\\/04\\\/logo-retina.png\",\"width\":280,\"height\":51,\"caption\":\"Fuentes Fidedignas\"},\"image\":{\"@id\":\"https:\\\/\\\/fuentesfidedignas.com.mx\\\/#\\\/schema\\\/logo\\\/image\\\/\"},\"sameAs\":[\"https:\\\/\\\/www.facebook.com\\\/Fuentes-Fidedignas-368234489921644\",\"https:\\\/\\\/x.com\\\/fidedignas\"]},{\"@type\":\"Person\",\"@id\":\"https:\\\/\\\/fuentesfidedignas.com.mx\\\/#\\\/schema\\\/person\\\/c77df25c00baae1d4fdc0340db6f364c\",\"name\":\"Leonardo Gutierrez\",\"image\":{\"@type\":\"ImageObject\",\"inLanguage\":\"es\",\"@id\":\"https:\\\/\\\/secure.gravatar.com\\\/avatar\\\/17b13a7a986cc98ca4d7337340bcac5945cbae677961c354aefb3c7962c8cc1f?s=96&d=mm&r=g\",\"url\":\"https:\\\/\\\/secure.gravatar.com\\\/avatar\\\/17b13a7a986cc98ca4d7337340bcac5945cbae677961c354aefb3c7962c8cc1f?s=96&d=mm&r=g\",\"contentUrl\":\"https:\\\/\\\/secure.gravatar.com\\\/avatar\\\/17b13a7a986cc98ca4d7337340bcac5945cbae677961c354aefb3c7962c8cc1f?s=96&d=mm&r=g\",\"caption\":\"Leonardo Gutierrez\"},\"url\":\"https:\\\/\\\/fuentesfidedignas.com.mx\\\/index.php\\\/author\\\/leonardogut\\\/\"}]}<\/script>\n<!-- \/ Yoast SEO plugin. -->","yoast_head_json":{"title":"\u00a1M\u00e1s PRIMOR en Sinaloa! Ricardo Madrid se suma a Claudia Sheinbaum - Fuentes Fidedignas","robots":{"index":"index","follow":"follow","max-snippet":"max-snippet:-1","max-image-preview":"max-image-preview:large","max-video-preview":"max-video-preview:-1"},"canonical":"https:\/\/fuentesfidedignas.com.mx\/index.php\/2023\/09\/23\/mas-primor-en-sinaloa-ricardo-madrid-se-suma-a-claudia-sheinbaum\/","og_locale":"es_MX","og_type":"article","og_title":"\u00a1M\u00e1s PRIMOR en Sinaloa! Ricardo Madrid se suma a Claudia Sheinbaum - Fuentes Fidedignas","og_description":"Los apapachos entre priistas y morenistas se encuentran a la orden del d\u00eda y encontraron su m\u00e1xima expresi\u00f3n este d\u00eda en el acto que celebr\u00f3 Claudia Sheinbaum en Sinaloa Culiac\u00e1n, Sin. El diputado del PRI Ricardo Madrid P\u00e9rez, presidente de la Mesa Directiva de la Sexag\u00e9sima Cuarta Legislatura del Congreso del Estado de Sinaloa, apareci\u00f3 [&hellip;]","og_url":"https:\/\/fuentesfidedignas.com.mx\/index.php\/2023\/09\/23\/mas-primor-en-sinaloa-ricardo-madrid-se-suma-a-claudia-sheinbaum\/","og_site_name":"Fuentes Fidedignas","article_publisher":"https:\/\/www.facebook.com\/Fuentes-Fidedignas-368234489921644","article_published_time":"2023-09-23T21:32:16+00:00","article_modified_time":"2023-09-23T21:34:25+00:00","og_image":[{"width":622,"height":443,"url":"https:\/\/fuentesfidedignas.com.mx\/wp-content\/uploads\/2023\/09\/IMG-20230923-WA0020.jpg","type":"image\/jpeg"}],"author":"Leonardo Gutierrez","twitter_card":"summary_large_image","twitter_creator":"@fidedignas","twitter_site":"@fidedignas","twitter_misc":{"Escrito por":"Leonardo Gutierrez","Tiempo de lectura":"2 minutos"},"schema":{"@context":"https:\/\/schema.org","@graph":[{"@type":"Article","@id":"https:\/\/fuentesfidedignas.com.mx\/index.php\/2023\/09\/23\/mas-primor-en-sinaloa-ricardo-madrid-se-suma-a-claudia-sheinbaum\/#article","isPartOf":{"@id":"https:\/\/fuentesfidedignas.com.mx\/index.php\/2023\/09\/23\/mas-primor-en-sinaloa-ricardo-madrid-se-suma-a-claudia-sheinbaum\/"},"author":{"name":"Leonardo Gutierrez","@id":"https:\/\/fuentesfidedignas.com.mx\/#\/schema\/person\/c77df25c00baae1d4fdc0340db6f364c"},"headline":"\u00a1M\u00e1s PRIMOR en Sinaloa! Ricardo Madrid se suma a Claudia Sheinbaum","datePublished":"2023-09-23T21:32:16+00:00","dateModified":"2023-09-23T21:34:25+00:00","mainEntityOfPage":{"@id":"https:\/\/fuentesfidedignas.com.mx\/index.php\/2023\/09\/23\/mas-primor-en-sinaloa-ricardo-madrid-se-suma-a-claudia-sheinbaum\/"},"wordCount":329,"commentCount":0,"publisher":{"@id":"https:\/\/fuentesfidedignas.com.mx\/#organization"},"image":{"@id":"https:\/\/fuentesfidedignas.com.mx\/index.php\/2023\/09\/23\/mas-primor-en-sinaloa-ricardo-madrid-se-suma-a-claudia-sheinbaum\/#primaryimage"},"thumbnailUrl":"https:\/\/fuentesfidedignas.com.mx\/wp-content\/uploads\/2023\/09\/IMG-20230923-WA0020.jpg","articleSection":["NOTICIAS LOCALES"],"inLanguage":"es","potentialAction":[{"@type":"CommentAction","name":"Comment","target":["https:\/\/fuentesfidedignas.com.mx\/index.php\/2023\/09\/23\/mas-primor-en-sinaloa-ricardo-madrid-se-suma-a-claudia-sheinbaum\/#respond"]}]},{"@type":"WebPage","@id":"https:\/\/fuentesfidedignas.com.mx\/index.php\/2023\/09\/23\/mas-primor-en-sinaloa-ricardo-madrid-se-suma-a-claudia-sheinbaum\/","url":"https:\/\/fuentesfidedignas.com.mx\/index.php\/2023\/09\/23\/mas-primor-en-sinaloa-ricardo-madrid-se-suma-a-claudia-sheinbaum\/","name":"\u00a1M\u00e1s PRIMOR en Sinaloa! Ricardo Madrid se suma a Claudia Sheinbaum - Fuentes Fidedignas","isPartOf":{"@id":"https:\/\/fuentesfidedignas.com.mx\/#website"},"primaryImageOfPage":{"@id":"https:\/\/fuentesfidedignas.com.mx\/index.php\/2023\/09\/23\/mas-primor-en-sinaloa-ricardo-madrid-se-suma-a-claudia-sheinbaum\/#primaryimage"},"image":{"@id":"https:\/\/fuentesfidedignas.com.mx\/index.php\/2023\/09\/23\/mas-primor-en-sinaloa-ricardo-madrid-se-suma-a-claudia-sheinbaum\/#primaryimage"},"thumbnailUrl":"https:\/\/fuentesfidedignas.com.mx\/wp-content\/uploads\/2023\/09\/IMG-20230923-WA0020.jpg","datePublished":"2023-09-23T21:32:16+00:00","dateModified":"2023-09-23T21:34:25+00:00","breadcrumb":{"@id":"https:\/\/fuentesfidedignas.com.mx\/index.php\/2023\/09\/23\/mas-primor-en-sinaloa-ricardo-madrid-se-suma-a-claudia-sheinbaum\/#breadcrumb"},"inLanguage":"es","potentialAction":[{"@type":"ReadAction","target":["https:\/\/fuentesfidedignas.com.mx\/index.php\/2023\/09\/23\/mas-primor-en-sinaloa-ricardo-madrid-se-suma-a-claudia-sheinbaum\/"]}]},{"@type":"ImageObject","inLanguage":"es","@id":"https:\/\/fuentesfidedignas.com.mx\/index.php\/2023\/09\/23\/mas-primor-en-sinaloa-ricardo-madrid-se-suma-a-claudia-sheinbaum\/#primaryimage","url":"https:\/\/fuentesfidedignas.com.mx\/wp-content\/uploads\/2023\/09\/IMG-20230923-WA0020.jpg","contentUrl":"https:\/\/fuentesfidedignas.com.mx\/wp-content\/uploads\/2023\/09\/IMG-20230923-WA0020.jpg","width":622,"height":443},{"@type":"BreadcrumbList","@id":"https:\/\/fuentesfidedignas.com.mx\/index.php\/2023\/09\/23\/mas-primor-en-sinaloa-ricardo-madrid-se-suma-a-claudia-sheinbaum\/#breadcrumb","itemListElement":[{"@type":"ListItem","position":1,"name":"Inicio","item":"https:\/\/fuentesfidedignas.com.mx\/"},{"@type":"ListItem","position":2,"name":"\u00a1M\u00e1s PRIMOR en Sinaloa! Ricardo Madrid se suma a Claudia Sheinbaum"}]},{"@type":"WebSite","@id":"https:\/\/fuentesfidedignas.com.mx\/#website","url":"https:\/\/fuentesfidedignas.com.mx\/","name":"Fuentes Fidedignas","description":"Otro sitio realizado con WordPress","publisher":{"@id":"https:\/\/fuentesfidedignas.com.mx\/#organization"},"potentialAction":[{"@type":"SearchAction","target":{"@type":"EntryPoint","urlTemplate":"https:\/\/fuentesfidedignas.com.mx\/?s={search_term_string}"},"query-input":{"@type":"PropertyValueSpecification","valueRequired":true,"valueName":"search_term_string"}}],"inLanguage":"es"},{"@type":"Organization","@id":"https:\/\/fuentesfidedignas.com.mx\/#organization","name":"Fuentes Fidedignas","url":"https:\/\/fuentesfidedignas.com.mx\/","logo":{"@type":"ImageObject","inLanguage":"es","@id":"https:\/\/fuentesfidedignas.com.mx\/#\/schema\/logo\/image\/","url":"https:\/\/fuentesfidedignas.com.mx\/wp-content\/uploads\/2021\/04\/logo-retina.png","contentUrl":"https:\/\/fuentesfidedignas.com.mx\/wp-content\/uploads\/2021\/04\/logo-retina.png","width":280,"height":51,"caption":"Fuentes Fidedignas"},"image":{"@id":"https:\/\/fuentesfidedignas.com.mx\/#\/schema\/logo\/image\/"},"sameAs":["https:\/\/www.facebook.com\/Fuentes-Fidedignas-368234489921644","https:\/\/x.com\/fidedignas"]},{"@type":"Person","@id":"https:\/\/fuentesfidedignas.com.mx\/#\/schema\/person\/c77df25c00baae1d4fdc0340db6f364c","name":"Leonardo Gutierrez","image":{"@type":"ImageObject","inLanguage":"es","@id":"https:\/\/secure.gravatar.com\/avatar\/17b13a7a986cc98ca4d7337340bcac5945cbae677961c354aefb3c7962c8cc1f?s=96&d=mm&r=g","url":"https:\/\/secure.gravatar.com\/avatar\/17b13a7a986cc98ca4d7337340bcac5945cbae677961c354aefb3c7962c8cc1f?s=96&d=mm&r=g","contentUrl":"https:\/\/secure.gravatar.com\/avatar\/17b13a7a986cc98ca4d7337340bcac5945cbae677961c354aefb3c7962c8cc1f?s=96&d=mm&r=g","caption":"Leonardo Gutierrez"},"url":"https:\/\/fuentesfidedignas.com.mx\/index.php\/author\/leonardogut\/"}]}},"_links":{"self":[{"href":"https:\/\/fuentesfidedignas.com.mx\/index.php\/wp-json\/wp\/v2\/posts\/60105","targetHints":{"allow":["GET"]}}],"collection":[{"href":"https:\/\/fuentesfidedignas.com.mx\/index.php\/wp-json\/wp\/v2\/posts"}],"about":[{"href":"https:\/\/fuentesfidedignas.com.mx\/index.php\/wp-json\/wp\/v2\/types\/post"}],"author":[{"embeddable":true,"href":"https:\/\/fuentesfidedignas.com.mx\/index.php\/wp-json\/wp\/v2\/users\/112"}],"replies":[{"embeddable":true,"href":"https:\/\/fuentesfidedignas.com.mx\/index.php\/wp-json\/wp\/v2\/comments?post=60105"}],"version-history":[{"count":1,"href":"https:\/\/fuentesfidedignas.com.mx\/index.php\/wp-json\/wp\/v2\/posts\/60105\/revisions"}],"predecessor-version":[{"id":60106,"href":"https:\/\/fuentesfidedignas.com.mx\/index.php\/wp-json\/wp\/v2\/posts\/60105\/revisions\/60106"}],"wp:featuredmedia":[{"embeddable":true,"href":"https:\/\/fuentesfidedignas.com.mx\/index.php\/wp-json\/wp\/v2\/media\/60107"}],"wp:attachment":[{"href":"https:\/\/fuentesfidedignas.com.mx\/index.php\/wp-json\/wp\/v2\/media?parent=60105"}],"wp:term":[{"taxonomy":"category","embeddable":true,"href":"https:\/\/fuentesfidedignas.com.mx\/index.php\/wp-json\/wp\/v2\/categories?post=60105"},{"taxonomy":"post_tag","embeddable":true,"href":"https:\/\/fuentesfidedignas.com.mx\/index.php\/wp-json\/wp\/v2\/tags?post=60105"}],"curies":[{"name":"wp","href":"https:\/\/api.w.org\/{rel}","templated":true}]}}