{"id":60066,"date":"2023-09-23T08:53:18","date_gmt":"2023-09-23T15:53:18","guid":{"rendered":"https:\/\/fuentesfidedignas.com.mx\/?p=60066"},"modified":"2023-09-23T08:54:01","modified_gmt":"2023-09-23T15:54:01","slug":"ine-estima-tres-debates-presidenciales-para-2024","status":"publish","type":"post","link":"https:\/\/fuentesfidedignas.com.mx\/index.php\/2023\/09\/23\/ine-estima-tres-debates-presidenciales-para-2024\/","title":{"rendered":"INE estima tres debates presidenciales para 2024"},"content":{"rendered":"\n<p><strong><em>Los miembros de la Comisi\u00f3n Temporal de Debates del INE buscar\u00e1n reducir los costos de los debates presidenciales para 2024<\/em><\/strong><\/p>\n\n\n\n<p>El&nbsp;<strong>Instituto Nacional Electoral<\/strong>&nbsp;(<strong>INE<\/strong>) instal\u00f3 la&nbsp;<strong>Comisi\u00f3n Temporal&nbsp;<\/strong>de debates y aprob\u00f3 su Plan de Trabajo, que establece que en los pr\u00f3ximos meses deber\u00e1 organizar al menos tres&nbsp;<strong>debates presidenciales<\/strong>&nbsp;rumbo a la elecci\u00f3n del 2 de junio de 2024.<\/p>\n\n\n\n<p>La Comisi\u00f3n se instal\u00f3 con un secretario t\u00e9cnico provisional porque el puesto de titular de la Coordinaci\u00f3n Nacional de Comunicaci\u00f3n Social del INE est\u00e1 vacante. Tampoco est\u00e1 designado el titular de la Direcci\u00f3n Ejecutiva de Prerrogativas y Partidos Pol\u00edticos.<\/p>\n\n\n\n<p>Ante esta situaci\u00f3n, se nombr\u00f3 como secretario t\u00e9cnico provisional a\u00a0<strong>Jorge Egr\u00e9n Moreno<\/strong>, director de Administraci\u00f3n de Tiempos del Estado en Radio y Televisi\u00f3n del INE.<\/p>\n\n\n\n<p>La comisi\u00f3n la integran las consejeras&nbsp;<strong>Carla Humphrey<\/strong>, Dania Ravel y Claudia Zavala, y los consejeros Mart\u00edn Faz y Jorge Monta\u00f1o.<\/p>\n\n\n\n<p><strong>Humphrey Jordan<\/strong>\u00a0asegur\u00f3 que hasta ahora se contempla la celebraci\u00f3n de tres debates y que se analiza la posibilidad de que se realicen en las instalaciones del INE, para ahorrar costos.<\/p>\n\n\n\n<figure class=\"wp-block-embed is-type-rich is-provider-twitter wp-block-embed-twitter\"><div class=\"wp-block-embed__wrapper\">\n<blockquote class=\"twitter-tweet\" data-width=\"550\" data-dnt=\"true\"><p lang=\"es\" dir=\"ltr\">En el <a href=\"https:\/\/twitter.com\/INEMexico?ref_src=twsrc%5Etfw\">@INEMexico<\/a> instalamos la Comisi\u00f3n Temporal de Debates de cara a las elecciones de 2024. Aprobamos el Plan de Trabajo y nos comprometimos a buscar la mayor utilidad de estos ejercicios para las y los mexicanos. <a href=\"https:\/\/twitter.com\/hashtag\/DemocraciaDeliberativa?src=hash&amp;ref_src=twsrc%5Etfw\">#DemocraciaDeliberativa<\/a><a href=\"https:\/\/twitter.com\/hashtag\/IneSomosTodasYTodos?src=hash&amp;ref_src=twsrc%5Etfw\">#IneSomosTodasYTodos<\/a> <a href=\"https:\/\/t.co\/5kCeAm1CGy\">pic.twitter.com\/5kCeAm1CGy<\/a><\/p>&mdash; Carla Humphrey (@C_Humphrey_J) <a href=\"https:\/\/twitter.com\/C_Humphrey_J\/status\/1705327468008054961?ref_src=twsrc%5Etfw\">September 22, 2023<\/a><\/blockquote><script async src=\"https:\/\/platform.twitter.com\/widgets.js\" charset=\"utf-8\"><\/script>\n<\/div><\/figure>\n\n\n\n<p><strong>Dania Ravel<\/strong>&nbsp;record\u00f3 que en las elecciones de 2018 los debates presidenciales tuvieron un costo de 56 millones 440 mil 486 pesos.<\/p>\n\n\n\n<blockquote class=\"wp-block-quote is-layout-flow wp-block-quote-is-layout-flow\">\n<p>Tenemos que hacer&nbsp;<strong>esfuerzos<\/strong>&nbsp;para que sean menos costosos para el instituto, sin que baje la calidad de los mismos y tratando de que tengamos un&nbsp;<strong>rating tan alto<\/strong>&nbsp;o m\u00e1s que en 2018\u2033, expuso.<\/p>\n<\/blockquote>\n","protected":false},"excerpt":{"rendered":"<p>Los miembros de la Comisi\u00f3n Temporal de Debates del INE buscar\u00e1n reducir los costos de los debates presidenciales para 2024 El&nbsp;Instituto Nacional Electoral&nbsp;(INE) instal\u00f3 la&nbsp;Comisi\u00f3n Temporal&nbsp;de debates y aprob\u00f3 su Plan de Trabajo, que establece que en los pr\u00f3ximos meses deber\u00e1 organizar al menos tres&nbsp;debates presidenciales&nbsp;rumbo a la elecci\u00f3n del 2 de junio de 2024. [&hellip;]<\/p>\n","protected":false},"author":47,"featured_media":60068,"comment_status":"open","ping_status":"open","sticky":false,"template":"","format":"standard","meta":{"tdm_status":"","tdm_grid_status":"","footnotes":""},"categories":[39],"tags":[],"class_list":{"0":"post-60066","1":"post","2":"type-post","3":"status-publish","4":"format-standard","5":"has-post-thumbnail","7":"category-noticias-nacionales"},"yoast_head":"<!-- This site is optimized with the Yoast SEO plugin v27.5 - https:\/\/yoast.com\/product\/yoast-seo-wordpress\/ -->\n<title>INE estima tres debates presidenciales para 2024 - Fuentes Fidedignas<\/title>\n<meta name=\"robots\" content=\"index, follow, max-snippet:-1, max-image-preview:large, max-video-preview:-1\" \/>\n<link rel=\"canonical\" href=\"https:\/\/fuentesfidedignas.com.mx\/index.php\/2023\/09\/23\/ine-estima-tres-debates-presidenciales-para-2024\/\" \/>\n<meta property=\"og:locale\" content=\"es_MX\" \/>\n<meta property=\"og:type\" content=\"article\" \/>\n<meta property=\"og:title\" content=\"INE estima tres debates presidenciales para 2024 - Fuentes Fidedignas\" \/>\n<meta property=\"og:description\" content=\"Los miembros de la Comisi\u00f3n Temporal de Debates del INE buscar\u00e1n reducir los costos de los debates presidenciales para 2024 El&nbsp;Instituto Nacional Electoral&nbsp;(INE) instal\u00f3 la&nbsp;Comisi\u00f3n Temporal&nbsp;de debates y aprob\u00f3 su Plan de Trabajo, que establece que en los pr\u00f3ximos meses deber\u00e1 organizar al menos tres&nbsp;debates presidenciales&nbsp;rumbo a la elecci\u00f3n del 2 de junio de 2024. [&hellip;]\" \/>\n<meta property=\"og:url\" content=\"https:\/\/fuentesfidedignas.com.mx\/index.php\/2023\/09\/23\/ine-estima-tres-debates-presidenciales-para-2024\/\" \/>\n<meta property=\"og:site_name\" content=\"Fuentes Fidedignas\" \/>\n<meta property=\"article:publisher\" content=\"https:\/\/www.facebook.com\/Fuentes-Fidedignas-368234489921644\" \/>\n<meta property=\"article:published_time\" content=\"2023-09-23T15:53:18+00:00\" \/>\n<meta property=\"article:modified_time\" content=\"2023-09-23T15:54:01+00:00\" \/>\n<meta property=\"og:image\" content=\"https:\/\/fuentesfidedignas.com.mx\/wp-content\/uploads\/2023\/09\/ine-instituto-nacional-electoral.jpg\" \/>\n\t<meta property=\"og:image:width\" content=\"1024\" \/>\n\t<meta property=\"og:image:height\" content=\"576\" \/>\n\t<meta property=\"og:image:type\" content=\"image\/jpeg\" \/>\n<meta name=\"author\" content=\"L\u00f3pez D\u00f3riga\" \/>\n<meta name=\"twitter:card\" content=\"summary_large_image\" \/>\n<meta name=\"twitter:creator\" content=\"@fidedignas\" \/>\n<meta name=\"twitter:site\" content=\"@fidedignas\" \/>\n<meta name=\"twitter:label1\" content=\"Escrito por\" \/>\n\t<meta name=\"twitter:data1\" content=\"L\u00f3pez D\u00f3riga\" \/>\n\t<meta name=\"twitter:label2\" content=\"Tiempo de lectura\" \/>\n\t<meta name=\"twitter:data2\" content=\"1 minuto\" \/>\n<script type=\"application\/ld+json\" class=\"yoast-schema-graph\">{\"@context\":\"https:\\\/\\\/schema.org\",\"@graph\":[{\"@type\":\"Article\",\"@id\":\"https:\\\/\\\/fuentesfidedignas.com.mx\\\/index.php\\\/2023\\\/09\\\/23\\\/ine-estima-tres-debates-presidenciales-para-2024\\\/#article\",\"isPartOf\":{\"@id\":\"https:\\\/\\\/fuentesfidedignas.com.mx\\\/index.php\\\/2023\\\/09\\\/23\\\/ine-estima-tres-debates-presidenciales-para-2024\\\/\"},\"author\":{\"name\":\"L\u00f3pez D\u00f3riga\",\"@id\":\"https:\\\/\\\/fuentesfidedignas.com.mx\\\/#\\\/schema\\\/person\\\/67d852f0557c8509146a4b9ddebd543a\"},\"headline\":\"INE estima tres debates presidenciales para 2024\",\"datePublished\":\"2023-09-23T15:53:18+00:00\",\"dateModified\":\"2023-09-23T15:54:01+00:00\",\"mainEntityOfPage\":{\"@id\":\"https:\\\/\\\/fuentesfidedignas.com.mx\\\/index.php\\\/2023\\\/09\\\/23\\\/ine-estima-tres-debates-presidenciales-para-2024\\\/\"},\"wordCount\":278,\"commentCount\":0,\"publisher\":{\"@id\":\"https:\\\/\\\/fuentesfidedignas.com.mx\\\/#organization\"},\"image\":{\"@id\":\"https:\\\/\\\/fuentesfidedignas.com.mx\\\/index.php\\\/2023\\\/09\\\/23\\\/ine-estima-tres-debates-presidenciales-para-2024\\\/#primaryimage\"},\"thumbnailUrl\":\"https:\\\/\\\/fuentesfidedignas.com.mx\\\/wp-content\\\/uploads\\\/2023\\\/09\\\/ine-instituto-nacional-electoral.jpg\",\"articleSection\":[\"NOTICIAS NACIONALES\"],\"inLanguage\":\"es\",\"potentialAction\":[{\"@type\":\"CommentAction\",\"name\":\"Comment\",\"target\":[\"https:\\\/\\\/fuentesfidedignas.com.mx\\\/index.php\\\/2023\\\/09\\\/23\\\/ine-estima-tres-debates-presidenciales-para-2024\\\/#respond\"]}]},{\"@type\":\"WebPage\",\"@id\":\"https:\\\/\\\/fuentesfidedignas.com.mx\\\/index.php\\\/2023\\\/09\\\/23\\\/ine-estima-tres-debates-presidenciales-para-2024\\\/\",\"url\":\"https:\\\/\\\/fuentesfidedignas.com.mx\\\/index.php\\\/2023\\\/09\\\/23\\\/ine-estima-tres-debates-presidenciales-para-2024\\\/\",\"name\":\"INE estima tres debates presidenciales para 2024 - Fuentes Fidedignas\",\"isPartOf\":{\"@id\":\"https:\\\/\\\/fuentesfidedignas.com.mx\\\/#website\"},\"primaryImageOfPage\":{\"@id\":\"https:\\\/\\\/fuentesfidedignas.com.mx\\\/index.php\\\/2023\\\/09\\\/23\\\/ine-estima-tres-debates-presidenciales-para-2024\\\/#primaryimage\"},\"image\":{\"@id\":\"https:\\\/\\\/fuentesfidedignas.com.mx\\\/index.php\\\/2023\\\/09\\\/23\\\/ine-estima-tres-debates-presidenciales-para-2024\\\/#primaryimage\"},\"thumbnailUrl\":\"https:\\\/\\\/fuentesfidedignas.com.mx\\\/wp-content\\\/uploads\\\/2023\\\/09\\\/ine-instituto-nacional-electoral.jpg\",\"datePublished\":\"2023-09-23T15:53:18+00:00\",\"dateModified\":\"2023-09-23T15:54:01+00:00\",\"breadcrumb\":{\"@id\":\"https:\\\/\\\/fuentesfidedignas.com.mx\\\/index.php\\\/2023\\\/09\\\/23\\\/ine-estima-tres-debates-presidenciales-para-2024\\\/#breadcrumb\"},\"inLanguage\":\"es\",\"potentialAction\":[{\"@type\":\"ReadAction\",\"target\":[\"https:\\\/\\\/fuentesfidedignas.com.mx\\\/index.php\\\/2023\\\/09\\\/23\\\/ine-estima-tres-debates-presidenciales-para-2024\\\/\"]}]},{\"@type\":\"ImageObject\",\"inLanguage\":\"es\",\"@id\":\"https:\\\/\\\/fuentesfidedignas.com.mx\\\/index.php\\\/2023\\\/09\\\/23\\\/ine-estima-tres-debates-presidenciales-para-2024\\\/#primaryimage\",\"url\":\"https:\\\/\\\/fuentesfidedignas.com.mx\\\/wp-content\\\/uploads\\\/2023\\\/09\\\/ine-instituto-nacional-electoral.jpg\",\"contentUrl\":\"https:\\\/\\\/fuentesfidedignas.com.mx\\\/wp-content\\\/uploads\\\/2023\\\/09\\\/ine-instituto-nacional-electoral.jpg\",\"width\":1024,\"height\":576},{\"@type\":\"BreadcrumbList\",\"@id\":\"https:\\\/\\\/fuentesfidedignas.com.mx\\\/index.php\\\/2023\\\/09\\\/23\\\/ine-estima-tres-debates-presidenciales-para-2024\\\/#breadcrumb\",\"itemListElement\":[{\"@type\":\"ListItem\",\"position\":1,\"name\":\"Inicio\",\"item\":\"https:\\\/\\\/fuentesfidedignas.com.mx\\\/\"},{\"@type\":\"ListItem\",\"position\":2,\"name\":\"INE estima tres debates presidenciales para 2024\"}]},{\"@type\":\"WebSite\",\"@id\":\"https:\\\/\\\/fuentesfidedignas.com.mx\\\/#website\",\"url\":\"https:\\\/\\\/fuentesfidedignas.com.mx\\\/\",\"name\":\"Fuentes Fidedignas\",\"description\":\"Otro sitio realizado con WordPress\",\"publisher\":{\"@id\":\"https:\\\/\\\/fuentesfidedignas.com.mx\\\/#organization\"},\"potentialAction\":[{\"@type\":\"SearchAction\",\"target\":{\"@type\":\"EntryPoint\",\"urlTemplate\":\"https:\\\/\\\/fuentesfidedignas.com.mx\\\/?s={search_term_string}\"},\"query-input\":{\"@type\":\"PropertyValueSpecification\",\"valueRequired\":true,\"valueName\":\"search_term_string\"}}],\"inLanguage\":\"es\"},{\"@type\":\"Organization\",\"@id\":\"https:\\\/\\\/fuentesfidedignas.com.mx\\\/#organization\",\"name\":\"Fuentes Fidedignas\",\"url\":\"https:\\\/\\\/fuentesfidedignas.com.mx\\\/\",\"logo\":{\"@type\":\"ImageObject\",\"inLanguage\":\"es\",\"@id\":\"https:\\\/\\\/fuentesfidedignas.com.mx\\\/#\\\/schema\\\/logo\\\/image\\\/\",\"url\":\"https:\\\/\\\/fuentesfidedignas.com.mx\\\/wp-content\\\/uploads\\\/2021\\\/04\\\/logo-retina.png\",\"contentUrl\":\"https:\\\/\\\/fuentesfidedignas.com.mx\\\/wp-content\\\/uploads\\\/2021\\\/04\\\/logo-retina.png\",\"width\":280,\"height\":51,\"caption\":\"Fuentes Fidedignas\"},\"image\":{\"@id\":\"https:\\\/\\\/fuentesfidedignas.com.mx\\\/#\\\/schema\\\/logo\\\/image\\\/\"},\"sameAs\":[\"https:\\\/\\\/www.facebook.com\\\/Fuentes-Fidedignas-368234489921644\",\"https:\\\/\\\/x.com\\\/fidedignas\"]},{\"@type\":\"Person\",\"@id\":\"https:\\\/\\\/fuentesfidedignas.com.mx\\\/#\\\/schema\\\/person\\\/67d852f0557c8509146a4b9ddebd543a\",\"name\":\"L\u00f3pez D\u00f3riga\",\"image\":{\"@type\":\"ImageObject\",\"inLanguage\":\"es\",\"@id\":\"https:\\\/\\\/secure.gravatar.com\\\/avatar\\\/e525b06574ca18b33cded59dfe5778d6c823b9513154eff47da551b0551bdd1e?s=96&d=mm&r=g\",\"url\":\"https:\\\/\\\/secure.gravatar.com\\\/avatar\\\/e525b06574ca18b33cded59dfe5778d6c823b9513154eff47da551b0551bdd1e?s=96&d=mm&r=g\",\"contentUrl\":\"https:\\\/\\\/secure.gravatar.com\\\/avatar\\\/e525b06574ca18b33cded59dfe5778d6c823b9513154eff47da551b0551bdd1e?s=96&d=mm&r=g\",\"caption\":\"L\u00f3pez D\u00f3riga\"},\"url\":\"https:\\\/\\\/fuentesfidedignas.com.mx\\\/index.php\\\/author\\\/doriga\\\/\"}]}<\/script>\n<!-- \/ Yoast SEO plugin. -->","yoast_head_json":{"title":"INE estima tres debates presidenciales para 2024 - Fuentes Fidedignas","robots":{"index":"index","follow":"follow","max-snippet":"max-snippet:-1","max-image-preview":"max-image-preview:large","max-video-preview":"max-video-preview:-1"},"canonical":"https:\/\/fuentesfidedignas.com.mx\/index.php\/2023\/09\/23\/ine-estima-tres-debates-presidenciales-para-2024\/","og_locale":"es_MX","og_type":"article","og_title":"INE estima tres debates presidenciales para 2024 - Fuentes Fidedignas","og_description":"Los miembros de la Comisi\u00f3n Temporal de Debates del INE buscar\u00e1n reducir los costos de los debates presidenciales para 2024 El&nbsp;Instituto Nacional Electoral&nbsp;(INE) instal\u00f3 la&nbsp;Comisi\u00f3n Temporal&nbsp;de debates y aprob\u00f3 su Plan de Trabajo, que establece que en los pr\u00f3ximos meses deber\u00e1 organizar al menos tres&nbsp;debates presidenciales&nbsp;rumbo a la elecci\u00f3n del 2 de junio de 2024. [&hellip;]","og_url":"https:\/\/fuentesfidedignas.com.mx\/index.php\/2023\/09\/23\/ine-estima-tres-debates-presidenciales-para-2024\/","og_site_name":"Fuentes Fidedignas","article_publisher":"https:\/\/www.facebook.com\/Fuentes-Fidedignas-368234489921644","article_published_time":"2023-09-23T15:53:18+00:00","article_modified_time":"2023-09-23T15:54:01+00:00","og_image":[{"width":1024,"height":576,"url":"https:\/\/fuentesfidedignas.com.mx\/wp-content\/uploads\/2023\/09\/ine-instituto-nacional-electoral.jpg","type":"image\/jpeg"}],"author":"L\u00f3pez D\u00f3riga","twitter_card":"summary_large_image","twitter_creator":"@fidedignas","twitter_site":"@fidedignas","twitter_misc":{"Escrito por":"L\u00f3pez D\u00f3riga","Tiempo de lectura":"1 minuto"},"schema":{"@context":"https:\/\/schema.org","@graph":[{"@type":"Article","@id":"https:\/\/fuentesfidedignas.com.mx\/index.php\/2023\/09\/23\/ine-estima-tres-debates-presidenciales-para-2024\/#article","isPartOf":{"@id":"https:\/\/fuentesfidedignas.com.mx\/index.php\/2023\/09\/23\/ine-estima-tres-debates-presidenciales-para-2024\/"},"author":{"name":"L\u00f3pez D\u00f3riga","@id":"https:\/\/fuentesfidedignas.com.mx\/#\/schema\/person\/67d852f0557c8509146a4b9ddebd543a"},"headline":"INE estima tres debates presidenciales para 2024","datePublished":"2023-09-23T15:53:18+00:00","dateModified":"2023-09-23T15:54:01+00:00","mainEntityOfPage":{"@id":"https:\/\/fuentesfidedignas.com.mx\/index.php\/2023\/09\/23\/ine-estima-tres-debates-presidenciales-para-2024\/"},"wordCount":278,"commentCount":0,"publisher":{"@id":"https:\/\/fuentesfidedignas.com.mx\/#organization"},"image":{"@id":"https:\/\/fuentesfidedignas.com.mx\/index.php\/2023\/09\/23\/ine-estima-tres-debates-presidenciales-para-2024\/#primaryimage"},"thumbnailUrl":"https:\/\/fuentesfidedignas.com.mx\/wp-content\/uploads\/2023\/09\/ine-instituto-nacional-electoral.jpg","articleSection":["NOTICIAS NACIONALES"],"inLanguage":"es","potentialAction":[{"@type":"CommentAction","name":"Comment","target":["https:\/\/fuentesfidedignas.com.mx\/index.php\/2023\/09\/23\/ine-estima-tres-debates-presidenciales-para-2024\/#respond"]}]},{"@type":"WebPage","@id":"https:\/\/fuentesfidedignas.com.mx\/index.php\/2023\/09\/23\/ine-estima-tres-debates-presidenciales-para-2024\/","url":"https:\/\/fuentesfidedignas.com.mx\/index.php\/2023\/09\/23\/ine-estima-tres-debates-presidenciales-para-2024\/","name":"INE estima tres debates presidenciales para 2024 - Fuentes Fidedignas","isPartOf":{"@id":"https:\/\/fuentesfidedignas.com.mx\/#website"},"primaryImageOfPage":{"@id":"https:\/\/fuentesfidedignas.com.mx\/index.php\/2023\/09\/23\/ine-estima-tres-debates-presidenciales-para-2024\/#primaryimage"},"image":{"@id":"https:\/\/fuentesfidedignas.com.mx\/index.php\/2023\/09\/23\/ine-estima-tres-debates-presidenciales-para-2024\/#primaryimage"},"thumbnailUrl":"https:\/\/fuentesfidedignas.com.mx\/wp-content\/uploads\/2023\/09\/ine-instituto-nacional-electoral.jpg","datePublished":"2023-09-23T15:53:18+00:00","dateModified":"2023-09-23T15:54:01+00:00","breadcrumb":{"@id":"https:\/\/fuentesfidedignas.com.mx\/index.php\/2023\/09\/23\/ine-estima-tres-debates-presidenciales-para-2024\/#breadcrumb"},"inLanguage":"es","potentialAction":[{"@type":"ReadAction","target":["https:\/\/fuentesfidedignas.com.mx\/index.php\/2023\/09\/23\/ine-estima-tres-debates-presidenciales-para-2024\/"]}]},{"@type":"ImageObject","inLanguage":"es","@id":"https:\/\/fuentesfidedignas.com.mx\/index.php\/2023\/09\/23\/ine-estima-tres-debates-presidenciales-para-2024\/#primaryimage","url":"https:\/\/fuentesfidedignas.com.mx\/wp-content\/uploads\/2023\/09\/ine-instituto-nacional-electoral.jpg","contentUrl":"https:\/\/fuentesfidedignas.com.mx\/wp-content\/uploads\/2023\/09\/ine-instituto-nacional-electoral.jpg","width":1024,"height":576},{"@type":"BreadcrumbList","@id":"https:\/\/fuentesfidedignas.com.mx\/index.php\/2023\/09\/23\/ine-estima-tres-debates-presidenciales-para-2024\/#breadcrumb","itemListElement":[{"@type":"ListItem","position":1,"name":"Inicio","item":"https:\/\/fuentesfidedignas.com.mx\/"},{"@type":"ListItem","position":2,"name":"INE estima tres debates presidenciales para 2024"}]},{"@type":"WebSite","@id":"https:\/\/fuentesfidedignas.com.mx\/#website","url":"https:\/\/fuentesfidedignas.com.mx\/","name":"Fuentes Fidedignas","description":"Otro sitio realizado con WordPress","publisher":{"@id":"https:\/\/fuentesfidedignas.com.mx\/#organization"},"potentialAction":[{"@type":"SearchAction","target":{"@type":"EntryPoint","urlTemplate":"https:\/\/fuentesfidedignas.com.mx\/?s={search_term_string}"},"query-input":{"@type":"PropertyValueSpecification","valueRequired":true,"valueName":"search_term_string"}}],"inLanguage":"es"},{"@type":"Organization","@id":"https:\/\/fuentesfidedignas.com.mx\/#organization","name":"Fuentes Fidedignas","url":"https:\/\/fuentesfidedignas.com.mx\/","logo":{"@type":"ImageObject","inLanguage":"es","@id":"https:\/\/fuentesfidedignas.com.mx\/#\/schema\/logo\/image\/","url":"https:\/\/fuentesfidedignas.com.mx\/wp-content\/uploads\/2021\/04\/logo-retina.png","contentUrl":"https:\/\/fuentesfidedignas.com.mx\/wp-content\/uploads\/2021\/04\/logo-retina.png","width":280,"height":51,"caption":"Fuentes Fidedignas"},"image":{"@id":"https:\/\/fuentesfidedignas.com.mx\/#\/schema\/logo\/image\/"},"sameAs":["https:\/\/www.facebook.com\/Fuentes-Fidedignas-368234489921644","https:\/\/x.com\/fidedignas"]},{"@type":"Person","@id":"https:\/\/fuentesfidedignas.com.mx\/#\/schema\/person\/67d852f0557c8509146a4b9ddebd543a","name":"L\u00f3pez D\u00f3riga","image":{"@type":"ImageObject","inLanguage":"es","@id":"https:\/\/secure.gravatar.com\/avatar\/e525b06574ca18b33cded59dfe5778d6c823b9513154eff47da551b0551bdd1e?s=96&d=mm&r=g","url":"https:\/\/secure.gravatar.com\/avatar\/e525b06574ca18b33cded59dfe5778d6c823b9513154eff47da551b0551bdd1e?s=96&d=mm&r=g","contentUrl":"https:\/\/secure.gravatar.com\/avatar\/e525b06574ca18b33cded59dfe5778d6c823b9513154eff47da551b0551bdd1e?s=96&d=mm&r=g","caption":"L\u00f3pez D\u00f3riga"},"url":"https:\/\/fuentesfidedignas.com.mx\/index.php\/author\/doriga\/"}]}},"_links":{"self":[{"href":"https:\/\/fuentesfidedignas.com.mx\/index.php\/wp-json\/wp\/v2\/posts\/60066","targetHints":{"allow":["GET"]}}],"collection":[{"href":"https:\/\/fuentesfidedignas.com.mx\/index.php\/wp-json\/wp\/v2\/posts"}],"about":[{"href":"https:\/\/fuentesfidedignas.com.mx\/index.php\/wp-json\/wp\/v2\/types\/post"}],"author":[{"embeddable":true,"href":"https:\/\/fuentesfidedignas.com.mx\/index.php\/wp-json\/wp\/v2\/users\/47"}],"replies":[{"embeddable":true,"href":"https:\/\/fuentesfidedignas.com.mx\/index.php\/wp-json\/wp\/v2\/comments?post=60066"}],"version-history":[{"count":1,"href":"https:\/\/fuentesfidedignas.com.mx\/index.php\/wp-json\/wp\/v2\/posts\/60066\/revisions"}],"predecessor-version":[{"id":60067,"href":"https:\/\/fuentesfidedignas.com.mx\/index.php\/wp-json\/wp\/v2\/posts\/60066\/revisions\/60067"}],"wp:featuredmedia":[{"embeddable":true,"href":"https:\/\/fuentesfidedignas.com.mx\/index.php\/wp-json\/wp\/v2\/media\/60068"}],"wp:attachment":[{"href":"https:\/\/fuentesfidedignas.com.mx\/index.php\/wp-json\/wp\/v2\/media?parent=60066"}],"wp:term":[{"taxonomy":"category","embeddable":true,"href":"https:\/\/fuentesfidedignas.com.mx\/index.php\/wp-json\/wp\/v2\/categories?post=60066"},{"taxonomy":"post_tag","embeddable":true,"href":"https:\/\/fuentesfidedignas.com.mx\/index.php\/wp-json\/wp\/v2\/tags?post=60066"}],"curies":[{"name":"wp","href":"https:\/\/api.w.org\/{rel}","templated":true}]}}