{"id":60053,"date":"2023-09-22T17:58:43","date_gmt":"2023-09-23T00:58:43","guid":{"rendered":"https:\/\/fuentesfidedignas.com.mx\/?p=60053"},"modified":"2023-09-22T18:00:32","modified_gmt":"2023-09-23T01:00:32","slug":"el-fuerte-realiza-el-segundo-taller-de-trabajo-del-programa-municipal-de-ordenamiento-territorial-y-urbano","status":"publish","type":"post","link":"https:\/\/fuentesfidedignas.com.mx\/index.php\/2023\/09\/22\/el-fuerte-realiza-el-segundo-taller-de-trabajo-del-programa-municipal-de-ordenamiento-territorial-y-urbano\/","title":{"rendered":"El Fuerte realiza el segundo Taller de Trabajo del Programa Municipal de Ordenamiento Territorial y Urbano"},"content":{"rendered":"\n<p><strong><em>Con la participaci\u00f3n de SEBIDES, Grupo Kreativa, directores de \u00e1rea y s\u00edndicos se llev\u00f3 acabo esta actividad con la que se busca establecer los futuros instrumentos de planeaci\u00f3n para la obra p\u00fablica y desarrollo del municipio<\/em><\/strong><\/p>\n\n\n\n<p>El Fuerte, Sin.- Con el objetivo de elaborar el marco normativo que regir\u00e1 el desarrollo territorial y urbano del municipio, la Direcci\u00f3n de Obras P\u00fablicas, Departamento de Desarrollo Urbano y Ecolog\u00eda, en coordinaci\u00f3n con la Secretaria de Bienestar y Desarrollo Sustentable y la Secretaria de Desarrollo Agrario, Territorial y Urbano, llevaron a cabo, un taller de trabajo de participaci\u00f3n ciudadana y gubernamental, mediante el cual se obtendr\u00e1 la informaci\u00f3n requerida para actualizar los procedimientos e instrumentos bajo los que se planear\u00e1n y ejecutaran los programas de obra p\u00fablica, en base a las necesidades actuales del municipio.<\/p>\n\n\n\n<figure class=\"wp-block-gallery has-nested-images columns-default is-cropped wp-block-gallery-1 is-layout-flex wp-block-gallery-is-layout-flex\">\n<figure class=\"wp-block-image size-large\"><img decoding=\"async\" width=\"1024\" height=\"682\" data-id=\"60060\" src=\"https:\/\/fuentesfidedignas.com.mx\/wp-content\/uploads\/2023\/09\/IMG-20230922-WA0064-1024x682.jpg\" alt=\"\" class=\"wp-image-60060\" srcset=\"https:\/\/fuentesfidedignas.com.mx\/wp-content\/uploads\/2023\/09\/IMG-20230922-WA0064-1024x682.jpg 1024w, https:\/\/fuentesfidedignas.com.mx\/wp-content\/uploads\/2023\/09\/IMG-20230922-WA0064-300x200.jpg 300w, https:\/\/fuentesfidedignas.com.mx\/wp-content\/uploads\/2023\/09\/IMG-20230922-WA0064-768x512.jpg 768w, https:\/\/fuentesfidedignas.com.mx\/wp-content\/uploads\/2023\/09\/IMG-20230922-WA0064-1536x1023.jpg 1536w, https:\/\/fuentesfidedignas.com.mx\/wp-content\/uploads\/2023\/09\/IMG-20230922-WA0064.jpg 1600w\" sizes=\"(max-width: 1024px) 100vw, 1024px\" \/><\/figure>\n\n\n\n<figure class=\"wp-block-image size-large\"><img decoding=\"async\" width=\"1024\" height=\"682\" data-id=\"60056\" src=\"https:\/\/fuentesfidedignas.com.mx\/wp-content\/uploads\/2023\/09\/IMG-20230922-WA0067-1024x682.jpg\" alt=\"\" class=\"wp-image-60056\" srcset=\"https:\/\/fuentesfidedignas.com.mx\/wp-content\/uploads\/2023\/09\/IMG-20230922-WA0067-1024x682.jpg 1024w, https:\/\/fuentesfidedignas.com.mx\/wp-content\/uploads\/2023\/09\/IMG-20230922-WA0067-300x200.jpg 300w, https:\/\/fuentesfidedignas.com.mx\/wp-content\/uploads\/2023\/09\/IMG-20230922-WA0067-768x512.jpg 768w, https:\/\/fuentesfidedignas.com.mx\/wp-content\/uploads\/2023\/09\/IMG-20230922-WA0067-1536x1023.jpg 1536w, https:\/\/fuentesfidedignas.com.mx\/wp-content\/uploads\/2023\/09\/IMG-20230922-WA0067.jpg 1600w\" sizes=\"(max-width: 1024px) 100vw, 1024px\" \/><\/figure>\n\n\n\n<figure class=\"wp-block-image size-large\"><img decoding=\"async\" width=\"1024\" height=\"682\" data-id=\"60057\" src=\"https:\/\/fuentesfidedignas.com.mx\/wp-content\/uploads\/2023\/09\/IMG-20230922-WA0069-1024x682.jpg\" alt=\"\" class=\"wp-image-60057\" srcset=\"https:\/\/fuentesfidedignas.com.mx\/wp-content\/uploads\/2023\/09\/IMG-20230922-WA0069-1024x682.jpg 1024w, https:\/\/fuentesfidedignas.com.mx\/wp-content\/uploads\/2023\/09\/IMG-20230922-WA0069-300x200.jpg 300w, https:\/\/fuentesfidedignas.com.mx\/wp-content\/uploads\/2023\/09\/IMG-20230922-WA0069-768x512.jpg 768w, https:\/\/fuentesfidedignas.com.mx\/wp-content\/uploads\/2023\/09\/IMG-20230922-WA0069-1536x1023.jpg 1536w, https:\/\/fuentesfidedignas.com.mx\/wp-content\/uploads\/2023\/09\/IMG-20230922-WA0069.jpg 1600w\" sizes=\"(max-width: 1024px) 100vw, 1024px\" \/><\/figure>\n\n\n\n<figure class=\"wp-block-image size-large\"><img decoding=\"async\" width=\"1024\" height=\"682\" data-id=\"60058\" src=\"https:\/\/fuentesfidedignas.com.mx\/wp-content\/uploads\/2023\/09\/IMG-20230922-WA0066-1024x682.jpg\" alt=\"\" class=\"wp-image-60058\" srcset=\"https:\/\/fuentesfidedignas.com.mx\/wp-content\/uploads\/2023\/09\/IMG-20230922-WA0066-1024x682.jpg 1024w, https:\/\/fuentesfidedignas.com.mx\/wp-content\/uploads\/2023\/09\/IMG-20230922-WA0066-300x200.jpg 300w, https:\/\/fuentesfidedignas.com.mx\/wp-content\/uploads\/2023\/09\/IMG-20230922-WA0066-768x512.jpg 768w, https:\/\/fuentesfidedignas.com.mx\/wp-content\/uploads\/2023\/09\/IMG-20230922-WA0066-1536x1023.jpg 1536w, https:\/\/fuentesfidedignas.com.mx\/wp-content\/uploads\/2023\/09\/IMG-20230922-WA0066.jpg 1600w\" sizes=\"(max-width: 1024px) 100vw, 1024px\" \/><\/figure>\n\n\n\n<figure class=\"wp-block-image size-large\"><img decoding=\"async\" width=\"1024\" height=\"682\" data-id=\"60059\" src=\"https:\/\/fuentesfidedignas.com.mx\/wp-content\/uploads\/2023\/09\/IMG-20230922-WA0068-1024x682.jpg\" alt=\"\" class=\"wp-image-60059\" srcset=\"https:\/\/fuentesfidedignas.com.mx\/wp-content\/uploads\/2023\/09\/IMG-20230922-WA0068-1024x682.jpg 1024w, https:\/\/fuentesfidedignas.com.mx\/wp-content\/uploads\/2023\/09\/IMG-20230922-WA0068-300x200.jpg 300w, https:\/\/fuentesfidedignas.com.mx\/wp-content\/uploads\/2023\/09\/IMG-20230922-WA0068-768x512.jpg 768w, https:\/\/fuentesfidedignas.com.mx\/wp-content\/uploads\/2023\/09\/IMG-20230922-WA0068-1536x1023.jpg 1536w, https:\/\/fuentesfidedignas.com.mx\/wp-content\/uploads\/2023\/09\/IMG-20230922-WA0068.jpg 1600w\" sizes=\"(max-width: 1024px) 100vw, 1024px\" \/><\/figure>\n<\/figure>\n\n\n\n<p>En representaci\u00f3n del Alcalde Gildardo Leyva Ortega, estuvo presente la Oficial Mayor, Dora Rosario Manzanares Coronado, por parte de SEBIDES, estuvo el Director de Desarrollo Urbano y Vivienda, el Ing. Luis Alexis Garc\u00eda Yuriar, el Lic. Israel Victoria Lona, de la Consultor\u00eda de Grupo Kreativa, Arq. Juan Carlos Serrano, Director de Construcci\u00f3n y Obras P\u00fablicas de El Fuerte y la Jefa del Departamento de Desarrollo Urbano y Ecolog\u00eda de El Fuerte, Lic. Ana Rosa Pacheco Apodaca.<\/p>\n\n\n\n<p>\u201c<strong>No quiero que vengan a escucharnos a nosotros, nosotros venimos a escucharlos a ustedes, este taller para eso es. Es importante que si ustedes ven alg\u00fan tema que no venga considerado en el an\u00e1lisis que la consultor\u00eda ha realizado, lo expongan ahorita, porque ustedes viven aqu\u00ed, ustedes saben la problem\u00e1tica que tienen. Este es un trabajo que tiene una visi\u00f3n a m\u00e1s de 20 a\u00f1os<\/strong>\u201d, expres\u00f3 el Ing. Luis Alexis Garc\u00eda Yuriar.<\/p>\n\n\n\n<p>La Direcci\u00f3n de Construcci\u00f3n y Obras P\u00fablicas agradeci\u00f3 enormemente la asistencia, ya que esto da pauta para continuar con el elaboraci\u00f3n del Programa Municipal de Ordenamiento Territorial y Desarrollo Urbano del Municipio, con el \u00fanico prop\u00f3sito que en los a\u00f1os venideros se extienda de manera ordenada, planeada y sobretodo sustentable.<\/p>\n","protected":false},"excerpt":{"rendered":"<p>Con la participaci\u00f3n de SEBIDES, Grupo Kreativa, directores de \u00e1rea y s\u00edndicos se llev\u00f3 acabo esta actividad con la que se busca establecer los futuros instrumentos de planeaci\u00f3n para la obra p\u00fablica y desarrollo del municipio El Fuerte, Sin.- Con el objetivo de elaborar el marco normativo que regir\u00e1 el desarrollo territorial y urbano del [&hellip;]<\/p>\n","protected":false},"author":4,"featured_media":60055,"comment_status":"open","ping_status":"open","sticky":false,"template":"","format":"standard","meta":{"tdm_status":"","tdm_grid_status":"","footnotes":""},"categories":[1],"tags":[],"class_list":{"0":"post-60053","1":"post","2":"type-post","3":"status-publish","4":"format-standard","5":"has-post-thumbnail","7":"category-sin-categoria"},"yoast_head":"<!-- This site is optimized with the Yoast SEO plugin v27.5 - https:\/\/yoast.com\/product\/yoast-seo-wordpress\/ -->\n<title>El Fuerte realiza el segundo Taller de Trabajo del Programa Municipal de Ordenamiento Territorial y Urbano - Fuentes Fidedignas<\/title>\n<meta name=\"robots\" content=\"index, follow, max-snippet:-1, max-image-preview:large, max-video-preview:-1\" \/>\n<link rel=\"canonical\" href=\"https:\/\/fuentesfidedignas.com.mx\/index.php\/2023\/09\/22\/el-fuerte-realiza-el-segundo-taller-de-trabajo-del-programa-municipal-de-ordenamiento-territorial-y-urbano\/\" \/>\n<meta property=\"og:locale\" content=\"es_MX\" \/>\n<meta property=\"og:type\" content=\"article\" \/>\n<meta property=\"og:title\" content=\"El Fuerte realiza el segundo Taller de Trabajo del Programa Municipal de Ordenamiento Territorial y Urbano - Fuentes Fidedignas\" \/>\n<meta property=\"og:description\" content=\"Con la participaci\u00f3n de SEBIDES, Grupo Kreativa, directores de \u00e1rea y s\u00edndicos se llev\u00f3 acabo esta actividad con la que se busca establecer los futuros instrumentos de planeaci\u00f3n para la obra p\u00fablica y desarrollo del municipio El Fuerte, Sin.- Con el objetivo de elaborar el marco normativo que regir\u00e1 el desarrollo territorial y urbano del [&hellip;]\" \/>\n<meta property=\"og:url\" content=\"https:\/\/fuentesfidedignas.com.mx\/index.php\/2023\/09\/22\/el-fuerte-realiza-el-segundo-taller-de-trabajo-del-programa-municipal-de-ordenamiento-territorial-y-urbano\/\" \/>\n<meta property=\"og:site_name\" content=\"Fuentes Fidedignas\" \/>\n<meta property=\"article:publisher\" content=\"https:\/\/www.facebook.com\/Fuentes-Fidedignas-368234489921644\" \/>\n<meta property=\"article:published_time\" content=\"2023-09-23T00:58:43+00:00\" \/>\n<meta property=\"article:modified_time\" content=\"2023-09-23T01:00:32+00:00\" \/>\n<meta property=\"og:image\" content=\"https:\/\/fuentesfidedignas.com.mx\/wp-content\/uploads\/2023\/09\/IMG-20230922-WA0065.jpg\" \/>\n\t<meta property=\"og:image:width\" content=\"1600\" \/>\n\t<meta property=\"og:image:height\" content=\"1066\" \/>\n\t<meta property=\"og:image:type\" content=\"image\/jpeg\" \/>\n<meta name=\"author\" content=\"Redacci\u00f3n\" \/>\n<meta name=\"twitter:card\" content=\"summary_large_image\" \/>\n<meta name=\"twitter:creator\" content=\"@fidedignas\" \/>\n<meta name=\"twitter:site\" content=\"@fidedignas\" \/>\n<meta name=\"twitter:label1\" content=\"Escrito por\" \/>\n\t<meta name=\"twitter:data1\" content=\"Redacci\u00f3n\" \/>\n\t<meta name=\"twitter:label2\" content=\"Tiempo de lectura\" \/>\n\t<meta name=\"twitter:data2\" content=\"3 minutos\" \/>\n<script type=\"application\/ld+json\" class=\"yoast-schema-graph\">{\"@context\":\"https:\\\/\\\/schema.org\",\"@graph\":[{\"@type\":\"Article\",\"@id\":\"https:\\\/\\\/fuentesfidedignas.com.mx\\\/index.php\\\/2023\\\/09\\\/22\\\/el-fuerte-realiza-el-segundo-taller-de-trabajo-del-programa-municipal-de-ordenamiento-territorial-y-urbano\\\/#article\",\"isPartOf\":{\"@id\":\"https:\\\/\\\/fuentesfidedignas.com.mx\\\/index.php\\\/2023\\\/09\\\/22\\\/el-fuerte-realiza-el-segundo-taller-de-trabajo-del-programa-municipal-de-ordenamiento-territorial-y-urbano\\\/\"},\"author\":{\"name\":\"Redacci\u00f3n\",\"@id\":\"https:\\\/\\\/fuentesfidedignas.com.mx\\\/#\\\/schema\\\/person\\\/331be9283d37198e2acd5750279085b0\"},\"headline\":\"El Fuerte realiza el segundo Taller de Trabajo del Programa Municipal de Ordenamiento Territorial y Urbano\",\"datePublished\":\"2023-09-23T00:58:43+00:00\",\"dateModified\":\"2023-09-23T01:00:32+00:00\",\"mainEntityOfPage\":{\"@id\":\"https:\\\/\\\/fuentesfidedignas.com.mx\\\/index.php\\\/2023\\\/09\\\/22\\\/el-fuerte-realiza-el-segundo-taller-de-trabajo-del-programa-municipal-de-ordenamiento-territorial-y-urbano\\\/\"},\"wordCount\":378,\"commentCount\":0,\"publisher\":{\"@id\":\"https:\\\/\\\/fuentesfidedignas.com.mx\\\/#organization\"},\"image\":{\"@id\":\"https:\\\/\\\/fuentesfidedignas.com.mx\\\/index.php\\\/2023\\\/09\\\/22\\\/el-fuerte-realiza-el-segundo-taller-de-trabajo-del-programa-municipal-de-ordenamiento-territorial-y-urbano\\\/#primaryimage\"},\"thumbnailUrl\":\"https:\\\/\\\/fuentesfidedignas.com.mx\\\/wp-content\\\/uploads\\\/2023\\\/09\\\/IMG-20230922-WA0065.jpg\",\"inLanguage\":\"es\",\"potentialAction\":[{\"@type\":\"CommentAction\",\"name\":\"Comment\",\"target\":[\"https:\\\/\\\/fuentesfidedignas.com.mx\\\/index.php\\\/2023\\\/09\\\/22\\\/el-fuerte-realiza-el-segundo-taller-de-trabajo-del-programa-municipal-de-ordenamiento-territorial-y-urbano\\\/#respond\"]}]},{\"@type\":\"WebPage\",\"@id\":\"https:\\\/\\\/fuentesfidedignas.com.mx\\\/index.php\\\/2023\\\/09\\\/22\\\/el-fuerte-realiza-el-segundo-taller-de-trabajo-del-programa-municipal-de-ordenamiento-territorial-y-urbano\\\/\",\"url\":\"https:\\\/\\\/fuentesfidedignas.com.mx\\\/index.php\\\/2023\\\/09\\\/22\\\/el-fuerte-realiza-el-segundo-taller-de-trabajo-del-programa-municipal-de-ordenamiento-territorial-y-urbano\\\/\",\"name\":\"El Fuerte realiza el segundo Taller de Trabajo del Programa Municipal de Ordenamiento Territorial y Urbano - Fuentes Fidedignas\",\"isPartOf\":{\"@id\":\"https:\\\/\\\/fuentesfidedignas.com.mx\\\/#website\"},\"primaryImageOfPage\":{\"@id\":\"https:\\\/\\\/fuentesfidedignas.com.mx\\\/index.php\\\/2023\\\/09\\\/22\\\/el-fuerte-realiza-el-segundo-taller-de-trabajo-del-programa-municipal-de-ordenamiento-territorial-y-urbano\\\/#primaryimage\"},\"image\":{\"@id\":\"https:\\\/\\\/fuentesfidedignas.com.mx\\\/index.php\\\/2023\\\/09\\\/22\\\/el-fuerte-realiza-el-segundo-taller-de-trabajo-del-programa-municipal-de-ordenamiento-territorial-y-urbano\\\/#primaryimage\"},\"thumbnailUrl\":\"https:\\\/\\\/fuentesfidedignas.com.mx\\\/wp-content\\\/uploads\\\/2023\\\/09\\\/IMG-20230922-WA0065.jpg\",\"datePublished\":\"2023-09-23T00:58:43+00:00\",\"dateModified\":\"2023-09-23T01:00:32+00:00\",\"breadcrumb\":{\"@id\":\"https:\\\/\\\/fuentesfidedignas.com.mx\\\/index.php\\\/2023\\\/09\\\/22\\\/el-fuerte-realiza-el-segundo-taller-de-trabajo-del-programa-municipal-de-ordenamiento-territorial-y-urbano\\\/#breadcrumb\"},\"inLanguage\":\"es\",\"potentialAction\":[{\"@type\":\"ReadAction\",\"target\":[\"https:\\\/\\\/fuentesfidedignas.com.mx\\\/index.php\\\/2023\\\/09\\\/22\\\/el-fuerte-realiza-el-segundo-taller-de-trabajo-del-programa-municipal-de-ordenamiento-territorial-y-urbano\\\/\"]}]},{\"@type\":\"ImageObject\",\"inLanguage\":\"es\",\"@id\":\"https:\\\/\\\/fuentesfidedignas.com.mx\\\/index.php\\\/2023\\\/09\\\/22\\\/el-fuerte-realiza-el-segundo-taller-de-trabajo-del-programa-municipal-de-ordenamiento-territorial-y-urbano\\\/#primaryimage\",\"url\":\"https:\\\/\\\/fuentesfidedignas.com.mx\\\/wp-content\\\/uploads\\\/2023\\\/09\\\/IMG-20230922-WA0065.jpg\",\"contentUrl\":\"https:\\\/\\\/fuentesfidedignas.com.mx\\\/wp-content\\\/uploads\\\/2023\\\/09\\\/IMG-20230922-WA0065.jpg\",\"width\":1600,\"height\":1066},{\"@type\":\"BreadcrumbList\",\"@id\":\"https:\\\/\\\/fuentesfidedignas.com.mx\\\/index.php\\\/2023\\\/09\\\/22\\\/el-fuerte-realiza-el-segundo-taller-de-trabajo-del-programa-municipal-de-ordenamiento-territorial-y-urbano\\\/#breadcrumb\",\"itemListElement\":[{\"@type\":\"ListItem\",\"position\":1,\"name\":\"Inicio\",\"item\":\"https:\\\/\\\/fuentesfidedignas.com.mx\\\/\"},{\"@type\":\"ListItem\",\"position\":2,\"name\":\"El Fuerte realiza el segundo Taller de Trabajo del Programa Municipal de Ordenamiento Territorial y Urbano\"}]},{\"@type\":\"WebSite\",\"@id\":\"https:\\\/\\\/fuentesfidedignas.com.mx\\\/#website\",\"url\":\"https:\\\/\\\/fuentesfidedignas.com.mx\\\/\",\"name\":\"Fuentes Fidedignas\",\"description\":\"Otro sitio realizado con WordPress\",\"publisher\":{\"@id\":\"https:\\\/\\\/fuentesfidedignas.com.mx\\\/#organization\"},\"potentialAction\":[{\"@type\":\"SearchAction\",\"target\":{\"@type\":\"EntryPoint\",\"urlTemplate\":\"https:\\\/\\\/fuentesfidedignas.com.mx\\\/?s={search_term_string}\"},\"query-input\":{\"@type\":\"PropertyValueSpecification\",\"valueRequired\":true,\"valueName\":\"search_term_string\"}}],\"inLanguage\":\"es\"},{\"@type\":\"Organization\",\"@id\":\"https:\\\/\\\/fuentesfidedignas.com.mx\\\/#organization\",\"name\":\"Fuentes Fidedignas\",\"url\":\"https:\\\/\\\/fuentesfidedignas.com.mx\\\/\",\"logo\":{\"@type\":\"ImageObject\",\"inLanguage\":\"es\",\"@id\":\"https:\\\/\\\/fuentesfidedignas.com.mx\\\/#\\\/schema\\\/logo\\\/image\\\/\",\"url\":\"https:\\\/\\\/fuentesfidedignas.com.mx\\\/wp-content\\\/uploads\\\/2021\\\/04\\\/logo-retina.png\",\"contentUrl\":\"https:\\\/\\\/fuentesfidedignas.com.mx\\\/wp-content\\\/uploads\\\/2021\\\/04\\\/logo-retina.png\",\"width\":280,\"height\":51,\"caption\":\"Fuentes Fidedignas\"},\"image\":{\"@id\":\"https:\\\/\\\/fuentesfidedignas.com.mx\\\/#\\\/schema\\\/logo\\\/image\\\/\"},\"sameAs\":[\"https:\\\/\\\/www.facebook.com\\\/Fuentes-Fidedignas-368234489921644\",\"https:\\\/\\\/x.com\\\/fidedignas\"]},{\"@type\":\"Person\",\"@id\":\"https:\\\/\\\/fuentesfidedignas.com.mx\\\/#\\\/schema\\\/person\\\/331be9283d37198e2acd5750279085b0\",\"name\":\"Redacci\u00f3n\",\"image\":{\"@type\":\"ImageObject\",\"inLanguage\":\"es\",\"@id\":\"https:\\\/\\\/secure.gravatar.com\\\/avatar\\\/f6d8782c11d12b2d4ad3fbb6931aeab5309937a4d6cd2fc9cfaa28a6396a5aec?s=96&d=mm&r=g\",\"url\":\"https:\\\/\\\/secure.gravatar.com\\\/avatar\\\/f6d8782c11d12b2d4ad3fbb6931aeab5309937a4d6cd2fc9cfaa28a6396a5aec?s=96&d=mm&r=g\",\"contentUrl\":\"https:\\\/\\\/secure.gravatar.com\\\/avatar\\\/f6d8782c11d12b2d4ad3fbb6931aeab5309937a4d6cd2fc9cfaa28a6396a5aec?s=96&d=mm&r=g\",\"caption\":\"Redacci\u00f3n\"},\"url\":\"https:\\\/\\\/fuentesfidedignas.com.mx\\\/index.php\\\/author\\\/redaccion\\\/\"}]}<\/script>\n<!-- \/ Yoast SEO plugin. -->","yoast_head_json":{"title":"El Fuerte realiza el segundo Taller de Trabajo del Programa Municipal de Ordenamiento Territorial y Urbano - Fuentes Fidedignas","robots":{"index":"index","follow":"follow","max-snippet":"max-snippet:-1","max-image-preview":"max-image-preview:large","max-video-preview":"max-video-preview:-1"},"canonical":"https:\/\/fuentesfidedignas.com.mx\/index.php\/2023\/09\/22\/el-fuerte-realiza-el-segundo-taller-de-trabajo-del-programa-municipal-de-ordenamiento-territorial-y-urbano\/","og_locale":"es_MX","og_type":"article","og_title":"El Fuerte realiza el segundo Taller de Trabajo del Programa Municipal de Ordenamiento Territorial y Urbano - Fuentes Fidedignas","og_description":"Con la participaci\u00f3n de SEBIDES, Grupo Kreativa, directores de \u00e1rea y s\u00edndicos se llev\u00f3 acabo esta actividad con la que se busca establecer los futuros instrumentos de planeaci\u00f3n para la obra p\u00fablica y desarrollo del municipio El Fuerte, Sin.- Con el objetivo de elaborar el marco normativo que regir\u00e1 el desarrollo territorial y urbano del [&hellip;]","og_url":"https:\/\/fuentesfidedignas.com.mx\/index.php\/2023\/09\/22\/el-fuerte-realiza-el-segundo-taller-de-trabajo-del-programa-municipal-de-ordenamiento-territorial-y-urbano\/","og_site_name":"Fuentes Fidedignas","article_publisher":"https:\/\/www.facebook.com\/Fuentes-Fidedignas-368234489921644","article_published_time":"2023-09-23T00:58:43+00:00","article_modified_time":"2023-09-23T01:00:32+00:00","og_image":[{"width":1600,"height":1066,"url":"https:\/\/fuentesfidedignas.com.mx\/wp-content\/uploads\/2023\/09\/IMG-20230922-WA0065.jpg","type":"image\/jpeg"}],"author":"Redacci\u00f3n","twitter_card":"summary_large_image","twitter_creator":"@fidedignas","twitter_site":"@fidedignas","twitter_misc":{"Escrito por":"Redacci\u00f3n","Tiempo de lectura":"3 minutos"},"schema":{"@context":"https:\/\/schema.org","@graph":[{"@type":"Article","@id":"https:\/\/fuentesfidedignas.com.mx\/index.php\/2023\/09\/22\/el-fuerte-realiza-el-segundo-taller-de-trabajo-del-programa-municipal-de-ordenamiento-territorial-y-urbano\/#article","isPartOf":{"@id":"https:\/\/fuentesfidedignas.com.mx\/index.php\/2023\/09\/22\/el-fuerte-realiza-el-segundo-taller-de-trabajo-del-programa-municipal-de-ordenamiento-territorial-y-urbano\/"},"author":{"name":"Redacci\u00f3n","@id":"https:\/\/fuentesfidedignas.com.mx\/#\/schema\/person\/331be9283d37198e2acd5750279085b0"},"headline":"El Fuerte realiza el segundo Taller de Trabajo del Programa Municipal de Ordenamiento Territorial y Urbano","datePublished":"2023-09-23T00:58:43+00:00","dateModified":"2023-09-23T01:00:32+00:00","mainEntityOfPage":{"@id":"https:\/\/fuentesfidedignas.com.mx\/index.php\/2023\/09\/22\/el-fuerte-realiza-el-segundo-taller-de-trabajo-del-programa-municipal-de-ordenamiento-territorial-y-urbano\/"},"wordCount":378,"commentCount":0,"publisher":{"@id":"https:\/\/fuentesfidedignas.com.mx\/#organization"},"image":{"@id":"https:\/\/fuentesfidedignas.com.mx\/index.php\/2023\/09\/22\/el-fuerte-realiza-el-segundo-taller-de-trabajo-del-programa-municipal-de-ordenamiento-territorial-y-urbano\/#primaryimage"},"thumbnailUrl":"https:\/\/fuentesfidedignas.com.mx\/wp-content\/uploads\/2023\/09\/IMG-20230922-WA0065.jpg","inLanguage":"es","potentialAction":[{"@type":"CommentAction","name":"Comment","target":["https:\/\/fuentesfidedignas.com.mx\/index.php\/2023\/09\/22\/el-fuerte-realiza-el-segundo-taller-de-trabajo-del-programa-municipal-de-ordenamiento-territorial-y-urbano\/#respond"]}]},{"@type":"WebPage","@id":"https:\/\/fuentesfidedignas.com.mx\/index.php\/2023\/09\/22\/el-fuerte-realiza-el-segundo-taller-de-trabajo-del-programa-municipal-de-ordenamiento-territorial-y-urbano\/","url":"https:\/\/fuentesfidedignas.com.mx\/index.php\/2023\/09\/22\/el-fuerte-realiza-el-segundo-taller-de-trabajo-del-programa-municipal-de-ordenamiento-territorial-y-urbano\/","name":"El Fuerte realiza el segundo Taller de Trabajo del Programa Municipal de Ordenamiento Territorial y Urbano - Fuentes Fidedignas","isPartOf":{"@id":"https:\/\/fuentesfidedignas.com.mx\/#website"},"primaryImageOfPage":{"@id":"https:\/\/fuentesfidedignas.com.mx\/index.php\/2023\/09\/22\/el-fuerte-realiza-el-segundo-taller-de-trabajo-del-programa-municipal-de-ordenamiento-territorial-y-urbano\/#primaryimage"},"image":{"@id":"https:\/\/fuentesfidedignas.com.mx\/index.php\/2023\/09\/22\/el-fuerte-realiza-el-segundo-taller-de-trabajo-del-programa-municipal-de-ordenamiento-territorial-y-urbano\/#primaryimage"},"thumbnailUrl":"https:\/\/fuentesfidedignas.com.mx\/wp-content\/uploads\/2023\/09\/IMG-20230922-WA0065.jpg","datePublished":"2023-09-23T00:58:43+00:00","dateModified":"2023-09-23T01:00:32+00:00","breadcrumb":{"@id":"https:\/\/fuentesfidedignas.com.mx\/index.php\/2023\/09\/22\/el-fuerte-realiza-el-segundo-taller-de-trabajo-del-programa-municipal-de-ordenamiento-territorial-y-urbano\/#breadcrumb"},"inLanguage":"es","potentialAction":[{"@type":"ReadAction","target":["https:\/\/fuentesfidedignas.com.mx\/index.php\/2023\/09\/22\/el-fuerte-realiza-el-segundo-taller-de-trabajo-del-programa-municipal-de-ordenamiento-territorial-y-urbano\/"]}]},{"@type":"ImageObject","inLanguage":"es","@id":"https:\/\/fuentesfidedignas.com.mx\/index.php\/2023\/09\/22\/el-fuerte-realiza-el-segundo-taller-de-trabajo-del-programa-municipal-de-ordenamiento-territorial-y-urbano\/#primaryimage","url":"https:\/\/fuentesfidedignas.com.mx\/wp-content\/uploads\/2023\/09\/IMG-20230922-WA0065.jpg","contentUrl":"https:\/\/fuentesfidedignas.com.mx\/wp-content\/uploads\/2023\/09\/IMG-20230922-WA0065.jpg","width":1600,"height":1066},{"@type":"BreadcrumbList","@id":"https:\/\/fuentesfidedignas.com.mx\/index.php\/2023\/09\/22\/el-fuerte-realiza-el-segundo-taller-de-trabajo-del-programa-municipal-de-ordenamiento-territorial-y-urbano\/#breadcrumb","itemListElement":[{"@type":"ListItem","position":1,"name":"Inicio","item":"https:\/\/fuentesfidedignas.com.mx\/"},{"@type":"ListItem","position":2,"name":"El Fuerte realiza el segundo Taller de Trabajo del Programa Municipal de Ordenamiento Territorial y Urbano"}]},{"@type":"WebSite","@id":"https:\/\/fuentesfidedignas.com.mx\/#website","url":"https:\/\/fuentesfidedignas.com.mx\/","name":"Fuentes Fidedignas","description":"Otro sitio realizado con WordPress","publisher":{"@id":"https:\/\/fuentesfidedignas.com.mx\/#organization"},"potentialAction":[{"@type":"SearchAction","target":{"@type":"EntryPoint","urlTemplate":"https:\/\/fuentesfidedignas.com.mx\/?s={search_term_string}"},"query-input":{"@type":"PropertyValueSpecification","valueRequired":true,"valueName":"search_term_string"}}],"inLanguage":"es"},{"@type":"Organization","@id":"https:\/\/fuentesfidedignas.com.mx\/#organization","name":"Fuentes Fidedignas","url":"https:\/\/fuentesfidedignas.com.mx\/","logo":{"@type":"ImageObject","inLanguage":"es","@id":"https:\/\/fuentesfidedignas.com.mx\/#\/schema\/logo\/image\/","url":"https:\/\/fuentesfidedignas.com.mx\/wp-content\/uploads\/2021\/04\/logo-retina.png","contentUrl":"https:\/\/fuentesfidedignas.com.mx\/wp-content\/uploads\/2021\/04\/logo-retina.png","width":280,"height":51,"caption":"Fuentes Fidedignas"},"image":{"@id":"https:\/\/fuentesfidedignas.com.mx\/#\/schema\/logo\/image\/"},"sameAs":["https:\/\/www.facebook.com\/Fuentes-Fidedignas-368234489921644","https:\/\/x.com\/fidedignas"]},{"@type":"Person","@id":"https:\/\/fuentesfidedignas.com.mx\/#\/schema\/person\/331be9283d37198e2acd5750279085b0","name":"Redacci\u00f3n","image":{"@type":"ImageObject","inLanguage":"es","@id":"https:\/\/secure.gravatar.com\/avatar\/f6d8782c11d12b2d4ad3fbb6931aeab5309937a4d6cd2fc9cfaa28a6396a5aec?s=96&d=mm&r=g","url":"https:\/\/secure.gravatar.com\/avatar\/f6d8782c11d12b2d4ad3fbb6931aeab5309937a4d6cd2fc9cfaa28a6396a5aec?s=96&d=mm&r=g","contentUrl":"https:\/\/secure.gravatar.com\/avatar\/f6d8782c11d12b2d4ad3fbb6931aeab5309937a4d6cd2fc9cfaa28a6396a5aec?s=96&d=mm&r=g","caption":"Redacci\u00f3n"},"url":"https:\/\/fuentesfidedignas.com.mx\/index.php\/author\/redaccion\/"}]}},"_links":{"self":[{"href":"https:\/\/fuentesfidedignas.com.mx\/index.php\/wp-json\/wp\/v2\/posts\/60053","targetHints":{"allow":["GET"]}}],"collection":[{"href":"https:\/\/fuentesfidedignas.com.mx\/index.php\/wp-json\/wp\/v2\/posts"}],"about":[{"href":"https:\/\/fuentesfidedignas.com.mx\/index.php\/wp-json\/wp\/v2\/types\/post"}],"author":[{"embeddable":true,"href":"https:\/\/fuentesfidedignas.com.mx\/index.php\/wp-json\/wp\/v2\/users\/4"}],"replies":[{"embeddable":true,"href":"https:\/\/fuentesfidedignas.com.mx\/index.php\/wp-json\/wp\/v2\/comments?post=60053"}],"version-history":[{"count":2,"href":"https:\/\/fuentesfidedignas.com.mx\/index.php\/wp-json\/wp\/v2\/posts\/60053\/revisions"}],"predecessor-version":[{"id":60061,"href":"https:\/\/fuentesfidedignas.com.mx\/index.php\/wp-json\/wp\/v2\/posts\/60053\/revisions\/60061"}],"wp:featuredmedia":[{"embeddable":true,"href":"https:\/\/fuentesfidedignas.com.mx\/index.php\/wp-json\/wp\/v2\/media\/60055"}],"wp:attachment":[{"href":"https:\/\/fuentesfidedignas.com.mx\/index.php\/wp-json\/wp\/v2\/media?parent=60053"}],"wp:term":[{"taxonomy":"category","embeddable":true,"href":"https:\/\/fuentesfidedignas.com.mx\/index.php\/wp-json\/wp\/v2\/categories?post=60053"},{"taxonomy":"post_tag","embeddable":true,"href":"https:\/\/fuentesfidedignas.com.mx\/index.php\/wp-json\/wp\/v2\/tags?post=60053"}],"curies":[{"name":"wp","href":"https:\/\/api.w.org\/{rel}","templated":true}]}}