{"id":59996,"date":"2023-09-22T11:27:11","date_gmt":"2023-09-22T18:27:11","guid":{"rendered":"https:\/\/fuentesfidedignas.com.mx\/?p=59996"},"modified":"2023-09-22T11:27:13","modified_gmt":"2023-09-22T18:27:13","slug":"liberan-al-fiscal-de-morelos-uriel-carmona-deja-el-penal-del-altiplano","status":"publish","type":"post","link":"https:\/\/fuentesfidedignas.com.mx\/index.php\/2023\/09\/22\/liberan-al-fiscal-de-morelos-uriel-carmona-deja-el-penal-del-altiplano\/","title":{"rendered":"Liberan al fiscal de Morelos, Uriel Carmona; deja el penal del Altiplano"},"content":{"rendered":"\n<p><em><strong>El funcionario ha sido acusado de tres delitos vinculados al feminicidio de Ariadna Fernanda ocurrido en octubre de 2022<\/strong><\/em><\/p>\n\n\n\n<p>Estado de M\u00e9xico.- El fiscal de Morelos Uriel Carmona G\u00e1ndara fue liberado del penal federal de m\u00e1xima seguridad de El Altiplano, luego de que un Tribunal Colegiado con sede en Morelos, decret\u00f3 su inmediata liberaci\u00f3n desde ayer jueves por la ma\u00f1ana. Fueron m\u00e1s de 24 horas despu\u00e9s de la resoluci\u00f3n del tribunal federal.<\/p>\n\n\n\n<p>De acuerdo con la informaci\u00f3n disponible, el funcionario dej\u00f3 las instalaciones del penal federal de m\u00e1xima seguridad la ma\u00f1ana de este viernes.<\/p>\n\n\n\n<p>Vestido con un pants oscuro y una bolsa de pl\u00e1stico en la mano, Carmona G\u00e1ndara sali\u00f3 a la puerta y corri\u00f3 unos 100 metros hasta una camioneta Suburban color blanco, donde fue recibido por algunas personas. La camioneta sali\u00f3 de la zona a toda velocidad.<\/p>\n\n\n\n<p>Uriel Carmona fue detenido el 4 de agosto en su domicilio en Cuernavaca por autoridades de la Fiscal\u00eda de la Ciudad de M\u00e9xico, en un operativo espectacular en el que participaron adem\u00e1s integrantes de la Polic\u00eda Morelos y miembros de la Marina. Fue recluido en el Reclusorio Sur. Ha sido acusado de tres delitos vinculados al feminicidio de Ariadna Fernanda ocurrido en octubre de 2022.<\/p>\n\n\n\n<p>A principios de septiembre fue trasladado pr\u00e1cticamente en la clandestinidad al penal federal del Altiplano, en Almoloya de Ju\u00e1rez, Estado de M\u00e9xico. Ah\u00ed fue detenido por un cuarto proceso penal, esta vez por tortura. Sin embargo, a lo largo de este mes y medio, el funcionario y su defensa ha combatido los cuatro procesos por la v\u00eda federal. Cuatro veces fue detenido y cuatro veces fue dejado en libertad por tener fuero constitucional.<\/p>\n\n\n\n<p>Esta ma\u00f1ana por fin, Uriel Carmona dej\u00f3 el penal y, seg\u00fan la legislaci\u00f3n vigente, sigue siendo fiscal de Morelos, por lo que se espera que asuma su funci\u00f3n en las pr\u00f3ximas horas. Hasta el momento la defensa no ha informado respecto al lugar al que fue trasladado al salir del penal y cu\u00e1l ser\u00e1 el camino legal que continuar\u00e1.<\/p>\n","protected":false},"excerpt":{"rendered":"<p>El funcionario ha sido acusado de tres delitos vinculados al feminicidio de Ariadna Fernanda ocurrido en octubre de 2022 Estado de M\u00e9xico.- El fiscal de Morelos Uriel Carmona G\u00e1ndara fue liberado del penal federal de m\u00e1xima seguridad de El Altiplano, luego de que un Tribunal Colegiado con sede en Morelos, decret\u00f3 su inmediata liberaci\u00f3n desde [&hellip;]<\/p>\n","protected":false},"author":50,"featured_media":59997,"comment_status":"open","ping_status":"open","sticky":false,"template":"","format":"standard","meta":{"tdm_status":"","tdm_grid_status":"","footnotes":""},"categories":[39],"tags":[],"class_list":{"0":"post-59996","1":"post","2":"type-post","3":"status-publish","4":"format-standard","5":"has-post-thumbnail","7":"category-noticias-nacionales"},"yoast_head":"<!-- This site is optimized with the Yoast SEO plugin v27.4 - https:\/\/yoast.com\/product\/yoast-seo-wordpress\/ -->\n<title>Liberan al fiscal de Morelos, Uriel Carmona; deja el penal del Altiplano - Fuentes Fidedignas<\/title>\n<meta name=\"robots\" content=\"index, follow, max-snippet:-1, max-image-preview:large, max-video-preview:-1\" \/>\n<link rel=\"canonical\" href=\"https:\/\/fuentesfidedignas.com.mx\/index.php\/2023\/09\/22\/liberan-al-fiscal-de-morelos-uriel-carmona-deja-el-penal-del-altiplano\/\" \/>\n<meta property=\"og:locale\" content=\"es_MX\" \/>\n<meta property=\"og:type\" content=\"article\" \/>\n<meta property=\"og:title\" content=\"Liberan al fiscal de Morelos, Uriel Carmona; deja el penal del Altiplano - Fuentes Fidedignas\" \/>\n<meta property=\"og:description\" content=\"El funcionario ha sido acusado de tres delitos vinculados al feminicidio de Ariadna Fernanda ocurrido en octubre de 2022 Estado de M\u00e9xico.- El fiscal de Morelos Uriel Carmona G\u00e1ndara fue liberado del penal federal de m\u00e1xima seguridad de El Altiplano, luego de que un Tribunal Colegiado con sede en Morelos, decret\u00f3 su inmediata liberaci\u00f3n desde [&hellip;]\" \/>\n<meta property=\"og:url\" content=\"https:\/\/fuentesfidedignas.com.mx\/index.php\/2023\/09\/22\/liberan-al-fiscal-de-morelos-uriel-carmona-deja-el-penal-del-altiplano\/\" \/>\n<meta property=\"og:site_name\" content=\"Fuentes Fidedignas\" \/>\n<meta property=\"article:publisher\" content=\"https:\/\/www.facebook.com\/Fuentes-Fidedignas-368234489921644\" \/>\n<meta property=\"article:published_time\" content=\"2023-09-22T18:27:11+00:00\" \/>\n<meta property=\"article:modified_time\" content=\"2023-09-22T18:27:13+00:00\" \/>\n<meta property=\"og:image\" content=\"https:\/\/fuentesfidedignas.com.mx\/wp-content\/uploads\/2023\/09\/fiscal-morelos.jpg\" \/>\n\t<meta property=\"og:image:width\" content=\"1160\" \/>\n\t<meta property=\"og:image:height\" content=\"700\" \/>\n\t<meta property=\"og:image:type\" content=\"image\/jpeg\" \/>\n<meta name=\"author\" content=\"Proceso\" \/>\n<meta name=\"twitter:card\" content=\"summary_large_image\" \/>\n<meta name=\"twitter:creator\" content=\"@fidedignas\" \/>\n<meta name=\"twitter:site\" content=\"@fidedignas\" \/>\n<meta name=\"twitter:label1\" content=\"Escrito por\" \/>\n\t<meta name=\"twitter:data1\" content=\"Proceso\" \/>\n\t<meta name=\"twitter:label2\" content=\"Tiempo de lectura\" \/>\n\t<meta name=\"twitter:data2\" content=\"2 minutos\" \/>\n<script type=\"application\/ld+json\" class=\"yoast-schema-graph\">{\"@context\":\"https:\\\/\\\/schema.org\",\"@graph\":[{\"@type\":\"Article\",\"@id\":\"https:\\\/\\\/fuentesfidedignas.com.mx\\\/index.php\\\/2023\\\/09\\\/22\\\/liberan-al-fiscal-de-morelos-uriel-carmona-deja-el-penal-del-altiplano\\\/#article\",\"isPartOf\":{\"@id\":\"https:\\\/\\\/fuentesfidedignas.com.mx\\\/index.php\\\/2023\\\/09\\\/22\\\/liberan-al-fiscal-de-morelos-uriel-carmona-deja-el-penal-del-altiplano\\\/\"},\"author\":{\"name\":\"Proceso\",\"@id\":\"https:\\\/\\\/fuentesfidedignas.com.mx\\\/#\\\/schema\\\/person\\\/eb72247ff123b3ce5e4cadc7f50ae372\"},\"headline\":\"Liberan al fiscal de Morelos, Uriel Carmona; deja el penal del Altiplano\",\"datePublished\":\"2023-09-22T18:27:11+00:00\",\"dateModified\":\"2023-09-22T18:27:13+00:00\",\"mainEntityOfPage\":{\"@id\":\"https:\\\/\\\/fuentesfidedignas.com.mx\\\/index.php\\\/2023\\\/09\\\/22\\\/liberan-al-fiscal-de-morelos-uriel-carmona-deja-el-penal-del-altiplano\\\/\"},\"wordCount\":371,\"commentCount\":0,\"publisher\":{\"@id\":\"https:\\\/\\\/fuentesfidedignas.com.mx\\\/#organization\"},\"image\":{\"@id\":\"https:\\\/\\\/fuentesfidedignas.com.mx\\\/index.php\\\/2023\\\/09\\\/22\\\/liberan-al-fiscal-de-morelos-uriel-carmona-deja-el-penal-del-altiplano\\\/#primaryimage\"},\"thumbnailUrl\":\"https:\\\/\\\/fuentesfidedignas.com.mx\\\/wp-content\\\/uploads\\\/2023\\\/09\\\/fiscal-morelos.jpg\",\"articleSection\":[\"NOTICIAS NACIONALES\"],\"inLanguage\":\"es\",\"potentialAction\":[{\"@type\":\"CommentAction\",\"name\":\"Comment\",\"target\":[\"https:\\\/\\\/fuentesfidedignas.com.mx\\\/index.php\\\/2023\\\/09\\\/22\\\/liberan-al-fiscal-de-morelos-uriel-carmona-deja-el-penal-del-altiplano\\\/#respond\"]}]},{\"@type\":\"WebPage\",\"@id\":\"https:\\\/\\\/fuentesfidedignas.com.mx\\\/index.php\\\/2023\\\/09\\\/22\\\/liberan-al-fiscal-de-morelos-uriel-carmona-deja-el-penal-del-altiplano\\\/\",\"url\":\"https:\\\/\\\/fuentesfidedignas.com.mx\\\/index.php\\\/2023\\\/09\\\/22\\\/liberan-al-fiscal-de-morelos-uriel-carmona-deja-el-penal-del-altiplano\\\/\",\"name\":\"Liberan al fiscal de Morelos, Uriel Carmona; deja el penal del Altiplano - Fuentes Fidedignas\",\"isPartOf\":{\"@id\":\"https:\\\/\\\/fuentesfidedignas.com.mx\\\/#website\"},\"primaryImageOfPage\":{\"@id\":\"https:\\\/\\\/fuentesfidedignas.com.mx\\\/index.php\\\/2023\\\/09\\\/22\\\/liberan-al-fiscal-de-morelos-uriel-carmona-deja-el-penal-del-altiplano\\\/#primaryimage\"},\"image\":{\"@id\":\"https:\\\/\\\/fuentesfidedignas.com.mx\\\/index.php\\\/2023\\\/09\\\/22\\\/liberan-al-fiscal-de-morelos-uriel-carmona-deja-el-penal-del-altiplano\\\/#primaryimage\"},\"thumbnailUrl\":\"https:\\\/\\\/fuentesfidedignas.com.mx\\\/wp-content\\\/uploads\\\/2023\\\/09\\\/fiscal-morelos.jpg\",\"datePublished\":\"2023-09-22T18:27:11+00:00\",\"dateModified\":\"2023-09-22T18:27:13+00:00\",\"breadcrumb\":{\"@id\":\"https:\\\/\\\/fuentesfidedignas.com.mx\\\/index.php\\\/2023\\\/09\\\/22\\\/liberan-al-fiscal-de-morelos-uriel-carmona-deja-el-penal-del-altiplano\\\/#breadcrumb\"},\"inLanguage\":\"es\",\"potentialAction\":[{\"@type\":\"ReadAction\",\"target\":[\"https:\\\/\\\/fuentesfidedignas.com.mx\\\/index.php\\\/2023\\\/09\\\/22\\\/liberan-al-fiscal-de-morelos-uriel-carmona-deja-el-penal-del-altiplano\\\/\"]}]},{\"@type\":\"ImageObject\",\"inLanguage\":\"es\",\"@id\":\"https:\\\/\\\/fuentesfidedignas.com.mx\\\/index.php\\\/2023\\\/09\\\/22\\\/liberan-al-fiscal-de-morelos-uriel-carmona-deja-el-penal-del-altiplano\\\/#primaryimage\",\"url\":\"https:\\\/\\\/fuentesfidedignas.com.mx\\\/wp-content\\\/uploads\\\/2023\\\/09\\\/fiscal-morelos.jpg\",\"contentUrl\":\"https:\\\/\\\/fuentesfidedignas.com.mx\\\/wp-content\\\/uploads\\\/2023\\\/09\\\/fiscal-morelos.jpg\",\"width\":1160,\"height\":700},{\"@type\":\"BreadcrumbList\",\"@id\":\"https:\\\/\\\/fuentesfidedignas.com.mx\\\/index.php\\\/2023\\\/09\\\/22\\\/liberan-al-fiscal-de-morelos-uriel-carmona-deja-el-penal-del-altiplano\\\/#breadcrumb\",\"itemListElement\":[{\"@type\":\"ListItem\",\"position\":1,\"name\":\"Inicio\",\"item\":\"https:\\\/\\\/fuentesfidedignas.com.mx\\\/\"},{\"@type\":\"ListItem\",\"position\":2,\"name\":\"Liberan al fiscal de Morelos, Uriel Carmona; deja el penal del Altiplano\"}]},{\"@type\":\"WebSite\",\"@id\":\"https:\\\/\\\/fuentesfidedignas.com.mx\\\/#website\",\"url\":\"https:\\\/\\\/fuentesfidedignas.com.mx\\\/\",\"name\":\"Fuentes Fidedignas\",\"description\":\"Otro sitio realizado con WordPress\",\"publisher\":{\"@id\":\"https:\\\/\\\/fuentesfidedignas.com.mx\\\/#organization\"},\"potentialAction\":[{\"@type\":\"SearchAction\",\"target\":{\"@type\":\"EntryPoint\",\"urlTemplate\":\"https:\\\/\\\/fuentesfidedignas.com.mx\\\/?s={search_term_string}\"},\"query-input\":{\"@type\":\"PropertyValueSpecification\",\"valueRequired\":true,\"valueName\":\"search_term_string\"}}],\"inLanguage\":\"es\"},{\"@type\":\"Organization\",\"@id\":\"https:\\\/\\\/fuentesfidedignas.com.mx\\\/#organization\",\"name\":\"Fuentes Fidedignas\",\"url\":\"https:\\\/\\\/fuentesfidedignas.com.mx\\\/\",\"logo\":{\"@type\":\"ImageObject\",\"inLanguage\":\"es\",\"@id\":\"https:\\\/\\\/fuentesfidedignas.com.mx\\\/#\\\/schema\\\/logo\\\/image\\\/\",\"url\":\"https:\\\/\\\/fuentesfidedignas.com.mx\\\/wp-content\\\/uploads\\\/2021\\\/04\\\/logo-retina.png\",\"contentUrl\":\"https:\\\/\\\/fuentesfidedignas.com.mx\\\/wp-content\\\/uploads\\\/2021\\\/04\\\/logo-retina.png\",\"width\":280,\"height\":51,\"caption\":\"Fuentes Fidedignas\"},\"image\":{\"@id\":\"https:\\\/\\\/fuentesfidedignas.com.mx\\\/#\\\/schema\\\/logo\\\/image\\\/\"},\"sameAs\":[\"https:\\\/\\\/www.facebook.com\\\/Fuentes-Fidedignas-368234489921644\",\"https:\\\/\\\/x.com\\\/fidedignas\"]},{\"@type\":\"Person\",\"@id\":\"https:\\\/\\\/fuentesfidedignas.com.mx\\\/#\\\/schema\\\/person\\\/eb72247ff123b3ce5e4cadc7f50ae372\",\"name\":\"Proceso\",\"image\":{\"@type\":\"ImageObject\",\"inLanguage\":\"es\",\"@id\":\"https:\\\/\\\/secure.gravatar.com\\\/avatar\\\/0bb01ecb091d50a46122cbe5cc32ffea15a000f83628f1e40458e669d38ff2cd?s=96&d=mm&r=g\",\"url\":\"https:\\\/\\\/secure.gravatar.com\\\/avatar\\\/0bb01ecb091d50a46122cbe5cc32ffea15a000f83628f1e40458e669d38ff2cd?s=96&d=mm&r=g\",\"contentUrl\":\"https:\\\/\\\/secure.gravatar.com\\\/avatar\\\/0bb01ecb091d50a46122cbe5cc32ffea15a000f83628f1e40458e669d38ff2cd?s=96&d=mm&r=g\",\"caption\":\"Proceso\"},\"url\":\"https:\\\/\\\/fuentesfidedignas.com.mx\\\/index.php\\\/author\\\/proceso\\\/\"}]}<\/script>\n<!-- \/ Yoast SEO plugin. -->","yoast_head_json":{"title":"Liberan al fiscal de Morelos, Uriel Carmona; deja el penal del Altiplano - Fuentes Fidedignas","robots":{"index":"index","follow":"follow","max-snippet":"max-snippet:-1","max-image-preview":"max-image-preview:large","max-video-preview":"max-video-preview:-1"},"canonical":"https:\/\/fuentesfidedignas.com.mx\/index.php\/2023\/09\/22\/liberan-al-fiscal-de-morelos-uriel-carmona-deja-el-penal-del-altiplano\/","og_locale":"es_MX","og_type":"article","og_title":"Liberan al fiscal de Morelos, Uriel Carmona; deja el penal del Altiplano - Fuentes Fidedignas","og_description":"El funcionario ha sido acusado de tres delitos vinculados al feminicidio de Ariadna Fernanda ocurrido en octubre de 2022 Estado de M\u00e9xico.- El fiscal de Morelos Uriel Carmona G\u00e1ndara fue liberado del penal federal de m\u00e1xima seguridad de El Altiplano, luego de que un Tribunal Colegiado con sede en Morelos, decret\u00f3 su inmediata liberaci\u00f3n desde [&hellip;]","og_url":"https:\/\/fuentesfidedignas.com.mx\/index.php\/2023\/09\/22\/liberan-al-fiscal-de-morelos-uriel-carmona-deja-el-penal-del-altiplano\/","og_site_name":"Fuentes Fidedignas","article_publisher":"https:\/\/www.facebook.com\/Fuentes-Fidedignas-368234489921644","article_published_time":"2023-09-22T18:27:11+00:00","article_modified_time":"2023-09-22T18:27:13+00:00","og_image":[{"width":1160,"height":700,"url":"https:\/\/fuentesfidedignas.com.mx\/wp-content\/uploads\/2023\/09\/fiscal-morelos.jpg","type":"image\/jpeg"}],"author":"Proceso","twitter_card":"summary_large_image","twitter_creator":"@fidedignas","twitter_site":"@fidedignas","twitter_misc":{"Escrito por":"Proceso","Tiempo de lectura":"2 minutos"},"schema":{"@context":"https:\/\/schema.org","@graph":[{"@type":"Article","@id":"https:\/\/fuentesfidedignas.com.mx\/index.php\/2023\/09\/22\/liberan-al-fiscal-de-morelos-uriel-carmona-deja-el-penal-del-altiplano\/#article","isPartOf":{"@id":"https:\/\/fuentesfidedignas.com.mx\/index.php\/2023\/09\/22\/liberan-al-fiscal-de-morelos-uriel-carmona-deja-el-penal-del-altiplano\/"},"author":{"name":"Proceso","@id":"https:\/\/fuentesfidedignas.com.mx\/#\/schema\/person\/eb72247ff123b3ce5e4cadc7f50ae372"},"headline":"Liberan al fiscal de Morelos, Uriel Carmona; deja el penal del Altiplano","datePublished":"2023-09-22T18:27:11+00:00","dateModified":"2023-09-22T18:27:13+00:00","mainEntityOfPage":{"@id":"https:\/\/fuentesfidedignas.com.mx\/index.php\/2023\/09\/22\/liberan-al-fiscal-de-morelos-uriel-carmona-deja-el-penal-del-altiplano\/"},"wordCount":371,"commentCount":0,"publisher":{"@id":"https:\/\/fuentesfidedignas.com.mx\/#organization"},"image":{"@id":"https:\/\/fuentesfidedignas.com.mx\/index.php\/2023\/09\/22\/liberan-al-fiscal-de-morelos-uriel-carmona-deja-el-penal-del-altiplano\/#primaryimage"},"thumbnailUrl":"https:\/\/fuentesfidedignas.com.mx\/wp-content\/uploads\/2023\/09\/fiscal-morelos.jpg","articleSection":["NOTICIAS NACIONALES"],"inLanguage":"es","potentialAction":[{"@type":"CommentAction","name":"Comment","target":["https:\/\/fuentesfidedignas.com.mx\/index.php\/2023\/09\/22\/liberan-al-fiscal-de-morelos-uriel-carmona-deja-el-penal-del-altiplano\/#respond"]}]},{"@type":"WebPage","@id":"https:\/\/fuentesfidedignas.com.mx\/index.php\/2023\/09\/22\/liberan-al-fiscal-de-morelos-uriel-carmona-deja-el-penal-del-altiplano\/","url":"https:\/\/fuentesfidedignas.com.mx\/index.php\/2023\/09\/22\/liberan-al-fiscal-de-morelos-uriel-carmona-deja-el-penal-del-altiplano\/","name":"Liberan al fiscal de Morelos, Uriel Carmona; deja el penal del Altiplano - Fuentes Fidedignas","isPartOf":{"@id":"https:\/\/fuentesfidedignas.com.mx\/#website"},"primaryImageOfPage":{"@id":"https:\/\/fuentesfidedignas.com.mx\/index.php\/2023\/09\/22\/liberan-al-fiscal-de-morelos-uriel-carmona-deja-el-penal-del-altiplano\/#primaryimage"},"image":{"@id":"https:\/\/fuentesfidedignas.com.mx\/index.php\/2023\/09\/22\/liberan-al-fiscal-de-morelos-uriel-carmona-deja-el-penal-del-altiplano\/#primaryimage"},"thumbnailUrl":"https:\/\/fuentesfidedignas.com.mx\/wp-content\/uploads\/2023\/09\/fiscal-morelos.jpg","datePublished":"2023-09-22T18:27:11+00:00","dateModified":"2023-09-22T18:27:13+00:00","breadcrumb":{"@id":"https:\/\/fuentesfidedignas.com.mx\/index.php\/2023\/09\/22\/liberan-al-fiscal-de-morelos-uriel-carmona-deja-el-penal-del-altiplano\/#breadcrumb"},"inLanguage":"es","potentialAction":[{"@type":"ReadAction","target":["https:\/\/fuentesfidedignas.com.mx\/index.php\/2023\/09\/22\/liberan-al-fiscal-de-morelos-uriel-carmona-deja-el-penal-del-altiplano\/"]}]},{"@type":"ImageObject","inLanguage":"es","@id":"https:\/\/fuentesfidedignas.com.mx\/index.php\/2023\/09\/22\/liberan-al-fiscal-de-morelos-uriel-carmona-deja-el-penal-del-altiplano\/#primaryimage","url":"https:\/\/fuentesfidedignas.com.mx\/wp-content\/uploads\/2023\/09\/fiscal-morelos.jpg","contentUrl":"https:\/\/fuentesfidedignas.com.mx\/wp-content\/uploads\/2023\/09\/fiscal-morelos.jpg","width":1160,"height":700},{"@type":"BreadcrumbList","@id":"https:\/\/fuentesfidedignas.com.mx\/index.php\/2023\/09\/22\/liberan-al-fiscal-de-morelos-uriel-carmona-deja-el-penal-del-altiplano\/#breadcrumb","itemListElement":[{"@type":"ListItem","position":1,"name":"Inicio","item":"https:\/\/fuentesfidedignas.com.mx\/"},{"@type":"ListItem","position":2,"name":"Liberan al fiscal de Morelos, Uriel Carmona; deja el penal del Altiplano"}]},{"@type":"WebSite","@id":"https:\/\/fuentesfidedignas.com.mx\/#website","url":"https:\/\/fuentesfidedignas.com.mx\/","name":"Fuentes Fidedignas","description":"Otro sitio realizado con WordPress","publisher":{"@id":"https:\/\/fuentesfidedignas.com.mx\/#organization"},"potentialAction":[{"@type":"SearchAction","target":{"@type":"EntryPoint","urlTemplate":"https:\/\/fuentesfidedignas.com.mx\/?s={search_term_string}"},"query-input":{"@type":"PropertyValueSpecification","valueRequired":true,"valueName":"search_term_string"}}],"inLanguage":"es"},{"@type":"Organization","@id":"https:\/\/fuentesfidedignas.com.mx\/#organization","name":"Fuentes Fidedignas","url":"https:\/\/fuentesfidedignas.com.mx\/","logo":{"@type":"ImageObject","inLanguage":"es","@id":"https:\/\/fuentesfidedignas.com.mx\/#\/schema\/logo\/image\/","url":"https:\/\/fuentesfidedignas.com.mx\/wp-content\/uploads\/2021\/04\/logo-retina.png","contentUrl":"https:\/\/fuentesfidedignas.com.mx\/wp-content\/uploads\/2021\/04\/logo-retina.png","width":280,"height":51,"caption":"Fuentes Fidedignas"},"image":{"@id":"https:\/\/fuentesfidedignas.com.mx\/#\/schema\/logo\/image\/"},"sameAs":["https:\/\/www.facebook.com\/Fuentes-Fidedignas-368234489921644","https:\/\/x.com\/fidedignas"]},{"@type":"Person","@id":"https:\/\/fuentesfidedignas.com.mx\/#\/schema\/person\/eb72247ff123b3ce5e4cadc7f50ae372","name":"Proceso","image":{"@type":"ImageObject","inLanguage":"es","@id":"https:\/\/secure.gravatar.com\/avatar\/0bb01ecb091d50a46122cbe5cc32ffea15a000f83628f1e40458e669d38ff2cd?s=96&d=mm&r=g","url":"https:\/\/secure.gravatar.com\/avatar\/0bb01ecb091d50a46122cbe5cc32ffea15a000f83628f1e40458e669d38ff2cd?s=96&d=mm&r=g","contentUrl":"https:\/\/secure.gravatar.com\/avatar\/0bb01ecb091d50a46122cbe5cc32ffea15a000f83628f1e40458e669d38ff2cd?s=96&d=mm&r=g","caption":"Proceso"},"url":"https:\/\/fuentesfidedignas.com.mx\/index.php\/author\/proceso\/"}]}},"_links":{"self":[{"href":"https:\/\/fuentesfidedignas.com.mx\/index.php\/wp-json\/wp\/v2\/posts\/59996","targetHints":{"allow":["GET"]}}],"collection":[{"href":"https:\/\/fuentesfidedignas.com.mx\/index.php\/wp-json\/wp\/v2\/posts"}],"about":[{"href":"https:\/\/fuentesfidedignas.com.mx\/index.php\/wp-json\/wp\/v2\/types\/post"}],"author":[{"embeddable":true,"href":"https:\/\/fuentesfidedignas.com.mx\/index.php\/wp-json\/wp\/v2\/users\/50"}],"replies":[{"embeddable":true,"href":"https:\/\/fuentesfidedignas.com.mx\/index.php\/wp-json\/wp\/v2\/comments?post=59996"}],"version-history":[{"count":1,"href":"https:\/\/fuentesfidedignas.com.mx\/index.php\/wp-json\/wp\/v2\/posts\/59996\/revisions"}],"predecessor-version":[{"id":59998,"href":"https:\/\/fuentesfidedignas.com.mx\/index.php\/wp-json\/wp\/v2\/posts\/59996\/revisions\/59998"}],"wp:featuredmedia":[{"embeddable":true,"href":"https:\/\/fuentesfidedignas.com.mx\/index.php\/wp-json\/wp\/v2\/media\/59997"}],"wp:attachment":[{"href":"https:\/\/fuentesfidedignas.com.mx\/index.php\/wp-json\/wp\/v2\/media?parent=59996"}],"wp:term":[{"taxonomy":"category","embeddable":true,"href":"https:\/\/fuentesfidedignas.com.mx\/index.php\/wp-json\/wp\/v2\/categories?post=59996"},{"taxonomy":"post_tag","embeddable":true,"href":"https:\/\/fuentesfidedignas.com.mx\/index.php\/wp-json\/wp\/v2\/tags?post=59996"}],"curies":[{"name":"wp","href":"https:\/\/api.w.org\/{rel}","templated":true}]}}