{"id":59987,"date":"2023-09-22T09:09:00","date_gmt":"2023-09-22T16:09:00","guid":{"rendered":"https:\/\/fuentesfidedignas.com.mx\/?p=59987"},"modified":"2023-09-22T10:37:53","modified_gmt":"2023-09-22T17:37:53","slug":"compromete-gobierno-del-estado-apoyo-a-familia-de-pescador-de-las-lajitas","status":"publish","type":"post","link":"https:\/\/fuentesfidedignas.com.mx\/index.php\/2023\/09\/22\/compromete-gobierno-del-estado-apoyo-a-familia-de-pescador-de-las-lajitas\/","title":{"rendered":"Compromete Gobierno del Estado apoyo a familia de pescador de Las Lajitas"},"content":{"rendered":"\n<p><strong><em>Por instrucciones del gobernador Rub\u00e9n Rocha Moya, la Secretaria de Pesca y Acuacultura se reuni\u00f3 con los familiares para brindarles la ayuda necesaria y solicitar una investigaci\u00f3n de este lamentable suceso<\/em><\/strong><\/p>\n\n\n\n<p>Los Mochis, Ahome, Sin.- El gobernador del Estado, Rub\u00e9n Rocha Moya, dio instrucciones a la secretaria de Pesca y Acuacultura, Flor Emilia Guerra Mena, para que se reuniera con la familia del joven Nathanael, pescador originario de Las Lajitas, municipio de Ahome, para realizar las gestiones necesarias a fin de brindarle el apoyo necesario y la ayuda jur\u00eddica requerida, ante lo que la funcionaria estatal calific\u00f3 como una lamentable p\u00e9rdida para la familia y el sector pesquero.<\/p>\n\n\n\n<p>Guerra Mena acudi\u00f3 personalmente hasta la comunidad pesquera, donde entabl\u00f3 comunicaci\u00f3n con la familia para manifestarle el respaldo del mandatario estatal y conocer de primera mano lo que se requer\u00eda de manera inmediata.<\/p>\n\n\n\n<p>&#8220;<strong>Todo el apoyo de Gobierno del Estado con la familia, decir que obviamente es un hecho muy lamentable y nos encontramos con la madre del joven Natanael, ya que el pap\u00e1 se encontraba ac\u00e1 en Los Mochis haciendo todos los tr\u00e1mites, qu\u00e9 petici\u00f3n hizo ella, por el momento absolutamente nada, creo que las que somos madres entendemos que en el momento no podemos hacer ninguna petici\u00f3n, puesto que el dolor es m\u00e1s grande que cualquier necesidad que tengamos<\/strong>&#8220;, expres\u00f3 la secretaria.<\/p>\n\n\n\n<p>Finalmente, Guerra Mena indic\u00f3 que tambi\u00e9n est\u00e1n coordinados con el Ayuntamiento de Ahome, para agilizar cualquier tr\u00e1mite que se requiera, manifestando que comprende la dif\u00edcil situaci\u00f3n por la que atraviesa esta familia y est\u00e1n en la mejor disposici\u00f3n de facilitar lo necesario.<\/p>\n","protected":false},"excerpt":{"rendered":"<p>Por instrucciones del gobernador Rub\u00e9n Rocha Moya, la Secretaria de Pesca y Acuacultura se reuni\u00f3 con los familiares para brindarles la ayuda necesaria y solicitar una investigaci\u00f3n de este lamentable suceso Los Mochis, Ahome, Sin.- El gobernador del Estado, Rub\u00e9n Rocha Moya, dio instrucciones a la secretaria de Pesca y Acuacultura, Flor Emilia Guerra Mena, [&hellip;]<\/p>\n","protected":false},"author":4,"featured_media":59871,"comment_status":"open","ping_status":"open","sticky":false,"template":"","format":"standard","meta":{"tdm_status":"","tdm_grid_status":"","footnotes":""},"categories":[1],"tags":[],"class_list":{"0":"post-59987","1":"post","2":"type-post","3":"status-publish","4":"format-standard","5":"has-post-thumbnail","7":"category-sin-categoria"},"yoast_head":"<!-- This site is optimized with the Yoast SEO plugin v27.5 - https:\/\/yoast.com\/product\/yoast-seo-wordpress\/ -->\n<title>Compromete Gobierno del Estado apoyo a familia de pescador de Las Lajitas - Fuentes Fidedignas<\/title>\n<meta name=\"robots\" content=\"index, follow, max-snippet:-1, max-image-preview:large, max-video-preview:-1\" \/>\n<link rel=\"canonical\" href=\"https:\/\/fuentesfidedignas.com.mx\/index.php\/2023\/09\/22\/compromete-gobierno-del-estado-apoyo-a-familia-de-pescador-de-las-lajitas\/\" \/>\n<meta property=\"og:locale\" content=\"es_MX\" \/>\n<meta property=\"og:type\" content=\"article\" \/>\n<meta property=\"og:title\" content=\"Compromete Gobierno del Estado apoyo a familia de pescador de Las Lajitas - Fuentes Fidedignas\" \/>\n<meta property=\"og:description\" content=\"Por instrucciones del gobernador Rub\u00e9n Rocha Moya, la Secretaria de Pesca y Acuacultura se reuni\u00f3 con los familiares para brindarles la ayuda necesaria y solicitar una investigaci\u00f3n de este lamentable suceso Los Mochis, Ahome, Sin.- El gobernador del Estado, Rub\u00e9n Rocha Moya, dio instrucciones a la secretaria de Pesca y Acuacultura, Flor Emilia Guerra Mena, [&hellip;]\" \/>\n<meta property=\"og:url\" content=\"https:\/\/fuentesfidedignas.com.mx\/index.php\/2023\/09\/22\/compromete-gobierno-del-estado-apoyo-a-familia-de-pescador-de-las-lajitas\/\" \/>\n<meta property=\"og:site_name\" content=\"Fuentes Fidedignas\" \/>\n<meta property=\"article:publisher\" content=\"https:\/\/www.facebook.com\/Fuentes-Fidedignas-368234489921644\" \/>\n<meta property=\"article:published_time\" content=\"2023-09-22T16:09:00+00:00\" \/>\n<meta property=\"article:modified_time\" content=\"2023-09-22T17:37:53+00:00\" \/>\n<meta property=\"og:image\" content=\"https:\/\/fuentesfidedignas.com.mx\/wp-content\/uploads\/2023\/09\/embarca.jpg\" \/>\n\t<meta property=\"og:image:width\" content=\"599\" \/>\n\t<meta property=\"og:image:height\" content=\"371\" \/>\n\t<meta property=\"og:image:type\" content=\"image\/jpeg\" \/>\n<meta name=\"author\" content=\"Redacci\u00f3n\" \/>\n<meta name=\"twitter:card\" content=\"summary_large_image\" \/>\n<meta name=\"twitter:creator\" content=\"@fidedignas\" \/>\n<meta name=\"twitter:site\" content=\"@fidedignas\" \/>\n<meta name=\"twitter:label1\" content=\"Escrito por\" \/>\n\t<meta name=\"twitter:data1\" content=\"Redacci\u00f3n\" \/>\n<script type=\"application\/ld+json\" class=\"yoast-schema-graph\">{\"@context\":\"https:\\\/\\\/schema.org\",\"@graph\":[{\"@type\":\"Article\",\"@id\":\"https:\\\/\\\/fuentesfidedignas.com.mx\\\/index.php\\\/2023\\\/09\\\/22\\\/compromete-gobierno-del-estado-apoyo-a-familia-de-pescador-de-las-lajitas\\\/#article\",\"isPartOf\":{\"@id\":\"https:\\\/\\\/fuentesfidedignas.com.mx\\\/index.php\\\/2023\\\/09\\\/22\\\/compromete-gobierno-del-estado-apoyo-a-familia-de-pescador-de-las-lajitas\\\/\"},\"author\":{\"name\":\"Redacci\u00f3n\",\"@id\":\"https:\\\/\\\/fuentesfidedignas.com.mx\\\/#\\\/schema\\\/person\\\/331be9283d37198e2acd5750279085b0\"},\"headline\":\"Compromete Gobierno del Estado apoyo a familia de pescador de Las Lajitas\",\"datePublished\":\"2023-09-22T16:09:00+00:00\",\"dateModified\":\"2023-09-22T17:37:53+00:00\",\"mainEntityOfPage\":{\"@id\":\"https:\\\/\\\/fuentesfidedignas.com.mx\\\/index.php\\\/2023\\\/09\\\/22\\\/compromete-gobierno-del-estado-apoyo-a-familia-de-pescador-de-las-lajitas\\\/\"},\"wordCount\":295,\"commentCount\":0,\"publisher\":{\"@id\":\"https:\\\/\\\/fuentesfidedignas.com.mx\\\/#organization\"},\"image\":{\"@id\":\"https:\\\/\\\/fuentesfidedignas.com.mx\\\/index.php\\\/2023\\\/09\\\/22\\\/compromete-gobierno-del-estado-apoyo-a-familia-de-pescador-de-las-lajitas\\\/#primaryimage\"},\"thumbnailUrl\":\"https:\\\/\\\/fuentesfidedignas.com.mx\\\/wp-content\\\/uploads\\\/2023\\\/09\\\/embarca.jpg\",\"inLanguage\":\"es\",\"potentialAction\":[{\"@type\":\"CommentAction\",\"name\":\"Comment\",\"target\":[\"https:\\\/\\\/fuentesfidedignas.com.mx\\\/index.php\\\/2023\\\/09\\\/22\\\/compromete-gobierno-del-estado-apoyo-a-familia-de-pescador-de-las-lajitas\\\/#respond\"]}]},{\"@type\":\"WebPage\",\"@id\":\"https:\\\/\\\/fuentesfidedignas.com.mx\\\/index.php\\\/2023\\\/09\\\/22\\\/compromete-gobierno-del-estado-apoyo-a-familia-de-pescador-de-las-lajitas\\\/\",\"url\":\"https:\\\/\\\/fuentesfidedignas.com.mx\\\/index.php\\\/2023\\\/09\\\/22\\\/compromete-gobierno-del-estado-apoyo-a-familia-de-pescador-de-las-lajitas\\\/\",\"name\":\"Compromete Gobierno del Estado apoyo a familia de pescador de Las Lajitas - Fuentes Fidedignas\",\"isPartOf\":{\"@id\":\"https:\\\/\\\/fuentesfidedignas.com.mx\\\/#website\"},\"primaryImageOfPage\":{\"@id\":\"https:\\\/\\\/fuentesfidedignas.com.mx\\\/index.php\\\/2023\\\/09\\\/22\\\/compromete-gobierno-del-estado-apoyo-a-familia-de-pescador-de-las-lajitas\\\/#primaryimage\"},\"image\":{\"@id\":\"https:\\\/\\\/fuentesfidedignas.com.mx\\\/index.php\\\/2023\\\/09\\\/22\\\/compromete-gobierno-del-estado-apoyo-a-familia-de-pescador-de-las-lajitas\\\/#primaryimage\"},\"thumbnailUrl\":\"https:\\\/\\\/fuentesfidedignas.com.mx\\\/wp-content\\\/uploads\\\/2023\\\/09\\\/embarca.jpg\",\"datePublished\":\"2023-09-22T16:09:00+00:00\",\"dateModified\":\"2023-09-22T17:37:53+00:00\",\"breadcrumb\":{\"@id\":\"https:\\\/\\\/fuentesfidedignas.com.mx\\\/index.php\\\/2023\\\/09\\\/22\\\/compromete-gobierno-del-estado-apoyo-a-familia-de-pescador-de-las-lajitas\\\/#breadcrumb\"},\"inLanguage\":\"es\",\"potentialAction\":[{\"@type\":\"ReadAction\",\"target\":[\"https:\\\/\\\/fuentesfidedignas.com.mx\\\/index.php\\\/2023\\\/09\\\/22\\\/compromete-gobierno-del-estado-apoyo-a-familia-de-pescador-de-las-lajitas\\\/\"]}]},{\"@type\":\"ImageObject\",\"inLanguage\":\"es\",\"@id\":\"https:\\\/\\\/fuentesfidedignas.com.mx\\\/index.php\\\/2023\\\/09\\\/22\\\/compromete-gobierno-del-estado-apoyo-a-familia-de-pescador-de-las-lajitas\\\/#primaryimage\",\"url\":\"https:\\\/\\\/fuentesfidedignas.com.mx\\\/wp-content\\\/uploads\\\/2023\\\/09\\\/embarca.jpg\",\"contentUrl\":\"https:\\\/\\\/fuentesfidedignas.com.mx\\\/wp-content\\\/uploads\\\/2023\\\/09\\\/embarca.jpg\",\"width\":599,\"height\":371},{\"@type\":\"BreadcrumbList\",\"@id\":\"https:\\\/\\\/fuentesfidedignas.com.mx\\\/index.php\\\/2023\\\/09\\\/22\\\/compromete-gobierno-del-estado-apoyo-a-familia-de-pescador-de-las-lajitas\\\/#breadcrumb\",\"itemListElement\":[{\"@type\":\"ListItem\",\"position\":1,\"name\":\"Inicio\",\"item\":\"https:\\\/\\\/fuentesfidedignas.com.mx\\\/\"},{\"@type\":\"ListItem\",\"position\":2,\"name\":\"Compromete Gobierno del Estado apoyo a familia de pescador de Las Lajitas\"}]},{\"@type\":\"WebSite\",\"@id\":\"https:\\\/\\\/fuentesfidedignas.com.mx\\\/#website\",\"url\":\"https:\\\/\\\/fuentesfidedignas.com.mx\\\/\",\"name\":\"Fuentes Fidedignas\",\"description\":\"Otro sitio realizado con WordPress\",\"publisher\":{\"@id\":\"https:\\\/\\\/fuentesfidedignas.com.mx\\\/#organization\"},\"potentialAction\":[{\"@type\":\"SearchAction\",\"target\":{\"@type\":\"EntryPoint\",\"urlTemplate\":\"https:\\\/\\\/fuentesfidedignas.com.mx\\\/?s={search_term_string}\"},\"query-input\":{\"@type\":\"PropertyValueSpecification\",\"valueRequired\":true,\"valueName\":\"search_term_string\"}}],\"inLanguage\":\"es\"},{\"@type\":\"Organization\",\"@id\":\"https:\\\/\\\/fuentesfidedignas.com.mx\\\/#organization\",\"name\":\"Fuentes Fidedignas\",\"url\":\"https:\\\/\\\/fuentesfidedignas.com.mx\\\/\",\"logo\":{\"@type\":\"ImageObject\",\"inLanguage\":\"es\",\"@id\":\"https:\\\/\\\/fuentesfidedignas.com.mx\\\/#\\\/schema\\\/logo\\\/image\\\/\",\"url\":\"https:\\\/\\\/fuentesfidedignas.com.mx\\\/wp-content\\\/uploads\\\/2021\\\/04\\\/logo-retina.png\",\"contentUrl\":\"https:\\\/\\\/fuentesfidedignas.com.mx\\\/wp-content\\\/uploads\\\/2021\\\/04\\\/logo-retina.png\",\"width\":280,\"height\":51,\"caption\":\"Fuentes Fidedignas\"},\"image\":{\"@id\":\"https:\\\/\\\/fuentesfidedignas.com.mx\\\/#\\\/schema\\\/logo\\\/image\\\/\"},\"sameAs\":[\"https:\\\/\\\/www.facebook.com\\\/Fuentes-Fidedignas-368234489921644\",\"https:\\\/\\\/x.com\\\/fidedignas\"]},{\"@type\":\"Person\",\"@id\":\"https:\\\/\\\/fuentesfidedignas.com.mx\\\/#\\\/schema\\\/person\\\/331be9283d37198e2acd5750279085b0\",\"name\":\"Redacci\u00f3n\",\"image\":{\"@type\":\"ImageObject\",\"inLanguage\":\"es\",\"@id\":\"https:\\\/\\\/secure.gravatar.com\\\/avatar\\\/f6d8782c11d12b2d4ad3fbb6931aeab5309937a4d6cd2fc9cfaa28a6396a5aec?s=96&d=mm&r=g\",\"url\":\"https:\\\/\\\/secure.gravatar.com\\\/avatar\\\/f6d8782c11d12b2d4ad3fbb6931aeab5309937a4d6cd2fc9cfaa28a6396a5aec?s=96&d=mm&r=g\",\"contentUrl\":\"https:\\\/\\\/secure.gravatar.com\\\/avatar\\\/f6d8782c11d12b2d4ad3fbb6931aeab5309937a4d6cd2fc9cfaa28a6396a5aec?s=96&d=mm&r=g\",\"caption\":\"Redacci\u00f3n\"},\"url\":\"https:\\\/\\\/fuentesfidedignas.com.mx\\\/index.php\\\/author\\\/redaccion\\\/\"}]}<\/script>\n<!-- \/ Yoast SEO plugin. -->","yoast_head_json":{"title":"Compromete Gobierno del Estado apoyo a familia de pescador de Las Lajitas - Fuentes Fidedignas","robots":{"index":"index","follow":"follow","max-snippet":"max-snippet:-1","max-image-preview":"max-image-preview:large","max-video-preview":"max-video-preview:-1"},"canonical":"https:\/\/fuentesfidedignas.com.mx\/index.php\/2023\/09\/22\/compromete-gobierno-del-estado-apoyo-a-familia-de-pescador-de-las-lajitas\/","og_locale":"es_MX","og_type":"article","og_title":"Compromete Gobierno del Estado apoyo a familia de pescador de Las Lajitas - Fuentes Fidedignas","og_description":"Por instrucciones del gobernador Rub\u00e9n Rocha Moya, la Secretaria de Pesca y Acuacultura se reuni\u00f3 con los familiares para brindarles la ayuda necesaria y solicitar una investigaci\u00f3n de este lamentable suceso Los Mochis, Ahome, Sin.- El gobernador del Estado, Rub\u00e9n Rocha Moya, dio instrucciones a la secretaria de Pesca y Acuacultura, Flor Emilia Guerra Mena, [&hellip;]","og_url":"https:\/\/fuentesfidedignas.com.mx\/index.php\/2023\/09\/22\/compromete-gobierno-del-estado-apoyo-a-familia-de-pescador-de-las-lajitas\/","og_site_name":"Fuentes Fidedignas","article_publisher":"https:\/\/www.facebook.com\/Fuentes-Fidedignas-368234489921644","article_published_time":"2023-09-22T16:09:00+00:00","article_modified_time":"2023-09-22T17:37:53+00:00","og_image":[{"width":599,"height":371,"url":"https:\/\/fuentesfidedignas.com.mx\/wp-content\/uploads\/2023\/09\/embarca.jpg","type":"image\/jpeg"}],"author":"Redacci\u00f3n","twitter_card":"summary_large_image","twitter_creator":"@fidedignas","twitter_site":"@fidedignas","twitter_misc":{"Escrito por":"Redacci\u00f3n"},"schema":{"@context":"https:\/\/schema.org","@graph":[{"@type":"Article","@id":"https:\/\/fuentesfidedignas.com.mx\/index.php\/2023\/09\/22\/compromete-gobierno-del-estado-apoyo-a-familia-de-pescador-de-las-lajitas\/#article","isPartOf":{"@id":"https:\/\/fuentesfidedignas.com.mx\/index.php\/2023\/09\/22\/compromete-gobierno-del-estado-apoyo-a-familia-de-pescador-de-las-lajitas\/"},"author":{"name":"Redacci\u00f3n","@id":"https:\/\/fuentesfidedignas.com.mx\/#\/schema\/person\/331be9283d37198e2acd5750279085b0"},"headline":"Compromete Gobierno del Estado apoyo a familia de pescador de Las Lajitas","datePublished":"2023-09-22T16:09:00+00:00","dateModified":"2023-09-22T17:37:53+00:00","mainEntityOfPage":{"@id":"https:\/\/fuentesfidedignas.com.mx\/index.php\/2023\/09\/22\/compromete-gobierno-del-estado-apoyo-a-familia-de-pescador-de-las-lajitas\/"},"wordCount":295,"commentCount":0,"publisher":{"@id":"https:\/\/fuentesfidedignas.com.mx\/#organization"},"image":{"@id":"https:\/\/fuentesfidedignas.com.mx\/index.php\/2023\/09\/22\/compromete-gobierno-del-estado-apoyo-a-familia-de-pescador-de-las-lajitas\/#primaryimage"},"thumbnailUrl":"https:\/\/fuentesfidedignas.com.mx\/wp-content\/uploads\/2023\/09\/embarca.jpg","inLanguage":"es","potentialAction":[{"@type":"CommentAction","name":"Comment","target":["https:\/\/fuentesfidedignas.com.mx\/index.php\/2023\/09\/22\/compromete-gobierno-del-estado-apoyo-a-familia-de-pescador-de-las-lajitas\/#respond"]}]},{"@type":"WebPage","@id":"https:\/\/fuentesfidedignas.com.mx\/index.php\/2023\/09\/22\/compromete-gobierno-del-estado-apoyo-a-familia-de-pescador-de-las-lajitas\/","url":"https:\/\/fuentesfidedignas.com.mx\/index.php\/2023\/09\/22\/compromete-gobierno-del-estado-apoyo-a-familia-de-pescador-de-las-lajitas\/","name":"Compromete Gobierno del Estado apoyo a familia de pescador de Las Lajitas - Fuentes Fidedignas","isPartOf":{"@id":"https:\/\/fuentesfidedignas.com.mx\/#website"},"primaryImageOfPage":{"@id":"https:\/\/fuentesfidedignas.com.mx\/index.php\/2023\/09\/22\/compromete-gobierno-del-estado-apoyo-a-familia-de-pescador-de-las-lajitas\/#primaryimage"},"image":{"@id":"https:\/\/fuentesfidedignas.com.mx\/index.php\/2023\/09\/22\/compromete-gobierno-del-estado-apoyo-a-familia-de-pescador-de-las-lajitas\/#primaryimage"},"thumbnailUrl":"https:\/\/fuentesfidedignas.com.mx\/wp-content\/uploads\/2023\/09\/embarca.jpg","datePublished":"2023-09-22T16:09:00+00:00","dateModified":"2023-09-22T17:37:53+00:00","breadcrumb":{"@id":"https:\/\/fuentesfidedignas.com.mx\/index.php\/2023\/09\/22\/compromete-gobierno-del-estado-apoyo-a-familia-de-pescador-de-las-lajitas\/#breadcrumb"},"inLanguage":"es","potentialAction":[{"@type":"ReadAction","target":["https:\/\/fuentesfidedignas.com.mx\/index.php\/2023\/09\/22\/compromete-gobierno-del-estado-apoyo-a-familia-de-pescador-de-las-lajitas\/"]}]},{"@type":"ImageObject","inLanguage":"es","@id":"https:\/\/fuentesfidedignas.com.mx\/index.php\/2023\/09\/22\/compromete-gobierno-del-estado-apoyo-a-familia-de-pescador-de-las-lajitas\/#primaryimage","url":"https:\/\/fuentesfidedignas.com.mx\/wp-content\/uploads\/2023\/09\/embarca.jpg","contentUrl":"https:\/\/fuentesfidedignas.com.mx\/wp-content\/uploads\/2023\/09\/embarca.jpg","width":599,"height":371},{"@type":"BreadcrumbList","@id":"https:\/\/fuentesfidedignas.com.mx\/index.php\/2023\/09\/22\/compromete-gobierno-del-estado-apoyo-a-familia-de-pescador-de-las-lajitas\/#breadcrumb","itemListElement":[{"@type":"ListItem","position":1,"name":"Inicio","item":"https:\/\/fuentesfidedignas.com.mx\/"},{"@type":"ListItem","position":2,"name":"Compromete Gobierno del Estado apoyo a familia de pescador de Las Lajitas"}]},{"@type":"WebSite","@id":"https:\/\/fuentesfidedignas.com.mx\/#website","url":"https:\/\/fuentesfidedignas.com.mx\/","name":"Fuentes Fidedignas","description":"Otro sitio realizado con WordPress","publisher":{"@id":"https:\/\/fuentesfidedignas.com.mx\/#organization"},"potentialAction":[{"@type":"SearchAction","target":{"@type":"EntryPoint","urlTemplate":"https:\/\/fuentesfidedignas.com.mx\/?s={search_term_string}"},"query-input":{"@type":"PropertyValueSpecification","valueRequired":true,"valueName":"search_term_string"}}],"inLanguage":"es"},{"@type":"Organization","@id":"https:\/\/fuentesfidedignas.com.mx\/#organization","name":"Fuentes Fidedignas","url":"https:\/\/fuentesfidedignas.com.mx\/","logo":{"@type":"ImageObject","inLanguage":"es","@id":"https:\/\/fuentesfidedignas.com.mx\/#\/schema\/logo\/image\/","url":"https:\/\/fuentesfidedignas.com.mx\/wp-content\/uploads\/2021\/04\/logo-retina.png","contentUrl":"https:\/\/fuentesfidedignas.com.mx\/wp-content\/uploads\/2021\/04\/logo-retina.png","width":280,"height":51,"caption":"Fuentes Fidedignas"},"image":{"@id":"https:\/\/fuentesfidedignas.com.mx\/#\/schema\/logo\/image\/"},"sameAs":["https:\/\/www.facebook.com\/Fuentes-Fidedignas-368234489921644","https:\/\/x.com\/fidedignas"]},{"@type":"Person","@id":"https:\/\/fuentesfidedignas.com.mx\/#\/schema\/person\/331be9283d37198e2acd5750279085b0","name":"Redacci\u00f3n","image":{"@type":"ImageObject","inLanguage":"es","@id":"https:\/\/secure.gravatar.com\/avatar\/f6d8782c11d12b2d4ad3fbb6931aeab5309937a4d6cd2fc9cfaa28a6396a5aec?s=96&d=mm&r=g","url":"https:\/\/secure.gravatar.com\/avatar\/f6d8782c11d12b2d4ad3fbb6931aeab5309937a4d6cd2fc9cfaa28a6396a5aec?s=96&d=mm&r=g","contentUrl":"https:\/\/secure.gravatar.com\/avatar\/f6d8782c11d12b2d4ad3fbb6931aeab5309937a4d6cd2fc9cfaa28a6396a5aec?s=96&d=mm&r=g","caption":"Redacci\u00f3n"},"url":"https:\/\/fuentesfidedignas.com.mx\/index.php\/author\/redaccion\/"}]}},"_links":{"self":[{"href":"https:\/\/fuentesfidedignas.com.mx\/index.php\/wp-json\/wp\/v2\/posts\/59987","targetHints":{"allow":["GET"]}}],"collection":[{"href":"https:\/\/fuentesfidedignas.com.mx\/index.php\/wp-json\/wp\/v2\/posts"}],"about":[{"href":"https:\/\/fuentesfidedignas.com.mx\/index.php\/wp-json\/wp\/v2\/types\/post"}],"author":[{"embeddable":true,"href":"https:\/\/fuentesfidedignas.com.mx\/index.php\/wp-json\/wp\/v2\/users\/4"}],"replies":[{"embeddable":true,"href":"https:\/\/fuentesfidedignas.com.mx\/index.php\/wp-json\/wp\/v2\/comments?post=59987"}],"version-history":[{"count":1,"href":"https:\/\/fuentesfidedignas.com.mx\/index.php\/wp-json\/wp\/v2\/posts\/59987\/revisions"}],"predecessor-version":[{"id":59989,"href":"https:\/\/fuentesfidedignas.com.mx\/index.php\/wp-json\/wp\/v2\/posts\/59987\/revisions\/59989"}],"wp:featuredmedia":[{"embeddable":true,"href":"https:\/\/fuentesfidedignas.com.mx\/index.php\/wp-json\/wp\/v2\/media\/59871"}],"wp:attachment":[{"href":"https:\/\/fuentesfidedignas.com.mx\/index.php\/wp-json\/wp\/v2\/media?parent=59987"}],"wp:term":[{"taxonomy":"category","embeddable":true,"href":"https:\/\/fuentesfidedignas.com.mx\/index.php\/wp-json\/wp\/v2\/categories?post=59987"},{"taxonomy":"post_tag","embeddable":true,"href":"https:\/\/fuentesfidedignas.com.mx\/index.php\/wp-json\/wp\/v2\/tags?post=59987"}],"curies":[{"name":"wp","href":"https:\/\/api.w.org\/{rel}","templated":true}]}}